{"id":16300,"date":"2019-10-07T00:00:00","date_gmt":"2019-10-06T22:00:00","guid":{"rendered":"https:\/\/www.ecoceutics.com\/la-vitamina-b-la-nostra-gran-aliada\/"},"modified":"2023-04-13T14:09:28","modified_gmt":"2023-04-13T12:09:28","slug":"la-vitamina-b-la-nostra-gran-aliada","status":"publish","type":"post","link":"https:\/\/www.ecoceutics.com\/ca\/respostes-de-salut\/vitamines\/la-vitamina-b-la-nostra-gran-aliada\/","title":{"rendered":"La hist\u00f2ria de la vitamina B"},"content":{"rendered":"<p>En la hist\u00f2ria del descobriment de les vitamines van ser claus alguns experiments realitzats entre els anys 1913 i 1915. En aquest per\u00edode es va produir la identificaci\u00f3 de dos extractes, un capa\u00e7 de dissoldre\u2019s en oli i un altre capa\u00e7 de dissoldre\u2019s en aigua, que contenien subst\u00e0ncies necess\u00e0ries per al creixement de les rates de laboratori. Van ser dites \u201cFactor A\u201d i \u201cFactor B\u201d respectivament, tenint cadascuna, propietats nutricionals diferents.<\/p>\n<div id=\"ez-toc-container\" class=\"ez-toc-v2_0_82_2 counter-hierarchy ez-toc-counter ez-toc-custom ez-toc-container-direction\">\n<div class=\"ez-toc-title-container\">\n<p class=\"ez-toc-title\" style=\"cursor:inherit\">Contenido de la p\u00e1gina<\/p>\n<span class=\"ez-toc-title-toggle\"><a href=\"#\" class=\"ez-toc-pull-right ez-toc-btn ez-toc-btn-xs ez-toc-btn-default ez-toc-toggle\" aria-label=\"Toggle Table of Content\"><span class=\"ez-toc-js-icon-con\"><span class=\"\"><span class=\"eztoc-hide\" style=\"display:none;\">Toggle<\/span><span class=\"ez-toc-icon-toggle-span\"><svg style=\"fill: #333333;color:#333333\" xmlns=\"http:\/\/www.w3.org\/2000\/svg\" class=\"list-377408\" width=\"20px\" height=\"20px\" viewBox=\"0 0 24 24\" fill=\"none\"><path d=\"M6 6H4v2h2V6zm14 0H8v2h12V6zM4 11h2v2H4v-2zm16 0H8v2h12v-2zM4 16h2v2H4v-2zm16 0H8v2h12v-2z\" fill=\"currentColor\"><\/path><\/svg><svg style=\"fill: #333333;color:#333333\" class=\"arrow-unsorted-368013\" xmlns=\"http:\/\/www.w3.org\/2000\/svg\" width=\"10px\" height=\"10px\" viewBox=\"0 0 24 24\" version=\"1.2\" baseProfile=\"tiny\"><path d=\"M18.2 9.3l-6.2-6.3-6.2 6.3c-.2.2-.3.4-.3.7s.1.5.3.7c.2.2.4.3.7.3h11c.3 0 .5-.1.7-.3.2-.2.3-.5.3-.7s-.1-.5-.3-.7zM5.8 14.7l6.2 6.3 6.2-6.3c.2-.2.3-.5.3-.7s-.1-.5-.3-.7c-.2-.2-.4-.3-.7-.3h-11c-.3 0-.5.1-.7.3-.2.2-.3.5-.3.7s.1.5.3.7z\"\/><\/svg><\/span><\/span><\/span><\/a><\/span><\/div>\n<nav><ul class='ez-toc-list ez-toc-list-level-1 ' ><li class='ez-toc-page-1 ez-toc-heading-level-2'><a class=\"ez-toc-link ez-toc-heading-1\" href=\"https:\/\/www.ecoceutics.com\/ca\/respostes-de-salut\/vitamines\/la-vitamina-b-la-nostra-gran-aliada\/#el-que-no-sabies-de-la-vitamina-b\" >El que no sabies de la vitamina B<\/a><\/li><li class='ez-toc-page-1 ez-toc-heading-level-2'><a class=\"ez-toc-link ez-toc-heading-2\" href=\"https:\/\/www.ecoceutics.com\/ca\/respostes-de-salut\/vitamines\/la-vitamina-b-la-nostra-gran-aliada\/#i-la-resta-de-les-vitamines-b-don-van-sortir\" >I la resta de les vitamines B d\u2019on van sortir?<\/a><\/li><\/ul><\/nav><\/div>\n<h2><span class=\"ez-toc-section\" id=\"el-que-no-sabies-de-la-vitamina-b\"><\/span>El que no sabies de la vitamina B<span class=\"ez-toc-section-end\"><\/span><\/h2>\n<p>Es va creure que el \u00abFactor B\u00bb contenia una \u00fanica mol\u00e8cula, que va ser batejada inicialment com a \u00abvitamina B\u00bb. Per\u00f2 al cap de poc la comunitat cient\u00edfica es va adonar que, quan es procedia a extreure la vitamina B, en realitat hi havia m\u00e9s d\u2019una mol\u00e8cula en el producte obtingut. La clau per a demostrar que hi havia m\u00e9s d\u2019una vitamina en el factor B estava en l\u2019escalfament de l\u2019extracte: l\u2019extracte sense escalfar era capa\u00e7 de prevenir i curar dues malalties diferents, beri-beri i pel\u00b7lagra, per\u00f2 despr\u00e9s de l\u2019escalfament l\u2019extracte nom\u00e9s servia per a la pel\u00b7lagra. Aix\u00f2 indicava que hi havia all\u00ed almenys dues mol\u00e8cules, una termol\u00e0bil (es destrueix amb calor) i una altra termoestable. Es va denominar <a href=\"https:\/\/www.ecoceutics.com\/ca\/respostes-de-salut\/vitamines\/vitamina-b1-la-tiamina\/\">Vitamina B1 o Tiamina<\/a> al termol\u00e0bil, i Vitamina B2 al termoestable.<\/p>\n<p>Els experiments amb la dieta dels animals i humans van continuar, i es va demostrar que la vitamina B2 no era una \u00fanica subst\u00e0ncia estable a la calor, sin\u00f3 v\u00e0ries. Amb el temps els cient\u00edfics van descobrir que aquest \u201ccomplex B2\u201d contenia <a href=\"https:\/\/www.ecoceutics.com\/ca\/respostes-de-salut\/vitamines\/vitamina-b2-riboflavina-2\/\">la Riboflavina, que va mantenir el nom de vitamina B2<\/a>, l\u2019\u00c0cid Pantot\u00e8nic (B3), <a href=\"https:\/\/www.ecoceutics.com\/ca\/respostes-de-salut\/vitamines\/vitamina-b3-la-niacina\/\">la Niacina (B3 o B5 segons fonts)<\/a> i <a href=\"https:\/\/www.ecoceutics.com\/ca\/respostes-de-salut\/vitamines\/la-importancia-de-la-vitamina-b6-2\/\">la Piridoxina (B6)<\/a>.<\/p>\n<h2><span class=\"ez-toc-section\" id=\"i-la-resta-de-les-vitamines-b-don-van-sortir\"><\/span>I la resta de les vitamines B d\u2019on van sortir?<span class=\"ez-toc-section-end\"><\/span><\/h2>\n<p>Doncs de fonts diferents de la d\u2019aquest complex vitam\u00ednic B, per\u00f2 com totes s\u00f3n solubles en aigua, quan se sospitava que un extracte aqu\u00f3s contenia una vitamina nova la hi batejava com a \u00abB\u00bb, fins que es van anar coneixent les seves estructures i batejant amb \u00abnom propi\u00bb. Com algunes vegades m\u00e9s d\u2019un grup de recerca estava estudiant una mateixa vitamina sense saber-lo, hi ha hagut subst\u00e0ncies \u00abbatejades\u00bb m\u00e9s d\u2019una vegada. Aix\u00ed, per a quan arribem als anys 50, ja es coneixien les seg\u00fcents vitamines B:<\/p>\n<ul>\n<li><a href=\"https:\/\/www.ecoceutics.com\/ca\/respostes-de-salut\/vitamines\/vitamina-per-al-cabell-la-biotina\/\"><em>Biotina o B7, B8, o vitamina H.<\/em><\/a><\/li>\n<li><a href=\"https:\/\/www.ecoceutics.com\/ca\/respostes-de-salut\/vitamines\/acid-folic-per-que-es-important\/\"><em>\u00c0cid f\u00f2lic o vitamina B9.<\/em><\/a><\/li>\n<li><a href=\"https:\/\/www.ecoceutics.com\/ca\/respostes-de-salut\/vitamines\/vitamina-b12-pel-mal-desquena\/\"><em>Cobalamines o vitamina B12.<\/em><\/a><\/li>\n<\/ul>\n<p>Al llarg d\u2019aquest cam\u00ed de descobriment va haver-hi mol\u00e8cules que van ser batejades com a \u00abvitamines B\u00bb per\u00f2 despr\u00e9s es van descobrir que no eren realment vitamines. Avui ja no se\u2019n diu vitamines, perqu\u00e8 no compleixen les caracter\u00edstiques que ha de complir una mol\u00e8cula per a ser considerada vitamina, per\u00f2 et deixem entre par\u00e8ntesis el seu antic nomeni \u00abB\u00bb perqu\u00e8 el coneguis. Entre elles comptem:<\/p>\n<ul>\n<li>Mio-inositol (B8): els seus metab\u00f2lits actius participen en la senyalitzaci\u00f3 cel\u00b7lular, entre altres funcions.<\/li>\n<li>Carnitina (BT): est\u00e0 involucrada en el metabolisme energ\u00e8tic.<\/li>\n<li>Amigdalina (vitamina B17): \u00e9s una mol\u00e8cula sense valor terap\u00e8utic que en quantitats importants pot portar a enverinament per cianur.<\/li>\n<\/ul>\n","protected":false},"excerpt":{"rendered":"<p>En la hist\u00f2ria del descobriment de les vitamines van ser claus alguns experiments realitzats entre els anys 1913 i 1915. En aquest per\u00edode es va produir la identificaci\u00f3 de dos extractes, un capa\u00e7 de dissoldre\u2019s en oli i un altre capa\u00e7 de dissoldre\u2019s en aigua, que contenien subst\u00e0ncies necess\u00e0ries per al creixement de les rates [&hellip;]<\/p>\n","protected":false},"author":4,"featured_media":17636,"comment_status":"closed","ping_status":"closed","sticky":false,"template":"","format":"standard","meta":{"_acf_changed":false,"inline_featured_image":false,"_mbp_gutenberg_autopost":false,"footnotes":""},"categories":[4,59],"tags":[],"class_list":["post-16300","post","type-post","status-publish","format-standard","has-post-thumbnail","hentry","category-respostes-de-salut","category-vitamines"],"acf":[],"yoast_head":"<!-- This site is optimized with the Yoast SEO plugin v27.4 - https:\/\/yoast.com\/product\/yoast-seo-wordpress\/ -->\n<title>La hist\u00f2ria de la vitamina B - ecoceutics<\/title>\n<meta name=\"description\" content=\"T&#039;interessaria con\u00e8ixer la hist\u00f2ria de la vitamina B? T&#039;expliquem com va ser descoberta la vitamina B i algunes de les seves curiositats.\" \/>\n<meta name=\"robots\" content=\"index, follow, max-snippet:-1, max-image-preview:large, max-video-preview:-1\" \/>\n<link rel=\"canonical\" href=\"https:\/\/www.ecoceutics.com\/ca\/respostes-de-salut\/vitamines\/la-vitamina-b-la-nostra-gran-aliada\/\" \/>\n<meta property=\"og:locale\" content=\"ca_ES\" \/>\n<meta property=\"og:type\" content=\"article\" \/>\n<meta property=\"og:title\" content=\"La hist\u00f2ria de la vitamina B - ecoceutics\" \/>\n<meta property=\"og:description\" content=\"T&#039;interessaria con\u00e8ixer la hist\u00f2ria de la vitamina B? T&#039;expliquem com va ser descoberta la vitamina B i algunes de les seves curiositats.\" \/>\n<meta property=\"og:url\" content=\"https:\/\/www.ecoceutics.com\/ca\/respostes-de-salut\/vitamines\/la-vitamina-b-la-nostra-gran-aliada\/\" \/>\n<meta property=\"og:site_name\" content=\"ecoceutics\" \/>\n<meta property=\"article:published_time\" content=\"2019-10-06T22:00:00+00:00\" \/>\n<meta property=\"article:modified_time\" content=\"2023-04-13T12:09:28+00:00\" \/>\n<meta property=\"og:image\" content=\"https:\/\/www.ecoceutics.com\/wp-content\/uploads\/2021\/09\/VITAMINA_800X800.jpg\" \/>\n\t<meta property=\"og:image:width\" content=\"800\" \/>\n\t<meta property=\"og:image:height\" content=\"800\" \/>\n\t<meta property=\"og:image:type\" content=\"image\/png\" \/>\n<meta name=\"author\" content=\"Lorena Crosa\" \/>\n<meta name=\"twitter:card\" content=\"summary_large_image\" \/>\n<meta name=\"twitter:label1\" content=\"Escrit per\" \/>\n\t<meta name=\"twitter:data1\" content=\"Lorena Crosa\" \/>\n\t<meta name=\"twitter:label2\" content=\"Temps estimat de lectura\" \/>\n\t<meta name=\"twitter:data2\" content=\"3 minuts\" \/>\n<script type=\"application\/ld+json\" class=\"yoast-schema-graph\">{\"@context\":\"https:\\\/\\\/schema.org\",\"@graph\":[{\"@type\":\"Article\",\"@id\":\"https:\\\/\\\/www.ecoceutics.com\\\/ca\\\/respostes-de-salut\\\/vitamines\\\/la-vitamina-b-la-nostra-gran-aliada\\\/#article\",\"isPartOf\":{\"@id\":\"https:\\\/\\\/www.ecoceutics.com\\\/ca\\\/respostes-de-salut\\\/vitamines\\\/la-vitamina-b-la-nostra-gran-aliada\\\/\"},\"author\":{\"name\":\"Lorena Crosa\",\"@id\":\"https:\\\/\\\/www.ecoceutics.com\\\/ca\\\/#\\\/schema\\\/person\\\/1ea99343a86784e00a52c8744dfc7d83\"},\"headline\":\"La hist\u00f2ria de la vitamina B\",\"datePublished\":\"2019-10-06T22:00:00+00:00\",\"dateModified\":\"2023-04-13T12:09:28+00:00\",\"mainEntityOfPage\":{\"@id\":\"https:\\\/\\\/www.ecoceutics.com\\\/ca\\\/respostes-de-salut\\\/vitamines\\\/la-vitamina-b-la-nostra-gran-aliada\\\/\"},\"wordCount\":551,\"publisher\":{\"@id\":\"https:\\\/\\\/www.ecoceutics.com\\\/ca\\\/#organization\"},\"image\":{\"@id\":\"https:\\\/\\\/www.ecoceutics.com\\\/ca\\\/respostes-de-salut\\\/vitamines\\\/la-vitamina-b-la-nostra-gran-aliada\\\/#primaryimage\"},\"thumbnailUrl\":\"https:\\\/\\\/www.ecoceutics.com\\\/wp-content\\\/uploads\\\/2021\\\/09\\\/VITAMINA_800X800.jpg\",\"articleSection\":[\"Respostes de salut\",\"Vitamines\"],\"inLanguage\":\"ca\"},{\"@type\":\"WebPage\",\"@id\":\"https:\\\/\\\/www.ecoceutics.com\\\/ca\\\/respostes-de-salut\\\/vitamines\\\/la-vitamina-b-la-nostra-gran-aliada\\\/\",\"url\":\"https:\\\/\\\/www.ecoceutics.com\\\/ca\\\/respostes-de-salut\\\/vitamines\\\/la-vitamina-b-la-nostra-gran-aliada\\\/\",\"name\":\"La hist\u00f2ria de la vitamina B - ecoceutics\",\"isPartOf\":{\"@id\":\"https:\\\/\\\/www.ecoceutics.com\\\/ca\\\/#website\"},\"primaryImageOfPage\":{\"@id\":\"https:\\\/\\\/www.ecoceutics.com\\\/ca\\\/respostes-de-salut\\\/vitamines\\\/la-vitamina-b-la-nostra-gran-aliada\\\/#primaryimage\"},\"image\":{\"@id\":\"https:\\\/\\\/www.ecoceutics.com\\\/ca\\\/respostes-de-salut\\\/vitamines\\\/la-vitamina-b-la-nostra-gran-aliada\\\/#primaryimage\"},\"thumbnailUrl\":\"https:\\\/\\\/www.ecoceutics.com\\\/wp-content\\\/uploads\\\/2021\\\/09\\\/VITAMINA_800X800.jpg\",\"datePublished\":\"2019-10-06T22:00:00+00:00\",\"dateModified\":\"2023-04-13T12:09:28+00:00\",\"description\":\"T'interessaria con\u00e8ixer la hist\u00f2ria de la vitamina B? T'expliquem com va ser descoberta la vitamina B i algunes de les seves curiositats.\",\"breadcrumb\":{\"@id\":\"https:\\\/\\\/www.ecoceutics.com\\\/ca\\\/respostes-de-salut\\\/vitamines\\\/la-vitamina-b-la-nostra-gran-aliada\\\/#breadcrumb\"},\"inLanguage\":\"ca\",\"potentialAction\":[{\"@type\":\"ReadAction\",\"target\":[\"https:\\\/\\\/www.ecoceutics.com\\\/ca\\\/respostes-de-salut\\\/vitamines\\\/la-vitamina-b-la-nostra-gran-aliada\\\/\"]}]},{\"@type\":\"ImageObject\",\"inLanguage\":\"ca\",\"@id\":\"https:\\\/\\\/www.ecoceutics.com\\\/ca\\\/respostes-de-salut\\\/vitamines\\\/la-vitamina-b-la-nostra-gran-aliada\\\/#primaryimage\",\"url\":\"https:\\\/\\\/www.ecoceutics.com\\\/wp-content\\\/uploads\\\/2021\\\/09\\\/VITAMINA_800X800.jpg\",\"contentUrl\":\"https:\\\/\\\/www.ecoceutics.com\\\/wp-content\\\/uploads\\\/2021\\\/09\\\/VITAMINA_800X800.jpg\",\"width\":800,\"height\":800},{\"@type\":\"BreadcrumbList\",\"@id\":\"https:\\\/\\\/www.ecoceutics.com\\\/ca\\\/respostes-de-salut\\\/vitamines\\\/la-vitamina-b-la-nostra-gran-aliada\\\/#breadcrumb\",\"itemListElement\":[{\"@type\":\"ListItem\",\"position\":1,\"name\":\"Portada\",\"item\":\"https:\\\/\\\/www.ecoceutics.com\\\/ca\\\/\"},{\"@type\":\"ListItem\",\"position\":2,\"name\":\"La hist\u00f2ria de la vitamina B\"}]},{\"@type\":\"WebSite\",\"@id\":\"https:\\\/\\\/www.ecoceutics.com\\\/ca\\\/#website\",\"url\":\"https:\\\/\\\/www.ecoceutics.com\\\/ca\\\/\",\"name\":\"ecoceutics\",\"description\":\"Primera red de farmacias independientes bajo una marca\",\"publisher\":{\"@id\":\"https:\\\/\\\/www.ecoceutics.com\\\/ca\\\/#organization\"},\"potentialAction\":[{\"@type\":\"SearchAction\",\"target\":{\"@type\":\"EntryPoint\",\"urlTemplate\":\"https:\\\/\\\/www.ecoceutics.com\\\/ca\\\/?s={search_term_string}\"},\"query-input\":{\"@type\":\"PropertyValueSpecification\",\"valueRequired\":true,\"valueName\":\"search_term_string\"}}],\"inLanguage\":\"ca\"},{\"@type\":\"Organization\",\"@id\":\"https:\\\/\\\/www.ecoceutics.com\\\/ca\\\/#organization\",\"name\":\"Ecoceutics\",\"url\":\"https:\\\/\\\/www.ecoceutics.com\\\/ca\\\/\",\"logo\":{\"@type\":\"ImageObject\",\"inLanguage\":\"ca\",\"@id\":\"https:\\\/\\\/www.ecoceutics.com\\\/ca\\\/#\\\/schema\\\/logo\\\/image\\\/\",\"url\":\"https:\\\/\\\/www.ecoceutics.com\\\/wp-content\\\/uploads\\\/2022\\\/02\\\/Logo-Ecoceutics-SVG-01-1.svg\",\"contentUrl\":\"https:\\\/\\\/www.ecoceutics.com\\\/wp-content\\\/uploads\\\/2022\\\/02\\\/Logo-Ecoceutics-SVG-01-1.svg\",\"width\":232,\"height\":68,\"caption\":\"Ecoceutics\"},\"image\":{\"@id\":\"https:\\\/\\\/www.ecoceutics.com\\\/ca\\\/#\\\/schema\\\/logo\\\/image\\\/\"}},{\"@type\":\"Person\",\"@id\":\"https:\\\/\\\/www.ecoceutics.com\\\/ca\\\/#\\\/schema\\\/person\\\/1ea99343a86784e00a52c8744dfc7d83\",\"name\":\"Lorena Crosa\",\"image\":{\"@type\":\"ImageObject\",\"inLanguage\":\"ca\",\"@id\":\"https:\\\/\\\/www.ecoceutics.com\\\/wp-content\\\/uploads\\\/2024\\\/03\\\/Lorena-Crosa-100x100.jpg\",\"url\":\"https:\\\/\\\/www.ecoceutics.com\\\/wp-content\\\/uploads\\\/2024\\\/03\\\/Lorena-Crosa-100x100.jpg\",\"contentUrl\":\"https:\\\/\\\/www.ecoceutics.com\\\/wp-content\\\/uploads\\\/2024\\\/03\\\/Lorena-Crosa-100x100.jpg\",\"caption\":\"Lorena Crosa\"}}]}<\/script>\n<!-- \/ Yoast SEO plugin. -->","yoast_head_json":{"title":"La hist\u00f2ria de la vitamina B - ecoceutics","description":"T'interessaria con\u00e8ixer la hist\u00f2ria de la vitamina B? T'expliquem com va ser descoberta la vitamina B i algunes de les seves curiositats.","robots":{"index":"index","follow":"follow","max-snippet":"max-snippet:-1","max-image-preview":"max-image-preview:large","max-video-preview":"max-video-preview:-1"},"canonical":"https:\/\/www.ecoceutics.com\/ca\/respostes-de-salut\/vitamines\/la-vitamina-b-la-nostra-gran-aliada\/","og_locale":"ca_ES","og_type":"article","og_title":"La hist\u00f2ria de la vitamina B - ecoceutics","og_description":"T'interessaria con\u00e8ixer la hist\u00f2ria de la vitamina B? T'expliquem com va ser descoberta la vitamina B i algunes de les seves curiositats.","og_url":"https:\/\/www.ecoceutics.com\/ca\/respostes-de-salut\/vitamines\/la-vitamina-b-la-nostra-gran-aliada\/","og_site_name":"ecoceutics","article_published_time":"2019-10-06T22:00:00+00:00","article_modified_time":"2023-04-13T12:09:28+00:00","og_image":[{"width":800,"height":800,"url":"https:\/\/www.ecoceutics.com\/wp-content\/uploads\/2021\/09\/VITAMINA_800X800.jpg","type":"image\/png"}],"author":"Lorena Crosa","twitter_card":"summary_large_image","twitter_misc":{"Escrit per":"Lorena Crosa","Temps estimat de lectura":"3 minuts"},"schema":{"@context":"https:\/\/schema.org","@graph":[{"@type":"Article","@id":"https:\/\/www.ecoceutics.com\/ca\/respostes-de-salut\/vitamines\/la-vitamina-b-la-nostra-gran-aliada\/#article","isPartOf":{"@id":"https:\/\/www.ecoceutics.com\/ca\/respostes-de-salut\/vitamines\/la-vitamina-b-la-nostra-gran-aliada\/"},"author":{"name":"Lorena Crosa","@id":"https:\/\/www.ecoceutics.com\/ca\/#\/schema\/person\/1ea99343a86784e00a52c8744dfc7d83"},"headline":"La hist\u00f2ria de la vitamina B","datePublished":"2019-10-06T22:00:00+00:00","dateModified":"2023-04-13T12:09:28+00:00","mainEntityOfPage":{"@id":"https:\/\/www.ecoceutics.com\/ca\/respostes-de-salut\/vitamines\/la-vitamina-b-la-nostra-gran-aliada\/"},"wordCount":551,"publisher":{"@id":"https:\/\/www.ecoceutics.com\/ca\/#organization"},"image":{"@id":"https:\/\/www.ecoceutics.com\/ca\/respostes-de-salut\/vitamines\/la-vitamina-b-la-nostra-gran-aliada\/#primaryimage"},"thumbnailUrl":"https:\/\/www.ecoceutics.com\/wp-content\/uploads\/2021\/09\/VITAMINA_800X800.jpg","articleSection":["Respostes de salut","Vitamines"],"inLanguage":"ca"},{"@type":"WebPage","@id":"https:\/\/www.ecoceutics.com\/ca\/respostes-de-salut\/vitamines\/la-vitamina-b-la-nostra-gran-aliada\/","url":"https:\/\/www.ecoceutics.com\/ca\/respostes-de-salut\/vitamines\/la-vitamina-b-la-nostra-gran-aliada\/","name":"La hist\u00f2ria de la vitamina B - ecoceutics","isPartOf":{"@id":"https:\/\/www.ecoceutics.com\/ca\/#website"},"primaryImageOfPage":{"@id":"https:\/\/www.ecoceutics.com\/ca\/respostes-de-salut\/vitamines\/la-vitamina-b-la-nostra-gran-aliada\/#primaryimage"},"image":{"@id":"https:\/\/www.ecoceutics.com\/ca\/respostes-de-salut\/vitamines\/la-vitamina-b-la-nostra-gran-aliada\/#primaryimage"},"thumbnailUrl":"https:\/\/www.ecoceutics.com\/wp-content\/uploads\/2021\/09\/VITAMINA_800X800.jpg","datePublished":"2019-10-06T22:00:00+00:00","dateModified":"2023-04-13T12:09:28+00:00","description":"T'interessaria con\u00e8ixer la hist\u00f2ria de la vitamina B? T'expliquem com va ser descoberta la vitamina B i algunes de les seves curiositats.","breadcrumb":{"@id":"https:\/\/www.ecoceutics.com\/ca\/respostes-de-salut\/vitamines\/la-vitamina-b-la-nostra-gran-aliada\/#breadcrumb"},"inLanguage":"ca","potentialAction":[{"@type":"ReadAction","target":["https:\/\/www.ecoceutics.com\/ca\/respostes-de-salut\/vitamines\/la-vitamina-b-la-nostra-gran-aliada\/"]}]},{"@type":"ImageObject","inLanguage":"ca","@id":"https:\/\/www.ecoceutics.com\/ca\/respostes-de-salut\/vitamines\/la-vitamina-b-la-nostra-gran-aliada\/#primaryimage","url":"https:\/\/www.ecoceutics.com\/wp-content\/uploads\/2021\/09\/VITAMINA_800X800.jpg","contentUrl":"https:\/\/www.ecoceutics.com\/wp-content\/uploads\/2021\/09\/VITAMINA_800X800.jpg","width":800,"height":800},{"@type":"BreadcrumbList","@id":"https:\/\/www.ecoceutics.com\/ca\/respostes-de-salut\/vitamines\/la-vitamina-b-la-nostra-gran-aliada\/#breadcrumb","itemListElement":[{"@type":"ListItem","position":1,"name":"Portada","item":"https:\/\/www.ecoceutics.com\/ca\/"},{"@type":"ListItem","position":2,"name":"La hist\u00f2ria de la vitamina B"}]},{"@type":"WebSite","@id":"https:\/\/www.ecoceutics.com\/ca\/#website","url":"https:\/\/www.ecoceutics.com\/ca\/","name":"ecoceutics","description":"Primera red de farmacias independientes bajo una marca","publisher":{"@id":"https:\/\/www.ecoceutics.com\/ca\/#organization"},"potentialAction":[{"@type":"SearchAction","target":{"@type":"EntryPoint","urlTemplate":"https:\/\/www.ecoceutics.com\/ca\/?s={search_term_string}"},"query-input":{"@type":"PropertyValueSpecification","valueRequired":true,"valueName":"search_term_string"}}],"inLanguage":"ca"},{"@type":"Organization","@id":"https:\/\/www.ecoceutics.com\/ca\/#organization","name":"Ecoceutics","url":"https:\/\/www.ecoceutics.com\/ca\/","logo":{"@type":"ImageObject","inLanguage":"ca","@id":"https:\/\/www.ecoceutics.com\/ca\/#\/schema\/logo\/image\/","url":"https:\/\/www.ecoceutics.com\/wp-content\/uploads\/2022\/02\/Logo-Ecoceutics-SVG-01-1.svg","contentUrl":"https:\/\/www.ecoceutics.com\/wp-content\/uploads\/2022\/02\/Logo-Ecoceutics-SVG-01-1.svg","width":232,"height":68,"caption":"Ecoceutics"},"image":{"@id":"https:\/\/www.ecoceutics.com\/ca\/#\/schema\/logo\/image\/"}},{"@type":"Person","@id":"https:\/\/www.ecoceutics.com\/ca\/#\/schema\/person\/1ea99343a86784e00a52c8744dfc7d83","name":"Lorena Crosa","image":{"@type":"ImageObject","inLanguage":"ca","@id":"https:\/\/www.ecoceutics.com\/wp-content\/uploads\/2024\/03\/Lorena-Crosa-100x100.jpg","url":"https:\/\/www.ecoceutics.com\/wp-content\/uploads\/2024\/03\/Lorena-Crosa-100x100.jpg","contentUrl":"https:\/\/www.ecoceutics.com\/wp-content\/uploads\/2024\/03\/Lorena-Crosa-100x100.jpg","caption":"Lorena Crosa"}}]}},"_links":{"self":[{"href":"https:\/\/www.ecoceutics.com\/ca\/wp-json\/wp\/v2\/posts\/16300","targetHints":{"allow":["GET"]}}],"collection":[{"href":"https:\/\/www.ecoceutics.com\/ca\/wp-json\/wp\/v2\/posts"}],"about":[{"href":"https:\/\/www.ecoceutics.com\/ca\/wp-json\/wp\/v2\/types\/post"}],"author":[{"embeddable":true,"href":"https:\/\/www.ecoceutics.com\/ca\/wp-json\/wp\/v2\/users\/4"}],"replies":[{"embeddable":true,"href":"https:\/\/www.ecoceutics.com\/ca\/wp-json\/wp\/v2\/comments?post=16300"}],"version-history":[{"count":0,"href":"https:\/\/www.ecoceutics.com\/ca\/wp-json\/wp\/v2\/posts\/16300\/revisions"}],"wp:featuredmedia":[{"embeddable":true,"href":"https:\/\/www.ecoceutics.com\/ca\/wp-json\/wp\/v2\/media\/17636"}],"wp:attachment":[{"href":"https:\/\/www.ecoceutics.com\/ca\/wp-json\/wp\/v2\/media?parent=16300"}],"wp:term":[{"taxonomy":"category","embeddable":true,"href":"https:\/\/www.ecoceutics.com\/ca\/wp-json\/wp\/v2\/categories?post=16300"},{"taxonomy":"post_tag","embeddable":true,"href":"https:\/\/www.ecoceutics.com\/ca\/wp-json\/wp\/v2\/tags?post=16300"}],"curies":[{"name":"wp","href":"https:\/\/api.w.org\/{rel}","templated":true}]}}