{"id":16301,"date":"2019-10-08T00:00:00","date_gmt":"2019-10-07T22:00:00","guid":{"rendered":"https:\/\/www.ecoceutics.com\/aromaterapia-que-es-i-com-sutilitza\/"},"modified":"2023-05-29T11:47:28","modified_gmt":"2023-05-29T09:47:28","slug":"aromaterapia-que-es-i-com-sutilitza","status":"publish","type":"post","link":"https:\/\/www.ecoceutics.com\/ca\/respostes-de-salut\/remeis-naturals\/aromaterapia-que-es-i-com-sutilitza\/","title":{"rendered":"Aromater\u00e0pia: Qu\u00e8 \u00e9s i com s&#8217;utilitza?"},"content":{"rendered":"<div id=\"ez-toc-container\" class=\"ez-toc-v2_0_82_2 counter-hierarchy ez-toc-counter ez-toc-custom ez-toc-container-direction\">\n<div class=\"ez-toc-title-container\">\n<p class=\"ez-toc-title\" style=\"cursor:inherit\">Contenido de la p\u00e1gina<\/p>\n<span class=\"ez-toc-title-toggle\"><a href=\"#\" class=\"ez-toc-pull-right ez-toc-btn ez-toc-btn-xs ez-toc-btn-default ez-toc-toggle\" aria-label=\"Toggle Table of Content\"><span class=\"ez-toc-js-icon-con\"><span class=\"\"><span class=\"eztoc-hide\" style=\"display:none;\">Toggle<\/span><span class=\"ez-toc-icon-toggle-span\"><svg style=\"fill: #333333;color:#333333\" xmlns=\"http:\/\/www.w3.org\/2000\/svg\" class=\"list-377408\" width=\"20px\" height=\"20px\" viewBox=\"0 0 24 24\" fill=\"none\"><path d=\"M6 6H4v2h2V6zm14 0H8v2h12V6zM4 11h2v2H4v-2zm16 0H8v2h12v-2zM4 16h2v2H4v-2zm16 0H8v2h12v-2z\" fill=\"currentColor\"><\/path><\/svg><svg style=\"fill: #333333;color:#333333\" class=\"arrow-unsorted-368013\" xmlns=\"http:\/\/www.w3.org\/2000\/svg\" width=\"10px\" height=\"10px\" viewBox=\"0 0 24 24\" version=\"1.2\" baseProfile=\"tiny\"><path d=\"M18.2 9.3l-6.2-6.3-6.2 6.3c-.2.2-.3.4-.3.7s.1.5.3.7c.2.2.4.3.7.3h11c.3 0 .5-.1.7-.3.2-.2.3-.5.3-.7s-.1-.5-.3-.7zM5.8 14.7l6.2 6.3 6.2-6.3c.2-.2.3-.5.3-.7s-.1-.5-.3-.7c-.2-.2-.4-.3-.7-.3h-11c-.3 0-.5.1-.7.3-.2.2-.3.5-.3.7s.1.5.3.7z\"\/><\/svg><\/span><\/span><\/span><\/a><\/span><\/div>\n<nav><ul class='ez-toc-list ez-toc-list-level-1 ' ><li class='ez-toc-page-1 ez-toc-heading-level-2'><a class=\"ez-toc-link ez-toc-heading-1\" href=\"https:\/\/www.ecoceutics.com\/ca\/respostes-de-salut\/remeis-naturals\/aromaterapia-que-es-i-com-sutilitza\/#que-es-laromaterapia\" >Qu\u00e8 \u00e9s l\u2019aromater\u00e0pia?<\/a><\/li><li class='ez-toc-page-1 ez-toc-heading-level-2'><a class=\"ez-toc-link ez-toc-heading-2\" href=\"https:\/\/www.ecoceutics.com\/ca\/respostes-de-salut\/remeis-naturals\/aromaterapia-que-es-i-com-sutilitza\/#historia-i-ciencia\" >Hist\u00f2ria i ci\u00e8ncia<\/a><\/li><li class='ez-toc-page-1 ez-toc-heading-level-2'><a class=\"ez-toc-link ez-toc-heading-3\" href=\"https:\/\/www.ecoceutics.com\/ca\/respostes-de-salut\/remeis-naturals\/aromaterapia-que-es-i-com-sutilitza\/#com-puc-utilitzar-laromaterapia\" >Com puc utilitzar l\u2019aromater\u00e0pia?<\/a><\/li><\/ul><\/nav><\/div>\n<h2><span class=\"ez-toc-section\" id=\"que-es-laromaterapia\"><\/span>Qu\u00e8 \u00e9s l\u2019aromater\u00e0pia?<span class=\"ez-toc-section-end\"><\/span><\/h2>\n<p>Els olis essencials s\u00f3n extractes molt espec\u00edfics de plantes, molt arom\u00e0tiques, obtingudes a trav\u00e9s de la destil\u00b7laci\u00f3 per arrossegament de vapor o el premsatge de la part de la planta que el cont\u00e9. Alguns olis arom\u00e0tics tamb\u00e9 es poden extreure amb dissolvents org\u00e0nics, com ara alcohol, o a trav\u00e9s de gasos com el di\u00f2xid de carboni. Es poden obtenir a partir de fulles, fruits, o flors, i en la seva composici\u00f3 pot haver-hi des d\u2019una mol\u00e8cula fins a centenars. Els olis essencials s\u00f3n molt vol\u00e0tils, i per aix\u00f2 es poden utilitzar en perfumeria, cosm\u00e8tica i aromater\u00e0pia.<\/p>\n<p>L\u2019aromater\u00e0pia \u00e9s una forma de cura de la salut que es basa en l\u2019\u00fas d\u2019olis essencials. Hi ha dues maneres possibles de definir l\u2019aromater\u00e0pia:<\/p>\n<ul>\n<li>Algunes persones parlen d\u2019 \u00abaromater\u00e0pia\u00bb quan s\u2019utilitza un oli essencial en forma terap\u00e8utica, sigui per via oral, t\u00f2pica o aliat.<\/li>\n<li>Algunes persones parlen d\u2019\u00a0 \u00abaromater\u00e0pia\u00bb nom\u00e9s quan l\u2019oli essencial s\u2019utilitza inhalat, preferint el terme \u00abfitoter\u00e0pia\u00bb en utilitzar massatges o c\u00e0psules.<\/li>\n<\/ul>\n<h2><span class=\"ez-toc-section\" id=\"historia-i-ciencia\"><\/span>Hist\u00f2ria i ci\u00e8ncia<span class=\"ez-toc-section-end\"><\/span><\/h2>\n<p>L\u2019\u00fas de la part olorosa de les plantes no \u00e9s nou: hi ha papirs medicinals de l\u2019antic Egipte que descriuen com preparar productes medicinals amb olis essencials. Amulets olorosos, infusions de plantes riques en olis essencials, i encens, entre d\u2019altres, han gravat usos medicinals a l\u2019edat mitjana. Per\u00f2 no va ser fins a finals del segle XX que s\u2019ha repr\u00e8s vigorosament l\u2019\u00fas d\u2019olis essencials amb fins medicinals, degut en part a la recerca de productes d\u2019autocura que tenen menys efectes adversos que els que acompanyen els medicaments d\u2019origen Sint\u00e8tic.<\/p>\n<p>Molts olis essencials tenen un \u00fas ben conegut, i les propietats ben definides, mentre que altres tenen una evid\u00e8ncia feble a favor del seu \u00fas. Una dificultat important per demostrar les virtuts dels olis essencials \u00e9s la impossibilitat de fer un estudi cl\u00ednic ben estructurat: com amagar d\u2019un pacient l\u2019olor o el gust d\u2019un fort oli essencial? Com assegurar-se que un pacient no s\u2019adona que est\u00e0 rebent un placebo, si la manca d\u2019olor \u00e9s evident? \u00c9s per aix\u00f2 que hi ha una \u00e0mplia gamma de missatges en el mercat de la salut: hi ha els que utilitzen olis essencials per a usos espec\u00edfics ben definits i m\u00e9s conegut pel seu \u00fas tradicional, com calmar un mal de cap, i els que els utilitzen d\u2019una manera m\u00e9s \u00abhol\u00edstica\u201d per\u00f2 sense evid\u00e8ncia cient\u00edfica s\u00f2lida darrere d\u2019aix\u00f2 per donar suport a aquests tractaments.<\/p>\n<h2><span class=\"ez-toc-section\" id=\"com-puc-utilitzar-laromaterapia\"><\/span>Com puc utilitzar l\u2019aromater\u00e0pia?<span class=\"ez-toc-section-end\"><\/span><\/h2>\n<p>Com sigui que decideixis utilitzar els olis essencials recorda que l\u2019aromater\u00e0pia mal utilitzada pot causar efectes nocius en la salut. Per exemple:<\/p>\n<ul>\n<li>L\u2019oli de bergamota sense desterpenar pot causar taques a la pell.<\/li>\n<li>La c\u00e0mfora utilitzada repetidament en la pell dels nens pot absorbir-se en quantitats suficients per a causar irritabilitat, n\u00e0usees, o v\u00f2mits.<\/li>\n<li>L\u2019oli de s\u00e0lvia pot causar convulsions si s\u2019utilitza durant temps prolongat per via oral.<\/li>\n<\/ul>\n<p>Per utilitzar els olis essencials en aromater\u00e0pia de forma segura et recomanem:<\/p>\n<ul>\n<li>Abans d\u2019utilitzar un oli essencial per primera vegada fes una prova d\u2019al\u00b7l\u00e8rgia, barrejant l\u2019oli essencial amb un oli vegetal i aplicant la barreja al canell. Si no hi ha reacci\u00f3 en 48 hores, pots utilitzar-lo.<\/li>\n<li>Aplica\u2019ls a la pell dilu\u00efts en un oli vegetal. Ametlles, albercoc, borratja, coco o oliva s\u00f3n bones opcions, depenent l\u2019\u00fas que li vulguis donar a l\u2019oli essencial podr\u00e0s triar un o altre.<\/li>\n<li>Per inhalar fes-los servir en aigua calenta (no bullint) o en un difusor.<\/li>\n<li>Si els utilitzes en compreses, assegura\u2019t dispersar-los b\u00e9 abans d\u2019humitejar la tela o gasa.<\/li>\n<li>Si durant el seu \u00fas notes qualsevol reacci\u00f3 que abans no t\u2019havia passat, susp\u00e8n l\u2019\u00fas de l\u2019oli essencial en q\u00fcesti\u00f3.<\/li>\n<li>No els utilitzis per via oral a menys que t\u2019ho indiqui un professional qualificat.<\/li>\n<\/ul>\n<p>I sobretot recorda que en la majoria dels casos s\u2019utilitzen com a tractament complementari i no substitutiu de ter\u00e0pies convencionals. Parla amb el teu metge abans d\u2019abandonar qualsevol tractament prescrit.<\/p>\n","protected":false},"excerpt":{"rendered":"<p>Qu\u00e8 \u00e9s l\u2019aromater\u00e0pia? Els olis essencials s\u00f3n extractes molt espec\u00edfics de plantes, molt arom\u00e0tiques, obtingudes a trav\u00e9s de la destil\u00b7laci\u00f3 per arrossegament de vapor o el premsatge de la part de la planta que el cont\u00e9. Alguns olis arom\u00e0tics tamb\u00e9 es poden extreure amb dissolvents org\u00e0nics, com ara alcohol, o a trav\u00e9s de gasos com [&hellip;]<\/p>\n","protected":false},"author":4,"featured_media":19443,"comment_status":"closed","ping_status":"closed","sticky":false,"template":"","format":"standard","meta":{"_acf_changed":false,"inline_featured_image":false,"_mbp_gutenberg_autopost":false,"footnotes":""},"categories":[4,56],"tags":[],"class_list":["post-16301","post","type-post","status-publish","format-standard","has-post-thumbnail","hentry","category-respostes-de-salut","category-remeis-naturals"],"acf":[],"yoast_head":"<!-- This site is optimized with the Yoast SEO plugin v27.5 - https:\/\/yoast.com\/product\/yoast-seo-wordpress\/ -->\n<title>Aromater\u00e0pia: Qu\u00e8 \u00e9s i com s&#039;utilitza? - ecoceutics<\/title>\n<meta name=\"description\" content=\"Entra a Ecoceutics per aconseguir tota la informaci\u00f3 sobre l&#039;aromater\u00e0pia: que \u00e9s i com pots utilitzar-la com a remei medicinal.\" \/>\n<meta name=\"robots\" content=\"index, follow, max-snippet:-1, max-image-preview:large, max-video-preview:-1\" \/>\n<link rel=\"canonical\" href=\"https:\/\/www.ecoceutics.com\/ca\/respostes-de-salut\/remeis-naturals\/aromaterapia-que-es-i-com-sutilitza\/\" \/>\n<meta property=\"og:locale\" content=\"ca_ES\" \/>\n<meta property=\"og:type\" content=\"article\" \/>\n<meta property=\"og:title\" content=\"Aromater\u00e0pia: Qu\u00e8 \u00e9s i com s&#039;utilitza? - ecoceutics\" \/>\n<meta property=\"og:description\" content=\"Entra a Ecoceutics per aconseguir tota la informaci\u00f3 sobre l&#039;aromater\u00e0pia: que \u00e9s i com pots utilitzar-la com a remei medicinal.\" \/>\n<meta property=\"og:url\" content=\"https:\/\/www.ecoceutics.com\/ca\/respostes-de-salut\/remeis-naturals\/aromaterapia-que-es-i-com-sutilitza\/\" \/>\n<meta property=\"og:site_name\" content=\"ecoceutics\" \/>\n<meta property=\"article:published_time\" content=\"2019-10-07T22:00:00+00:00\" \/>\n<meta property=\"article:modified_time\" content=\"2023-05-29T09:47:28+00:00\" \/>\n<meta property=\"og:image\" content=\"https:\/\/www.ecoceutics.com\/wp-content\/uploads\/2019\/10\/Foto_remedios_aromaterapia.jpg\" \/>\n\t<meta property=\"og:image:width\" content=\"720\" \/>\n\t<meta property=\"og:image:height\" content=\"400\" \/>\n\t<meta property=\"og:image:type\" content=\"image\/jpeg\" \/>\n<meta name=\"author\" content=\"Lorena Crosa\" \/>\n<meta name=\"twitter:card\" content=\"summary_large_image\" \/>\n<meta name=\"twitter:label1\" content=\"Escrit per\" \/>\n\t<meta name=\"twitter:data1\" content=\"Lorena Crosa\" \/>\n\t<meta name=\"twitter:label2\" content=\"Temps estimat de lectura\" \/>\n\t<meta name=\"twitter:data2\" content=\"3 minuts\" \/>\n<script type=\"application\/ld+json\" class=\"yoast-schema-graph\">{\"@context\":\"https:\\\/\\\/schema.org\",\"@graph\":[{\"@type\":\"Article\",\"@id\":\"https:\\\/\\\/www.ecoceutics.com\\\/ca\\\/respostes-de-salut\\\/remeis-naturals\\\/aromaterapia-que-es-i-com-sutilitza\\\/#article\",\"isPartOf\":{\"@id\":\"https:\\\/\\\/www.ecoceutics.com\\\/ca\\\/respostes-de-salut\\\/remeis-naturals\\\/aromaterapia-que-es-i-com-sutilitza\\\/\"},\"author\":{\"name\":\"Lorena Crosa\",\"@id\":\"https:\\\/\\\/www.ecoceutics.com\\\/ca\\\/#\\\/schema\\\/person\\\/1ea99343a86784e00a52c8744dfc7d83\"},\"headline\":\"Aromater\u00e0pia: Qu\u00e8 \u00e9s i com s&#8217;utilitza?\",\"datePublished\":\"2019-10-07T22:00:00+00:00\",\"dateModified\":\"2023-05-29T09:47:28+00:00\",\"mainEntityOfPage\":{\"@id\":\"https:\\\/\\\/www.ecoceutics.com\\\/ca\\\/respostes-de-salut\\\/remeis-naturals\\\/aromaterapia-que-es-i-com-sutilitza\\\/\"},\"wordCount\":740,\"publisher\":{\"@id\":\"https:\\\/\\\/www.ecoceutics.com\\\/ca\\\/#organization\"},\"image\":{\"@id\":\"https:\\\/\\\/www.ecoceutics.com\\\/ca\\\/respostes-de-salut\\\/remeis-naturals\\\/aromaterapia-que-es-i-com-sutilitza\\\/#primaryimage\"},\"thumbnailUrl\":\"https:\\\/\\\/www.ecoceutics.com\\\/wp-content\\\/uploads\\\/2019\\\/10\\\/Foto_remedios_aromaterapia.jpg\",\"articleSection\":[\"Respostes de salut\",\"Remeis naturals\"],\"inLanguage\":\"ca\"},{\"@type\":\"WebPage\",\"@id\":\"https:\\\/\\\/www.ecoceutics.com\\\/ca\\\/respostes-de-salut\\\/remeis-naturals\\\/aromaterapia-que-es-i-com-sutilitza\\\/\",\"url\":\"https:\\\/\\\/www.ecoceutics.com\\\/ca\\\/respostes-de-salut\\\/remeis-naturals\\\/aromaterapia-que-es-i-com-sutilitza\\\/\",\"name\":\"Aromater\u00e0pia: Qu\u00e8 \u00e9s i com s'utilitza? - ecoceutics\",\"isPartOf\":{\"@id\":\"https:\\\/\\\/www.ecoceutics.com\\\/ca\\\/#website\"},\"primaryImageOfPage\":{\"@id\":\"https:\\\/\\\/www.ecoceutics.com\\\/ca\\\/respostes-de-salut\\\/remeis-naturals\\\/aromaterapia-que-es-i-com-sutilitza\\\/#primaryimage\"},\"image\":{\"@id\":\"https:\\\/\\\/www.ecoceutics.com\\\/ca\\\/respostes-de-salut\\\/remeis-naturals\\\/aromaterapia-que-es-i-com-sutilitza\\\/#primaryimage\"},\"thumbnailUrl\":\"https:\\\/\\\/www.ecoceutics.com\\\/wp-content\\\/uploads\\\/2019\\\/10\\\/Foto_remedios_aromaterapia.jpg\",\"datePublished\":\"2019-10-07T22:00:00+00:00\",\"dateModified\":\"2023-05-29T09:47:28+00:00\",\"description\":\"Entra a Ecoceutics per aconseguir tota la informaci\u00f3 sobre l'aromater\u00e0pia: que \u00e9s i com pots utilitzar-la com a remei medicinal.\",\"breadcrumb\":{\"@id\":\"https:\\\/\\\/www.ecoceutics.com\\\/ca\\\/respostes-de-salut\\\/remeis-naturals\\\/aromaterapia-que-es-i-com-sutilitza\\\/#breadcrumb\"},\"inLanguage\":\"ca\",\"potentialAction\":[{\"@type\":\"ReadAction\",\"target\":[\"https:\\\/\\\/www.ecoceutics.com\\\/ca\\\/respostes-de-salut\\\/remeis-naturals\\\/aromaterapia-que-es-i-com-sutilitza\\\/\"]}]},{\"@type\":\"ImageObject\",\"inLanguage\":\"ca\",\"@id\":\"https:\\\/\\\/www.ecoceutics.com\\\/ca\\\/respostes-de-salut\\\/remeis-naturals\\\/aromaterapia-que-es-i-com-sutilitza\\\/#primaryimage\",\"url\":\"https:\\\/\\\/www.ecoceutics.com\\\/wp-content\\\/uploads\\\/2019\\\/10\\\/Foto_remedios_aromaterapia.jpg\",\"contentUrl\":\"https:\\\/\\\/www.ecoceutics.com\\\/wp-content\\\/uploads\\\/2019\\\/10\\\/Foto_remedios_aromaterapia.jpg\",\"width\":720,\"height\":400},{\"@type\":\"BreadcrumbList\",\"@id\":\"https:\\\/\\\/www.ecoceutics.com\\\/ca\\\/respostes-de-salut\\\/remeis-naturals\\\/aromaterapia-que-es-i-com-sutilitza\\\/#breadcrumb\",\"itemListElement\":[{\"@type\":\"ListItem\",\"position\":1,\"name\":\"Portada\",\"item\":\"https:\\\/\\\/www.ecoceutics.com\\\/ca\\\/\"},{\"@type\":\"ListItem\",\"position\":2,\"name\":\"Aromater\u00e0pia: Qu\u00e8 \u00e9s i com s&#8217;utilitza?\"}]},{\"@type\":\"WebSite\",\"@id\":\"https:\\\/\\\/www.ecoceutics.com\\\/ca\\\/#website\",\"url\":\"https:\\\/\\\/www.ecoceutics.com\\\/ca\\\/\",\"name\":\"ecoceutics\",\"description\":\"Primera red de farmacias independientes bajo una marca\",\"publisher\":{\"@id\":\"https:\\\/\\\/www.ecoceutics.com\\\/ca\\\/#organization\"},\"potentialAction\":[{\"@type\":\"SearchAction\",\"target\":{\"@type\":\"EntryPoint\",\"urlTemplate\":\"https:\\\/\\\/www.ecoceutics.com\\\/ca\\\/?s={search_term_string}\"},\"query-input\":{\"@type\":\"PropertyValueSpecification\",\"valueRequired\":true,\"valueName\":\"search_term_string\"}}],\"inLanguage\":\"ca\"},{\"@type\":\"Organization\",\"@id\":\"https:\\\/\\\/www.ecoceutics.com\\\/ca\\\/#organization\",\"name\":\"Ecoceutics\",\"url\":\"https:\\\/\\\/www.ecoceutics.com\\\/ca\\\/\",\"logo\":{\"@type\":\"ImageObject\",\"inLanguage\":\"ca\",\"@id\":\"https:\\\/\\\/www.ecoceutics.com\\\/ca\\\/#\\\/schema\\\/logo\\\/image\\\/\",\"url\":\"https:\\\/\\\/www.ecoceutics.com\\\/wp-content\\\/uploads\\\/2022\\\/02\\\/Logo-Ecoceutics-SVG-01-1.svg\",\"contentUrl\":\"https:\\\/\\\/www.ecoceutics.com\\\/wp-content\\\/uploads\\\/2022\\\/02\\\/Logo-Ecoceutics-SVG-01-1.svg\",\"width\":232,\"height\":68,\"caption\":\"Ecoceutics\"},\"image\":{\"@id\":\"https:\\\/\\\/www.ecoceutics.com\\\/ca\\\/#\\\/schema\\\/logo\\\/image\\\/\"}},{\"@type\":\"Person\",\"@id\":\"https:\\\/\\\/www.ecoceutics.com\\\/ca\\\/#\\\/schema\\\/person\\\/1ea99343a86784e00a52c8744dfc7d83\",\"name\":\"Lorena Crosa\",\"image\":{\"@type\":\"ImageObject\",\"inLanguage\":\"ca\",\"@id\":\"https:\\\/\\\/www.ecoceutics.com\\\/wp-content\\\/uploads\\\/2024\\\/03\\\/Lorena-Crosa-100x100.jpg\",\"url\":\"https:\\\/\\\/www.ecoceutics.com\\\/wp-content\\\/uploads\\\/2024\\\/03\\\/Lorena-Crosa-100x100.jpg\",\"contentUrl\":\"https:\\\/\\\/www.ecoceutics.com\\\/wp-content\\\/uploads\\\/2024\\\/03\\\/Lorena-Crosa-100x100.jpg\",\"caption\":\"Lorena Crosa\"}}]}<\/script>\n<!-- \/ Yoast SEO plugin. -->","yoast_head_json":{"title":"Aromater\u00e0pia: Qu\u00e8 \u00e9s i com s'utilitza? - ecoceutics","description":"Entra a Ecoceutics per aconseguir tota la informaci\u00f3 sobre l'aromater\u00e0pia: que \u00e9s i com pots utilitzar-la com a remei medicinal.","robots":{"index":"index","follow":"follow","max-snippet":"max-snippet:-1","max-image-preview":"max-image-preview:large","max-video-preview":"max-video-preview:-1"},"canonical":"https:\/\/www.ecoceutics.com\/ca\/respostes-de-salut\/remeis-naturals\/aromaterapia-que-es-i-com-sutilitza\/","og_locale":"ca_ES","og_type":"article","og_title":"Aromater\u00e0pia: Qu\u00e8 \u00e9s i com s'utilitza? - ecoceutics","og_description":"Entra a Ecoceutics per aconseguir tota la informaci\u00f3 sobre l'aromater\u00e0pia: que \u00e9s i com pots utilitzar-la com a remei medicinal.","og_url":"https:\/\/www.ecoceutics.com\/ca\/respostes-de-salut\/remeis-naturals\/aromaterapia-que-es-i-com-sutilitza\/","og_site_name":"ecoceutics","article_published_time":"2019-10-07T22:00:00+00:00","article_modified_time":"2023-05-29T09:47:28+00:00","og_image":[{"width":720,"height":400,"url":"https:\/\/www.ecoceutics.com\/wp-content\/uploads\/2019\/10\/Foto_remedios_aromaterapia.jpg","type":"image\/jpeg"}],"author":"Lorena Crosa","twitter_card":"summary_large_image","twitter_misc":{"Escrit per":"Lorena Crosa","Temps estimat de lectura":"3 minuts"},"schema":{"@context":"https:\/\/schema.org","@graph":[{"@type":"Article","@id":"https:\/\/www.ecoceutics.com\/ca\/respostes-de-salut\/remeis-naturals\/aromaterapia-que-es-i-com-sutilitza\/#article","isPartOf":{"@id":"https:\/\/www.ecoceutics.com\/ca\/respostes-de-salut\/remeis-naturals\/aromaterapia-que-es-i-com-sutilitza\/"},"author":{"name":"Lorena Crosa","@id":"https:\/\/www.ecoceutics.com\/ca\/#\/schema\/person\/1ea99343a86784e00a52c8744dfc7d83"},"headline":"Aromater\u00e0pia: Qu\u00e8 \u00e9s i com s&#8217;utilitza?","datePublished":"2019-10-07T22:00:00+00:00","dateModified":"2023-05-29T09:47:28+00:00","mainEntityOfPage":{"@id":"https:\/\/www.ecoceutics.com\/ca\/respostes-de-salut\/remeis-naturals\/aromaterapia-que-es-i-com-sutilitza\/"},"wordCount":740,"publisher":{"@id":"https:\/\/www.ecoceutics.com\/ca\/#organization"},"image":{"@id":"https:\/\/www.ecoceutics.com\/ca\/respostes-de-salut\/remeis-naturals\/aromaterapia-que-es-i-com-sutilitza\/#primaryimage"},"thumbnailUrl":"https:\/\/www.ecoceutics.com\/wp-content\/uploads\/2019\/10\/Foto_remedios_aromaterapia.jpg","articleSection":["Respostes de salut","Remeis naturals"],"inLanguage":"ca"},{"@type":"WebPage","@id":"https:\/\/www.ecoceutics.com\/ca\/respostes-de-salut\/remeis-naturals\/aromaterapia-que-es-i-com-sutilitza\/","url":"https:\/\/www.ecoceutics.com\/ca\/respostes-de-salut\/remeis-naturals\/aromaterapia-que-es-i-com-sutilitza\/","name":"Aromater\u00e0pia: Qu\u00e8 \u00e9s i com s'utilitza? - ecoceutics","isPartOf":{"@id":"https:\/\/www.ecoceutics.com\/ca\/#website"},"primaryImageOfPage":{"@id":"https:\/\/www.ecoceutics.com\/ca\/respostes-de-salut\/remeis-naturals\/aromaterapia-que-es-i-com-sutilitza\/#primaryimage"},"image":{"@id":"https:\/\/www.ecoceutics.com\/ca\/respostes-de-salut\/remeis-naturals\/aromaterapia-que-es-i-com-sutilitza\/#primaryimage"},"thumbnailUrl":"https:\/\/www.ecoceutics.com\/wp-content\/uploads\/2019\/10\/Foto_remedios_aromaterapia.jpg","datePublished":"2019-10-07T22:00:00+00:00","dateModified":"2023-05-29T09:47:28+00:00","description":"Entra a Ecoceutics per aconseguir tota la informaci\u00f3 sobre l'aromater\u00e0pia: que \u00e9s i com pots utilitzar-la com a remei medicinal.","breadcrumb":{"@id":"https:\/\/www.ecoceutics.com\/ca\/respostes-de-salut\/remeis-naturals\/aromaterapia-que-es-i-com-sutilitza\/#breadcrumb"},"inLanguage":"ca","potentialAction":[{"@type":"ReadAction","target":["https:\/\/www.ecoceutics.com\/ca\/respostes-de-salut\/remeis-naturals\/aromaterapia-que-es-i-com-sutilitza\/"]}]},{"@type":"ImageObject","inLanguage":"ca","@id":"https:\/\/www.ecoceutics.com\/ca\/respostes-de-salut\/remeis-naturals\/aromaterapia-que-es-i-com-sutilitza\/#primaryimage","url":"https:\/\/www.ecoceutics.com\/wp-content\/uploads\/2019\/10\/Foto_remedios_aromaterapia.jpg","contentUrl":"https:\/\/www.ecoceutics.com\/wp-content\/uploads\/2019\/10\/Foto_remedios_aromaterapia.jpg","width":720,"height":400},{"@type":"BreadcrumbList","@id":"https:\/\/www.ecoceutics.com\/ca\/respostes-de-salut\/remeis-naturals\/aromaterapia-que-es-i-com-sutilitza\/#breadcrumb","itemListElement":[{"@type":"ListItem","position":1,"name":"Portada","item":"https:\/\/www.ecoceutics.com\/ca\/"},{"@type":"ListItem","position":2,"name":"Aromater\u00e0pia: Qu\u00e8 \u00e9s i com s&#8217;utilitza?"}]},{"@type":"WebSite","@id":"https:\/\/www.ecoceutics.com\/ca\/#website","url":"https:\/\/www.ecoceutics.com\/ca\/","name":"ecoceutics","description":"Primera red de farmacias independientes bajo una marca","publisher":{"@id":"https:\/\/www.ecoceutics.com\/ca\/#organization"},"potentialAction":[{"@type":"SearchAction","target":{"@type":"EntryPoint","urlTemplate":"https:\/\/www.ecoceutics.com\/ca\/?s={search_term_string}"},"query-input":{"@type":"PropertyValueSpecification","valueRequired":true,"valueName":"search_term_string"}}],"inLanguage":"ca"},{"@type":"Organization","@id":"https:\/\/www.ecoceutics.com\/ca\/#organization","name":"Ecoceutics","url":"https:\/\/www.ecoceutics.com\/ca\/","logo":{"@type":"ImageObject","inLanguage":"ca","@id":"https:\/\/www.ecoceutics.com\/ca\/#\/schema\/logo\/image\/","url":"https:\/\/www.ecoceutics.com\/wp-content\/uploads\/2022\/02\/Logo-Ecoceutics-SVG-01-1.svg","contentUrl":"https:\/\/www.ecoceutics.com\/wp-content\/uploads\/2022\/02\/Logo-Ecoceutics-SVG-01-1.svg","width":232,"height":68,"caption":"Ecoceutics"},"image":{"@id":"https:\/\/www.ecoceutics.com\/ca\/#\/schema\/logo\/image\/"}},{"@type":"Person","@id":"https:\/\/www.ecoceutics.com\/ca\/#\/schema\/person\/1ea99343a86784e00a52c8744dfc7d83","name":"Lorena Crosa","image":{"@type":"ImageObject","inLanguage":"ca","@id":"https:\/\/www.ecoceutics.com\/wp-content\/uploads\/2024\/03\/Lorena-Crosa-100x100.jpg","url":"https:\/\/www.ecoceutics.com\/wp-content\/uploads\/2024\/03\/Lorena-Crosa-100x100.jpg","contentUrl":"https:\/\/www.ecoceutics.com\/wp-content\/uploads\/2024\/03\/Lorena-Crosa-100x100.jpg","caption":"Lorena Crosa"}}]}},"_links":{"self":[{"href":"https:\/\/www.ecoceutics.com\/ca\/wp-json\/wp\/v2\/posts\/16301","targetHints":{"allow":["GET"]}}],"collection":[{"href":"https:\/\/www.ecoceutics.com\/ca\/wp-json\/wp\/v2\/posts"}],"about":[{"href":"https:\/\/www.ecoceutics.com\/ca\/wp-json\/wp\/v2\/types\/post"}],"author":[{"embeddable":true,"href":"https:\/\/www.ecoceutics.com\/ca\/wp-json\/wp\/v2\/users\/4"}],"replies":[{"embeddable":true,"href":"https:\/\/www.ecoceutics.com\/ca\/wp-json\/wp\/v2\/comments?post=16301"}],"version-history":[{"count":0,"href":"https:\/\/www.ecoceutics.com\/ca\/wp-json\/wp\/v2\/posts\/16301\/revisions"}],"wp:featuredmedia":[{"embeddable":true,"href":"https:\/\/www.ecoceutics.com\/ca\/wp-json\/wp\/v2\/media\/19443"}],"wp:attachment":[{"href":"https:\/\/www.ecoceutics.com\/ca\/wp-json\/wp\/v2\/media?parent=16301"}],"wp:term":[{"taxonomy":"category","embeddable":true,"href":"https:\/\/www.ecoceutics.com\/ca\/wp-json\/wp\/v2\/categories?post=16301"},{"taxonomy":"post_tag","embeddable":true,"href":"https:\/\/www.ecoceutics.com\/ca\/wp-json\/wp\/v2\/tags?post=16301"}],"curies":[{"name":"wp","href":"https:\/\/api.w.org\/{rel}","templated":true}]}}