{"id":16303,"date":"2019-10-11T00:00:00","date_gmt":"2019-10-10T22:00:00","guid":{"rendered":"https:\/\/www.ecoceutics.com\/acne-que-es-i-que-el-causa\/"},"modified":"2021-12-23T12:12:43","modified_gmt":"2021-12-23T11:12:43","slug":"acne-que-es-i-que-el-causa","status":"publish","type":"post","link":"https:\/\/www.ecoceutics.com\/ca\/respostes-de-salut\/bellesa-i-cura-personal\/acne-que-es-i-que-el-causa\/","title":{"rendered":"Acne: qu\u00e8 \u00e9s i qu\u00e8 el causa?"},"content":{"rendered":"<p>L\u2019acne \u00e9s una malaltia inflamat\u00f2ria de la pell caracteritzada per l\u2019aparici\u00f3 de barbs i lesions inflamat\u00f2ries com p\u00e0pules, p\u00fastules, n\u00f2duls i quists. \u00c9s molt freq\u00fcent, ja que entre un 80-90% de la poblaci\u00f3 la passa en algun moment. Sol comen\u00e7ar en l\u2019adolesc\u00e8ncia i desapareix en l\u2019edat adulta, encara que en els \u00faltims anys han augmentat els casos d\u2019acne tard\u00e0: aquest apareix despr\u00e9s dels 25 anys d\u2019edat i \u00e9s present fins en un 1% dels homes i 5% de les dones de 40 anys d\u2019edat. Les \u00e0rees usualment afectades per l\u2019acne s\u00f3n la cara i la part superior de pit i esquena.<\/p>\n<p>La pell normal secreta greix a trav\u00e9s de les seves gl\u00e0ndules seb\u00e0cies. Aquestes gl\u00e0ndules estan situades al costat del fol\u00b7licle pil\u00f3s, \u00e9s a dir, al costat del origen dels cabells. La seva funci\u00f3 \u00e9s secretar un greix fisiol\u00f2gica que mant\u00e9 a tomb en bon estat, protegeix a la pell de la p\u00e8rdua d\u2019aigua i mant\u00e9 la funci\u00f3 de barrera de la pell. Quan es produeixen desequilibris en aquesta funci\u00f3, ja sigui per augment i canvis en la secreci\u00f3 seb\u00e0cia, renovaci\u00f3 excessiva i anormal de la pell, o un conjunt de tots, s\u2019obstrueixen les gl\u00e0ndules seb\u00e0cies. En aquesta pell amb gl\u00e0ndules obstru\u00efdes s\u2019afavoreix el creixement d\u2019un bacteri anomenat Cutibacterium acnes (abans anomenada Propionibacterium acnes) donant lloc a les lesions amb pus t\u00edpiques de l\u2019acne.<\/p>\n<div id=\"ez-toc-container\" class=\"ez-toc-v2_0_82_2 counter-hierarchy ez-toc-counter ez-toc-custom ez-toc-container-direction\">\n<div class=\"ez-toc-title-container\">\n<p class=\"ez-toc-title\" style=\"cursor:inherit\">Contenido de la p\u00e1gina<\/p>\n<span class=\"ez-toc-title-toggle\"><a href=\"#\" class=\"ez-toc-pull-right ez-toc-btn ez-toc-btn-xs ez-toc-btn-default ez-toc-toggle\" aria-label=\"Toggle Table of Content\"><span class=\"ez-toc-js-icon-con\"><span class=\"\"><span class=\"eztoc-hide\" style=\"display:none;\">Toggle<\/span><span class=\"ez-toc-icon-toggle-span\"><svg style=\"fill: #333333;color:#333333\" xmlns=\"http:\/\/www.w3.org\/2000\/svg\" class=\"list-377408\" width=\"20px\" height=\"20px\" viewBox=\"0 0 24 24\" fill=\"none\"><path d=\"M6 6H4v2h2V6zm14 0H8v2h12V6zM4 11h2v2H4v-2zm16 0H8v2h12v-2zM4 16h2v2H4v-2zm16 0H8v2h12v-2z\" fill=\"currentColor\"><\/path><\/svg><svg style=\"fill: #333333;color:#333333\" class=\"arrow-unsorted-368013\" xmlns=\"http:\/\/www.w3.org\/2000\/svg\" width=\"10px\" height=\"10px\" viewBox=\"0 0 24 24\" version=\"1.2\" baseProfile=\"tiny\"><path d=\"M18.2 9.3l-6.2-6.3-6.2 6.3c-.2.2-.3.4-.3.7s.1.5.3.7c.2.2.4.3.7.3h11c.3 0 .5-.1.7-.3.2-.2.3-.5.3-.7s-.1-.5-.3-.7zM5.8 14.7l6.2 6.3 6.2-6.3c.2-.2.3-.5.3-.7s-.1-.5-.3-.7c-.2-.2-.4-.3-.7-.3h-11c-.3 0-.5.1-.7.3-.2.2-.3.5-.3.7s.1.5.3.7z\"\/><\/svg><\/span><\/span><\/span><\/a><\/span><\/div>\n<nav><ul class='ez-toc-list ez-toc-list-level-1 ' ><li class='ez-toc-page-1 ez-toc-heading-level-2'><a class=\"ez-toc-link ez-toc-heading-1\" href=\"https:\/\/www.ecoceutics.com\/ca\/respostes-de-salut\/bellesa-i-cura-personal\/acne-que-es-i-que-el-causa\/#com-podem-reconeixer-una-pell-acneica\" >Com podem recon\u00e8ixer una pell acneica?<\/a><\/li><li class='ez-toc-page-1 ez-toc-heading-level-2'><a class=\"ez-toc-link ez-toc-heading-2\" href=\"https:\/\/www.ecoceutics.com\/ca\/respostes-de-salut\/bellesa-i-cura-personal\/acne-que-es-i-que-el-causa\/#que-causa-lacne\" >Qu\u00e8 causa l\u2019acne?<\/a><\/li><li class='ez-toc-page-1 ez-toc-heading-level-2'><a class=\"ez-toc-link ez-toc-heading-3\" href=\"https:\/\/www.ecoceutics.com\/ca\/respostes-de-salut\/bellesa-i-cura-personal\/acne-que-es-i-que-el-causa\/#com-es-tracta-lacne\" >Com es tracta l\u2019acne?<\/a><\/li><\/ul><\/nav><\/div>\n<h2><span class=\"ez-toc-section\" id=\"com-podem-reconeixer-una-pell-acneica\"><\/span>Com podem recon\u00e8ixer una pell acneica?<span class=\"ez-toc-section-end\"><\/span><\/h2>\n<p>La pell acneica presenta una o diverses de les seg\u00fcents caracter\u00edstiques:<\/p>\n<ol>\n<li>Exc\u00e9s de secreci\u00f3 seb\u00e0cia. La pell apareix brillant i amb aspecte oli\u00f3s, sobretot al front, nas, pit i esquena.<\/li>\n<li>Lesions acneiques. Hi ha diversos tipus de lesions que es veuen en la pell acneica\n<ul>\n<li>Barbs: es generen quan un porus s\u2019obstrueix per secreci\u00f3 seb\u00e0cia. Poden ser oberts o tancats: se\u2019ls anomena \u00abpunts negres\u00bb i \u00abpunts blancs\u00bb respectivament. Els punts negres tenen aquest color perqu\u00e8 el s\u00e8u s\u2019oxida en contacte amb l\u2019aire, canviant el color el seu color clar a color negre. Els punts blancs s\u00f3n petites elevacions de la pell de color blanc-groguenc, i no presenten inflamaci\u00f3.<\/li>\n<li>P\u00e0pules: s\u2019originen a partir de barbs tancats que han evolucionat, o de barbs oberts que han estat mal manipulats. \u00c9s m\u00e9s gran que el barb, t\u00e9 color vermell\u00f3s, i pot causar dolor, per\u00f2 no cont\u00e9 pus al seu interior.<\/li>\n<li>P\u00fastules: s\u00f3n els anomenats \u00abgrans\u00bb. S\u00f3n dolorosos i tenen pus en el seu interior.<\/li>\n<li>Quists: s\u00f3n lesions purulentes m\u00e9s profundes, com una \u00abbossa de pus\u00bb amb color vermell al seu voltant.<\/li>\n<li>N\u00f2duls: s\u00f3n lesions m\u00e9s profundes en qu\u00e8 tota la gl\u00e0ndula i fol\u00b7licle pil\u00f3s estan inflamats, per\u00f2 no hi ha pus visible. Pot donar lloc a abscessos molt dolorosos.<\/li>\n<\/ul>\n<\/li>\n<li>Lesions residuals: s\u00f3n les \u00abmarques\u00bb que queden una vegada que les lesions acneiques han desaparegut.\n<ul>\n<li>M\u00e0cules o taques: es produeixen per la hiperproducci\u00f3 de melanina a la zona en qu\u00e8 hi va haver una lesi\u00f3 superficial. El to de la pell canvia a marr\u00f3 o violaci, i pot durar entre dies i mesos.<\/li>\n<li>Cicatrius. Es produeixen en zones en qu\u00e8 hi va haver lesions m\u00e9s profundes, i poden ser de diversos tipus. Les cicatrius atr\u00f2fiques s\u00f3n els \u00abpous\u00bb que es generen a la pell acneica, a causa de la generaci\u00f3 insuficient de teixit cicatricial. Les cicatrius hipertr\u00f2fiques es produeixen quan el nou teixit epitelial \u00e9s de mala qualitat, de manera que es veu \u00abun bony\u00bb. Finalment hi ha les cicatrius de tipus queloide, en qu\u00e8 el teixit nou envaeix part de pell normal, i l\u2019aspecte pot ser vermell\u00f3s o violaci.<\/li>\n<\/ul>\n<\/li>\n<\/ol>\n<p>No totes les pells acneiques presenten tots els tipus de lesions i cicatrius esmentats. Segons com es presenta la pell es pot classificar l\u2019acne en diferents graus:<\/p>\n<ol>\n<li>Acne de grau I o lleuger: hi ha m\u00e9s barbs i hi ha molt poques p\u00e0pules.<\/li>\n<li>Acne de grau II o moderat: hi ha p\u00e0pules i p\u00fastules superficials.<\/li>\n<li>Acne de grau III: presenta p\u00fastules profundes i n\u00f2duls.<\/li>\n<li>Acne de grau IV: presenta n\u00f2duls i quists.<\/li>\n<\/ol>\n<h2><span class=\"ez-toc-section\" id=\"que-causa-lacne\"><\/span>Qu\u00e8 causa l\u2019acne?<span class=\"ez-toc-section-end\"><\/span><\/h2>\n<p>L\u2019acne no est\u00e0 associat a una causa \u00fanica, sin\u00f3 que \u00e9s un problema multifactorial. L\u2019exc\u00e9s de s\u00e8u est\u00e0 relacionat amb una hiperactivitat d\u2019andr\u00f2gens (hormones t\u00edpicament masculines, per\u00f2 que tamb\u00e9 existeixen en la dona). El s\u00e8u es transforma en \u00e0cids grassos lliures en pres\u00e8ncia d\u2019enzims bacterians secretades per Propionibacterium acnes i aquests \u00e0cids grassos s\u00f3n capa\u00e7os d\u2019irritar a la pell, contribuint al problema. Finalment, aquest bacteri \u00e9s capa\u00e7 de desencadenar un proc\u00e9s inflamatori i queratinizar la pell, desembocant en la formaci\u00f3 de n\u00f2duls, quists i cicatrius.<\/p>\n<p>Poc pots fer per evitar l\u2019acne per complet, ja que hi ha un factor gen\u00e8tic implicat en la seva aparici\u00f3. Per\u00f2 s\u00ed pots evitar factors que ajuden a empitjorar-lo:<\/p>\n<ul>\n<li>Certs medicaments, com alguns anticonceptius, poden empitjorar el teu acne. Parla amb el teu metge si creus que un medicament est\u00e0 relacionat amb la teva pell, per\u00f2 no deixis de prendre-ho sense parlar amb el teu metge.<\/li>\n<li>L\u2019estr\u00e8s no ho fa apar\u00e8ixer, per\u00f2 \u00e9s possible que ho empitjori.<\/li>\n<li>La dieta equilibrada evita que l\u2019acne empitjori. No s\u2019ha trobat encara evid\u00e8ncia significativa que demostri que l\u2019exc\u00e9s puntual d\u2019un aliment empitjori significativament l\u2019acne, per\u00f2 dietes riques en hidrats de carboni si que semblen empitjorar-lo.<\/li>\n<li>Higiene, l\u2019adequada. Netejar m\u00e9s de tres vegades al dia la pell, o amb aigua molt calenta, retirar\u00e0 una quantitat important de s\u00e8u de la teva pell causant una \u00abhipersecreci\u00f3 de rebot\u00bb. \u00c9s a dir, cal tant de s\u00e8u que la pell intenta compensar la seva falta secretant m\u00e9s del que ja secretaba, empitjorant la situaci\u00f3.<\/li>\n<li>Els cosm\u00e8tics que utilitzis han de ser sempre espec\u00edfics per a pell acneica, fins i tot si sents una mica de sequedat. Busca les frases \u00aboil free\u00bb, \u00abno comedog\u00e8nic\u00bb o \u00abper a pell acneica\u00bb en l\u2019env\u00e0s.<\/li>\n<\/ul>\n<h2><span class=\"ez-toc-section\" id=\"com-es-tracta-lacne\"><\/span>Com es tracta l\u2019acne?<span class=\"ez-toc-section-end\"><\/span><\/h2>\n<p>Hi ha diferents eines per tractar l\u2019acne, i no totes valdran per a tothom. Un acne en el qual la pell es presenta una mica irregular requerir\u00e0 un tractament diferent al que presenta n\u00f2duls i cicatrius. La combinaci\u00f3 correcta d\u2019higiene, cosm\u00e8tics i medicaments pot fer meravelles per la teva pell, per\u00f2 \u00e9s un proc\u00e9s que pot requerir un parell de proves abans de trobar la soluci\u00f3 m\u00e9s adequada per al teu cas. Fins i tot pot ser que necessitis m\u00e9s d\u2019una visita a la farm\u00e0cia i al dermat\u00f2leg, per\u00f2 no et desanimis: hi ha solucions, nom\u00e9s cal trobar-les.<\/p>\n<p>Parlarem m\u00e9s profundament dels diferents tractaments de l\u2019acne en un seg\u00fcent post.<\/p>\n","protected":false},"excerpt":{"rendered":"<p>L\u2019acne \u00e9s una malaltia inflamat\u00f2ria de la pell caracteritzada per l\u2019aparici\u00f3 de barbs i lesions inflamat\u00f2ries com p\u00e0pules, p\u00fastules, n\u00f2duls i quists. \u00c9s molt freq\u00fcent, ja que entre un 80-90% de la poblaci\u00f3 la passa en algun moment. Sol comen\u00e7ar en l\u2019adolesc\u00e8ncia i desapareix en l\u2019edat adulta, encara que en els \u00faltims anys han augmentat [&hellip;]<\/p>\n","protected":false},"author":4,"featured_media":19355,"comment_status":"closed","ping_status":"closed","sticky":false,"template":"","format":"standard","meta":{"_acf_changed":false,"inline_featured_image":false,"_mbp_gutenberg_autopost":false,"footnotes":""},"categories":[4,54],"tags":[],"class_list":["post-16303","post","type-post","status-publish","format-standard","has-post-thumbnail","hentry","category-respostes-de-salut","category-bellesa-i-cura-personal"],"acf":[],"yoast_head":"<!-- This site is optimized with the Yoast SEO plugin v27.5 - https:\/\/yoast.com\/product\/yoast-seo-wordpress\/ -->\n<title>Acne: qu\u00e8 \u00e9s i qu\u00e8 el causa? - ecoceutics<\/title>\n<meta name=\"description\" content=\"A Ecoceutics t&#039;aportem tota la informaci\u00f3 que necessites sobre l&#039;acne, que \u00e9s i quines s\u00f3n les seves causes principals.\" \/>\n<meta name=\"robots\" content=\"index, follow, max-snippet:-1, max-image-preview:large, max-video-preview:-1\" \/>\n<link rel=\"canonical\" href=\"https:\/\/www.ecoceutics.com\/ca\/respostes-de-salut\/bellesa-i-cura-personal\/acne-que-es-i-que-el-causa\/\" \/>\n<meta property=\"og:locale\" content=\"ca_ES\" \/>\n<meta property=\"og:type\" content=\"article\" \/>\n<meta property=\"og:title\" content=\"Acne: qu\u00e8 \u00e9s i qu\u00e8 el causa? - ecoceutics\" \/>\n<meta property=\"og:description\" content=\"A Ecoceutics t&#039;aportem tota la informaci\u00f3 que necessites sobre l&#039;acne, que \u00e9s i quines s\u00f3n les seves causes principals.\" \/>\n<meta property=\"og:url\" content=\"https:\/\/www.ecoceutics.com\/ca\/respostes-de-salut\/bellesa-i-cura-personal\/acne-que-es-i-que-el-causa\/\" \/>\n<meta property=\"og:site_name\" content=\"ecoceutics\" \/>\n<meta property=\"article:published_time\" content=\"2019-10-10T22:00:00+00:00\" \/>\n<meta property=\"article:modified_time\" content=\"2021-12-23T11:12:43+00:00\" \/>\n<meta property=\"og:image\" content=\"https:\/\/www.ecoceutics.com\/wp-content\/uploads\/2019\/10\/Foto_Detall-producte-Mites_720x400_JPG.jpg\" \/>\n\t<meta property=\"og:image:width\" content=\"720\" \/>\n\t<meta property=\"og:image:height\" content=\"400\" \/>\n\t<meta property=\"og:image:type\" content=\"image\/jpeg\" \/>\n<meta name=\"author\" content=\"Lorena Crosa\" \/>\n<meta name=\"twitter:card\" content=\"summary_large_image\" \/>\n<meta name=\"twitter:label1\" content=\"Escrit per\" \/>\n\t<meta name=\"twitter:data1\" content=\"Lorena Crosa\" \/>\n\t<meta name=\"twitter:label2\" content=\"Temps estimat de lectura\" \/>\n\t<meta name=\"twitter:data2\" content=\"5 minuts\" \/>\n<script type=\"application\/ld+json\" class=\"yoast-schema-graph\">{\"@context\":\"https:\\\/\\\/schema.org\",\"@graph\":[{\"@type\":\"Article\",\"@id\":\"https:\\\/\\\/www.ecoceutics.com\\\/ca\\\/respostes-de-salut\\\/bellesa-i-cura-personal\\\/acne-que-es-i-que-el-causa\\\/#article\",\"isPartOf\":{\"@id\":\"https:\\\/\\\/www.ecoceutics.com\\\/ca\\\/respostes-de-salut\\\/bellesa-i-cura-personal\\\/acne-que-es-i-que-el-causa\\\/\"},\"author\":{\"name\":\"Lorena Crosa\",\"@id\":\"https:\\\/\\\/www.ecoceutics.com\\\/ca\\\/#\\\/schema\\\/person\\\/1ea99343a86784e00a52c8744dfc7d83\"},\"headline\":\"Acne: qu\u00e8 \u00e9s i qu\u00e8 el causa?\",\"datePublished\":\"2019-10-10T22:00:00+00:00\",\"dateModified\":\"2021-12-23T11:12:43+00:00\",\"mainEntityOfPage\":{\"@id\":\"https:\\\/\\\/www.ecoceutics.com\\\/ca\\\/respostes-de-salut\\\/bellesa-i-cura-personal\\\/acne-que-es-i-que-el-causa\\\/\"},\"wordCount\":1189,\"publisher\":{\"@id\":\"https:\\\/\\\/www.ecoceutics.com\\\/ca\\\/#organization\"},\"image\":{\"@id\":\"https:\\\/\\\/www.ecoceutics.com\\\/ca\\\/respostes-de-salut\\\/bellesa-i-cura-personal\\\/acne-que-es-i-que-el-causa\\\/#primaryimage\"},\"thumbnailUrl\":\"https:\\\/\\\/www.ecoceutics.com\\\/wp-content\\\/uploads\\\/2019\\\/10\\\/Foto_Detall-producte-Mites_720x400_JPG.jpg\",\"articleSection\":[\"Respostes de salut\",\"Bellesa i cura personal\"],\"inLanguage\":\"ca\"},{\"@type\":\"WebPage\",\"@id\":\"https:\\\/\\\/www.ecoceutics.com\\\/ca\\\/respostes-de-salut\\\/bellesa-i-cura-personal\\\/acne-que-es-i-que-el-causa\\\/\",\"url\":\"https:\\\/\\\/www.ecoceutics.com\\\/ca\\\/respostes-de-salut\\\/bellesa-i-cura-personal\\\/acne-que-es-i-que-el-causa\\\/\",\"name\":\"Acne: qu\u00e8 \u00e9s i qu\u00e8 el causa? - ecoceutics\",\"isPartOf\":{\"@id\":\"https:\\\/\\\/www.ecoceutics.com\\\/ca\\\/#website\"},\"primaryImageOfPage\":{\"@id\":\"https:\\\/\\\/www.ecoceutics.com\\\/ca\\\/respostes-de-salut\\\/bellesa-i-cura-personal\\\/acne-que-es-i-que-el-causa\\\/#primaryimage\"},\"image\":{\"@id\":\"https:\\\/\\\/www.ecoceutics.com\\\/ca\\\/respostes-de-salut\\\/bellesa-i-cura-personal\\\/acne-que-es-i-que-el-causa\\\/#primaryimage\"},\"thumbnailUrl\":\"https:\\\/\\\/www.ecoceutics.com\\\/wp-content\\\/uploads\\\/2019\\\/10\\\/Foto_Detall-producte-Mites_720x400_JPG.jpg\",\"datePublished\":\"2019-10-10T22:00:00+00:00\",\"dateModified\":\"2021-12-23T11:12:43+00:00\",\"description\":\"A Ecoceutics t'aportem tota la informaci\u00f3 que necessites sobre l'acne, que \u00e9s i quines s\u00f3n les seves causes principals.\",\"breadcrumb\":{\"@id\":\"https:\\\/\\\/www.ecoceutics.com\\\/ca\\\/respostes-de-salut\\\/bellesa-i-cura-personal\\\/acne-que-es-i-que-el-causa\\\/#breadcrumb\"},\"inLanguage\":\"ca\",\"potentialAction\":[{\"@type\":\"ReadAction\",\"target\":[\"https:\\\/\\\/www.ecoceutics.com\\\/ca\\\/respostes-de-salut\\\/bellesa-i-cura-personal\\\/acne-que-es-i-que-el-causa\\\/\"]}]},{\"@type\":\"ImageObject\",\"inLanguage\":\"ca\",\"@id\":\"https:\\\/\\\/www.ecoceutics.com\\\/ca\\\/respostes-de-salut\\\/bellesa-i-cura-personal\\\/acne-que-es-i-que-el-causa\\\/#primaryimage\",\"url\":\"https:\\\/\\\/www.ecoceutics.com\\\/wp-content\\\/uploads\\\/2019\\\/10\\\/Foto_Detall-producte-Mites_720x400_JPG.jpg\",\"contentUrl\":\"https:\\\/\\\/www.ecoceutics.com\\\/wp-content\\\/uploads\\\/2019\\\/10\\\/Foto_Detall-producte-Mites_720x400_JPG.jpg\",\"width\":720,\"height\":400},{\"@type\":\"BreadcrumbList\",\"@id\":\"https:\\\/\\\/www.ecoceutics.com\\\/ca\\\/respostes-de-salut\\\/bellesa-i-cura-personal\\\/acne-que-es-i-que-el-causa\\\/#breadcrumb\",\"itemListElement\":[{\"@type\":\"ListItem\",\"position\":1,\"name\":\"Portada\",\"item\":\"https:\\\/\\\/www.ecoceutics.com\\\/ca\\\/\"},{\"@type\":\"ListItem\",\"position\":2,\"name\":\"Acne: qu\u00e8 \u00e9s i qu\u00e8 el causa?\"}]},{\"@type\":\"WebSite\",\"@id\":\"https:\\\/\\\/www.ecoceutics.com\\\/ca\\\/#website\",\"url\":\"https:\\\/\\\/www.ecoceutics.com\\\/ca\\\/\",\"name\":\"ecoceutics\",\"description\":\"Primera red de farmacias independientes bajo una marca\",\"publisher\":{\"@id\":\"https:\\\/\\\/www.ecoceutics.com\\\/ca\\\/#organization\"},\"potentialAction\":[{\"@type\":\"SearchAction\",\"target\":{\"@type\":\"EntryPoint\",\"urlTemplate\":\"https:\\\/\\\/www.ecoceutics.com\\\/ca\\\/?s={search_term_string}\"},\"query-input\":{\"@type\":\"PropertyValueSpecification\",\"valueRequired\":true,\"valueName\":\"search_term_string\"}}],\"inLanguage\":\"ca\"},{\"@type\":\"Organization\",\"@id\":\"https:\\\/\\\/www.ecoceutics.com\\\/ca\\\/#organization\",\"name\":\"Ecoceutics\",\"url\":\"https:\\\/\\\/www.ecoceutics.com\\\/ca\\\/\",\"logo\":{\"@type\":\"ImageObject\",\"inLanguage\":\"ca\",\"@id\":\"https:\\\/\\\/www.ecoceutics.com\\\/ca\\\/#\\\/schema\\\/logo\\\/image\\\/\",\"url\":\"https:\\\/\\\/www.ecoceutics.com\\\/wp-content\\\/uploads\\\/2022\\\/02\\\/Logo-Ecoceutics-SVG-01-1.svg\",\"contentUrl\":\"https:\\\/\\\/www.ecoceutics.com\\\/wp-content\\\/uploads\\\/2022\\\/02\\\/Logo-Ecoceutics-SVG-01-1.svg\",\"width\":232,\"height\":68,\"caption\":\"Ecoceutics\"},\"image\":{\"@id\":\"https:\\\/\\\/www.ecoceutics.com\\\/ca\\\/#\\\/schema\\\/logo\\\/image\\\/\"}},{\"@type\":\"Person\",\"@id\":\"https:\\\/\\\/www.ecoceutics.com\\\/ca\\\/#\\\/schema\\\/person\\\/1ea99343a86784e00a52c8744dfc7d83\",\"name\":\"Lorena Crosa\",\"image\":{\"@type\":\"ImageObject\",\"inLanguage\":\"ca\",\"@id\":\"https:\\\/\\\/www.ecoceutics.com\\\/wp-content\\\/uploads\\\/2024\\\/03\\\/Lorena-Crosa-100x100.jpg\",\"url\":\"https:\\\/\\\/www.ecoceutics.com\\\/wp-content\\\/uploads\\\/2024\\\/03\\\/Lorena-Crosa-100x100.jpg\",\"contentUrl\":\"https:\\\/\\\/www.ecoceutics.com\\\/wp-content\\\/uploads\\\/2024\\\/03\\\/Lorena-Crosa-100x100.jpg\",\"caption\":\"Lorena Crosa\"}}]}<\/script>\n<!-- \/ Yoast SEO plugin. -->","yoast_head_json":{"title":"Acne: qu\u00e8 \u00e9s i qu\u00e8 el causa? - ecoceutics","description":"A Ecoceutics t'aportem tota la informaci\u00f3 que necessites sobre l'acne, que \u00e9s i quines s\u00f3n les seves causes principals.","robots":{"index":"index","follow":"follow","max-snippet":"max-snippet:-1","max-image-preview":"max-image-preview:large","max-video-preview":"max-video-preview:-1"},"canonical":"https:\/\/www.ecoceutics.com\/ca\/respostes-de-salut\/bellesa-i-cura-personal\/acne-que-es-i-que-el-causa\/","og_locale":"ca_ES","og_type":"article","og_title":"Acne: qu\u00e8 \u00e9s i qu\u00e8 el causa? - ecoceutics","og_description":"A Ecoceutics t'aportem tota la informaci\u00f3 que necessites sobre l'acne, que \u00e9s i quines s\u00f3n les seves causes principals.","og_url":"https:\/\/www.ecoceutics.com\/ca\/respostes-de-salut\/bellesa-i-cura-personal\/acne-que-es-i-que-el-causa\/","og_site_name":"ecoceutics","article_published_time":"2019-10-10T22:00:00+00:00","article_modified_time":"2021-12-23T11:12:43+00:00","og_image":[{"width":720,"height":400,"url":"https:\/\/www.ecoceutics.com\/wp-content\/uploads\/2019\/10\/Foto_Detall-producte-Mites_720x400_JPG.jpg","type":"image\/jpeg"}],"author":"Lorena Crosa","twitter_card":"summary_large_image","twitter_misc":{"Escrit per":"Lorena Crosa","Temps estimat de lectura":"5 minuts"},"schema":{"@context":"https:\/\/schema.org","@graph":[{"@type":"Article","@id":"https:\/\/www.ecoceutics.com\/ca\/respostes-de-salut\/bellesa-i-cura-personal\/acne-que-es-i-que-el-causa\/#article","isPartOf":{"@id":"https:\/\/www.ecoceutics.com\/ca\/respostes-de-salut\/bellesa-i-cura-personal\/acne-que-es-i-que-el-causa\/"},"author":{"name":"Lorena Crosa","@id":"https:\/\/www.ecoceutics.com\/ca\/#\/schema\/person\/1ea99343a86784e00a52c8744dfc7d83"},"headline":"Acne: qu\u00e8 \u00e9s i qu\u00e8 el causa?","datePublished":"2019-10-10T22:00:00+00:00","dateModified":"2021-12-23T11:12:43+00:00","mainEntityOfPage":{"@id":"https:\/\/www.ecoceutics.com\/ca\/respostes-de-salut\/bellesa-i-cura-personal\/acne-que-es-i-que-el-causa\/"},"wordCount":1189,"publisher":{"@id":"https:\/\/www.ecoceutics.com\/ca\/#organization"},"image":{"@id":"https:\/\/www.ecoceutics.com\/ca\/respostes-de-salut\/bellesa-i-cura-personal\/acne-que-es-i-que-el-causa\/#primaryimage"},"thumbnailUrl":"https:\/\/www.ecoceutics.com\/wp-content\/uploads\/2019\/10\/Foto_Detall-producte-Mites_720x400_JPG.jpg","articleSection":["Respostes de salut","Bellesa i cura personal"],"inLanguage":"ca"},{"@type":"WebPage","@id":"https:\/\/www.ecoceutics.com\/ca\/respostes-de-salut\/bellesa-i-cura-personal\/acne-que-es-i-que-el-causa\/","url":"https:\/\/www.ecoceutics.com\/ca\/respostes-de-salut\/bellesa-i-cura-personal\/acne-que-es-i-que-el-causa\/","name":"Acne: qu\u00e8 \u00e9s i qu\u00e8 el causa? - ecoceutics","isPartOf":{"@id":"https:\/\/www.ecoceutics.com\/ca\/#website"},"primaryImageOfPage":{"@id":"https:\/\/www.ecoceutics.com\/ca\/respostes-de-salut\/bellesa-i-cura-personal\/acne-que-es-i-que-el-causa\/#primaryimage"},"image":{"@id":"https:\/\/www.ecoceutics.com\/ca\/respostes-de-salut\/bellesa-i-cura-personal\/acne-que-es-i-que-el-causa\/#primaryimage"},"thumbnailUrl":"https:\/\/www.ecoceutics.com\/wp-content\/uploads\/2019\/10\/Foto_Detall-producte-Mites_720x400_JPG.jpg","datePublished":"2019-10-10T22:00:00+00:00","dateModified":"2021-12-23T11:12:43+00:00","description":"A Ecoceutics t'aportem tota la informaci\u00f3 que necessites sobre l'acne, que \u00e9s i quines s\u00f3n les seves causes principals.","breadcrumb":{"@id":"https:\/\/www.ecoceutics.com\/ca\/respostes-de-salut\/bellesa-i-cura-personal\/acne-que-es-i-que-el-causa\/#breadcrumb"},"inLanguage":"ca","potentialAction":[{"@type":"ReadAction","target":["https:\/\/www.ecoceutics.com\/ca\/respostes-de-salut\/bellesa-i-cura-personal\/acne-que-es-i-que-el-causa\/"]}]},{"@type":"ImageObject","inLanguage":"ca","@id":"https:\/\/www.ecoceutics.com\/ca\/respostes-de-salut\/bellesa-i-cura-personal\/acne-que-es-i-que-el-causa\/#primaryimage","url":"https:\/\/www.ecoceutics.com\/wp-content\/uploads\/2019\/10\/Foto_Detall-producte-Mites_720x400_JPG.jpg","contentUrl":"https:\/\/www.ecoceutics.com\/wp-content\/uploads\/2019\/10\/Foto_Detall-producte-Mites_720x400_JPG.jpg","width":720,"height":400},{"@type":"BreadcrumbList","@id":"https:\/\/www.ecoceutics.com\/ca\/respostes-de-salut\/bellesa-i-cura-personal\/acne-que-es-i-que-el-causa\/#breadcrumb","itemListElement":[{"@type":"ListItem","position":1,"name":"Portada","item":"https:\/\/www.ecoceutics.com\/ca\/"},{"@type":"ListItem","position":2,"name":"Acne: qu\u00e8 \u00e9s i qu\u00e8 el causa?"}]},{"@type":"WebSite","@id":"https:\/\/www.ecoceutics.com\/ca\/#website","url":"https:\/\/www.ecoceutics.com\/ca\/","name":"ecoceutics","description":"Primera red de farmacias independientes bajo una marca","publisher":{"@id":"https:\/\/www.ecoceutics.com\/ca\/#organization"},"potentialAction":[{"@type":"SearchAction","target":{"@type":"EntryPoint","urlTemplate":"https:\/\/www.ecoceutics.com\/ca\/?s={search_term_string}"},"query-input":{"@type":"PropertyValueSpecification","valueRequired":true,"valueName":"search_term_string"}}],"inLanguage":"ca"},{"@type":"Organization","@id":"https:\/\/www.ecoceutics.com\/ca\/#organization","name":"Ecoceutics","url":"https:\/\/www.ecoceutics.com\/ca\/","logo":{"@type":"ImageObject","inLanguage":"ca","@id":"https:\/\/www.ecoceutics.com\/ca\/#\/schema\/logo\/image\/","url":"https:\/\/www.ecoceutics.com\/wp-content\/uploads\/2022\/02\/Logo-Ecoceutics-SVG-01-1.svg","contentUrl":"https:\/\/www.ecoceutics.com\/wp-content\/uploads\/2022\/02\/Logo-Ecoceutics-SVG-01-1.svg","width":232,"height":68,"caption":"Ecoceutics"},"image":{"@id":"https:\/\/www.ecoceutics.com\/ca\/#\/schema\/logo\/image\/"}},{"@type":"Person","@id":"https:\/\/www.ecoceutics.com\/ca\/#\/schema\/person\/1ea99343a86784e00a52c8744dfc7d83","name":"Lorena Crosa","image":{"@type":"ImageObject","inLanguage":"ca","@id":"https:\/\/www.ecoceutics.com\/wp-content\/uploads\/2024\/03\/Lorena-Crosa-100x100.jpg","url":"https:\/\/www.ecoceutics.com\/wp-content\/uploads\/2024\/03\/Lorena-Crosa-100x100.jpg","contentUrl":"https:\/\/www.ecoceutics.com\/wp-content\/uploads\/2024\/03\/Lorena-Crosa-100x100.jpg","caption":"Lorena Crosa"}}]}},"_links":{"self":[{"href":"https:\/\/www.ecoceutics.com\/ca\/wp-json\/wp\/v2\/posts\/16303","targetHints":{"allow":["GET"]}}],"collection":[{"href":"https:\/\/www.ecoceutics.com\/ca\/wp-json\/wp\/v2\/posts"}],"about":[{"href":"https:\/\/www.ecoceutics.com\/ca\/wp-json\/wp\/v2\/types\/post"}],"author":[{"embeddable":true,"href":"https:\/\/www.ecoceutics.com\/ca\/wp-json\/wp\/v2\/users\/4"}],"replies":[{"embeddable":true,"href":"https:\/\/www.ecoceutics.com\/ca\/wp-json\/wp\/v2\/comments?post=16303"}],"version-history":[{"count":0,"href":"https:\/\/www.ecoceutics.com\/ca\/wp-json\/wp\/v2\/posts\/16303\/revisions"}],"wp:featuredmedia":[{"embeddable":true,"href":"https:\/\/www.ecoceutics.com\/ca\/wp-json\/wp\/v2\/media\/19355"}],"wp:attachment":[{"href":"https:\/\/www.ecoceutics.com\/ca\/wp-json\/wp\/v2\/media?parent=16303"}],"wp:term":[{"taxonomy":"category","embeddable":true,"href":"https:\/\/www.ecoceutics.com\/ca\/wp-json\/wp\/v2\/categories?post=16303"},{"taxonomy":"post_tag","embeddable":true,"href":"https:\/\/www.ecoceutics.com\/ca\/wp-json\/wp\/v2\/tags?post=16303"}],"curies":[{"name":"wp","href":"https:\/\/api.w.org\/{rel}","templated":true}]}}