{"id":16308,"date":"2019-10-25T00:00:00","date_gmt":"2019-10-24T22:00:00","guid":{"rendered":"https:\/\/www.ecoceutics.com\/nado-amb-colics-que-li-dono\/"},"modified":"2023-05-29T12:05:19","modified_gmt":"2023-05-29T10:05:19","slug":"nado-amb-colics-que-li-dono","status":"publish","type":"post","link":"https:\/\/www.ecoceutics.com\/ca\/respostes-de-salut\/embaras-i-nadons\/nado-amb-colics-que-li-dono\/","title":{"rendered":"Nad\u00f3 amb c\u00f2lics: Qu\u00e8 li dono?"},"content":{"rendered":"<p>El c\u00f2lic del lactant, tamb\u00e9 anomenat c\u00f2lic dels gasos, \u00e9s el nom que se li d\u00f3na al quadre que presenta un nad\u00f3 sa quan plora molt, t\u00e9 cara vermella, el ventre dist\u00e8s, i mai s\u2019associa a diarrea, v\u00f2mits o febre durant aquests episodis. El plor pot durar un temps que els pares perceben com excessiu o llarg, arribant a passar les tres hores di\u00e0ries diverses vegades a la setmana, per\u00f2 entre els per\u00edodes de crisi \u00e9s un nen tranquil i no t\u00e9 altres s\u00edmptomes. Els c\u00f2lics del lactant apareixen en les primeres setmanes de vida i se sol resoldre sense intervencions abans del sis\u00e8 mes de vida. La causa exacta es desconeix, per\u00f2 s\u2019han postulat les seg\u00fcents possibles raons perqu\u00e8 el nad\u00f3 se senti aix\u00ed:<\/p>\n<ul>\n<li>Causes gastrointestinals: des d\u2019immaduresa del sistema digestiu fins a problemes amb la flora intestinal, passant pel restrenyiment i l\u2019augment dels gasos per mal processament dels aliments.<\/li>\n<li>Causes psicosocials: mala t\u00e8cnica d\u2019alimentaci\u00f3, tant a l\u2019hora de succionar del pit com d\u2019utilitzar el biber\u00f3, sobreestimulaci\u00f3 del lactant, etc.<\/li>\n<li>Al\u00b7l\u00e8rgies o intoler\u00e0ncies als aliments: els nens al\u00b7l\u00e8rgics a la llet de vaca, o que han rebut anticossos contra la llet de vaca a trav\u00e9s de la llet materna, poden presentar c\u00f2lics molestos en prendre f\u00f3rmules fetes amb llet de vaca<\/li>\n<\/ul>\n<p>Fins a un 40% dels nens poden patir els c\u00f2lics del lactant, per\u00f2 no sol ser un problema per al nen: \u00e9s un problema m\u00e9s gran per als pares, que veuen plorar el nad\u00f3 sense parar i no saben com reaccionar. Pot arribar a ser una situaci\u00f3 desesperant i dif\u00edcil de gestionar, per\u00f2 l\u2019important \u00e9s saber que, en la majoria dels casos, els c\u00f2lics del lactant remeten sols i l\u2019\u00e8poca de plor passar\u00e0. Alguns casos com els relacionats amb l\u2019al\u00b7l\u00e8rgia a la f\u00f3rmula amb la qual s\u2019alimenta el nad\u00f3 o la mala t\u00e8cnica d\u2019alimentaci\u00f3 requeriran canvis. Correspon consultar el pediatre per descartar altres causes de plor i mol\u00e8sties digestives, per\u00f2 un cop rebut el diagn\u00f2stic de c\u00f2lic del lactant el pron\u00f2stic \u00e9s molt bo i nom\u00e9s cal prendre mesures per millorar els s\u00edmptomes del nen.<\/p>\n<div id=\"ez-toc-container\" class=\"ez-toc-v2_0_82_2 counter-hierarchy ez-toc-counter ez-toc-custom ez-toc-container-direction\">\n<div class=\"ez-toc-title-container\">\n<p class=\"ez-toc-title\" style=\"cursor:inherit\">Contenido de la p\u00e1gina<\/p>\n<span class=\"ez-toc-title-toggle\"><a href=\"#\" class=\"ez-toc-pull-right ez-toc-btn ez-toc-btn-xs ez-toc-btn-default ez-toc-toggle\" aria-label=\"Toggle Table of Content\"><span class=\"ez-toc-js-icon-con\"><span class=\"\"><span class=\"eztoc-hide\" style=\"display:none;\">Toggle<\/span><span class=\"ez-toc-icon-toggle-span\"><svg style=\"fill: #333333;color:#333333\" xmlns=\"http:\/\/www.w3.org\/2000\/svg\" class=\"list-377408\" width=\"20px\" height=\"20px\" viewBox=\"0 0 24 24\" fill=\"none\"><path d=\"M6 6H4v2h2V6zm14 0H8v2h12V6zM4 11h2v2H4v-2zm16 0H8v2h12v-2zM4 16h2v2H4v-2zm16 0H8v2h12v-2z\" fill=\"currentColor\"><\/path><\/svg><svg style=\"fill: #333333;color:#333333\" class=\"arrow-unsorted-368013\" xmlns=\"http:\/\/www.w3.org\/2000\/svg\" width=\"10px\" height=\"10px\" viewBox=\"0 0 24 24\" version=\"1.2\" baseProfile=\"tiny\"><path d=\"M18.2 9.3l-6.2-6.3-6.2 6.3c-.2.2-.3.4-.3.7s.1.5.3.7c.2.2.4.3.7.3h11c.3 0 .5-.1.7-.3.2-.2.3-.5.3-.7s-.1-.5-.3-.7zM5.8 14.7l6.2 6.3 6.2-6.3c.2-.2.3-.5.3-.7s-.1-.5-.3-.7c-.2-.2-.4-.3-.7-.3h-11c-.3 0-.5.1-.7.3-.2.2-.3.5-.3.7s.1.5.3.7z\"\/><\/svg><\/span><\/span><\/span><\/a><\/span><\/div>\n<nav><ul class='ez-toc-list ez-toc-list-level-1 ' ><li class='ez-toc-page-1 ez-toc-heading-level-2'><a class=\"ez-toc-link ez-toc-heading-1\" href=\"https:\/\/www.ecoceutics.com\/ca\/respostes-de-salut\/embaras-i-nadons\/nado-amb-colics-que-li-dono\/#quins-medicaments-es-poden-utilitzar-per-al-colic-del-lactant\" >Quins medicaments es poden utilitzar per al c\u00f2lic del lactant?<\/a><\/li><li class='ez-toc-page-1 ez-toc-heading-level-2'><a class=\"ez-toc-link ez-toc-heading-2\" href=\"https:\/\/www.ecoceutics.com\/ca\/respostes-de-salut\/embaras-i-nadons\/nado-amb-colics-que-li-dono\/#quins-altres-remeis-hi-ha-per-al-colic-del-lactant\" >Quins altres remeis hi ha per al c\u00f2lic del lactant?<\/a><\/li><li class='ez-toc-page-1 ez-toc-heading-level-2'><a class=\"ez-toc-link ez-toc-heading-3\" href=\"https:\/\/www.ecoceutics.com\/ca\/respostes-de-salut\/embaras-i-nadons\/nado-amb-colics-que-li-dono\/#i-per-als-nens-que-prenen-formula-o-bibero-i-tenen-colics-%e2%80%a6\" >I per als nens que prenen f\u00f2rmula o biber\u00f3 i tenen c\u00f2lics \u2026<\/a><\/li><\/ul><\/nav><\/div>\n<h2><span class=\"ez-toc-section\" id=\"quins-medicaments-es-poden-utilitzar-per-al-colic-del-lactant\"><\/span>Quins medicaments es poden utilitzar per al c\u00f2lic del lactant?<span class=\"ez-toc-section-end\"><\/span><\/h2>\n<p>Realment, medicaments com a tals hi ha pocs. Els nadons poden utilitzar la simeticona, que ajuda a disgregar els gasos en el medi l\u00edquid de l\u2019intest\u00ed evitant la inflor i el dolor produ\u00eft en moure\u2019s el gas per la panxa del nad\u00f3. La simeticona no s\u2019absorbeix per l\u2019intest\u00ed, per la qual cosa es considera segur per a nens i lactants. Pot causar m\u00e9s gasos, ja que ajuda a eliminar l\u2019aire, per\u00f2 no sol causar altres efectes adversos. Aix\u00f2 s\u00ed, ajudar\u00e0 nom\u00e9s en el cas que els c\u00f2lics es deguin a gasos: si es deuen a qualsevol altra ra\u00f3, aquest medicament no ser\u00e0 efectiu.<\/p>\n<h2><span class=\"ez-toc-section\" id=\"quins-altres-remeis-hi-ha-per-al-colic-del-lactant\"><\/span>Quins altres remeis hi ha per al c\u00f2lic del lactant?<span class=\"ez-toc-section-end\"><\/span><\/h2>\n<p>Una possibilitat \u00e9s utilitzar\u00a0<span class=\"hiddenSpellError\">Eupeptin<\/span>\u00a0<span class=\"hiddenSpellError\">Kids\u00ae<\/span>, un complement alimentari que combina un enzim digestiu anomenat pepsina amb sals de sodi i magnesi. La pepsina facilita la digesti\u00f3 de les prote\u00efnes de la llet i altres aliments, mentre que les sals afavoreixen una evacuaci\u00f3 normal i sense mol\u00e8sties. La combinaci\u00f3 facilita l\u2019evacuaci\u00f3 normal i sense mol\u00e8sties, alleujant el restrenyiment i c\u00f2lics associats en lactants i en nens.<\/p>\n<p>El problema de les infusions \u00e9s el volum i la seva preparaci\u00f3: si es preparen en molt l\u00edquid, omplen la panxa del nad\u00f3 i eviten que prengui el volum de llet que beurien amb l\u2019est\u00f3mac buit. \u00c9s convenient utilitzar-les durant temps curts si el nad\u00f3 ho passa malament, per\u00f2 no s\u2019haurien d\u2019utilitzar com un complement alimentari d\u2019\u00fas rutinari durant moltes setmanes.<\/p>\n<p>Per via oral tamb\u00e9 hi ha preparats de probi\u00f2tics, amb o sense afegits d\u2019origen vegetal. El cep que ha demostrat funcionar es diu Lactobacillus reuterii i funcionen b\u00e9 en casos de c\u00f2lics del lactant relacionats amb afectacions de la digesti\u00f3 del nad\u00f3 a causa d\u2019una flora intestinal immadura.<\/p>\n<p>Els massatges realitzats en el ventre del nad\u00f3 no nom\u00e9s ajuden a fer que els gasos es moguin per la seva panxeta, sin\u00f3 que a m\u00e9s s\u00f3n relaxants per al mateix nad\u00f3. No s\u2019han de realitzar durant l\u2019atac de plor, sin\u00f3 despr\u00e9s d\u2019un bany o d\u2019un canvi de bolquer. Pots ajudar el moviment amb oli d\u2019ametlles, crema de nad\u00f3, o aprofitar productes espec\u00edfics per al c\u00f2lic del lactant que, a m\u00e9s de facilitar el massatge, estan preparats amb olis essencials digestius i calmants.<\/p>\n<h2><span class=\"ez-toc-section\" id=\"i-per-als-nens-que-prenen-formula-o-bibero-i-tenen-colics-%e2%80%a6\"><\/span>I per als nens que prenen f\u00f2rmula o biber\u00f3 i tenen c\u00f2lics \u2026<span class=\"ez-toc-section-end\"><\/span><\/h2>\n<p>En el cas dels nens que utilitzen llet de f\u00f3rmula es pot intentar canviar-li la marca utilitzant preparats que modifiquen la seva f\u00f3rmula perqu\u00e8 no causin (punts) c\u00f2lics. Les f\u00f3rmules\u00a0<span class=\"hiddenSpellError\">antic\u00f2lics<\/span>\u00a0s\u2019identifiquen perqu\u00e8 solen portar les sigles\u00a0<span class=\"hiddenSpellError\">AC<\/span>\u00a0o les paraules Confort, Digest o similar. Les f\u00f3rmules de llet\u00a0<span class=\"hiddenSpellError\">antic\u00f2lics<\/span>\u00a0solen tenir prote\u00efnes \u00abpr\u00e8viament hidrolitzades\u00bb, \u00e9s a dir, tractades perqu\u00e8 l\u2019intest\u00ed del nad\u00f3 tingui menys treball per a digerir la f\u00f3rmula. Tamb\u00e9 tenen un contingut menor en lactosa, que \u00e9s un sucre que pot generar gasos, i se li afegeixen productes perqu\u00e8 la flora intestinal es desenvolupi b\u00e9 (<span class=\"hiddenSpellError\">fructooligosac\u00e0rids<\/span>\u00a0i altres prebi\u00f2tics).<\/p>\n<p>La preparaci\u00f3 del biber\u00f3 pot influir en els c\u00f2lics, ja que si agites molt la llet, pot formar escuma. I l\u2019escuma \u00e9s aire atrapat en la llet, aire que en entrar al sistema digestiu del nad\u00f3 causar\u00e0 gasos. Encara que la tetina sigui antic\u00f2lic, si l\u2019aire ja \u00e9s a la llet des del moment de la preparaci\u00f3 el nad\u00f3, s\u2019ho empassar\u00e0, ja que els sistemes antic\u00f2lics dels biberons eviten que entri aire en succionar, per\u00f2 no treuen l\u2019aire que ja est\u00e0 dissolt. A YouTube hi ha diversos v\u00eddeos que mostren com preparar un biber\u00f3: alguns ho sacsegen com si fos una maraca, altres ho fan girar entre les mans, i hi ha qui agita amb una cullera de m\u00e0nec llarg o un ganivet ben net. Tots aconsegueixen que la pols es dissolgui, per\u00f2 el que menys aire ingressa a la llet \u00e9s l\u2019\u00faltim m\u00e8tode.<\/p>\n<p>Si el nen plora molt i sospites que pateix de c\u00f2lic del lactant pots provar alguna d\u2019aquestes solucions, per\u00f2 si no s\u00f3n efectives, consulta al pediatre. El fonamental \u00e9s que no perdis la calma durant els episodis de plor, ja que el nad\u00f3 nota si els seus pares estan ansiosos i afectats, i li ser\u00e0 m\u00e9s dif\u00edcil calmar-encara. Recorda que els c\u00f2lics del lactant passaran, ja que es resolen quan el sistema digestiu del nad\u00f3 madura i no afecten el desenvolupament posterior del nen. Mentrestant molts mims, molts massatgets \u2026 i molta paci\u00e8ncia!<\/p>\n","protected":false},"excerpt":{"rendered":"<p>El c\u00f2lic del lactant, tamb\u00e9 anomenat c\u00f2lic dels gasos, \u00e9s el nom que se li d\u00f3na al quadre que presenta un nad\u00f3 sa quan plora molt, t\u00e9 cara vermella, el ventre dist\u00e8s, i mai s\u2019associa a diarrea, v\u00f2mits o febre durant aquests episodis. El plor pot durar un temps que els pares perceben com excessiu [&hellip;]<\/p>\n","protected":false},"author":4,"featured_media":17652,"comment_status":"closed","ping_status":"closed","sticky":false,"template":"","format":"standard","meta":{"_acf_changed":false,"inline_featured_image":false,"_mbp_gutenberg_autopost":false,"footnotes":""},"categories":[4,58],"tags":[],"class_list":["post-16308","post","type-post","status-publish","format-standard","has-post-thumbnail","hentry","category-respostes-de-salut","category-embaras-i-nadons"],"acf":[],"yoast_head":"<!-- This site is optimized with the Yoast SEO plugin v27.4 - https:\/\/yoast.com\/product\/yoast-seo-wordpress\/ -->\n<title>Nad\u00f3 amb c\u00f2lics: Qu\u00e8 li dono? - ecoceutics<\/title>\n<meta name=\"description\" content=\"El teu nad\u00f3 t\u00e9 c\u00f2lics de lactant? Vols saber que li pots donar? Entra a Ecoceutics per saber quins medicaments pots utilitzar pel teu nad\u00f3 amb c\u00f2lics.\" \/>\n<meta name=\"robots\" content=\"index, follow, max-snippet:-1, max-image-preview:large, max-video-preview:-1\" \/>\n<link rel=\"canonical\" href=\"https:\/\/www.ecoceutics.com\/ca\/respostes-de-salut\/embaras-i-nadons\/nado-amb-colics-que-li-dono\/\" \/>\n<meta property=\"og:locale\" content=\"ca_ES\" \/>\n<meta property=\"og:type\" content=\"article\" \/>\n<meta property=\"og:title\" content=\"Nad\u00f3 amb c\u00f2lics: Qu\u00e8 li dono? - ecoceutics\" \/>\n<meta property=\"og:description\" content=\"El teu nad\u00f3 t\u00e9 c\u00f2lics de lactant? Vols saber que li pots donar? Entra a Ecoceutics per saber quins medicaments pots utilitzar pel teu nad\u00f3 amb c\u00f2lics.\" \/>\n<meta property=\"og:url\" content=\"https:\/\/www.ecoceutics.com\/ca\/respostes-de-salut\/embaras-i-nadons\/nado-amb-colics-que-li-dono\/\" \/>\n<meta property=\"og:site_name\" content=\"ecoceutics\" \/>\n<meta property=\"article:published_time\" content=\"2019-10-24T22:00:00+00:00\" \/>\n<meta property=\"article:modified_time\" content=\"2023-05-29T10:05:19+00:00\" \/>\n<meta property=\"og:image\" content=\"https:\/\/www.ecoceutics.com\/wp-content\/uploads\/2021\/09\/1Plantilla_FOTOS-EXTERIOR-POST-5.jpg\" \/>\n\t<meta property=\"og:image:width\" content=\"800\" \/>\n\t<meta property=\"og:image:height\" content=\"800\" \/>\n\t<meta property=\"og:image:type\" content=\"image\/png\" \/>\n<meta name=\"author\" content=\"Lorena Crosa\" \/>\n<meta name=\"twitter:card\" content=\"summary_large_image\" \/>\n<meta name=\"twitter:label1\" content=\"Escrit per\" \/>\n\t<meta name=\"twitter:data1\" content=\"Lorena Crosa\" \/>\n\t<meta name=\"twitter:label2\" content=\"Temps estimat de lectura\" \/>\n\t<meta name=\"twitter:data2\" content=\"5 minuts\" \/>\n<script type=\"application\/ld+json\" class=\"yoast-schema-graph\">{\"@context\":\"https:\\\/\\\/schema.org\",\"@graph\":[{\"@type\":\"Article\",\"@id\":\"https:\\\/\\\/www.ecoceutics.com\\\/ca\\\/respostes-de-salut\\\/embaras-i-nadons\\\/nado-amb-colics-que-li-dono\\\/#article\",\"isPartOf\":{\"@id\":\"https:\\\/\\\/www.ecoceutics.com\\\/ca\\\/respostes-de-salut\\\/embaras-i-nadons\\\/nado-amb-colics-que-li-dono\\\/\"},\"author\":{\"name\":\"Lorena Crosa\",\"@id\":\"https:\\\/\\\/www.ecoceutics.com\\\/ca\\\/#\\\/schema\\\/person\\\/1ea99343a86784e00a52c8744dfc7d83\"},\"headline\":\"Nad\u00f3 amb c\u00f2lics: Qu\u00e8 li dono?\",\"datePublished\":\"2019-10-24T22:00:00+00:00\",\"dateModified\":\"2023-05-29T10:05:19+00:00\",\"mainEntityOfPage\":{\"@id\":\"https:\\\/\\\/www.ecoceutics.com\\\/ca\\\/respostes-de-salut\\\/embaras-i-nadons\\\/nado-amb-colics-que-li-dono\\\/\"},\"wordCount\":1202,\"publisher\":{\"@id\":\"https:\\\/\\\/www.ecoceutics.com\\\/ca\\\/#organization\"},\"image\":{\"@id\":\"https:\\\/\\\/www.ecoceutics.com\\\/ca\\\/respostes-de-salut\\\/embaras-i-nadons\\\/nado-amb-colics-que-li-dono\\\/#primaryimage\"},\"thumbnailUrl\":\"https:\\\/\\\/www.ecoceutics.com\\\/wp-content\\\/uploads\\\/2021\\\/09\\\/1Plantilla_FOTOS-EXTERIOR-POST-5.jpg\",\"articleSection\":[\"Respostes de salut\",\"Embar\u00e0s i nadons\"],\"inLanguage\":\"ca\"},{\"@type\":\"WebPage\",\"@id\":\"https:\\\/\\\/www.ecoceutics.com\\\/ca\\\/respostes-de-salut\\\/embaras-i-nadons\\\/nado-amb-colics-que-li-dono\\\/\",\"url\":\"https:\\\/\\\/www.ecoceutics.com\\\/ca\\\/respostes-de-salut\\\/embaras-i-nadons\\\/nado-amb-colics-que-li-dono\\\/\",\"name\":\"Nad\u00f3 amb c\u00f2lics: Qu\u00e8 li dono? - ecoceutics\",\"isPartOf\":{\"@id\":\"https:\\\/\\\/www.ecoceutics.com\\\/ca\\\/#website\"},\"primaryImageOfPage\":{\"@id\":\"https:\\\/\\\/www.ecoceutics.com\\\/ca\\\/respostes-de-salut\\\/embaras-i-nadons\\\/nado-amb-colics-que-li-dono\\\/#primaryimage\"},\"image\":{\"@id\":\"https:\\\/\\\/www.ecoceutics.com\\\/ca\\\/respostes-de-salut\\\/embaras-i-nadons\\\/nado-amb-colics-que-li-dono\\\/#primaryimage\"},\"thumbnailUrl\":\"https:\\\/\\\/www.ecoceutics.com\\\/wp-content\\\/uploads\\\/2021\\\/09\\\/1Plantilla_FOTOS-EXTERIOR-POST-5.jpg\",\"datePublished\":\"2019-10-24T22:00:00+00:00\",\"dateModified\":\"2023-05-29T10:05:19+00:00\",\"description\":\"El teu nad\u00f3 t\u00e9 c\u00f2lics de lactant? Vols saber que li pots donar? Entra a Ecoceutics per saber quins medicaments pots utilitzar pel teu nad\u00f3 amb c\u00f2lics.\",\"breadcrumb\":{\"@id\":\"https:\\\/\\\/www.ecoceutics.com\\\/ca\\\/respostes-de-salut\\\/embaras-i-nadons\\\/nado-amb-colics-que-li-dono\\\/#breadcrumb\"},\"inLanguage\":\"ca\",\"potentialAction\":[{\"@type\":\"ReadAction\",\"target\":[\"https:\\\/\\\/www.ecoceutics.com\\\/ca\\\/respostes-de-salut\\\/embaras-i-nadons\\\/nado-amb-colics-que-li-dono\\\/\"]}]},{\"@type\":\"ImageObject\",\"inLanguage\":\"ca\",\"@id\":\"https:\\\/\\\/www.ecoceutics.com\\\/ca\\\/respostes-de-salut\\\/embaras-i-nadons\\\/nado-amb-colics-que-li-dono\\\/#primaryimage\",\"url\":\"https:\\\/\\\/www.ecoceutics.com\\\/wp-content\\\/uploads\\\/2021\\\/09\\\/1Plantilla_FOTOS-EXTERIOR-POST-5.jpg\",\"contentUrl\":\"https:\\\/\\\/www.ecoceutics.com\\\/wp-content\\\/uploads\\\/2021\\\/09\\\/1Plantilla_FOTOS-EXTERIOR-POST-5.jpg\",\"width\":800,\"height\":800},{\"@type\":\"BreadcrumbList\",\"@id\":\"https:\\\/\\\/www.ecoceutics.com\\\/ca\\\/respostes-de-salut\\\/embaras-i-nadons\\\/nado-amb-colics-que-li-dono\\\/#breadcrumb\",\"itemListElement\":[{\"@type\":\"ListItem\",\"position\":1,\"name\":\"Portada\",\"item\":\"https:\\\/\\\/www.ecoceutics.com\\\/ca\\\/\"},{\"@type\":\"ListItem\",\"position\":2,\"name\":\"Nad\u00f3 amb c\u00f2lics: Qu\u00e8 li dono?\"}]},{\"@type\":\"WebSite\",\"@id\":\"https:\\\/\\\/www.ecoceutics.com\\\/ca\\\/#website\",\"url\":\"https:\\\/\\\/www.ecoceutics.com\\\/ca\\\/\",\"name\":\"ecoceutics\",\"description\":\"Primera red de farmacias independientes bajo una marca\",\"publisher\":{\"@id\":\"https:\\\/\\\/www.ecoceutics.com\\\/ca\\\/#organization\"},\"potentialAction\":[{\"@type\":\"SearchAction\",\"target\":{\"@type\":\"EntryPoint\",\"urlTemplate\":\"https:\\\/\\\/www.ecoceutics.com\\\/ca\\\/?s={search_term_string}\"},\"query-input\":{\"@type\":\"PropertyValueSpecification\",\"valueRequired\":true,\"valueName\":\"search_term_string\"}}],\"inLanguage\":\"ca\"},{\"@type\":\"Organization\",\"@id\":\"https:\\\/\\\/www.ecoceutics.com\\\/ca\\\/#organization\",\"name\":\"Ecoceutics\",\"url\":\"https:\\\/\\\/www.ecoceutics.com\\\/ca\\\/\",\"logo\":{\"@type\":\"ImageObject\",\"inLanguage\":\"ca\",\"@id\":\"https:\\\/\\\/www.ecoceutics.com\\\/ca\\\/#\\\/schema\\\/logo\\\/image\\\/\",\"url\":\"https:\\\/\\\/www.ecoceutics.com\\\/wp-content\\\/uploads\\\/2022\\\/02\\\/Logo-Ecoceutics-SVG-01-1.svg\",\"contentUrl\":\"https:\\\/\\\/www.ecoceutics.com\\\/wp-content\\\/uploads\\\/2022\\\/02\\\/Logo-Ecoceutics-SVG-01-1.svg\",\"width\":232,\"height\":68,\"caption\":\"Ecoceutics\"},\"image\":{\"@id\":\"https:\\\/\\\/www.ecoceutics.com\\\/ca\\\/#\\\/schema\\\/logo\\\/image\\\/\"}},{\"@type\":\"Person\",\"@id\":\"https:\\\/\\\/www.ecoceutics.com\\\/ca\\\/#\\\/schema\\\/person\\\/1ea99343a86784e00a52c8744dfc7d83\",\"name\":\"Lorena Crosa\",\"image\":{\"@type\":\"ImageObject\",\"inLanguage\":\"ca\",\"@id\":\"https:\\\/\\\/www.ecoceutics.com\\\/wp-content\\\/uploads\\\/2024\\\/03\\\/Lorena-Crosa-100x100.jpg\",\"url\":\"https:\\\/\\\/www.ecoceutics.com\\\/wp-content\\\/uploads\\\/2024\\\/03\\\/Lorena-Crosa-100x100.jpg\",\"contentUrl\":\"https:\\\/\\\/www.ecoceutics.com\\\/wp-content\\\/uploads\\\/2024\\\/03\\\/Lorena-Crosa-100x100.jpg\",\"caption\":\"Lorena Crosa\"}}]}<\/script>\n<!-- \/ Yoast SEO plugin. -->","yoast_head_json":{"title":"Nad\u00f3 amb c\u00f2lics: Qu\u00e8 li dono? - ecoceutics","description":"El teu nad\u00f3 t\u00e9 c\u00f2lics de lactant? Vols saber que li pots donar? Entra a Ecoceutics per saber quins medicaments pots utilitzar pel teu nad\u00f3 amb c\u00f2lics.","robots":{"index":"index","follow":"follow","max-snippet":"max-snippet:-1","max-image-preview":"max-image-preview:large","max-video-preview":"max-video-preview:-1"},"canonical":"https:\/\/www.ecoceutics.com\/ca\/respostes-de-salut\/embaras-i-nadons\/nado-amb-colics-que-li-dono\/","og_locale":"ca_ES","og_type":"article","og_title":"Nad\u00f3 amb c\u00f2lics: Qu\u00e8 li dono? - ecoceutics","og_description":"El teu nad\u00f3 t\u00e9 c\u00f2lics de lactant? Vols saber que li pots donar? Entra a Ecoceutics per saber quins medicaments pots utilitzar pel teu nad\u00f3 amb c\u00f2lics.","og_url":"https:\/\/www.ecoceutics.com\/ca\/respostes-de-salut\/embaras-i-nadons\/nado-amb-colics-que-li-dono\/","og_site_name":"ecoceutics","article_published_time":"2019-10-24T22:00:00+00:00","article_modified_time":"2023-05-29T10:05:19+00:00","og_image":[{"width":800,"height":800,"url":"https:\/\/www.ecoceutics.com\/wp-content\/uploads\/2021\/09\/1Plantilla_FOTOS-EXTERIOR-POST-5.jpg","type":"image\/png"}],"author":"Lorena Crosa","twitter_card":"summary_large_image","twitter_misc":{"Escrit per":"Lorena Crosa","Temps estimat de lectura":"5 minuts"},"schema":{"@context":"https:\/\/schema.org","@graph":[{"@type":"Article","@id":"https:\/\/www.ecoceutics.com\/ca\/respostes-de-salut\/embaras-i-nadons\/nado-amb-colics-que-li-dono\/#article","isPartOf":{"@id":"https:\/\/www.ecoceutics.com\/ca\/respostes-de-salut\/embaras-i-nadons\/nado-amb-colics-que-li-dono\/"},"author":{"name":"Lorena Crosa","@id":"https:\/\/www.ecoceutics.com\/ca\/#\/schema\/person\/1ea99343a86784e00a52c8744dfc7d83"},"headline":"Nad\u00f3 amb c\u00f2lics: Qu\u00e8 li dono?","datePublished":"2019-10-24T22:00:00+00:00","dateModified":"2023-05-29T10:05:19+00:00","mainEntityOfPage":{"@id":"https:\/\/www.ecoceutics.com\/ca\/respostes-de-salut\/embaras-i-nadons\/nado-amb-colics-que-li-dono\/"},"wordCount":1202,"publisher":{"@id":"https:\/\/www.ecoceutics.com\/ca\/#organization"},"image":{"@id":"https:\/\/www.ecoceutics.com\/ca\/respostes-de-salut\/embaras-i-nadons\/nado-amb-colics-que-li-dono\/#primaryimage"},"thumbnailUrl":"https:\/\/www.ecoceutics.com\/wp-content\/uploads\/2021\/09\/1Plantilla_FOTOS-EXTERIOR-POST-5.jpg","articleSection":["Respostes de salut","Embar\u00e0s i nadons"],"inLanguage":"ca"},{"@type":"WebPage","@id":"https:\/\/www.ecoceutics.com\/ca\/respostes-de-salut\/embaras-i-nadons\/nado-amb-colics-que-li-dono\/","url":"https:\/\/www.ecoceutics.com\/ca\/respostes-de-salut\/embaras-i-nadons\/nado-amb-colics-que-li-dono\/","name":"Nad\u00f3 amb c\u00f2lics: Qu\u00e8 li dono? - ecoceutics","isPartOf":{"@id":"https:\/\/www.ecoceutics.com\/ca\/#website"},"primaryImageOfPage":{"@id":"https:\/\/www.ecoceutics.com\/ca\/respostes-de-salut\/embaras-i-nadons\/nado-amb-colics-que-li-dono\/#primaryimage"},"image":{"@id":"https:\/\/www.ecoceutics.com\/ca\/respostes-de-salut\/embaras-i-nadons\/nado-amb-colics-que-li-dono\/#primaryimage"},"thumbnailUrl":"https:\/\/www.ecoceutics.com\/wp-content\/uploads\/2021\/09\/1Plantilla_FOTOS-EXTERIOR-POST-5.jpg","datePublished":"2019-10-24T22:00:00+00:00","dateModified":"2023-05-29T10:05:19+00:00","description":"El teu nad\u00f3 t\u00e9 c\u00f2lics de lactant? Vols saber que li pots donar? Entra a Ecoceutics per saber quins medicaments pots utilitzar pel teu nad\u00f3 amb c\u00f2lics.","breadcrumb":{"@id":"https:\/\/www.ecoceutics.com\/ca\/respostes-de-salut\/embaras-i-nadons\/nado-amb-colics-que-li-dono\/#breadcrumb"},"inLanguage":"ca","potentialAction":[{"@type":"ReadAction","target":["https:\/\/www.ecoceutics.com\/ca\/respostes-de-salut\/embaras-i-nadons\/nado-amb-colics-que-li-dono\/"]}]},{"@type":"ImageObject","inLanguage":"ca","@id":"https:\/\/www.ecoceutics.com\/ca\/respostes-de-salut\/embaras-i-nadons\/nado-amb-colics-que-li-dono\/#primaryimage","url":"https:\/\/www.ecoceutics.com\/wp-content\/uploads\/2021\/09\/1Plantilla_FOTOS-EXTERIOR-POST-5.jpg","contentUrl":"https:\/\/www.ecoceutics.com\/wp-content\/uploads\/2021\/09\/1Plantilla_FOTOS-EXTERIOR-POST-5.jpg","width":800,"height":800},{"@type":"BreadcrumbList","@id":"https:\/\/www.ecoceutics.com\/ca\/respostes-de-salut\/embaras-i-nadons\/nado-amb-colics-que-li-dono\/#breadcrumb","itemListElement":[{"@type":"ListItem","position":1,"name":"Portada","item":"https:\/\/www.ecoceutics.com\/ca\/"},{"@type":"ListItem","position":2,"name":"Nad\u00f3 amb c\u00f2lics: Qu\u00e8 li dono?"}]},{"@type":"WebSite","@id":"https:\/\/www.ecoceutics.com\/ca\/#website","url":"https:\/\/www.ecoceutics.com\/ca\/","name":"ecoceutics","description":"Primera red de farmacias independientes bajo una marca","publisher":{"@id":"https:\/\/www.ecoceutics.com\/ca\/#organization"},"potentialAction":[{"@type":"SearchAction","target":{"@type":"EntryPoint","urlTemplate":"https:\/\/www.ecoceutics.com\/ca\/?s={search_term_string}"},"query-input":{"@type":"PropertyValueSpecification","valueRequired":true,"valueName":"search_term_string"}}],"inLanguage":"ca"},{"@type":"Organization","@id":"https:\/\/www.ecoceutics.com\/ca\/#organization","name":"Ecoceutics","url":"https:\/\/www.ecoceutics.com\/ca\/","logo":{"@type":"ImageObject","inLanguage":"ca","@id":"https:\/\/www.ecoceutics.com\/ca\/#\/schema\/logo\/image\/","url":"https:\/\/www.ecoceutics.com\/wp-content\/uploads\/2022\/02\/Logo-Ecoceutics-SVG-01-1.svg","contentUrl":"https:\/\/www.ecoceutics.com\/wp-content\/uploads\/2022\/02\/Logo-Ecoceutics-SVG-01-1.svg","width":232,"height":68,"caption":"Ecoceutics"},"image":{"@id":"https:\/\/www.ecoceutics.com\/ca\/#\/schema\/logo\/image\/"}},{"@type":"Person","@id":"https:\/\/www.ecoceutics.com\/ca\/#\/schema\/person\/1ea99343a86784e00a52c8744dfc7d83","name":"Lorena Crosa","image":{"@type":"ImageObject","inLanguage":"ca","@id":"https:\/\/www.ecoceutics.com\/wp-content\/uploads\/2024\/03\/Lorena-Crosa-100x100.jpg","url":"https:\/\/www.ecoceutics.com\/wp-content\/uploads\/2024\/03\/Lorena-Crosa-100x100.jpg","contentUrl":"https:\/\/www.ecoceutics.com\/wp-content\/uploads\/2024\/03\/Lorena-Crosa-100x100.jpg","caption":"Lorena Crosa"}}]}},"_links":{"self":[{"href":"https:\/\/www.ecoceutics.com\/ca\/wp-json\/wp\/v2\/posts\/16308","targetHints":{"allow":["GET"]}}],"collection":[{"href":"https:\/\/www.ecoceutics.com\/ca\/wp-json\/wp\/v2\/posts"}],"about":[{"href":"https:\/\/www.ecoceutics.com\/ca\/wp-json\/wp\/v2\/types\/post"}],"author":[{"embeddable":true,"href":"https:\/\/www.ecoceutics.com\/ca\/wp-json\/wp\/v2\/users\/4"}],"replies":[{"embeddable":true,"href":"https:\/\/www.ecoceutics.com\/ca\/wp-json\/wp\/v2\/comments?post=16308"}],"version-history":[{"count":0,"href":"https:\/\/www.ecoceutics.com\/ca\/wp-json\/wp\/v2\/posts\/16308\/revisions"}],"wp:featuredmedia":[{"embeddable":true,"href":"https:\/\/www.ecoceutics.com\/ca\/wp-json\/wp\/v2\/media\/17652"}],"wp:attachment":[{"href":"https:\/\/www.ecoceutics.com\/ca\/wp-json\/wp\/v2\/media?parent=16308"}],"wp:term":[{"taxonomy":"category","embeddable":true,"href":"https:\/\/www.ecoceutics.com\/ca\/wp-json\/wp\/v2\/categories?post=16308"},{"taxonomy":"post_tag","embeddable":true,"href":"https:\/\/www.ecoceutics.com\/ca\/wp-json\/wp\/v2\/tags?post=16308"}],"curies":[{"name":"wp","href":"https:\/\/api.w.org\/{rel}","templated":true}]}}