{"id":16311,"date":"2019-11-07T00:00:00","date_gmt":"2019-11-06T23:00:00","guid":{"rendered":"https:\/\/www.ecoceutics.com\/que-faig-si-es-dona-un-cop-al-cap\/"},"modified":"2023-05-29T12:04:41","modified_gmt":"2023-05-29T10:04:41","slug":"que-faig-si-es-dona-un-cop-al-cap","status":"publish","type":"post","link":"https:\/\/www.ecoceutics.com\/ca\/respostes-de-salut\/embaras-i-nadons\/que-faig-si-es-dona-un-cop-al-cap\/","title":{"rendered":"Qu\u00e8 faig si es d\u00f3na un cop al cap?"},"content":{"rendered":"<p>Els cops al cap s\u00f3n for\u00e7a freq\u00fcents en els nens petits. Els nens es mouen, comencen a caminar, a c\u00f3rrer, a saltar, a pujar a les bicicletes, i no tenen les habilitats f\u00edsiques necess\u00e0ries per fer-ho b\u00e9 des del principi, per aix\u00f2 cauen, ensopeguen i es donen cops al cap. \u00c9s un motiu de preocupaci\u00f3 per als pares, ja que: com saber si un cop al cap del nen requereix anar al metge o no? Usualment un cop lleu al cap no sol donar problemes. Podria ser un problema major si el cop va ser molt fort, es va produir en caure des de dalt, o es deriva d\u2019un accident (cotxe o bicicleta, per exemple). La gravetat dependr\u00e0 de diversos factors, entre ells l\u2019edat del nen: com m\u00e9s petit m\u00e9s possible \u00e9s que hi hagi un problema cerebral.<\/p>\n<div id=\"ez-toc-container\" class=\"ez-toc-v2_0_82_2 counter-hierarchy ez-toc-counter ez-toc-custom ez-toc-container-direction\">\n<div class=\"ez-toc-title-container\">\n<p class=\"ez-toc-title\" style=\"cursor:inherit\">Contenido de la p\u00e1gina<\/p>\n<span class=\"ez-toc-title-toggle\"><a href=\"#\" class=\"ez-toc-pull-right ez-toc-btn ez-toc-btn-xs ez-toc-btn-default ez-toc-toggle\" aria-label=\"Toggle Table of Content\"><span class=\"ez-toc-js-icon-con\"><span class=\"\"><span class=\"eztoc-hide\" style=\"display:none;\">Toggle<\/span><span class=\"ez-toc-icon-toggle-span\"><svg style=\"fill: #333333;color:#333333\" xmlns=\"http:\/\/www.w3.org\/2000\/svg\" class=\"list-377408\" width=\"20px\" height=\"20px\" viewBox=\"0 0 24 24\" fill=\"none\"><path d=\"M6 6H4v2h2V6zm14 0H8v2h12V6zM4 11h2v2H4v-2zm16 0H8v2h12v-2zM4 16h2v2H4v-2zm16 0H8v2h12v-2z\" fill=\"currentColor\"><\/path><\/svg><svg style=\"fill: #333333;color:#333333\" class=\"arrow-unsorted-368013\" xmlns=\"http:\/\/www.w3.org\/2000\/svg\" width=\"10px\" height=\"10px\" viewBox=\"0 0 24 24\" version=\"1.2\" baseProfile=\"tiny\"><path d=\"M18.2 9.3l-6.2-6.3-6.2 6.3c-.2.2-.3.4-.3.7s.1.5.3.7c.2.2.4.3.7.3h11c.3 0 .5-.1.7-.3.2-.2.3-.5.3-.7s-.1-.5-.3-.7zM5.8 14.7l6.2 6.3 6.2-6.3c.2-.2.3-.5.3-.7s-.1-.5-.3-.7c-.2-.2-.4-.3-.7-.3h-11c-.3 0-.5.1-.7.3-.2.2-.3.5-.3.7s.1.5.3.7z\"\/><\/svg><\/span><\/span><\/span><\/a><\/span><\/div>\n<nav><ul class='ez-toc-list ez-toc-list-level-1 ' ><li class='ez-toc-page-1 ez-toc-heading-level-2'><a class=\"ez-toc-link ez-toc-heading-1\" href=\"https:\/\/www.ecoceutics.com\/ca\/respostes-de-salut\/embaras-i-nadons\/que-faig-si-es-dona-un-cop-al-cap\/#quins-simptomes-indiquen-que-cal-veure-a-un-metge\" >Quins s\u00edmptomes indiquen que cal veure a un metge?<\/a><\/li><li class='ez-toc-page-1 ez-toc-heading-level-2'><a class=\"ez-toc-link ez-toc-heading-2\" href=\"https:\/\/www.ecoceutics.com\/ca\/respostes-de-salut\/embaras-i-nadons\/que-faig-si-es-dona-un-cop-al-cap\/#i-si-es-un-cop-al-cap-lleu\" >I si \u00e9s un cop al cap lleu?<\/a><\/li><li class='ez-toc-page-1 ez-toc-heading-level-2'><a class=\"ez-toc-link ez-toc-heading-3\" href=\"https:\/\/www.ecoceutics.com\/ca\/respostes-de-salut\/embaras-i-nadons\/que-faig-si-es-dona-un-cop-al-cap\/#com-es-poden-prevenir-els-cops-al-cap-dels-nens\" >Com es poden prevenir els cops al cap dels nens?<\/a><\/li><\/ul><\/nav><\/div>\n<h2><span class=\"ez-toc-section\" id=\"quins-simptomes-indiquen-que-cal-veure-a-un-metge\"><\/span>Quins s\u00edmptomes indiquen que cal veure a un metge?<span class=\"ez-toc-section-end\"><\/span><\/h2>\n<p>Has de portar al nen a veure el metge si presenta aquests s\u00edmptomes durant les primeres 24 hores despr\u00e9s d\u2019un cop al cap:<\/p>\n<ul>\n<li>Inconsci\u00e8ncia que es perllonga m\u00e9s d\u2019un minut.<\/li>\n<li>Plors persistents i irritabilitat.<\/li>\n<li>Visi\u00f3 doble.<\/li>\n<li>V\u00f2mits.<\/li>\n<li>P\u00e8rdua de sang o de l\u00edquid clar per nas o orelles.<\/li>\n<li>Mal de cap continu o molt intens.<\/li>\n<li>Convulsions.<\/li>\n<li>Somnol\u00e8ncia excessiva.<\/li>\n<li>Sagnat que no s\u2019atura despr\u00e9s de deu minuts de pressi\u00f3 directa.I sobretot, si veus qualsevol alteraci\u00f3 en el nen, encara que no estigui en aquesta llista no dubtis en contactar al metge.<\/li>\n<\/ul>\n<h2><span class=\"ez-toc-section\" id=\"i-si-es-un-cop-al-cap-lleu\"><\/span>I si \u00e9s un cop al cap lleu?<span class=\"ez-toc-section-end\"><\/span><\/h2>\n<p>Primer de tot, si veus que el teu fill s\u2019ha colpejat al cap i no hi ha signes d\u2019alarma immediats, cal atendre el cop del nen perqu\u00e8 el dolor es calmi i el bony no vagi a pitjor. Els primers auxilis d\u2019un cop al cap lleu es resumeixen en dos punts b\u00e0sics:<\/p>\n<ul>\n<li>Fred local<\/li>\n<li>Analg\u00e8sics adequats.<\/li>\n<\/ul>\n<p>L\u2019aplicaci\u00f3 de fred local ajudar\u00e0 a fer que no hi hagi inflamaci\u00f3 a la zona del cop. No li posis un gel directament sobre el cop perqu\u00e8 \u00e9s nociu per a la pell: millor utilitza una bossa de gel, un\u00a0pack\u00a0de gel fred, o fins i tot una bossa de p\u00e8sols congelats embolicats en una tovallola. Tamb\u00e9 pots utilitzar \u00e0rnica en gel, crema o\u00a0stick, per afavorir la curaci\u00f3 local. Si despr\u00e9s de dues hores veus que el nen no t\u00e9 cap problema com els esmentats a dalt, per\u00f2 es queixa de mol\u00e8sties lleus que no van amb \u00e0rnica, pots donar-li paracetamol. Abans de donar medicaci\u00f3 per via oral \u00e9s important que hagin passat almenys dues hores sense s\u00edmptomes d\u2019una altra naturalesa, ja que el paracetamol pot amagar un dolor m\u00e9s intens, que seria causa d\u2019alarma.<br \/>\nEl nen pot sentir-se una mica marejat o amb mol\u00e8sties al lloc del cop durant diversos dies, \u00e9s normal. Amb el tractament hauria d\u2019anar millorant; si no fos aix\u00ed, porta\u2019l al metge.<\/p>\n<h2><span class=\"ez-toc-section\" id=\"com-es-poden-prevenir-els-cops-al-cap-dels-nens\"><\/span>Com es poden prevenir els cops al cap dels nens?<span class=\"ez-toc-section-end\"><\/span><\/h2>\n<p>\u00c9s dif\u00edcil prevenir completament els cops al cap dels nens, per\u00f2 es poden prendre una s\u00e8rie de mesures per disminuir el risc, o almenys les conseq\u00fc\u00e8ncies d\u2019aquests cops.<\/p>\n<ul>\n<li>Assegura\u2019t que utilitzi sempre casc per anar en bicicleta, monopat\u00ed o altres vehicles similars.<\/li>\n<li>Utilitza la protecci\u00f3 adequada al cotxe: cintur\u00f3 de seguretat i seient adaptador adequat a la seva mida.<\/li>\n<li>Assegura portes i finestres amb tancaments que el nen no pugui obrir.<\/li>\n<li>Mou llits, sof\u00e0s, i cadires lluny de finestres que el nen pugui obrir.<\/li>\n<\/ul>\n<p>00I sobretot, en el cas dels nens m\u00e9s petits, no els perdis de vista. Petites irregularitats al parc o al carrer que per a un adult no suposen un problema podrien fer caure a un nen, ja que els nens no controlen les extremitats amb tanta comoditat com els adults i cauen amb m\u00e9s facilitat.<\/p>\n","protected":false},"excerpt":{"rendered":"<p>Els cops al cap s\u00f3n for\u00e7a freq\u00fcents en els nens petits. Els nens es mouen, comencen a caminar, a c\u00f3rrer, a saltar, a pujar a les bicicletes, i no tenen les habilitats f\u00edsiques necess\u00e0ries per fer-ho b\u00e9 des del principi, per aix\u00f2 cauen, ensopeguen i es donen cops al cap. \u00c9s un motiu de preocupaci\u00f3 [&hellip;]<\/p>\n","protected":false},"author":4,"featured_media":17658,"comment_status":"closed","ping_status":"closed","sticky":false,"template":"","format":"standard","meta":{"_acf_changed":false,"inline_featured_image":false,"_mbp_gutenberg_autopost":false,"footnotes":""},"categories":[4,58],"tags":[],"class_list":["post-16311","post","type-post","status-publish","format-standard","has-post-thumbnail","hentry","category-respostes-de-salut","category-embaras-i-nadons"],"acf":[],"yoast_head":"<!-- This site is optimized with the Yoast SEO plugin v27.5 - https:\/\/yoast.com\/product\/yoast-seo-wordpress\/ -->\n<title>Qu\u00e8 faig si es d\u00f3na un cop al cap? - ecoceutics<\/title>\n<meta name=\"description\" content=\"Vols saber que has de fer si el teu nen es d\u00f3na un cop al cap? T&#039;expliquem qu\u00e8 has de fer i com poder prevenir els cops al cap dels nens.\" \/>\n<meta name=\"robots\" content=\"index, follow, max-snippet:-1, max-image-preview:large, max-video-preview:-1\" \/>\n<link rel=\"canonical\" href=\"https:\/\/www.ecoceutics.com\/ca\/respostes-de-salut\/embaras-i-nadons\/que-faig-si-es-dona-un-cop-al-cap\/\" \/>\n<meta property=\"og:locale\" content=\"ca_ES\" \/>\n<meta property=\"og:type\" content=\"article\" \/>\n<meta property=\"og:title\" content=\"Qu\u00e8 faig si es d\u00f3na un cop al cap? - ecoceutics\" \/>\n<meta property=\"og:description\" content=\"Vols saber que has de fer si el teu nen es d\u00f3na un cop al cap? T&#039;expliquem qu\u00e8 has de fer i com poder prevenir els cops al cap dels nens.\" \/>\n<meta property=\"og:url\" content=\"https:\/\/www.ecoceutics.com\/ca\/respostes-de-salut\/embaras-i-nadons\/que-faig-si-es-dona-un-cop-al-cap\/\" \/>\n<meta property=\"og:site_name\" content=\"ecoceutics\" \/>\n<meta property=\"article:published_time\" content=\"2019-11-06T23:00:00+00:00\" \/>\n<meta property=\"article:modified_time\" content=\"2023-05-29T10:04:41+00:00\" \/>\n<meta property=\"og:image\" content=\"https:\/\/www.ecoceutics.com\/wp-content\/uploads\/2021\/09\/1Plantilla_FOTOS-EXTERIOR-POST-2-1.jpg\" \/>\n\t<meta property=\"og:image:width\" content=\"800\" \/>\n\t<meta property=\"og:image:height\" content=\"800\" \/>\n\t<meta property=\"og:image:type\" content=\"image\/png\" \/>\n<meta name=\"author\" content=\"Lorena Crosa\" \/>\n<meta name=\"twitter:card\" content=\"summary_large_image\" \/>\n<meta name=\"twitter:label1\" content=\"Escrit per\" \/>\n\t<meta name=\"twitter:data1\" content=\"Lorena Crosa\" \/>\n\t<meta name=\"twitter:label2\" content=\"Temps estimat de lectura\" \/>\n\t<meta name=\"twitter:data2\" content=\"3 minuts\" \/>\n<script type=\"application\/ld+json\" class=\"yoast-schema-graph\">{\"@context\":\"https:\\\/\\\/schema.org\",\"@graph\":[{\"@type\":\"Article\",\"@id\":\"https:\\\/\\\/www.ecoceutics.com\\\/ca\\\/respostes-de-salut\\\/embaras-i-nadons\\\/que-faig-si-es-dona-un-cop-al-cap\\\/#article\",\"isPartOf\":{\"@id\":\"https:\\\/\\\/www.ecoceutics.com\\\/ca\\\/respostes-de-salut\\\/embaras-i-nadons\\\/que-faig-si-es-dona-un-cop-al-cap\\\/\"},\"author\":{\"name\":\"Lorena Crosa\",\"@id\":\"https:\\\/\\\/www.ecoceutics.com\\\/ca\\\/#\\\/schema\\\/person\\\/1ea99343a86784e00a52c8744dfc7d83\"},\"headline\":\"Qu\u00e8 faig si es d\u00f3na un cop al cap?\",\"datePublished\":\"2019-11-06T23:00:00+00:00\",\"dateModified\":\"2023-05-29T10:04:41+00:00\",\"mainEntityOfPage\":{\"@id\":\"https:\\\/\\\/www.ecoceutics.com\\\/ca\\\/respostes-de-salut\\\/embaras-i-nadons\\\/que-faig-si-es-dona-un-cop-al-cap\\\/\"},\"wordCount\":676,\"publisher\":{\"@id\":\"https:\\\/\\\/www.ecoceutics.com\\\/ca\\\/#organization\"},\"image\":{\"@id\":\"https:\\\/\\\/www.ecoceutics.com\\\/ca\\\/respostes-de-salut\\\/embaras-i-nadons\\\/que-faig-si-es-dona-un-cop-al-cap\\\/#primaryimage\"},\"thumbnailUrl\":\"https:\\\/\\\/www.ecoceutics.com\\\/wp-content\\\/uploads\\\/2021\\\/09\\\/1Plantilla_FOTOS-EXTERIOR-POST-2-1.jpg\",\"articleSection\":[\"Respostes de salut\",\"Embar\u00e0s i nadons\"],\"inLanguage\":\"ca\"},{\"@type\":\"WebPage\",\"@id\":\"https:\\\/\\\/www.ecoceutics.com\\\/ca\\\/respostes-de-salut\\\/embaras-i-nadons\\\/que-faig-si-es-dona-un-cop-al-cap\\\/\",\"url\":\"https:\\\/\\\/www.ecoceutics.com\\\/ca\\\/respostes-de-salut\\\/embaras-i-nadons\\\/que-faig-si-es-dona-un-cop-al-cap\\\/\",\"name\":\"Qu\u00e8 faig si es d\u00f3na un cop al cap? - ecoceutics\",\"isPartOf\":{\"@id\":\"https:\\\/\\\/www.ecoceutics.com\\\/ca\\\/#website\"},\"primaryImageOfPage\":{\"@id\":\"https:\\\/\\\/www.ecoceutics.com\\\/ca\\\/respostes-de-salut\\\/embaras-i-nadons\\\/que-faig-si-es-dona-un-cop-al-cap\\\/#primaryimage\"},\"image\":{\"@id\":\"https:\\\/\\\/www.ecoceutics.com\\\/ca\\\/respostes-de-salut\\\/embaras-i-nadons\\\/que-faig-si-es-dona-un-cop-al-cap\\\/#primaryimage\"},\"thumbnailUrl\":\"https:\\\/\\\/www.ecoceutics.com\\\/wp-content\\\/uploads\\\/2021\\\/09\\\/1Plantilla_FOTOS-EXTERIOR-POST-2-1.jpg\",\"datePublished\":\"2019-11-06T23:00:00+00:00\",\"dateModified\":\"2023-05-29T10:04:41+00:00\",\"description\":\"Vols saber que has de fer si el teu nen es d\u00f3na un cop al cap? T'expliquem qu\u00e8 has de fer i com poder prevenir els cops al cap dels nens.\",\"breadcrumb\":{\"@id\":\"https:\\\/\\\/www.ecoceutics.com\\\/ca\\\/respostes-de-salut\\\/embaras-i-nadons\\\/que-faig-si-es-dona-un-cop-al-cap\\\/#breadcrumb\"},\"inLanguage\":\"ca\",\"potentialAction\":[{\"@type\":\"ReadAction\",\"target\":[\"https:\\\/\\\/www.ecoceutics.com\\\/ca\\\/respostes-de-salut\\\/embaras-i-nadons\\\/que-faig-si-es-dona-un-cop-al-cap\\\/\"]}]},{\"@type\":\"ImageObject\",\"inLanguage\":\"ca\",\"@id\":\"https:\\\/\\\/www.ecoceutics.com\\\/ca\\\/respostes-de-salut\\\/embaras-i-nadons\\\/que-faig-si-es-dona-un-cop-al-cap\\\/#primaryimage\",\"url\":\"https:\\\/\\\/www.ecoceutics.com\\\/wp-content\\\/uploads\\\/2021\\\/09\\\/1Plantilla_FOTOS-EXTERIOR-POST-2-1.jpg\",\"contentUrl\":\"https:\\\/\\\/www.ecoceutics.com\\\/wp-content\\\/uploads\\\/2021\\\/09\\\/1Plantilla_FOTOS-EXTERIOR-POST-2-1.jpg\",\"width\":800,\"height\":800},{\"@type\":\"BreadcrumbList\",\"@id\":\"https:\\\/\\\/www.ecoceutics.com\\\/ca\\\/respostes-de-salut\\\/embaras-i-nadons\\\/que-faig-si-es-dona-un-cop-al-cap\\\/#breadcrumb\",\"itemListElement\":[{\"@type\":\"ListItem\",\"position\":1,\"name\":\"Portada\",\"item\":\"https:\\\/\\\/www.ecoceutics.com\\\/ca\\\/\"},{\"@type\":\"ListItem\",\"position\":2,\"name\":\"Qu\u00e8 faig si es d\u00f3na un cop al cap?\"}]},{\"@type\":\"WebSite\",\"@id\":\"https:\\\/\\\/www.ecoceutics.com\\\/ca\\\/#website\",\"url\":\"https:\\\/\\\/www.ecoceutics.com\\\/ca\\\/\",\"name\":\"ecoceutics\",\"description\":\"Primera red de farmacias independientes bajo una marca\",\"publisher\":{\"@id\":\"https:\\\/\\\/www.ecoceutics.com\\\/ca\\\/#organization\"},\"potentialAction\":[{\"@type\":\"SearchAction\",\"target\":{\"@type\":\"EntryPoint\",\"urlTemplate\":\"https:\\\/\\\/www.ecoceutics.com\\\/ca\\\/?s={search_term_string}\"},\"query-input\":{\"@type\":\"PropertyValueSpecification\",\"valueRequired\":true,\"valueName\":\"search_term_string\"}}],\"inLanguage\":\"ca\"},{\"@type\":\"Organization\",\"@id\":\"https:\\\/\\\/www.ecoceutics.com\\\/ca\\\/#organization\",\"name\":\"Ecoceutics\",\"url\":\"https:\\\/\\\/www.ecoceutics.com\\\/ca\\\/\",\"logo\":{\"@type\":\"ImageObject\",\"inLanguage\":\"ca\",\"@id\":\"https:\\\/\\\/www.ecoceutics.com\\\/ca\\\/#\\\/schema\\\/logo\\\/image\\\/\",\"url\":\"https:\\\/\\\/www.ecoceutics.com\\\/wp-content\\\/uploads\\\/2022\\\/02\\\/Logo-Ecoceutics-SVG-01-1.svg\",\"contentUrl\":\"https:\\\/\\\/www.ecoceutics.com\\\/wp-content\\\/uploads\\\/2022\\\/02\\\/Logo-Ecoceutics-SVG-01-1.svg\",\"width\":232,\"height\":68,\"caption\":\"Ecoceutics\"},\"image\":{\"@id\":\"https:\\\/\\\/www.ecoceutics.com\\\/ca\\\/#\\\/schema\\\/logo\\\/image\\\/\"}},{\"@type\":\"Person\",\"@id\":\"https:\\\/\\\/www.ecoceutics.com\\\/ca\\\/#\\\/schema\\\/person\\\/1ea99343a86784e00a52c8744dfc7d83\",\"name\":\"Lorena Crosa\",\"image\":{\"@type\":\"ImageObject\",\"inLanguage\":\"ca\",\"@id\":\"https:\\\/\\\/www.ecoceutics.com\\\/wp-content\\\/uploads\\\/2024\\\/03\\\/Lorena-Crosa-100x100.jpg\",\"url\":\"https:\\\/\\\/www.ecoceutics.com\\\/wp-content\\\/uploads\\\/2024\\\/03\\\/Lorena-Crosa-100x100.jpg\",\"contentUrl\":\"https:\\\/\\\/www.ecoceutics.com\\\/wp-content\\\/uploads\\\/2024\\\/03\\\/Lorena-Crosa-100x100.jpg\",\"caption\":\"Lorena Crosa\"}}]}<\/script>\n<!-- \/ Yoast SEO plugin. -->","yoast_head_json":{"title":"Qu\u00e8 faig si es d\u00f3na un cop al cap? - ecoceutics","description":"Vols saber que has de fer si el teu nen es d\u00f3na un cop al cap? T'expliquem qu\u00e8 has de fer i com poder prevenir els cops al cap dels nens.","robots":{"index":"index","follow":"follow","max-snippet":"max-snippet:-1","max-image-preview":"max-image-preview:large","max-video-preview":"max-video-preview:-1"},"canonical":"https:\/\/www.ecoceutics.com\/ca\/respostes-de-salut\/embaras-i-nadons\/que-faig-si-es-dona-un-cop-al-cap\/","og_locale":"ca_ES","og_type":"article","og_title":"Qu\u00e8 faig si es d\u00f3na un cop al cap? - ecoceutics","og_description":"Vols saber que has de fer si el teu nen es d\u00f3na un cop al cap? T'expliquem qu\u00e8 has de fer i com poder prevenir els cops al cap dels nens.","og_url":"https:\/\/www.ecoceutics.com\/ca\/respostes-de-salut\/embaras-i-nadons\/que-faig-si-es-dona-un-cop-al-cap\/","og_site_name":"ecoceutics","article_published_time":"2019-11-06T23:00:00+00:00","article_modified_time":"2023-05-29T10:04:41+00:00","og_image":[{"width":800,"height":800,"url":"https:\/\/www.ecoceutics.com\/wp-content\/uploads\/2021\/09\/1Plantilla_FOTOS-EXTERIOR-POST-2-1.jpg","type":"image\/png"}],"author":"Lorena Crosa","twitter_card":"summary_large_image","twitter_misc":{"Escrit per":"Lorena Crosa","Temps estimat de lectura":"3 minuts"},"schema":{"@context":"https:\/\/schema.org","@graph":[{"@type":"Article","@id":"https:\/\/www.ecoceutics.com\/ca\/respostes-de-salut\/embaras-i-nadons\/que-faig-si-es-dona-un-cop-al-cap\/#article","isPartOf":{"@id":"https:\/\/www.ecoceutics.com\/ca\/respostes-de-salut\/embaras-i-nadons\/que-faig-si-es-dona-un-cop-al-cap\/"},"author":{"name":"Lorena Crosa","@id":"https:\/\/www.ecoceutics.com\/ca\/#\/schema\/person\/1ea99343a86784e00a52c8744dfc7d83"},"headline":"Qu\u00e8 faig si es d\u00f3na un cop al cap?","datePublished":"2019-11-06T23:00:00+00:00","dateModified":"2023-05-29T10:04:41+00:00","mainEntityOfPage":{"@id":"https:\/\/www.ecoceutics.com\/ca\/respostes-de-salut\/embaras-i-nadons\/que-faig-si-es-dona-un-cop-al-cap\/"},"wordCount":676,"publisher":{"@id":"https:\/\/www.ecoceutics.com\/ca\/#organization"},"image":{"@id":"https:\/\/www.ecoceutics.com\/ca\/respostes-de-salut\/embaras-i-nadons\/que-faig-si-es-dona-un-cop-al-cap\/#primaryimage"},"thumbnailUrl":"https:\/\/www.ecoceutics.com\/wp-content\/uploads\/2021\/09\/1Plantilla_FOTOS-EXTERIOR-POST-2-1.jpg","articleSection":["Respostes de salut","Embar\u00e0s i nadons"],"inLanguage":"ca"},{"@type":"WebPage","@id":"https:\/\/www.ecoceutics.com\/ca\/respostes-de-salut\/embaras-i-nadons\/que-faig-si-es-dona-un-cop-al-cap\/","url":"https:\/\/www.ecoceutics.com\/ca\/respostes-de-salut\/embaras-i-nadons\/que-faig-si-es-dona-un-cop-al-cap\/","name":"Qu\u00e8 faig si es d\u00f3na un cop al cap? - ecoceutics","isPartOf":{"@id":"https:\/\/www.ecoceutics.com\/ca\/#website"},"primaryImageOfPage":{"@id":"https:\/\/www.ecoceutics.com\/ca\/respostes-de-salut\/embaras-i-nadons\/que-faig-si-es-dona-un-cop-al-cap\/#primaryimage"},"image":{"@id":"https:\/\/www.ecoceutics.com\/ca\/respostes-de-salut\/embaras-i-nadons\/que-faig-si-es-dona-un-cop-al-cap\/#primaryimage"},"thumbnailUrl":"https:\/\/www.ecoceutics.com\/wp-content\/uploads\/2021\/09\/1Plantilla_FOTOS-EXTERIOR-POST-2-1.jpg","datePublished":"2019-11-06T23:00:00+00:00","dateModified":"2023-05-29T10:04:41+00:00","description":"Vols saber que has de fer si el teu nen es d\u00f3na un cop al cap? T'expliquem qu\u00e8 has de fer i com poder prevenir els cops al cap dels nens.","breadcrumb":{"@id":"https:\/\/www.ecoceutics.com\/ca\/respostes-de-salut\/embaras-i-nadons\/que-faig-si-es-dona-un-cop-al-cap\/#breadcrumb"},"inLanguage":"ca","potentialAction":[{"@type":"ReadAction","target":["https:\/\/www.ecoceutics.com\/ca\/respostes-de-salut\/embaras-i-nadons\/que-faig-si-es-dona-un-cop-al-cap\/"]}]},{"@type":"ImageObject","inLanguage":"ca","@id":"https:\/\/www.ecoceutics.com\/ca\/respostes-de-salut\/embaras-i-nadons\/que-faig-si-es-dona-un-cop-al-cap\/#primaryimage","url":"https:\/\/www.ecoceutics.com\/wp-content\/uploads\/2021\/09\/1Plantilla_FOTOS-EXTERIOR-POST-2-1.jpg","contentUrl":"https:\/\/www.ecoceutics.com\/wp-content\/uploads\/2021\/09\/1Plantilla_FOTOS-EXTERIOR-POST-2-1.jpg","width":800,"height":800},{"@type":"BreadcrumbList","@id":"https:\/\/www.ecoceutics.com\/ca\/respostes-de-salut\/embaras-i-nadons\/que-faig-si-es-dona-un-cop-al-cap\/#breadcrumb","itemListElement":[{"@type":"ListItem","position":1,"name":"Portada","item":"https:\/\/www.ecoceutics.com\/ca\/"},{"@type":"ListItem","position":2,"name":"Qu\u00e8 faig si es d\u00f3na un cop al cap?"}]},{"@type":"WebSite","@id":"https:\/\/www.ecoceutics.com\/ca\/#website","url":"https:\/\/www.ecoceutics.com\/ca\/","name":"ecoceutics","description":"Primera red de farmacias independientes bajo una marca","publisher":{"@id":"https:\/\/www.ecoceutics.com\/ca\/#organization"},"potentialAction":[{"@type":"SearchAction","target":{"@type":"EntryPoint","urlTemplate":"https:\/\/www.ecoceutics.com\/ca\/?s={search_term_string}"},"query-input":{"@type":"PropertyValueSpecification","valueRequired":true,"valueName":"search_term_string"}}],"inLanguage":"ca"},{"@type":"Organization","@id":"https:\/\/www.ecoceutics.com\/ca\/#organization","name":"Ecoceutics","url":"https:\/\/www.ecoceutics.com\/ca\/","logo":{"@type":"ImageObject","inLanguage":"ca","@id":"https:\/\/www.ecoceutics.com\/ca\/#\/schema\/logo\/image\/","url":"https:\/\/www.ecoceutics.com\/wp-content\/uploads\/2022\/02\/Logo-Ecoceutics-SVG-01-1.svg","contentUrl":"https:\/\/www.ecoceutics.com\/wp-content\/uploads\/2022\/02\/Logo-Ecoceutics-SVG-01-1.svg","width":232,"height":68,"caption":"Ecoceutics"},"image":{"@id":"https:\/\/www.ecoceutics.com\/ca\/#\/schema\/logo\/image\/"}},{"@type":"Person","@id":"https:\/\/www.ecoceutics.com\/ca\/#\/schema\/person\/1ea99343a86784e00a52c8744dfc7d83","name":"Lorena Crosa","image":{"@type":"ImageObject","inLanguage":"ca","@id":"https:\/\/www.ecoceutics.com\/wp-content\/uploads\/2024\/03\/Lorena-Crosa-100x100.jpg","url":"https:\/\/www.ecoceutics.com\/wp-content\/uploads\/2024\/03\/Lorena-Crosa-100x100.jpg","contentUrl":"https:\/\/www.ecoceutics.com\/wp-content\/uploads\/2024\/03\/Lorena-Crosa-100x100.jpg","caption":"Lorena Crosa"}}]}},"_links":{"self":[{"href":"https:\/\/www.ecoceutics.com\/ca\/wp-json\/wp\/v2\/posts\/16311","targetHints":{"allow":["GET"]}}],"collection":[{"href":"https:\/\/www.ecoceutics.com\/ca\/wp-json\/wp\/v2\/posts"}],"about":[{"href":"https:\/\/www.ecoceutics.com\/ca\/wp-json\/wp\/v2\/types\/post"}],"author":[{"embeddable":true,"href":"https:\/\/www.ecoceutics.com\/ca\/wp-json\/wp\/v2\/users\/4"}],"replies":[{"embeddable":true,"href":"https:\/\/www.ecoceutics.com\/ca\/wp-json\/wp\/v2\/comments?post=16311"}],"version-history":[{"count":0,"href":"https:\/\/www.ecoceutics.com\/ca\/wp-json\/wp\/v2\/posts\/16311\/revisions"}],"wp:featuredmedia":[{"embeddable":true,"href":"https:\/\/www.ecoceutics.com\/ca\/wp-json\/wp\/v2\/media\/17658"}],"wp:attachment":[{"href":"https:\/\/www.ecoceutics.com\/ca\/wp-json\/wp\/v2\/media?parent=16311"}],"wp:term":[{"taxonomy":"category","embeddable":true,"href":"https:\/\/www.ecoceutics.com\/ca\/wp-json\/wp\/v2\/categories?post=16311"},{"taxonomy":"post_tag","embeddable":true,"href":"https:\/\/www.ecoceutics.com\/ca\/wp-json\/wp\/v2\/tags?post=16311"}],"curies":[{"name":"wp","href":"https:\/\/api.w.org\/{rel}","templated":true}]}}