{"id":16348,"date":"2020-03-17T00:00:00","date_gmt":"2020-03-16T23:00:00","guid":{"rendered":"https:\/\/www.ecoceutics.com\/coronavirus\/"},"modified":"2021-12-23T11:58:32","modified_gmt":"2021-12-23T10:58:32","slug":"coronavirus","status":"publish","type":"post","link":"https:\/\/www.ecoceutics.com\/ca\/respostes-de-salut\/salut\/coronavirus\/","title":{"rendered":"Preguntes freq\u00fcents sobre el coronavirus (COVID-19)"},"content":{"rendered":"<p><span style=\"color: #333333;\">Algunes preguntes freq\u00fcents sobre el coronavirus respostes per l\u2019OMS.<\/span><\/p>\n<p><span style=\"color: #999999;\">\u00daltima actualitzaci\u00f3: 20\/04\/2020<\/span><\/p>\n<h2><\/h2>\n<div id=\"ez-toc-container\" class=\"ez-toc-v2_0_82_2 counter-hierarchy ez-toc-counter ez-toc-custom ez-toc-container-direction\">\n<div class=\"ez-toc-title-container\">\n<p class=\"ez-toc-title\" style=\"cursor:inherit\">Contenido de la p\u00e1gina<\/p>\n<span class=\"ez-toc-title-toggle\"><a href=\"#\" class=\"ez-toc-pull-right ez-toc-btn ez-toc-btn-xs ez-toc-btn-default ez-toc-toggle\" aria-label=\"Toggle Table of Content\"><span class=\"ez-toc-js-icon-con\"><span class=\"\"><span class=\"eztoc-hide\" style=\"display:none;\">Toggle<\/span><span class=\"ez-toc-icon-toggle-span\"><svg style=\"fill: #333333;color:#333333\" xmlns=\"http:\/\/www.w3.org\/2000\/svg\" class=\"list-377408\" width=\"20px\" height=\"20px\" viewBox=\"0 0 24 24\" fill=\"none\"><path d=\"M6 6H4v2h2V6zm14 0H8v2h12V6zM4 11h2v2H4v-2zm16 0H8v2h12v-2zM4 16h2v2H4v-2zm16 0H8v2h12v-2z\" fill=\"currentColor\"><\/path><\/svg><svg style=\"fill: #333333;color:#333333\" class=\"arrow-unsorted-368013\" xmlns=\"http:\/\/www.w3.org\/2000\/svg\" width=\"10px\" height=\"10px\" viewBox=\"0 0 24 24\" version=\"1.2\" baseProfile=\"tiny\"><path d=\"M18.2 9.3l-6.2-6.3-6.2 6.3c-.2.2-.3.4-.3.7s.1.5.3.7c.2.2.4.3.7.3h11c.3 0 .5-.1.7-.3.2-.2.3-.5.3-.7s-.1-.5-.3-.7zM5.8 14.7l6.2 6.3 6.2-6.3c.2-.2.3-.5.3-.7s-.1-.5-.3-.7c-.2-.2-.4-.3-.7-.3h-11c-.3 0-.5.1-.7.3-.2.2-.3.5-.3.7s.1.5.3.7z\"\/><\/svg><\/span><\/span><\/span><\/a><\/span><\/div>\n<nav><ul class='ez-toc-list ez-toc-list-level-1 ' ><li class='ez-toc-page-1 ez-toc-heading-level-2'><a class=\"ez-toc-link ez-toc-heading-1\" href=\"https:\/\/www.ecoceutics.com\/ca\/respostes-de-salut\/salut\/coronavirus\/#que-es-un-coronavirus\" >Qu\u00e8 \u00e9s un coronavirus?<\/a><\/li><li class='ez-toc-page-1 ez-toc-heading-level-2'><a class=\"ez-toc-link ez-toc-heading-2\" href=\"https:\/\/www.ecoceutics.com\/ca\/respostes-de-salut\/salut\/coronavirus\/#que-es-la-covid-19\" >Qu\u00e8 \u00e9s la&nbsp;COVID-19?<\/a><\/li><li class='ez-toc-page-1 ez-toc-heading-level-2'><a class=\"ez-toc-link ez-toc-heading-3\" href=\"https:\/\/www.ecoceutics.com\/ca\/respostes-de-salut\/salut\/coronavirus\/#quins-son-els-simptomes-de-la-covid-19\" >Quins s\u00f3n els s\u00edmptomes de la&nbsp;COVID-19?<\/a><\/li><li class='ez-toc-page-1 ez-toc-heading-level-2'><a class=\"ez-toc-link ez-toc-heading-4\" href=\"https:\/\/www.ecoceutics.com\/ca\/respostes-de-salut\/salut\/coronavirus\/#com-es-propaga-la-covid-19\" >Com es propaga la&nbsp;COVID-19?<\/a><\/li><li class='ez-toc-page-1 ez-toc-heading-level-2'><a class=\"ez-toc-link ez-toc-heading-5\" href=\"https:\/\/www.ecoceutics.com\/ca\/respostes-de-salut\/salut\/coronavirus\/#pot-transmetres-a-traves-de-laire-el-virus-causant-de-la-covid-19\" >Pot transmetre\u2019s a trav\u00e9s de l\u2019aire el virus causant de la&nbsp;COVID-19?<\/a><\/li><li class='ez-toc-page-1 ez-toc-heading-level-2'><a class=\"ez-toc-link ez-toc-heading-6\" href=\"https:\/\/www.ecoceutics.com\/ca\/respostes-de-salut\/salut\/coronavirus\/#es-possible-contagiar-se-de-covid-19-per-contacte-amb-una-persona-que-no-presenti-cap-simptoma\" >\u00c9s possible contagiar-se de&nbsp;COVID-19 per contacte amb una persona que no presenti cap s\u00edmptoma?<\/a><\/li><li class='ez-toc-page-1 ez-toc-heading-level-2'><a class=\"ez-toc-link ez-toc-heading-7\" href=\"https:\/\/www.ecoceutics.com\/ca\/respostes-de-salut\/salut\/coronavirus\/#es-possible-contagiar-se-de-covid-19-per-contacte-amb-la-femta-duna-persona-que-pateixi-la-malaltia\" >\u00c9s possible contagiar-se de&nbsp;COVID-19 per contacte amb la femta d\u2019una persona que pateixi la malaltia?<\/a><\/li><li class='ez-toc-page-1 ez-toc-heading-level-2'><a class=\"ez-toc-link ez-toc-heading-8\" href=\"https:\/\/www.ecoceutics.com\/ca\/respostes-de-salut\/salut\/coronavirus\/#quines-probabilitats-hi-ha-que-contregui-la-covid-19\" >Quines probabilitats hi ha que contregui la&nbsp;COVID-19?<\/a><\/li><li class='ez-toc-page-1 ez-toc-heading-level-2'><a class=\"ez-toc-link ez-toc-heading-9\" href=\"https:\/\/www.ecoceutics.com\/ca\/respostes-de-salut\/salut\/coronavirus\/#haig-de-preocupar-me-per-la-covid-19\" >Haig de preocupar-me per la&nbsp;COVID-19?<\/a><\/li><li class='ez-toc-page-1 ez-toc-heading-level-2'><a class=\"ez-toc-link ez-toc-heading-10\" href=\"https:\/\/www.ecoceutics.com\/ca\/respostes-de-salut\/salut\/coronavirus\/#qui-corre-risc-de-desenvolupar-una-malaltia-greu\" >Qui corre risc de desenvolupar una malaltia greu?<\/a><\/li><li class='ez-toc-page-1 ez-toc-heading-level-2'><a class=\"ez-toc-link ez-toc-heading-11\" href=\"https:\/\/www.ecoceutics.com\/ca\/respostes-de-salut\/salut\/coronavirus\/#son-eficacos-els-antibiotics-per-a-prevenir-o-tractar-la-covid-19\" >S\u00f3n efica\u00e7os els antibi\u00f2tics per a prevenir o tractar la&nbsp;COVID-19?<\/a><\/li><li class='ez-toc-page-1 ez-toc-heading-level-2'><a class=\"ez-toc-link ez-toc-heading-12\" href=\"https:\/\/www.ecoceutics.com\/ca\/respostes-de-salut\/salut\/coronavirus\/#existeixen-medicaments-o-terapies-que-permetin-prevenir-o-curar-la-covid-19\" >Existeixen medicaments o ter\u00e0pies que permetin prevenir o curar la&nbsp;COVID-19?<\/a><\/li><li class='ez-toc-page-1 ez-toc-heading-level-2'><a class=\"ez-toc-link ez-toc-heading-13\" href=\"https:\/\/www.ecoceutics.com\/ca\/respostes-de-salut\/salut\/coronavirus\/#existeix-alguna-vacuna-medicament-o-tractament-per-a-la-covid-19\" >Existeix alguna vacuna, medicament o tractament per a la&nbsp;COVID-19?<\/a><\/li><li class='ez-toc-page-1 ez-toc-heading-level-2'><a class=\"ez-toc-link ez-toc-heading-14\" href=\"https:\/\/www.ecoceutics.com\/ca\/respostes-de-salut\/salut\/coronavirus\/#son-el-mateix-la-covid-19-i-el-sras\" >S\u00f3n el mateix la&nbsp;COVID-19 i el&nbsp;SRAS?<\/a><\/li><li class='ez-toc-page-1 ez-toc-heading-level-2'><a class=\"ez-toc-link ez-toc-heading-15\" href=\"https:\/\/www.ecoceutics.com\/ca\/respostes-de-salut\/salut\/coronavirus\/#quant-dura-el-periode-dincubacio-de-la-covid-19\" >Quant dura el per\u00edode d\u2019incubaci\u00f3 de la&nbsp;COVID-19?<\/a><\/li><li class='ez-toc-page-1 ez-toc-heading-level-2'><a class=\"ez-toc-link ez-toc-heading-16\" href=\"https:\/\/www.ecoceutics.com\/ca\/respostes-de-salut\/salut\/coronavirus\/#poden-els-humans-contreure-el-virus-de-la-covid-19-per-contacte-amb-un-animal\" >Poden els humans contreure el virus de la&nbsp;COVID-19 per contacte amb un animal?<\/a><\/li><li class='ez-toc-page-1 ez-toc-heading-level-2'><a class=\"ez-toc-link ez-toc-heading-17\" href=\"https:\/\/www.ecoceutics.com\/ca\/respostes-de-salut\/salut\/coronavirus\/#la-meva-mascota-em-pot-contagiar-la-covid-19\" >La meva mascota em pot contagiar la&nbsp;COVID-19?<\/a><\/li><li class='ez-toc-page-1 ez-toc-heading-level-2'><a class=\"ez-toc-link ez-toc-heading-18\" href=\"https:\/\/www.ecoceutics.com\/ca\/respostes-de-salut\/salut\/coronavirus\/#quant-temps-sobreviu-el-virus-en-una-superficie\" >Quant temps sobreviu el virus en una superf\u00edcie?<\/a><\/li><li class='ez-toc-page-1 ez-toc-heading-level-2'><a class=\"ez-toc-link ez-toc-heading-19\" href=\"https:\/\/www.ecoceutics.com\/ca\/respostes-de-salut\/salut\/coronavirus\/#es-segur-rebre-un-paquet-duna-zona-en-la-qual-shagin-notificat-casos-de-covid-19\" >\u00c9s segur rebre un paquet d\u2019una zona en la qual s\u2019hagin notificat casos de&nbsp;COVID-19?<\/a><\/li><li class='ez-toc-page-1 ez-toc-heading-level-2'><a class=\"ez-toc-link ez-toc-heading-20\" href=\"https:\/\/www.ecoceutics.com\/ca\/respostes-de-salut\/salut\/coronavirus\/#hi-ha-alguna-cosa-que-no-hagi-de-fer\" >Hi ha alguna cosa que no hagi de fer?<\/a><\/li><li class='ez-toc-page-1 ez-toc-heading-level-2'><a class=\"ez-toc-link ez-toc-heading-21\" href=\"https:\/\/www.ecoceutics.com\/ca\/respostes-de-salut\/salut\/coronavirus\/#es-coneix-la-font-del-coronavirus-responsable-de-la-covid-19\" >Es coneix la font del coronavirus responsable de la COVID-19?<\/a><\/li><li class='ez-toc-page-1 ez-toc-heading-level-2'><a class=\"ez-toc-link ez-toc-heading-22\" href=\"https:\/\/www.ecoceutics.com\/ca\/respostes-de-salut\/salut\/coronavirus\/#com-es-van-produir-les-primeres-infeccions-humanes-pel-sars-cov-2\" >Com es van produir les primeres infeccions humanes pel SARS-CoV-2?<\/a><\/li><\/ul><\/nav><\/div>\n<h2><span class=\"ez-toc-section\" id=\"que-es-un-coronavirus\"><\/span><span style=\"color: #333333;\">Qu\u00e8 \u00e9s un coronavirus?<\/span><span class=\"ez-toc-section-end\"><\/span><\/h2>\n<p><span style=\"color: #333333;\">Els coronavirus s\u00f3n una \u00e0mplia fam\u00edlia de virus que es troben tant \u200een animals com en humans. Alguns infecten a l\u2019\u00e9sser hum\u00e0 i&nbsp;es&nbsp;\u200esap que poden causar diverses afeccions, des del refredat com\u00fa \u200efins a malalties m\u00e9s greus com la s\u00edndrome respirat\u00f2ria de \u200eOrient Mitj\u00e0 (MERS) i la s\u00edndrome respirat\u00f2ria aguda severa (SRAS).\u200e<\/span><\/p>\n<h2><span class=\"ez-toc-section\" id=\"que-es-la-covid-19\"><\/span><span style=\"color: #333333;\">Qu\u00e8 \u00e9s la&nbsp;COVID-19?<\/span><span class=\"ez-toc-section-end\"><\/span><\/h2>\n<p><span style=\"color: #333333;\">La&nbsp;COVID-19 \u00e9s la malaltia infecciosa causada pel coronavirus que s\u2019ha descobert m\u00e9s recentment. Tant el nou virus com la malaltia eren desconeguts abans que esclat\u00e9s el brot en Wuhan (la Xina) el desembre de 2019.<\/span><\/p>\n<h2><span class=\"ez-toc-section\" id=\"quins-son-els-simptomes-de-la-covid-19\"><\/span><span style=\"color: #333333;\">Quins s\u00f3n els s\u00edmptomes de la&nbsp;COVID-19?<\/span><span class=\"ez-toc-section-end\"><\/span><\/h2>\n<p><span style=\"color: #333333;\">Els s\u00edmptomes m\u00e9s comuns de la&nbsp;COVID-19 s\u00f3n febre, cansament i tos seca. Alguns pacients poden presentar dolors, congesti\u00f3 nasal, rinorrea, mal de coll o diarrea. Aquests s\u00edmptomes solen ser lleus i apareixen de manera gradual. Algunes persones s\u2019infecten per\u00f2 no desenvolupen cap s\u00edmptoma i no es troben malament. La majoria de les persones (al voltant del 80%) es recupera de la malaltia sense necessitat de realitzar cap tractament especial.<\/span><\/p>\n<p><span style=\"color: #333333;\">Al voltant d\u20191 de cada 6 persones que contreuen la&nbsp;COVID-19 desenvolupa una malaltia greu i t\u00e9 dificultat per a respirar. Les persones majors i les que pateixen afeccions m\u00e8diques subjacents, com a hipertensi\u00f3 arterial, problemes card\u00edacs o diabetis, tenen m\u00e9s probabilitats de desenvolupar una malaltia greu. Entorn del 2% de les persones que han contret la malaltia han mort. Les persones que tinguin febre, tos i dificultat per a respirar han de buscar atenci\u00f3 m\u00e8dica.<\/span><\/p>\n<h2><span class=\"ez-toc-section\" id=\"com-es-propaga-la-covid-19\"><\/span><span style=\"color: #333333;\">Com es propaga la&nbsp;COVID-19?<\/span><span class=\"ez-toc-section-end\"><\/span><\/h2>\n<p><span style=\"color: #333333;\">Una persona pot contreure la&nbsp;COVID-19 per contacte amb una altra que estigui infectada pel virus. La malaltia pot propagar-se de persona a persona a trav\u00e9s de les&nbsp;got\u00edcules&nbsp;procedents del nas o la boca que surten disparades quan una persona infectada tus o exhala. Aquestes&nbsp;got\u00edcules&nbsp;cauen sobre els objectes i superf\u00edcies que envolten a la persona, de manera que altres persones poden contreure la&nbsp;COVID-19 si toquen aquests objectes o superf\u00edcies i despr\u00e9s es toquen els ulls, el nas o la boca. Tamb\u00e9 poden contagiar-se si inhalen les&nbsp;got\u00edcules&nbsp;que hagi escampat una persona amb&nbsp;COVID-19 en tossir o exhalar. Per aix\u00f2 \u00e9s important mantenir-se a m\u00e9s d\u20191 metre (3 peus) de dist\u00e0ncia d\u2019una persona que es trobi malalta.<\/span><\/p>\n<p><span style=\"color: #333333;\">L\u2019OMS est\u00e0 estudiant les recerques en curs sobre les formes de propagaci\u00f3 de la&nbsp;COVID-19 i continuar\u00e0 informant sobre els resultats actualitzats.<\/span><\/p>\n<h2><span class=\"ez-toc-section\" id=\"pot-transmetres-a-traves-de-laire-el-virus-causant-de-la-covid-19\"><\/span><span style=\"color: #333333;\">Pot transmetre\u2019s a trav\u00e9s de l\u2019aire el virus causant de la&nbsp;COVID-19?<\/span><span class=\"ez-toc-section-end\"><\/span><\/h2>\n<p><span style=\"color: #333333;\">Els estudis realitzats fins avui apunten al fet que el virus causant de la&nbsp;COVID-19 es transmet principalment per contacte amb&nbsp;got\u00edcules&nbsp;respirat\u00f2ries, m\u00e9s que per l\u2019aire. Vegeu la resposta anterior a la pregunta \u00abCom es propaga la&nbsp;COVID-19?\u00bb<\/span><\/p>\n<h2><span class=\"ez-toc-section\" id=\"es-possible-contagiar-se-de-covid-19-per-contacte-amb-una-persona-que-no-presenti-cap-simptoma\"><\/span><span style=\"color: #333333;\">\u00c9s possible contagiar-se de&nbsp;COVID-19 per contacte amb una persona que no presenti cap s\u00edmptoma?<\/span><span class=\"ez-toc-section-end\"><\/span><\/h2>\n<p><span style=\"color: #333333;\">La principal forma de propagaci\u00f3 de la malaltia \u00e9s a trav\u00e9s de les&nbsp;got\u00edcules&nbsp;respirat\u00f2ries expel\u00b7lides per alg\u00fa en tossir. El risc de contreure la&nbsp;COVID-19 d\u2019alg\u00fa que no presenti cap s\u00edmptoma \u00e9s molt baix. No obstant aix\u00f2, moltes persones que contreuen la&nbsp;COVID-19 nom\u00e9s presenten s\u00edmptomes lleus. Aix\u00f2 \u00e9s particularment cert en les primeres etapes de la malaltia. Per tant, \u00e9s possible contagiar-se d\u2019alg\u00fa que, per exemple, solament tingui una tos lleu i no se senti malalt. L\u2019OMS est\u00e0 estudiant les recerques en curs sobre el per\u00edode de transmissi\u00f3 de la&nbsp;COVID-19 i continuar\u00e0 informant sobre els resultats actualitzats.<\/span><\/p>\n<h2><span class=\"ez-toc-section\" id=\"es-possible-contagiar-se-de-covid-19-per-contacte-amb-la-femta-duna-persona-que-pateixi-la-malaltia\"><\/span><span style=\"color: #333333;\">\u00c9s possible contagiar-se de&nbsp;COVID-19 per contacte amb la femta d\u2019una persona que pateixi la malaltia?<\/span><span class=\"ez-toc-section-end\"><\/span><\/h2>\n<p><span style=\"color: #333333;\">El risc de contreure la&nbsp;COVID-19 per contacte amb la femta d\u2019una persona infectada sembla ser baix. Encara que les recerques inicials apunten al fet que el virus pot estar present en alguns casos en la femta, la propagaci\u00f3 per aquesta via no \u00e9s un dels trets caracter\u00edstics del brot. L\u2019OMS est\u00e0 estudiant les recerques en curs sobre les formes de propagaci\u00f3 de la&nbsp;COVID-19 i continuar\u00e0 informant sobre els nous resultats. No obstant aix\u00f2, es tracta d\u2019un risc i per tant \u00e9s una ra\u00f3 m\u00e9s per a rentar-se les mans amb freq\u00fc\u00e8ncia, despr\u00e9s d\u2019anar al bany i abans de menjar.<\/span><\/p>\n<h2><span class=\"ez-toc-section\" id=\"quines-probabilitats-hi-ha-que-contregui-la-covid-19\"><\/span><span style=\"color: #333333;\">Quines probabilitats hi ha que contregui la&nbsp;COVID-19?<\/span><span class=\"ez-toc-section-end\"><\/span><\/h2>\n<p><span style=\"color: #333333;\">El risc dep\u00e8n del lloc on es trobi vost\u00e8 i, m\u00e9s concretament, de si s\u2019est\u00e0 produint un brot de&nbsp;COVID-19 en aquest lloc.<\/span><\/p>\n<p><span style=\"color: #333333;\">Per a la majoria de les persones que es troben en la major part dels llocs, el risc de contreure aquesta malaltia continua sent baix. No obstant aix\u00f2, sabem que hi ha alguns llocs (ciutats o zones) on s\u2019est\u00e0 propagant i on el risc de contreure-la \u00e9s m\u00e9s elevat, tant per a les persones que viuen en elles com per a les que les visiten. Els governs i les autoritats sanit\u00e0ries estan actuant amb determinaci\u00f3 cada vegada que es detecta un nou cas de&nbsp;COVID-19. \u00c9s important que tots respectem les restriccions relatives als viatges, els despla\u00e7aments i les concentracions multitudin\u00e0ries de persones aplicables a cada lloc en concret. Si cooperem amb les mesures de lluita contra la malaltia, reduirem el risc que correm cadascun de nosaltres de contreure-la o de propagar-la.<\/span><\/p>\n<p><span style=\"color: #333333;\">Com s\u2019ha comprovat a la Xina i en altres pa\u00efsos, \u00e9s possible detenir els brots de&nbsp;COVID-19 i posar fi a la seva transmissi\u00f3. No obstant aix\u00f2, la gran rapidesa amb qu\u00e8 poden apar\u00e8ixer nous brots ens obliga a ser conscients de la situaci\u00f3 en els llocs on ens trobem o on tinguem intenci\u00f3 d\u2019anar. L\u2019OMS publica cada dia actualitzacions sobre la situaci\u00f3 de la&nbsp;COVID-19 en el m\u00f3n, que es poden consultar, en angl\u00e8s, en la p\u00e0gina: https:\/\/www.who.int\/emergencies\/diseases\/novel-coronavirus-2019\/situation-reports\/.<\/span><\/p>\n<h2><span class=\"ez-toc-section\" id=\"haig-de-preocupar-me-per-la-covid-19\"><\/span><span style=\"color: #333333;\">Haig de preocupar-me per la&nbsp;COVID-19?<\/span><span class=\"ez-toc-section-end\"><\/span><\/h2>\n<p><span style=\"color: #333333;\">En general, els s\u00edmptomes de la&nbsp;COVID-19 s\u00f3n lleus, sobretot en els nens i els adults joves. No obstant aix\u00f2, tamb\u00e9 poden ser greus i obliguen a hospitalitzar al voltant d\u2019un de cada cinc infectats. Per conseg\u00fcent, \u00e9s bastant normal preocupar-se pels efectes que el brot de&nbsp;COVID-19 pot tenir en nosaltres i en els nostres \u00e9ssers estimats.<\/span><\/p>\n<p><span style=\"color: #333333;\">Aquesta preocupaci\u00f3 ha de servir-nos per a adoptar mesures de protecci\u00f3 per a nosaltres, els nostres \u00e9ssers estimats i les comunitats on vivim. La mesura principal i m\u00e9s important \u00e9s la higiene regular i completa de les mans i de les vies respirat\u00f2ries. En segon lloc, \u00e9s important mantenir-se informat i seguir els consells de les autoritats sanit\u00e0ries locals, com els relatius als viatges, els despla\u00e7aments i els esdeveniments on es pugui concentrar un gran nombre de persones. Pot consultar els consells sobre protecci\u00f3 en la p\u00e0gina: https:\/\/www.who.int\/es\/emergencies\/diseases\/novel-coronavirus-2019\/advice-for-public.<\/span><\/p>\n<h2><span class=\"ez-toc-section\" id=\"qui-corre-risc-de-desenvolupar-una-malaltia-greu\"><\/span><span style=\"color: #333333;\">Qui corre risc de desenvolupar una malaltia greu?<\/span><span class=\"ez-toc-section-end\"><\/span><\/h2>\n<p><span style=\"color: #333333;\">Encara tenim molt per aprendre sobre la forma en qu\u00e8 la&nbsp;COVID-2019 afecta els humans, per\u00f2 sembla que les persones majors i les que pateixen afeccions m\u00e8diques preexistents (com a hipertensi\u00f3 arterial, malalties card\u00edaques o diabetis) desenvolupen casos greus de la malaltia amb m\u00e9s freq\u00fc\u00e8ncia que unes altres.<\/span><\/p>\n<h2><span class=\"ez-toc-section\" id=\"son-eficacos-els-antibiotics-per-a-prevenir-o-tractar-la-covid-19\"><\/span><span style=\"color: #333333;\">S\u00f3n efica\u00e7os els antibi\u00f2tics per a prevenir o tractar la&nbsp;COVID-19?<\/span><span class=\"ez-toc-section-end\"><\/span><\/h2>\n<p><span style=\"color: #333333;\">No. Els antibi\u00f2tics no s\u00f3n efica\u00e7os contra els virus, nom\u00e9s contra les infeccions bacterianes. La&nbsp;COVID-19 \u00e9s causada per un virus, de manera que els antibi\u00f2tics no serveixen enfront d\u2019ella. No s\u2019han d\u2019usar antibi\u00f2tics com a mitj\u00e0 de prevenci\u00f3 o tractament de la&nbsp;COVID-19. Nom\u00e9s han d\u2019usar-se per a tractar una infecci\u00f3 bacteriana seguint les indicacions d\u2019un metge.<\/span><\/p>\n<h2><span class=\"ez-toc-section\" id=\"existeixen-medicaments-o-terapies-que-permetin-prevenir-o-curar-la-covid-19\"><\/span><span style=\"color: #333333;\">Existeixen medicaments o ter\u00e0pies que permetin prevenir o curar la&nbsp;COVID-19?<\/span><span class=\"ez-toc-section-end\"><\/span><\/h2>\n<p><span style=\"color: #333333;\">Encara que alguns remeis occidentals, tradicionals o casolans poden proporcionar confort i alleujar els s\u00edmptomes de la&nbsp;COVID-19, no hi ha proves que els medicaments actuals puguin prevenir o curar la malaltia. L\u2019OMS no recomana l\u2019automedicaci\u00f3, en particular amb antibi\u00f2tics, per a prevenir o curar la&nbsp;COVID-19. Hi ha diversos assajos cl\u00ednics en curs amb medicaments occidentals i tradicionals. L\u2019OMS facilitar\u00e0 informaci\u00f3 actualitzada tan aviat com els resultats dels assajos cl\u00ednics estiguin disponibles.<\/span><\/p>\n<h2><span class=\"ez-toc-section\" id=\"existeix-alguna-vacuna-medicament-o-tractament-per-a-la-covid-19\"><\/span><span style=\"color: #333333;\">Existeix alguna vacuna, medicament o tractament per a la&nbsp;COVID-19?<\/span><span class=\"ez-toc-section-end\"><\/span><\/h2>\n<p><span style=\"color: #333333;\">Encara no. Fins avui, no hi ha cap vacuna ni f\u00e0rmac antiviral espec\u00edfic per a prevenir o tractar la&nbsp;COVID-2019. No obstant aix\u00f2, els afectats han de rebre atenci\u00f3 de salut per a alleujar els s\u00edmptomes. Les persones que presenten casos greus de la malaltia han de ser hospitalitzades. La majoria dels pacients es recuperen amb l\u2019ajuda de mesures de suport.<\/span><\/p>\n<p><span style=\"color: #333333;\">S\u2019estan investigant possibles bovines i diferents tractaments farmacol\u00f2gics espec\u00edfics. Hi ha assajos cl\u00ednics en curs per a posar-los a prova. L\u2019OMS est\u00e0 coordinant els esfor\u00e7os dirigits a desenvolupar vacunes i medicaments per a prevenir i tractar la&nbsp;COVID-19.<\/span><\/p>\n<p><span style=\"color: #333333;\">Les formes m\u00e9s eficaces de protegir-se a un mateix i als altres enfront de la&nbsp;COVID-19 s\u00f3n: rentar-se les mans amb freq\u00fc\u00e8ncia, cobrir-se la boca amb el colze o amb un mocador de paper en tossir i mantenir una dist\u00e0ncia d\u2019almenys 1 metre (3 peus) amb les persones que tussen o esternuden. (Vegeu Qu\u00e8 puc fer per a protegir-me i prevenir la propagaci\u00f3 de la malaltia?).<\/span><\/p>\n<h2><span class=\"ez-toc-section\" id=\"son-el-mateix-la-covid-19-i-el-sras\"><\/span><span style=\"color: #333333;\">S\u00f3n el mateix la&nbsp;COVID-19 i el&nbsp;SRAS?<\/span><span class=\"ez-toc-section-end\"><\/span><\/h2>\n<p><span style=\"color: #333333;\">No. El genoma del virus que causa la&nbsp;COVID-19 i el del responsable de la s\u00edndrome respirat\u00f2ria aguda sever (SRAS) s\u00f3n similars, per\u00f2 no iguals. El&nbsp;SRAS&nbsp;\u00e9s m\u00e9s letal per\u00f2 molt menys infecci\u00f3s que la&nbsp;COVID-19. Des de 2003, no s\u2019han registrat brots de&nbsp;SRAS&nbsp;en cap lloc del m\u00f3n.<\/span><\/p>\n<h2><span class=\"ez-toc-section\" id=\"quant-dura-el-periode-dincubacio-de-la-covid-19\"><\/span><span style=\"color: #333333;\">Quant dura el per\u00edode d\u2019incubaci\u00f3 de la&nbsp;COVID-19?<\/span><span class=\"ez-toc-section-end\"><\/span><\/h2>\n<p><span style=\"color: #333333;\">El \u00abper\u00edode d\u2019incubaci\u00f3\u00bb \u00e9s el temps que transcorre entre la infecci\u00f3 pel virus i l\u2019aparici\u00f3 dels s\u00edmptomes de la malaltia. La majoria de les estimacions respecte al per\u00edode d\u2019incubaci\u00f3 de la&nbsp;COVID-19 oscil\u00b7len entre 1 i 14 dies, i en general se situen entorn de cinc dies. Aquestes estimacions s\u2019aniran actualitzant a mesura que es tinguin m\u00e9s dades.<\/span><\/p>\n<h2><span class=\"ez-toc-section\" id=\"poden-els-humans-contreure-el-virus-de-la-covid-19-per-contacte-amb-un-animal\"><\/span><span style=\"color: #333333;\">Poden els humans contreure el virus de la&nbsp;COVID-19 per contacte amb un animal?<\/span><span class=\"ez-toc-section-end\"><\/span><\/h2>\n<p><span style=\"color: #333333;\">Els coronavirus s\u00f3n una extensa fam\u00edlia de virus que s\u00f3n comuns entre les ratapinyades i altres animals. En estranyes ocasions les persones s\u2019infecten per aquests virus, que despr\u00e9s poden propagar-se a altres persones. Per exemple, el&nbsp;SRAS-CoV&nbsp;anava associat a les&nbsp;civetas&nbsp;i&nbsp;el MERS-CoV&nbsp;es transmet a trav\u00e9s dels dromedaris. Encara no s\u2019ha confirmat el possible origen animal de la&nbsp;COVID-19.<\/span><\/p>\n<p><span style=\"color: #333333;\">Com a mesura de protecci\u00f3 en visitar mercats d\u2019animals vius o en altres situacions semblants, eviti el contacte directe amb els animals i les superf\u00edcies que estiguin en contacte amb ells. Asseguri\u2019s que en tot moment s\u2019observin pr\u00e0ctiques adequades d\u2019higiene dels aliments. Manipuli amb cura la carn, la llet o els \u00f2rgans d\u2019animals crus per a evitar la contaminaci\u00f3 d\u2019aliments no cuinats i eviti el consum de productes animals crus o poc cuinats.<\/span><\/p>\n<h2><span class=\"ez-toc-section\" id=\"la-meva-mascota-em-pot-contagiar-la-covid-19\"><\/span><span style=\"color: #333333;\">La meva mascota em pot contagiar la&nbsp;COVID-19?<\/span><span class=\"ez-toc-section-end\"><\/span><\/h2>\n<p>Tenim coneixement de casos en els quals animals i mascotes de pacients amb&nbsp;COVID-19&nbsp;han resultat infectats;<br \/>\nCom a organisme intergovernamental responsable de millorar la sanitat animal a tot el m\u00f3n, l\u2019Organitzaci\u00f3 Mundial de Sanitat Animal (OIE)&nbsp;ve elaborant orientacions t\u00e8cniques dirigides a serveis veterinaris i experts t\u00e8cnics (en les quals s\u2019aborden q\u00fcestions especialitzades com les proves de detecci\u00f3 i la quarantena);<br \/>\nExisteix la possibilitat que alguns animals resultin infectats per un contacte estret amb persones infectades. Es necessiten m\u00e9s dades per a saber si els animals i les mascotes poden propagar la malaltia;<br \/>\nLes dades actuals indiquen que la transmissi\u00f3 directa entre \u00e9ssers humans continua sent el principal factor de propagaci\u00f3;<br \/>\nEncara \u00e9s massa aviat per a determinar si els gats podrien actuar com a hoste intermedi en la transmissi\u00f3 de la&nbsp;COVID-19.<\/p>\n<h2><span class=\"ez-toc-section\" id=\"quant-temps-sobreviu-el-virus-en-una-superficie\"><\/span><span style=\"color: #333333;\">Quant temps sobreviu el virus en una superf\u00edcie?<\/span><span class=\"ez-toc-section-end\"><\/span><\/h2>\n<p><span style=\"color: #333333;\">No se sap amb certesa quant temps sobreviu el virus causant de la&nbsp;COVID-19 en una superf\u00edcie, per\u00f2 sembla comportar-se com uns altres coronavirus. Els estudis realitzats (inclosa la informaci\u00f3 preliminar disponible sobre el virus de la&nbsp;COVID-19) indiquen que els coronavirus poden subsistir en una superf\u00edcie des d\u2019unes poques hores fins a diversos dies. El temps pot variar en funci\u00f3 de les condicions (per exemple, el tipus de superf\u00edcie, la temperatura o la humitat de l\u2019ambient).<\/span><\/p>\n<p><span style=\"color: #333333;\">Si creu que una superf\u00edcie pot estar infectada, netegi-la amb un desinfectant com\u00fa per a matar el virus i protegir-se d\u2019aquesta manera a vost\u00e8 mateix i als altres. Renti\u2019s les mans amb un desinfectant a base d\u2019alcohol o amb aigua i sab\u00f3. Eviti tocar-se els ulls, la boca o el nas.<\/span><\/p>\n<h2><span class=\"ez-toc-section\" id=\"es-segur-rebre-un-paquet-duna-zona-en-la-qual-shagin-notificat-casos-de-covid-19\"><\/span><span style=\"color: #333333;\">\u00c9s segur rebre un paquet d\u2019una zona en la qual s\u2019hagin notificat casos de&nbsp;COVID-19?<\/span><span class=\"ez-toc-section-end\"><\/span><\/h2>\n<p><span style=\"color: #333333;\">S\u00ed. La probabilitat que una persona infectada contamini articles comercials \u00e9s baixa, i el risc de contreure el virus causant de la&nbsp;COVID-19 per contacte amb un paquet que hagi estat manipulat, transportat i exposat a diferents condicions i temperatures tamb\u00e9 \u00e9s baix.<\/span><\/p>\n<h2><span class=\"ez-toc-section\" id=\"hi-ha-alguna-cosa-que-no-hagi-de-fer\"><\/span><span style=\"color: #333333;\">Hi ha alguna cosa que no hagi de fer?<\/span><span class=\"ez-toc-section-end\"><\/span><\/h2>\n<p><span style=\"color: #333333;\">Les seg\u00fcents mesures NO S\u00d3N eficaces contra la&nbsp;COVID-2019 i poden resultar perjudicials:<\/span><\/p>\n<ul>\n<li><span style=\"color: #333333;\">Fumar.<\/span><\/li>\n<li><span style=\"color: #333333;\">Portar diverses mascaretes.<\/span><\/li>\n<li><span style=\"color: #333333;\">Prendre antibi\u00f2tics (Vegeu Existeixen medicaments o ter\u00e0pies que permetin prevenir o curar la&nbsp;COVID-19?)<\/span><\/li>\n<\/ul>\n<p><span style=\"color: #333333;\">En qualsevol cas, si t\u00e9 febre, tos i dificultat per a respirar, tracti d\u2019obtenir atenci\u00f3 m\u00e8dica al m\u00e9s aviat possible per a reduir el risc de desenvolupar una infecci\u00f3 m\u00e9s greu, i asseguri\u2019s d\u2019informar el seu dispensador d\u2019atenci\u00f3 de salut sobre els seus viatges recents.<\/span><\/p>\n<h2><\/h2>\n<h2><span class=\"ez-toc-section\" id=\"es-coneix-la-font-del-coronavirus-responsable-de-la-covid-19\"><\/span>Es coneix la font del coronavirus responsable de la COVID-19?<span class=\"ez-toc-section-end\"><\/span><\/h2>\n<p>Fins avui es desconeix la font del SARS-CoV-2, el coronavirus (<span class=\"hiddenSpellError\">CoV<\/span>) que causa la COVID-19. Totes les dades disponibles suggereixen que el SARS-CoV-2 t\u00e9 un origen animal i no \u00e9s un virus creat en laboratori. El m\u00e9s probable \u00e9s que el virus tingui el seu reservori natural en les ratapinyades. El SARS-CoV-2 pertany a un grup de virus gen\u00e8ticament afins en el qual es troben tamb\u00e9 el SARS-CoV i uns altres&nbsp;<span class=\"hiddenSpellError\">CoV<\/span>&nbsp;que han pogut a\u00efllar-se en poblacions de ratapinyades. El MERS-CoV tamb\u00e9 pertany a aquest grup, per\u00f2 est\u00e0 menys relacionat amb aquests \u00faltims.<\/p>\n<h2><span class=\"ez-toc-section\" id=\"com-es-van-produir-les-primeres-infeccions-humanes-pel-sars-cov-2\"><\/span>Com es van produir les primeres infeccions humanes pel SARS-CoV-2?<span class=\"ez-toc-section-end\"><\/span><\/h2>\n<p>Els primers casos humans de COVID-19 es van detectar a la ciutat de Wuhan, la Xina, el desembre de 2019. De moment, no \u00e9s possible determinar amb precisi\u00f3 com es van infectar les primeres persones a la Xina pel SARS-CoV-2.<\/p>\n<p>Malgrat aix\u00f2, el virus del SARS-CoV, que va causar el brot de SARS en 2003, va passar d\u2019un reservori animal (la civeta, un animal silvestre de granja) als \u00e9ssers humans per a despr\u00e9s propagar-se entre ells. De manera similar, es pensa que el SARS-CoV-2 va creuar la barrera entre esp\u00e8cies i va infectar en un primer moment a \u00e9ssers humans, si b\u00e9 molt probablement a trav\u00e9s d\u2019un hoste intermedi, \u00e9s a dir, una altra esp\u00e8cie animal m\u00e9s manipulada per l\u2019\u00e9sser hum\u00e0 (per exemple un animal dom\u00e8stic, un animal silvestre o un animal silvestre domesticat, el qual no ha estat identificat fins avui).<\/p>\n<p>Fins que es localitzi i controli la font d\u2019aquest virus, existeix el risc que torni a passar a la poblaci\u00f3 humana i que es produeixin nous brots com els que estem sofrint actualment.<\/p>\n<p>Es transmet la COVID-19 per l\u2019aire?<\/p>\n<p>El virus responsable de la COVID-19 es transmet principalment a trav\u00e9s de&nbsp;<span class=\"hiddenSpellError\">got\u00edcules<\/span>&nbsp;respirat\u00f2ries expulsades per una persona infectada quan tus, esternuda o parla. Aquestes gotetes s\u00f3n massa pesades per a surar en l\u2019aire i cauen r\u00e0pidament sobre el s\u00f2l o una altra superf\u00edcie.<\/p>\n<p>La infecci\u00f3 pot produir-se en respirar el virus expulsat per una persona amb COVID-19 situada a menys d\u2019un metre de dist\u00e0ncia, o en tocar una superf\u00edcie contaminada i despr\u00e9s tocar-se els ulls, el nas o la boca abans de rentar-se les mans.<\/p>\n<p><span style=\"color: #333333;\"><strong>Enlla\u00e7os per a obtenir m\u00e9s informaci\u00f3:<\/strong><\/span><\/p>\n<p><span style=\"color: #333333;\">Lloc web sobre la&nbsp;COVID-19: https:\/\/www.who.int\/es\/emergencies\/diseases\/novel-coronavirus-2019<\/span><\/p>\n<p><span style=\"color: #333333;\">Consells de l\u2019OMS per a viatjar: https:\/\/www.who.int\/ith\/es\/<\/span><\/p>\n<p><span style=\"color: #333333;\"><strong>Font<\/strong>: OMS (Organitzaci\u00f3 Mundial de la Salut)<\/span><\/p>\n<p><span style=\"color: #333333;\">Recorda sempre seguir les fonts oficials per a no caure en faules o recomanacions falses.<\/span><\/p>\n","protected":false},"excerpt":{"rendered":"<p>Algunes preguntes freq\u00fcents sobre el coronavirus respostes per l\u2019OMS. \u00daltima actualitzaci\u00f3: 20\/04\/2020 Qu\u00e8 \u00e9s un coronavirus? Els coronavirus s\u00f3n una \u00e0mplia fam\u00edlia de virus que es troben tant \u200een animals com en humans. Alguns infecten a l\u2019\u00e9sser hum\u00e0 i&nbsp;es&nbsp;\u200esap que poden causar diverses afeccions, des del refredat com\u00fa \u200efins a malalties m\u00e9s greus com la [&hellip;]<\/p>\n","protected":false},"author":4,"featured_media":17732,"comment_status":"closed","ping_status":"closed","sticky":false,"template":"","format":"standard","meta":{"_acf_changed":false,"inline_featured_image":false,"_mbp_gutenberg_autopost":false,"footnotes":""},"categories":[4,1],"tags":[],"class_list":["post-16348","post","type-post","status-publish","format-standard","has-post-thumbnail","hentry","category-respostes-de-salut","category-salut"],"acf":[],"yoast_head":"<!-- This site is optimized with the Yoast SEO plugin v27.5 - https:\/\/yoast.com\/product\/yoast-seo-wordpress\/ -->\n<title>Coronavirus: preguntes freq\u00fcents | farm\u00e0cies ecoceutics<\/title>\n<meta name=\"description\" content=\"Els antibi\u00f2tics s\u00f3n efica\u00e7os? Puc contagiar-me si rebo un paquet de la Xina? Realment protegeixen les mascaretes? Preguntes freq\u00fcents sobre el coronavirus.\" \/>\n<meta name=\"robots\" content=\"index, follow, max-snippet:-1, max-image-preview:large, max-video-preview:-1\" \/>\n<link rel=\"canonical\" href=\"https:\/\/www.ecoceutics.com\/ca\/respostes-de-salut\/salut\/coronavirus\/\" \/>\n<meta property=\"og:locale\" content=\"ca_ES\" \/>\n<meta property=\"og:type\" content=\"article\" \/>\n<meta property=\"og:title\" content=\"Coronavirus: preguntes freq\u00fcents | farm\u00e0cies ecoceutics\" \/>\n<meta property=\"og:description\" content=\"Els antibi\u00f2tics s\u00f3n efica\u00e7os? Puc contagiar-me si rebo un paquet de la Xina? Realment protegeixen les mascaretes? Preguntes freq\u00fcents sobre el coronavirus.\" \/>\n<meta property=\"og:url\" content=\"https:\/\/www.ecoceutics.com\/ca\/respostes-de-salut\/salut\/coronavirus\/\" \/>\n<meta property=\"og:site_name\" content=\"ecoceutics\" \/>\n<meta property=\"article:published_time\" content=\"2020-03-16T23:00:00+00:00\" \/>\n<meta property=\"article:modified_time\" content=\"2021-12-23T10:58:32+00:00\" \/>\n<meta property=\"og:image\" content=\"https:\/\/www.ecoceutics.com\/wp-content\/uploads\/2021\/09\/Plantilla_FOTOS-EXTERIOR-POST2-2.jpg\" \/>\n\t<meta property=\"og:image:width\" content=\"800\" \/>\n\t<meta property=\"og:image:height\" content=\"800\" \/>\n\t<meta property=\"og:image:type\" content=\"image\/png\" \/>\n<meta name=\"author\" content=\"Lorena Crosa\" \/>\n<meta name=\"twitter:card\" content=\"summary_large_image\" \/>\n<meta name=\"twitter:label1\" content=\"Escrit per\" \/>\n\t<meta name=\"twitter:data1\" content=\"Lorena Crosa\" \/>\n\t<meta name=\"twitter:label2\" content=\"Temps estimat de lectura\" \/>\n\t<meta name=\"twitter:data2\" content=\"11 minuts\" \/>\n<script type=\"application\/ld+json\" class=\"yoast-schema-graph\">{\"@context\":\"https:\\\/\\\/schema.org\",\"@graph\":[{\"@type\":\"Article\",\"@id\":\"https:\\\/\\\/www.ecoceutics.com\\\/ca\\\/respostes-de-salut\\\/salut\\\/coronavirus\\\/#article\",\"isPartOf\":{\"@id\":\"https:\\\/\\\/www.ecoceutics.com\\\/ca\\\/respostes-de-salut\\\/salut\\\/coronavirus\\\/\"},\"author\":{\"name\":\"Lorena Crosa\",\"@id\":\"https:\\\/\\\/www.ecoceutics.com\\\/ca\\\/#\\\/schema\\\/person\\\/1ea99343a86784e00a52c8744dfc7d83\"},\"headline\":\"Preguntes freq\u00fcents sobre el coronavirus (COVID-19)\",\"datePublished\":\"2020-03-16T23:00:00+00:00\",\"dateModified\":\"2021-12-23T10:58:32+00:00\",\"mainEntityOfPage\":{\"@id\":\"https:\\\/\\\/www.ecoceutics.com\\\/ca\\\/respostes-de-salut\\\/salut\\\/coronavirus\\\/\"},\"wordCount\":2919,\"publisher\":{\"@id\":\"https:\\\/\\\/www.ecoceutics.com\\\/ca\\\/#organization\"},\"image\":{\"@id\":\"https:\\\/\\\/www.ecoceutics.com\\\/ca\\\/respostes-de-salut\\\/salut\\\/coronavirus\\\/#primaryimage\"},\"thumbnailUrl\":\"https:\\\/\\\/www.ecoceutics.com\\\/wp-content\\\/uploads\\\/2021\\\/09\\\/Plantilla_FOTOS-EXTERIOR-POST2-2.jpg\",\"articleSection\":[\"Respostes de salut\",\"Salut\"],\"inLanguage\":\"ca\"},{\"@type\":\"WebPage\",\"@id\":\"https:\\\/\\\/www.ecoceutics.com\\\/ca\\\/respostes-de-salut\\\/salut\\\/coronavirus\\\/\",\"url\":\"https:\\\/\\\/www.ecoceutics.com\\\/ca\\\/respostes-de-salut\\\/salut\\\/coronavirus\\\/\",\"name\":\"Coronavirus: preguntes freq\u00fcents | farm\u00e0cies ecoceutics\",\"isPartOf\":{\"@id\":\"https:\\\/\\\/www.ecoceutics.com\\\/ca\\\/#website\"},\"primaryImageOfPage\":{\"@id\":\"https:\\\/\\\/www.ecoceutics.com\\\/ca\\\/respostes-de-salut\\\/salut\\\/coronavirus\\\/#primaryimage\"},\"image\":{\"@id\":\"https:\\\/\\\/www.ecoceutics.com\\\/ca\\\/respostes-de-salut\\\/salut\\\/coronavirus\\\/#primaryimage\"},\"thumbnailUrl\":\"https:\\\/\\\/www.ecoceutics.com\\\/wp-content\\\/uploads\\\/2021\\\/09\\\/Plantilla_FOTOS-EXTERIOR-POST2-2.jpg\",\"datePublished\":\"2020-03-16T23:00:00+00:00\",\"dateModified\":\"2021-12-23T10:58:32+00:00\",\"description\":\"Els antibi\u00f2tics s\u00f3n efica\u00e7os? Puc contagiar-me si rebo un paquet de la Xina? Realment protegeixen les mascaretes? Preguntes freq\u00fcents sobre el coronavirus.\",\"breadcrumb\":{\"@id\":\"https:\\\/\\\/www.ecoceutics.com\\\/ca\\\/respostes-de-salut\\\/salut\\\/coronavirus\\\/#breadcrumb\"},\"inLanguage\":\"ca\",\"potentialAction\":[{\"@type\":\"ReadAction\",\"target\":[\"https:\\\/\\\/www.ecoceutics.com\\\/ca\\\/respostes-de-salut\\\/salut\\\/coronavirus\\\/\"]}]},{\"@type\":\"ImageObject\",\"inLanguage\":\"ca\",\"@id\":\"https:\\\/\\\/www.ecoceutics.com\\\/ca\\\/respostes-de-salut\\\/salut\\\/coronavirus\\\/#primaryimage\",\"url\":\"https:\\\/\\\/www.ecoceutics.com\\\/wp-content\\\/uploads\\\/2021\\\/09\\\/Plantilla_FOTOS-EXTERIOR-POST2-2.jpg\",\"contentUrl\":\"https:\\\/\\\/www.ecoceutics.com\\\/wp-content\\\/uploads\\\/2021\\\/09\\\/Plantilla_FOTOS-EXTERIOR-POST2-2.jpg\",\"width\":800,\"height\":800,\"caption\":\"\u00bfC\u00f3mo puedo desinfectar una mascarilla en casa?\"},{\"@type\":\"BreadcrumbList\",\"@id\":\"https:\\\/\\\/www.ecoceutics.com\\\/ca\\\/respostes-de-salut\\\/salut\\\/coronavirus\\\/#breadcrumb\",\"itemListElement\":[{\"@type\":\"ListItem\",\"position\":1,\"name\":\"Portada\",\"item\":\"https:\\\/\\\/www.ecoceutics.com\\\/ca\\\/\"},{\"@type\":\"ListItem\",\"position\":2,\"name\":\"Preguntes freq\u00fcents sobre el coronavirus (COVID-19)\"}]},{\"@type\":\"WebSite\",\"@id\":\"https:\\\/\\\/www.ecoceutics.com\\\/ca\\\/#website\",\"url\":\"https:\\\/\\\/www.ecoceutics.com\\\/ca\\\/\",\"name\":\"ecoceutics\",\"description\":\"Primera red de farmacias independientes bajo una marca\",\"publisher\":{\"@id\":\"https:\\\/\\\/www.ecoceutics.com\\\/ca\\\/#organization\"},\"potentialAction\":[{\"@type\":\"SearchAction\",\"target\":{\"@type\":\"EntryPoint\",\"urlTemplate\":\"https:\\\/\\\/www.ecoceutics.com\\\/ca\\\/?s={search_term_string}\"},\"query-input\":{\"@type\":\"PropertyValueSpecification\",\"valueRequired\":true,\"valueName\":\"search_term_string\"}}],\"inLanguage\":\"ca\"},{\"@type\":\"Organization\",\"@id\":\"https:\\\/\\\/www.ecoceutics.com\\\/ca\\\/#organization\",\"name\":\"Ecoceutics\",\"url\":\"https:\\\/\\\/www.ecoceutics.com\\\/ca\\\/\",\"logo\":{\"@type\":\"ImageObject\",\"inLanguage\":\"ca\",\"@id\":\"https:\\\/\\\/www.ecoceutics.com\\\/ca\\\/#\\\/schema\\\/logo\\\/image\\\/\",\"url\":\"https:\\\/\\\/www.ecoceutics.com\\\/wp-content\\\/uploads\\\/2022\\\/02\\\/Logo-Ecoceutics-SVG-01-1.svg\",\"contentUrl\":\"https:\\\/\\\/www.ecoceutics.com\\\/wp-content\\\/uploads\\\/2022\\\/02\\\/Logo-Ecoceutics-SVG-01-1.svg\",\"width\":232,\"height\":68,\"caption\":\"Ecoceutics\"},\"image\":{\"@id\":\"https:\\\/\\\/www.ecoceutics.com\\\/ca\\\/#\\\/schema\\\/logo\\\/image\\\/\"}},{\"@type\":\"Person\",\"@id\":\"https:\\\/\\\/www.ecoceutics.com\\\/ca\\\/#\\\/schema\\\/person\\\/1ea99343a86784e00a52c8744dfc7d83\",\"name\":\"Lorena Crosa\",\"image\":{\"@type\":\"ImageObject\",\"inLanguage\":\"ca\",\"@id\":\"https:\\\/\\\/www.ecoceutics.com\\\/wp-content\\\/uploads\\\/2024\\\/03\\\/Lorena-Crosa-100x100.jpg\",\"url\":\"https:\\\/\\\/www.ecoceutics.com\\\/wp-content\\\/uploads\\\/2024\\\/03\\\/Lorena-Crosa-100x100.jpg\",\"contentUrl\":\"https:\\\/\\\/www.ecoceutics.com\\\/wp-content\\\/uploads\\\/2024\\\/03\\\/Lorena-Crosa-100x100.jpg\",\"caption\":\"Lorena Crosa\"}}]}<\/script>\n<!-- \/ Yoast SEO plugin. -->","yoast_head_json":{"title":"Coronavirus: preguntes freq\u00fcents | farm\u00e0cies ecoceutics","description":"Els antibi\u00f2tics s\u00f3n efica\u00e7os? Puc contagiar-me si rebo un paquet de la Xina? Realment protegeixen les mascaretes? Preguntes freq\u00fcents sobre el coronavirus.","robots":{"index":"index","follow":"follow","max-snippet":"max-snippet:-1","max-image-preview":"max-image-preview:large","max-video-preview":"max-video-preview:-1"},"canonical":"https:\/\/www.ecoceutics.com\/ca\/respostes-de-salut\/salut\/coronavirus\/","og_locale":"ca_ES","og_type":"article","og_title":"Coronavirus: preguntes freq\u00fcents | farm\u00e0cies ecoceutics","og_description":"Els antibi\u00f2tics s\u00f3n efica\u00e7os? Puc contagiar-me si rebo un paquet de la Xina? Realment protegeixen les mascaretes? Preguntes freq\u00fcents sobre el coronavirus.","og_url":"https:\/\/www.ecoceutics.com\/ca\/respostes-de-salut\/salut\/coronavirus\/","og_site_name":"ecoceutics","article_published_time":"2020-03-16T23:00:00+00:00","article_modified_time":"2021-12-23T10:58:32+00:00","og_image":[{"width":800,"height":800,"url":"https:\/\/www.ecoceutics.com\/wp-content\/uploads\/2021\/09\/Plantilla_FOTOS-EXTERIOR-POST2-2.jpg","type":"image\/png"}],"author":"Lorena Crosa","twitter_card":"summary_large_image","twitter_misc":{"Escrit per":"Lorena Crosa","Temps estimat de lectura":"11 minuts"},"schema":{"@context":"https:\/\/schema.org","@graph":[{"@type":"Article","@id":"https:\/\/www.ecoceutics.com\/ca\/respostes-de-salut\/salut\/coronavirus\/#article","isPartOf":{"@id":"https:\/\/www.ecoceutics.com\/ca\/respostes-de-salut\/salut\/coronavirus\/"},"author":{"name":"Lorena Crosa","@id":"https:\/\/www.ecoceutics.com\/ca\/#\/schema\/person\/1ea99343a86784e00a52c8744dfc7d83"},"headline":"Preguntes freq\u00fcents sobre el coronavirus (COVID-19)","datePublished":"2020-03-16T23:00:00+00:00","dateModified":"2021-12-23T10:58:32+00:00","mainEntityOfPage":{"@id":"https:\/\/www.ecoceutics.com\/ca\/respostes-de-salut\/salut\/coronavirus\/"},"wordCount":2919,"publisher":{"@id":"https:\/\/www.ecoceutics.com\/ca\/#organization"},"image":{"@id":"https:\/\/www.ecoceutics.com\/ca\/respostes-de-salut\/salut\/coronavirus\/#primaryimage"},"thumbnailUrl":"https:\/\/www.ecoceutics.com\/wp-content\/uploads\/2021\/09\/Plantilla_FOTOS-EXTERIOR-POST2-2.jpg","articleSection":["Respostes de salut","Salut"],"inLanguage":"ca"},{"@type":"WebPage","@id":"https:\/\/www.ecoceutics.com\/ca\/respostes-de-salut\/salut\/coronavirus\/","url":"https:\/\/www.ecoceutics.com\/ca\/respostes-de-salut\/salut\/coronavirus\/","name":"Coronavirus: preguntes freq\u00fcents | farm\u00e0cies ecoceutics","isPartOf":{"@id":"https:\/\/www.ecoceutics.com\/ca\/#website"},"primaryImageOfPage":{"@id":"https:\/\/www.ecoceutics.com\/ca\/respostes-de-salut\/salut\/coronavirus\/#primaryimage"},"image":{"@id":"https:\/\/www.ecoceutics.com\/ca\/respostes-de-salut\/salut\/coronavirus\/#primaryimage"},"thumbnailUrl":"https:\/\/www.ecoceutics.com\/wp-content\/uploads\/2021\/09\/Plantilla_FOTOS-EXTERIOR-POST2-2.jpg","datePublished":"2020-03-16T23:00:00+00:00","dateModified":"2021-12-23T10:58:32+00:00","description":"Els antibi\u00f2tics s\u00f3n efica\u00e7os? Puc contagiar-me si rebo un paquet de la Xina? Realment protegeixen les mascaretes? Preguntes freq\u00fcents sobre el coronavirus.","breadcrumb":{"@id":"https:\/\/www.ecoceutics.com\/ca\/respostes-de-salut\/salut\/coronavirus\/#breadcrumb"},"inLanguage":"ca","potentialAction":[{"@type":"ReadAction","target":["https:\/\/www.ecoceutics.com\/ca\/respostes-de-salut\/salut\/coronavirus\/"]}]},{"@type":"ImageObject","inLanguage":"ca","@id":"https:\/\/www.ecoceutics.com\/ca\/respostes-de-salut\/salut\/coronavirus\/#primaryimage","url":"https:\/\/www.ecoceutics.com\/wp-content\/uploads\/2021\/09\/Plantilla_FOTOS-EXTERIOR-POST2-2.jpg","contentUrl":"https:\/\/www.ecoceutics.com\/wp-content\/uploads\/2021\/09\/Plantilla_FOTOS-EXTERIOR-POST2-2.jpg","width":800,"height":800,"caption":"\u00bfC\u00f3mo puedo desinfectar una mascarilla en casa?"},{"@type":"BreadcrumbList","@id":"https:\/\/www.ecoceutics.com\/ca\/respostes-de-salut\/salut\/coronavirus\/#breadcrumb","itemListElement":[{"@type":"ListItem","position":1,"name":"Portada","item":"https:\/\/www.ecoceutics.com\/ca\/"},{"@type":"ListItem","position":2,"name":"Preguntes freq\u00fcents sobre el coronavirus (COVID-19)"}]},{"@type":"WebSite","@id":"https:\/\/www.ecoceutics.com\/ca\/#website","url":"https:\/\/www.ecoceutics.com\/ca\/","name":"ecoceutics","description":"Primera red de farmacias independientes bajo una marca","publisher":{"@id":"https:\/\/www.ecoceutics.com\/ca\/#organization"},"potentialAction":[{"@type":"SearchAction","target":{"@type":"EntryPoint","urlTemplate":"https:\/\/www.ecoceutics.com\/ca\/?s={search_term_string}"},"query-input":{"@type":"PropertyValueSpecification","valueRequired":true,"valueName":"search_term_string"}}],"inLanguage":"ca"},{"@type":"Organization","@id":"https:\/\/www.ecoceutics.com\/ca\/#organization","name":"Ecoceutics","url":"https:\/\/www.ecoceutics.com\/ca\/","logo":{"@type":"ImageObject","inLanguage":"ca","@id":"https:\/\/www.ecoceutics.com\/ca\/#\/schema\/logo\/image\/","url":"https:\/\/www.ecoceutics.com\/wp-content\/uploads\/2022\/02\/Logo-Ecoceutics-SVG-01-1.svg","contentUrl":"https:\/\/www.ecoceutics.com\/wp-content\/uploads\/2022\/02\/Logo-Ecoceutics-SVG-01-1.svg","width":232,"height":68,"caption":"Ecoceutics"},"image":{"@id":"https:\/\/www.ecoceutics.com\/ca\/#\/schema\/logo\/image\/"}},{"@type":"Person","@id":"https:\/\/www.ecoceutics.com\/ca\/#\/schema\/person\/1ea99343a86784e00a52c8744dfc7d83","name":"Lorena Crosa","image":{"@type":"ImageObject","inLanguage":"ca","@id":"https:\/\/www.ecoceutics.com\/wp-content\/uploads\/2024\/03\/Lorena-Crosa-100x100.jpg","url":"https:\/\/www.ecoceutics.com\/wp-content\/uploads\/2024\/03\/Lorena-Crosa-100x100.jpg","contentUrl":"https:\/\/www.ecoceutics.com\/wp-content\/uploads\/2024\/03\/Lorena-Crosa-100x100.jpg","caption":"Lorena Crosa"}}]}},"_links":{"self":[{"href":"https:\/\/www.ecoceutics.com\/ca\/wp-json\/wp\/v2\/posts\/16348","targetHints":{"allow":["GET"]}}],"collection":[{"href":"https:\/\/www.ecoceutics.com\/ca\/wp-json\/wp\/v2\/posts"}],"about":[{"href":"https:\/\/www.ecoceutics.com\/ca\/wp-json\/wp\/v2\/types\/post"}],"author":[{"embeddable":true,"href":"https:\/\/www.ecoceutics.com\/ca\/wp-json\/wp\/v2\/users\/4"}],"replies":[{"embeddable":true,"href":"https:\/\/www.ecoceutics.com\/ca\/wp-json\/wp\/v2\/comments?post=16348"}],"version-history":[{"count":0,"href":"https:\/\/www.ecoceutics.com\/ca\/wp-json\/wp\/v2\/posts\/16348\/revisions"}],"wp:featuredmedia":[{"embeddable":true,"href":"https:\/\/www.ecoceutics.com\/ca\/wp-json\/wp\/v2\/media\/17732"}],"wp:attachment":[{"href":"https:\/\/www.ecoceutics.com\/ca\/wp-json\/wp\/v2\/media?parent=16348"}],"wp:term":[{"taxonomy":"category","embeddable":true,"href":"https:\/\/www.ecoceutics.com\/ca\/wp-json\/wp\/v2\/categories?post=16348"},{"taxonomy":"post_tag","embeddable":true,"href":"https:\/\/www.ecoceutics.com\/ca\/wp-json\/wp\/v2\/tags?post=16348"}],"curies":[{"name":"wp","href":"https:\/\/api.w.org\/{rel}","templated":true}]}}