{"id":16355,"date":"2020-04-17T00:00:00","date_gmt":"2020-04-16T22:00:00","guid":{"rendered":"https:\/\/www.ecoceutics.com\/rumors-coronavirus\/"},"modified":"2021-12-23T11:59:25","modified_gmt":"2021-12-23T10:59:25","slug":"rumors-coronavirus","status":"publish","type":"post","link":"https:\/\/www.ecoceutics.com\/ca\/respostes-de-salut\/salut\/rumors-coronavirus\/","title":{"rendered":"Consells sobre els rumors del coronavirus (COVID-19)"},"content":{"rendered":"<p><span style=\"color: #333333;\">Consells per a la poblaci\u00f3 sobre els rumors sobre el nou coronavirus (<span class=\"hiddenSpellError\">COVID<\/span>-19), per l\u2019OMS.<\/span><\/p>\n<p><span style=\"color: #999999;\">\u00daltima actualitzaci\u00f3: 20\/04\/2020<\/span><\/p>\n<div id=\"ez-toc-container\" class=\"ez-toc-v2_0_82_2 counter-hierarchy ez-toc-counter ez-toc-custom ez-toc-container-direction\">\n<div class=\"ez-toc-title-container\">\n<p class=\"ez-toc-title\" style=\"cursor:inherit\">Contenido de la p\u00e1gina<\/p>\n<span class=\"ez-toc-title-toggle\"><a href=\"#\" class=\"ez-toc-pull-right ez-toc-btn ez-toc-btn-xs ez-toc-btn-default ez-toc-toggle\" aria-label=\"Toggle Table of Content\"><span class=\"ez-toc-js-icon-con\"><span class=\"\"><span class=\"eztoc-hide\" style=\"display:none;\">Toggle<\/span><span class=\"ez-toc-icon-toggle-span\"><svg style=\"fill: #333333;color:#333333\" xmlns=\"http:\/\/www.w3.org\/2000\/svg\" class=\"list-377408\" width=\"20px\" height=\"20px\" viewBox=\"0 0 24 24\" fill=\"none\"><path d=\"M6 6H4v2h2V6zm14 0H8v2h12V6zM4 11h2v2H4v-2zm16 0H8v2h12v-2zM4 16h2v2H4v-2zm16 0H8v2h12v-2z\" fill=\"currentColor\"><\/path><\/svg><svg style=\"fill: #333333;color:#333333\" class=\"arrow-unsorted-368013\" xmlns=\"http:\/\/www.w3.org\/2000\/svg\" width=\"10px\" height=\"10px\" viewBox=\"0 0 24 24\" version=\"1.2\" baseProfile=\"tiny\"><path d=\"M18.2 9.3l-6.2-6.3-6.2 6.3c-.2.2-.3.4-.3.7s.1.5.3.7c.2.2.4.3.7.3h11c.3 0 .5-.1.7-.3.2-.2.3-.5.3-.7s-.1-.5-.3-.7zM5.8 14.7l6.2 6.3 6.2-6.3c.2-.2.3-.5.3-.7s-.1-.5-.3-.7c-.2-.2-.4-.3-.7-.3h-11c-.3 0-.5.1-.7.3-.2.2-.3.5-.3.7s.1.5.3.7z\"\/><\/svg><\/span><\/span><\/span><\/a><\/span><\/div>\n<nav><ul class='ez-toc-list ez-toc-list-level-1 ' ><li class='ez-toc-page-1 ez-toc-heading-level-2'><a class=\"ez-toc-link ez-toc-heading-1\" href=\"https:\/\/www.ecoceutics.com\/ca\/respostes-de-salut\/salut\/rumors-coronavirus\/#les-xarxes-5g-de-telefonia-mobil-no-propaguen-la-covid-19\" >Les xarxes&nbsp;5G&nbsp;de telefonia m\u00f2bil NO propaguen la COVID-19<\/a><\/li><li class='ez-toc-page-1 ez-toc-heading-level-2'><a class=\"ez-toc-link ez-toc-heading-2\" href=\"https:\/\/www.ecoceutics.com\/ca\/respostes-de-salut\/salut\/rumors-coronavirus\/#demostrat-beure-alcohol-no-protegeix-de-la-covid19-i-podria-ser-perillos\" >DEMOSTRAT: Beure alcohol no protegeix de la COVID19 i podria ser perill\u00f3s<\/a><ul class='ez-toc-list-level-3' ><li class='ez-toc-heading-level-3'><a class=\"ez-toc-link ez-toc-heading-3\" href=\"https:\/\/www.ecoceutics.com\/ca\/respostes-de-salut\/salut\/rumors-coronavirus\/#demostrat-exposar-se-al-sol-o-a-temperatures-superiors-als-25-oc-no-preve-la-malaltia-per-coronavirus-covid-19\" >DEMOSTRAT: Exposar-se al sol o a temperatures superiors als 25 \u00baC NO prev\u00e9 la malaltia per coronavirus (COVID-19)<\/a><\/li><\/ul><\/li><li class='ez-toc-page-1 ez-toc-heading-level-2'><a class=\"ez-toc-link ez-toc-heading-4\" href=\"https:\/\/www.ecoceutics.com\/ca\/respostes-de-salut\/salut\/rumors-coronavirus\/#demostrat-el-fet-de-poder-contenir-la-respiracio-durant-deu-segons-o-mes-sense-tossir-o-sentir-molesties-no-significa-que-no-tingui-la-malaltia-per-coronavirus-covid-19-o-qualsevol-altra-malaltia-pulmonar\" >DEMOSTRAT: El fet de poder contenir la respiraci\u00f3 durant deu segons o m\u00e9s sense tossir o sentir mol\u00e8sties NO significa que no tingui la malaltia per coronavirus (COVID-19) o qualsevol altra malaltia pulmonar.<\/a><\/li><li class='ez-toc-page-1 ez-toc-heading-level-2'><a class=\"ez-toc-link ez-toc-heading-5\" href=\"https:\/\/www.ecoceutics.com\/ca\/respostes-de-salut\/salut\/rumors-coronavirus\/#demostrat-pot-recuperar-se-de-la-malaltia-per-coronavirus-covid-19-contreure-el-nou-coronavirus-no-significa-que-vagi-a-conservar-ho-per-a-tota-la-vida\" >DEMOSTRAT: Pot recuperar-se de la malaltia per coronavirus (COVID-19). Contreure el nou coronavirus NO significa que vagi a conservar-ho per a tota la vida.<\/a><\/li><li class='ez-toc-page-1 ez-toc-heading-level-2'><a class=\"ez-toc-link ez-toc-heading-6\" href=\"https:\/\/www.ecoceutics.com\/ca\/respostes-de-salut\/salut\/rumors-coronavirus\/#el-virus-covid-19-pot-transmetres-en-zones-amb-climes-calids-i-%e2%80%8ehumits%e2%80%8e\" >El virus&nbsp;COVID-19 pot transmetre\u2019s en zones amb climes c\u00e0lids i \u200ehumits.\u200e<\/a><\/li><li class='ez-toc-page-1 ez-toc-heading-level-2'><a class=\"ez-toc-link ez-toc-heading-7\" href=\"https:\/\/www.ecoceutics.com\/ca\/respostes-de-salut\/salut\/rumors-coronavirus\/#el-fred-i-la-neu-no-poden-matar-el-nou-coronavirus-2019-ncov\" >El fred i la neu NO PODEN matar el nou coronavirus (2019-nCoV)<\/a><\/li><li class='ez-toc-page-1 ez-toc-heading-level-2'><a class=\"ez-toc-link ez-toc-heading-8\" href=\"https:\/\/www.ecoceutics.com\/ca\/respostes-de-salut\/salut\/rumors-coronavirus\/#banyar-se-en-aigua-calenta-no-preve-la-infeccio-pel-nou-coronavirus\" >Banyar-se en aigua calenta no prev\u00e9 la infecci\u00f3 pel nou coronavirus.<\/a><\/li><li class='ez-toc-page-1 ez-toc-heading-level-2'><a class=\"ez-toc-link ez-toc-heading-9\" href=\"https:\/\/www.ecoceutics.com\/ca\/respostes-de-salut\/salut\/rumors-coronavirus\/#el-nou-coronavirus-no-pot-transmetres-a-traves-de-picades-de-mosquits\" >El nou coronavirus NO POT transmetre\u2019s a trav\u00e9s de picades de mosquits<\/a><\/li><li class='ez-toc-page-1 ez-toc-heading-level-2'><a class=\"ez-toc-link ez-toc-heading-10\" href=\"https:\/\/www.ecoceutics.com\/ca\/respostes-de-salut\/salut\/rumors-coronavirus\/#es-pot-matar-el-nou-coronavirus-en-30-segons-amb-un-assecador-de-mans-com-els-dels-banys-publics\" >Es pot matar el nou coronavirus en 30 segons amb un assecador de mans com els dels banys p\u00fablics?<\/a><\/li><li class='ez-toc-page-1 ez-toc-heading-level-2'><a class=\"ez-toc-link ez-toc-heading-11\" href=\"https:\/\/www.ecoceutics.com\/ca\/respostes-de-salut\/salut\/rumors-coronavirus\/#puc-reutilitzar-una-mascareta-n95-i-puc-rentar-la-puc-esterilitzar-la-amb-un-desinfectant-de-mans\" >Puc reutilitzar una mascareta&nbsp;N95? I puc rentar-la? Puc esterilitzar-la amb un desinfectant de mans?<\/a><\/li><li class='ez-toc-page-1 ez-toc-heading-level-2'><a class=\"ez-toc-link ez-toc-heading-12\" href=\"https:\/\/www.ecoceutics.com\/ca\/respostes-de-salut\/salut\/rumors-coronavirus\/#es-pot-matar-el-2019-ncov-amb-un-llum-ultraviolat-per-a-desinfeccio\" >Es pot matar el 2019-nCoV&nbsp;amb un llum ultraviolat per a desinfecci\u00f3?<\/a><\/li><li class='ez-toc-page-1 ez-toc-heading-level-2'><a class=\"ez-toc-link ez-toc-heading-13\" href=\"https:\/\/www.ecoceutics.com\/ca\/respostes-de-salut\/salut\/rumors-coronavirus\/#es-pot-matar-el-nou-coronavirus-ruixant-el-cos-amb-alcohol-o-amb-clor\" >Es pot matar el nou coronavirus ruixant el cos amb alcohol o amb clor?<\/a><\/li><li class='ez-toc-page-1 ez-toc-heading-level-2'><a class=\"ez-toc-link ez-toc-heading-14\" href=\"https:\/\/www.ecoceutics.com\/ca\/respostes-de-salut\/salut\/rumors-coronavirus\/#les-vacunes-contra-la-pneumonia-protegeixen-contra-el-nou-coronavirus\" >Les vacunes contra la pneum\u00f2nia, protegeixen contra el nou coronavirus?<\/a><\/li><li class='ez-toc-page-1 ez-toc-heading-level-2'><a class=\"ez-toc-link ez-toc-heading-15\" href=\"https:\/\/www.ecoceutics.com\/ca\/respostes-de-salut\/salut\/rumors-coronavirus\/#conve-esbandir-se-regularment-el-nas-amb-una-solucio-salina-per-a-prevenir-la-infeccio-pel-nou-coronavirus\" >Conv\u00e9 esbandir-se regularment el nas amb una soluci\u00f3 salina per a prevenir la infecci\u00f3 pel nou coronavirus?<\/a><\/li><li class='ez-toc-page-1 ez-toc-heading-level-2'><a class=\"ez-toc-link ez-toc-heading-16\" href=\"https:\/\/www.ecoceutics.com\/ca\/respostes-de-salut\/salut\/rumors-coronavirus\/#menjar-all-pot-ajudar-a-prevenir-la-infeccio-pel-nou-coronavirus\" >Menjar all pot ajudar a prevenir la infecci\u00f3 pel nou coronavirus?<\/a><\/li><li class='ez-toc-page-1 ez-toc-heading-level-2'><a class=\"ez-toc-link ez-toc-heading-17\" href=\"https:\/\/www.ecoceutics.com\/ca\/respostes-de-salut\/salut\/rumors-coronavirus\/#es-bo-aplicar-se-oli-de-sesam-en-la-pell-per-a-impedir-que-el-nou-coronavirus-entri-en-el-cos\" >\u00c9s bo aplicar-se oli de s\u00e8sam en la pell per a impedir que el nou coronavirus entri en el cos?<\/a><\/li><li class='ez-toc-page-1 ez-toc-heading-level-2'><a class=\"ez-toc-link ez-toc-heading-18\" href=\"https:\/\/www.ecoceutics.com\/ca\/respostes-de-salut\/salut\/rumors-coronavirus\/#el-nou-coronavirus-afecta-nomes-a-les-persones-dedat-o-tambe-pot-afectar-les-mes-joves\" >El nou coronavirus, afecta nom\u00e9s a les persones d\u2019edat o tamb\u00e9 pot afectar les m\u00e9s joves?<\/a><\/li><li class='ez-toc-page-1 ez-toc-heading-level-2'><a class=\"ez-toc-link ez-toc-heading-19\" href=\"https:\/\/www.ecoceutics.com\/ca\/respostes-de-salut\/salut\/rumors-coronavirus\/#son-eficacos-els-antibiotics-per-a-prevenir-i-tractar-la-infeccio-pel-nou-coronavirus\" >S\u00f3n efica\u00e7os els antibi\u00f2tics per a prevenir i tractar la infecci\u00f3 pel nou coronavirus?<\/a><\/li><li class='ez-toc-page-1 ez-toc-heading-level-2'><a class=\"ez-toc-link ez-toc-heading-20\" href=\"https:\/\/www.ecoceutics.com\/ca\/respostes-de-salut\/salut\/rumors-coronavirus\/#hi-ha-algun-medicament-per-a-prevenir-o-tractar-la-infeccio-pel-nou-coronavirus\" >Hi ha algun medicament per a prevenir o tractar la infecci\u00f3 pel nou coronavirus?<\/a><\/li><\/ul><\/nav><\/div>\n<h2><span class=\"ez-toc-section\" id=\"les-xarxes-5g-de-telefonia-mobil-no-propaguen-la-covid-19\"><\/span>Les xarxes&nbsp;<span class=\"hiddenSpellError\">5G<\/span>&nbsp;de telefonia m\u00f2bil NO propaguen la COVID-19<span class=\"ez-toc-section-end\"><\/span><\/h2>\n<p>Els virus no es desplacen per les ones electromagn\u00e8tiques ni les xarxes de telefonia m\u00f2bil. La COVID-19 s\u2019est\u00e0 propagant en nombrosos pa\u00efsos en els quals no existeix una xarxa&nbsp;<span class=\"hiddenSpellError\">5G<\/span>.<\/p>\n<p>La COVID-19 es transmet a trav\u00e9s de&nbsp;<span class=\"hiddenSpellError\">got\u00edcules<\/span>&nbsp;min\u00fascules de secrecions respirat\u00f2ries expulsades quan una persona infectada tus, esternuda o parla. Tamb\u00e9 \u00e9s possible infectar-se si es toca una superf\u00edcie contaminada i posteriorment s\u2019emporta un la m\u00e0 als ulls, la boca o el nas.<\/p>\n<h2><span class=\"ez-toc-section\" id=\"demostrat-beure-alcohol-no-protegeix-de-la-covid19-i-podria-ser-perillos\"><\/span>DEMOSTRAT: Beure alcohol no protegeix de la COVID19 i podria ser perill\u00f3s<span class=\"ez-toc-section-end\"><\/span><\/h2>\n<p>El consum freq\u00fcent o excessiu d\u2019alcohol pot augmentar el risc de sofrir problemes de salut.<\/p>\n<h3><span class=\"ez-toc-section\" id=\"demostrat-exposar-se-al-sol-o-a-temperatures-superiors-als-25-oc-no-preve-la-malaltia-per-coronavirus-covid-19\"><\/span>DEMOSTRAT: Exposar-se al sol o a temperatures superiors als 25 \u00baC NO prev\u00e9 la malaltia per coronavirus (COVID-19)<span class=\"ez-toc-section-end\"><\/span><\/h3>\n<p>Pot contreure la COVID-19, per molt assolellat o c\u00e0lid que sigui el clima. S\u2019han notificat casos de COVID-19 en pa\u00efsos c\u00e0lids. Per a protegir-se, renti\u2019s les mans amb freq\u00fc\u00e8ncia i a fons i eviti tocar-se els ulls, la boca i el nas.<\/p>\n<h2><span class=\"ez-toc-section\" id=\"demostrat-el-fet-de-poder-contenir-la-respiracio-durant-deu-segons-o-mes-sense-tossir-o-sentir-molesties-no-significa-que-no-tingui-la-malaltia-per-coronavirus-covid-19-o-qualsevol-altra-malaltia-pulmonar\"><\/span>DEMOSTRAT: El fet de poder contenir la respiraci\u00f3 durant deu segons o m\u00e9s sense tossir o sentir mol\u00e8sties NO significa que no tingui la malaltia per coronavirus (COVID-19) o qualsevol altra malaltia pulmonar.<span class=\"ez-toc-section-end\"><\/span><\/h2>\n<p>Els s\u00edmptomes m\u00e9s comuns de la COVID-19 s\u00f3n la tos seca, el cansament i la febre. Algunes persones poden desenvolupar formes m\u00e9s greus de la malaltia, com la pneum\u00f2nia. La millor manera de saber si t\u00e9 el virus que produeix la malaltia de la COVID-19 \u00e9s sotmetre\u2019s a una prova de laboratori. No podr\u00e0 sortir de dubtes duent a terme aquest exercici de respiraci\u00f3, que fins i tot podria resultar perill\u00f3s.<\/p>\n<h2><span class=\"ez-toc-section\" id=\"demostrat-pot-recuperar-se-de-la-malaltia-per-coronavirus-covid-19-contreure-el-nou-coronavirus-no-significa-que-vagi-a-conservar-ho-per-a-tota-la-vida\"><\/span>DEMOSTRAT: Pot recuperar-se de la malaltia per coronavirus (COVID-19). Contreure el nou coronavirus NO significa que vagi a conservar-ho per a tota la vida.<span class=\"ez-toc-section-end\"><\/span><\/h2>\n<p>La majoria de les persones que contreuen la COVID-19 poden recuperar-se i eliminar el virus dels seus cossos. Si contreu la malaltia, asseguri\u2019s de tractar els seus s\u00edmptomes. Si t\u00e9 tos, febre i dificultat per a respirar, busqui r\u00e0pidament atenci\u00f3 m\u00e8dica, per\u00f2 abans truqui per tel\u00e8fon al seu centre de salut. La majoria dels pacients es recuperen gr\u00e0cies a les cures de suport.<\/p>\n<h2><span class=\"ez-toc-section\" id=\"el-virus-covid-19-pot-transmetres-en-zones-amb-climes-calids-i-%e2%80%8ehumits%e2%80%8e\"><\/span><span style=\"color: #333333;\">El virus&nbsp;<span class=\"hiddenSpellError\">COVID<\/span>-19 pot transmetre\u2019s en zones amb climes c\u00e0lids i \u200ehumits.\u200e<\/span><span class=\"ez-toc-section-end\"><\/span><\/h2>\n<p><span style=\"color: #333333;\">Les proves cient\u00edfiques obtingudes fins ara indiquen que el virus de \u200ela&nbsp;<span class=\"hiddenSpellError\">COVID<\/span>-19 pot transmetre\u2019s en QUALSEVOL ZONA, incloses les de \u200eclima c\u00e0lid i humit. Amb independ\u00e8ncia de les condicions \u200eclim\u00e0tiques, cal adoptar mesures de protecci\u00f3 si es viu en una \u200ezona on s\u2019hagin notificat casos de&nbsp;<span class=\"hiddenSpellError\">COVID<\/span>-19 o si es viatja a ella. \u200eLa millor manera de protegir-se contra la&nbsp;<span class=\"hiddenSpellError\">COVID<\/span>-19 \u00e9s rentar-se les \u200emans amb freq\u00fc\u00e8ncia. D\u2019aquesta manera s\u2019eliminen els virus que \u200epuguin ser a les mans i s\u2019evita la infecci\u00f3 que podria \u200eproduir-se en tocar-se els ulls, la boca i el nas.<span class=\"hiddenGrammarError\" style=\"padding-bottom: 2px; background-image: url('..\/..\/..\/..\/..\/images\/squiggle.png'); background-repeat: repeat-x; background-position: left bottom; cursor: default; font-family: 'Open Sans', Helvetica, Arial, sans-serif; font-size: 16px; font-style: normal; font-variant-ligatures: normal; font-variant-caps: normal; font-weight: 300; letter-spacing: normal; orphans: 2; text-align: start; text-indent: 0px; text-transform: none; white-space: normal; widows: 2; word-spacing: 0px; -webkit-text-stroke-width: 0px;\">\u200e<\/span><\/span><\/p>\n<h2><span class=\"ez-toc-section\" id=\"el-fred-i-la-neu-no-poden-matar-el-nou-coronavirus-2019-ncov\"><\/span>El fred i la neu NO PODEN matar el nou coronavirus (2019-<span class=\"hiddenSpellError\">nCoV<\/span>)<span class=\"ez-toc-section-end\"><\/span><\/h2>\n<p>La temperatura normal del cos hum\u00e0 es mant\u00e9 entorn de 36,5\u00b0 i 37\u00b0, amb independ\u00e8ncia de la temperatura exterior o de les condicions meteorol\u00f2giques. Per tant, no hi ha ra\u00f3 per a creure que el fred pugui matar el nou coronavirus o acabar amb altres malalties. La forma m\u00e9s efica\u00e7 de protegir-se contra el 2019-<span class=\"hiddenSpellError\">nCoV<\/span>&nbsp;\u00e9s netejar-se les mans sovint amb un desinfectant a base d\u2019alcohol o amb aigua i sab\u00f3.<\/p>\n<h2><\/h2>\n<h2><span class=\"ez-toc-section\" id=\"banyar-se-en-aigua-calenta-no-preve-la-infeccio-pel-nou-coronavirus\"><\/span>Banyar-se en aigua calenta no prev\u00e9 la infecci\u00f3 pel nou coronavirus.<span class=\"ez-toc-section-end\"><\/span><\/h2>\n<p>Banyar-se en aigua calenta no proporciona cap protecci\u00f3 contra la&nbsp;<span class=\"hiddenSpellError\">COVID<\/span>-19. Amb independ\u00e8ncia de la temperatura de l\u2019aigua de la banyera o la dutxa, la temperatura corporal continuar\u00e0 sent de 36,5\u202f\u00b0C a 37\u202f\u00b0C. De fet, si l\u2019aigua est\u00e0 molt calenta, pot un cremar-se. El millor que es pot fer per a protegir-se de la&nbsp;<span class=\"hiddenSpellError\">COVID<\/span>-19 \u00e9s rentar-se les mans amb freq\u00fc\u00e8ncia per a eliminar els virus que pugui haver-hi en la seva superf\u00edcie i no contagiar-nos en tocar-nos els ulls, la boca i el nas.<\/p>\n<h2><span class=\"ez-toc-section\" id=\"el-nou-coronavirus-no-pot-transmetres-a-traves-de-picades-de-mosquits\"><\/span>El nou coronavirus NO POT transmetre\u2019s a trav\u00e9s de picades de mosquits<span class=\"ez-toc-section-end\"><\/span><\/h2>\n<p>El nou coronavirus \u00e9s un virus respiratori que es propaga principalment per contacte amb una persona infectada a trav\u00e9s de les&nbsp;<span class=\"hiddenSpellError\">got\u00edcules<\/span>&nbsp;respirat\u00f2ries que es generen quan aquesta persona tus o esternuda, per exemple, o a trav\u00e9s de&nbsp;<span class=\"hiddenSpellError\">got\u00edcules<\/span>&nbsp;de saliva o secrecions del nas. Fins avui no hi ha informaci\u00f3 ni proves que indiquin que el 2019-<span class=\"hiddenSpellError\">nCoV<\/span>&nbsp;pugui transmetre\u2019s per mitj\u00e0 de mosquits. Per a protegir-se, eviti el contacte pr\u00f2xim amb qualsevol persona que tingui febre i tos, i practiqui una bona higiene de les mans i de les vies respirat\u00f2ries.<\/p>\n<h2><span class=\"ez-toc-section\" id=\"es-pot-matar-el-nou-coronavirus-en-30-segons-amb-un-assecador-de-mans-com-els-dels-banys-publics\"><\/span><span style=\"color: #333333;\">Es pot matar el nou coronavirus en 30 segons amb un assecador de mans com els dels banys p\u00fablics?<\/span><span class=\"ez-toc-section-end\"><\/span><\/h2>\n<p><span style=\"color: #333333;\">No. Els assecadors de mans no maten el 2019-<span class=\"hiddenSpellError\">nCoV<\/span>. Per a protegir-se contra el nou coronavirus (2019-<span class=\"hiddenSpellError\">nCoV<\/span>), renti\u2019s les mans sovint amb un gel&nbsp;hidroalcoh\u00f2lic&nbsp;o amb aigua i sab\u00f3. Una vegada netes, assequi-les-hi b\u00e9 amb tovalloletes de paper o amb un assecador d\u2019aire calent.<\/span><\/p>\n<h2><span class=\"ez-toc-section\" id=\"puc-reutilitzar-una-mascareta-n95-i-puc-rentar-la-puc-esterilitzar-la-amb-un-desinfectant-de-mans\"><\/span><span style=\"color: #333333;\">Puc reutilitzar una mascareta&nbsp;<span class=\"hiddenSpellError\">N95<\/span>? I puc rentar-la? Puc esterilitzar-la amb un desinfectant de mans?<\/span><span class=\"ez-toc-section-end\"><\/span><\/h2>\n<p><span style=\"color: #333333;\">No. Les mascaretes, incloses les mascaretes cl\u00edniques planes i les de filtre&nbsp;<span class=\"hiddenSpellError\">N95<\/span>, no han de reutilitzar-se. Quan s\u2019ha estat en contacte pr\u00f2xim amb una persona infectada pel nou coronavirus o per una altra infecci\u00f3 respirat\u00f2ria, s\u2019ha de considerar que la part frontal de la mascareta utilitzada est\u00e0 contaminada. Per a llen\u00e7ar-la, no toqui la seva part frontal. A continuaci\u00f3, llen\u00e7a-la correctament i renti\u2019s les mans amb un gel&nbsp;hidroalcoh\u00f2lic&nbsp;o amb aigua i sab\u00f3.<\/span><\/p>\n<h2><span class=\"ez-toc-section\" id=\"es-pot-matar-el-2019-ncov-amb-un-llum-ultraviolat-per-a-desinfeccio\"><\/span><span style=\"color: #333333;\">Es pot matar el 2019-<span class=\"hiddenSpellError\">nCoV<\/span>&nbsp;amb un llum ultraviolat per a desinfecci\u00f3?<\/span><span class=\"ez-toc-section-end\"><\/span><\/h2>\n<p><span style=\"color: #333333;\">No s\u2019han d\u2019utilitzar llums ultraviolats per a esterilitzar les mans o altres parts del cos, ja que la radiaci\u00f3 ultraviolada pot causar eritemes (irritaci\u00f3 de la pell).<\/span><br \/>\n<span style=\"color: #333333;\">Per a protegir-se contra el nou coronavirus, informi\u2019s de totes les mesures que pot prendre, que es poden consultar en el lloc web de&nbsp;l\u2019OMS: <a href=\"https:\/\/www.who.int\/es\/emergencies\/diseases\/novel-coronavirus-2019\/advice-for-public.\">https:\/\/www.who.int\/es\/emergencies\/diseases\/novel-coronavirus-2019\/advice-for-public<\/a><\/span><\/p>\n<h2><span class=\"ez-toc-section\" id=\"es-pot-matar-el-nou-coronavirus-ruixant-el-cos-amb-alcohol-o-amb-clor\"><\/span><span style=\"color: #333333;\">Es pot matar el nou coronavirus ruixant el cos amb alcohol o amb clor?<\/span><span class=\"ez-toc-section-end\"><\/span><\/h2>\n<p><span style=\"color: #333333;\">No. Ruixar tot el cos amb alcohol o clor no serveix per a matar els virus que ja han entrat en l\u2019organisme. Polvoritzar aquestes subst\u00e0ncies pot danyar la roba i les mucoses (\u00e9s a dir, els ulls, la boca, etc.). Tant l\u2019alcohol com el clor poden servir per a desinfectar les superf\u00edcies, sempre que se segueixin les recomanacions pertinents.<\/span><\/p>\n<p><span style=\"color: #333333;\">Hi ha diverses mesures que es poden aplicar per a protegir-se del nou coronavirus. Comenci per netejar-se les mans amb freq\u00fc\u00e8ncia amb un gel&nbsp;hidroalcoh\u00f2lic&nbsp;o amb aigua i sab\u00f3. Pot consultar altres mesures de protecci\u00f3 recomanades per l\u2019OMS en la p\u00e0gina: <a href=\"https:\/\/www.who.int\/es\/emergencies\/diseases\/novel-coronavirus-2019\/advice-for-public.\">https:\/\/www.who.int\/es\/emergencies\/diseases\/novel-coronavirus-2019\/advice-for-public<\/a><\/span><\/p>\n<h2><span class=\"ez-toc-section\" id=\"les-vacunes-contra-la-pneumonia-protegeixen-contra-el-nou-coronavirus\"><\/span><span style=\"color: #333333;\">Les vacunes contra la pneum\u00f2nia, protegeixen contra el nou coronavirus?<\/span><span class=\"ez-toc-section-end\"><\/span><\/h2>\n<p><span style=\"color: #333333;\">No. Les vacunes contra la pneum\u00f2nia, com la&nbsp;pneumoc\u00f2ccia&nbsp;i la vacuna contra&nbsp;<span class=\"hiddenSpellError\">Haemophilus<\/span>&nbsp;<span class=\"hiddenSpellError\">influenzae<\/span>&nbsp;de tipus B (<span class=\"hiddenSpellError\">Hib<\/span>), no protegeixen contra el nou coronavirus. El&nbsp;2019-<span class=\"hiddenSpellError\">nCoV<\/span>&nbsp;\u00e9s tan nou i diferent que \u00e9s necessari desenvolupar una vacuna espec\u00edfica, en la qual ja s\u2019est\u00e0 treballant amb el suport de&nbsp;l\u2019OMS.<\/span><\/p>\n<p><span style=\"color: #333333;\">Encara que les vacunes contra la pneum\u00f2nia no s\u00f3n eficaces contra el&nbsp;<span class=\"hiddenSpellError\">2019\u2011nCoV<\/span>, \u00e9s molt convenient vacunar-se contra les malalties respirat\u00f2ries per a mantenir una bona salut.<\/span><\/p>\n<h2><span class=\"ez-toc-section\" id=\"conve-esbandir-se-regularment-el-nas-amb-una-solucio-salina-per-a-prevenir-la-infeccio-pel-nou-coronavirus\"><\/span><span style=\"color: #333333;\">Conv\u00e9 esbandir-se regularment el nas amb una soluci\u00f3 salina per a prevenir la infecci\u00f3 pel nou coronavirus?<\/span><span class=\"ez-toc-section-end\"><\/span><\/h2>\n<p><span style=\"color: #333333;\">No. No hi ha proves que indiquin que aquesta pr\u00e0ctica protegeixi de la infecci\u00f3 pel nou coronavirus.<\/span><\/p>\n<p><span style=\"color: #333333;\">Encara que algunes proves indiquen que esbandir-se el nas regularment amb soluci\u00f3 salina pot accelerar la recuperaci\u00f3 despr\u00e9s d\u2019un refredat com\u00fa, no s\u2019ha demostrat que previngui les infeccions respirat\u00f2ries.<\/span><\/p>\n<h2><span class=\"ez-toc-section\" id=\"menjar-all-pot-ajudar-a-prevenir-la-infeccio-pel-nou-coronavirus\"><\/span><span style=\"color: #333333;\">Menjar all pot ajudar a prevenir la infecci\u00f3 pel nou coronavirus?<\/span><span class=\"ez-toc-section-end\"><\/span><\/h2>\n<p><span style=\"color: #333333;\">L\u2019all \u00e9s un aliment saludable que pot tenir algunes propietats antimicrobianes. No obstant aix\u00f2, no s\u2019han obtingut proves que menjar-ho protegeixi contra el virus que causa el brot actual.<\/span><\/p>\n<h2><span class=\"ez-toc-section\" id=\"es-bo-aplicar-se-oli-de-sesam-en-la-pell-per-a-impedir-que-el-nou-coronavirus-entri-en-el-cos\"><\/span><span style=\"color: #333333;\">\u00c9s bo aplicar-se oli de s\u00e8sam en la pell per a impedir que el nou coronavirus entri en el cos?<\/span><span class=\"ez-toc-section-end\"><\/span><\/h2>\n<p><span style=\"color: #333333;\">No. L\u2019oli de s\u00e8sam no mata al nou coronavirus. Hi ha desinfectants qu\u00edmics que, aplicats sobre les superf\u00edcies, poden matar-ho, com els desinfectants a base de lleixiu o clor, alguns dissolvents, l\u2019etanol al 75%, l\u2019\u00e0cid&nbsp;perac\u00e8tic&nbsp;i el cloroform. No&nbsp;obstant aix\u00f2, aquests productes tenen una efic\u00e0cia escassa o nul\u00b7la contra el 2019-<span class=\"hiddenSpellError\">nCoV<\/span>&nbsp;si s\u2019apliquen en la pell o sota el nas i, a m\u00e9s, poden danyar la pell.<\/span><\/p>\n<h2><span class=\"ez-toc-section\" id=\"el-nou-coronavirus-afecta-nomes-a-les-persones-dedat-o-tambe-pot-afectar-les-mes-joves\"><\/span><span style=\"color: #333333;\">El nou coronavirus, afecta nom\u00e9s a les persones d\u2019edat o tamb\u00e9 pot afectar les m\u00e9s joves?<\/span><span class=\"ez-toc-section-end\"><\/span><\/h2>\n<p><span style=\"color: #333333;\">El nou coronavirus (2019-<span class=\"hiddenSpellError\">nCoV<\/span>) pot infectar a persones de totes les edats, si b\u00e9 s\u2019ha observat que les persones majors i les que pateixen algunes malalties (com l\u2019asma, la diabetis o les cardiopaties) tenen m\u00e9s probabilitats d\u2019emmalaltir-se greument quan adquireixen la&nbsp;infecci\u00f3. L\u2019OMS&nbsp;aconsella a les persones de totes les edats que prenguin mesures per a protegir-se del virus, per exemple, mitjan\u00e7ant una bona higiene de mans i respirat\u00f2ria.<\/span><\/p>\n<h2><span class=\"ez-toc-section\" id=\"son-eficacos-els-antibiotics-per-a-prevenir-i-tractar-la-infeccio-pel-nou-coronavirus\"><\/span><span style=\"color: #333333;\">S\u00f3n efica\u00e7os els antibi\u00f2tics per a prevenir i tractar la infecci\u00f3 pel nou coronavirus?<\/span><span class=\"ez-toc-section-end\"><\/span><\/h2>\n<p><span style=\"color: #333333;\">No. Els antibi\u00f2tics s\u00f3n efica\u00e7os contra els bacteris, per\u00f2 no contra els virus. Com&nbsp;que el nou coronavirus (2019-<span class=\"hiddenSpellError\">nCoV<\/span>) \u00e9s un virus, no han d\u2019utilitzar-se antibi\u00f2tics ni per a prevenir ni per a tractar la infecci\u00f3. No&nbsp;obstant aix\u00f2, si resulta vost\u00e8 infectat per aquest virus i li hospitalitzen, \u00e9s possible que li administrin antibi\u00f2tics perqu\u00e8 no contregui infeccions bacterianes.<\/span><\/p>\n<h2><span class=\"ez-toc-section\" id=\"hi-ha-algun-medicament-per-a-prevenir-o-tractar-la-infeccio-pel-nou-coronavirus\"><\/span><span style=\"color: #333333;\">Hi ha algun medicament per a prevenir o tractar la infecci\u00f3 pel nou coronavirus?<\/span><span class=\"ez-toc-section-end\"><\/span><\/h2>\n<p><span style=\"color: #333333;\">De moment, no es recomana cap f\u00e0rmac&nbsp;espec\u00edfic per a prevenir o tractar la infecci\u00f3 pel nou coronavirus (2019-<span class=\"hiddenSpellError\">nCoV<\/span>). No&nbsp;obstant aix\u00f2, \u00e9s necessari atendre adequadament les persones infectades per aquest virus per a alleujar i tractar els s\u00edmptomes i procurar mesures de suport optimitzades als quals presentin s\u00edmptomes greus. S\u2019estan estudiant alguns tractaments espec\u00edfics que es provaran en assajos cl\u00ednics. L\u2019OMS est\u00e0 ajudant a agilitar les labors de recerca i desenvolupament amb una s\u00e8rie d\u2019associats.<\/span><\/p>\n<p><span style=\"color: #333333;\"><strong>Font<\/strong>: OMS (Organitzaci\u00f3 Mundial de la Salut).<\/span><\/p>\n<p><span style=\"color: #333333;\">Recorda sempre seguir les fonts oficials per a no caure en not\u00edcies o recomanacions falses.<\/span><\/p>\n","protected":false},"excerpt":{"rendered":"<p>Consells per a la poblaci\u00f3 sobre els rumors sobre el nou coronavirus (COVID-19), per l\u2019OMS. \u00daltima actualitzaci\u00f3: 20\/04\/2020 Les xarxes&nbsp;5G&nbsp;de telefonia m\u00f2bil NO propaguen la COVID-19 Els virus no es desplacen per les ones electromagn\u00e8tiques ni les xarxes de telefonia m\u00f2bil. La COVID-19 s\u2019est\u00e0 propagant en nombrosos pa\u00efsos en els quals no existeix una xarxa&nbsp;5G. [&hellip;]<\/p>\n","protected":false},"author":4,"featured_media":17732,"comment_status":"closed","ping_status":"closed","sticky":false,"template":"","format":"standard","meta":{"_acf_changed":false,"inline_featured_image":false,"_mbp_gutenberg_autopost":false,"footnotes":""},"categories":[4,1],"tags":[],"class_list":["post-16355","post","type-post","status-publish","format-standard","has-post-thumbnail","hentry","category-respostes-de-salut","category-salut"],"acf":[],"yoast_head":"<!-- This site is optimized with the Yoast SEO plugin v27.5 - https:\/\/yoast.com\/product\/yoast-seo-wordpress\/ -->\n<title>Rumors COVID-19 | Respostes de salut | farm\u00e0cies ecoceutics<\/title>\n<meta name=\"description\" content=\"Recorda sempre seguir les fonts oficials per a no caure en not\u00edcies o recomanacions falses. Aqu\u00ed tens alguns rumors desmentits per l&#039;OMS.\" \/>\n<meta name=\"robots\" content=\"index, follow, max-snippet:-1, max-image-preview:large, max-video-preview:-1\" \/>\n<link rel=\"canonical\" href=\"https:\/\/www.ecoceutics.com\/ca\/respostes-de-salut\/salut\/rumors-coronavirus\/\" \/>\n<meta property=\"og:locale\" content=\"ca_ES\" \/>\n<meta property=\"og:type\" content=\"article\" \/>\n<meta property=\"og:title\" content=\"Rumors COVID-19 | Respostes de salut | farm\u00e0cies ecoceutics\" \/>\n<meta property=\"og:description\" content=\"Recorda sempre seguir les fonts oficials per a no caure en not\u00edcies o recomanacions falses. Aqu\u00ed tens alguns rumors desmentits per l&#039;OMS.\" \/>\n<meta property=\"og:url\" content=\"https:\/\/www.ecoceutics.com\/ca\/respostes-de-salut\/salut\/rumors-coronavirus\/\" \/>\n<meta property=\"og:site_name\" content=\"ecoceutics\" \/>\n<meta property=\"article:published_time\" content=\"2020-04-16T22:00:00+00:00\" \/>\n<meta property=\"article:modified_time\" content=\"2021-12-23T10:59:25+00:00\" \/>\n<meta property=\"og:image\" content=\"https:\/\/www.ecoceutics.com\/wp-content\/uploads\/2021\/09\/Plantilla_FOTOS-EXTERIOR-POST2-2.jpg\" \/>\n\t<meta property=\"og:image:width\" content=\"800\" \/>\n\t<meta property=\"og:image:height\" content=\"800\" \/>\n\t<meta property=\"og:image:type\" content=\"image\/png\" \/>\n<meta name=\"author\" content=\"Lorena Crosa\" \/>\n<meta name=\"twitter:card\" content=\"summary_large_image\" \/>\n<meta name=\"twitter:label1\" content=\"Escrit per\" \/>\n\t<meta name=\"twitter:data1\" content=\"Lorena Crosa\" \/>\n\t<meta name=\"twitter:label2\" content=\"Temps estimat de lectura\" \/>\n\t<meta name=\"twitter:data2\" content=\"8 minuts\" \/>\n<script type=\"application\/ld+json\" class=\"yoast-schema-graph\">{\"@context\":\"https:\\\/\\\/schema.org\",\"@graph\":[{\"@type\":\"Article\",\"@id\":\"https:\\\/\\\/www.ecoceutics.com\\\/ca\\\/respostes-de-salut\\\/salut\\\/rumors-coronavirus\\\/#article\",\"isPartOf\":{\"@id\":\"https:\\\/\\\/www.ecoceutics.com\\\/ca\\\/respostes-de-salut\\\/salut\\\/rumors-coronavirus\\\/\"},\"author\":{\"name\":\"Lorena Crosa\",\"@id\":\"https:\\\/\\\/www.ecoceutics.com\\\/ca\\\/#\\\/schema\\\/person\\\/1ea99343a86784e00a52c8744dfc7d83\"},\"headline\":\"Consells sobre els rumors del coronavirus (COVID-19)\",\"datePublished\":\"2020-04-16T22:00:00+00:00\",\"dateModified\":\"2021-12-23T10:59:25+00:00\",\"mainEntityOfPage\":{\"@id\":\"https:\\\/\\\/www.ecoceutics.com\\\/ca\\\/respostes-de-salut\\\/salut\\\/rumors-coronavirus\\\/\"},\"wordCount\":1868,\"publisher\":{\"@id\":\"https:\\\/\\\/www.ecoceutics.com\\\/ca\\\/#organization\"},\"image\":{\"@id\":\"https:\\\/\\\/www.ecoceutics.com\\\/ca\\\/respostes-de-salut\\\/salut\\\/rumors-coronavirus\\\/#primaryimage\"},\"thumbnailUrl\":\"https:\\\/\\\/www.ecoceutics.com\\\/wp-content\\\/uploads\\\/2021\\\/09\\\/Plantilla_FOTOS-EXTERIOR-POST2-2.jpg\",\"articleSection\":[\"Respostes de salut\",\"Salut\"],\"inLanguage\":\"ca\"},{\"@type\":\"WebPage\",\"@id\":\"https:\\\/\\\/www.ecoceutics.com\\\/ca\\\/respostes-de-salut\\\/salut\\\/rumors-coronavirus\\\/\",\"url\":\"https:\\\/\\\/www.ecoceutics.com\\\/ca\\\/respostes-de-salut\\\/salut\\\/rumors-coronavirus\\\/\",\"name\":\"Rumors COVID-19 | Respostes de salut | farm\u00e0cies ecoceutics\",\"isPartOf\":{\"@id\":\"https:\\\/\\\/www.ecoceutics.com\\\/ca\\\/#website\"},\"primaryImageOfPage\":{\"@id\":\"https:\\\/\\\/www.ecoceutics.com\\\/ca\\\/respostes-de-salut\\\/salut\\\/rumors-coronavirus\\\/#primaryimage\"},\"image\":{\"@id\":\"https:\\\/\\\/www.ecoceutics.com\\\/ca\\\/respostes-de-salut\\\/salut\\\/rumors-coronavirus\\\/#primaryimage\"},\"thumbnailUrl\":\"https:\\\/\\\/www.ecoceutics.com\\\/wp-content\\\/uploads\\\/2021\\\/09\\\/Plantilla_FOTOS-EXTERIOR-POST2-2.jpg\",\"datePublished\":\"2020-04-16T22:00:00+00:00\",\"dateModified\":\"2021-12-23T10:59:25+00:00\",\"description\":\"Recorda sempre seguir les fonts oficials per a no caure en not\u00edcies o recomanacions falses. Aqu\u00ed tens alguns rumors desmentits per l'OMS.\",\"breadcrumb\":{\"@id\":\"https:\\\/\\\/www.ecoceutics.com\\\/ca\\\/respostes-de-salut\\\/salut\\\/rumors-coronavirus\\\/#breadcrumb\"},\"inLanguage\":\"ca\",\"potentialAction\":[{\"@type\":\"ReadAction\",\"target\":[\"https:\\\/\\\/www.ecoceutics.com\\\/ca\\\/respostes-de-salut\\\/salut\\\/rumors-coronavirus\\\/\"]}]},{\"@type\":\"ImageObject\",\"inLanguage\":\"ca\",\"@id\":\"https:\\\/\\\/www.ecoceutics.com\\\/ca\\\/respostes-de-salut\\\/salut\\\/rumors-coronavirus\\\/#primaryimage\",\"url\":\"https:\\\/\\\/www.ecoceutics.com\\\/wp-content\\\/uploads\\\/2021\\\/09\\\/Plantilla_FOTOS-EXTERIOR-POST2-2.jpg\",\"contentUrl\":\"https:\\\/\\\/www.ecoceutics.com\\\/wp-content\\\/uploads\\\/2021\\\/09\\\/Plantilla_FOTOS-EXTERIOR-POST2-2.jpg\",\"width\":800,\"height\":800,\"caption\":\"\u00bfC\u00f3mo puedo desinfectar una mascarilla en casa?\"},{\"@type\":\"BreadcrumbList\",\"@id\":\"https:\\\/\\\/www.ecoceutics.com\\\/ca\\\/respostes-de-salut\\\/salut\\\/rumors-coronavirus\\\/#breadcrumb\",\"itemListElement\":[{\"@type\":\"ListItem\",\"position\":1,\"name\":\"Portada\",\"item\":\"https:\\\/\\\/www.ecoceutics.com\\\/ca\\\/\"},{\"@type\":\"ListItem\",\"position\":2,\"name\":\"Consells sobre els rumors del coronavirus (COVID-19)\"}]},{\"@type\":\"WebSite\",\"@id\":\"https:\\\/\\\/www.ecoceutics.com\\\/ca\\\/#website\",\"url\":\"https:\\\/\\\/www.ecoceutics.com\\\/ca\\\/\",\"name\":\"ecoceutics\",\"description\":\"Primera red de farmacias independientes bajo una marca\",\"publisher\":{\"@id\":\"https:\\\/\\\/www.ecoceutics.com\\\/ca\\\/#organization\"},\"potentialAction\":[{\"@type\":\"SearchAction\",\"target\":{\"@type\":\"EntryPoint\",\"urlTemplate\":\"https:\\\/\\\/www.ecoceutics.com\\\/ca\\\/?s={search_term_string}\"},\"query-input\":{\"@type\":\"PropertyValueSpecification\",\"valueRequired\":true,\"valueName\":\"search_term_string\"}}],\"inLanguage\":\"ca\"},{\"@type\":\"Organization\",\"@id\":\"https:\\\/\\\/www.ecoceutics.com\\\/ca\\\/#organization\",\"name\":\"Ecoceutics\",\"url\":\"https:\\\/\\\/www.ecoceutics.com\\\/ca\\\/\",\"logo\":{\"@type\":\"ImageObject\",\"inLanguage\":\"ca\",\"@id\":\"https:\\\/\\\/www.ecoceutics.com\\\/ca\\\/#\\\/schema\\\/logo\\\/image\\\/\",\"url\":\"https:\\\/\\\/www.ecoceutics.com\\\/wp-content\\\/uploads\\\/2022\\\/02\\\/Logo-Ecoceutics-SVG-01-1.svg\",\"contentUrl\":\"https:\\\/\\\/www.ecoceutics.com\\\/wp-content\\\/uploads\\\/2022\\\/02\\\/Logo-Ecoceutics-SVG-01-1.svg\",\"width\":232,\"height\":68,\"caption\":\"Ecoceutics\"},\"image\":{\"@id\":\"https:\\\/\\\/www.ecoceutics.com\\\/ca\\\/#\\\/schema\\\/logo\\\/image\\\/\"}},{\"@type\":\"Person\",\"@id\":\"https:\\\/\\\/www.ecoceutics.com\\\/ca\\\/#\\\/schema\\\/person\\\/1ea99343a86784e00a52c8744dfc7d83\",\"name\":\"Lorena Crosa\",\"image\":{\"@type\":\"ImageObject\",\"inLanguage\":\"ca\",\"@id\":\"https:\\\/\\\/www.ecoceutics.com\\\/wp-content\\\/uploads\\\/2024\\\/03\\\/Lorena-Crosa-100x100.jpg\",\"url\":\"https:\\\/\\\/www.ecoceutics.com\\\/wp-content\\\/uploads\\\/2024\\\/03\\\/Lorena-Crosa-100x100.jpg\",\"contentUrl\":\"https:\\\/\\\/www.ecoceutics.com\\\/wp-content\\\/uploads\\\/2024\\\/03\\\/Lorena-Crosa-100x100.jpg\",\"caption\":\"Lorena Crosa\"}}]}<\/script>\n<!-- \/ Yoast SEO plugin. -->","yoast_head_json":{"title":"Rumors COVID-19 | Respostes de salut | farm\u00e0cies ecoceutics","description":"Recorda sempre seguir les fonts oficials per a no caure en not\u00edcies o recomanacions falses. Aqu\u00ed tens alguns rumors desmentits per l'OMS.","robots":{"index":"index","follow":"follow","max-snippet":"max-snippet:-1","max-image-preview":"max-image-preview:large","max-video-preview":"max-video-preview:-1"},"canonical":"https:\/\/www.ecoceutics.com\/ca\/respostes-de-salut\/salut\/rumors-coronavirus\/","og_locale":"ca_ES","og_type":"article","og_title":"Rumors COVID-19 | Respostes de salut | farm\u00e0cies ecoceutics","og_description":"Recorda sempre seguir les fonts oficials per a no caure en not\u00edcies o recomanacions falses. Aqu\u00ed tens alguns rumors desmentits per l'OMS.","og_url":"https:\/\/www.ecoceutics.com\/ca\/respostes-de-salut\/salut\/rumors-coronavirus\/","og_site_name":"ecoceutics","article_published_time":"2020-04-16T22:00:00+00:00","article_modified_time":"2021-12-23T10:59:25+00:00","og_image":[{"width":800,"height":800,"url":"https:\/\/www.ecoceutics.com\/wp-content\/uploads\/2021\/09\/Plantilla_FOTOS-EXTERIOR-POST2-2.jpg","type":"image\/png"}],"author":"Lorena Crosa","twitter_card":"summary_large_image","twitter_misc":{"Escrit per":"Lorena Crosa","Temps estimat de lectura":"8 minuts"},"schema":{"@context":"https:\/\/schema.org","@graph":[{"@type":"Article","@id":"https:\/\/www.ecoceutics.com\/ca\/respostes-de-salut\/salut\/rumors-coronavirus\/#article","isPartOf":{"@id":"https:\/\/www.ecoceutics.com\/ca\/respostes-de-salut\/salut\/rumors-coronavirus\/"},"author":{"name":"Lorena Crosa","@id":"https:\/\/www.ecoceutics.com\/ca\/#\/schema\/person\/1ea99343a86784e00a52c8744dfc7d83"},"headline":"Consells sobre els rumors del coronavirus (COVID-19)","datePublished":"2020-04-16T22:00:00+00:00","dateModified":"2021-12-23T10:59:25+00:00","mainEntityOfPage":{"@id":"https:\/\/www.ecoceutics.com\/ca\/respostes-de-salut\/salut\/rumors-coronavirus\/"},"wordCount":1868,"publisher":{"@id":"https:\/\/www.ecoceutics.com\/ca\/#organization"},"image":{"@id":"https:\/\/www.ecoceutics.com\/ca\/respostes-de-salut\/salut\/rumors-coronavirus\/#primaryimage"},"thumbnailUrl":"https:\/\/www.ecoceutics.com\/wp-content\/uploads\/2021\/09\/Plantilla_FOTOS-EXTERIOR-POST2-2.jpg","articleSection":["Respostes de salut","Salut"],"inLanguage":"ca"},{"@type":"WebPage","@id":"https:\/\/www.ecoceutics.com\/ca\/respostes-de-salut\/salut\/rumors-coronavirus\/","url":"https:\/\/www.ecoceutics.com\/ca\/respostes-de-salut\/salut\/rumors-coronavirus\/","name":"Rumors COVID-19 | Respostes de salut | farm\u00e0cies ecoceutics","isPartOf":{"@id":"https:\/\/www.ecoceutics.com\/ca\/#website"},"primaryImageOfPage":{"@id":"https:\/\/www.ecoceutics.com\/ca\/respostes-de-salut\/salut\/rumors-coronavirus\/#primaryimage"},"image":{"@id":"https:\/\/www.ecoceutics.com\/ca\/respostes-de-salut\/salut\/rumors-coronavirus\/#primaryimage"},"thumbnailUrl":"https:\/\/www.ecoceutics.com\/wp-content\/uploads\/2021\/09\/Plantilla_FOTOS-EXTERIOR-POST2-2.jpg","datePublished":"2020-04-16T22:00:00+00:00","dateModified":"2021-12-23T10:59:25+00:00","description":"Recorda sempre seguir les fonts oficials per a no caure en not\u00edcies o recomanacions falses. Aqu\u00ed tens alguns rumors desmentits per l'OMS.","breadcrumb":{"@id":"https:\/\/www.ecoceutics.com\/ca\/respostes-de-salut\/salut\/rumors-coronavirus\/#breadcrumb"},"inLanguage":"ca","potentialAction":[{"@type":"ReadAction","target":["https:\/\/www.ecoceutics.com\/ca\/respostes-de-salut\/salut\/rumors-coronavirus\/"]}]},{"@type":"ImageObject","inLanguage":"ca","@id":"https:\/\/www.ecoceutics.com\/ca\/respostes-de-salut\/salut\/rumors-coronavirus\/#primaryimage","url":"https:\/\/www.ecoceutics.com\/wp-content\/uploads\/2021\/09\/Plantilla_FOTOS-EXTERIOR-POST2-2.jpg","contentUrl":"https:\/\/www.ecoceutics.com\/wp-content\/uploads\/2021\/09\/Plantilla_FOTOS-EXTERIOR-POST2-2.jpg","width":800,"height":800,"caption":"\u00bfC\u00f3mo puedo desinfectar una mascarilla en casa?"},{"@type":"BreadcrumbList","@id":"https:\/\/www.ecoceutics.com\/ca\/respostes-de-salut\/salut\/rumors-coronavirus\/#breadcrumb","itemListElement":[{"@type":"ListItem","position":1,"name":"Portada","item":"https:\/\/www.ecoceutics.com\/ca\/"},{"@type":"ListItem","position":2,"name":"Consells sobre els rumors del coronavirus (COVID-19)"}]},{"@type":"WebSite","@id":"https:\/\/www.ecoceutics.com\/ca\/#website","url":"https:\/\/www.ecoceutics.com\/ca\/","name":"ecoceutics","description":"Primera red de farmacias independientes bajo una marca","publisher":{"@id":"https:\/\/www.ecoceutics.com\/ca\/#organization"},"potentialAction":[{"@type":"SearchAction","target":{"@type":"EntryPoint","urlTemplate":"https:\/\/www.ecoceutics.com\/ca\/?s={search_term_string}"},"query-input":{"@type":"PropertyValueSpecification","valueRequired":true,"valueName":"search_term_string"}}],"inLanguage":"ca"},{"@type":"Organization","@id":"https:\/\/www.ecoceutics.com\/ca\/#organization","name":"Ecoceutics","url":"https:\/\/www.ecoceutics.com\/ca\/","logo":{"@type":"ImageObject","inLanguage":"ca","@id":"https:\/\/www.ecoceutics.com\/ca\/#\/schema\/logo\/image\/","url":"https:\/\/www.ecoceutics.com\/wp-content\/uploads\/2022\/02\/Logo-Ecoceutics-SVG-01-1.svg","contentUrl":"https:\/\/www.ecoceutics.com\/wp-content\/uploads\/2022\/02\/Logo-Ecoceutics-SVG-01-1.svg","width":232,"height":68,"caption":"Ecoceutics"},"image":{"@id":"https:\/\/www.ecoceutics.com\/ca\/#\/schema\/logo\/image\/"}},{"@type":"Person","@id":"https:\/\/www.ecoceutics.com\/ca\/#\/schema\/person\/1ea99343a86784e00a52c8744dfc7d83","name":"Lorena Crosa","image":{"@type":"ImageObject","inLanguage":"ca","@id":"https:\/\/www.ecoceutics.com\/wp-content\/uploads\/2024\/03\/Lorena-Crosa-100x100.jpg","url":"https:\/\/www.ecoceutics.com\/wp-content\/uploads\/2024\/03\/Lorena-Crosa-100x100.jpg","contentUrl":"https:\/\/www.ecoceutics.com\/wp-content\/uploads\/2024\/03\/Lorena-Crosa-100x100.jpg","caption":"Lorena Crosa"}}]}},"_links":{"self":[{"href":"https:\/\/www.ecoceutics.com\/ca\/wp-json\/wp\/v2\/posts\/16355","targetHints":{"allow":["GET"]}}],"collection":[{"href":"https:\/\/www.ecoceutics.com\/ca\/wp-json\/wp\/v2\/posts"}],"about":[{"href":"https:\/\/www.ecoceutics.com\/ca\/wp-json\/wp\/v2\/types\/post"}],"author":[{"embeddable":true,"href":"https:\/\/www.ecoceutics.com\/ca\/wp-json\/wp\/v2\/users\/4"}],"replies":[{"embeddable":true,"href":"https:\/\/www.ecoceutics.com\/ca\/wp-json\/wp\/v2\/comments?post=16355"}],"version-history":[{"count":0,"href":"https:\/\/www.ecoceutics.com\/ca\/wp-json\/wp\/v2\/posts\/16355\/revisions"}],"wp:featuredmedia":[{"embeddable":true,"href":"https:\/\/www.ecoceutics.com\/ca\/wp-json\/wp\/v2\/media\/17732"}],"wp:attachment":[{"href":"https:\/\/www.ecoceutics.com\/ca\/wp-json\/wp\/v2\/media?parent=16355"}],"wp:term":[{"taxonomy":"category","embeddable":true,"href":"https:\/\/www.ecoceutics.com\/ca\/wp-json\/wp\/v2\/categories?post=16355"},{"taxonomy":"post_tag","embeddable":true,"href":"https:\/\/www.ecoceutics.com\/ca\/wp-json\/wp\/v2\/tags?post=16355"}],"curies":[{"name":"wp","href":"https:\/\/api.w.org\/{rel}","templated":true}]}}