{"id":16402,"date":"2020-05-22T00:00:00","date_gmt":"2020-05-21T22:00:00","guid":{"rendered":"https:\/\/www.ecoceutics.com\/fase-ii\/"},"modified":"2023-03-22T17:00:47","modified_gmt":"2023-03-22T16:00:47","slug":"fase-ii","status":"publish","type":"post","link":"https:\/\/www.ecoceutics.com\/ca\/respostes-de-salut\/salut\/fase-ii\/","title":{"rendered":"Dubtes durant la desescalada: fase II"},"content":{"rendered":"<p>Qu\u00e8 podem fer en la fase II que no pod\u00edem en la fase I? Com mantenim les mesures de seguretat i higiene ara que sortim m\u00e9s?<\/p>\n<div id=\"ez-toc-container\" class=\"ez-toc-v2_0_82_2 counter-hierarchy ez-toc-counter ez-toc-custom ez-toc-container-direction\">\n<div class=\"ez-toc-title-container\">\n<p class=\"ez-toc-title\" style=\"cursor:inherit\">Contenido de la p\u00e1gina<\/p>\n<span class=\"ez-toc-title-toggle\"><a href=\"#\" class=\"ez-toc-pull-right ez-toc-btn ez-toc-btn-xs ez-toc-btn-default ez-toc-toggle\" aria-label=\"Toggle Table of Content\"><span class=\"ez-toc-js-icon-con\"><span class=\"\"><span class=\"eztoc-hide\" style=\"display:none;\">Toggle<\/span><span class=\"ez-toc-icon-toggle-span\"><svg style=\"fill: #333333;color:#333333\" xmlns=\"http:\/\/www.w3.org\/2000\/svg\" class=\"list-377408\" width=\"20px\" height=\"20px\" viewBox=\"0 0 24 24\" fill=\"none\"><path d=\"M6 6H4v2h2V6zm14 0H8v2h12V6zM4 11h2v2H4v-2zm16 0H8v2h12v-2zM4 16h2v2H4v-2zm16 0H8v2h12v-2z\" fill=\"currentColor\"><\/path><\/svg><svg style=\"fill: #333333;color:#333333\" class=\"arrow-unsorted-368013\" xmlns=\"http:\/\/www.w3.org\/2000\/svg\" width=\"10px\" height=\"10px\" viewBox=\"0 0 24 24\" version=\"1.2\" baseProfile=\"tiny\"><path d=\"M18.2 9.3l-6.2-6.3-6.2 6.3c-.2.2-.3.4-.3.7s.1.5.3.7c.2.2.4.3.7.3h11c.3 0 .5-.1.7-.3.2-.2.3-.5.3-.7s-.1-.5-.3-.7zM5.8 14.7l6.2 6.3 6.2-6.3c.2-.2.3-.5.3-.7s-.1-.5-.3-.7c-.2-.2-.4-.3-.7-.3h-11c-.3 0-.5.1-.7.3-.2.2-.3.5-.3.7s.1.5.3.7z\"\/><\/svg><\/span><\/span><\/span><\/a><\/span><\/div>\n<nav><ul class='ez-toc-list ez-toc-list-level-1 ' ><li class='ez-toc-page-1 ez-toc-heading-level-2'><a class=\"ez-toc-link ez-toc-heading-1\" href=\"https:\/\/www.ecoceutics.com\/ca\/respostes-de-salut\/salut\/fase-ii\/#fase-ii-fase-intermedia\" >Fase II: fase interm\u00e8dia<\/a><\/li><li class='ez-toc-page-1 ez-toc-heading-level-2'><a class=\"ez-toc-link ez-toc-heading-2\" href=\"https:\/\/www.ecoceutics.com\/ca\/respostes-de-salut\/salut\/fase-ii\/#personal\" >Personal<\/a><\/li><li class='ez-toc-page-1 ez-toc-heading-level-2'><a class=\"ez-toc-link ez-toc-heading-3\" href=\"https:\/\/www.ecoceutics.com\/ca\/respostes-de-salut\/salut\/fase-ii\/#comerc-i-serveis\" >Comer\u00e7 i serveis<\/a><\/li><li class='ez-toc-page-1 ez-toc-heading-level-2'><a class=\"ez-toc-link ez-toc-heading-4\" href=\"https:\/\/www.ecoceutics.com\/ca\/respostes-de-salut\/salut\/fase-ii\/#hostaleria\" >Hostaleria<\/a><\/li><li class='ez-toc-page-1 ez-toc-heading-level-2'><a class=\"ez-toc-link ez-toc-heading-5\" href=\"https:\/\/www.ecoceutics.com\/ca\/respostes-de-salut\/salut\/fase-ii\/#hotels\" >Hotels<\/a><\/li><li class='ez-toc-page-1 ez-toc-heading-level-2'><a class=\"ez-toc-link ez-toc-heading-6\" href=\"https:\/\/www.ecoceutics.com\/ca\/respostes-de-salut\/salut\/fase-ii\/#esport-no-professional\" >Esport no professional<\/a><\/li><li class='ez-toc-page-1 ez-toc-heading-level-2'><a class=\"ez-toc-link ez-toc-heading-7\" href=\"https:\/\/www.ecoceutics.com\/ca\/respostes-de-salut\/salut\/fase-ii\/#esport-professional-i-federat\" >Esport professional i federat<\/a><\/li><li class='ez-toc-page-1 ez-toc-heading-level-2'><a class=\"ez-toc-link ez-toc-heading-8\" href=\"https:\/\/www.ecoceutics.com\/ca\/respostes-de-salut\/salut\/fase-ii\/#oci\" >Oci<\/a><\/li><li class='ez-toc-page-1 ez-toc-heading-level-2'><a class=\"ez-toc-link ez-toc-heading-9\" href=\"https:\/\/www.ecoceutics.com\/ca\/respostes-de-salut\/salut\/fase-ii\/#llocs-de-culte\" >Llocs de culte<\/a><\/li><li class='ez-toc-page-1 ez-toc-heading-level-2'><a class=\"ez-toc-link ez-toc-heading-10\" href=\"https:\/\/www.ecoceutics.com\/ca\/respostes-de-salut\/salut\/fase-ii\/#educacio\" >Educaci\u00f3<\/a><\/li><\/ul><\/nav><\/div>\n<h2><span class=\"ez-toc-section\" id=\"fase-ii-fase-intermedia\"><\/span><strong>Fase II: fase interm\u00e8dia<\/strong><span class=\"ez-toc-section-end\"><\/span><\/h2>\n<h2><span class=\"ez-toc-section\" id=\"personal\"><\/span>Personal<span class=\"ez-toc-section-end\"><\/span><\/h2>\n<p>Es permeten els viatges a segones resid\u00e8ncies sempre que estiguin en la mateixa prov\u00edncia. Casaments amb nombre limitat d\u2019assistents.<\/p>\n<ul>\n<li><strong>En el cotxe \u00e9s necessari portar la mascareta?<\/strong>\n<ul>\n<li><strong>Resposta:<\/strong> Si est\u00e0s conduint sol, la mascareta no \u00e9s necess\u00e0ria. Per\u00f2 \u00e9s convenient que la portis amb tu per a les interaccions quan baixis, per si et para la policia i la interacci\u00f3 amb els agents si es d\u00f3na a menys de dos metres, etc. Si est\u00e0s amb alg\u00fa m\u00e9s (per exemple, conductor suplent d\u2019un cami\u00f3) llavors s\u00ed que totes dues persones hauran d\u2019utilitzar mascaretes.<\/li>\n<\/ul>\n<\/li>\n<\/ul>\n<ul>\n<li><strong>Ja podem reunir-nos m\u00e9s de 10 persones?<\/strong>\n<ul>\n<li><strong>Resposta:<\/strong> a la fase II es permeten reunions de m\u00e0xim 15 persones, excepte en el cas de persones convivents. Ha de respectar-se la dist\u00e0ncia m\u00ednima de seguretat de dos metres i, si no fos possible, mantenir mesures alternatives de protecci\u00f3 f\u00edsica, d\u2019higiene de mans i d\u2019etiqueta respirat\u00f2ria.<\/li>\n<\/ul>\n<\/li>\n<\/ul>\n<ul>\n<li><strong>Puc sortir a fer esport a qualsevol hora?<\/strong>\n<ul>\n<li><strong>Resposta:<\/strong> en fase II es reserven les franges hor\u00e0ries de 10.00 a 12.00 i de 19.00 a 20.00 per a les persones majors de 70 anys i per a les persones m\u00e9s vulnerables a la COVID-19.<\/li>\n<\/ul>\n<\/li>\n<\/ul>\n<ul>\n<li><strong>Puc visitar al meu pare o avi si viu en una resid\u00e8ncia?<\/strong>\n<ul>\n<li><strong>Resposta:<\/strong> Les visites estan limitades als casos excepcionals, com poden ser el final de la vida o l\u2019alleujament de la descompensaci\u00f3 neurocognitiva del resident, sempre amb visita concertada, una persona i amb l\u2019equip de protecci\u00f3 adequada.<\/li>\n<\/ul>\n<\/li>\n<\/ul>\n<h2><span class=\"ez-toc-section\" id=\"comerc-i-serveis\"><\/span>\nComer\u00e7 i serveis<span class=\"ez-toc-section-end\"><\/span><\/h2>\n<p>Obertura al p\u00fablic de centres comercials, prohibint la perman\u00e8ncia en les zones comunes o \u00e0rees recreatives.<\/p>\n<ul>\n<li><strong>La roba s\u2019ha de rentar a 60 graus? Aix\u00f2 pot fer que la roba es faci malb\u00e9?<\/strong>\n<ul>\n<li><strong>Resposta:<\/strong> Es recomana rentar la roba 60 graus perqu\u00e8 a partir de 55 s\u2019ha vist que s\u2019inactiva el SARS-CoV-2. Per\u00f2 si la roba es fa malb\u00e9 a aquesta temperatura, pots utilitzar altres desinfectants que la roba que s\u00ed que accepti, o com a m\u00ednim utilitzar la temperatura m\u00e9s alta possible i assegurar-te que la quantitat de sab\u00f3 \u00e9s l\u2019adequada per a la duresa de l\u2019aigua de la teva zona.<\/li>\n<\/ul>\n<\/li>\n<\/ul>\n<ul>\n<li><strong>Hi ha l\u00edmit de temps en botigues o centres comercials?<\/strong>\n<ul>\n<li><strong>Resposta:<\/strong> S\u2019especifica que el temps de perman\u00e8ncia en establiments sigui solament el necessari per a realitzar compres o rebre la prestaci\u00f3 del servei. No es plantegen mesures de control, per la qual cosa queda al teu criteri personal vetllar pel compliment d\u2019aquesta regla.<\/li>\n<\/ul>\n<\/li>\n<\/ul>\n<ul>\n<li><strong>Em puc asseure a la barra?<\/strong>\n<ul>\n<li><strong>Resposta:<\/strong> No. El BOE especifica que el consum dins del local \u00fanicament podr\u00e0 realitzar-se assegut en taula, o agrupacions de taules, que guardin dos metres entre elles.<\/li>\n<\/ul>\n<\/li>\n<\/ul>\n<ul>\n<li><strong>Puc pagar amb diners en efectiu?<\/strong>\n<ul>\n<li><strong>Resposta<\/strong>: No est\u00e0 prohibit, per\u00f2 l\u2019ordre ministerial especifica que \u201ces fomentar\u00e0 el pagament amb targeta o altres mitjans que no suposin contacte f\u00edsic entre dispositius evitant en la mesura que sigui possible, l\u2019\u00fas de diners en efectiu\u201d.<\/li>\n<\/ul>\n<\/li>\n<\/ul>\n<h2><span class=\"ez-toc-section\" id=\"hostaleria\"><\/span>Hostaleria<span class=\"ez-toc-section-end\"><\/span><\/h2>\n<p>Consum en el local amb servei en taula amb separaci\u00f3 entre clients en taula i entre taula. Limitaci\u00f3 a un ter\u00e7 de l\u2019aforament.<\/p>\n<h2><span class=\"ez-toc-section\" id=\"hotels\"><\/span>Hotels<span class=\"ez-toc-section-end\"><\/span><\/h2>\n<p>Obertura de zones comunes limitades a un 1\/3 d\u2019aforament excepte restaurants i cafeteries, amb les seves pr\u00f2pies restriccions.<\/p>\n<ul>\n<li><strong>En la recepci\u00f3 dels hotels, haig de mantenir la dist\u00e0ncia de seguretat?<\/strong>\n<ul>\n<li><strong>Resposta:<\/strong> S\u00ed. S\u2019han de preveure els moviments dels clients per a evitar el contacte entre clients i entre treballadors i clients.<\/li>\n<\/ul>\n<\/li>\n<\/ul>\n<ul>\n<li><strong>Em puc contagiar amb la targeta d\u2019obrir les habitacions?<\/strong>\n<ul>\n<li><strong>Resposta:<\/strong> L\u2019OMS est\u00e0 revisant l\u2019evid\u00e8ncia referent al contagi a trav\u00e9s dels objectes, per\u00f2 per precauci\u00f3 considera que \u00e9s tan possible el contagi com en tocar una altra superf\u00edcie o objecte. Recorda la higiene de mans en entrar i sortir de l\u2019habitaci\u00f3, aix\u00ed com abans de menjar o beure.<\/li>\n<\/ul>\n<\/li>\n<\/ul>\n<ul>\n<li><strong>Puc pujar en ascensor a la meva habitaci\u00f3?<\/strong>\n<ul>\n<li><strong>Resposta:<\/strong> Ha de prioritzar-se l\u2019\u00fas de les escales. Quan sigui necessari fer servir l\u2019ascensor l\u2019ocupaci\u00f3 m\u00e0xima haur\u00e0 de permetre la separaci\u00f3 de dos metres entre persones; si no fos possible, nom\u00e9s el faria servir una persona. Es contempla l\u2019excepci\u00f3 dels clients que necessiten assist\u00e8ncia, els qui podran usar l\u2019ascensor amb el seu assistent sense mantenir els dos metres preceptius.<\/li>\n<\/ul>\n<\/li>\n<\/ul>\n<h2><span class=\"ez-toc-section\" id=\"esport-no-professional\"><\/span>\nEsport no professional<span class=\"ez-toc-section-end\"><\/span><\/h2>\n<p>Represa de la ca\u00e7a i pesca esportives.<\/p>\n<ul>\n<li><strong>En una barca tamb\u00e9 haig de mantenir la dist\u00e0ncia de seguretat?<\/strong>\n<ul>\n<li><strong>Resposta:<\/strong> En els llocs en els quals no es pot mantenir la dist\u00e0ncia de seguretat establerta \u00e9s obligatori l\u2019\u00fas de mascareta. No es podran compartir els objectes utilitzats per a la pesca, sin\u00f3 que cadascun haur\u00e0 de disposar dels seus propis utensilis.<\/li>\n<\/ul>\n<\/li>\n<\/ul>\n<h2><span class=\"ez-toc-section\" id=\"esport-professional-i-federat\"><\/span>Esport professional i federat<span class=\"ez-toc-section-end\"><\/span><\/h2>\n<p>Entrenament b\u00e0sic en lligues no professionals federades, i total en lligues professionals. Partits a porta tancada i transmesos.<\/p>\n<ul>\n<li><strong>\u00c9s preferible fer torns en els vestuaris?<\/strong>\n<ul>\n<li><strong>Resposta:<\/strong> Dependr\u00e0 de la capacitat dels vestuaris i els torns d\u2019entrenament que s\u2019estableixin, per\u00f2 en principi l\u2019\u00fas dels vestuaris ha d\u2019ajustar-se a la normativa: mantenir dist\u00e0ncia de dos metres entre usuaris, desinfectar les instal\u00b7lacions entre usuari i usuari, etc.<\/li>\n<\/ul>\n<\/li>\n<\/ul>\n<ul>\n<li><strong>Em puc contagiar per la suor?<\/strong>\n<ul>\n<li><strong>Resposta:<\/strong> El que est\u00e0 establert que contagia s\u00f3n les secrecions respirat\u00f2ries amb virus, no altres fluids corporals. El problema m\u00e9s important radica en com ha arribat la suor aliena a tu. \u00c9s possible que en el proc\u00e9s t\u2019hagis acostat molt a l\u2019altra persona, amb el que la dist\u00e0ncia de seguretat de dos metres no s\u2019ha vist respectada.<\/li>\n<\/ul>\n<\/li>\n<\/ul>\n<h2><span class=\"ez-toc-section\" id=\"oci\"><\/span>\nOci<span class=\"ez-toc-section-end\"><\/span><\/h2>\n<p>Cinemes, teatres i auditoris amb butaca preassignada, amb l\u00edmit d\u2019aforament d\u2019un ter\u00e7. Activitats culturals amb menys de 50 persona. Si s\u00f3n a l\u2019aire lliure, menys de 400 persones.<\/p>\n<ul>\n<li><strong>Si vaig al cinema i em compro crispetes, haig de menjar-me-les amb&nbsp;guants o sense?<\/strong>\n<ul>\n<li><strong>Resposta:<\/strong> Els guants no estan recomanats per al seu \u00fas en situacions generals, per la qual cosa no hi ha necessitat d\u2019utilitzar-los al cinema. Si menges crispetes pots higienitzar les teves mans pr\u00e8viament amb productes viricides que els locals han de posar a la disposici\u00f3 del client, per\u00f2 cuida de no llepar-te els teus propis dits perqu\u00e8 el sabor que deixen pot ser molt desagradable.<\/li>\n<\/ul>\n<\/li>\n<\/ul>\n<ul>\n<li><strong>Em puc banyar a la platja?<\/strong>\n<ul>\n<li><strong>Resposta:<\/strong> dependr\u00e0 del que estableixi el municipi. En principi pot fer-se \u00fas de la platja sense contacte f\u00edsic entre banyistes o esportistes i mantenint les dist\u00e0ncies de seguretat.<\/li>\n<\/ul>\n<\/li>\n<\/ul>\n<h2><span class=\"ez-toc-section\" id=\"llocs-de-culte\"><\/span>Llocs de culte<span class=\"ez-toc-section-end\"><\/span><\/h2>\n<p>Limitaci\u00f3 de la meitat de l\u2019aforament.<\/p>\n<ul>\n<li><strong>\u00c9s preferible assistir amb mascareta?<\/strong>\n<ul>\n<li><strong>Resposta:<\/strong> S\u00ed. El BOE indica que s\u2019ha d\u2019observar l\u2019\u00fas de mascareta amb car\u00e0cter general. El culte no sembla ser una activitat que impedeixi l\u2019\u00fas de mascareta, per\u00f2 estan exemptes del seu \u00fas les persones amb dificultats respirat\u00f2ries, problemes de salut, o discapacitat o depend\u00e8ncia que facin inviable la utilitzaci\u00f3 de mascareta.<\/li>\n<\/ul>\n<\/li>\n<\/ul>\n<ul>\n<li><strong>La gent gran que se s\u2019agafa a les baranes, tenen suficient a netejar-se les mans amb gel hidroalcoh\u00f2lic?<\/strong>\n<ul>\n<li><strong>Resposta:<\/strong> El gel hidroalcoh\u00f2lic \u00e9s una excel\u00b7lent mesura d\u2019higiene de mans quan no pots rentar-te-les. Aix\u00f2 s\u00ed, \u00e9s important utilitzar la quantitat suficient per a poder fregar-se les mans i els dits durant uns 20 segons.<\/li>\n<\/ul>\n<\/li>\n<\/ul>\n<h2><span class=\"ez-toc-section\" id=\"educacio\"><\/span>\nEducaci\u00f3<span class=\"ez-toc-section-end\"><\/span><\/h2>\n<p>Obertura d\u2019Infantil fins a 6 anys per a fam\u00edlies els progenitors de les quals treballen. Obren els centres d\u2019educaci\u00f3 especial. Selectivitat.<\/p>\n<ul>\n<li><strong>Quina rutina higi\u00e8nica hauria de fer el meu fill\/a en tornar? I la persona que ho acompanyi?<\/strong>\n<ul>\n<li><strong>Resposta:<\/strong> De cam\u00ed a casa es recomana mantenir la dist\u00e0ncia de seguretat amb l\u2019altra gent. Recordem que l\u2019\u00fas de mascareta ja \u00e9s obligatori per a, en aquest cas, l\u2019acompanyant. Una vegada a casa, retirar-se les sabates en entrar i canviar-se de roba per una d\u2019altre neta, i immediatament despr\u00e9s rentar-se les mans.<\/li>\n<\/ul>\n<\/li>\n<\/ul>\n<ul>\n<li><strong>La roba de cada dia, s\u2019ha de posar a rentar?<\/strong><br \/>\n<strong>Resposta<\/strong>: \u00c9s recomanable.<\/li>\n<\/ul>\n<ul>\n<li><strong>Es recomana l\u2019\u00fas de mascareta en nens menors de 6 anys si van a l\u2019escola?<\/strong><br \/>\n<strong>Resposta:&nbsp;<\/strong>Menors de 5 anys no es recomana el seu \u00fas. Majors de 6 anys nom\u00e9s s\u2019indica si hi ha dificultats per a mantenir la dist\u00e0ncia de seguretat.<\/li>\n<\/ul>\n","protected":false},"excerpt":{"rendered":"<p>Qu\u00e8 podem fer en la fase II que no pod\u00edem en la fase I? Com mantenim les mesures de seguretat i higiene ara que sortim m\u00e9s? Fase II: fase interm\u00e8dia Personal Es permeten els viatges a segones resid\u00e8ncies sempre que estiguin en la mateixa prov\u00edncia. Casaments amb nombre limitat d\u2019assistents. En el cotxe \u00e9s necessari [&hellip;]<\/p>\n","protected":false},"author":4,"featured_media":17732,"comment_status":"closed","ping_status":"closed","sticky":false,"template":"","format":"standard","meta":{"_acf_changed":false,"inline_featured_image":false,"_mbp_gutenberg_autopost":false,"footnotes":""},"categories":[4,1,1,4],"tags":[],"class_list":["post-16402","post","type-post","status-publish","format-standard","has-post-thumbnail","hentry","category-respostes-de-salut","category-salut"],"acf":[],"yoast_head":"<!-- This site is optimized with the Yoast SEO plugin v27.5 - https:\/\/yoast.com\/product\/yoast-seo-wordpress\/ -->\n<title>Dubtes durant la desescalada: fase II | farm\u00e0cies ecoceutics<\/title>\n<meta name=\"description\" content=\"Qu\u00e8 podem fer en la fase II que no pod\u00edem en la fase I? Com mantenim les mesures de seguretat i higiene ara que sortim m\u00e9s?\" \/>\n<meta name=\"robots\" content=\"index, follow, max-snippet:-1, max-image-preview:large, max-video-preview:-1\" \/>\n<link rel=\"canonical\" href=\"https:\/\/www.ecoceutics.com\/ca\/respostes-de-salut\/salut\/fase-ii\/\" \/>\n<meta property=\"og:locale\" content=\"ca_ES\" \/>\n<meta property=\"og:type\" content=\"article\" \/>\n<meta property=\"og:title\" content=\"Dubtes durant la desescalada: fase II | farm\u00e0cies ecoceutics\" \/>\n<meta property=\"og:description\" content=\"Qu\u00e8 podem fer en la fase II que no pod\u00edem en la fase I? Com mantenim les mesures de seguretat i higiene ara que sortim m\u00e9s?\" \/>\n<meta property=\"og:url\" content=\"https:\/\/www.ecoceutics.com\/ca\/respostes-de-salut\/salut\/fase-ii\/\" \/>\n<meta property=\"og:site_name\" content=\"ecoceutics\" \/>\n<meta property=\"article:published_time\" content=\"2020-05-21T22:00:00+00:00\" \/>\n<meta property=\"article:modified_time\" content=\"2023-03-22T16:00:47+00:00\" \/>\n<meta property=\"og:image\" content=\"https:\/\/www.ecoceutics.com\/wp-content\/uploads\/2021\/09\/Plantilla_FOTOS-EXTERIOR-POST2-2.jpg\" \/>\n\t<meta property=\"og:image:width\" content=\"800\" \/>\n\t<meta property=\"og:image:height\" content=\"800\" \/>\n\t<meta property=\"og:image:type\" content=\"image\/png\" \/>\n<meta name=\"author\" content=\"Lorena Crosa\" \/>\n<meta name=\"twitter:card\" content=\"summary_large_image\" \/>\n<meta name=\"twitter:label1\" content=\"Escrit per\" \/>\n\t<meta name=\"twitter:data1\" content=\"Lorena Crosa\" \/>\n\t<meta name=\"twitter:label2\" content=\"Temps estimat de lectura\" \/>\n\t<meta name=\"twitter:data2\" content=\"6 minuts\" \/>\n<script type=\"application\/ld+json\" class=\"yoast-schema-graph\">{\"@context\":\"https:\\\/\\\/schema.org\",\"@graph\":[{\"@type\":\"Article\",\"@id\":\"https:\\\/\\\/www.ecoceutics.com\\\/ca\\\/respostes-de-salut\\\/salut\\\/fase-ii\\\/#article\",\"isPartOf\":{\"@id\":\"https:\\\/\\\/www.ecoceutics.com\\\/ca\\\/respostes-de-salut\\\/salut\\\/fase-ii\\\/\"},\"author\":{\"name\":\"Lorena Crosa\",\"@id\":\"https:\\\/\\\/www.ecoceutics.com\\\/ca\\\/#\\\/schema\\\/person\\\/1ea99343a86784e00a52c8744dfc7d83\"},\"headline\":\"Dubtes durant la desescalada: fase II\",\"datePublished\":\"2020-05-21T22:00:00+00:00\",\"dateModified\":\"2023-03-22T16:00:47+00:00\",\"mainEntityOfPage\":{\"@id\":\"https:\\\/\\\/www.ecoceutics.com\\\/ca\\\/respostes-de-salut\\\/salut\\\/fase-ii\\\/\"},\"wordCount\":1416,\"publisher\":{\"@id\":\"https:\\\/\\\/www.ecoceutics.com\\\/ca\\\/#organization\"},\"image\":{\"@id\":\"https:\\\/\\\/www.ecoceutics.com\\\/ca\\\/respostes-de-salut\\\/salut\\\/fase-ii\\\/#primaryimage\"},\"thumbnailUrl\":\"https:\\\/\\\/www.ecoceutics.com\\\/wp-content\\\/uploads\\\/2021\\\/09\\\/Plantilla_FOTOS-EXTERIOR-POST2-2.jpg\",\"articleSection\":[\"Respostes de salut\",\"Salut\",\"Salut\",\"Respostes de salut\"],\"inLanguage\":\"ca\"},{\"@type\":\"WebPage\",\"@id\":\"https:\\\/\\\/www.ecoceutics.com\\\/ca\\\/respostes-de-salut\\\/salut\\\/fase-ii\\\/\",\"url\":\"https:\\\/\\\/www.ecoceutics.com\\\/ca\\\/respostes-de-salut\\\/salut\\\/fase-ii\\\/\",\"name\":\"Dubtes durant la desescalada: fase II | farm\u00e0cies ecoceutics\",\"isPartOf\":{\"@id\":\"https:\\\/\\\/www.ecoceutics.com\\\/ca\\\/#website\"},\"primaryImageOfPage\":{\"@id\":\"https:\\\/\\\/www.ecoceutics.com\\\/ca\\\/respostes-de-salut\\\/salut\\\/fase-ii\\\/#primaryimage\"},\"image\":{\"@id\":\"https:\\\/\\\/www.ecoceutics.com\\\/ca\\\/respostes-de-salut\\\/salut\\\/fase-ii\\\/#primaryimage\"},\"thumbnailUrl\":\"https:\\\/\\\/www.ecoceutics.com\\\/wp-content\\\/uploads\\\/2021\\\/09\\\/Plantilla_FOTOS-EXTERIOR-POST2-2.jpg\",\"datePublished\":\"2020-05-21T22:00:00+00:00\",\"dateModified\":\"2023-03-22T16:00:47+00:00\",\"description\":\"Qu\u00e8 podem fer en la fase II que no pod\u00edem en la fase I? Com mantenim les mesures de seguretat i higiene ara que sortim m\u00e9s?\",\"breadcrumb\":{\"@id\":\"https:\\\/\\\/www.ecoceutics.com\\\/ca\\\/respostes-de-salut\\\/salut\\\/fase-ii\\\/#breadcrumb\"},\"inLanguage\":\"ca\",\"potentialAction\":[{\"@type\":\"ReadAction\",\"target\":[\"https:\\\/\\\/www.ecoceutics.com\\\/ca\\\/respostes-de-salut\\\/salut\\\/fase-ii\\\/\"]}]},{\"@type\":\"ImageObject\",\"inLanguage\":\"ca\",\"@id\":\"https:\\\/\\\/www.ecoceutics.com\\\/ca\\\/respostes-de-salut\\\/salut\\\/fase-ii\\\/#primaryimage\",\"url\":\"https:\\\/\\\/www.ecoceutics.com\\\/wp-content\\\/uploads\\\/2021\\\/09\\\/Plantilla_FOTOS-EXTERIOR-POST2-2.jpg\",\"contentUrl\":\"https:\\\/\\\/www.ecoceutics.com\\\/wp-content\\\/uploads\\\/2021\\\/09\\\/Plantilla_FOTOS-EXTERIOR-POST2-2.jpg\",\"width\":800,\"height\":800,\"caption\":\"\u00bfC\u00f3mo puedo desinfectar una mascarilla en casa?\"},{\"@type\":\"BreadcrumbList\",\"@id\":\"https:\\\/\\\/www.ecoceutics.com\\\/ca\\\/respostes-de-salut\\\/salut\\\/fase-ii\\\/#breadcrumb\",\"itemListElement\":[{\"@type\":\"ListItem\",\"position\":1,\"name\":\"Portada\",\"item\":\"https:\\\/\\\/www.ecoceutics.com\\\/ca\\\/\"},{\"@type\":\"ListItem\",\"position\":2,\"name\":\"Dubtes durant la desescalada: fase II\"}]},{\"@type\":\"WebSite\",\"@id\":\"https:\\\/\\\/www.ecoceutics.com\\\/ca\\\/#website\",\"url\":\"https:\\\/\\\/www.ecoceutics.com\\\/ca\\\/\",\"name\":\"ecoceutics\",\"description\":\"Primera red de farmacias independientes bajo una marca\",\"publisher\":{\"@id\":\"https:\\\/\\\/www.ecoceutics.com\\\/ca\\\/#organization\"},\"potentialAction\":[{\"@type\":\"SearchAction\",\"target\":{\"@type\":\"EntryPoint\",\"urlTemplate\":\"https:\\\/\\\/www.ecoceutics.com\\\/ca\\\/?s={search_term_string}\"},\"query-input\":{\"@type\":\"PropertyValueSpecification\",\"valueRequired\":true,\"valueName\":\"search_term_string\"}}],\"inLanguage\":\"ca\"},{\"@type\":\"Organization\",\"@id\":\"https:\\\/\\\/www.ecoceutics.com\\\/ca\\\/#organization\",\"name\":\"Ecoceutics\",\"url\":\"https:\\\/\\\/www.ecoceutics.com\\\/ca\\\/\",\"logo\":{\"@type\":\"ImageObject\",\"inLanguage\":\"ca\",\"@id\":\"https:\\\/\\\/www.ecoceutics.com\\\/ca\\\/#\\\/schema\\\/logo\\\/image\\\/\",\"url\":\"https:\\\/\\\/www.ecoceutics.com\\\/wp-content\\\/uploads\\\/2022\\\/02\\\/Logo-Ecoceutics-SVG-01-1.svg\",\"contentUrl\":\"https:\\\/\\\/www.ecoceutics.com\\\/wp-content\\\/uploads\\\/2022\\\/02\\\/Logo-Ecoceutics-SVG-01-1.svg\",\"width\":232,\"height\":68,\"caption\":\"Ecoceutics\"},\"image\":{\"@id\":\"https:\\\/\\\/www.ecoceutics.com\\\/ca\\\/#\\\/schema\\\/logo\\\/image\\\/\"}},{\"@type\":\"Person\",\"@id\":\"https:\\\/\\\/www.ecoceutics.com\\\/ca\\\/#\\\/schema\\\/person\\\/1ea99343a86784e00a52c8744dfc7d83\",\"name\":\"Lorena Crosa\",\"image\":{\"@type\":\"ImageObject\",\"inLanguage\":\"ca\",\"@id\":\"https:\\\/\\\/www.ecoceutics.com\\\/wp-content\\\/uploads\\\/2024\\\/03\\\/Lorena-Crosa-100x100.jpg\",\"url\":\"https:\\\/\\\/www.ecoceutics.com\\\/wp-content\\\/uploads\\\/2024\\\/03\\\/Lorena-Crosa-100x100.jpg\",\"contentUrl\":\"https:\\\/\\\/www.ecoceutics.com\\\/wp-content\\\/uploads\\\/2024\\\/03\\\/Lorena-Crosa-100x100.jpg\",\"caption\":\"Lorena Crosa\"}}]}<\/script>\n<!-- \/ Yoast SEO plugin. -->","yoast_head_json":{"title":"Dubtes durant la desescalada: fase II | farm\u00e0cies ecoceutics","description":"Qu\u00e8 podem fer en la fase II que no pod\u00edem en la fase I? Com mantenim les mesures de seguretat i higiene ara que sortim m\u00e9s?","robots":{"index":"index","follow":"follow","max-snippet":"max-snippet:-1","max-image-preview":"max-image-preview:large","max-video-preview":"max-video-preview:-1"},"canonical":"https:\/\/www.ecoceutics.com\/ca\/respostes-de-salut\/salut\/fase-ii\/","og_locale":"ca_ES","og_type":"article","og_title":"Dubtes durant la desescalada: fase II | farm\u00e0cies ecoceutics","og_description":"Qu\u00e8 podem fer en la fase II que no pod\u00edem en la fase I? Com mantenim les mesures de seguretat i higiene ara que sortim m\u00e9s?","og_url":"https:\/\/www.ecoceutics.com\/ca\/respostes-de-salut\/salut\/fase-ii\/","og_site_name":"ecoceutics","article_published_time":"2020-05-21T22:00:00+00:00","article_modified_time":"2023-03-22T16:00:47+00:00","og_image":[{"width":800,"height":800,"url":"https:\/\/www.ecoceutics.com\/wp-content\/uploads\/2021\/09\/Plantilla_FOTOS-EXTERIOR-POST2-2.jpg","type":"image\/png"}],"author":"Lorena Crosa","twitter_card":"summary_large_image","twitter_misc":{"Escrit per":"Lorena Crosa","Temps estimat de lectura":"6 minuts"},"schema":{"@context":"https:\/\/schema.org","@graph":[{"@type":"Article","@id":"https:\/\/www.ecoceutics.com\/ca\/respostes-de-salut\/salut\/fase-ii\/#article","isPartOf":{"@id":"https:\/\/www.ecoceutics.com\/ca\/respostes-de-salut\/salut\/fase-ii\/"},"author":{"name":"Lorena Crosa","@id":"https:\/\/www.ecoceutics.com\/ca\/#\/schema\/person\/1ea99343a86784e00a52c8744dfc7d83"},"headline":"Dubtes durant la desescalada: fase II","datePublished":"2020-05-21T22:00:00+00:00","dateModified":"2023-03-22T16:00:47+00:00","mainEntityOfPage":{"@id":"https:\/\/www.ecoceutics.com\/ca\/respostes-de-salut\/salut\/fase-ii\/"},"wordCount":1416,"publisher":{"@id":"https:\/\/www.ecoceutics.com\/ca\/#organization"},"image":{"@id":"https:\/\/www.ecoceutics.com\/ca\/respostes-de-salut\/salut\/fase-ii\/#primaryimage"},"thumbnailUrl":"https:\/\/www.ecoceutics.com\/wp-content\/uploads\/2021\/09\/Plantilla_FOTOS-EXTERIOR-POST2-2.jpg","articleSection":["Respostes de salut","Salut","Salut","Respostes de salut"],"inLanguage":"ca"},{"@type":"WebPage","@id":"https:\/\/www.ecoceutics.com\/ca\/respostes-de-salut\/salut\/fase-ii\/","url":"https:\/\/www.ecoceutics.com\/ca\/respostes-de-salut\/salut\/fase-ii\/","name":"Dubtes durant la desescalada: fase II | farm\u00e0cies ecoceutics","isPartOf":{"@id":"https:\/\/www.ecoceutics.com\/ca\/#website"},"primaryImageOfPage":{"@id":"https:\/\/www.ecoceutics.com\/ca\/respostes-de-salut\/salut\/fase-ii\/#primaryimage"},"image":{"@id":"https:\/\/www.ecoceutics.com\/ca\/respostes-de-salut\/salut\/fase-ii\/#primaryimage"},"thumbnailUrl":"https:\/\/www.ecoceutics.com\/wp-content\/uploads\/2021\/09\/Plantilla_FOTOS-EXTERIOR-POST2-2.jpg","datePublished":"2020-05-21T22:00:00+00:00","dateModified":"2023-03-22T16:00:47+00:00","description":"Qu\u00e8 podem fer en la fase II que no pod\u00edem en la fase I? Com mantenim les mesures de seguretat i higiene ara que sortim m\u00e9s?","breadcrumb":{"@id":"https:\/\/www.ecoceutics.com\/ca\/respostes-de-salut\/salut\/fase-ii\/#breadcrumb"},"inLanguage":"ca","potentialAction":[{"@type":"ReadAction","target":["https:\/\/www.ecoceutics.com\/ca\/respostes-de-salut\/salut\/fase-ii\/"]}]},{"@type":"ImageObject","inLanguage":"ca","@id":"https:\/\/www.ecoceutics.com\/ca\/respostes-de-salut\/salut\/fase-ii\/#primaryimage","url":"https:\/\/www.ecoceutics.com\/wp-content\/uploads\/2021\/09\/Plantilla_FOTOS-EXTERIOR-POST2-2.jpg","contentUrl":"https:\/\/www.ecoceutics.com\/wp-content\/uploads\/2021\/09\/Plantilla_FOTOS-EXTERIOR-POST2-2.jpg","width":800,"height":800,"caption":"\u00bfC\u00f3mo puedo desinfectar una mascarilla en casa?"},{"@type":"BreadcrumbList","@id":"https:\/\/www.ecoceutics.com\/ca\/respostes-de-salut\/salut\/fase-ii\/#breadcrumb","itemListElement":[{"@type":"ListItem","position":1,"name":"Portada","item":"https:\/\/www.ecoceutics.com\/ca\/"},{"@type":"ListItem","position":2,"name":"Dubtes durant la desescalada: fase II"}]},{"@type":"WebSite","@id":"https:\/\/www.ecoceutics.com\/ca\/#website","url":"https:\/\/www.ecoceutics.com\/ca\/","name":"ecoceutics","description":"Primera red de farmacias independientes bajo una marca","publisher":{"@id":"https:\/\/www.ecoceutics.com\/ca\/#organization"},"potentialAction":[{"@type":"SearchAction","target":{"@type":"EntryPoint","urlTemplate":"https:\/\/www.ecoceutics.com\/ca\/?s={search_term_string}"},"query-input":{"@type":"PropertyValueSpecification","valueRequired":true,"valueName":"search_term_string"}}],"inLanguage":"ca"},{"@type":"Organization","@id":"https:\/\/www.ecoceutics.com\/ca\/#organization","name":"Ecoceutics","url":"https:\/\/www.ecoceutics.com\/ca\/","logo":{"@type":"ImageObject","inLanguage":"ca","@id":"https:\/\/www.ecoceutics.com\/ca\/#\/schema\/logo\/image\/","url":"https:\/\/www.ecoceutics.com\/wp-content\/uploads\/2022\/02\/Logo-Ecoceutics-SVG-01-1.svg","contentUrl":"https:\/\/www.ecoceutics.com\/wp-content\/uploads\/2022\/02\/Logo-Ecoceutics-SVG-01-1.svg","width":232,"height":68,"caption":"Ecoceutics"},"image":{"@id":"https:\/\/www.ecoceutics.com\/ca\/#\/schema\/logo\/image\/"}},{"@type":"Person","@id":"https:\/\/www.ecoceutics.com\/ca\/#\/schema\/person\/1ea99343a86784e00a52c8744dfc7d83","name":"Lorena Crosa","image":{"@type":"ImageObject","inLanguage":"ca","@id":"https:\/\/www.ecoceutics.com\/wp-content\/uploads\/2024\/03\/Lorena-Crosa-100x100.jpg","url":"https:\/\/www.ecoceutics.com\/wp-content\/uploads\/2024\/03\/Lorena-Crosa-100x100.jpg","contentUrl":"https:\/\/www.ecoceutics.com\/wp-content\/uploads\/2024\/03\/Lorena-Crosa-100x100.jpg","caption":"Lorena Crosa"}}]}},"_links":{"self":[{"href":"https:\/\/www.ecoceutics.com\/ca\/wp-json\/wp\/v2\/posts\/16402","targetHints":{"allow":["GET"]}}],"collection":[{"href":"https:\/\/www.ecoceutics.com\/ca\/wp-json\/wp\/v2\/posts"}],"about":[{"href":"https:\/\/www.ecoceutics.com\/ca\/wp-json\/wp\/v2\/types\/post"}],"author":[{"embeddable":true,"href":"https:\/\/www.ecoceutics.com\/ca\/wp-json\/wp\/v2\/users\/4"}],"replies":[{"embeddable":true,"href":"https:\/\/www.ecoceutics.com\/ca\/wp-json\/wp\/v2\/comments?post=16402"}],"version-history":[{"count":0,"href":"https:\/\/www.ecoceutics.com\/ca\/wp-json\/wp\/v2\/posts\/16402\/revisions"}],"wp:featuredmedia":[{"embeddable":true,"href":"https:\/\/www.ecoceutics.com\/ca\/wp-json\/wp\/v2\/media\/17732"}],"wp:attachment":[{"href":"https:\/\/www.ecoceutics.com\/ca\/wp-json\/wp\/v2\/media?parent=16402"}],"wp:term":[{"taxonomy":"category","embeddable":true,"href":"https:\/\/www.ecoceutics.com\/ca\/wp-json\/wp\/v2\/categories?post=16402"},{"taxonomy":"post_tag","embeddable":true,"href":"https:\/\/www.ecoceutics.com\/ca\/wp-json\/wp\/v2\/tags?post=16402"}],"curies":[{"name":"wp","href":"https:\/\/api.w.org\/{rel}","templated":true}]}}