{"id":16472,"date":"2020-10-22T00:00:00","date_gmt":"2020-10-21T22:00:00","guid":{"rendered":"https:\/\/www.ecoceutics.com\/caiguda-del-cabell-postpart\/"},"modified":"2023-05-29T11:58:51","modified_gmt":"2023-05-29T09:58:51","slug":"caiguda-del-cabell-postpart","status":"publish","type":"post","link":"https:\/\/www.ecoceutics.com\/ca\/respostes-de-salut\/embaras-i-nadons\/caiguda-del-cabell-postpart\/","title":{"rendered":"Caiguda del cabell postpart"},"content":{"rendered":"<p>En els mesos seg\u00fcents al postpart moltes\u00a0mamis es preocupen\u00a0perqu\u00e8 noten que perden molt cabell. La frase t\u00edpica sol ser \u00abem quedo amb els cabells a la m\u00e0\u00bb i s\u00ed, \u00e9s veritat que la caiguda pot ser bastant m\u00e9s not\u00f2ria que el que s\u2019apreciava com a \u00abnormal\u00bb abans de l\u2019embar\u00e0s. Pot espantar una mica (\u00aba aquest ritme em quedar\u00e9 calba!\u00bb) per\u00f2 \u00e9s un proc\u00e9s perfectament normal; per a quan el nad\u00f3 ha complert l\u2019any gaireb\u00e9 totes les mares ja han recuperat el ritme normal de creixement del cabell. En aquest article et comptem les causes, qu\u00e8 esperar, i com actuar enfront de la caiguda de cabell pr\u00f2pia del postpart.<\/p>\n<p>La hist\u00f2ria comen\u00e7a bastant abans del naixement del nad\u00f3: comencem amb els canvis de l\u2019embar\u00e0s\u2026<\/p>\n<div id=\"ez-toc-container\" class=\"ez-toc-v2_0_82_2 counter-hierarchy ez-toc-counter ez-toc-custom ez-toc-container-direction\">\n<div class=\"ez-toc-title-container\">\n<p class=\"ez-toc-title\" style=\"cursor:inherit\">Contenido de la p\u00e1gina<\/p>\n<span class=\"ez-toc-title-toggle\"><a href=\"#\" class=\"ez-toc-pull-right ez-toc-btn ez-toc-btn-xs ez-toc-btn-default ez-toc-toggle\" aria-label=\"Toggle Table of Content\"><span class=\"ez-toc-js-icon-con\"><span class=\"\"><span class=\"eztoc-hide\" style=\"display:none;\">Toggle<\/span><span class=\"ez-toc-icon-toggle-span\"><svg style=\"fill: #333333;color:#333333\" xmlns=\"http:\/\/www.w3.org\/2000\/svg\" class=\"list-377408\" width=\"20px\" height=\"20px\" viewBox=\"0 0 24 24\" fill=\"none\"><path d=\"M6 6H4v2h2V6zm14 0H8v2h12V6zM4 11h2v2H4v-2zm16 0H8v2h12v-2zM4 16h2v2H4v-2zm16 0H8v2h12v-2z\" fill=\"currentColor\"><\/path><\/svg><svg style=\"fill: #333333;color:#333333\" class=\"arrow-unsorted-368013\" xmlns=\"http:\/\/www.w3.org\/2000\/svg\" width=\"10px\" height=\"10px\" viewBox=\"0 0 24 24\" version=\"1.2\" baseProfile=\"tiny\"><path d=\"M18.2 9.3l-6.2-6.3-6.2 6.3c-.2.2-.3.4-.3.7s.1.5.3.7c.2.2.4.3.7.3h11c.3 0 .5-.1.7-.3.2-.2.3-.5.3-.7s-.1-.5-.3-.7zM5.8 14.7l6.2 6.3 6.2-6.3c.2-.2.3-.5.3-.7s-.1-.5-.3-.7c-.2-.2-.4-.3-.7-.3h-11c-.3 0-.5.1-.7.3-.2.2-.3.5-.3.7s.1.5.3.7z\"\/><\/svg><\/span><\/span><\/span><\/a><\/span><\/div>\n<nav><ul class='ez-toc-list ez-toc-list-level-1 ' ><li class='ez-toc-page-1 ez-toc-heading-level-2'><a class=\"ez-toc-link ez-toc-heading-1\" href=\"https:\/\/www.ecoceutics.com\/ca\/respostes-de-salut\/embaras-i-nadons\/caiguda-del-cabell-postpart\/#que-passa-amb-el-cabell-durant-lembaras\" >Qu\u00e8 passa amb el cabell durant l\u2019embar\u00e0s?<\/a><\/li><li class='ez-toc-page-1 ez-toc-heading-level-2'><a class=\"ez-toc-link ez-toc-heading-2\" href=\"https:\/\/www.ecoceutics.com\/ca\/respostes-de-salut\/embaras-i-nadons\/caiguda-del-cabell-postpart\/#per-que-cau-en-el-pel-durant-el-postpart\" >Per qu\u00e8 cau en el p\u00e8l durant el postpart?<\/a><\/li><li class='ez-toc-page-1 ez-toc-heading-level-2'><a class=\"ez-toc-link ez-toc-heading-3\" href=\"https:\/\/www.ecoceutics.com\/ca\/respostes-de-salut\/embaras-i-nadons\/caiguda-del-cabell-postpart\/#que-puc-fer-quan-em-cau-el-pel-en-el-postpart\" >Qu\u00e8 puc fer quan em cau el p\u00e8l en el postpart?<\/a><\/li><li class='ez-toc-page-1 ez-toc-heading-level-2'><a class=\"ez-toc-link ez-toc-heading-4\" href=\"https:\/\/www.ecoceutics.com\/ca\/respostes-de-salut\/embaras-i-nadons\/caiguda-del-cabell-postpart\/#quan-has-danar-al-metge\" >Quan has d\u2019anar al metge?<\/a><\/li><\/ul><\/nav><\/div>\n<h2><span class=\"ez-toc-section\" id=\"que-passa-amb-el-cabell-durant-lembaras\"><\/span>Qu\u00e8 passa amb el cabell durant l\u2019embar\u00e0s?<span class=\"ez-toc-section-end\"><\/span><\/h2>\n<p>Com t\u2019expliquem en aquest article\u00a0<a href=\"https:\/\/www.ecoceutics.com\/ca\/respostes-de-salut\/bellesa-i-cura-personal\/cicles-cabell\/\">el nostre cabell passa per un cicle de creixement<\/a>, caiguda, i rep\u00f2s del bulb que es repeteix al llarg dels anys. Per\u00f2 els canvis hormonals durant l\u2019embar\u00e0s alteren el cicle normal del cabell:<\/p>\n<ul>\n<li>Els estr\u00f2gens que sostenen l\u2019embar\u00e0s tenen l\u2019habilitat de mantenir al cabell en fase de creixement. Durant l\u2019embar\u00e0s el cabell est\u00e0 \u00abm\u00e9s bonic\u00bb, \u00abcreix millor\u00bb i no cau tant com durant els mesos en qu\u00e8 la dona\u00a0menstrua.<\/li>\n<li>Les hormones tiro\u00efdals pugen lleugerament durant el primer trimestre de l\u2019embar\u00e0s, i s\u00f3n hormones que prolonguen la fase de creixement, estimulen el creixement i la pigmentaci\u00f3 del cabell.<\/li>\n<\/ul>\n<p>Existeixen altres hormones que influeixen en el cicle del cabell, com la melatonina, per\u00f2 la seva influ\u00e8ncia encara no \u00e9s tan clara com la d\u2019aquestes dues.<\/p>\n<h2><span class=\"ez-toc-section\" id=\"per-que-cau-en-el-pel-durant-el-postpart\"><\/span>Per qu\u00e8 cau en el p\u00e8l durant el postpart?<span class=\"ez-toc-section-end\"><\/span><\/h2>\n<p>Perqu\u00e8 els canvis durant el postpart afavoreixen que el cabell caigui:<\/p>\n<ul>\n<li>La disminuci\u00f3 dels estr\u00f2gens ja no sost\u00e9 el creixement com abans.<\/li>\n<li>La prolactina, hormona al comandament de la secreci\u00f3 de llet, inhibeix el creixement del p\u00e8l i accelera el pas a la fase\u00a0cat\u00e0gena\u00a0(\u00abel rep\u00f2s\u00bb del creixement capil\u00b7lar). D\u2019aqu\u00ed surt la idea que la lact\u00e0ncia empitjora la caiguda de cabell, per\u00f2 s\u2019ha vist que tant les mares que donen el pit com les que no recuperen el seu cabell de la mateixa manera a l\u2019any del postpart.<\/li>\n<li>El cortisol (l&#8217;\u00bbhormona\u00a0de l\u2019estr\u00e8s\u00bb) que s\u2019allibera durant el part \u00e9s capa\u00e7 de modular a la baixa el desenvolupament capil\u00b7lar.<\/li>\n<\/ul>\n<p>A m\u00e9s, el cabell cau \u00abtot junt\u00bb en comptes de fer-lo \u00abper torns\u00bb; aix\u00ed, tot el p\u00e8l que no va caure al llarg de nou mesos cau en poques setmanes. Amb tots aquests canvis hormonals com no notar que el p\u00e8l cau m\u00e9s que abans?<\/p>\n<h2><span class=\"ez-toc-section\" id=\"que-puc-fer-quan-em-cau-el-pel-en-el-postpart\"><\/span>Qu\u00e8 puc fer quan em cau el p\u00e8l en el postpart?<span class=\"ez-toc-section-end\"><\/span><\/h2>\n<p>Per a comen\u00e7ar, no pateixis sobre aquest tema. \u00c9s un proc\u00e9s normal, que comen\u00e7a entre dos i quatre mesos despr\u00e9s del part i dura des d\u2019unes poques setmanes fins a uns mesos. A l\u2019any del beb\u00e8 gaireb\u00e9 totes les dones han recuperat els ritmes normals de creixement capil\u00b7lar, i sense que hi hagi canvis en la densitat del cabell.<\/p>\n<p>Pots continuar assegurant una bona nutrici\u00f3, tant pel beb\u00e8 al qual alletes (si d\u00f3nes el pit) com per la teva pr\u00f2pia salut, salut capil\u00b7lar inclosa. Quan els ritmes es recuperin, si tens disponibilitat de prote\u00efnes per a sintetitzar cabell i totes les vitamines i minerals en quantitats correctes, el teu cabell creixer\u00e0 perfectament.<\/p>\n<p>Finalment, cuida molt el teu cabell durant aquest per\u00edode. Raspalla-ho amb cura, evita tractaments agressius com el planxat o el\u00a0tint, i deixa que s\u2019assequi a l\u2019aire lliure tant com sigui possible. Aix\u00ed evitar\u00e0s que el cabell que tens es trenqui, disminuint encara m\u00e9s el volum de la teva cabellera. Tamb\u00e9 pots rec\u00f3rrer a cosm\u00e8tics capil\u00b7lars i pentinats que facin que la teva cabellera sembli m\u00e9s voluminosa del que en realitat \u00e9s, ajudant-te a mantenir la teva imatge fins que el teu cabell torni als seus cicles usuals.<\/p>\n<h2><span class=\"ez-toc-section\" id=\"quan-has-danar-al-metge\"><\/span>Quan has d\u2019anar al metge?<span class=\"ez-toc-section-end\"><\/span><\/h2>\n<p>La caiguda de cabell durant el postpart \u00e9s una caiguda que es produeix en tot el cuir cabellut, sense afectar una zona en particular. Els seg\u00fcents punts indiquen la necessitat de consultar a un metge, perqu\u00e8 pot haver-hi un altre tipus de problema capil\u00b7lar:<\/p>\n<ul>\n<li>Aparici\u00f3 de \u00abbuits\u00bb en el cuir cabellut.<\/li>\n<li>S\u00edmptomes com a picor o vermellor.<\/li>\n<li>Prolongaci\u00f3 de la caiguda en el temps m\u00e9s enll\u00e0 dels\u00a015\u00a0mesos.<\/li>\n<\/ul>\n<p>A m\u00e9s, \u00e9s un tipus de caiguda que sempre apareix despr\u00e9s del part; si sents caiguda de cabell mentre encara est\u00e0s embarassada, particularment en un patr\u00f3 mascul\u00ed (coroneta, entrades, recessi\u00f3 de la l\u00ednia de cabell) consulta amb el teu metge.<\/p>\n","protected":false},"excerpt":{"rendered":"<p>En els mesos seg\u00fcents al postpart moltes\u00a0mamis es preocupen\u00a0perqu\u00e8 noten que perden molt cabell. La frase t\u00edpica sol ser \u00abem quedo amb els cabells a la m\u00e0\u00bb i s\u00ed, \u00e9s veritat que la caiguda pot ser bastant m\u00e9s not\u00f2ria que el que s\u2019apreciava com a \u00abnormal\u00bb abans de l\u2019embar\u00e0s. Pot espantar una mica (\u00aba aquest [&hellip;]<\/p>\n","protected":false},"author":4,"featured_media":19408,"comment_status":"closed","ping_status":"closed","sticky":false,"template":"","format":"standard","meta":{"_acf_changed":false,"inline_featured_image":false,"_mbp_gutenberg_autopost":false,"footnotes":""},"categories":[4,58],"tags":[],"class_list":["post-16472","post","type-post","status-publish","format-standard","has-post-thumbnail","hentry","category-respostes-de-salut","category-embaras-i-nadons"],"acf":[],"yoast_head":"<!-- This site is optimized with the Yoast SEO plugin v27.5 - https:\/\/yoast.com\/product\/yoast-seo-wordpress\/ -->\n<title>Caiguda del cabell postpart | farm\u00e0cies ecoceutics<\/title>\n<meta name=\"description\" content=\"Els mesos seg\u00fcents al postpart moltes mamis es preocupen perque noten que perden molt cabell. Per qu\u00e8 es cau m\u00e9s el cabell en el postpart?\" \/>\n<meta name=\"robots\" content=\"index, follow, max-snippet:-1, max-image-preview:large, max-video-preview:-1\" \/>\n<link rel=\"canonical\" href=\"https:\/\/www.ecoceutics.com\/ca\/respostes-de-salut\/embaras-i-nadons\/caiguda-del-cabell-postpart\/\" \/>\n<meta property=\"og:locale\" content=\"ca_ES\" \/>\n<meta property=\"og:type\" content=\"article\" \/>\n<meta property=\"og:title\" content=\"Caiguda del cabell postpart | farm\u00e0cies ecoceutics\" \/>\n<meta property=\"og:description\" content=\"Els mesos seg\u00fcents al postpart moltes mamis es preocupen perque noten que perden molt cabell. Per qu\u00e8 es cau m\u00e9s el cabell en el postpart?\" \/>\n<meta property=\"og:url\" content=\"https:\/\/www.ecoceutics.com\/ca\/respostes-de-salut\/embaras-i-nadons\/caiguda-del-cabell-postpart\/\" \/>\n<meta property=\"og:site_name\" content=\"ecoceutics\" \/>\n<meta property=\"article:published_time\" content=\"2020-10-21T22:00:00+00:00\" \/>\n<meta property=\"article:modified_time\" content=\"2023-05-29T09:58:51+00:00\" \/>\n<meta property=\"og:image\" content=\"https:\/\/www.ecoceutics.com\/wp-content\/uploads\/2020\/10\/Foto_embarazo_caida-cabello-posparto.jpg\" \/>\n\t<meta property=\"og:image:width\" content=\"720\" \/>\n\t<meta property=\"og:image:height\" content=\"400\" \/>\n\t<meta property=\"og:image:type\" content=\"image\/jpeg\" \/>\n<meta name=\"author\" content=\"Lorena Crosa\" \/>\n<meta name=\"twitter:card\" content=\"summary_large_image\" \/>\n<meta name=\"twitter:label1\" content=\"Escrit per\" \/>\n\t<meta name=\"twitter:data1\" content=\"Lorena Crosa\" \/>\n\t<meta name=\"twitter:label2\" content=\"Temps estimat de lectura\" \/>\n\t<meta name=\"twitter:data2\" content=\"4 minuts\" \/>\n<script type=\"application\/ld+json\" class=\"yoast-schema-graph\">{\"@context\":\"https:\\\/\\\/schema.org\",\"@graph\":[{\"@type\":\"Article\",\"@id\":\"https:\\\/\\\/www.ecoceutics.com\\\/ca\\\/respostes-de-salut\\\/embaras-i-nadons\\\/caiguda-del-cabell-postpart\\\/#article\",\"isPartOf\":{\"@id\":\"https:\\\/\\\/www.ecoceutics.com\\\/ca\\\/respostes-de-salut\\\/embaras-i-nadons\\\/caiguda-del-cabell-postpart\\\/\"},\"author\":{\"name\":\"Lorena Crosa\",\"@id\":\"https:\\\/\\\/www.ecoceutics.com\\\/ca\\\/#\\\/schema\\\/person\\\/1ea99343a86784e00a52c8744dfc7d83\"},\"headline\":\"Caiguda del cabell postpart\",\"datePublished\":\"2020-10-21T22:00:00+00:00\",\"dateModified\":\"2023-05-29T09:58:51+00:00\",\"mainEntityOfPage\":{\"@id\":\"https:\\\/\\\/www.ecoceutics.com\\\/ca\\\/respostes-de-salut\\\/embaras-i-nadons\\\/caiguda-del-cabell-postpart\\\/\"},\"wordCount\":834,\"publisher\":{\"@id\":\"https:\\\/\\\/www.ecoceutics.com\\\/ca\\\/#organization\"},\"image\":{\"@id\":\"https:\\\/\\\/www.ecoceutics.com\\\/ca\\\/respostes-de-salut\\\/embaras-i-nadons\\\/caiguda-del-cabell-postpart\\\/#primaryimage\"},\"thumbnailUrl\":\"https:\\\/\\\/www.ecoceutics.com\\\/wp-content\\\/uploads\\\/2020\\\/10\\\/Foto_embarazo_caida-cabello-posparto.jpg\",\"articleSection\":[\"Respostes de salut\",\"Embar\u00e0s i nadons\"],\"inLanguage\":\"ca\"},{\"@type\":\"WebPage\",\"@id\":\"https:\\\/\\\/www.ecoceutics.com\\\/ca\\\/respostes-de-salut\\\/embaras-i-nadons\\\/caiguda-del-cabell-postpart\\\/\",\"url\":\"https:\\\/\\\/www.ecoceutics.com\\\/ca\\\/respostes-de-salut\\\/embaras-i-nadons\\\/caiguda-del-cabell-postpart\\\/\",\"name\":\"Caiguda del cabell postpart | farm\u00e0cies ecoceutics\",\"isPartOf\":{\"@id\":\"https:\\\/\\\/www.ecoceutics.com\\\/ca\\\/#website\"},\"primaryImageOfPage\":{\"@id\":\"https:\\\/\\\/www.ecoceutics.com\\\/ca\\\/respostes-de-salut\\\/embaras-i-nadons\\\/caiguda-del-cabell-postpart\\\/#primaryimage\"},\"image\":{\"@id\":\"https:\\\/\\\/www.ecoceutics.com\\\/ca\\\/respostes-de-salut\\\/embaras-i-nadons\\\/caiguda-del-cabell-postpart\\\/#primaryimage\"},\"thumbnailUrl\":\"https:\\\/\\\/www.ecoceutics.com\\\/wp-content\\\/uploads\\\/2020\\\/10\\\/Foto_embarazo_caida-cabello-posparto.jpg\",\"datePublished\":\"2020-10-21T22:00:00+00:00\",\"dateModified\":\"2023-05-29T09:58:51+00:00\",\"description\":\"Els mesos seg\u00fcents al postpart moltes mamis es preocupen perque noten que perden molt cabell. Per qu\u00e8 es cau m\u00e9s el cabell en el postpart?\",\"breadcrumb\":{\"@id\":\"https:\\\/\\\/www.ecoceutics.com\\\/ca\\\/respostes-de-salut\\\/embaras-i-nadons\\\/caiguda-del-cabell-postpart\\\/#breadcrumb\"},\"inLanguage\":\"ca\",\"potentialAction\":[{\"@type\":\"ReadAction\",\"target\":[\"https:\\\/\\\/www.ecoceutics.com\\\/ca\\\/respostes-de-salut\\\/embaras-i-nadons\\\/caiguda-del-cabell-postpart\\\/\"]}]},{\"@type\":\"ImageObject\",\"inLanguage\":\"ca\",\"@id\":\"https:\\\/\\\/www.ecoceutics.com\\\/ca\\\/respostes-de-salut\\\/embaras-i-nadons\\\/caiguda-del-cabell-postpart\\\/#primaryimage\",\"url\":\"https:\\\/\\\/www.ecoceutics.com\\\/wp-content\\\/uploads\\\/2020\\\/10\\\/Foto_embarazo_caida-cabello-posparto.jpg\",\"contentUrl\":\"https:\\\/\\\/www.ecoceutics.com\\\/wp-content\\\/uploads\\\/2020\\\/10\\\/Foto_embarazo_caida-cabello-posparto.jpg\",\"width\":720,\"height\":400},{\"@type\":\"BreadcrumbList\",\"@id\":\"https:\\\/\\\/www.ecoceutics.com\\\/ca\\\/respostes-de-salut\\\/embaras-i-nadons\\\/caiguda-del-cabell-postpart\\\/#breadcrumb\",\"itemListElement\":[{\"@type\":\"ListItem\",\"position\":1,\"name\":\"Portada\",\"item\":\"https:\\\/\\\/www.ecoceutics.com\\\/ca\\\/\"},{\"@type\":\"ListItem\",\"position\":2,\"name\":\"Caiguda del cabell postpart\"}]},{\"@type\":\"WebSite\",\"@id\":\"https:\\\/\\\/www.ecoceutics.com\\\/ca\\\/#website\",\"url\":\"https:\\\/\\\/www.ecoceutics.com\\\/ca\\\/\",\"name\":\"ecoceutics\",\"description\":\"Primera red de farmacias independientes bajo una marca\",\"publisher\":{\"@id\":\"https:\\\/\\\/www.ecoceutics.com\\\/ca\\\/#organization\"},\"potentialAction\":[{\"@type\":\"SearchAction\",\"target\":{\"@type\":\"EntryPoint\",\"urlTemplate\":\"https:\\\/\\\/www.ecoceutics.com\\\/ca\\\/?s={search_term_string}\"},\"query-input\":{\"@type\":\"PropertyValueSpecification\",\"valueRequired\":true,\"valueName\":\"search_term_string\"}}],\"inLanguage\":\"ca\"},{\"@type\":\"Organization\",\"@id\":\"https:\\\/\\\/www.ecoceutics.com\\\/ca\\\/#organization\",\"name\":\"Ecoceutics\",\"url\":\"https:\\\/\\\/www.ecoceutics.com\\\/ca\\\/\",\"logo\":{\"@type\":\"ImageObject\",\"inLanguage\":\"ca\",\"@id\":\"https:\\\/\\\/www.ecoceutics.com\\\/ca\\\/#\\\/schema\\\/logo\\\/image\\\/\",\"url\":\"https:\\\/\\\/www.ecoceutics.com\\\/wp-content\\\/uploads\\\/2022\\\/02\\\/Logo-Ecoceutics-SVG-01-1.svg\",\"contentUrl\":\"https:\\\/\\\/www.ecoceutics.com\\\/wp-content\\\/uploads\\\/2022\\\/02\\\/Logo-Ecoceutics-SVG-01-1.svg\",\"width\":232,\"height\":68,\"caption\":\"Ecoceutics\"},\"image\":{\"@id\":\"https:\\\/\\\/www.ecoceutics.com\\\/ca\\\/#\\\/schema\\\/logo\\\/image\\\/\"}},{\"@type\":\"Person\",\"@id\":\"https:\\\/\\\/www.ecoceutics.com\\\/ca\\\/#\\\/schema\\\/person\\\/1ea99343a86784e00a52c8744dfc7d83\",\"name\":\"Lorena Crosa\",\"image\":{\"@type\":\"ImageObject\",\"inLanguage\":\"ca\",\"@id\":\"https:\\\/\\\/www.ecoceutics.com\\\/wp-content\\\/uploads\\\/2024\\\/03\\\/Lorena-Crosa-100x100.jpg\",\"url\":\"https:\\\/\\\/www.ecoceutics.com\\\/wp-content\\\/uploads\\\/2024\\\/03\\\/Lorena-Crosa-100x100.jpg\",\"contentUrl\":\"https:\\\/\\\/www.ecoceutics.com\\\/wp-content\\\/uploads\\\/2024\\\/03\\\/Lorena-Crosa-100x100.jpg\",\"caption\":\"Lorena Crosa\"}}]}<\/script>\n<!-- \/ Yoast SEO plugin. -->","yoast_head_json":{"title":"Caiguda del cabell postpart | farm\u00e0cies ecoceutics","description":"Els mesos seg\u00fcents al postpart moltes mamis es preocupen perque noten que perden molt cabell. Per qu\u00e8 es cau m\u00e9s el cabell en el postpart?","robots":{"index":"index","follow":"follow","max-snippet":"max-snippet:-1","max-image-preview":"max-image-preview:large","max-video-preview":"max-video-preview:-1"},"canonical":"https:\/\/www.ecoceutics.com\/ca\/respostes-de-salut\/embaras-i-nadons\/caiguda-del-cabell-postpart\/","og_locale":"ca_ES","og_type":"article","og_title":"Caiguda del cabell postpart | farm\u00e0cies ecoceutics","og_description":"Els mesos seg\u00fcents al postpart moltes mamis es preocupen perque noten que perden molt cabell. Per qu\u00e8 es cau m\u00e9s el cabell en el postpart?","og_url":"https:\/\/www.ecoceutics.com\/ca\/respostes-de-salut\/embaras-i-nadons\/caiguda-del-cabell-postpart\/","og_site_name":"ecoceutics","article_published_time":"2020-10-21T22:00:00+00:00","article_modified_time":"2023-05-29T09:58:51+00:00","og_image":[{"width":720,"height":400,"url":"https:\/\/www.ecoceutics.com\/wp-content\/uploads\/2020\/10\/Foto_embarazo_caida-cabello-posparto.jpg","type":"image\/jpeg"}],"author":"Lorena Crosa","twitter_card":"summary_large_image","twitter_misc":{"Escrit per":"Lorena Crosa","Temps estimat de lectura":"4 minuts"},"schema":{"@context":"https:\/\/schema.org","@graph":[{"@type":"Article","@id":"https:\/\/www.ecoceutics.com\/ca\/respostes-de-salut\/embaras-i-nadons\/caiguda-del-cabell-postpart\/#article","isPartOf":{"@id":"https:\/\/www.ecoceutics.com\/ca\/respostes-de-salut\/embaras-i-nadons\/caiguda-del-cabell-postpart\/"},"author":{"name":"Lorena Crosa","@id":"https:\/\/www.ecoceutics.com\/ca\/#\/schema\/person\/1ea99343a86784e00a52c8744dfc7d83"},"headline":"Caiguda del cabell postpart","datePublished":"2020-10-21T22:00:00+00:00","dateModified":"2023-05-29T09:58:51+00:00","mainEntityOfPage":{"@id":"https:\/\/www.ecoceutics.com\/ca\/respostes-de-salut\/embaras-i-nadons\/caiguda-del-cabell-postpart\/"},"wordCount":834,"publisher":{"@id":"https:\/\/www.ecoceutics.com\/ca\/#organization"},"image":{"@id":"https:\/\/www.ecoceutics.com\/ca\/respostes-de-salut\/embaras-i-nadons\/caiguda-del-cabell-postpart\/#primaryimage"},"thumbnailUrl":"https:\/\/www.ecoceutics.com\/wp-content\/uploads\/2020\/10\/Foto_embarazo_caida-cabello-posparto.jpg","articleSection":["Respostes de salut","Embar\u00e0s i nadons"],"inLanguage":"ca"},{"@type":"WebPage","@id":"https:\/\/www.ecoceutics.com\/ca\/respostes-de-salut\/embaras-i-nadons\/caiguda-del-cabell-postpart\/","url":"https:\/\/www.ecoceutics.com\/ca\/respostes-de-salut\/embaras-i-nadons\/caiguda-del-cabell-postpart\/","name":"Caiguda del cabell postpart | farm\u00e0cies ecoceutics","isPartOf":{"@id":"https:\/\/www.ecoceutics.com\/ca\/#website"},"primaryImageOfPage":{"@id":"https:\/\/www.ecoceutics.com\/ca\/respostes-de-salut\/embaras-i-nadons\/caiguda-del-cabell-postpart\/#primaryimage"},"image":{"@id":"https:\/\/www.ecoceutics.com\/ca\/respostes-de-salut\/embaras-i-nadons\/caiguda-del-cabell-postpart\/#primaryimage"},"thumbnailUrl":"https:\/\/www.ecoceutics.com\/wp-content\/uploads\/2020\/10\/Foto_embarazo_caida-cabello-posparto.jpg","datePublished":"2020-10-21T22:00:00+00:00","dateModified":"2023-05-29T09:58:51+00:00","description":"Els mesos seg\u00fcents al postpart moltes mamis es preocupen perque noten que perden molt cabell. Per qu\u00e8 es cau m\u00e9s el cabell en el postpart?","breadcrumb":{"@id":"https:\/\/www.ecoceutics.com\/ca\/respostes-de-salut\/embaras-i-nadons\/caiguda-del-cabell-postpart\/#breadcrumb"},"inLanguage":"ca","potentialAction":[{"@type":"ReadAction","target":["https:\/\/www.ecoceutics.com\/ca\/respostes-de-salut\/embaras-i-nadons\/caiguda-del-cabell-postpart\/"]}]},{"@type":"ImageObject","inLanguage":"ca","@id":"https:\/\/www.ecoceutics.com\/ca\/respostes-de-salut\/embaras-i-nadons\/caiguda-del-cabell-postpart\/#primaryimage","url":"https:\/\/www.ecoceutics.com\/wp-content\/uploads\/2020\/10\/Foto_embarazo_caida-cabello-posparto.jpg","contentUrl":"https:\/\/www.ecoceutics.com\/wp-content\/uploads\/2020\/10\/Foto_embarazo_caida-cabello-posparto.jpg","width":720,"height":400},{"@type":"BreadcrumbList","@id":"https:\/\/www.ecoceutics.com\/ca\/respostes-de-salut\/embaras-i-nadons\/caiguda-del-cabell-postpart\/#breadcrumb","itemListElement":[{"@type":"ListItem","position":1,"name":"Portada","item":"https:\/\/www.ecoceutics.com\/ca\/"},{"@type":"ListItem","position":2,"name":"Caiguda del cabell postpart"}]},{"@type":"WebSite","@id":"https:\/\/www.ecoceutics.com\/ca\/#website","url":"https:\/\/www.ecoceutics.com\/ca\/","name":"ecoceutics","description":"Primera red de farmacias independientes bajo una marca","publisher":{"@id":"https:\/\/www.ecoceutics.com\/ca\/#organization"},"potentialAction":[{"@type":"SearchAction","target":{"@type":"EntryPoint","urlTemplate":"https:\/\/www.ecoceutics.com\/ca\/?s={search_term_string}"},"query-input":{"@type":"PropertyValueSpecification","valueRequired":true,"valueName":"search_term_string"}}],"inLanguage":"ca"},{"@type":"Organization","@id":"https:\/\/www.ecoceutics.com\/ca\/#organization","name":"Ecoceutics","url":"https:\/\/www.ecoceutics.com\/ca\/","logo":{"@type":"ImageObject","inLanguage":"ca","@id":"https:\/\/www.ecoceutics.com\/ca\/#\/schema\/logo\/image\/","url":"https:\/\/www.ecoceutics.com\/wp-content\/uploads\/2022\/02\/Logo-Ecoceutics-SVG-01-1.svg","contentUrl":"https:\/\/www.ecoceutics.com\/wp-content\/uploads\/2022\/02\/Logo-Ecoceutics-SVG-01-1.svg","width":232,"height":68,"caption":"Ecoceutics"},"image":{"@id":"https:\/\/www.ecoceutics.com\/ca\/#\/schema\/logo\/image\/"}},{"@type":"Person","@id":"https:\/\/www.ecoceutics.com\/ca\/#\/schema\/person\/1ea99343a86784e00a52c8744dfc7d83","name":"Lorena Crosa","image":{"@type":"ImageObject","inLanguage":"ca","@id":"https:\/\/www.ecoceutics.com\/wp-content\/uploads\/2024\/03\/Lorena-Crosa-100x100.jpg","url":"https:\/\/www.ecoceutics.com\/wp-content\/uploads\/2024\/03\/Lorena-Crosa-100x100.jpg","contentUrl":"https:\/\/www.ecoceutics.com\/wp-content\/uploads\/2024\/03\/Lorena-Crosa-100x100.jpg","caption":"Lorena Crosa"}}]}},"_links":{"self":[{"href":"https:\/\/www.ecoceutics.com\/ca\/wp-json\/wp\/v2\/posts\/16472","targetHints":{"allow":["GET"]}}],"collection":[{"href":"https:\/\/www.ecoceutics.com\/ca\/wp-json\/wp\/v2\/posts"}],"about":[{"href":"https:\/\/www.ecoceutics.com\/ca\/wp-json\/wp\/v2\/types\/post"}],"author":[{"embeddable":true,"href":"https:\/\/www.ecoceutics.com\/ca\/wp-json\/wp\/v2\/users\/4"}],"replies":[{"embeddable":true,"href":"https:\/\/www.ecoceutics.com\/ca\/wp-json\/wp\/v2\/comments?post=16472"}],"version-history":[{"count":0,"href":"https:\/\/www.ecoceutics.com\/ca\/wp-json\/wp\/v2\/posts\/16472\/revisions"}],"wp:featuredmedia":[{"embeddable":true,"href":"https:\/\/www.ecoceutics.com\/ca\/wp-json\/wp\/v2\/media\/19408"}],"wp:attachment":[{"href":"https:\/\/www.ecoceutics.com\/ca\/wp-json\/wp\/v2\/media?parent=16472"}],"wp:term":[{"taxonomy":"category","embeddable":true,"href":"https:\/\/www.ecoceutics.com\/ca\/wp-json\/wp\/v2\/categories?post=16472"},{"taxonomy":"post_tag","embeddable":true,"href":"https:\/\/www.ecoceutics.com\/ca\/wp-json\/wp\/v2\/tags?post=16472"}],"curies":[{"name":"wp","href":"https:\/\/api.w.org\/{rel}","templated":true}]}}