{"id":16477,"date":"2020-10-06T00:00:00","date_gmt":"2020-10-05T22:00:00","guid":{"rendered":"https:\/\/www.ecoceutics.com\/desinfectar-mascaretes-ffp2\/"},"modified":"2023-04-11T13:03:54","modified_gmt":"2023-04-11T11:03:54","slug":"desinfectar-mascaretes-ffp2","status":"publish","type":"post","link":"https:\/\/www.ecoceutics.com\/ca\/respostes-de-salut\/salut\/desinfectar-mascaretes-ffp2\/","title":{"rendered":"Com desinfectar les mascaretes FFP2 a casa?"},"content":{"rendered":"<p>Les mascaretes N95 o FFP2 s\u00f3n les mascaretes dissenyades per a evitar tant que surtin part\u00edcules a l\u2019exterior com perqu\u00e8 no entrin part\u00edcules de l\u2019ambient exterior cap a l\u2019interior de la mascareta. Aquestes mascaretes s\u00f3n les que m\u00e9s s\u2019usen en hospitals, pacients immunodeprimits, etc. Les seves propietats a\u00efllants depenen de:<\/p>\n<ul>\n<li>La integritat del material de la mascareta, ja que si el filtre es danya, m\u00e9s part\u00edcules passen a trav\u00e9s de la mascareta.<\/li>\n<li>El correcte ajust de la mascareta a la cara, ja que si aquest ajust falla, deixa passar m\u00e9s part\u00edcules entre l\u2019espai que queda entre la mascareta i la cara.<\/li>\n<\/ul>\n<p>A mesura que el filtre o l\u2019ajust es degraden, menys protegir\u00e0 la mascareta, per la qual cosa has de tirar la mascareta despr\u00e9s de l\u2019\u00fas, tret que el&nbsp;mateix&nbsp;fabricant digui com i en quines condicions reutilitzar-la. No obstant aix\u00f2, com les mascaretes han arribat per a quedar-se durant molt de temps, es planteja la possibilitat de reutilitzar-les, \u00e9s a dir, llevar-nos-la i acuradament guardar-la fins al seu seg\u00fcent \u00fas:<\/p>\n<ul>\n<li>El CDC&nbsp;(Centre de Control de Malalties dels EUA) recomana guardar les mascaretes individualment en un env\u00e0s respirable, com una bossa de paper, entre \u00fas i \u00fas i esperant diversos dies abans de reutilitzar-la, ja que el virus resisteix fins a 3 hores en el paper i una setmana en la mascareta a temperatura ambient. (https:\/\/www.cdc.gov\/niosh\/topics\/hcwcontrols\/recommendedguidanceextuse.html).<\/li>\n<li>Un mal ajust de la mascareta fa que la seva efectivitat baixi, per la qual cosa si la teva mascareta no s\u2019ajusta b\u00e9, \u00e9s millor tirar-la. (https:\/\/www.tandfonline.com\/doi\/full\/10.1080\/15459624.2014.902954).<\/li>\n<\/ul>\n<div id=\"ez-toc-container\" class=\"ez-toc-v2_0_82_2 counter-hierarchy ez-toc-counter ez-toc-custom ez-toc-container-direction\">\n<div class=\"ez-toc-title-container\">\n<p class=\"ez-toc-title\" style=\"cursor:inherit\">Contenido de la p\u00e1gina<\/p>\n<span class=\"ez-toc-title-toggle\"><a href=\"#\" class=\"ez-toc-pull-right ez-toc-btn ez-toc-btn-xs ez-toc-btn-default ez-toc-toggle\" aria-label=\"Toggle Table of Content\"><span class=\"ez-toc-js-icon-con\"><span class=\"\"><span class=\"eztoc-hide\" style=\"display:none;\">Toggle<\/span><span class=\"ez-toc-icon-toggle-span\"><svg style=\"fill: #333333;color:#333333\" xmlns=\"http:\/\/www.w3.org\/2000\/svg\" class=\"list-377408\" width=\"20px\" height=\"20px\" viewBox=\"0 0 24 24\" fill=\"none\"><path d=\"M6 6H4v2h2V6zm14 0H8v2h12V6zM4 11h2v2H4v-2zm16 0H8v2h12v-2zM4 16h2v2H4v-2zm16 0H8v2h12v-2z\" fill=\"currentColor\"><\/path><\/svg><svg style=\"fill: #333333;color:#333333\" class=\"arrow-unsorted-368013\" xmlns=\"http:\/\/www.w3.org\/2000\/svg\" width=\"10px\" height=\"10px\" viewBox=\"0 0 24 24\" version=\"1.2\" baseProfile=\"tiny\"><path d=\"M18.2 9.3l-6.2-6.3-6.2 6.3c-.2.2-.3.4-.3.7s.1.5.3.7c.2.2.4.3.7.3h11c.3 0 .5-.1.7-.3.2-.2.3-.5.3-.7s-.1-.5-.3-.7zM5.8 14.7l6.2 6.3 6.2-6.3c.2-.2.3-.5.3-.7s-.1-.5-.3-.7c-.2-.2-.4-.3-.7-.3h-11c-.3 0-.5.1-.7.3-.2.2-.3.5-.3.7s.1.5.3.7z\"\/><\/svg><\/span><\/span><\/span><\/a><\/span><\/div>\n<nav><ul class='ez-toc-list ez-toc-list-level-1 ' ><li class='ez-toc-page-1 ez-toc-heading-level-2'><a class=\"ez-toc-link ez-toc-heading-1\" href=\"https:\/\/www.ecoceutics.com\/ca\/respostes-de-salut\/salut\/desinfectar-mascaretes-ffp2\/#desinfeccio-de-mascaretes-n95-i-ffp2\" >Desinfecci\u00f3 de mascaretes N95 i FFP2<\/a><\/li><li class='ez-toc-page-1 ez-toc-heading-level-2'><a class=\"ez-toc-link ez-toc-heading-2\" href=\"https:\/\/www.ecoceutics.com\/ca\/respostes-de-salut\/salut\/desinfectar-mascaretes-ffp2\/#i-si-intento-els-metodes-investigats-amb-el-que-tinc-a-casa\" >I si intento els m\u00e8todes investigats amb el que tinc a casa?<\/a><\/li><li class='ez-toc-page-1 ez-toc-heading-level-2'><a class=\"ez-toc-link ez-toc-heading-3\" href=\"https:\/\/www.ecoceutics.com\/ca\/respostes-de-salut\/salut\/desinfectar-mascaretes-ffp2\/#conclusio\" >Conclusi\u00f3<\/a><\/li><\/ul><\/nav><\/div>\n<h2><span class=\"ez-toc-section\" id=\"desinfeccio-de-mascaretes-n95-i-ffp2\"><\/span>Desinfecci\u00f3 de mascaretes N95 i FFP2<span class=\"ez-toc-section-end\"><\/span><\/h2>\n<p>N95DECON&nbsp;t\u00e9 un resum molt encertat sobre que s\u2019ha de fer i que no respecte a la desinfecci\u00f3 de les mascaretes FFP2, (https:\/\/www.n95decon.org\/&nbsp;). Aquesta p\u00e0gina est\u00e0 en angl\u00e8s, per aix\u00f2 et fem un petit resum:<\/p>\n<p><strong>El que no s\u2019ha de fer amb les mascaretes:<\/strong><\/p>\n<ul>\n<li>Utilitzar aigua i sab\u00f3, ja que pot espatllar la mascareta.<\/li>\n<li>No utilitzar alcohol per a pell, alcohol&nbsp;isoprop\u00edlic, alcohol en gel, ni netejadors amb alcohol, ja que pot comprometre la integritat de la mascareta.<\/li>\n<li>No utilitzar lleixiu. Segons el m\u00e8tode triat han vist que compromet la mascareta o pot deixar residus clorats causant problemes a qui la porta.<\/li>\n<li>Deixar-la una nit en espera, per a despr\u00e9s posar-te-la l\u2019endem\u00e0. El SARS-CoV-2 pot sobreviure diversos dies en la mascareta utilitzada.<\/li>\n<\/ul>\n<p><strong>Els m\u00e8todes investigats que m\u00e9s \u00abprometen\u00bb s\u00f3n:<\/strong><\/p>\n<ul>\n<li>Calor Humida: s\u2019han proposat cicles de temps variables, entre els 60-80 graus i 50-80% d\u2019humitat relativa.<\/li>\n<li>Llum Ultraviolada: s\u2019utilitza llum del rang ultraviolat C. A causa de les dificultats pr\u00f2pies del m\u00e8tode (no pot haver-hi ombres en la mascareta, no pot estar bruta, l\u2019energia t\u00e9 problemes per a penetrar fins a l\u2019interior profund de la mascareta) no es creu que pugui aconseguir una desinfecci\u00f3 completa i profunda, sin\u00f3 que s\u2019utilitza en condicions molt concretes baixar el risc de propagaci\u00f3 en reutilitzar la mascareta.<\/li>\n<li>Vapor d\u2019aigua oxigenada: s\u2019utilitza vapor ric en aigua oxigenada en un proc\u00e9s industrial perill\u00f3s que ha de ser realitzat per personal entrenat.<\/li>\n<\/ul>\n<p>S\u00f3n m\u00e8todes que s\u2019han de provar en cada model de mascareta, ja que algunes poden resistir b\u00e9 el tractament, mentre que unes altres no, depenent de la marca, el disseny, els components, etc. Es recomana contactar amb cada fabricant per a saber qu\u00e8 es pot fer amb cada mascareta.<\/p>\n<p><strong>La calor seca no est\u00e0 en la llista.<\/strong> L\u2019aire sec en un forn de convecci\u00f3 durant 30 minuts a 75 \u00b0C pot ser utilitzat en algunes mascaretes sense destruir-les i sense alterar el seu ajust, per\u00f2 no se sap si realment serveix per a descontaminar la mascareta. \u00c9s veritat que el coronavirus que est\u00e0 en superf\u00edcies o tubs d\u2019assaig pugui inactivar-se per sobre de 56 \u00b0C, per\u00f2 no s\u2019ha demostrat que el proc\u00e9s realment sigui suficient per a matar coronavirus i altres virus i bacteris presents a l\u2019interior de la mascareta, al qual \u00e9s m\u00e9s dif\u00edcil d\u2019arribar. Perqu\u00e8 et facis una idea, la calor seca que esterilitza, el que s\u2019usa per a objectes que no aguanten el vapor, \u00e9s de 120-180 graus en temps curts. Menys temperatura pot requerir m\u00e9s temps, i ha de verificar-se que el procediment ha sortit b\u00e9.<\/p>\n<h2><span class=\"ez-toc-section\" id=\"i-si-intento-els-metodes-investigats-amb-el-que-tinc-a-casa\"><\/span>I si intento els m\u00e8todes investigats amb el que tinc a casa?<span class=\"ez-toc-section-end\"><\/span><\/h2>\n<p>El problema d\u2019intentar aplicar aquests m\u00e8todes a casa \u00e9s que no tenim el mateix equipament, i per tant, no controlem de la mateixa manera els temps, la temperatura, el vapor, la pot\u00e8ncia del llum, etc. \u00c9s com si un equip de pilots prov\u00e9s una autopista amb un esportiu Ferrari i nosaltres volgu\u00e9ssim tenir la mateixa experi\u00e8ncia en un Fiat 600, o directament en una bicicleta. Moltes coses poden sortir malament, danyant la mascareta o no acabant de desinfectar-la. Per exemple, i segur que hi ha m\u00e9s:<\/p>\n<ul>\n<li>Un exc\u00e9s d\u2019humitat o de temperatura en posar la mascareta en una&nbsp;vaporeta&nbsp;o en un esterilitzador casol\u00e0 pot alterar l\u2019ajust i el filtre intern de la mascareta; de fet, 3M no recomana utilitzar autoclau, vapor ni altes temperatures en les seves mascaretes:(https:\/\/multimedia.3m.com\/mws\/media\/1824869o\/decontamination-methods-for-3m-n95-respirators-technical-bulletin.pdf)<\/li>\n<li>Els forns que es van utilitzar per als assajos de calor seca s\u00f3n aparells de laboratori i d\u2019hospital, amb un sistema de convecci\u00f3 que mou l\u2019aire de forma molt similar a l\u2019interior del forn. No es pot comparar amb els que tenim en la nostra cuina.<\/li>\n<li>Un forn de llar pot tenir f\u00e0cilment una difer\u00e8ncia de 10-20 graus entre el que marca en la pantalla i el que en realitat succeeix a l\u2019interior. Pot tamb\u00e9 tenir zones de calor i zones fredes: ho notes quan fiques un aliment i surt m\u00e9s cremat d\u2019un costat que d\u2019un altre. Aix\u00f2 dificulta molt el control del proc\u00e9s: pots cremar o deixar sense escalfar la mascareta amb facilitat.<\/li>\n<li>Llum ultraviolada, la qual cosa ens toca el sol i ens crema veritat? Gaireb\u00e9. La que s\u2019utilitza per a desinfectar \u00e9s la llum del rang ultraviolat C\u2026que&nbsp;en la Terra est\u00e0 bloquejada gaireb\u00e9 al 100% per l\u2019atmosfera.<\/li>\n<li>Un dels punts febles del m\u00e8tode \u00e9s garantir l\u2019energia que arriba a la mascareta, i aix\u00f2 dep\u00e8n fortament de la dist\u00e0ncia al llum. \u00abM\u00e9s lluny\u00bb o \u00abm\u00e9s a prop\u00bb i la mascareta no es descontamina.<\/li>\n<li>El vapor d\u2019aigua oxigenada implica un cicle controlat d\u2019aigua oxigenada en fase vapor, no en fase l\u00edquida com la que et venem en la farm\u00e0cia o la que pots aconseguir en drogueries. Intentar obtenir vapor d\u2019aigua oxigenada en el microones o en el forn pot ser perill\u00f3s, depenent de la concentraci\u00f3 de partida i de la pot\u00e8ncia del microones.<\/li>\n<li>El vapor d\u2019aigua oxigenada no funciona igual que ruixar la mascareta amb aigua oxigenada. No \u00e9s la mateixa concentraci\u00f3, ni el mateix nivell de penetraci\u00f3, ni la mateixa capacitat de desinfecci\u00f3. Encara no s\u2019ha demostrat que xopar una mascareta amb aigua oxigenada pugui desinfectar realment la mascareta.<\/li>\n<\/ul>\n<h2><span class=\"ez-toc-section\" id=\"conclusio\"><\/span>Conclusi\u00f3<span class=\"ez-toc-section-end\"><\/span><\/h2>\n<p>En aquest moment no coneixem cap procediment \u00abcasol\u00e0\u00bb que adapti el que s\u2019est\u00e0 investigant i funcioni garantint la correcta desinfecci\u00f3 i conservaci\u00f3 d\u2019una mascareta N95 o FFP2.<\/p>\n","protected":false},"excerpt":{"rendered":"<p>Les mascaretes N95 o FFP2 s\u00f3n les mascaretes dissenyades per a evitar tant que surtin part\u00edcules a l\u2019exterior com perqu\u00e8 no entrin part\u00edcules de l\u2019ambient exterior cap a l\u2019interior de la mascareta. Aquestes mascaretes s\u00f3n les que m\u00e9s s\u2019usen en hospitals, pacients immunodeprimits, etc. Les seves propietats a\u00efllants depenen de: La integritat del material de [&hellip;]<\/p>\n","protected":false},"author":4,"featured_media":17732,"comment_status":"closed","ping_status":"closed","sticky":false,"template":"","format":"standard","meta":{"_acf_changed":false,"inline_featured_image":false,"_mbp_gutenberg_autopost":false,"footnotes":""},"categories":[4,1],"tags":[],"class_list":["post-16477","post","type-post","status-publish","format-standard","has-post-thumbnail","hentry","category-respostes-de-salut","category-salut"],"acf":[],"yoast_head":"<!-- This site is optimized with the Yoast SEO plugin v27.5 - https:\/\/yoast.com\/product\/yoast-seo-wordpress\/ -->\n<title>Com desinfectar les mascaretes FFP2 a casa? | farm\u00e0cies ecoceutics<\/title>\n<meta name=\"description\" content=\"Les mascaretes FFP2 s&#039;han de desinfectar de manera diferent que les mascaretes higi\u00e8niques o les de tela, ja que el seu material no permet alguns productes.\" \/>\n<meta name=\"robots\" content=\"index, follow, max-snippet:-1, max-image-preview:large, max-video-preview:-1\" \/>\n<link rel=\"canonical\" href=\"https:\/\/www.ecoceutics.com\/ca\/respostes-de-salut\/salut\/desinfectar-mascaretes-ffp2\/\" \/>\n<meta property=\"og:locale\" content=\"ca_ES\" \/>\n<meta property=\"og:type\" content=\"article\" \/>\n<meta property=\"og:title\" content=\"Com desinfectar les mascaretes FFP2 a casa? | farm\u00e0cies ecoceutics\" \/>\n<meta property=\"og:description\" content=\"Les mascaretes FFP2 s&#039;han de desinfectar de manera diferent que les mascaretes higi\u00e8niques o les de tela, ja que el seu material no permet alguns productes.\" \/>\n<meta property=\"og:url\" content=\"https:\/\/www.ecoceutics.com\/ca\/respostes-de-salut\/salut\/desinfectar-mascaretes-ffp2\/\" \/>\n<meta property=\"og:site_name\" content=\"ecoceutics\" \/>\n<meta property=\"article:published_time\" content=\"2020-10-05T22:00:00+00:00\" \/>\n<meta property=\"article:modified_time\" content=\"2023-04-11T11:03:54+00:00\" \/>\n<meta property=\"og:image\" content=\"https:\/\/www.ecoceutics.com\/wp-content\/uploads\/2021\/09\/Plantilla_FOTOS-EXTERIOR-POST2-2.jpg\" \/>\n\t<meta property=\"og:image:width\" content=\"800\" \/>\n\t<meta property=\"og:image:height\" content=\"800\" \/>\n\t<meta property=\"og:image:type\" content=\"image\/png\" \/>\n<meta name=\"author\" content=\"Lorena Crosa\" \/>\n<meta name=\"twitter:card\" content=\"summary_large_image\" \/>\n<meta name=\"twitter:label1\" content=\"Escrit per\" \/>\n\t<meta name=\"twitter:data1\" content=\"Lorena Crosa\" \/>\n\t<meta name=\"twitter:label2\" content=\"Temps estimat de lectura\" \/>\n\t<meta name=\"twitter:data2\" content=\"5 minuts\" \/>\n<script type=\"application\/ld+json\" class=\"yoast-schema-graph\">{\"@context\":\"https:\\\/\\\/schema.org\",\"@graph\":[{\"@type\":\"Article\",\"@id\":\"https:\\\/\\\/www.ecoceutics.com\\\/ca\\\/respostes-de-salut\\\/salut\\\/desinfectar-mascaretes-ffp2\\\/#article\",\"isPartOf\":{\"@id\":\"https:\\\/\\\/www.ecoceutics.com\\\/ca\\\/respostes-de-salut\\\/salut\\\/desinfectar-mascaretes-ffp2\\\/\"},\"author\":{\"name\":\"Lorena Crosa\",\"@id\":\"https:\\\/\\\/www.ecoceutics.com\\\/ca\\\/#\\\/schema\\\/person\\\/1ea99343a86784e00a52c8744dfc7d83\"},\"headline\":\"Com desinfectar les mascaretes FFP2 a casa?\",\"datePublished\":\"2020-10-05T22:00:00+00:00\",\"dateModified\":\"2023-04-11T11:03:54+00:00\",\"mainEntityOfPage\":{\"@id\":\"https:\\\/\\\/www.ecoceutics.com\\\/ca\\\/respostes-de-salut\\\/salut\\\/desinfectar-mascaretes-ffp2\\\/\"},\"wordCount\":1285,\"publisher\":{\"@id\":\"https:\\\/\\\/www.ecoceutics.com\\\/ca\\\/#organization\"},\"image\":{\"@id\":\"https:\\\/\\\/www.ecoceutics.com\\\/ca\\\/respostes-de-salut\\\/salut\\\/desinfectar-mascaretes-ffp2\\\/#primaryimage\"},\"thumbnailUrl\":\"https:\\\/\\\/www.ecoceutics.com\\\/wp-content\\\/uploads\\\/2021\\\/09\\\/Plantilla_FOTOS-EXTERIOR-POST2-2.jpg\",\"articleSection\":[\"Respostes de salut\",\"Salut\"],\"inLanguage\":\"ca\"},{\"@type\":\"WebPage\",\"@id\":\"https:\\\/\\\/www.ecoceutics.com\\\/ca\\\/respostes-de-salut\\\/salut\\\/desinfectar-mascaretes-ffp2\\\/\",\"url\":\"https:\\\/\\\/www.ecoceutics.com\\\/ca\\\/respostes-de-salut\\\/salut\\\/desinfectar-mascaretes-ffp2\\\/\",\"name\":\"Com desinfectar les mascaretes FFP2 a casa? | farm\u00e0cies ecoceutics\",\"isPartOf\":{\"@id\":\"https:\\\/\\\/www.ecoceutics.com\\\/ca\\\/#website\"},\"primaryImageOfPage\":{\"@id\":\"https:\\\/\\\/www.ecoceutics.com\\\/ca\\\/respostes-de-salut\\\/salut\\\/desinfectar-mascaretes-ffp2\\\/#primaryimage\"},\"image\":{\"@id\":\"https:\\\/\\\/www.ecoceutics.com\\\/ca\\\/respostes-de-salut\\\/salut\\\/desinfectar-mascaretes-ffp2\\\/#primaryimage\"},\"thumbnailUrl\":\"https:\\\/\\\/www.ecoceutics.com\\\/wp-content\\\/uploads\\\/2021\\\/09\\\/Plantilla_FOTOS-EXTERIOR-POST2-2.jpg\",\"datePublished\":\"2020-10-05T22:00:00+00:00\",\"dateModified\":\"2023-04-11T11:03:54+00:00\",\"description\":\"Les mascaretes FFP2 s'han de desinfectar de manera diferent que les mascaretes higi\u00e8niques o les de tela, ja que el seu material no permet alguns productes.\",\"breadcrumb\":{\"@id\":\"https:\\\/\\\/www.ecoceutics.com\\\/ca\\\/respostes-de-salut\\\/salut\\\/desinfectar-mascaretes-ffp2\\\/#breadcrumb\"},\"inLanguage\":\"ca\",\"potentialAction\":[{\"@type\":\"ReadAction\",\"target\":[\"https:\\\/\\\/www.ecoceutics.com\\\/ca\\\/respostes-de-salut\\\/salut\\\/desinfectar-mascaretes-ffp2\\\/\"]}]},{\"@type\":\"ImageObject\",\"inLanguage\":\"ca\",\"@id\":\"https:\\\/\\\/www.ecoceutics.com\\\/ca\\\/respostes-de-salut\\\/salut\\\/desinfectar-mascaretes-ffp2\\\/#primaryimage\",\"url\":\"https:\\\/\\\/www.ecoceutics.com\\\/wp-content\\\/uploads\\\/2021\\\/09\\\/Plantilla_FOTOS-EXTERIOR-POST2-2.jpg\",\"contentUrl\":\"https:\\\/\\\/www.ecoceutics.com\\\/wp-content\\\/uploads\\\/2021\\\/09\\\/Plantilla_FOTOS-EXTERIOR-POST2-2.jpg\",\"width\":800,\"height\":800,\"caption\":\"\u00bfC\u00f3mo puedo desinfectar una mascarilla en casa?\"},{\"@type\":\"BreadcrumbList\",\"@id\":\"https:\\\/\\\/www.ecoceutics.com\\\/ca\\\/respostes-de-salut\\\/salut\\\/desinfectar-mascaretes-ffp2\\\/#breadcrumb\",\"itemListElement\":[{\"@type\":\"ListItem\",\"position\":1,\"name\":\"Portada\",\"item\":\"https:\\\/\\\/www.ecoceutics.com\\\/ca\\\/\"},{\"@type\":\"ListItem\",\"position\":2,\"name\":\"Com desinfectar les mascaretes FFP2 a casa?\"}]},{\"@type\":\"WebSite\",\"@id\":\"https:\\\/\\\/www.ecoceutics.com\\\/ca\\\/#website\",\"url\":\"https:\\\/\\\/www.ecoceutics.com\\\/ca\\\/\",\"name\":\"ecoceutics\",\"description\":\"Primera red de farmacias independientes bajo una marca\",\"publisher\":{\"@id\":\"https:\\\/\\\/www.ecoceutics.com\\\/ca\\\/#organization\"},\"potentialAction\":[{\"@type\":\"SearchAction\",\"target\":{\"@type\":\"EntryPoint\",\"urlTemplate\":\"https:\\\/\\\/www.ecoceutics.com\\\/ca\\\/?s={search_term_string}\"},\"query-input\":{\"@type\":\"PropertyValueSpecification\",\"valueRequired\":true,\"valueName\":\"search_term_string\"}}],\"inLanguage\":\"ca\"},{\"@type\":\"Organization\",\"@id\":\"https:\\\/\\\/www.ecoceutics.com\\\/ca\\\/#organization\",\"name\":\"Ecoceutics\",\"url\":\"https:\\\/\\\/www.ecoceutics.com\\\/ca\\\/\",\"logo\":{\"@type\":\"ImageObject\",\"inLanguage\":\"ca\",\"@id\":\"https:\\\/\\\/www.ecoceutics.com\\\/ca\\\/#\\\/schema\\\/logo\\\/image\\\/\",\"url\":\"https:\\\/\\\/www.ecoceutics.com\\\/wp-content\\\/uploads\\\/2022\\\/02\\\/Logo-Ecoceutics-SVG-01-1.svg\",\"contentUrl\":\"https:\\\/\\\/www.ecoceutics.com\\\/wp-content\\\/uploads\\\/2022\\\/02\\\/Logo-Ecoceutics-SVG-01-1.svg\",\"width\":232,\"height\":68,\"caption\":\"Ecoceutics\"},\"image\":{\"@id\":\"https:\\\/\\\/www.ecoceutics.com\\\/ca\\\/#\\\/schema\\\/logo\\\/image\\\/\"}},{\"@type\":\"Person\",\"@id\":\"https:\\\/\\\/www.ecoceutics.com\\\/ca\\\/#\\\/schema\\\/person\\\/1ea99343a86784e00a52c8744dfc7d83\",\"name\":\"Lorena Crosa\",\"image\":{\"@type\":\"ImageObject\",\"inLanguage\":\"ca\",\"@id\":\"https:\\\/\\\/www.ecoceutics.com\\\/wp-content\\\/uploads\\\/2024\\\/03\\\/Lorena-Crosa-100x100.jpg\",\"url\":\"https:\\\/\\\/www.ecoceutics.com\\\/wp-content\\\/uploads\\\/2024\\\/03\\\/Lorena-Crosa-100x100.jpg\",\"contentUrl\":\"https:\\\/\\\/www.ecoceutics.com\\\/wp-content\\\/uploads\\\/2024\\\/03\\\/Lorena-Crosa-100x100.jpg\",\"caption\":\"Lorena Crosa\"}}]}<\/script>\n<!-- \/ Yoast SEO plugin. -->","yoast_head_json":{"title":"Com desinfectar les mascaretes FFP2 a casa? | farm\u00e0cies ecoceutics","description":"Les mascaretes FFP2 s'han de desinfectar de manera diferent que les mascaretes higi\u00e8niques o les de tela, ja que el seu material no permet alguns productes.","robots":{"index":"index","follow":"follow","max-snippet":"max-snippet:-1","max-image-preview":"max-image-preview:large","max-video-preview":"max-video-preview:-1"},"canonical":"https:\/\/www.ecoceutics.com\/ca\/respostes-de-salut\/salut\/desinfectar-mascaretes-ffp2\/","og_locale":"ca_ES","og_type":"article","og_title":"Com desinfectar les mascaretes FFP2 a casa? | farm\u00e0cies ecoceutics","og_description":"Les mascaretes FFP2 s'han de desinfectar de manera diferent que les mascaretes higi\u00e8niques o les de tela, ja que el seu material no permet alguns productes.","og_url":"https:\/\/www.ecoceutics.com\/ca\/respostes-de-salut\/salut\/desinfectar-mascaretes-ffp2\/","og_site_name":"ecoceutics","article_published_time":"2020-10-05T22:00:00+00:00","article_modified_time":"2023-04-11T11:03:54+00:00","og_image":[{"width":800,"height":800,"url":"https:\/\/www.ecoceutics.com\/wp-content\/uploads\/2021\/09\/Plantilla_FOTOS-EXTERIOR-POST2-2.jpg","type":"image\/png"}],"author":"Lorena Crosa","twitter_card":"summary_large_image","twitter_misc":{"Escrit per":"Lorena Crosa","Temps estimat de lectura":"5 minuts"},"schema":{"@context":"https:\/\/schema.org","@graph":[{"@type":"Article","@id":"https:\/\/www.ecoceutics.com\/ca\/respostes-de-salut\/salut\/desinfectar-mascaretes-ffp2\/#article","isPartOf":{"@id":"https:\/\/www.ecoceutics.com\/ca\/respostes-de-salut\/salut\/desinfectar-mascaretes-ffp2\/"},"author":{"name":"Lorena Crosa","@id":"https:\/\/www.ecoceutics.com\/ca\/#\/schema\/person\/1ea99343a86784e00a52c8744dfc7d83"},"headline":"Com desinfectar les mascaretes FFP2 a casa?","datePublished":"2020-10-05T22:00:00+00:00","dateModified":"2023-04-11T11:03:54+00:00","mainEntityOfPage":{"@id":"https:\/\/www.ecoceutics.com\/ca\/respostes-de-salut\/salut\/desinfectar-mascaretes-ffp2\/"},"wordCount":1285,"publisher":{"@id":"https:\/\/www.ecoceutics.com\/ca\/#organization"},"image":{"@id":"https:\/\/www.ecoceutics.com\/ca\/respostes-de-salut\/salut\/desinfectar-mascaretes-ffp2\/#primaryimage"},"thumbnailUrl":"https:\/\/www.ecoceutics.com\/wp-content\/uploads\/2021\/09\/Plantilla_FOTOS-EXTERIOR-POST2-2.jpg","articleSection":["Respostes de salut","Salut"],"inLanguage":"ca"},{"@type":"WebPage","@id":"https:\/\/www.ecoceutics.com\/ca\/respostes-de-salut\/salut\/desinfectar-mascaretes-ffp2\/","url":"https:\/\/www.ecoceutics.com\/ca\/respostes-de-salut\/salut\/desinfectar-mascaretes-ffp2\/","name":"Com desinfectar les mascaretes FFP2 a casa? | farm\u00e0cies ecoceutics","isPartOf":{"@id":"https:\/\/www.ecoceutics.com\/ca\/#website"},"primaryImageOfPage":{"@id":"https:\/\/www.ecoceutics.com\/ca\/respostes-de-salut\/salut\/desinfectar-mascaretes-ffp2\/#primaryimage"},"image":{"@id":"https:\/\/www.ecoceutics.com\/ca\/respostes-de-salut\/salut\/desinfectar-mascaretes-ffp2\/#primaryimage"},"thumbnailUrl":"https:\/\/www.ecoceutics.com\/wp-content\/uploads\/2021\/09\/Plantilla_FOTOS-EXTERIOR-POST2-2.jpg","datePublished":"2020-10-05T22:00:00+00:00","dateModified":"2023-04-11T11:03:54+00:00","description":"Les mascaretes FFP2 s'han de desinfectar de manera diferent que les mascaretes higi\u00e8niques o les de tela, ja que el seu material no permet alguns productes.","breadcrumb":{"@id":"https:\/\/www.ecoceutics.com\/ca\/respostes-de-salut\/salut\/desinfectar-mascaretes-ffp2\/#breadcrumb"},"inLanguage":"ca","potentialAction":[{"@type":"ReadAction","target":["https:\/\/www.ecoceutics.com\/ca\/respostes-de-salut\/salut\/desinfectar-mascaretes-ffp2\/"]}]},{"@type":"ImageObject","inLanguage":"ca","@id":"https:\/\/www.ecoceutics.com\/ca\/respostes-de-salut\/salut\/desinfectar-mascaretes-ffp2\/#primaryimage","url":"https:\/\/www.ecoceutics.com\/wp-content\/uploads\/2021\/09\/Plantilla_FOTOS-EXTERIOR-POST2-2.jpg","contentUrl":"https:\/\/www.ecoceutics.com\/wp-content\/uploads\/2021\/09\/Plantilla_FOTOS-EXTERIOR-POST2-2.jpg","width":800,"height":800,"caption":"\u00bfC\u00f3mo puedo desinfectar una mascarilla en casa?"},{"@type":"BreadcrumbList","@id":"https:\/\/www.ecoceutics.com\/ca\/respostes-de-salut\/salut\/desinfectar-mascaretes-ffp2\/#breadcrumb","itemListElement":[{"@type":"ListItem","position":1,"name":"Portada","item":"https:\/\/www.ecoceutics.com\/ca\/"},{"@type":"ListItem","position":2,"name":"Com desinfectar les mascaretes FFP2 a casa?"}]},{"@type":"WebSite","@id":"https:\/\/www.ecoceutics.com\/ca\/#website","url":"https:\/\/www.ecoceutics.com\/ca\/","name":"ecoceutics","description":"Primera red de farmacias independientes bajo una marca","publisher":{"@id":"https:\/\/www.ecoceutics.com\/ca\/#organization"},"potentialAction":[{"@type":"SearchAction","target":{"@type":"EntryPoint","urlTemplate":"https:\/\/www.ecoceutics.com\/ca\/?s={search_term_string}"},"query-input":{"@type":"PropertyValueSpecification","valueRequired":true,"valueName":"search_term_string"}}],"inLanguage":"ca"},{"@type":"Organization","@id":"https:\/\/www.ecoceutics.com\/ca\/#organization","name":"Ecoceutics","url":"https:\/\/www.ecoceutics.com\/ca\/","logo":{"@type":"ImageObject","inLanguage":"ca","@id":"https:\/\/www.ecoceutics.com\/ca\/#\/schema\/logo\/image\/","url":"https:\/\/www.ecoceutics.com\/wp-content\/uploads\/2022\/02\/Logo-Ecoceutics-SVG-01-1.svg","contentUrl":"https:\/\/www.ecoceutics.com\/wp-content\/uploads\/2022\/02\/Logo-Ecoceutics-SVG-01-1.svg","width":232,"height":68,"caption":"Ecoceutics"},"image":{"@id":"https:\/\/www.ecoceutics.com\/ca\/#\/schema\/logo\/image\/"}},{"@type":"Person","@id":"https:\/\/www.ecoceutics.com\/ca\/#\/schema\/person\/1ea99343a86784e00a52c8744dfc7d83","name":"Lorena Crosa","image":{"@type":"ImageObject","inLanguage":"ca","@id":"https:\/\/www.ecoceutics.com\/wp-content\/uploads\/2024\/03\/Lorena-Crosa-100x100.jpg","url":"https:\/\/www.ecoceutics.com\/wp-content\/uploads\/2024\/03\/Lorena-Crosa-100x100.jpg","contentUrl":"https:\/\/www.ecoceutics.com\/wp-content\/uploads\/2024\/03\/Lorena-Crosa-100x100.jpg","caption":"Lorena Crosa"}}]}},"_links":{"self":[{"href":"https:\/\/www.ecoceutics.com\/ca\/wp-json\/wp\/v2\/posts\/16477","targetHints":{"allow":["GET"]}}],"collection":[{"href":"https:\/\/www.ecoceutics.com\/ca\/wp-json\/wp\/v2\/posts"}],"about":[{"href":"https:\/\/www.ecoceutics.com\/ca\/wp-json\/wp\/v2\/types\/post"}],"author":[{"embeddable":true,"href":"https:\/\/www.ecoceutics.com\/ca\/wp-json\/wp\/v2\/users\/4"}],"replies":[{"embeddable":true,"href":"https:\/\/www.ecoceutics.com\/ca\/wp-json\/wp\/v2\/comments?post=16477"}],"version-history":[{"count":0,"href":"https:\/\/www.ecoceutics.com\/ca\/wp-json\/wp\/v2\/posts\/16477\/revisions"}],"wp:featuredmedia":[{"embeddable":true,"href":"https:\/\/www.ecoceutics.com\/ca\/wp-json\/wp\/v2\/media\/17732"}],"wp:attachment":[{"href":"https:\/\/www.ecoceutics.com\/ca\/wp-json\/wp\/v2\/media?parent=16477"}],"wp:term":[{"taxonomy":"category","embeddable":true,"href":"https:\/\/www.ecoceutics.com\/ca\/wp-json\/wp\/v2\/categories?post=16477"},{"taxonomy":"post_tag","embeddable":true,"href":"https:\/\/www.ecoceutics.com\/ca\/wp-json\/wp\/v2\/tags?post=16477"}],"curies":[{"name":"wp","href":"https:\/\/api.w.org\/{rel}","templated":true}]}}