{"id":16513,"date":"2021-02-08T00:00:00","date_gmt":"2021-02-07T23:00:00","guid":{"rendered":"https:\/\/www.ecoceutics.com\/ibuprofen\/"},"modified":"2021-12-23T11:30:04","modified_gmt":"2021-12-23T10:30:04","slug":"ibuprofen","status":"publish","type":"post","link":"https:\/\/www.ecoceutics.com\/ca\/respostes-de-salut\/salut\/ibuprofen\/","title":{"rendered":"Qu\u00e8 \u00e9s l&#8217;ibuprof\u00e8n?"},"content":{"rendered":"<p>Estem acostumats a prendre ibuprof\u00e8n per a gaireb\u00e9 tots els mals que ens atribueixen. Mal de queixal? Ibuprof\u00e8n. Dolor d\u2019esquena? M\u00e9s ibuprof\u00e8n. Dolor menstrual? Una altra vegada ibuprof\u00e8n. Tant \u00e9s aix\u00ed, que l\u2019ibuprof\u00e8n est\u00e0 en el top 10 de les mol\u00e8cules m\u00e9s receptades per la Seguretat Social. Per\u00f2 qu\u00e8 \u00e9s exactament l\u2019ibuprof\u00e8n? Com funciona? Per qu\u00e8 a vegades ens recomanen prendre \u00abprotectors d\u2019est\u00f3mac\u00bb si prenem ibuprof\u00e8n? Responem aquestes i altres dubtes respecte a l\u2019ibuprof\u00e8n en aquest article.<\/p>\n<div id=\"ez-toc-container\" class=\"ez-toc-v2_0_82_2 counter-hierarchy ez-toc-counter ez-toc-custom ez-toc-container-direction\">\n<div class=\"ez-toc-title-container\">\n<p class=\"ez-toc-title\" style=\"cursor:inherit\">Contenido de la p\u00e1gina<\/p>\n<span class=\"ez-toc-title-toggle\"><a href=\"#\" class=\"ez-toc-pull-right ez-toc-btn ez-toc-btn-xs ez-toc-btn-default ez-toc-toggle\" aria-label=\"Toggle Table of Content\"><span class=\"ez-toc-js-icon-con\"><span class=\"\"><span class=\"eztoc-hide\" style=\"display:none;\">Toggle<\/span><span class=\"ez-toc-icon-toggle-span\"><svg style=\"fill: #333333;color:#333333\" xmlns=\"http:\/\/www.w3.org\/2000\/svg\" class=\"list-377408\" width=\"20px\" height=\"20px\" viewBox=\"0 0 24 24\" fill=\"none\"><path d=\"M6 6H4v2h2V6zm14 0H8v2h12V6zM4 11h2v2H4v-2zm16 0H8v2h12v-2zM4 16h2v2H4v-2zm16 0H8v2h12v-2z\" fill=\"currentColor\"><\/path><\/svg><svg style=\"fill: #333333;color:#333333\" class=\"arrow-unsorted-368013\" xmlns=\"http:\/\/www.w3.org\/2000\/svg\" width=\"10px\" height=\"10px\" viewBox=\"0 0 24 24\" version=\"1.2\" baseProfile=\"tiny\"><path d=\"M18.2 9.3l-6.2-6.3-6.2 6.3c-.2.2-.3.4-.3.7s.1.5.3.7c.2.2.4.3.7.3h11c.3 0 .5-.1.7-.3.2-.2.3-.5.3-.7s-.1-.5-.3-.7zM5.8 14.7l6.2 6.3 6.2-6.3c.2-.2.3-.5.3-.7s-.1-.5-.3-.7c-.2-.2-.4-.3-.7-.3h-11c-.3 0-.5.1-.7.3-.2.2-.3.5-.3.7s.1.5.3.7z\"\/><\/svg><\/span><\/span><\/span><\/a><\/span><\/div>\n<nav><ul class='ez-toc-list ez-toc-list-level-1 ' ><li class='ez-toc-page-1 ez-toc-heading-level-2'><a class=\"ez-toc-link ez-toc-heading-1\" href=\"https:\/\/www.ecoceutics.com\/ca\/respostes-de-salut\/salut\/ibuprofen\/#que-es-libuprofen\" >Qu\u00e8 \u00e9s l\u2019ibuprof\u00e8n?<\/a><\/li><li class='ez-toc-page-1 ez-toc-heading-level-2'><a class=\"ez-toc-link ez-toc-heading-2\" href=\"https:\/\/www.ecoceutics.com\/ca\/respostes-de-salut\/salut\/ibuprofen\/#com-actua-libuprofen\" >Com actua l\u2019ibuprof\u00e8n?<\/a><\/li><li class='ez-toc-page-1 ez-toc-heading-level-2'><a class=\"ez-toc-link ez-toc-heading-3\" href=\"https:\/\/www.ecoceutics.com\/ca\/respostes-de-salut\/salut\/ibuprofen\/#quins-efectes-adversos-te-libuprofen\" >Quins efectes adversos t\u00e9 l\u2019ibuprof\u00e8n?<\/a><\/li><li class='ez-toc-page-1 ez-toc-heading-level-2'><a class=\"ez-toc-link ez-toc-heading-4\" href=\"https:\/\/www.ecoceutics.com\/ca\/respostes-de-salut\/salut\/ibuprofen\/#per-que-es-demana-recepta-per-a-libuprofen-de-600-mg\" >Per qu\u00e8 es demana recepta per a l\u2019ibuprof\u00e8n de 600 mg?<\/a><\/li><\/ul><\/nav><\/div>\n<h2><span class=\"ez-toc-section\" id=\"que-es-libuprofen\"><\/span>Qu\u00e8 \u00e9s l\u2019ibuprof\u00e8n?<span class=\"ez-toc-section-end\"><\/span><\/h2>\n<p>L\u2019ibuprof\u00e8n pertany a la fam\u00edlia dels antiinflamatoris derivats de l\u2019\u00e0cid propi\u00f2nic, bossa en la qual fiquem a l\u2019ibuprof\u00e8n, naprox\u00e8n o flurbiprof\u00e8n. El nom sistem\u00e0tic de l\u2019ibuprof\u00e8n \u00e9s \u00e0cid 2-(4-<strong>i<\/strong>so<strong>bu<\/strong>til<strong>fen<\/strong>il) <strong>pro<\/strong>pi\u00f2nic. Veus les negretes? D\u2019aquestes s\u00edl\u00b7labes ve la seva denominaci\u00f3 comuna internacional, ibuprof\u00e8n (parlem m\u00e9s dels noms dels medicaments en aquest article). Est\u00e0 entre nosaltres des de la d\u00e8cada dels&nbsp;\u201960, per\u00f2 no va ser fins a la d\u00e8cada dels&nbsp;\u201980&nbsp;que es va autoritzar la seva venda sense recepta m\u00e8dica.<\/p>\n<h2><span class=\"ez-toc-section\" id=\"com-actua-libuprofen\"><\/span>Com actua l\u2019ibuprof\u00e8n?<span class=\"ez-toc-section-end\"><\/span><\/h2>\n<p>L\u2019ibuprof\u00e8n actua inhibint a un enzim anomenat&nbsp;ciclooxigenasa&nbsp;(COIX per a abreujar). Una de les formes&nbsp;de la COIX,&nbsp;la COIX-2, \u00e9s la responsable de sintetitzar unes mol\u00e8cules anomenades prostaglandines, mol\u00e8cules relacionades amb la inflamaci\u00f3 i el dolor. En evitar la s\u00edntesi de prostaglandines la inflamaci\u00f3 i el dolor no poden prosperar, per aquest motiu l\u2019ibuprof\u00e8n sigui un bon antiinflamatori. Per\u00f2&nbsp;la COIX&nbsp;no actua solament en processos de dolor; tamb\u00e9 interv\u00e9 en processos relacionats amb l\u2019ovulaci\u00f3 i el part, est\u00e0 involucrada en la producci\u00f3 de moc estomacal, en la bona funcionalitat del rony\u00f3, en l\u2019agregaci\u00f3 de les plaquetes\u2026 els efectes adversos de l\u2019ibuprof\u00e8n vindran de la m\u00e0 del bloqueig de la&nbsp;ciclooxigenasa&nbsp;en tot el cos, no solament all\u00e0 en el lloc on ens fa mal.<\/p>\n<p>S\u2019han investigat altres maneres d\u2019actuar de l\u2019ibuprof\u00e8n, per\u00f2 ara com ara aquesta \u00e9s la m\u00e9s coneguda.<\/p>\n<h2><span class=\"ez-toc-section\" id=\"quins-efectes-adversos-te-libuprofen\"><\/span>Quins efectes adversos t\u00e9 l\u2019ibuprof\u00e8n?<span class=\"ez-toc-section-end\"><\/span><\/h2>\n<p>\u00c9s impossible fer que l\u2019ibuprof\u00e8n arribi nom\u00e9s on ens fa mal. La sang porta l\u2019ibuprof\u00e8n des del tracte gastrointestinal al lloc lesionat i a tota la resta del cos, apareixent els efectes adversos. Entre els efectes adversos de l\u2019ibuprof\u00e8n trobem:<\/p>\n<ul>\n<li>Mol\u00e8sties estomacals en \u00fas puntual, \u00falcera estomacal amb l\u2019\u00fas continuat (perqu\u00e8 s\u2019inhibeix&nbsp;a la COIX-1, fonamental en la secreci\u00f3 de moc protector en l\u2019est\u00f3mac). Per aix\u00f2 es recomana prendre l\u2019ibuprof\u00e8n amb menjar (irrita menys la paret estomacal) i en pacients majors o amb historial de problemes estomacals s\u2019utilitza ibuprof\u00e8n juntament amb omeprazole (l\u2019omeprazole controla l\u2019acidesa estomacal, amb el que no s\u2019agredeix tant a un est\u00f3mac privat del seu moc protector).<\/li>\n<li>Hipersensibilitat amb urtic\u00e0ria (l\u2019al\u00b7l\u00e8rgia a&nbsp;AINEs&nbsp;\u00e9s freq\u00fcent i els al\u00b7l\u00e8rgics a aspirina poden tenir al\u00b7l\u00e8rgia creuada a l\u2019ibuprof\u00e8n).<\/li>\n<li>Atac d\u2019asma (els&nbsp;AINEs&nbsp;poden afavorir la producci\u00f3 de&nbsp;leucotrienos, potents broncoconstrictores).<\/li>\n<li>Hipertensi\u00f3 arterial per retenci\u00f3 de l\u00edquid (sobretot en pacients majors o amb problemes cardiovasculars diagnosticats).<\/li>\n<li>Problemes renals (estrany en pacients sans, per\u00f2 pot passar).<\/li>\n<\/ul>\n<p>\u00c9s per aquests problemes que moltes vegades no recomanem a certs pacients l\u2019\u00fas de l\u2019ibuprof\u00e8n. Persones majors, amb problemes estomacals, card\u00edacs o problemes renals han de parlar amb un professional abans d\u2019utilitzar ibuprof\u00e8n o fins i tot decantar-se per l\u2019\u00fas de paracetamol.<\/p>\n<h2><span class=\"ez-toc-section\" id=\"per-que-es-demana-recepta-per-a-libuprofen-de-600-mg\"><\/span>Per qu\u00e8 es demana recepta per a l\u2019ibuprof\u00e8n de 600 mg?<span class=\"ez-toc-section-end\"><\/span><\/h2>\n<p>L\u2019ibuprof\u00e8n \u00e9s dels pocs medicaments que tenen una versi\u00f3 de venda lliure i una versi\u00f3 de venda sota recepta m\u00e8dica. Els medicaments de venda lliure per a adults i adolescents s\u00f3n de&nbsp;200mg&nbsp;o&nbsp;400mg&nbsp;amb dosis suficients per a 4-5 dies, mentre que les presentacions que requereixen recepta s\u00f3n&nbsp;400mg\/30 comprimits o sobres i&nbsp;600mg\/40 comprimits o sobres. El raonament darrere d\u2019aix\u00f2 \u00e9s:<\/p>\n<ul>\n<li>L\u2019ibuprof\u00e8n de 400 mg pres cada vuit hores (particularment quan es vehicula amb arginina o lisina) alleuja la majoria dels dolors lleus a moderats. Si el dolor no se\u2019n va amb aquest medicament, hauria de ser analitzat per un metge; al dolor no val amb \u00abtapar-lo\u00bb, cal diagnosticar-lo, tractar-ho i tractar la causa. Demanar la recepta per a l\u2019ibuprof\u00e8n de&nbsp;600mg&nbsp;garanteix que hi ha una cura m\u00e8dica darrere d\u2019un dolor intens.<\/li>\n<li>L\u2019ibuprof\u00e8n&nbsp;400mg&nbsp;\u00e9s molt segur cada vuit hores durant pocs dies (que \u00e9s per al que estan preparats els medicaments de venda lliure). Com m\u00e9s gran la dosi d\u2019ibuprof\u00e8n, o com m\u00e9s els dies ho prens, m\u00e9s possibilitats hi ha que apareguin problemes cardiovasculars, estomacals, o renals. \u00c9s important valorar amb el teu metge si pots prendre ibuprof\u00e8n de&nbsp;600mg&nbsp;o si en el teu cas particular \u00e9s m\u00e9s un problema que una soluci\u00f3.<\/li>\n<\/ul>\n<p>A Espanya estem acostumats a sol\u00b7licitar l\u2019ibuprof\u00e8n de&nbsp;600mg&nbsp;perqu\u00e8 ho cobreix la seguretat social i perqu\u00e8 \u00e9s la presentaci\u00f3 m\u00e9s barata que existeix. \u00c9s m\u00e9s barat que l\u2019ibuprof\u00e8n de 400 per alguns c\u00e8ntims i a m\u00e9s porta deu comprimits m\u00e9s, aix\u00ed que el m\u00e9s l\u00f2gic semblaria ser comprar ibuprof\u00e8n de&nbsp;600mg. Per\u00f2 en aquest cas l\u2019economia ens ha fet oblidar una \u00abllei\u00bb del bon \u00fas dels medicaments: si la dosi baixa et fa efecte, no prenguis la dosi alta. En aquest cas, si l\u2019ibuprof\u00e8n de&nbsp;400mg&nbsp;et treu el dolor, no prenguis el de&nbsp;600mg!<\/p>\n","protected":false},"excerpt":{"rendered":"<p>Estem acostumats a prendre ibuprof\u00e8n per a gaireb\u00e9 tots els mals que ens atribueixen. Mal de queixal? Ibuprof\u00e8n. Dolor d\u2019esquena? M\u00e9s ibuprof\u00e8n. Dolor menstrual? Una altra vegada ibuprof\u00e8n. Tant \u00e9s aix\u00ed, que l\u2019ibuprof\u00e8n est\u00e0 en el top 10 de les mol\u00e8cules m\u00e9s receptades per la Seguretat Social. Per\u00f2 qu\u00e8 \u00e9s exactament l\u2019ibuprof\u00e8n? Com funciona? Per [&hellip;]<\/p>\n","protected":false},"author":4,"featured_media":17956,"comment_status":"closed","ping_status":"closed","sticky":false,"template":"","format":"standard","meta":{"_acf_changed":false,"inline_featured_image":false,"_mbp_gutenberg_autopost":false,"footnotes":""},"categories":[4,1],"tags":[],"class_list":["post-16513","post","type-post","status-publish","format-standard","has-post-thumbnail","hentry","category-respostes-de-salut","category-salut"],"acf":[],"yoast_head":"<!-- This site is optimized with the Yoast SEO plugin v27.4 - https:\/\/yoast.com\/product\/yoast-seo-wordpress\/ -->\n<title>Qu\u00e8 \u00e9s l&#039;ibuprofen? Quan s&#039;ha de prendre? | farm\u00e0cies ecoceutics<\/title>\n<meta name=\"description\" content=\"Estem acostumats a prendre ibuprof\u00e8n per a gaireb\u00e9 tots els mals que ens atribueixen. Per\u00f2, quan s&#039;ha de prendre i quan no?\" \/>\n<meta name=\"robots\" content=\"index, follow, max-snippet:-1, max-image-preview:large, max-video-preview:-1\" \/>\n<link rel=\"canonical\" href=\"https:\/\/www.ecoceutics.com\/ca\/respostes-de-salut\/salut\/ibuprofen\/\" \/>\n<meta property=\"og:locale\" content=\"ca_ES\" \/>\n<meta property=\"og:type\" content=\"article\" \/>\n<meta property=\"og:title\" content=\"Qu\u00e8 \u00e9s l&#039;ibuprofen? Quan s&#039;ha de prendre? | farm\u00e0cies ecoceutics\" \/>\n<meta property=\"og:description\" content=\"Estem acostumats a prendre ibuprof\u00e8n per a gaireb\u00e9 tots els mals que ens atribueixen. Per\u00f2, quan s&#039;ha de prendre i quan no?\" \/>\n<meta property=\"og:url\" content=\"https:\/\/www.ecoceutics.com\/ca\/respostes-de-salut\/salut\/ibuprofen\/\" \/>\n<meta property=\"og:site_name\" content=\"ecoceutics\" \/>\n<meta property=\"article:published_time\" content=\"2021-02-07T23:00:00+00:00\" \/>\n<meta property=\"article:modified_time\" content=\"2021-12-23T10:30:04+00:00\" \/>\n<meta property=\"og:image\" content=\"https:\/\/www.ecoceutics.com\/wp-content\/uploads\/2021\/09\/Plantilla_FOTOS-EXTERIOR-POST-4-13.jpg\" \/>\n\t<meta property=\"og:image:width\" content=\"800\" \/>\n\t<meta property=\"og:image:height\" content=\"800\" \/>\n\t<meta property=\"og:image:type\" content=\"image\/png\" \/>\n<meta name=\"author\" content=\"Lorena Crosa\" \/>\n<meta name=\"twitter:card\" content=\"summary_large_image\" \/>\n<meta name=\"twitter:label1\" content=\"Escrit per\" \/>\n\t<meta name=\"twitter:data1\" content=\"Lorena Crosa\" \/>\n\t<meta name=\"twitter:label2\" content=\"Temps estimat de lectura\" \/>\n\t<meta name=\"twitter:data2\" content=\"4 minuts\" \/>\n<script type=\"application\/ld+json\" class=\"yoast-schema-graph\">{\"@context\":\"https:\\\/\\\/schema.org\",\"@graph\":[{\"@type\":\"Article\",\"@id\":\"https:\\\/\\\/www.ecoceutics.com\\\/ca\\\/respostes-de-salut\\\/salut\\\/ibuprofen\\\/#article\",\"isPartOf\":{\"@id\":\"https:\\\/\\\/www.ecoceutics.com\\\/ca\\\/respostes-de-salut\\\/salut\\\/ibuprofen\\\/\"},\"author\":{\"name\":\"Lorena Crosa\",\"@id\":\"https:\\\/\\\/www.ecoceutics.com\\\/ca\\\/#\\\/schema\\\/person\\\/1ea99343a86784e00a52c8744dfc7d83\"},\"headline\":\"Qu\u00e8 \u00e9s l&#8217;ibuprof\u00e8n?\",\"datePublished\":\"2021-02-07T23:00:00+00:00\",\"dateModified\":\"2021-12-23T10:30:04+00:00\",\"mainEntityOfPage\":{\"@id\":\"https:\\\/\\\/www.ecoceutics.com\\\/ca\\\/respostes-de-salut\\\/salut\\\/ibuprofen\\\/\"},\"wordCount\":1010,\"publisher\":{\"@id\":\"https:\\\/\\\/www.ecoceutics.com\\\/ca\\\/#organization\"},\"image\":{\"@id\":\"https:\\\/\\\/www.ecoceutics.com\\\/ca\\\/respostes-de-salut\\\/salut\\\/ibuprofen\\\/#primaryimage\"},\"thumbnailUrl\":\"https:\\\/\\\/www.ecoceutics.com\\\/wp-content\\\/uploads\\\/2021\\\/09\\\/Plantilla_FOTOS-EXTERIOR-POST-4-13.jpg\",\"articleSection\":[\"Respostes de salut\",\"Salut\"],\"inLanguage\":\"ca\"},{\"@type\":\"WebPage\",\"@id\":\"https:\\\/\\\/www.ecoceutics.com\\\/ca\\\/respostes-de-salut\\\/salut\\\/ibuprofen\\\/\",\"url\":\"https:\\\/\\\/www.ecoceutics.com\\\/ca\\\/respostes-de-salut\\\/salut\\\/ibuprofen\\\/\",\"name\":\"Qu\u00e8 \u00e9s l'ibuprofen? Quan s'ha de prendre? | farm\u00e0cies ecoceutics\",\"isPartOf\":{\"@id\":\"https:\\\/\\\/www.ecoceutics.com\\\/ca\\\/#website\"},\"primaryImageOfPage\":{\"@id\":\"https:\\\/\\\/www.ecoceutics.com\\\/ca\\\/respostes-de-salut\\\/salut\\\/ibuprofen\\\/#primaryimage\"},\"image\":{\"@id\":\"https:\\\/\\\/www.ecoceutics.com\\\/ca\\\/respostes-de-salut\\\/salut\\\/ibuprofen\\\/#primaryimage\"},\"thumbnailUrl\":\"https:\\\/\\\/www.ecoceutics.com\\\/wp-content\\\/uploads\\\/2021\\\/09\\\/Plantilla_FOTOS-EXTERIOR-POST-4-13.jpg\",\"datePublished\":\"2021-02-07T23:00:00+00:00\",\"dateModified\":\"2021-12-23T10:30:04+00:00\",\"description\":\"Estem acostumats a prendre ibuprof\u00e8n per a gaireb\u00e9 tots els mals que ens atribueixen. Per\u00f2, quan s'ha de prendre i quan no?\",\"breadcrumb\":{\"@id\":\"https:\\\/\\\/www.ecoceutics.com\\\/ca\\\/respostes-de-salut\\\/salut\\\/ibuprofen\\\/#breadcrumb\"},\"inLanguage\":\"ca\",\"potentialAction\":[{\"@type\":\"ReadAction\",\"target\":[\"https:\\\/\\\/www.ecoceutics.com\\\/ca\\\/respostes-de-salut\\\/salut\\\/ibuprofen\\\/\"]}]},{\"@type\":\"ImageObject\",\"inLanguage\":\"ca\",\"@id\":\"https:\\\/\\\/www.ecoceutics.com\\\/ca\\\/respostes-de-salut\\\/salut\\\/ibuprofen\\\/#primaryimage\",\"url\":\"https:\\\/\\\/www.ecoceutics.com\\\/wp-content\\\/uploads\\\/2021\\\/09\\\/Plantilla_FOTOS-EXTERIOR-POST-4-13.jpg\",\"contentUrl\":\"https:\\\/\\\/www.ecoceutics.com\\\/wp-content\\\/uploads\\\/2021\\\/09\\\/Plantilla_FOTOS-EXTERIOR-POST-4-13.jpg\",\"width\":800,\"height\":800},{\"@type\":\"BreadcrumbList\",\"@id\":\"https:\\\/\\\/www.ecoceutics.com\\\/ca\\\/respostes-de-salut\\\/salut\\\/ibuprofen\\\/#breadcrumb\",\"itemListElement\":[{\"@type\":\"ListItem\",\"position\":1,\"name\":\"Portada\",\"item\":\"https:\\\/\\\/www.ecoceutics.com\\\/ca\\\/\"},{\"@type\":\"ListItem\",\"position\":2,\"name\":\"Qu\u00e8 \u00e9s l&#8217;ibuprof\u00e8n?\"}]},{\"@type\":\"WebSite\",\"@id\":\"https:\\\/\\\/www.ecoceutics.com\\\/ca\\\/#website\",\"url\":\"https:\\\/\\\/www.ecoceutics.com\\\/ca\\\/\",\"name\":\"ecoceutics\",\"description\":\"Primera red de farmacias independientes bajo una marca\",\"publisher\":{\"@id\":\"https:\\\/\\\/www.ecoceutics.com\\\/ca\\\/#organization\"},\"potentialAction\":[{\"@type\":\"SearchAction\",\"target\":{\"@type\":\"EntryPoint\",\"urlTemplate\":\"https:\\\/\\\/www.ecoceutics.com\\\/ca\\\/?s={search_term_string}\"},\"query-input\":{\"@type\":\"PropertyValueSpecification\",\"valueRequired\":true,\"valueName\":\"search_term_string\"}}],\"inLanguage\":\"ca\"},{\"@type\":\"Organization\",\"@id\":\"https:\\\/\\\/www.ecoceutics.com\\\/ca\\\/#organization\",\"name\":\"Ecoceutics\",\"url\":\"https:\\\/\\\/www.ecoceutics.com\\\/ca\\\/\",\"logo\":{\"@type\":\"ImageObject\",\"inLanguage\":\"ca\",\"@id\":\"https:\\\/\\\/www.ecoceutics.com\\\/ca\\\/#\\\/schema\\\/logo\\\/image\\\/\",\"url\":\"https:\\\/\\\/www.ecoceutics.com\\\/wp-content\\\/uploads\\\/2022\\\/02\\\/Logo-Ecoceutics-SVG-01-1.svg\",\"contentUrl\":\"https:\\\/\\\/www.ecoceutics.com\\\/wp-content\\\/uploads\\\/2022\\\/02\\\/Logo-Ecoceutics-SVG-01-1.svg\",\"width\":232,\"height\":68,\"caption\":\"Ecoceutics\"},\"image\":{\"@id\":\"https:\\\/\\\/www.ecoceutics.com\\\/ca\\\/#\\\/schema\\\/logo\\\/image\\\/\"}},{\"@type\":\"Person\",\"@id\":\"https:\\\/\\\/www.ecoceutics.com\\\/ca\\\/#\\\/schema\\\/person\\\/1ea99343a86784e00a52c8744dfc7d83\",\"name\":\"Lorena Crosa\",\"image\":{\"@type\":\"ImageObject\",\"inLanguage\":\"ca\",\"@id\":\"https:\\\/\\\/www.ecoceutics.com\\\/wp-content\\\/uploads\\\/2024\\\/03\\\/Lorena-Crosa-100x100.jpg\",\"url\":\"https:\\\/\\\/www.ecoceutics.com\\\/wp-content\\\/uploads\\\/2024\\\/03\\\/Lorena-Crosa-100x100.jpg\",\"contentUrl\":\"https:\\\/\\\/www.ecoceutics.com\\\/wp-content\\\/uploads\\\/2024\\\/03\\\/Lorena-Crosa-100x100.jpg\",\"caption\":\"Lorena Crosa\"}}]}<\/script>\n<!-- \/ Yoast SEO plugin. -->","yoast_head_json":{"title":"Qu\u00e8 \u00e9s l'ibuprofen? Quan s'ha de prendre? | farm\u00e0cies ecoceutics","description":"Estem acostumats a prendre ibuprof\u00e8n per a gaireb\u00e9 tots els mals que ens atribueixen. Per\u00f2, quan s'ha de prendre i quan no?","robots":{"index":"index","follow":"follow","max-snippet":"max-snippet:-1","max-image-preview":"max-image-preview:large","max-video-preview":"max-video-preview:-1"},"canonical":"https:\/\/www.ecoceutics.com\/ca\/respostes-de-salut\/salut\/ibuprofen\/","og_locale":"ca_ES","og_type":"article","og_title":"Qu\u00e8 \u00e9s l'ibuprofen? Quan s'ha de prendre? | farm\u00e0cies ecoceutics","og_description":"Estem acostumats a prendre ibuprof\u00e8n per a gaireb\u00e9 tots els mals que ens atribueixen. Per\u00f2, quan s'ha de prendre i quan no?","og_url":"https:\/\/www.ecoceutics.com\/ca\/respostes-de-salut\/salut\/ibuprofen\/","og_site_name":"ecoceutics","article_published_time":"2021-02-07T23:00:00+00:00","article_modified_time":"2021-12-23T10:30:04+00:00","og_image":[{"width":800,"height":800,"url":"https:\/\/www.ecoceutics.com\/wp-content\/uploads\/2021\/09\/Plantilla_FOTOS-EXTERIOR-POST-4-13.jpg","type":"image\/png"}],"author":"Lorena Crosa","twitter_card":"summary_large_image","twitter_misc":{"Escrit per":"Lorena Crosa","Temps estimat de lectura":"4 minuts"},"schema":{"@context":"https:\/\/schema.org","@graph":[{"@type":"Article","@id":"https:\/\/www.ecoceutics.com\/ca\/respostes-de-salut\/salut\/ibuprofen\/#article","isPartOf":{"@id":"https:\/\/www.ecoceutics.com\/ca\/respostes-de-salut\/salut\/ibuprofen\/"},"author":{"name":"Lorena Crosa","@id":"https:\/\/www.ecoceutics.com\/ca\/#\/schema\/person\/1ea99343a86784e00a52c8744dfc7d83"},"headline":"Qu\u00e8 \u00e9s l&#8217;ibuprof\u00e8n?","datePublished":"2021-02-07T23:00:00+00:00","dateModified":"2021-12-23T10:30:04+00:00","mainEntityOfPage":{"@id":"https:\/\/www.ecoceutics.com\/ca\/respostes-de-salut\/salut\/ibuprofen\/"},"wordCount":1010,"publisher":{"@id":"https:\/\/www.ecoceutics.com\/ca\/#organization"},"image":{"@id":"https:\/\/www.ecoceutics.com\/ca\/respostes-de-salut\/salut\/ibuprofen\/#primaryimage"},"thumbnailUrl":"https:\/\/www.ecoceutics.com\/wp-content\/uploads\/2021\/09\/Plantilla_FOTOS-EXTERIOR-POST-4-13.jpg","articleSection":["Respostes de salut","Salut"],"inLanguage":"ca"},{"@type":"WebPage","@id":"https:\/\/www.ecoceutics.com\/ca\/respostes-de-salut\/salut\/ibuprofen\/","url":"https:\/\/www.ecoceutics.com\/ca\/respostes-de-salut\/salut\/ibuprofen\/","name":"Qu\u00e8 \u00e9s l'ibuprofen? Quan s'ha de prendre? | farm\u00e0cies ecoceutics","isPartOf":{"@id":"https:\/\/www.ecoceutics.com\/ca\/#website"},"primaryImageOfPage":{"@id":"https:\/\/www.ecoceutics.com\/ca\/respostes-de-salut\/salut\/ibuprofen\/#primaryimage"},"image":{"@id":"https:\/\/www.ecoceutics.com\/ca\/respostes-de-salut\/salut\/ibuprofen\/#primaryimage"},"thumbnailUrl":"https:\/\/www.ecoceutics.com\/wp-content\/uploads\/2021\/09\/Plantilla_FOTOS-EXTERIOR-POST-4-13.jpg","datePublished":"2021-02-07T23:00:00+00:00","dateModified":"2021-12-23T10:30:04+00:00","description":"Estem acostumats a prendre ibuprof\u00e8n per a gaireb\u00e9 tots els mals que ens atribueixen. Per\u00f2, quan s'ha de prendre i quan no?","breadcrumb":{"@id":"https:\/\/www.ecoceutics.com\/ca\/respostes-de-salut\/salut\/ibuprofen\/#breadcrumb"},"inLanguage":"ca","potentialAction":[{"@type":"ReadAction","target":["https:\/\/www.ecoceutics.com\/ca\/respostes-de-salut\/salut\/ibuprofen\/"]}]},{"@type":"ImageObject","inLanguage":"ca","@id":"https:\/\/www.ecoceutics.com\/ca\/respostes-de-salut\/salut\/ibuprofen\/#primaryimage","url":"https:\/\/www.ecoceutics.com\/wp-content\/uploads\/2021\/09\/Plantilla_FOTOS-EXTERIOR-POST-4-13.jpg","contentUrl":"https:\/\/www.ecoceutics.com\/wp-content\/uploads\/2021\/09\/Plantilla_FOTOS-EXTERIOR-POST-4-13.jpg","width":800,"height":800},{"@type":"BreadcrumbList","@id":"https:\/\/www.ecoceutics.com\/ca\/respostes-de-salut\/salut\/ibuprofen\/#breadcrumb","itemListElement":[{"@type":"ListItem","position":1,"name":"Portada","item":"https:\/\/www.ecoceutics.com\/ca\/"},{"@type":"ListItem","position":2,"name":"Qu\u00e8 \u00e9s l&#8217;ibuprof\u00e8n?"}]},{"@type":"WebSite","@id":"https:\/\/www.ecoceutics.com\/ca\/#website","url":"https:\/\/www.ecoceutics.com\/ca\/","name":"ecoceutics","description":"Primera red de farmacias independientes bajo una marca","publisher":{"@id":"https:\/\/www.ecoceutics.com\/ca\/#organization"},"potentialAction":[{"@type":"SearchAction","target":{"@type":"EntryPoint","urlTemplate":"https:\/\/www.ecoceutics.com\/ca\/?s={search_term_string}"},"query-input":{"@type":"PropertyValueSpecification","valueRequired":true,"valueName":"search_term_string"}}],"inLanguage":"ca"},{"@type":"Organization","@id":"https:\/\/www.ecoceutics.com\/ca\/#organization","name":"Ecoceutics","url":"https:\/\/www.ecoceutics.com\/ca\/","logo":{"@type":"ImageObject","inLanguage":"ca","@id":"https:\/\/www.ecoceutics.com\/ca\/#\/schema\/logo\/image\/","url":"https:\/\/www.ecoceutics.com\/wp-content\/uploads\/2022\/02\/Logo-Ecoceutics-SVG-01-1.svg","contentUrl":"https:\/\/www.ecoceutics.com\/wp-content\/uploads\/2022\/02\/Logo-Ecoceutics-SVG-01-1.svg","width":232,"height":68,"caption":"Ecoceutics"},"image":{"@id":"https:\/\/www.ecoceutics.com\/ca\/#\/schema\/logo\/image\/"}},{"@type":"Person","@id":"https:\/\/www.ecoceutics.com\/ca\/#\/schema\/person\/1ea99343a86784e00a52c8744dfc7d83","name":"Lorena Crosa","image":{"@type":"ImageObject","inLanguage":"ca","@id":"https:\/\/www.ecoceutics.com\/wp-content\/uploads\/2024\/03\/Lorena-Crosa-100x100.jpg","url":"https:\/\/www.ecoceutics.com\/wp-content\/uploads\/2024\/03\/Lorena-Crosa-100x100.jpg","contentUrl":"https:\/\/www.ecoceutics.com\/wp-content\/uploads\/2024\/03\/Lorena-Crosa-100x100.jpg","caption":"Lorena Crosa"}}]}},"_links":{"self":[{"href":"https:\/\/www.ecoceutics.com\/ca\/wp-json\/wp\/v2\/posts\/16513","targetHints":{"allow":["GET"]}}],"collection":[{"href":"https:\/\/www.ecoceutics.com\/ca\/wp-json\/wp\/v2\/posts"}],"about":[{"href":"https:\/\/www.ecoceutics.com\/ca\/wp-json\/wp\/v2\/types\/post"}],"author":[{"embeddable":true,"href":"https:\/\/www.ecoceutics.com\/ca\/wp-json\/wp\/v2\/users\/4"}],"replies":[{"embeddable":true,"href":"https:\/\/www.ecoceutics.com\/ca\/wp-json\/wp\/v2\/comments?post=16513"}],"version-history":[{"count":0,"href":"https:\/\/www.ecoceutics.com\/ca\/wp-json\/wp\/v2\/posts\/16513\/revisions"}],"wp:featuredmedia":[{"embeddable":true,"href":"https:\/\/www.ecoceutics.com\/ca\/wp-json\/wp\/v2\/media\/17956"}],"wp:attachment":[{"href":"https:\/\/www.ecoceutics.com\/ca\/wp-json\/wp\/v2\/media?parent=16513"}],"wp:term":[{"taxonomy":"category","embeddable":true,"href":"https:\/\/www.ecoceutics.com\/ca\/wp-json\/wp\/v2\/categories?post=16513"},{"taxonomy":"post_tag","embeddable":true,"href":"https:\/\/www.ecoceutics.com\/ca\/wp-json\/wp\/v2\/tags?post=16513"}],"curies":[{"name":"wp","href":"https:\/\/api.w.org\/{rel}","templated":true}]}}