{"id":16515,"date":"2021-02-09T00:00:00","date_gmt":"2021-02-08T23:00:00","guid":{"rendered":"https:\/\/www.ecoceutics.com\/simptomes-ull-sec\/"},"modified":"2023-04-11T15:39:55","modified_gmt":"2023-04-11T13:39:55","slug":"simptomes-ull-sec","status":"publish","type":"post","link":"https:\/\/www.ecoceutics.com\/ca\/respostes-de-salut\/salut\/simptomes-ull-sec\/","title":{"rendered":"S\u00edmptomes de l&#8217;ull sec"},"content":{"rendered":"<p>La s\u00edndrome de l\u2019ull sec es produeix quan hi ha alteracions de la pel\u00b7l\u00edcula lacrimal. Parlem de les generalitats de l\u2019<a href=\"https:\/\/www.ecoceutics.com\/ca\/respostes-de-salut\/salut\/ull-sec\/\">ull sec<\/a> en aquest article\u00a0per\u00f2 ara volem centrar-nos en els s\u00edmptomes. Quins s\u00f3n els s\u00edmptomes de l\u2019ull sec? Com es diferencia d\u2019una conjuntivitis? Com es controlen els s\u00edmptomes de l\u2019ull sec?<\/p>\n<div id=\"ez-toc-container\" class=\"ez-toc-v2_0_82_2 counter-hierarchy ez-toc-counter ez-toc-custom ez-toc-container-direction\">\n<div class=\"ez-toc-title-container\">\n<p class=\"ez-toc-title\" style=\"cursor:inherit\">Contenido de la p\u00e1gina<\/p>\n<span class=\"ez-toc-title-toggle\"><a href=\"#\" class=\"ez-toc-pull-right ez-toc-btn ez-toc-btn-xs ez-toc-btn-default ez-toc-toggle\" aria-label=\"Toggle Table of Content\"><span class=\"ez-toc-js-icon-con\"><span class=\"\"><span class=\"eztoc-hide\" style=\"display:none;\">Toggle<\/span><span class=\"ez-toc-icon-toggle-span\"><svg style=\"fill: #333333;color:#333333\" xmlns=\"http:\/\/www.w3.org\/2000\/svg\" class=\"list-377408\" width=\"20px\" height=\"20px\" viewBox=\"0 0 24 24\" fill=\"none\"><path d=\"M6 6H4v2h2V6zm14 0H8v2h12V6zM4 11h2v2H4v-2zm16 0H8v2h12v-2zM4 16h2v2H4v-2zm16 0H8v2h12v-2z\" fill=\"currentColor\"><\/path><\/svg><svg style=\"fill: #333333;color:#333333\" class=\"arrow-unsorted-368013\" xmlns=\"http:\/\/www.w3.org\/2000\/svg\" width=\"10px\" height=\"10px\" viewBox=\"0 0 24 24\" version=\"1.2\" baseProfile=\"tiny\"><path d=\"M18.2 9.3l-6.2-6.3-6.2 6.3c-.2.2-.3.4-.3.7s.1.5.3.7c.2.2.4.3.7.3h11c.3 0 .5-.1.7-.3.2-.2.3-.5.3-.7s-.1-.5-.3-.7zM5.8 14.7l6.2 6.3 6.2-6.3c.2-.2.3-.5.3-.7s-.1-.5-.3-.7c-.2-.2-.4-.3-.7-.3h-11c-.3 0-.5.1-.7.3-.2.2-.3.5-.3.7s.1.5.3.7z\"\/><\/svg><\/span><\/span><\/span><\/a><\/span><\/div>\n<nav><ul class='ez-toc-list ez-toc-list-level-1 ' ><li class='ez-toc-page-1 ez-toc-heading-level-2'><a class=\"ez-toc-link ez-toc-heading-1\" href=\"https:\/\/www.ecoceutics.com\/ca\/respostes-de-salut\/salut\/simptomes-ull-sec\/#quins-son-els-simptomes-de-lull-sec-mes-frequents\" >Quins s\u00f3n els s\u00edmptomes de l\u2019ull sec m\u00e9s freq\u00fcents?<\/a><\/li><li class='ez-toc-page-1 ez-toc-heading-level-2'><a class=\"ez-toc-link ez-toc-heading-2\" href=\"https:\/\/www.ecoceutics.com\/ca\/respostes-de-salut\/salut\/simptomes-ull-sec\/#tots-els-ulls-secs-tenen-els-mateixos-simptomes\" >Tots els ulls secs tenen els mateixos s\u00edmptomes?<\/a><\/li><li class='ez-toc-page-1 ez-toc-heading-level-2'><a class=\"ez-toc-link ez-toc-heading-3\" href=\"https:\/\/www.ecoceutics.com\/ca\/respostes-de-salut\/salut\/simptomes-ull-sec\/#hi-ha-algun-simptoma-dull-sec-que-sigui-especific\" >Hi ha algun s\u00edmptoma d\u2019ull sec que sigui espec\u00edfic?<\/a><\/li><li class='ez-toc-page-1 ez-toc-heading-level-2'><a class=\"ez-toc-link ez-toc-heading-4\" href=\"https:\/\/www.ecoceutics.com\/ca\/respostes-de-salut\/salut\/simptomes-ull-sec\/#com-puc-alleujar-els-simptomes-dun-ull-sec\" >Com puc alleujar els s\u00edmptomes d\u2019un ull sec?<\/a><\/li><li class='ez-toc-page-1 ez-toc-heading-level-2'><a class=\"ez-toc-link ez-toc-heading-5\" href=\"https:\/\/www.ecoceutics.com\/ca\/respostes-de-salut\/salut\/simptomes-ull-sec\/#quan-haig-de-veure-al-metge-per-simptomes-dull-sec\" >Quan haig de veure al metge per s\u00edmptomes d\u2019ull sec?<\/a><\/li><\/ul><\/nav><\/div>\n<h2><span class=\"ez-toc-section\" id=\"quins-son-els-simptomes-de-lull-sec-mes-frequents\"><\/span>Quins s\u00f3n els s\u00edmptomes de l\u2019ull sec m\u00e9s freq\u00fcents?<span class=\"ez-toc-section-end\"><\/span><\/h2>\n<p>Entre els s\u00edmptomes de l\u2019ull sec trobem:<\/p>\n<ul>\n<li>Sensaci\u00f3 de cos estrany.<\/li>\n<li>Sensaci\u00f3 de sorra a l\u2019interior dels ulls.<\/li>\n<li>Fotof\u00f2bia (augment de la sensibilitat a la llum).<\/li>\n<li>Dolor ocular.<\/li>\n<li>Sensaci\u00f3 de co\u00efssor.<\/li>\n<li>Enrogiment de la conjuntiva (la part blanca de l\u2019ull).<\/li>\n<li>Llagrimeig reflex enfront d\u2019est\u00edmuls molt lleugers que normalment no farien plorar com el vent, el fred, o per\u00edodes intensos de lectura.<\/li>\n<li>Intoler\u00e0ncia a les lents de contacte.<\/li>\n<li>Problemes visuals que milloren amb el parpelleig. Llegir, enfocar pantalles o conduir de nit s\u00f3n algunes de les activitats afectades per la s\u00edndrome ull sec.<\/li>\n<\/ul>\n<p>Els s\u00edmptomes poden agreujar-se quan l\u2019ambient est\u00e0 molt sec o carregat de fum. La calefacci\u00f3 i l\u2019aire condicionat tampoc ajuden, ja que augmenten la sequedat de l\u2019aire ambiental.L\u2019ull sec no cursa amb picor intensa (pot picar alguna cosa) ni amb secrecions verda-groguenques, com s\u00ed que ho fan les al\u00b7l\u00e8rgies i les conjuntivitis bacterianes.<\/p>\n<h2><span class=\"ez-toc-section\" id=\"tots-els-ulls-secs-tenen-els-mateixos-simptomes\"><\/span>Tots els ulls secs tenen els mateixos s\u00edmptomes?<span class=\"ez-toc-section-end\"><\/span><\/h2>\n<p>No, els quadres varien entre els diferents casos. Els s\u00edmptomes depenen de la causa i de la gravetat de la sequedat. Els casos m\u00e9s lleus cursen amb mol\u00e8sties i picors que van i v\u00e9nen, i solen millorar amb el parpelleig, mentre que els casos m\u00e9s severs cursen amb mol\u00e8sties cont\u00ednues. Alguns quadres cursen amb empitjorament durant el mat\u00ed, mentre que uns altres empitjoren a la tarda. Tamb\u00e9 hi ha pacients que no poden\u00a0llagrimejar, perqu\u00e8 han perdut la capacitat de produir ll\u00e0grimes. El quadre complet dependr\u00e0 fortament de la causa que est\u00e0 darrere de l\u2019ull sec.<\/p>\n<p>\u00c9s important que tinguis present detalls com la freq\u00fc\u00e8ncia i la intensitat de les mol\u00e8sties perqu\u00e8 la informaci\u00f3 dels teus s\u00edmptomes, juntament amb una s\u00e8rie de proves que fa l\u2019oftalm\u00f2leg, permetr\u00e0 el diagn\u00f2stic del teu problema.<\/p>\n<h2><span class=\"ez-toc-section\" id=\"hi-ha-algun-simptoma-dull-sec-que-sigui-especific\"><\/span>Hi ha algun s\u00edmptoma d\u2019ull sec que sigui espec\u00edfic?<span class=\"ez-toc-section-end\"><\/span><\/h2>\n<p>Si mires la llista veur\u00e0s molts s\u00edmptomes que s\u00f3n comuns a altres malalties oculars. Una conjuntivitis pot fer mal, o l\u2019edat pot donar problemes visuals. \u00c9s el conjunt dels s\u00edmptomes que presentes, juntament amb l\u2019exist\u00e8ncia de factors de risc, els que orienten a l\u2019ull sec.<\/p>\n<h2><span class=\"ez-toc-section\" id=\"com-puc-alleujar-els-simptomes-dun-ull-sec\"><\/span>Com puc alleujar els s\u00edmptomes d\u2019un ull sec?<span class=\"ez-toc-section-end\"><\/span><\/h2>\n<p>En la farm\u00e0cia podem indicar-te algun col\u00b7liri hidratant si les teves mol\u00e8sties apunten cap a un cas d\u2019ull sec lleu, per\u00f2 el diagn\u00f2stic definitiu i el tractament de casos m\u00e9s severs els far\u00e0 l\u2019oftalm\u00f2leg. El teu farmac\u00e8utic de confian\u00e7a sabr\u00e0 escoltar-te i ajudar-te amb els teus s\u00edmptomes, i et derivar\u00e0 al metge si ho considera adequat.<\/p>\n<h2><span class=\"ez-toc-section\" id=\"quan-haig-de-veure-al-metge-per-simptomes-dull-sec\"><\/span>Quan haig de veure al metge per s\u00edmptomes d\u2019ull sec?<span class=\"ez-toc-section-end\"><\/span><\/h2>\n<p>Hi ha algunes situacions amb s\u00edmptomes d\u2019ull sec en les quals has de visitar al metge:<\/p>\n<ul>\n<li>Nens menors de\u00a06\u00a0anys.<\/li>\n<li>Adults majors de\u00a075\u00a0anys.<\/li>\n<li>Sospita de sequedat\u00a0iatrog\u00e8nica\u00a0(efecte advers d\u2019un medicament).<\/li>\n<li>Patologia ocular pr\u00e8via.<\/li>\n<li>S\u00edmptomes que duren m\u00e9s d\u2019una setmana.<\/li>\n<li>S\u00edmptomes que no milloren despr\u00e9s de 3-4 dies usant ll\u00e0grimes artificials a demanda.<\/li>\n<li>Dolor intens.<\/li>\n<li>S\u00edmptomes d\u2019ull sec m\u00e9s\u00a0supuraci\u00f3.<\/li>\n<li>Visi\u00f3 borrosa o alterada, particularment si no millora en afegir les ll\u00e0grimes artificials.<\/li>\n<\/ul>\n","protected":false},"excerpt":{"rendered":"<p>La s\u00edndrome de l\u2019ull sec es produeix quan hi ha alteracions de la pel\u00b7l\u00edcula lacrimal. Parlem de les generalitats de l\u2019ull sec en aquest article\u00a0per\u00f2 ara volem centrar-nos en els s\u00edmptomes. Quins s\u00f3n els s\u00edmptomes de l\u2019ull sec? Com es diferencia d\u2019una conjuntivitis? Com es controlen els s\u00edmptomes de l\u2019ull sec? Quins s\u00f3n els s\u00edmptomes [&hellip;]<\/p>\n","protected":false},"author":4,"featured_media":19696,"comment_status":"closed","ping_status":"closed","sticky":false,"template":"","format":"standard","meta":{"_acf_changed":false,"inline_featured_image":false,"_mbp_gutenberg_autopost":false,"footnotes":""},"categories":[4,1],"tags":[],"class_list":["post-16515","post","type-post","status-publish","format-standard","has-post-thumbnail","hentry","category-respostes-de-salut","category-salut"],"acf":[],"yoast_head":"<!-- This site is optimized with the Yoast SEO plugin v27.5 - https:\/\/yoast.com\/product\/yoast-seo-wordpress\/ -->\n<title>Quins s\u00f3n els s\u00edmptomes de l&#039;ull sec? | farm\u00e0cies ecoceutics<\/title>\n<meta name=\"description\" content=\"Quins s\u00f3n els s\u00edmptomes de l&#039;ull sec? Com es diferencia d&#039;una conjuntivitis? Com es controlen els s\u00edmptomes de l&#039;ull sec?\" \/>\n<meta name=\"robots\" content=\"index, follow, max-snippet:-1, max-image-preview:large, max-video-preview:-1\" \/>\n<link rel=\"canonical\" href=\"https:\/\/www.ecoceutics.com\/ca\/respostes-de-salut\/salut\/simptomes-ull-sec\/\" \/>\n<meta property=\"og:locale\" content=\"ca_ES\" \/>\n<meta property=\"og:type\" content=\"article\" \/>\n<meta property=\"og:title\" content=\"Quins s\u00f3n els s\u00edmptomes de l&#039;ull sec? | farm\u00e0cies ecoceutics\" \/>\n<meta property=\"og:description\" content=\"Quins s\u00f3n els s\u00edmptomes de l&#039;ull sec? Com es diferencia d&#039;una conjuntivitis? Com es controlen els s\u00edmptomes de l&#039;ull sec?\" \/>\n<meta property=\"og:url\" content=\"https:\/\/www.ecoceutics.com\/ca\/respostes-de-salut\/salut\/simptomes-ull-sec\/\" \/>\n<meta property=\"og:site_name\" content=\"ecoceutics\" \/>\n<meta property=\"article:published_time\" content=\"2021-02-08T23:00:00+00:00\" \/>\n<meta property=\"article:modified_time\" content=\"2023-04-11T13:39:55+00:00\" \/>\n<meta property=\"og:image\" content=\"https:\/\/www.ecoceutics.com\/wp-content\/uploads\/2021\/02\/Foto_sintomas-ojo-seco.jpg\" \/>\n\t<meta property=\"og:image:width\" content=\"720\" \/>\n\t<meta property=\"og:image:height\" content=\"400\" \/>\n\t<meta property=\"og:image:type\" content=\"image\/jpeg\" \/>\n<meta name=\"author\" content=\"Lorena Crosa\" \/>\n<meta name=\"twitter:card\" content=\"summary_large_image\" \/>\n<meta name=\"twitter:label1\" content=\"Escrit per\" \/>\n\t<meta name=\"twitter:data1\" content=\"Lorena Crosa\" \/>\n\t<meta name=\"twitter:label2\" content=\"Temps estimat de lectura\" \/>\n\t<meta name=\"twitter:data2\" content=\"3 minuts\" \/>\n<script type=\"application\/ld+json\" class=\"yoast-schema-graph\">{\"@context\":\"https:\\\/\\\/schema.org\",\"@graph\":[{\"@type\":\"Article\",\"@id\":\"https:\\\/\\\/www.ecoceutics.com\\\/ca\\\/respostes-de-salut\\\/salut\\\/simptomes-ull-sec\\\/#article\",\"isPartOf\":{\"@id\":\"https:\\\/\\\/www.ecoceutics.com\\\/ca\\\/respostes-de-salut\\\/salut\\\/simptomes-ull-sec\\\/\"},\"author\":{\"name\":\"Lorena Crosa\",\"@id\":\"https:\\\/\\\/www.ecoceutics.com\\\/ca\\\/#\\\/schema\\\/person\\\/1ea99343a86784e00a52c8744dfc7d83\"},\"headline\":\"S\u00edmptomes de l&#8217;ull sec\",\"datePublished\":\"2021-02-08T23:00:00+00:00\",\"dateModified\":\"2023-04-11T13:39:55+00:00\",\"mainEntityOfPage\":{\"@id\":\"https:\\\/\\\/www.ecoceutics.com\\\/ca\\\/respostes-de-salut\\\/salut\\\/simptomes-ull-sec\\\/\"},\"wordCount\":649,\"publisher\":{\"@id\":\"https:\\\/\\\/www.ecoceutics.com\\\/ca\\\/#organization\"},\"image\":{\"@id\":\"https:\\\/\\\/www.ecoceutics.com\\\/ca\\\/respostes-de-salut\\\/salut\\\/simptomes-ull-sec\\\/#primaryimage\"},\"thumbnailUrl\":\"https:\\\/\\\/www.ecoceutics.com\\\/wp-content\\\/uploads\\\/2021\\\/02\\\/Foto_sintomas-ojo-seco.jpg\",\"articleSection\":[\"Respostes de salut\",\"Salut\"],\"inLanguage\":\"ca\"},{\"@type\":\"WebPage\",\"@id\":\"https:\\\/\\\/www.ecoceutics.com\\\/ca\\\/respostes-de-salut\\\/salut\\\/simptomes-ull-sec\\\/\",\"url\":\"https:\\\/\\\/www.ecoceutics.com\\\/ca\\\/respostes-de-salut\\\/salut\\\/simptomes-ull-sec\\\/\",\"name\":\"Quins s\u00f3n els s\u00edmptomes de l'ull sec? | farm\u00e0cies ecoceutics\",\"isPartOf\":{\"@id\":\"https:\\\/\\\/www.ecoceutics.com\\\/ca\\\/#website\"},\"primaryImageOfPage\":{\"@id\":\"https:\\\/\\\/www.ecoceutics.com\\\/ca\\\/respostes-de-salut\\\/salut\\\/simptomes-ull-sec\\\/#primaryimage\"},\"image\":{\"@id\":\"https:\\\/\\\/www.ecoceutics.com\\\/ca\\\/respostes-de-salut\\\/salut\\\/simptomes-ull-sec\\\/#primaryimage\"},\"thumbnailUrl\":\"https:\\\/\\\/www.ecoceutics.com\\\/wp-content\\\/uploads\\\/2021\\\/02\\\/Foto_sintomas-ojo-seco.jpg\",\"datePublished\":\"2021-02-08T23:00:00+00:00\",\"dateModified\":\"2023-04-11T13:39:55+00:00\",\"description\":\"Quins s\u00f3n els s\u00edmptomes de l'ull sec? Com es diferencia d'una conjuntivitis? Com es controlen els s\u00edmptomes de l'ull sec?\",\"breadcrumb\":{\"@id\":\"https:\\\/\\\/www.ecoceutics.com\\\/ca\\\/respostes-de-salut\\\/salut\\\/simptomes-ull-sec\\\/#breadcrumb\"},\"inLanguage\":\"ca\",\"potentialAction\":[{\"@type\":\"ReadAction\",\"target\":[\"https:\\\/\\\/www.ecoceutics.com\\\/ca\\\/respostes-de-salut\\\/salut\\\/simptomes-ull-sec\\\/\"]}]},{\"@type\":\"ImageObject\",\"inLanguage\":\"ca\",\"@id\":\"https:\\\/\\\/www.ecoceutics.com\\\/ca\\\/respostes-de-salut\\\/salut\\\/simptomes-ull-sec\\\/#primaryimage\",\"url\":\"https:\\\/\\\/www.ecoceutics.com\\\/wp-content\\\/uploads\\\/2021\\\/02\\\/Foto_sintomas-ojo-seco.jpg\",\"contentUrl\":\"https:\\\/\\\/www.ecoceutics.com\\\/wp-content\\\/uploads\\\/2021\\\/02\\\/Foto_sintomas-ojo-seco.jpg\",\"width\":720,\"height\":400},{\"@type\":\"BreadcrumbList\",\"@id\":\"https:\\\/\\\/www.ecoceutics.com\\\/ca\\\/respostes-de-salut\\\/salut\\\/simptomes-ull-sec\\\/#breadcrumb\",\"itemListElement\":[{\"@type\":\"ListItem\",\"position\":1,\"name\":\"Portada\",\"item\":\"https:\\\/\\\/www.ecoceutics.com\\\/ca\\\/\"},{\"@type\":\"ListItem\",\"position\":2,\"name\":\"S\u00edmptomes de l&#8217;ull sec\"}]},{\"@type\":\"WebSite\",\"@id\":\"https:\\\/\\\/www.ecoceutics.com\\\/ca\\\/#website\",\"url\":\"https:\\\/\\\/www.ecoceutics.com\\\/ca\\\/\",\"name\":\"ecoceutics\",\"description\":\"Primera red de farmacias independientes bajo una marca\",\"publisher\":{\"@id\":\"https:\\\/\\\/www.ecoceutics.com\\\/ca\\\/#organization\"},\"potentialAction\":[{\"@type\":\"SearchAction\",\"target\":{\"@type\":\"EntryPoint\",\"urlTemplate\":\"https:\\\/\\\/www.ecoceutics.com\\\/ca\\\/?s={search_term_string}\"},\"query-input\":{\"@type\":\"PropertyValueSpecification\",\"valueRequired\":true,\"valueName\":\"search_term_string\"}}],\"inLanguage\":\"ca\"},{\"@type\":\"Organization\",\"@id\":\"https:\\\/\\\/www.ecoceutics.com\\\/ca\\\/#organization\",\"name\":\"Ecoceutics\",\"url\":\"https:\\\/\\\/www.ecoceutics.com\\\/ca\\\/\",\"logo\":{\"@type\":\"ImageObject\",\"inLanguage\":\"ca\",\"@id\":\"https:\\\/\\\/www.ecoceutics.com\\\/ca\\\/#\\\/schema\\\/logo\\\/image\\\/\",\"url\":\"https:\\\/\\\/www.ecoceutics.com\\\/wp-content\\\/uploads\\\/2022\\\/02\\\/Logo-Ecoceutics-SVG-01-1.svg\",\"contentUrl\":\"https:\\\/\\\/www.ecoceutics.com\\\/wp-content\\\/uploads\\\/2022\\\/02\\\/Logo-Ecoceutics-SVG-01-1.svg\",\"width\":232,\"height\":68,\"caption\":\"Ecoceutics\"},\"image\":{\"@id\":\"https:\\\/\\\/www.ecoceutics.com\\\/ca\\\/#\\\/schema\\\/logo\\\/image\\\/\"}},{\"@type\":\"Person\",\"@id\":\"https:\\\/\\\/www.ecoceutics.com\\\/ca\\\/#\\\/schema\\\/person\\\/1ea99343a86784e00a52c8744dfc7d83\",\"name\":\"Lorena Crosa\",\"image\":{\"@type\":\"ImageObject\",\"inLanguage\":\"ca\",\"@id\":\"https:\\\/\\\/www.ecoceutics.com\\\/wp-content\\\/uploads\\\/2024\\\/03\\\/Lorena-Crosa-100x100.jpg\",\"url\":\"https:\\\/\\\/www.ecoceutics.com\\\/wp-content\\\/uploads\\\/2024\\\/03\\\/Lorena-Crosa-100x100.jpg\",\"contentUrl\":\"https:\\\/\\\/www.ecoceutics.com\\\/wp-content\\\/uploads\\\/2024\\\/03\\\/Lorena-Crosa-100x100.jpg\",\"caption\":\"Lorena Crosa\"}}]}<\/script>\n<!-- \/ Yoast SEO plugin. -->","yoast_head_json":{"title":"Quins s\u00f3n els s\u00edmptomes de l'ull sec? | farm\u00e0cies ecoceutics","description":"Quins s\u00f3n els s\u00edmptomes de l'ull sec? Com es diferencia d'una conjuntivitis? Com es controlen els s\u00edmptomes de l'ull sec?","robots":{"index":"index","follow":"follow","max-snippet":"max-snippet:-1","max-image-preview":"max-image-preview:large","max-video-preview":"max-video-preview:-1"},"canonical":"https:\/\/www.ecoceutics.com\/ca\/respostes-de-salut\/salut\/simptomes-ull-sec\/","og_locale":"ca_ES","og_type":"article","og_title":"Quins s\u00f3n els s\u00edmptomes de l'ull sec? | farm\u00e0cies ecoceutics","og_description":"Quins s\u00f3n els s\u00edmptomes de l'ull sec? Com es diferencia d'una conjuntivitis? Com es controlen els s\u00edmptomes de l'ull sec?","og_url":"https:\/\/www.ecoceutics.com\/ca\/respostes-de-salut\/salut\/simptomes-ull-sec\/","og_site_name":"ecoceutics","article_published_time":"2021-02-08T23:00:00+00:00","article_modified_time":"2023-04-11T13:39:55+00:00","og_image":[{"width":720,"height":400,"url":"https:\/\/www.ecoceutics.com\/wp-content\/uploads\/2021\/02\/Foto_sintomas-ojo-seco.jpg","type":"image\/jpeg"}],"author":"Lorena Crosa","twitter_card":"summary_large_image","twitter_misc":{"Escrit per":"Lorena Crosa","Temps estimat de lectura":"3 minuts"},"schema":{"@context":"https:\/\/schema.org","@graph":[{"@type":"Article","@id":"https:\/\/www.ecoceutics.com\/ca\/respostes-de-salut\/salut\/simptomes-ull-sec\/#article","isPartOf":{"@id":"https:\/\/www.ecoceutics.com\/ca\/respostes-de-salut\/salut\/simptomes-ull-sec\/"},"author":{"name":"Lorena Crosa","@id":"https:\/\/www.ecoceutics.com\/ca\/#\/schema\/person\/1ea99343a86784e00a52c8744dfc7d83"},"headline":"S\u00edmptomes de l&#8217;ull sec","datePublished":"2021-02-08T23:00:00+00:00","dateModified":"2023-04-11T13:39:55+00:00","mainEntityOfPage":{"@id":"https:\/\/www.ecoceutics.com\/ca\/respostes-de-salut\/salut\/simptomes-ull-sec\/"},"wordCount":649,"publisher":{"@id":"https:\/\/www.ecoceutics.com\/ca\/#organization"},"image":{"@id":"https:\/\/www.ecoceutics.com\/ca\/respostes-de-salut\/salut\/simptomes-ull-sec\/#primaryimage"},"thumbnailUrl":"https:\/\/www.ecoceutics.com\/wp-content\/uploads\/2021\/02\/Foto_sintomas-ojo-seco.jpg","articleSection":["Respostes de salut","Salut"],"inLanguage":"ca"},{"@type":"WebPage","@id":"https:\/\/www.ecoceutics.com\/ca\/respostes-de-salut\/salut\/simptomes-ull-sec\/","url":"https:\/\/www.ecoceutics.com\/ca\/respostes-de-salut\/salut\/simptomes-ull-sec\/","name":"Quins s\u00f3n els s\u00edmptomes de l'ull sec? | farm\u00e0cies ecoceutics","isPartOf":{"@id":"https:\/\/www.ecoceutics.com\/ca\/#website"},"primaryImageOfPage":{"@id":"https:\/\/www.ecoceutics.com\/ca\/respostes-de-salut\/salut\/simptomes-ull-sec\/#primaryimage"},"image":{"@id":"https:\/\/www.ecoceutics.com\/ca\/respostes-de-salut\/salut\/simptomes-ull-sec\/#primaryimage"},"thumbnailUrl":"https:\/\/www.ecoceutics.com\/wp-content\/uploads\/2021\/02\/Foto_sintomas-ojo-seco.jpg","datePublished":"2021-02-08T23:00:00+00:00","dateModified":"2023-04-11T13:39:55+00:00","description":"Quins s\u00f3n els s\u00edmptomes de l'ull sec? Com es diferencia d'una conjuntivitis? Com es controlen els s\u00edmptomes de l'ull sec?","breadcrumb":{"@id":"https:\/\/www.ecoceutics.com\/ca\/respostes-de-salut\/salut\/simptomes-ull-sec\/#breadcrumb"},"inLanguage":"ca","potentialAction":[{"@type":"ReadAction","target":["https:\/\/www.ecoceutics.com\/ca\/respostes-de-salut\/salut\/simptomes-ull-sec\/"]}]},{"@type":"ImageObject","inLanguage":"ca","@id":"https:\/\/www.ecoceutics.com\/ca\/respostes-de-salut\/salut\/simptomes-ull-sec\/#primaryimage","url":"https:\/\/www.ecoceutics.com\/wp-content\/uploads\/2021\/02\/Foto_sintomas-ojo-seco.jpg","contentUrl":"https:\/\/www.ecoceutics.com\/wp-content\/uploads\/2021\/02\/Foto_sintomas-ojo-seco.jpg","width":720,"height":400},{"@type":"BreadcrumbList","@id":"https:\/\/www.ecoceutics.com\/ca\/respostes-de-salut\/salut\/simptomes-ull-sec\/#breadcrumb","itemListElement":[{"@type":"ListItem","position":1,"name":"Portada","item":"https:\/\/www.ecoceutics.com\/ca\/"},{"@type":"ListItem","position":2,"name":"S\u00edmptomes de l&#8217;ull sec"}]},{"@type":"WebSite","@id":"https:\/\/www.ecoceutics.com\/ca\/#website","url":"https:\/\/www.ecoceutics.com\/ca\/","name":"ecoceutics","description":"Primera red de farmacias independientes bajo una marca","publisher":{"@id":"https:\/\/www.ecoceutics.com\/ca\/#organization"},"potentialAction":[{"@type":"SearchAction","target":{"@type":"EntryPoint","urlTemplate":"https:\/\/www.ecoceutics.com\/ca\/?s={search_term_string}"},"query-input":{"@type":"PropertyValueSpecification","valueRequired":true,"valueName":"search_term_string"}}],"inLanguage":"ca"},{"@type":"Organization","@id":"https:\/\/www.ecoceutics.com\/ca\/#organization","name":"Ecoceutics","url":"https:\/\/www.ecoceutics.com\/ca\/","logo":{"@type":"ImageObject","inLanguage":"ca","@id":"https:\/\/www.ecoceutics.com\/ca\/#\/schema\/logo\/image\/","url":"https:\/\/www.ecoceutics.com\/wp-content\/uploads\/2022\/02\/Logo-Ecoceutics-SVG-01-1.svg","contentUrl":"https:\/\/www.ecoceutics.com\/wp-content\/uploads\/2022\/02\/Logo-Ecoceutics-SVG-01-1.svg","width":232,"height":68,"caption":"Ecoceutics"},"image":{"@id":"https:\/\/www.ecoceutics.com\/ca\/#\/schema\/logo\/image\/"}},{"@type":"Person","@id":"https:\/\/www.ecoceutics.com\/ca\/#\/schema\/person\/1ea99343a86784e00a52c8744dfc7d83","name":"Lorena Crosa","image":{"@type":"ImageObject","inLanguage":"ca","@id":"https:\/\/www.ecoceutics.com\/wp-content\/uploads\/2024\/03\/Lorena-Crosa-100x100.jpg","url":"https:\/\/www.ecoceutics.com\/wp-content\/uploads\/2024\/03\/Lorena-Crosa-100x100.jpg","contentUrl":"https:\/\/www.ecoceutics.com\/wp-content\/uploads\/2024\/03\/Lorena-Crosa-100x100.jpg","caption":"Lorena Crosa"}}]}},"_links":{"self":[{"href":"https:\/\/www.ecoceutics.com\/ca\/wp-json\/wp\/v2\/posts\/16515","targetHints":{"allow":["GET"]}}],"collection":[{"href":"https:\/\/www.ecoceutics.com\/ca\/wp-json\/wp\/v2\/posts"}],"about":[{"href":"https:\/\/www.ecoceutics.com\/ca\/wp-json\/wp\/v2\/types\/post"}],"author":[{"embeddable":true,"href":"https:\/\/www.ecoceutics.com\/ca\/wp-json\/wp\/v2\/users\/4"}],"replies":[{"embeddable":true,"href":"https:\/\/www.ecoceutics.com\/ca\/wp-json\/wp\/v2\/comments?post=16515"}],"version-history":[{"count":0,"href":"https:\/\/www.ecoceutics.com\/ca\/wp-json\/wp\/v2\/posts\/16515\/revisions"}],"wp:featuredmedia":[{"embeddable":true,"href":"https:\/\/www.ecoceutics.com\/ca\/wp-json\/wp\/v2\/media\/19696"}],"wp:attachment":[{"href":"https:\/\/www.ecoceutics.com\/ca\/wp-json\/wp\/v2\/media?parent=16515"}],"wp:term":[{"taxonomy":"category","embeddable":true,"href":"https:\/\/www.ecoceutics.com\/ca\/wp-json\/wp\/v2\/categories?post=16515"},{"taxonomy":"post_tag","embeddable":true,"href":"https:\/\/www.ecoceutics.com\/ca\/wp-json\/wp\/v2\/tags?post=16515"}],"curies":[{"name":"wp","href":"https:\/\/api.w.org\/{rel}","templated":true}]}}