{"id":16516,"date":"2021-02-12T00:00:00","date_gmt":"2021-02-11T23:00:00","guid":{"rendered":"https:\/\/www.ecoceutics.com\/collagen\/"},"modified":"2023-04-11T17:03:04","modified_gmt":"2023-04-11T15:03:04","slug":"collagen","status":"publish","type":"post","link":"https:\/\/www.ecoceutics.com\/ca\/respostes-de-salut\/vitamines\/collagen\/","title":{"rendered":"Qu\u00e8 \u00e9s el col\u00b7lagen i per a qu\u00e8 serveix?"},"content":{"rendered":"<p>El col\u00b7lagen, o m\u00e9s aviat els col\u00b7l\u00e0gens, s\u00f3n prote\u00efnes estructurals presents en diversos teixits dels mam\u00edfers (i per tant en els humans). S\u2019han estudiat des dels anys&nbsp;\u201940&nbsp;del segle XX i fins ara s\u2019han identificat m\u00e9s de 20 col\u00b7l\u00e0gens diferents en la naturalesa donant suport, estructura, forma i organitzaci\u00f3 a teixits com la pell, els pulmons, els ossos i les articulacions. T\u2019expliquem en aquest article qu\u00e8 \u00e9s el col\u00b7lagen, per a qu\u00e8 serveix, i per qu\u00e8 s\u2019han tornat tan populars (i \u00fatils) els suplements amb col\u00b7lagen.<\/p>\n<div id=\"ez-toc-container\" class=\"ez-toc-v2_0_82_2 counter-hierarchy ez-toc-counter ez-toc-custom ez-toc-container-direction\">\n<div class=\"ez-toc-title-container\">\n<p class=\"ez-toc-title\" style=\"cursor:inherit\">Contenido de la p\u00e1gina<\/p>\n<span class=\"ez-toc-title-toggle\"><a href=\"#\" class=\"ez-toc-pull-right ez-toc-btn ez-toc-btn-xs ez-toc-btn-default ez-toc-toggle\" aria-label=\"Toggle Table of Content\"><span class=\"ez-toc-js-icon-con\"><span class=\"\"><span class=\"eztoc-hide\" style=\"display:none;\">Toggle<\/span><span class=\"ez-toc-icon-toggle-span\"><svg style=\"fill: #333333;color:#333333\" xmlns=\"http:\/\/www.w3.org\/2000\/svg\" class=\"list-377408\" width=\"20px\" height=\"20px\" viewBox=\"0 0 24 24\" fill=\"none\"><path d=\"M6 6H4v2h2V6zm14 0H8v2h12V6zM4 11h2v2H4v-2zm16 0H8v2h12v-2zM4 16h2v2H4v-2zm16 0H8v2h12v-2z\" fill=\"currentColor\"><\/path><\/svg><svg style=\"fill: #333333;color:#333333\" class=\"arrow-unsorted-368013\" xmlns=\"http:\/\/www.w3.org\/2000\/svg\" width=\"10px\" height=\"10px\" viewBox=\"0 0 24 24\" version=\"1.2\" baseProfile=\"tiny\"><path d=\"M18.2 9.3l-6.2-6.3-6.2 6.3c-.2.2-.3.4-.3.7s.1.5.3.7c.2.2.4.3.7.3h11c.3 0 .5-.1.7-.3.2-.2.3-.5.3-.7s-.1-.5-.3-.7zM5.8 14.7l6.2 6.3 6.2-6.3c.2-.2.3-.5.3-.7s-.1-.5-.3-.7c-.2-.2-.4-.3-.7-.3h-11c-.3 0-.5.1-.7.3-.2.2-.3.5-.3.7s.1.5.3.7z\"\/><\/svg><\/span><\/span><\/span><\/a><\/span><\/div>\n<nav><ul class='ez-toc-list ez-toc-list-level-1 ' ><li class='ez-toc-page-1 ez-toc-heading-level-2'><a class=\"ez-toc-link ez-toc-heading-1\" href=\"https:\/\/www.ecoceutics.com\/ca\/respostes-de-salut\/vitamines\/collagen\/#que-es-el-collagen\" >Qu\u00e8 \u00e9s el col\u00b7lagen?<\/a><\/li><li class='ez-toc-page-1 ez-toc-heading-level-2'><a class=\"ez-toc-link ez-toc-heading-2\" href=\"https:\/\/www.ecoceutics.com\/ca\/respostes-de-salut\/vitamines\/collagen\/#per-a-que-serveix-el-collagen\" >Per a qu\u00e8 serveix el col\u00b7lagen?<\/a><\/li><li class='ez-toc-page-1 ez-toc-heading-level-2'><a class=\"ez-toc-link ez-toc-heading-3\" href=\"https:\/\/www.ecoceutics.com\/ca\/respostes-de-salut\/vitamines\/collagen\/#que-passa-quan-alguna-cosa-no-va-be-amb-el-collagen\" >Qu\u00e8 passa quan alguna cosa no va b\u00e9 amb el col\u00b7lagen?<\/a><\/li><li class='ez-toc-page-1 ez-toc-heading-level-2'><a class=\"ez-toc-link ez-toc-heading-4\" href=\"https:\/\/www.ecoceutics.com\/ca\/respostes-de-salut\/vitamines\/collagen\/#per-a-que-es-pot-aprofitar-el-collagen\" >Per a qu\u00e8 es pot aprofitar el col\u00b7lagen?<\/a><\/li><li class='ez-toc-page-1 ez-toc-heading-level-2'><a class=\"ez-toc-link ez-toc-heading-5\" href=\"https:\/\/www.ecoceutics.com\/ca\/respostes-de-salut\/vitamines\/collagen\/#per-a-que-serveixen-els-suplements-de-collagen\" >Per a qu\u00e8 serveixen els suplements de col\u00b7lagen?<\/a><\/li><li class='ez-toc-page-1 ez-toc-heading-level-2'><a class=\"ez-toc-link ez-toc-heading-6\" href=\"https:\/\/www.ecoceutics.com\/ca\/respostes-de-salut\/vitamines\/collagen\/#com-puc-cuidar-el-meu-collagen\" >Com puc cuidar el meu col\u00b7lagen?<\/a><\/li><\/ul><\/nav><\/div>\n<h2><span class=\"ez-toc-section\" id=\"que-es-el-collagen\"><\/span>Qu\u00e8 \u00e9s el col\u00b7lagen?<span class=\"ez-toc-section-end\"><\/span><\/h2>\n<p>Quan parlem de \u00abel col\u00b7lagen\u00bb parlem d\u2019una superfam\u00edlia de prote\u00efnes que compta amb, almenys, 28 membres diferents. Els diferents col\u00b7l\u00e0gens s\u2019identifiquen amb un n\u00famero rom\u00e0 (col\u00b7lagen tipus I, col\u00b7lagen tipus X, etc.). La seq\u00fc\u00e8ncia d\u2019amino\u00e0cids que presenta cada prote\u00efna varia una mica, per\u00f2 en tots els casos \u00e9s particularment rica en els amino\u00e0cids glicina, prolina i hidroxiprolina. A m\u00e9s, tots els col\u00b7l\u00e0gens tenen en com\u00fa la capacitat d\u2019organitzar-se en l\u2019espai formant una triple h\u00e8lix caracter\u00edstica.<\/p>\n<h2><span class=\"ez-toc-section\" id=\"per-a-que-serveix-el-collagen\"><\/span>Per a qu\u00e8 serveix el col\u00b7lagen?<span class=\"ez-toc-section-end\"><\/span><\/h2>\n<p>El col\u00b7lagen d\u00f3na estructura i suport a c\u00e8l\u00b7lules i altres estructures dels teixits. \u00c9s una prote\u00efna extracel\u00b7lular amb una alta capacitat per a deformar-se i tornar a la seva forma habitual, la qual cosa li permet crear un suport sobre els quals altres prote\u00efnes i c\u00e8l\u00b7lules s\u2019assenten i compleixen la seva funci\u00f3. Els diferents col\u00b7l\u00e0gens poden organitzar-se en fibres, en filaments amb arranjaments similars als comptes d\u2019un collaret, en estructures d\u2019ancoratge o en xarxes de diferent entramat. Aquesta organitzaci\u00f3 es mant\u00e9 gr\u00e0cies a enlla\u00e7os qu\u00edmics de major o menor for\u00e7a entre els diferents \u00e0toms del col\u00b7lagen entre si i amb les mol\u00e8cules de l\u2019entorn.<\/p>\n<p>Trobem prote\u00efnes de col\u00b7lagen en la pell, en les articulacions, en els ossos, en els lligaments, en els ulls, en fetge, els ronyons, el sistema nervi\u00f3s i en el teixit connectiu subcutani:<\/p>\n<ul>\n<li>El col\u00b7lagen tipus I \u00e9s el m\u00e9s com\u00fa en pell, ossos, dents, tendons, lligaments i \u00f2rgans interns.<\/li>\n<li>El col\u00b7lagen tipus II est\u00e0 present en els cart\u00edlags.<\/li>\n<li>El col\u00b7lagen tipus III \u00e9s f\u00e0cil de trobar en pell, m\u00fasculs i vasos sanguinis.<\/li>\n<li>El col\u00b7lagen tipus IV en la capa basal del teixit epitelial.<\/li>\n<li>El col\u00b7lagen tipus V es troba en moltes superf\u00edcies de diferents c\u00e8l\u00b7lules i en la placenta.<\/li>\n<\/ul>\n<p>Tamb\u00e9 s\u2019han identificat que hi ha fragments de col\u00b7lagen, \u00e9s a dir, seq\u00fc\u00e8ncies d\u2019amino\u00e0cids provinents del col\u00b7lagen amb activitat biol\u00f2gica. Aquests fragments estan relacionats amb processos inflamatoris, cicatritzaci\u00f3 de ferides o vascularitzaci\u00f3 de teixits.<\/p>\n<h2><span class=\"ez-toc-section\" id=\"que-passa-quan-alguna-cosa-no-va-be-amb-el-collagen\"><\/span>Qu\u00e8 passa quan alguna cosa no va b\u00e9 amb el col\u00b7lagen?<span class=\"ez-toc-section-end\"><\/span><\/h2>\n<p>La s\u00edntesi, el plegament, l\u2019organitzaci\u00f3 i la renovaci\u00f3 del col\u00b7lagen en els diferents teixits s\u00f3n processos acuradament regulats. Quan hi ha \u00aberrors\u00bb en aquests processos es produeixen diferents malalties:<\/p>\n<ul>\n<li>S\u2019han identificat mutacions en els gens implicats en la s\u00edntesi del col\u00b7lagen que desemboquen en malalties com a aneurismes arterials (eixamplaments amb el risc de trencament), certes formes d\u2019artrosis, problemes musculars, fragilitat de la pell i certes formes d\u2019osteoporosis.<\/li>\n<li>Canvis en la relaci\u00f3 de quantitats de col\u00b7lagen I\/col\u00b7lagen III genera canvis en la rigidesa del teixit; a tall d\u2019exemple, un teixit m\u00e9s r\u00edgid pot comprometre la funci\u00f3 del pulm\u00f3 i un teixit molt el\u00e0stic afecta el buidament del cor.<\/li>\n<li>Algunes malalties autoimmunes, com algunes formes d\u2019epiderm\u00f2lisi ampul\u00b7lar adquirida, es generen quan el col\u00b7lagen \u00e9s una diana del sistema immune.<\/li>\n<li>L\u2019entrecreuament entre diferents&nbsp;fibretes&nbsp;\u00e9s el que li d\u00f3na al col\u00b7lagen certa resist\u00e8ncia, per\u00f2 amb l\u2019edat es generen m\u00e9s unions i el col\u00b7lagen es torna m\u00e9s fr\u00e0gil.<\/li>\n<\/ul>\n<h2><span class=\"ez-toc-section\" id=\"per-a-que-es-pot-aprofitar-el-collagen\"><\/span>Per a qu\u00e8 es pot aprofitar el col\u00b7lagen?<span class=\"ez-toc-section-end\"><\/span><\/h2>\n<p>El col\u00b7lagen es pot extreure de diferents teixits de vaca, porc, ovella, conill o peix, sent el de porc un dels m\u00e9s semblants al nostre propi col\u00b7lagen i el de pollastre un dels m\u00e9s comercialitzats. Pot sintetitzar-se de&nbsp;novo, per\u00f2 \u00e9s dif\u00edcil obtenir en laboratori una prote\u00efna amb les mateixes caracter\u00edstiques que les que ja estan en un \u00e9sser viu. Segons com s\u2019extregui i es processi trobem diferents productes:<\/p>\n<ul>\n<li>Col\u00b7lagen natiu. Es parla de col\u00b7lagen natiu quan la mol\u00e8cula s\u2019extreu dels teixits mantenint la seva estructura de triple h\u00e8lix. Els processos extractius s\u00f3n suaus, de manera de poder obtenir una mol\u00e8cula sencera.<\/li>\n<li>Col\u00b7lagen hidrolitzat. El col\u00b7lagen hidrolitzat s\u2019extreu a trav\u00e9s d\u2019un proc\u00e9s en el qual s\u2019obre la triple h\u00e8lix i es trenca la macromol\u00e8cula, generant fragments petits (p\u00e8ptids) amb utilitat biol\u00f2gica. Aquesta hidr\u00f2lisi pot donar productes de diferent activitat biol\u00f2gica, ja que en variar temperatura, enzims i productes amb els quals es fa la hidr\u00f2lisi s\u2019obtenen productes finals diferents, amb diferent poder antioxidant i diferent biodisponibilitat.<\/li>\n<\/ul>\n<p>En el mercat pots trobar productes basats en tots dos tipus de col\u00b7lagen. En la farm\u00e0cia coneixem i treballem molt els suplements alimentosos, per\u00f2 el col\u00b7lagen tamb\u00e9 \u00e9s \u00fatil per a fabricar biomaterials relacionats amb la cura de ferides i tractament de malalties, i en la ind\u00fastria aliment\u00e0ria serveix per a afegir prote\u00efnes a un aliment, per a espessir-lo o per a allargar la seva vida \u00fatil.<\/p>\n<h2><\/h2>\n<h2><span class=\"ez-toc-section\" id=\"per-a-que-serveixen-els-suplements-de-collagen\"><\/span>Per a qu\u00e8 serveixen els suplements de col\u00b7lagen?<span class=\"ez-toc-section-end\"><\/span><\/h2>\n<p>S\u2019ha vist que els suplements de col\u00b7lagen poden resultar d\u2019utilitat a trav\u00e9s d\u2019aquests mecanismes:<\/p>\n<ul>\n<li>Els amino\u00e0cids del col\u00b7lagen hidrolitzat s\u00f3n mat\u00e8ria primera base per a sintetitzar m\u00e9s col\u00b7lagen i elastina, facilitant la s\u00edntesi de prote\u00efnes de la pell.<\/li>\n<li>Els p\u00e8ptids del col\u00b7lagen interactuen amb c\u00e8l\u00b7lules epitelials anomenades fibroblastos i estimulen la s\u00edntesi de col\u00b7lagen, elastina, i \u00e0cid hialur\u00f2nic. Tamb\u00e9 s\u2019ha vist en alguns estudis in vivo i in vitro que els p\u00e8ptids s\u00f3n capa\u00e7os d\u2019estimular c\u00e8l\u00b7lules articulars perqu\u00e8 sintetitzin \u00e0cid hialur\u00f2nic, col\u00b7lagen tipus II i proteoglicans, cosa que podria explicar la utilitat del col\u00b7lagen per a la salut articular.<\/li>\n<li>El col\u00b7lagen natiu indueix toler\u00e0ncia, \u00e9s a dir, evita que el sistema immune desencadeni reaccions inflamat\u00f2ries contra el col\u00b7lagen del nostre propi organisme, cosa que podria estar darrere de la utilitat del col\u00b7lagen per a artrosi o artritis.<\/li>\n<\/ul>\n<p>Malgrat que&nbsp;encara queda molt per investigar respecte al funcionament del col\u00b7lagen, la qual cosa ja sabem serveix de base per a comercialitzar&nbsp;nutric\u00e8utics&nbsp;que milloren l\u2019aspecte de la pell i milloren la qualitat de vida de malalties inflamat\u00f2ries i degeneratives del cart\u00edlag. Per\u00f2 cura, no tots els suplements de col\u00b7lagen donen els mateixos resultats, ja que com vam dir abans, els diferents processos d\u2019obtenci\u00f3 poden donar diferents productes finals. El col\u00b7lagen tipus I \u00e9s el que se sol utilitzar per a vendre desnaturalitzat, mentre que el col\u00b7lagen tipus II es comercialitza nadiu per a malalties articulars. A m\u00e9s, existeixen productes purs i productes combinats per a obtenir m\u00e9s d\u2019un benefici\u2026 El teu farmac\u00e8utic de confian\u00e7a t\u2019ajudar\u00e0 a triar la presentaci\u00f3 que millor s\u2019adapta a les teves necessitats.<\/p>\n<h2><span class=\"ez-toc-section\" id=\"com-puc-cuidar-el-meu-collagen\"><\/span>Com puc cuidar el meu col\u00b7lagen?<span class=\"ez-toc-section-end\"><\/span><\/h2>\n<p>A partir dels&nbsp;40&nbsp;anys el nostre cos perd aproximadament un 1% de col\u00b7lagen per any, i&nbsp;als 80 anys&nbsp;es calcula que es produeix un 75% menys de col\u00b7lagen que en la joventut. L\u2019envelliment \u00e9s un proc\u00e9s natural i no podem evitar-lo del tot, per\u00f2 hi ha alguns factors que poden fer que la p\u00e8rdua de col\u00b7lagen vagi a m\u00e9s:<\/p>\n<ul>\n<li>Tabaquisme.<\/li>\n<li>Alcoholisme.<\/li>\n<li>Dieta deficit\u00e0ria en prote\u00efnes.<\/li>\n<\/ul>\n<p>Controlant aquests factors de risc podem fer que el nostre cos optimitzi la producci\u00f3 i l\u2019aprofitament del col\u00b7lagen que naturalment sintetitza.<\/p>\n","protected":false},"excerpt":{"rendered":"<p>El col\u00b7lagen, o m\u00e9s aviat els col\u00b7l\u00e0gens, s\u00f3n prote\u00efnes estructurals presents en diversos teixits dels mam\u00edfers (i per tant en els humans). S\u2019han estudiat des dels anys&nbsp;\u201940&nbsp;del segle XX i fins ara s\u2019han identificat m\u00e9s de 20 col\u00b7l\u00e0gens diferents en la naturalesa donant suport, estructura, forma i organitzaci\u00f3 a teixits com la pell, els pulmons, [&hellip;]<\/p>\n","protected":false},"author":4,"featured_media":30204,"comment_status":"closed","ping_status":"closed","sticky":false,"template":"","format":"standard","meta":{"_acf_changed":false,"inline_featured_image":false,"_mbp_gutenberg_autopost":false,"footnotes":""},"categories":[4,59],"tags":[],"class_list":["post-16516","post","type-post","status-publish","format-standard","has-post-thumbnail","hentry","category-respostes-de-salut","category-vitamines"],"acf":[],"yoast_head":"<!-- This site is optimized with the Yoast SEO plugin v27.5 - https:\/\/yoast.com\/product\/yoast-seo-wordpress\/ -->\n<title>Qu\u00e8 \u00e9s el col\u00b7lagen i per a qu\u00e8 serveix? | farm\u00e0cies ecoceutics<\/title>\n<meta name=\"description\" content=\"Saps qu\u00e8 \u00e9s el col\u00b7lagen i quines utilitats t\u00e9? El col\u00b7lagen d\u00f3na estructura i suport a c\u00e8l\u00b7lules i altres estructures dels teixits.\" \/>\n<meta name=\"robots\" content=\"index, follow, max-snippet:-1, max-image-preview:large, max-video-preview:-1\" \/>\n<link rel=\"canonical\" href=\"https:\/\/www.ecoceutics.com\/ca\/respostes-de-salut\/vitamines\/collagen\/\" \/>\n<meta property=\"og:locale\" content=\"ca_ES\" \/>\n<meta property=\"og:type\" content=\"article\" \/>\n<meta property=\"og:title\" content=\"Qu\u00e8 \u00e9s el col\u00b7lagen i per a qu\u00e8 serveix? | farm\u00e0cies ecoceutics\" \/>\n<meta property=\"og:description\" content=\"Saps qu\u00e8 \u00e9s el col\u00b7lagen i quines utilitats t\u00e9? El col\u00b7lagen d\u00f3na estructura i suport a c\u00e8l\u00b7lules i altres estructures dels teixits.\" \/>\n<meta property=\"og:url\" content=\"https:\/\/www.ecoceutics.com\/ca\/respostes-de-salut\/vitamines\/collagen\/\" \/>\n<meta property=\"og:site_name\" content=\"ecoceutics\" \/>\n<meta property=\"article:published_time\" content=\"2021-02-11T23:00:00+00:00\" \/>\n<meta property=\"article:modified_time\" content=\"2023-04-11T15:03:04+00:00\" \/>\n<meta property=\"og:image\" content=\"https:\/\/www.ecoceutics.com\/wp-content\/uploads\/2021\/02\/colageno-para-que-sirve.jpeg\" \/>\n\t<meta property=\"og:image:width\" content=\"720\" \/>\n\t<meta property=\"og:image:height\" content=\"400\" \/>\n\t<meta property=\"og:image:type\" content=\"image\/jpeg\" \/>\n<meta name=\"author\" content=\"Lorena Crosa\" \/>\n<meta name=\"twitter:card\" content=\"summary_large_image\" \/>\n<meta name=\"twitter:label1\" content=\"Escrit per\" \/>\n\t<meta name=\"twitter:data1\" content=\"Lorena Crosa\" \/>\n\t<meta name=\"twitter:label2\" content=\"Temps estimat de lectura\" \/>\n\t<meta name=\"twitter:data2\" content=\"6 minuts\" \/>\n<script type=\"application\/ld+json\" class=\"yoast-schema-graph\">{\"@context\":\"https:\\\/\\\/schema.org\",\"@graph\":[{\"@type\":\"Article\",\"@id\":\"https:\\\/\\\/www.ecoceutics.com\\\/ca\\\/respostes-de-salut\\\/vitamines\\\/collagen\\\/#article\",\"isPartOf\":{\"@id\":\"https:\\\/\\\/www.ecoceutics.com\\\/ca\\\/respostes-de-salut\\\/vitamines\\\/collagen\\\/\"},\"author\":{\"name\":\"Lorena Crosa\",\"@id\":\"https:\\\/\\\/www.ecoceutics.com\\\/ca\\\/#\\\/schema\\\/person\\\/1ea99343a86784e00a52c8744dfc7d83\"},\"headline\":\"Qu\u00e8 \u00e9s el col\u00b7lagen i per a qu\u00e8 serveix?\",\"datePublished\":\"2021-02-11T23:00:00+00:00\",\"dateModified\":\"2023-04-11T15:03:04+00:00\",\"mainEntityOfPage\":{\"@id\":\"https:\\\/\\\/www.ecoceutics.com\\\/ca\\\/respostes-de-salut\\\/vitamines\\\/collagen\\\/\"},\"wordCount\":1412,\"publisher\":{\"@id\":\"https:\\\/\\\/www.ecoceutics.com\\\/ca\\\/#organization\"},\"image\":{\"@id\":\"https:\\\/\\\/www.ecoceutics.com\\\/ca\\\/respostes-de-salut\\\/vitamines\\\/collagen\\\/#primaryimage\"},\"thumbnailUrl\":\"https:\\\/\\\/www.ecoceutics.com\\\/wp-content\\\/uploads\\\/2021\\\/02\\\/colageno-para-que-sirve.jpeg\",\"articleSection\":[\"Respostes de salut\",\"Vitamines\"],\"inLanguage\":\"ca\"},{\"@type\":\"WebPage\",\"@id\":\"https:\\\/\\\/www.ecoceutics.com\\\/ca\\\/respostes-de-salut\\\/vitamines\\\/collagen\\\/\",\"url\":\"https:\\\/\\\/www.ecoceutics.com\\\/ca\\\/respostes-de-salut\\\/vitamines\\\/collagen\\\/\",\"name\":\"Qu\u00e8 \u00e9s el col\u00b7lagen i per a qu\u00e8 serveix? | farm\u00e0cies ecoceutics\",\"isPartOf\":{\"@id\":\"https:\\\/\\\/www.ecoceutics.com\\\/ca\\\/#website\"},\"primaryImageOfPage\":{\"@id\":\"https:\\\/\\\/www.ecoceutics.com\\\/ca\\\/respostes-de-salut\\\/vitamines\\\/collagen\\\/#primaryimage\"},\"image\":{\"@id\":\"https:\\\/\\\/www.ecoceutics.com\\\/ca\\\/respostes-de-salut\\\/vitamines\\\/collagen\\\/#primaryimage\"},\"thumbnailUrl\":\"https:\\\/\\\/www.ecoceutics.com\\\/wp-content\\\/uploads\\\/2021\\\/02\\\/colageno-para-que-sirve.jpeg\",\"datePublished\":\"2021-02-11T23:00:00+00:00\",\"dateModified\":\"2023-04-11T15:03:04+00:00\",\"description\":\"Saps qu\u00e8 \u00e9s el col\u00b7lagen i quines utilitats t\u00e9? El col\u00b7lagen d\u00f3na estructura i suport a c\u00e8l\u00b7lules i altres estructures dels teixits.\",\"breadcrumb\":{\"@id\":\"https:\\\/\\\/www.ecoceutics.com\\\/ca\\\/respostes-de-salut\\\/vitamines\\\/collagen\\\/#breadcrumb\"},\"inLanguage\":\"ca\",\"potentialAction\":[{\"@type\":\"ReadAction\",\"target\":[\"https:\\\/\\\/www.ecoceutics.com\\\/ca\\\/respostes-de-salut\\\/vitamines\\\/collagen\\\/\"]}]},{\"@type\":\"ImageObject\",\"inLanguage\":\"ca\",\"@id\":\"https:\\\/\\\/www.ecoceutics.com\\\/ca\\\/respostes-de-salut\\\/vitamines\\\/collagen\\\/#primaryimage\",\"url\":\"https:\\\/\\\/www.ecoceutics.com\\\/wp-content\\\/uploads\\\/2021\\\/02\\\/colageno-para-que-sirve.jpeg\",\"contentUrl\":\"https:\\\/\\\/www.ecoceutics.com\\\/wp-content\\\/uploads\\\/2021\\\/02\\\/colageno-para-que-sirve.jpeg\",\"width\":720,\"height\":400,\"caption\":\"Col\u00e1geno: Para qu\u00e9 sirve y beneficios en la piel\"},{\"@type\":\"BreadcrumbList\",\"@id\":\"https:\\\/\\\/www.ecoceutics.com\\\/ca\\\/respostes-de-salut\\\/vitamines\\\/collagen\\\/#breadcrumb\",\"itemListElement\":[{\"@type\":\"ListItem\",\"position\":1,\"name\":\"Portada\",\"item\":\"https:\\\/\\\/www.ecoceutics.com\\\/ca\\\/\"},{\"@type\":\"ListItem\",\"position\":2,\"name\":\"Qu\u00e8 \u00e9s el col\u00b7lagen i per a qu\u00e8 serveix?\"}]},{\"@type\":\"WebSite\",\"@id\":\"https:\\\/\\\/www.ecoceutics.com\\\/ca\\\/#website\",\"url\":\"https:\\\/\\\/www.ecoceutics.com\\\/ca\\\/\",\"name\":\"ecoceutics\",\"description\":\"Primera red de farmacias independientes bajo una marca\",\"publisher\":{\"@id\":\"https:\\\/\\\/www.ecoceutics.com\\\/ca\\\/#organization\"},\"potentialAction\":[{\"@type\":\"SearchAction\",\"target\":{\"@type\":\"EntryPoint\",\"urlTemplate\":\"https:\\\/\\\/www.ecoceutics.com\\\/ca\\\/?s={search_term_string}\"},\"query-input\":{\"@type\":\"PropertyValueSpecification\",\"valueRequired\":true,\"valueName\":\"search_term_string\"}}],\"inLanguage\":\"ca\"},{\"@type\":\"Organization\",\"@id\":\"https:\\\/\\\/www.ecoceutics.com\\\/ca\\\/#organization\",\"name\":\"Ecoceutics\",\"url\":\"https:\\\/\\\/www.ecoceutics.com\\\/ca\\\/\",\"logo\":{\"@type\":\"ImageObject\",\"inLanguage\":\"ca\",\"@id\":\"https:\\\/\\\/www.ecoceutics.com\\\/ca\\\/#\\\/schema\\\/logo\\\/image\\\/\",\"url\":\"https:\\\/\\\/www.ecoceutics.com\\\/wp-content\\\/uploads\\\/2022\\\/02\\\/Logo-Ecoceutics-SVG-01-1.svg\",\"contentUrl\":\"https:\\\/\\\/www.ecoceutics.com\\\/wp-content\\\/uploads\\\/2022\\\/02\\\/Logo-Ecoceutics-SVG-01-1.svg\",\"width\":232,\"height\":68,\"caption\":\"Ecoceutics\"},\"image\":{\"@id\":\"https:\\\/\\\/www.ecoceutics.com\\\/ca\\\/#\\\/schema\\\/logo\\\/image\\\/\"}},{\"@type\":\"Person\",\"@id\":\"https:\\\/\\\/www.ecoceutics.com\\\/ca\\\/#\\\/schema\\\/person\\\/1ea99343a86784e00a52c8744dfc7d83\",\"name\":\"Lorena Crosa\",\"image\":{\"@type\":\"ImageObject\",\"inLanguage\":\"ca\",\"@id\":\"https:\\\/\\\/www.ecoceutics.com\\\/wp-content\\\/uploads\\\/2024\\\/03\\\/Lorena-Crosa-100x100.jpg\",\"url\":\"https:\\\/\\\/www.ecoceutics.com\\\/wp-content\\\/uploads\\\/2024\\\/03\\\/Lorena-Crosa-100x100.jpg\",\"contentUrl\":\"https:\\\/\\\/www.ecoceutics.com\\\/wp-content\\\/uploads\\\/2024\\\/03\\\/Lorena-Crosa-100x100.jpg\",\"caption\":\"Lorena Crosa\"}}]}<\/script>\n<!-- \/ Yoast SEO plugin. -->","yoast_head_json":{"title":"Qu\u00e8 \u00e9s el col\u00b7lagen i per a qu\u00e8 serveix? | farm\u00e0cies ecoceutics","description":"Saps qu\u00e8 \u00e9s el col\u00b7lagen i quines utilitats t\u00e9? El col\u00b7lagen d\u00f3na estructura i suport a c\u00e8l\u00b7lules i altres estructures dels teixits.","robots":{"index":"index","follow":"follow","max-snippet":"max-snippet:-1","max-image-preview":"max-image-preview:large","max-video-preview":"max-video-preview:-1"},"canonical":"https:\/\/www.ecoceutics.com\/ca\/respostes-de-salut\/vitamines\/collagen\/","og_locale":"ca_ES","og_type":"article","og_title":"Qu\u00e8 \u00e9s el col\u00b7lagen i per a qu\u00e8 serveix? | farm\u00e0cies ecoceutics","og_description":"Saps qu\u00e8 \u00e9s el col\u00b7lagen i quines utilitats t\u00e9? El col\u00b7lagen d\u00f3na estructura i suport a c\u00e8l\u00b7lules i altres estructures dels teixits.","og_url":"https:\/\/www.ecoceutics.com\/ca\/respostes-de-salut\/vitamines\/collagen\/","og_site_name":"ecoceutics","article_published_time":"2021-02-11T23:00:00+00:00","article_modified_time":"2023-04-11T15:03:04+00:00","og_image":[{"width":720,"height":400,"url":"https:\/\/www.ecoceutics.com\/wp-content\/uploads\/2021\/02\/colageno-para-que-sirve.jpeg","type":"image\/jpeg"}],"author":"Lorena Crosa","twitter_card":"summary_large_image","twitter_misc":{"Escrit per":"Lorena Crosa","Temps estimat de lectura":"6 minuts"},"schema":{"@context":"https:\/\/schema.org","@graph":[{"@type":"Article","@id":"https:\/\/www.ecoceutics.com\/ca\/respostes-de-salut\/vitamines\/collagen\/#article","isPartOf":{"@id":"https:\/\/www.ecoceutics.com\/ca\/respostes-de-salut\/vitamines\/collagen\/"},"author":{"name":"Lorena Crosa","@id":"https:\/\/www.ecoceutics.com\/ca\/#\/schema\/person\/1ea99343a86784e00a52c8744dfc7d83"},"headline":"Qu\u00e8 \u00e9s el col\u00b7lagen i per a qu\u00e8 serveix?","datePublished":"2021-02-11T23:00:00+00:00","dateModified":"2023-04-11T15:03:04+00:00","mainEntityOfPage":{"@id":"https:\/\/www.ecoceutics.com\/ca\/respostes-de-salut\/vitamines\/collagen\/"},"wordCount":1412,"publisher":{"@id":"https:\/\/www.ecoceutics.com\/ca\/#organization"},"image":{"@id":"https:\/\/www.ecoceutics.com\/ca\/respostes-de-salut\/vitamines\/collagen\/#primaryimage"},"thumbnailUrl":"https:\/\/www.ecoceutics.com\/wp-content\/uploads\/2021\/02\/colageno-para-que-sirve.jpeg","articleSection":["Respostes de salut","Vitamines"],"inLanguage":"ca"},{"@type":"WebPage","@id":"https:\/\/www.ecoceutics.com\/ca\/respostes-de-salut\/vitamines\/collagen\/","url":"https:\/\/www.ecoceutics.com\/ca\/respostes-de-salut\/vitamines\/collagen\/","name":"Qu\u00e8 \u00e9s el col\u00b7lagen i per a qu\u00e8 serveix? | farm\u00e0cies ecoceutics","isPartOf":{"@id":"https:\/\/www.ecoceutics.com\/ca\/#website"},"primaryImageOfPage":{"@id":"https:\/\/www.ecoceutics.com\/ca\/respostes-de-salut\/vitamines\/collagen\/#primaryimage"},"image":{"@id":"https:\/\/www.ecoceutics.com\/ca\/respostes-de-salut\/vitamines\/collagen\/#primaryimage"},"thumbnailUrl":"https:\/\/www.ecoceutics.com\/wp-content\/uploads\/2021\/02\/colageno-para-que-sirve.jpeg","datePublished":"2021-02-11T23:00:00+00:00","dateModified":"2023-04-11T15:03:04+00:00","description":"Saps qu\u00e8 \u00e9s el col\u00b7lagen i quines utilitats t\u00e9? El col\u00b7lagen d\u00f3na estructura i suport a c\u00e8l\u00b7lules i altres estructures dels teixits.","breadcrumb":{"@id":"https:\/\/www.ecoceutics.com\/ca\/respostes-de-salut\/vitamines\/collagen\/#breadcrumb"},"inLanguage":"ca","potentialAction":[{"@type":"ReadAction","target":["https:\/\/www.ecoceutics.com\/ca\/respostes-de-salut\/vitamines\/collagen\/"]}]},{"@type":"ImageObject","inLanguage":"ca","@id":"https:\/\/www.ecoceutics.com\/ca\/respostes-de-salut\/vitamines\/collagen\/#primaryimage","url":"https:\/\/www.ecoceutics.com\/wp-content\/uploads\/2021\/02\/colageno-para-que-sirve.jpeg","contentUrl":"https:\/\/www.ecoceutics.com\/wp-content\/uploads\/2021\/02\/colageno-para-que-sirve.jpeg","width":720,"height":400,"caption":"Col\u00e1geno: Para qu\u00e9 sirve y beneficios en la piel"},{"@type":"BreadcrumbList","@id":"https:\/\/www.ecoceutics.com\/ca\/respostes-de-salut\/vitamines\/collagen\/#breadcrumb","itemListElement":[{"@type":"ListItem","position":1,"name":"Portada","item":"https:\/\/www.ecoceutics.com\/ca\/"},{"@type":"ListItem","position":2,"name":"Qu\u00e8 \u00e9s el col\u00b7lagen i per a qu\u00e8 serveix?"}]},{"@type":"WebSite","@id":"https:\/\/www.ecoceutics.com\/ca\/#website","url":"https:\/\/www.ecoceutics.com\/ca\/","name":"ecoceutics","description":"Primera red de farmacias independientes bajo una marca","publisher":{"@id":"https:\/\/www.ecoceutics.com\/ca\/#organization"},"potentialAction":[{"@type":"SearchAction","target":{"@type":"EntryPoint","urlTemplate":"https:\/\/www.ecoceutics.com\/ca\/?s={search_term_string}"},"query-input":{"@type":"PropertyValueSpecification","valueRequired":true,"valueName":"search_term_string"}}],"inLanguage":"ca"},{"@type":"Organization","@id":"https:\/\/www.ecoceutics.com\/ca\/#organization","name":"Ecoceutics","url":"https:\/\/www.ecoceutics.com\/ca\/","logo":{"@type":"ImageObject","inLanguage":"ca","@id":"https:\/\/www.ecoceutics.com\/ca\/#\/schema\/logo\/image\/","url":"https:\/\/www.ecoceutics.com\/wp-content\/uploads\/2022\/02\/Logo-Ecoceutics-SVG-01-1.svg","contentUrl":"https:\/\/www.ecoceutics.com\/wp-content\/uploads\/2022\/02\/Logo-Ecoceutics-SVG-01-1.svg","width":232,"height":68,"caption":"Ecoceutics"},"image":{"@id":"https:\/\/www.ecoceutics.com\/ca\/#\/schema\/logo\/image\/"}},{"@type":"Person","@id":"https:\/\/www.ecoceutics.com\/ca\/#\/schema\/person\/1ea99343a86784e00a52c8744dfc7d83","name":"Lorena Crosa","image":{"@type":"ImageObject","inLanguage":"ca","@id":"https:\/\/www.ecoceutics.com\/wp-content\/uploads\/2024\/03\/Lorena-Crosa-100x100.jpg","url":"https:\/\/www.ecoceutics.com\/wp-content\/uploads\/2024\/03\/Lorena-Crosa-100x100.jpg","contentUrl":"https:\/\/www.ecoceutics.com\/wp-content\/uploads\/2024\/03\/Lorena-Crosa-100x100.jpg","caption":"Lorena Crosa"}}]}},"_links":{"self":[{"href":"https:\/\/www.ecoceutics.com\/ca\/wp-json\/wp\/v2\/posts\/16516","targetHints":{"allow":["GET"]}}],"collection":[{"href":"https:\/\/www.ecoceutics.com\/ca\/wp-json\/wp\/v2\/posts"}],"about":[{"href":"https:\/\/www.ecoceutics.com\/ca\/wp-json\/wp\/v2\/types\/post"}],"author":[{"embeddable":true,"href":"https:\/\/www.ecoceutics.com\/ca\/wp-json\/wp\/v2\/users\/4"}],"replies":[{"embeddable":true,"href":"https:\/\/www.ecoceutics.com\/ca\/wp-json\/wp\/v2\/comments?post=16516"}],"version-history":[{"count":0,"href":"https:\/\/www.ecoceutics.com\/ca\/wp-json\/wp\/v2\/posts\/16516\/revisions"}],"wp:featuredmedia":[{"embeddable":true,"href":"https:\/\/www.ecoceutics.com\/ca\/wp-json\/wp\/v2\/media\/30204"}],"wp:attachment":[{"href":"https:\/\/www.ecoceutics.com\/ca\/wp-json\/wp\/v2\/media?parent=16516"}],"wp:term":[{"taxonomy":"category","embeddable":true,"href":"https:\/\/www.ecoceutics.com\/ca\/wp-json\/wp\/v2\/categories?post=16516"},{"taxonomy":"post_tag","embeddable":true,"href":"https:\/\/www.ecoceutics.com\/ca\/wp-json\/wp\/v2\/tags?post=16516"}],"curies":[{"name":"wp","href":"https:\/\/api.w.org\/{rel}","templated":true}]}}