{"id":16520,"date":"2021-02-23T00:00:00","date_gmt":"2021-02-22T23:00:00","guid":{"rendered":"https:\/\/www.ecoceutics.com\/fecunditat-anticonceptives\/"},"modified":"2023-05-29T11:55:40","modified_gmt":"2023-05-29T09:55:40","slug":"fecunditat-anticonceptives","status":"publish","type":"post","link":"https:\/\/www.ecoceutics.com\/ca\/respostes-de-salut\/embaras-i-nadons\/fecunditat-anticonceptives\/","title":{"rendered":"Qu\u00e8 passa amb la fecunditat despr\u00e9s de les anticonceptives?"},"content":{"rendered":"<p>Aquesta pregunta s\u2019intenta respondre des de, com a m\u00ednim, els anys\u00a0\u201960. L\u2019anticoncepci\u00f3 oral hormonal \u00e9s un m\u00e8tode completament reversible que es recomana a dones que no volen tenir fills ara, per\u00f2 que estan obertes a la possibilitat de tenir fills en un futur. Sabem que els m\u00e8todes de barrera com el preservatiu no interactuen amb el funcionament regular del cos femen\u00ed o mascul\u00ed, per\u00f2, Qu\u00e8 passa amb la fertilitat quan utilitzem hormones per a parar l\u2019ovulaci\u00f3? Torna tot a la normalitat amb facilitat en deixar les pastilles anticonceptives? T\u2019expliquem en aquest article qu\u00e8 pots esperar en discontinuar l\u2019anticoncepci\u00f3 oral (ACO).<\/p>\n<div id=\"ez-toc-container\" class=\"ez-toc-v2_0_82_2 counter-hierarchy ez-toc-counter ez-toc-custom ez-toc-container-direction\">\n<div class=\"ez-toc-title-container\">\n<p class=\"ez-toc-title\" style=\"cursor:inherit\">Contenido de la p\u00e1gina<\/p>\n<span class=\"ez-toc-title-toggle\"><a href=\"#\" class=\"ez-toc-pull-right ez-toc-btn ez-toc-btn-xs ez-toc-btn-default ez-toc-toggle\" aria-label=\"Toggle Table of Content\"><span class=\"ez-toc-js-icon-con\"><span class=\"\"><span class=\"eztoc-hide\" style=\"display:none;\">Toggle<\/span><span class=\"ez-toc-icon-toggle-span\"><svg style=\"fill: #333333;color:#333333\" xmlns=\"http:\/\/www.w3.org\/2000\/svg\" class=\"list-377408\" width=\"20px\" height=\"20px\" viewBox=\"0 0 24 24\" fill=\"none\"><path d=\"M6 6H4v2h2V6zm14 0H8v2h12V6zM4 11h2v2H4v-2zm16 0H8v2h12v-2zM4 16h2v2H4v-2zm16 0H8v2h12v-2z\" fill=\"currentColor\"><\/path><\/svg><svg style=\"fill: #333333;color:#333333\" class=\"arrow-unsorted-368013\" xmlns=\"http:\/\/www.w3.org\/2000\/svg\" width=\"10px\" height=\"10px\" viewBox=\"0 0 24 24\" version=\"1.2\" baseProfile=\"tiny\"><path d=\"M18.2 9.3l-6.2-6.3-6.2 6.3c-.2.2-.3.4-.3.7s.1.5.3.7c.2.2.4.3.7.3h11c.3 0 .5-.1.7-.3.2-.2.3-.5.3-.7s-.1-.5-.3-.7zM5.8 14.7l6.2 6.3 6.2-6.3c.2-.2.3-.5.3-.7s-.1-.5-.3-.7c-.2-.2-.4-.3-.7-.3h-11c-.3 0-.5.1-.7.3-.2.2-.3.5-.3.7s.1.5.3.7z\"\/><\/svg><\/span><\/span><\/span><\/a><\/span><\/div>\n<nav><ul class='ez-toc-list ez-toc-list-level-1 ' ><li class='ez-toc-page-1 ez-toc-heading-level-2'><a class=\"ez-toc-link ez-toc-heading-1\" href=\"https:\/\/www.ecoceutics.com\/ca\/respostes-de-salut\/embaras-i-nadons\/fecunditat-anticonceptives\/#don-surt-la-idea-que-la-fertilitat-es-veu-afectada-per-les-pastilles-anticonceptives\" >D\u2019on surt la idea que la fertilitat es veu afectada per les pastilles anticonceptives?<\/a><\/li><li class='ez-toc-page-1 ez-toc-heading-level-2'><a class=\"ez-toc-link ez-toc-heading-2\" href=\"https:\/\/www.ecoceutics.com\/ca\/respostes-de-salut\/embaras-i-nadons\/fecunditat-anticonceptives\/#que-sabem-avui-sobre-la-fertilitat-despres-de-les-pastilles-anticonceptives\" >Qu\u00e8 sabem avui sobre la fertilitat despr\u00e9s de les pastilles anticonceptives?<\/a><\/li><li class='ez-toc-page-1 ez-toc-heading-level-2'><a class=\"ez-toc-link ez-toc-heading-3\" href=\"https:\/\/www.ecoceutics.com\/ca\/respostes-de-salut\/embaras-i-nadons\/fecunditat-anticonceptives\/#per-que-resulta-facil-pensar-que-costa-concebre-despres-de-les-pastilles-anticonceptives\" >Per qu\u00e8 resulta f\u00e0cil pensar que costa concebre despr\u00e9s de les pastilles anticonceptives?<\/a><\/li><li class='ez-toc-page-1 ez-toc-heading-level-2'><a class=\"ez-toc-link ez-toc-heading-4\" href=\"https:\/\/www.ecoceutics.com\/ca\/respostes-de-salut\/embaras-i-nadons\/fecunditat-anticonceptives\/#he-deixat-les-pastilles-i-vull-quedar-embarassada-que-puc-esperar\" >He deixat les pastilles i vull quedar embarassada, Qu\u00e8 puc esperar?<\/a><\/li><\/ul><\/nav><\/div>\n<h2><span class=\"ez-toc-section\" id=\"don-surt-la-idea-que-la-fertilitat-es-veu-afectada-per-les-pastilles-anticonceptives\"><\/span>D\u2019on surt la idea que la fertilitat es veu afectada per les pastilles anticonceptives?<span class=\"ez-toc-section-end\"><\/span><\/h2>\n<p>Els primers estudis referent a la fertilitat post-ACO, all\u00e0 pels anys 60-70, indicaven que la fecunditat no era la mateixa que abans de prendre pastilles anticonceptives. Es calculava que hi havia un retard m\u00ednim de 3-6 mesos en la concepci\u00f3 i que les taxes d\u2019embar\u00e0s entre dones que van prendre i no van prendre\u00a0ACO\u00a0no s\u2019igualaven fins passats m\u00ednim un parell d\u2019anys, i fins i tot m\u00e9s com m\u00e9s gran era la dona. Els metges temien que l\u2019\u00fas continuat de les anticonceptives port\u00e9s a una supressi\u00f3 llarga de l\u2019ovulaci\u00f3 encara despr\u00e9s de retirar la medicaci\u00f3, i fins i tot es pensava que la menstruaci\u00f3 ni tan sols tornaria en alguns casos (\u00abamenorrea\u00a0postpastilla\u00bb). Per\u00f2 en els estudis que van recolzar aquestes idees es van cometre errors metodol\u00f2gics importants, com per exemple:<\/p>\n<ul>\n<li>No buscar factors que expliquessin la infertilitat femenina que ja existissin abans de la presa d\u2019ACO\u00a0(per exemple, una dona amb serioses irregularitats menstruals t\u00e9 problemes per a concebre hagi pres ACO\u00a0o no).<\/li>\n<li>No eliminar altres causes d\u2019infertilitat de la parella (com a problemes de fertilitat masculina) i atribuir-li el problema directament als\u00a0ACO.<\/li>\n<li>No comparar grups de dones correctament; no podem comparar dones amb problemes menstruals o sense, dones de diferent edat, etc.<\/li>\n<\/ul>\n<p>A mesura que van passar els anys i es van fer estudis m\u00e9s rigorosos, els resultats van anar canviant i van resultar molt m\u00e9s tranquil\u00b7litzadors.<\/p>\n<h2><span class=\"ez-toc-section\" id=\"que-sabem-avui-sobre-la-fertilitat-despres-de-les-pastilles-anticonceptives\"><\/span>Qu\u00e8 sabem avui sobre la fertilitat despr\u00e9s de les pastilles anticonceptives?<span class=\"ez-toc-section-end\"><\/span><\/h2>\n<p>Avui sabem que les pastilles anticonceptives no s\u00f3n tan terribles com ens van dir. Segons les poblacions observades els resultats varien una mica, per\u00f2 el panorama \u00e9s bo:<\/p>\n<ul>\n<li>Hi ha estudis que parlen d\u2019augment de la fertilitat despr\u00e9s de la presa d\u2019ACO\u00a0durant diversos anys (actuarien com a factor protector).<\/li>\n<li>Alguns estudis parlen de resultats comparables en la fertilitat de les dones que prenen\u00a0ACO\u00a0i les que no.<\/li>\n<li>Altres estudis parlen d\u2019un retard molt lleuger en la concepci\u00f3 despr\u00e9s de la presa d\u2019ACO.<\/li>\n<\/ul>\n<p>Per qu\u00e8 els diferents resultats? Perqu\u00e8 a vegades, depenent del grup de dones observat, del m\u00e8tode de seguiment utilitzat o el temps que les hi observa, els resultats poden canviar. Com a norma general es pot dir que, al cap d\u2019un any de parar la presa d\u2019ACO, entre el 70-95% de les parelles aconsegueixen concebre, i la meitat ho fan abans que hagin passat 3-4 cicles menstruals. Si hi ha retard a tornar a la fertilitat normal, dura uns mesos nom\u00e9s.<\/p>\n<p>Per\u00f2 llavors com expliquem els casos en els quals la dona deixa les anticonceptives i no s\u2019embarassa passat un temps llarg? Hi ha explicacions, per\u00f2 no passen necess\u00e0riament per la presa d\u2019ACO.<\/p>\n<h2><span class=\"ez-toc-section\" id=\"per-que-resulta-facil-pensar-que-costa-concebre-despres-de-les-pastilles-anticonceptives\"><\/span>Per qu\u00e8 resulta f\u00e0cil pensar que costa concebre despr\u00e9s de les pastilles anticonceptives?<span class=\"ez-toc-section-end\"><\/span><\/h2>\n<p>Hi ha diversos factors que poden influir en el pensament que les\u00a0ACO\u00a0dificulten la concepci\u00f3, m\u00e9s enll\u00e0 dels primers resultats cient\u00edfics:<\/p>\n<ul>\n<li>Primer i principal: embarassar-se no \u00e9s tan f\u00e0cil com es creu! Una parella humana sense cap problema de salut t\u00e9 un 20% de probabilitats de concebre en cada cicle menstrual. En mitjana, es calcula que una parella que comen\u00e7a a buscar un beb\u00e8 pot tardar uns sis mesos a embarassar-se. Per aix\u00f2 no es parla d&#8217;\u00bbesterilitat\u00bb fins que la parella no porta almenys un any intentant concebre sense \u00e8xit\u2026 per\u00f2 si el nad\u00f3 demora\u00a08\u00a0mesos a arribar en comptes de dos, \u00abla culpa \u00e9s de les anticonceptives\u00bb.<\/li>\n<li>Perqu\u00e8 el temps causa el seu efecte en la fertilitat, s\u2019hi hagi o no pres\u00a0ACO. Per exemple, imaginem el cas d\u2019una dona que\u00a0als 28 anys\u00a0s\u2019embarassa al cap de\u00a04\u00a0mesos de \u00abcomen\u00e7ar a buscar\u00bb, pren pastilles vuit anys despr\u00e9s del part, i\u00a0als 36 anys\u00a0demora\u00a010\u00a0mesos a concebre al segon. El problema aqu\u00ed no el t\u00e9 el medicament sin\u00f3 el pas del temps, ja que la fertilitat decau amb els anys\u2026 per\u00f2 veritat que \u00e9s f\u00e0cil pensar que els\u00a0ACO\u00a0estan relacionats?<\/li>\n<li>Perqu\u00e8 poden haver passat coses durant el temps de presa d\u2019ACO\u00a0que comprometen la fertilitat. Per exemple, si una dona es contagia de gonorrea i no la tracta correctament o a temps pot tenir problemes de fertilitat que nom\u00e9s veur\u00e0 en deixar els\u00a0ACO\u00a0i posar-se a buscar el nad\u00f3.<\/li>\n<\/ul>\n<p>Aquests s\u00f3n exemples que hem vist en el taulell, per\u00f2 \u00e9s possible que hi hagi molts m\u00e9s. Entre que ja existeix fa temps la idea que els\u00a0ACO\u00a0compliquen la fertilitat, i que el beb\u00e8 no arriba tan aviat com degu\u00e9s segons les nostres expectatives, els\u00a0ACO\u00a0continuen tenint mala fama.<\/p>\n<h2><span class=\"ez-toc-section\" id=\"he-deixat-les-pastilles-i-vull-quedar-embarassada-que-puc-esperar\"><\/span>He deixat les pastilles i vull quedar embarassada, Qu\u00e8 puc esperar?<span class=\"ez-toc-section-end\"><\/span><\/h2>\n<p>Si ja has deixat les pastilles amb \u00e0nims d\u2019embarassar-te, et recomanem que valors una consulta preconcepcional amb el teu ginec\u00f2leg. En aquestes consultes es pot obtenir una idea realista de les possibilitats de concepci\u00f3 actuals, es poden implementar canvis per a millorar aquestes possibilitats si fes falta, i t\u2019aconsellaran perqu\u00e8 tinguis un embar\u00e0s sa i exit\u00f3s.<\/p>\n","protected":false},"excerpt":{"rendered":"<p>Aquesta pregunta s\u2019intenta respondre des de, com a m\u00ednim, els anys\u00a0\u201960. L\u2019anticoncepci\u00f3 oral hormonal \u00e9s un m\u00e8tode completament reversible que es recomana a dones que no volen tenir fills ara, per\u00f2 que estan obertes a la possibilitat de tenir fills en un futur. Sabem que els m\u00e8todes de barrera com el preservatiu no interactuen amb [&hellip;]<\/p>\n","protected":false},"author":4,"featured_media":19425,"comment_status":"closed","ping_status":"closed","sticky":false,"template":"","format":"standard","meta":{"_acf_changed":false,"inline_featured_image":false,"_mbp_gutenberg_autopost":false,"footnotes":""},"categories":[4,58],"tags":[],"class_list":["post-16520","post","type-post","status-publish","format-standard","has-post-thumbnail","hentry","category-respostes-de-salut","category-embaras-i-nadons"],"acf":[],"yoast_head":"<!-- This site is optimized with the Yoast SEO plugin v27.5 - https:\/\/yoast.com\/product\/yoast-seo-wordpress\/ -->\n<title>Fecundar despr\u00e9s de prendre anticonceptives | farm\u00e0cies ecoceutics<\/title>\n<meta name=\"description\" content=\"Costa quedar-se embarassada despr\u00e9s de prendre anticonceptives? Quan de temps puc tardar en concebir? Resolem els teus dubtes!\" \/>\n<meta name=\"robots\" content=\"index, follow, max-snippet:-1, max-image-preview:large, max-video-preview:-1\" \/>\n<link rel=\"canonical\" href=\"https:\/\/www.ecoceutics.com\/ca\/respostes-de-salut\/embaras-i-nadons\/fecunditat-anticonceptives\/\" \/>\n<meta property=\"og:locale\" content=\"ca_ES\" \/>\n<meta property=\"og:type\" content=\"article\" \/>\n<meta property=\"og:title\" content=\"Fecundar despr\u00e9s de prendre anticonceptives | farm\u00e0cies ecoceutics\" \/>\n<meta property=\"og:description\" content=\"Costa quedar-se embarassada despr\u00e9s de prendre anticonceptives? Quan de temps puc tardar en concebir? Resolem els teus dubtes!\" \/>\n<meta property=\"og:url\" content=\"https:\/\/www.ecoceutics.com\/ca\/respostes-de-salut\/embaras-i-nadons\/fecunditat-anticonceptives\/\" \/>\n<meta property=\"og:site_name\" content=\"ecoceutics\" \/>\n<meta property=\"article:published_time\" content=\"2021-02-22T23:00:00+00:00\" \/>\n<meta property=\"article:modified_time\" content=\"2023-05-29T09:55:40+00:00\" \/>\n<meta property=\"og:image\" content=\"https:\/\/www.ecoceutics.com\/wp-content\/uploads\/2021\/02\/Foto_Embarazo_fecundidad-y-anticonceptivas.jpg\" \/>\n\t<meta property=\"og:image:width\" content=\"720\" \/>\n\t<meta property=\"og:image:height\" content=\"400\" \/>\n\t<meta property=\"og:image:type\" content=\"image\/jpeg\" \/>\n<meta name=\"author\" content=\"Lorena Crosa\" \/>\n<meta name=\"twitter:card\" content=\"summary_large_image\" \/>\n<meta name=\"twitter:label1\" content=\"Escrit per\" \/>\n\t<meta name=\"twitter:data1\" content=\"Lorena Crosa\" \/>\n\t<meta name=\"twitter:label2\" content=\"Temps estimat de lectura\" \/>\n\t<meta name=\"twitter:data2\" content=\"4 minuts\" \/>\n<script type=\"application\/ld+json\" class=\"yoast-schema-graph\">{\"@context\":\"https:\\\/\\\/schema.org\",\"@graph\":[{\"@type\":\"Article\",\"@id\":\"https:\\\/\\\/www.ecoceutics.com\\\/ca\\\/respostes-de-salut\\\/embaras-i-nadons\\\/fecunditat-anticonceptives\\\/#article\",\"isPartOf\":{\"@id\":\"https:\\\/\\\/www.ecoceutics.com\\\/ca\\\/respostes-de-salut\\\/embaras-i-nadons\\\/fecunditat-anticonceptives\\\/\"},\"author\":{\"name\":\"Lorena Crosa\",\"@id\":\"https:\\\/\\\/www.ecoceutics.com\\\/ca\\\/#\\\/schema\\\/person\\\/1ea99343a86784e00a52c8744dfc7d83\"},\"headline\":\"Qu\u00e8 passa amb la fecunditat despr\u00e9s de les anticonceptives?\",\"datePublished\":\"2021-02-22T23:00:00+00:00\",\"dateModified\":\"2023-05-29T09:55:40+00:00\",\"mainEntityOfPage\":{\"@id\":\"https:\\\/\\\/www.ecoceutics.com\\\/ca\\\/respostes-de-salut\\\/embaras-i-nadons\\\/fecunditat-anticonceptives\\\/\"},\"wordCount\":1001,\"publisher\":{\"@id\":\"https:\\\/\\\/www.ecoceutics.com\\\/ca\\\/#organization\"},\"image\":{\"@id\":\"https:\\\/\\\/www.ecoceutics.com\\\/ca\\\/respostes-de-salut\\\/embaras-i-nadons\\\/fecunditat-anticonceptives\\\/#primaryimage\"},\"thumbnailUrl\":\"https:\\\/\\\/www.ecoceutics.com\\\/wp-content\\\/uploads\\\/2021\\\/02\\\/Foto_Embarazo_fecundidad-y-anticonceptivas.jpg\",\"articleSection\":[\"Respostes de salut\",\"Embar\u00e0s i nadons\"],\"inLanguage\":\"ca\"},{\"@type\":\"WebPage\",\"@id\":\"https:\\\/\\\/www.ecoceutics.com\\\/ca\\\/respostes-de-salut\\\/embaras-i-nadons\\\/fecunditat-anticonceptives\\\/\",\"url\":\"https:\\\/\\\/www.ecoceutics.com\\\/ca\\\/respostes-de-salut\\\/embaras-i-nadons\\\/fecunditat-anticonceptives\\\/\",\"name\":\"Fecundar despr\u00e9s de prendre anticonceptives | farm\u00e0cies ecoceutics\",\"isPartOf\":{\"@id\":\"https:\\\/\\\/www.ecoceutics.com\\\/ca\\\/#website\"},\"primaryImageOfPage\":{\"@id\":\"https:\\\/\\\/www.ecoceutics.com\\\/ca\\\/respostes-de-salut\\\/embaras-i-nadons\\\/fecunditat-anticonceptives\\\/#primaryimage\"},\"image\":{\"@id\":\"https:\\\/\\\/www.ecoceutics.com\\\/ca\\\/respostes-de-salut\\\/embaras-i-nadons\\\/fecunditat-anticonceptives\\\/#primaryimage\"},\"thumbnailUrl\":\"https:\\\/\\\/www.ecoceutics.com\\\/wp-content\\\/uploads\\\/2021\\\/02\\\/Foto_Embarazo_fecundidad-y-anticonceptivas.jpg\",\"datePublished\":\"2021-02-22T23:00:00+00:00\",\"dateModified\":\"2023-05-29T09:55:40+00:00\",\"description\":\"Costa quedar-se embarassada despr\u00e9s de prendre anticonceptives? Quan de temps puc tardar en concebir? Resolem els teus dubtes!\",\"breadcrumb\":{\"@id\":\"https:\\\/\\\/www.ecoceutics.com\\\/ca\\\/respostes-de-salut\\\/embaras-i-nadons\\\/fecunditat-anticonceptives\\\/#breadcrumb\"},\"inLanguage\":\"ca\",\"potentialAction\":[{\"@type\":\"ReadAction\",\"target\":[\"https:\\\/\\\/www.ecoceutics.com\\\/ca\\\/respostes-de-salut\\\/embaras-i-nadons\\\/fecunditat-anticonceptives\\\/\"]}]},{\"@type\":\"ImageObject\",\"inLanguage\":\"ca\",\"@id\":\"https:\\\/\\\/www.ecoceutics.com\\\/ca\\\/respostes-de-salut\\\/embaras-i-nadons\\\/fecunditat-anticonceptives\\\/#primaryimage\",\"url\":\"https:\\\/\\\/www.ecoceutics.com\\\/wp-content\\\/uploads\\\/2021\\\/02\\\/Foto_Embarazo_fecundidad-y-anticonceptivas.jpg\",\"contentUrl\":\"https:\\\/\\\/www.ecoceutics.com\\\/wp-content\\\/uploads\\\/2021\\\/02\\\/Foto_Embarazo_fecundidad-y-anticonceptivas.jpg\",\"width\":720,\"height\":400},{\"@type\":\"BreadcrumbList\",\"@id\":\"https:\\\/\\\/www.ecoceutics.com\\\/ca\\\/respostes-de-salut\\\/embaras-i-nadons\\\/fecunditat-anticonceptives\\\/#breadcrumb\",\"itemListElement\":[{\"@type\":\"ListItem\",\"position\":1,\"name\":\"Portada\",\"item\":\"https:\\\/\\\/www.ecoceutics.com\\\/ca\\\/\"},{\"@type\":\"ListItem\",\"position\":2,\"name\":\"Qu\u00e8 passa amb la fecunditat despr\u00e9s de les anticonceptives?\"}]},{\"@type\":\"WebSite\",\"@id\":\"https:\\\/\\\/www.ecoceutics.com\\\/ca\\\/#website\",\"url\":\"https:\\\/\\\/www.ecoceutics.com\\\/ca\\\/\",\"name\":\"ecoceutics\",\"description\":\"Primera red de farmacias independientes bajo una marca\",\"publisher\":{\"@id\":\"https:\\\/\\\/www.ecoceutics.com\\\/ca\\\/#organization\"},\"potentialAction\":[{\"@type\":\"SearchAction\",\"target\":{\"@type\":\"EntryPoint\",\"urlTemplate\":\"https:\\\/\\\/www.ecoceutics.com\\\/ca\\\/?s={search_term_string}\"},\"query-input\":{\"@type\":\"PropertyValueSpecification\",\"valueRequired\":true,\"valueName\":\"search_term_string\"}}],\"inLanguage\":\"ca\"},{\"@type\":\"Organization\",\"@id\":\"https:\\\/\\\/www.ecoceutics.com\\\/ca\\\/#organization\",\"name\":\"Ecoceutics\",\"url\":\"https:\\\/\\\/www.ecoceutics.com\\\/ca\\\/\",\"logo\":{\"@type\":\"ImageObject\",\"inLanguage\":\"ca\",\"@id\":\"https:\\\/\\\/www.ecoceutics.com\\\/ca\\\/#\\\/schema\\\/logo\\\/image\\\/\",\"url\":\"https:\\\/\\\/www.ecoceutics.com\\\/wp-content\\\/uploads\\\/2022\\\/02\\\/Logo-Ecoceutics-SVG-01-1.svg\",\"contentUrl\":\"https:\\\/\\\/www.ecoceutics.com\\\/wp-content\\\/uploads\\\/2022\\\/02\\\/Logo-Ecoceutics-SVG-01-1.svg\",\"width\":232,\"height\":68,\"caption\":\"Ecoceutics\"},\"image\":{\"@id\":\"https:\\\/\\\/www.ecoceutics.com\\\/ca\\\/#\\\/schema\\\/logo\\\/image\\\/\"}},{\"@type\":\"Person\",\"@id\":\"https:\\\/\\\/www.ecoceutics.com\\\/ca\\\/#\\\/schema\\\/person\\\/1ea99343a86784e00a52c8744dfc7d83\",\"name\":\"Lorena Crosa\",\"image\":{\"@type\":\"ImageObject\",\"inLanguage\":\"ca\",\"@id\":\"https:\\\/\\\/www.ecoceutics.com\\\/wp-content\\\/uploads\\\/2024\\\/03\\\/Lorena-Crosa-100x100.jpg\",\"url\":\"https:\\\/\\\/www.ecoceutics.com\\\/wp-content\\\/uploads\\\/2024\\\/03\\\/Lorena-Crosa-100x100.jpg\",\"contentUrl\":\"https:\\\/\\\/www.ecoceutics.com\\\/wp-content\\\/uploads\\\/2024\\\/03\\\/Lorena-Crosa-100x100.jpg\",\"caption\":\"Lorena Crosa\"}}]}<\/script>\n<!-- \/ Yoast SEO plugin. -->","yoast_head_json":{"title":"Fecundar despr\u00e9s de prendre anticonceptives | farm\u00e0cies ecoceutics","description":"Costa quedar-se embarassada despr\u00e9s de prendre anticonceptives? Quan de temps puc tardar en concebir? Resolem els teus dubtes!","robots":{"index":"index","follow":"follow","max-snippet":"max-snippet:-1","max-image-preview":"max-image-preview:large","max-video-preview":"max-video-preview:-1"},"canonical":"https:\/\/www.ecoceutics.com\/ca\/respostes-de-salut\/embaras-i-nadons\/fecunditat-anticonceptives\/","og_locale":"ca_ES","og_type":"article","og_title":"Fecundar despr\u00e9s de prendre anticonceptives | farm\u00e0cies ecoceutics","og_description":"Costa quedar-se embarassada despr\u00e9s de prendre anticonceptives? Quan de temps puc tardar en concebir? Resolem els teus dubtes!","og_url":"https:\/\/www.ecoceutics.com\/ca\/respostes-de-salut\/embaras-i-nadons\/fecunditat-anticonceptives\/","og_site_name":"ecoceutics","article_published_time":"2021-02-22T23:00:00+00:00","article_modified_time":"2023-05-29T09:55:40+00:00","og_image":[{"width":720,"height":400,"url":"https:\/\/www.ecoceutics.com\/wp-content\/uploads\/2021\/02\/Foto_Embarazo_fecundidad-y-anticonceptivas.jpg","type":"image\/jpeg"}],"author":"Lorena Crosa","twitter_card":"summary_large_image","twitter_misc":{"Escrit per":"Lorena Crosa","Temps estimat de lectura":"4 minuts"},"schema":{"@context":"https:\/\/schema.org","@graph":[{"@type":"Article","@id":"https:\/\/www.ecoceutics.com\/ca\/respostes-de-salut\/embaras-i-nadons\/fecunditat-anticonceptives\/#article","isPartOf":{"@id":"https:\/\/www.ecoceutics.com\/ca\/respostes-de-salut\/embaras-i-nadons\/fecunditat-anticonceptives\/"},"author":{"name":"Lorena Crosa","@id":"https:\/\/www.ecoceutics.com\/ca\/#\/schema\/person\/1ea99343a86784e00a52c8744dfc7d83"},"headline":"Qu\u00e8 passa amb la fecunditat despr\u00e9s de les anticonceptives?","datePublished":"2021-02-22T23:00:00+00:00","dateModified":"2023-05-29T09:55:40+00:00","mainEntityOfPage":{"@id":"https:\/\/www.ecoceutics.com\/ca\/respostes-de-salut\/embaras-i-nadons\/fecunditat-anticonceptives\/"},"wordCount":1001,"publisher":{"@id":"https:\/\/www.ecoceutics.com\/ca\/#organization"},"image":{"@id":"https:\/\/www.ecoceutics.com\/ca\/respostes-de-salut\/embaras-i-nadons\/fecunditat-anticonceptives\/#primaryimage"},"thumbnailUrl":"https:\/\/www.ecoceutics.com\/wp-content\/uploads\/2021\/02\/Foto_Embarazo_fecundidad-y-anticonceptivas.jpg","articleSection":["Respostes de salut","Embar\u00e0s i nadons"],"inLanguage":"ca"},{"@type":"WebPage","@id":"https:\/\/www.ecoceutics.com\/ca\/respostes-de-salut\/embaras-i-nadons\/fecunditat-anticonceptives\/","url":"https:\/\/www.ecoceutics.com\/ca\/respostes-de-salut\/embaras-i-nadons\/fecunditat-anticonceptives\/","name":"Fecundar despr\u00e9s de prendre anticonceptives | farm\u00e0cies ecoceutics","isPartOf":{"@id":"https:\/\/www.ecoceutics.com\/ca\/#website"},"primaryImageOfPage":{"@id":"https:\/\/www.ecoceutics.com\/ca\/respostes-de-salut\/embaras-i-nadons\/fecunditat-anticonceptives\/#primaryimage"},"image":{"@id":"https:\/\/www.ecoceutics.com\/ca\/respostes-de-salut\/embaras-i-nadons\/fecunditat-anticonceptives\/#primaryimage"},"thumbnailUrl":"https:\/\/www.ecoceutics.com\/wp-content\/uploads\/2021\/02\/Foto_Embarazo_fecundidad-y-anticonceptivas.jpg","datePublished":"2021-02-22T23:00:00+00:00","dateModified":"2023-05-29T09:55:40+00:00","description":"Costa quedar-se embarassada despr\u00e9s de prendre anticonceptives? Quan de temps puc tardar en concebir? Resolem els teus dubtes!","breadcrumb":{"@id":"https:\/\/www.ecoceutics.com\/ca\/respostes-de-salut\/embaras-i-nadons\/fecunditat-anticonceptives\/#breadcrumb"},"inLanguage":"ca","potentialAction":[{"@type":"ReadAction","target":["https:\/\/www.ecoceutics.com\/ca\/respostes-de-salut\/embaras-i-nadons\/fecunditat-anticonceptives\/"]}]},{"@type":"ImageObject","inLanguage":"ca","@id":"https:\/\/www.ecoceutics.com\/ca\/respostes-de-salut\/embaras-i-nadons\/fecunditat-anticonceptives\/#primaryimage","url":"https:\/\/www.ecoceutics.com\/wp-content\/uploads\/2021\/02\/Foto_Embarazo_fecundidad-y-anticonceptivas.jpg","contentUrl":"https:\/\/www.ecoceutics.com\/wp-content\/uploads\/2021\/02\/Foto_Embarazo_fecundidad-y-anticonceptivas.jpg","width":720,"height":400},{"@type":"BreadcrumbList","@id":"https:\/\/www.ecoceutics.com\/ca\/respostes-de-salut\/embaras-i-nadons\/fecunditat-anticonceptives\/#breadcrumb","itemListElement":[{"@type":"ListItem","position":1,"name":"Portada","item":"https:\/\/www.ecoceutics.com\/ca\/"},{"@type":"ListItem","position":2,"name":"Qu\u00e8 passa amb la fecunditat despr\u00e9s de les anticonceptives?"}]},{"@type":"WebSite","@id":"https:\/\/www.ecoceutics.com\/ca\/#website","url":"https:\/\/www.ecoceutics.com\/ca\/","name":"ecoceutics","description":"Primera red de farmacias independientes bajo una marca","publisher":{"@id":"https:\/\/www.ecoceutics.com\/ca\/#organization"},"potentialAction":[{"@type":"SearchAction","target":{"@type":"EntryPoint","urlTemplate":"https:\/\/www.ecoceutics.com\/ca\/?s={search_term_string}"},"query-input":{"@type":"PropertyValueSpecification","valueRequired":true,"valueName":"search_term_string"}}],"inLanguage":"ca"},{"@type":"Organization","@id":"https:\/\/www.ecoceutics.com\/ca\/#organization","name":"Ecoceutics","url":"https:\/\/www.ecoceutics.com\/ca\/","logo":{"@type":"ImageObject","inLanguage":"ca","@id":"https:\/\/www.ecoceutics.com\/ca\/#\/schema\/logo\/image\/","url":"https:\/\/www.ecoceutics.com\/wp-content\/uploads\/2022\/02\/Logo-Ecoceutics-SVG-01-1.svg","contentUrl":"https:\/\/www.ecoceutics.com\/wp-content\/uploads\/2022\/02\/Logo-Ecoceutics-SVG-01-1.svg","width":232,"height":68,"caption":"Ecoceutics"},"image":{"@id":"https:\/\/www.ecoceutics.com\/ca\/#\/schema\/logo\/image\/"}},{"@type":"Person","@id":"https:\/\/www.ecoceutics.com\/ca\/#\/schema\/person\/1ea99343a86784e00a52c8744dfc7d83","name":"Lorena Crosa","image":{"@type":"ImageObject","inLanguage":"ca","@id":"https:\/\/www.ecoceutics.com\/wp-content\/uploads\/2024\/03\/Lorena-Crosa-100x100.jpg","url":"https:\/\/www.ecoceutics.com\/wp-content\/uploads\/2024\/03\/Lorena-Crosa-100x100.jpg","contentUrl":"https:\/\/www.ecoceutics.com\/wp-content\/uploads\/2024\/03\/Lorena-Crosa-100x100.jpg","caption":"Lorena Crosa"}}]}},"_links":{"self":[{"href":"https:\/\/www.ecoceutics.com\/ca\/wp-json\/wp\/v2\/posts\/16520","targetHints":{"allow":["GET"]}}],"collection":[{"href":"https:\/\/www.ecoceutics.com\/ca\/wp-json\/wp\/v2\/posts"}],"about":[{"href":"https:\/\/www.ecoceutics.com\/ca\/wp-json\/wp\/v2\/types\/post"}],"author":[{"embeddable":true,"href":"https:\/\/www.ecoceutics.com\/ca\/wp-json\/wp\/v2\/users\/4"}],"replies":[{"embeddable":true,"href":"https:\/\/www.ecoceutics.com\/ca\/wp-json\/wp\/v2\/comments?post=16520"}],"version-history":[{"count":0,"href":"https:\/\/www.ecoceutics.com\/ca\/wp-json\/wp\/v2\/posts\/16520\/revisions"}],"wp:featuredmedia":[{"embeddable":true,"href":"https:\/\/www.ecoceutics.com\/ca\/wp-json\/wp\/v2\/media\/19425"}],"wp:attachment":[{"href":"https:\/\/www.ecoceutics.com\/ca\/wp-json\/wp\/v2\/media?parent=16520"}],"wp:term":[{"taxonomy":"category","embeddable":true,"href":"https:\/\/www.ecoceutics.com\/ca\/wp-json\/wp\/v2\/categories?post=16520"},{"taxonomy":"post_tag","embeddable":true,"href":"https:\/\/www.ecoceutics.com\/ca\/wp-json\/wp\/v2\/tags?post=16520"}],"curies":[{"name":"wp","href":"https:\/\/api.w.org\/{rel}","templated":true}]}}