{"id":16540,"date":"2021-04-20T00:00:00","date_gmt":"2021-04-19T22:00:00","guid":{"rendered":"https:\/\/www.ecoceutics.com\/doxiciclina-que-es\/"},"modified":"2021-12-23T11:24:42","modified_gmt":"2021-12-23T10:24:42","slug":"doxiciclina-que-es","status":"publish","type":"post","link":"https:\/\/www.ecoceutics.com\/ca\/respostes-de-salut\/salut\/doxiciclina-que-es\/","title":{"rendered":"Qu\u00e8 \u00e9s la doxiciclina i com funciona?"},"content":{"rendered":"<p>La doxiciclina \u00e9s un antibi\u00f2tic d\u2019ampli espectre, \u00e9s a dir, \u00e9s \u00fatil contra una gran varietat de bacteris. S\u2019utilitza en una \u00e0mplia gamma d\u2019infeccions com ara pneum\u00f2nia, infeccions de pell, malalties&nbsp;genito-urin\u00e0ries i infeccions transmeses per insectes. Per\u00f2 no \u00e9s \u00fatil en tots els casos, ni per a totes les persones, ni sempre es pren de la mateixa manera: t\u2019expliquem en aquest article qu\u00e8 \u00e9s la doxiciclina, per a qu\u00e8 s\u2019usa, i algunes peculiaritats de la seva utilitzaci\u00f3.<\/p>\n<div id=\"ez-toc-container\" class=\"ez-toc-v2_0_82_2 counter-hierarchy ez-toc-counter ez-toc-custom ez-toc-container-direction\">\n<div class=\"ez-toc-title-container\">\n<p class=\"ez-toc-title\" style=\"cursor:inherit\">Contenido de la p\u00e1gina<\/p>\n<span class=\"ez-toc-title-toggle\"><a href=\"#\" class=\"ez-toc-pull-right ez-toc-btn ez-toc-btn-xs ez-toc-btn-default ez-toc-toggle\" aria-label=\"Toggle Table of Content\"><span class=\"ez-toc-js-icon-con\"><span class=\"\"><span class=\"eztoc-hide\" style=\"display:none;\">Toggle<\/span><span class=\"ez-toc-icon-toggle-span\"><svg style=\"fill: #333333;color:#333333\" xmlns=\"http:\/\/www.w3.org\/2000\/svg\" class=\"list-377408\" width=\"20px\" height=\"20px\" viewBox=\"0 0 24 24\" fill=\"none\"><path d=\"M6 6H4v2h2V6zm14 0H8v2h12V6zM4 11h2v2H4v-2zm16 0H8v2h12v-2zM4 16h2v2H4v-2zm16 0H8v2h12v-2z\" fill=\"currentColor\"><\/path><\/svg><svg style=\"fill: #333333;color:#333333\" class=\"arrow-unsorted-368013\" xmlns=\"http:\/\/www.w3.org\/2000\/svg\" width=\"10px\" height=\"10px\" viewBox=\"0 0 24 24\" version=\"1.2\" baseProfile=\"tiny\"><path d=\"M18.2 9.3l-6.2-6.3-6.2 6.3c-.2.2-.3.4-.3.7s.1.5.3.7c.2.2.4.3.7.3h11c.3 0 .5-.1.7-.3.2-.2.3-.5.3-.7s-.1-.5-.3-.7zM5.8 14.7l6.2 6.3 6.2-6.3c.2-.2.3-.5.3-.7s-.1-.5-.3-.7c-.2-.2-.4-.3-.7-.3h-11c-.3 0-.5.1-.7.3-.2.2-.3.5-.3.7s.1.5.3.7z\"\/><\/svg><\/span><\/span><\/span><\/a><\/span><\/div>\n<nav><ul class='ez-toc-list ez-toc-list-level-1 ' ><li class='ez-toc-page-1 ez-toc-heading-level-2'><a class=\"ez-toc-link ez-toc-heading-1\" href=\"https:\/\/www.ecoceutics.com\/ca\/respostes-de-salut\/salut\/doxiciclina-que-es\/#que-es-i-com-funciona-la-doxiciclina\" >Qu\u00e8 \u00e9s i com funciona la doxiciclina?<\/a><\/li><li class='ez-toc-page-1 ez-toc-heading-level-2'><a class=\"ez-toc-link ez-toc-heading-2\" href=\"https:\/\/www.ecoceutics.com\/ca\/respostes-de-salut\/salut\/doxiciclina-que-es\/#com-es-pren-la-doxiciclina\" >Com es pren la doxiciclina?<\/a><\/li><li class='ez-toc-page-1 ez-toc-heading-level-2'><a class=\"ez-toc-link ez-toc-heading-3\" href=\"https:\/\/www.ecoceutics.com\/ca\/respostes-de-salut\/salut\/doxiciclina-que-es\/#quins-efectes-adversos-pot-presentar-la-doxiciclina\" >Quins efectes adversos pot presentar la doxiciclina?<\/a><\/li><li class='ez-toc-page-1 ez-toc-heading-level-2'><a class=\"ez-toc-link ez-toc-heading-4\" href=\"https:\/\/www.ecoceutics.com\/ca\/respostes-de-salut\/salut\/doxiciclina-que-es\/#la-doxiciclina-te-contraindicacions\" >La doxiciclina t\u00e9 contraindicacions?<\/a><\/li><\/ul><\/nav><\/div>\n<h2><span class=\"ez-toc-section\" id=\"que-es-i-com-funciona-la-doxiciclina\"><\/span>Qu\u00e8 \u00e9s i com funciona la doxiciclina?<span class=\"ez-toc-section-end\"><\/span><\/h2>\n<p>La doxiciclina pertany a la fam\u00edlia de les tetraciclines, una fam\u00edlia coneguda des de finals de la d\u00e8cada dels 40. Les primeres tetraciclines descobertes (aureomicina, terramicina) van ser les tetraciclines naturals sintetitzades per bacteris del g\u00e8nere&nbsp;Streptomyces, per\u00f2 la modificaci\u00f3 sint\u00e8tica d\u2019aquestes mol\u00e8cules va donar lloc a versions m\u00e9s estables i eficaces com la tetraciclina o la doxiciclina. La doxiciclina va ser autoritzada per primera vegada per la&nbsp;FDA&nbsp;(\u00abl\u2019ag\u00e8ncia del medicament dels Estats Units\u00bb) en 1967.<\/p>\n<p>Oficialment la doxiciclina \u00e9s un bacteriost\u00e0tic, \u00e9s a dir, impedeix el creixement i la reproducci\u00f3 dels bacteris, per\u00f2 no les mata. Els bacteris podrien romandre viables i continuar reproduint-se en desapar\u00e8ixer l\u2019antibi\u00f2tic del mitj\u00e0 si no fos perqu\u00e8 aquesta \u00abaturada\u00bb \u00e9s aprofitada pel sistema immune per a eliminar la infecci\u00f3 de l\u2019organisme. La doxiciclina impedeix la s\u00edntesi de prote\u00efnes en els ribosomes, impedint la correcta lectura de la informaci\u00f3 gen\u00e8tica que codifica una prote\u00efna. Lamentablement alguns bacteris han desenvolupat resist\u00e8ncia a aquest antibi\u00f2tic, protegint al ribosoma o expulsant a l\u2019antibi\u00f2tic cap a l\u2019exterior, per la qual cosa ja no \u00e9s tan \u00fatil com ho era alguns anys enrere.<\/p>\n<p>La doxiciclina tamb\u00e9 ha demostrat un cert efecte antiinflamatori, \u00fatil en el tractament de l\u2019acne moderada o greu i la ros\u00e0cia&nbsp;p\u00e0pulo-pustulosa. Aquesta acci\u00f3 funciona a trav\u00e9s de diversos mecanismes possibles, entre els quals es compten la inhibici\u00f3 d\u2019enzims que augmenten en processos inflamatoris o la inhibici\u00f3 de l\u2019activaci\u00f3 de certs receptors. Per aquest efecte antiinflamatori tamb\u00e9 es va postular a la doxiciclina com a possible tractament per a la covid-19, perqu\u00e8 podria controlar el mal al pulm\u00f3 generat per la reacci\u00f3 del sistema immune, per\u00f2 els assajos cl\u00ednics encara no han donat resultats concloents.<br \/>\nTamb\u00e9 s\u2019est\u00e0 investigant l\u2019\u00fas de la doxiciclina com a medicament en ter\u00e0pia oncol\u00f2gica, sense que hagi fet encara el salt des dels assajos cl\u00ednics fins a la utilitzaci\u00f3 en guies cl\u00edniques.<\/p>\n<h2><span class=\"ez-toc-section\" id=\"com-es-pren-la-doxiciclina\"><\/span>Com es pren la doxiciclina?<span class=\"ez-toc-section-end\"><\/span><\/h2>\n<p>\u00c9s important prendre la doxiciclina segons la pauta que indica el metge, perqu\u00e8 depenent del problema de salut a tractar la posologia de la doxiciclina canvia:<\/p>\n<ul>\n<li>Per al tractament de l\u2019acne s\u2019utilitza la dosi de 100 mg durant tres-sis mesos, per\u00f2 no m\u00e9s d\u2019aquest temps per a evitar l\u2019aparici\u00f3 de resist\u00e8ncies.<\/li>\n<li>Per a tractar el c\u00f2lera (en soques que encara s\u00f3n sensibles a la doxiciclina) s\u2019utilitzen 300 mg en dosi \u00fanica.<\/li>\n<li>Per a tractar la ros\u00e0cia poden utilitzar-se 40 mg diaris, encara que molts casos requereixen dosis majors (50-100 mg).<\/li>\n<li>Per a tractar la s\u00edfilis prim\u00e0ria s\u2019utilitzen 100 mg\/12 hores durant&nbsp;14&nbsp;dies.<\/li>\n<li>En infeccions en nens es pauta en funci\u00f3 del pes, el lloc d\u2019infecci\u00f3 i la gravetat de la malaltia.<\/li>\n<\/ul>\n<p>I hi ha m\u00e9s posologies per a m\u00e9s patologies! Perqu\u00e8 la doxiciclina continu\u00ef sent un antibi\u00f2tic \u00fatil \u00e9s important utilitzar-la com ho ha indicat el metge i mai per compte propi; utilitzar-la de manera incorrecta ajuda a la propagaci\u00f3 de resist\u00e8ncies bacterianes.<\/p>\n<p>Finalment, \u00e9s important prendre la doxiciclina amb abundant aigua i evitant tombar-te durant almenys una hora, ja que \u00e9s una medicaci\u00f3 que pot irritar l\u2019es\u00f2fag fins al punt de causar \u00falceres. Aquest efecte disminueix quan es pren juntament amb els menjars, per\u00f2 compte: has d\u2019evitar que el menjar sigui ric en llet, perqu\u00e8 el calci dificulta l\u2019absorci\u00f3 de la doxiciclina. Tampoc has de prendre un comprimit de doxiciclina juntament amb suplements rics en ferro o zinc, o fins i tot amb anti\u00e0cids, perqu\u00e8 les sals que contenen poden impedir la seva absorci\u00f3.<\/p>\n<h2><span class=\"ez-toc-section\" id=\"quins-efectes-adversos-pot-presentar-la-doxiciclina\"><\/span>Quins efectes adversos pot presentar la doxiciclina?<span class=\"ez-toc-section-end\"><\/span><\/h2>\n<p>Els efectes adversos m\u00e9s comuns s\u00f3n els seg\u00fcents:<\/p>\n<ul>\n<li>Mal de cap.<\/li>\n<li>Malestar general.<\/li>\n<li>Fotosensibilitat (important usar fotoprotector mentre dura el tractament amb doxiciclina).<\/li>\n<li>Mol\u00e8sties digestives que van des de diarrees fins a irritaci\u00f3 de l\u2019es\u00f2fag.<\/li>\n<li>Decoloraci\u00f3 i taques dentals en nens. Hist\u00f2ricament s\u2019ha reservat les tetraciclines per a nens majors de&nbsp;8&nbsp;anys (i aix\u00ed i tot amb prud\u00e8ncia), ja que la fam\u00edlia de les tetraciclines t\u00e9 una alta afinitat pel calci. Aquesta afinitat es tradueix en taques dentals i fins i tot retard en el desenvolupament dels ossos. Per\u00f2 en el cas particular de la doxiciclina s\u2019est\u00e0 veient que \u00e9s la que menys presenta aquest efecte dins de les fam\u00edlies de les tetraciclines, sobretot en tractaments curts, per la qual cosa l\u2019\u00fas de doxiciclina en nens petits podria estar justificat.<\/li>\n<li>Al\u00b7l\u00e8rgia al medicament.<\/li>\n<\/ul>\n<p>Hi ha altres reaccions adverses menys freq\u00fcents, i si necessites consultar-les veur\u00e0s que apareixen llistades en el prospecte del medicament. \u00c9s recomanable guardar el prospecte al llarg de tot el tractament, aix\u00ed pots consultar efectes adversos o interaccions r\u00e0pidament quan tinguis un dubte.<\/p>\n<h2><span class=\"ez-toc-section\" id=\"la-doxiciclina-te-contraindicacions\"><\/span>La doxiciclina t\u00e9 contraindicacions?<span class=\"ez-toc-section-end\"><\/span><\/h2>\n<p>En principi les persones que no han de prendre doxiciclina s\u00f3n les persones al\u00b7l\u00e8rgiques a les tetraciclines. Tampoc es recomana utilitzar-la durant l\u2019embar\u00e0s, ja que l\u2019afinitat de les tetraciclines pel calci pot afectar el desenvolupament d\u2019ossos i dents del nad\u00f3. No obstant aix\u00f2, hi ha dues coses que s\u2019han de tenir en compte:<\/p>\n<ul>\n<li>La doxiciclina \u00e9s la mol\u00e8cula de la fam\u00edlia que menys problemes ha demostrat donar en l\u2019embar\u00e0s.<\/li>\n<li>Si les pautes s\u00f3n curtes i a dosis raonables, \u00e9s m\u00e9s f\u00e0cil que no hi hagi cap mal per al nad\u00f3.<\/li>\n<\/ul>\n<p>L\u2019\u00fas de doxiciclina en l\u2019embar\u00e0s ha de ser acuradament valorat pel metge, considerant el benefici per a la mare i el risc per al nad\u00f3, i es considera acceptable quan el benefici per a la mare supera el possible risc per al nad\u00f3.<\/p>\n<p>Altres poblacions que han d\u2019utilitzar doxiciclina despr\u00e9s d\u2019una valoraci\u00f3 acurada s\u00f3n:<\/p>\n<ul>\n<li>Els nens (pel problema amb el calci de les dents que coment\u00e0vem anteriorment).<\/li>\n<li>Les persones que utilitzen anticoagulants (pot augmentar l\u2019efecte anticoagulant).<\/li>\n<li>Persones amb problemes hep\u00e0tics (s\u2019han descrit casos d\u2019alteraci\u00f3 hep\u00e0tica, sobretot en combinaci\u00f3 amb altres medicaments).<\/li>\n<\/ul>\n<p>Si et sorgeixen dubtes respecte al teu tractament amb doxiciclina i no pots contactar amb el teu metge recorda que comptes amb el teu farmac\u00e8utic de confian\u00e7a, que pot aclarir-te molts dubtes respecte a l\u2019\u00fas de la doxiciclina.<\/p>\n","protected":false},"excerpt":{"rendered":"<p>La doxiciclina \u00e9s un antibi\u00f2tic d\u2019ampli espectre, \u00e9s a dir, \u00e9s \u00fatil contra una gran varietat de bacteris. S\u2019utilitza en una \u00e0mplia gamma d\u2019infeccions com ara pneum\u00f2nia, infeccions de pell, malalties&nbsp;genito-urin\u00e0ries i infeccions transmeses per insectes. Per\u00f2 no \u00e9s \u00fatil en tots els casos, ni per a totes les persones, ni sempre es pren de [&hellip;]<\/p>\n","protected":false},"author":4,"featured_media":18008,"comment_status":"closed","ping_status":"closed","sticky":false,"template":"","format":"standard","meta":{"_acf_changed":false,"inline_featured_image":false,"_mbp_gutenberg_autopost":false,"footnotes":""},"categories":[4,1],"tags":[],"class_list":["post-16540","post","type-post","status-publish","format-standard","has-post-thumbnail","hentry","category-respostes-de-salut","category-salut"],"acf":[],"yoast_head":"<!-- This site is optimized with the Yoast SEO plugin v27.5 - https:\/\/yoast.com\/product\/yoast-seo-wordpress\/ -->\n<title>Qu\u00e8 \u00e9s la doxiciclina i com funciona? | farm\u00e0cies ecoceutics<\/title>\n<meta name=\"description\" content=\"La doxiciclina \u00e9s un antibi\u00f2tic d&#039;ampli espectre, \u00e9s a dir, \u00e9s \u00fatil contra una gran varietat d&#039;infeccions com la pneum\u00f2nia, acne, ros\u00e0cia...\" \/>\n<meta name=\"robots\" content=\"index, follow, max-snippet:-1, max-image-preview:large, max-video-preview:-1\" \/>\n<link rel=\"canonical\" href=\"https:\/\/www.ecoceutics.com\/ca\/respostes-de-salut\/salut\/doxiciclina-que-es\/\" \/>\n<meta property=\"og:locale\" content=\"ca_ES\" \/>\n<meta property=\"og:type\" content=\"article\" \/>\n<meta property=\"og:title\" content=\"Qu\u00e8 \u00e9s la doxiciclina i com funciona? | farm\u00e0cies ecoceutics\" \/>\n<meta property=\"og:description\" content=\"La doxiciclina \u00e9s un antibi\u00f2tic d&#039;ampli espectre, \u00e9s a dir, \u00e9s \u00fatil contra una gran varietat d&#039;infeccions com la pneum\u00f2nia, acne, ros\u00e0cia...\" \/>\n<meta property=\"og:url\" content=\"https:\/\/www.ecoceutics.com\/ca\/respostes-de-salut\/salut\/doxiciclina-que-es\/\" \/>\n<meta property=\"og:site_name\" content=\"ecoceutics\" \/>\n<meta property=\"article:published_time\" content=\"2021-04-19T22:00:00+00:00\" \/>\n<meta property=\"article:modified_time\" content=\"2021-12-23T10:24:42+00:00\" \/>\n<meta property=\"og:image\" content=\"https:\/\/www.ecoceutics.com\/wp-content\/uploads\/2021\/09\/Plantilla_FOTOS-EXTERIOR-POST1-4.jpg\" \/>\n\t<meta property=\"og:image:width\" content=\"800\" \/>\n\t<meta property=\"og:image:height\" content=\"800\" \/>\n\t<meta property=\"og:image:type\" content=\"image\/png\" \/>\n<meta name=\"author\" content=\"Lorena Crosa\" \/>\n<meta name=\"twitter:card\" content=\"summary_large_image\" \/>\n<meta name=\"twitter:label1\" content=\"Escrit per\" \/>\n\t<meta name=\"twitter:data1\" content=\"Lorena Crosa\" \/>\n\t<meta name=\"twitter:label2\" content=\"Temps estimat de lectura\" \/>\n\t<meta name=\"twitter:data2\" content=\"5 minuts\" \/>\n<script type=\"application\/ld+json\" class=\"yoast-schema-graph\">{\"@context\":\"https:\\\/\\\/schema.org\",\"@graph\":[{\"@type\":\"Article\",\"@id\":\"https:\\\/\\\/www.ecoceutics.com\\\/ca\\\/respostes-de-salut\\\/salut\\\/doxiciclina-que-es\\\/#article\",\"isPartOf\":{\"@id\":\"https:\\\/\\\/www.ecoceutics.com\\\/ca\\\/respostes-de-salut\\\/salut\\\/doxiciclina-que-es\\\/\"},\"author\":{\"name\":\"Lorena Crosa\",\"@id\":\"https:\\\/\\\/www.ecoceutics.com\\\/ca\\\/#\\\/schema\\\/person\\\/1ea99343a86784e00a52c8744dfc7d83\"},\"headline\":\"Qu\u00e8 \u00e9s la doxiciclina i com funciona?\",\"datePublished\":\"2021-04-19T22:00:00+00:00\",\"dateModified\":\"2021-12-23T10:24:42+00:00\",\"mainEntityOfPage\":{\"@id\":\"https:\\\/\\\/www.ecoceutics.com\\\/ca\\\/respostes-de-salut\\\/salut\\\/doxiciclina-que-es\\\/\"},\"wordCount\":1189,\"publisher\":{\"@id\":\"https:\\\/\\\/www.ecoceutics.com\\\/ca\\\/#organization\"},\"image\":{\"@id\":\"https:\\\/\\\/www.ecoceutics.com\\\/ca\\\/respostes-de-salut\\\/salut\\\/doxiciclina-que-es\\\/#primaryimage\"},\"thumbnailUrl\":\"https:\\\/\\\/www.ecoceutics.com\\\/wp-content\\\/uploads\\\/2021\\\/09\\\/Plantilla_FOTOS-EXTERIOR-POST1-4.jpg\",\"articleSection\":[\"Respostes de salut\",\"Salut\"],\"inLanguage\":\"ca\"},{\"@type\":\"WebPage\",\"@id\":\"https:\\\/\\\/www.ecoceutics.com\\\/ca\\\/respostes-de-salut\\\/salut\\\/doxiciclina-que-es\\\/\",\"url\":\"https:\\\/\\\/www.ecoceutics.com\\\/ca\\\/respostes-de-salut\\\/salut\\\/doxiciclina-que-es\\\/\",\"name\":\"Qu\u00e8 \u00e9s la doxiciclina i com funciona? | farm\u00e0cies ecoceutics\",\"isPartOf\":{\"@id\":\"https:\\\/\\\/www.ecoceutics.com\\\/ca\\\/#website\"},\"primaryImageOfPage\":{\"@id\":\"https:\\\/\\\/www.ecoceutics.com\\\/ca\\\/respostes-de-salut\\\/salut\\\/doxiciclina-que-es\\\/#primaryimage\"},\"image\":{\"@id\":\"https:\\\/\\\/www.ecoceutics.com\\\/ca\\\/respostes-de-salut\\\/salut\\\/doxiciclina-que-es\\\/#primaryimage\"},\"thumbnailUrl\":\"https:\\\/\\\/www.ecoceutics.com\\\/wp-content\\\/uploads\\\/2021\\\/09\\\/Plantilla_FOTOS-EXTERIOR-POST1-4.jpg\",\"datePublished\":\"2021-04-19T22:00:00+00:00\",\"dateModified\":\"2021-12-23T10:24:42+00:00\",\"description\":\"La doxiciclina \u00e9s un antibi\u00f2tic d'ampli espectre, \u00e9s a dir, \u00e9s \u00fatil contra una gran varietat d'infeccions com la pneum\u00f2nia, acne, ros\u00e0cia...\",\"breadcrumb\":{\"@id\":\"https:\\\/\\\/www.ecoceutics.com\\\/ca\\\/respostes-de-salut\\\/salut\\\/doxiciclina-que-es\\\/#breadcrumb\"},\"inLanguage\":\"ca\",\"potentialAction\":[{\"@type\":\"ReadAction\",\"target\":[\"https:\\\/\\\/www.ecoceutics.com\\\/ca\\\/respostes-de-salut\\\/salut\\\/doxiciclina-que-es\\\/\"]}]},{\"@type\":\"ImageObject\",\"inLanguage\":\"ca\",\"@id\":\"https:\\\/\\\/www.ecoceutics.com\\\/ca\\\/respostes-de-salut\\\/salut\\\/doxiciclina-que-es\\\/#primaryimage\",\"url\":\"https:\\\/\\\/www.ecoceutics.com\\\/wp-content\\\/uploads\\\/2021\\\/09\\\/Plantilla_FOTOS-EXTERIOR-POST1-4.jpg\",\"contentUrl\":\"https:\\\/\\\/www.ecoceutics.com\\\/wp-content\\\/uploads\\\/2021\\\/09\\\/Plantilla_FOTOS-EXTERIOR-POST1-4.jpg\",\"width\":800,\"height\":800},{\"@type\":\"BreadcrumbList\",\"@id\":\"https:\\\/\\\/www.ecoceutics.com\\\/ca\\\/respostes-de-salut\\\/salut\\\/doxiciclina-que-es\\\/#breadcrumb\",\"itemListElement\":[{\"@type\":\"ListItem\",\"position\":1,\"name\":\"Portada\",\"item\":\"https:\\\/\\\/www.ecoceutics.com\\\/ca\\\/\"},{\"@type\":\"ListItem\",\"position\":2,\"name\":\"Qu\u00e8 \u00e9s la doxiciclina i com funciona?\"}]},{\"@type\":\"WebSite\",\"@id\":\"https:\\\/\\\/www.ecoceutics.com\\\/ca\\\/#website\",\"url\":\"https:\\\/\\\/www.ecoceutics.com\\\/ca\\\/\",\"name\":\"ecoceutics\",\"description\":\"Primera red de farmacias independientes bajo una marca\",\"publisher\":{\"@id\":\"https:\\\/\\\/www.ecoceutics.com\\\/ca\\\/#organization\"},\"potentialAction\":[{\"@type\":\"SearchAction\",\"target\":{\"@type\":\"EntryPoint\",\"urlTemplate\":\"https:\\\/\\\/www.ecoceutics.com\\\/ca\\\/?s={search_term_string}\"},\"query-input\":{\"@type\":\"PropertyValueSpecification\",\"valueRequired\":true,\"valueName\":\"search_term_string\"}}],\"inLanguage\":\"ca\"},{\"@type\":\"Organization\",\"@id\":\"https:\\\/\\\/www.ecoceutics.com\\\/ca\\\/#organization\",\"name\":\"Ecoceutics\",\"url\":\"https:\\\/\\\/www.ecoceutics.com\\\/ca\\\/\",\"logo\":{\"@type\":\"ImageObject\",\"inLanguage\":\"ca\",\"@id\":\"https:\\\/\\\/www.ecoceutics.com\\\/ca\\\/#\\\/schema\\\/logo\\\/image\\\/\",\"url\":\"https:\\\/\\\/www.ecoceutics.com\\\/wp-content\\\/uploads\\\/2022\\\/02\\\/Logo-Ecoceutics-SVG-01-1.svg\",\"contentUrl\":\"https:\\\/\\\/www.ecoceutics.com\\\/wp-content\\\/uploads\\\/2022\\\/02\\\/Logo-Ecoceutics-SVG-01-1.svg\",\"width\":232,\"height\":68,\"caption\":\"Ecoceutics\"},\"image\":{\"@id\":\"https:\\\/\\\/www.ecoceutics.com\\\/ca\\\/#\\\/schema\\\/logo\\\/image\\\/\"}},{\"@type\":\"Person\",\"@id\":\"https:\\\/\\\/www.ecoceutics.com\\\/ca\\\/#\\\/schema\\\/person\\\/1ea99343a86784e00a52c8744dfc7d83\",\"name\":\"Lorena Crosa\",\"image\":{\"@type\":\"ImageObject\",\"inLanguage\":\"ca\",\"@id\":\"https:\\\/\\\/www.ecoceutics.com\\\/wp-content\\\/uploads\\\/2024\\\/03\\\/Lorena-Crosa-100x100.jpg\",\"url\":\"https:\\\/\\\/www.ecoceutics.com\\\/wp-content\\\/uploads\\\/2024\\\/03\\\/Lorena-Crosa-100x100.jpg\",\"contentUrl\":\"https:\\\/\\\/www.ecoceutics.com\\\/wp-content\\\/uploads\\\/2024\\\/03\\\/Lorena-Crosa-100x100.jpg\",\"caption\":\"Lorena Crosa\"}}]}<\/script>\n<!-- \/ Yoast SEO plugin. -->","yoast_head_json":{"title":"Qu\u00e8 \u00e9s la doxiciclina i com funciona? | farm\u00e0cies ecoceutics","description":"La doxiciclina \u00e9s un antibi\u00f2tic d'ampli espectre, \u00e9s a dir, \u00e9s \u00fatil contra una gran varietat d'infeccions com la pneum\u00f2nia, acne, ros\u00e0cia...","robots":{"index":"index","follow":"follow","max-snippet":"max-snippet:-1","max-image-preview":"max-image-preview:large","max-video-preview":"max-video-preview:-1"},"canonical":"https:\/\/www.ecoceutics.com\/ca\/respostes-de-salut\/salut\/doxiciclina-que-es\/","og_locale":"ca_ES","og_type":"article","og_title":"Qu\u00e8 \u00e9s la doxiciclina i com funciona? | farm\u00e0cies ecoceutics","og_description":"La doxiciclina \u00e9s un antibi\u00f2tic d'ampli espectre, \u00e9s a dir, \u00e9s \u00fatil contra una gran varietat d'infeccions com la pneum\u00f2nia, acne, ros\u00e0cia...","og_url":"https:\/\/www.ecoceutics.com\/ca\/respostes-de-salut\/salut\/doxiciclina-que-es\/","og_site_name":"ecoceutics","article_published_time":"2021-04-19T22:00:00+00:00","article_modified_time":"2021-12-23T10:24:42+00:00","og_image":[{"width":800,"height":800,"url":"https:\/\/www.ecoceutics.com\/wp-content\/uploads\/2021\/09\/Plantilla_FOTOS-EXTERIOR-POST1-4.jpg","type":"image\/png"}],"author":"Lorena Crosa","twitter_card":"summary_large_image","twitter_misc":{"Escrit per":"Lorena Crosa","Temps estimat de lectura":"5 minuts"},"schema":{"@context":"https:\/\/schema.org","@graph":[{"@type":"Article","@id":"https:\/\/www.ecoceutics.com\/ca\/respostes-de-salut\/salut\/doxiciclina-que-es\/#article","isPartOf":{"@id":"https:\/\/www.ecoceutics.com\/ca\/respostes-de-salut\/salut\/doxiciclina-que-es\/"},"author":{"name":"Lorena Crosa","@id":"https:\/\/www.ecoceutics.com\/ca\/#\/schema\/person\/1ea99343a86784e00a52c8744dfc7d83"},"headline":"Qu\u00e8 \u00e9s la doxiciclina i com funciona?","datePublished":"2021-04-19T22:00:00+00:00","dateModified":"2021-12-23T10:24:42+00:00","mainEntityOfPage":{"@id":"https:\/\/www.ecoceutics.com\/ca\/respostes-de-salut\/salut\/doxiciclina-que-es\/"},"wordCount":1189,"publisher":{"@id":"https:\/\/www.ecoceutics.com\/ca\/#organization"},"image":{"@id":"https:\/\/www.ecoceutics.com\/ca\/respostes-de-salut\/salut\/doxiciclina-que-es\/#primaryimage"},"thumbnailUrl":"https:\/\/www.ecoceutics.com\/wp-content\/uploads\/2021\/09\/Plantilla_FOTOS-EXTERIOR-POST1-4.jpg","articleSection":["Respostes de salut","Salut"],"inLanguage":"ca"},{"@type":"WebPage","@id":"https:\/\/www.ecoceutics.com\/ca\/respostes-de-salut\/salut\/doxiciclina-que-es\/","url":"https:\/\/www.ecoceutics.com\/ca\/respostes-de-salut\/salut\/doxiciclina-que-es\/","name":"Qu\u00e8 \u00e9s la doxiciclina i com funciona? | farm\u00e0cies ecoceutics","isPartOf":{"@id":"https:\/\/www.ecoceutics.com\/ca\/#website"},"primaryImageOfPage":{"@id":"https:\/\/www.ecoceutics.com\/ca\/respostes-de-salut\/salut\/doxiciclina-que-es\/#primaryimage"},"image":{"@id":"https:\/\/www.ecoceutics.com\/ca\/respostes-de-salut\/salut\/doxiciclina-que-es\/#primaryimage"},"thumbnailUrl":"https:\/\/www.ecoceutics.com\/wp-content\/uploads\/2021\/09\/Plantilla_FOTOS-EXTERIOR-POST1-4.jpg","datePublished":"2021-04-19T22:00:00+00:00","dateModified":"2021-12-23T10:24:42+00:00","description":"La doxiciclina \u00e9s un antibi\u00f2tic d'ampli espectre, \u00e9s a dir, \u00e9s \u00fatil contra una gran varietat d'infeccions com la pneum\u00f2nia, acne, ros\u00e0cia...","breadcrumb":{"@id":"https:\/\/www.ecoceutics.com\/ca\/respostes-de-salut\/salut\/doxiciclina-que-es\/#breadcrumb"},"inLanguage":"ca","potentialAction":[{"@type":"ReadAction","target":["https:\/\/www.ecoceutics.com\/ca\/respostes-de-salut\/salut\/doxiciclina-que-es\/"]}]},{"@type":"ImageObject","inLanguage":"ca","@id":"https:\/\/www.ecoceutics.com\/ca\/respostes-de-salut\/salut\/doxiciclina-que-es\/#primaryimage","url":"https:\/\/www.ecoceutics.com\/wp-content\/uploads\/2021\/09\/Plantilla_FOTOS-EXTERIOR-POST1-4.jpg","contentUrl":"https:\/\/www.ecoceutics.com\/wp-content\/uploads\/2021\/09\/Plantilla_FOTOS-EXTERIOR-POST1-4.jpg","width":800,"height":800},{"@type":"BreadcrumbList","@id":"https:\/\/www.ecoceutics.com\/ca\/respostes-de-salut\/salut\/doxiciclina-que-es\/#breadcrumb","itemListElement":[{"@type":"ListItem","position":1,"name":"Portada","item":"https:\/\/www.ecoceutics.com\/ca\/"},{"@type":"ListItem","position":2,"name":"Qu\u00e8 \u00e9s la doxiciclina i com funciona?"}]},{"@type":"WebSite","@id":"https:\/\/www.ecoceutics.com\/ca\/#website","url":"https:\/\/www.ecoceutics.com\/ca\/","name":"ecoceutics","description":"Primera red de farmacias independientes bajo una marca","publisher":{"@id":"https:\/\/www.ecoceutics.com\/ca\/#organization"},"potentialAction":[{"@type":"SearchAction","target":{"@type":"EntryPoint","urlTemplate":"https:\/\/www.ecoceutics.com\/ca\/?s={search_term_string}"},"query-input":{"@type":"PropertyValueSpecification","valueRequired":true,"valueName":"search_term_string"}}],"inLanguage":"ca"},{"@type":"Organization","@id":"https:\/\/www.ecoceutics.com\/ca\/#organization","name":"Ecoceutics","url":"https:\/\/www.ecoceutics.com\/ca\/","logo":{"@type":"ImageObject","inLanguage":"ca","@id":"https:\/\/www.ecoceutics.com\/ca\/#\/schema\/logo\/image\/","url":"https:\/\/www.ecoceutics.com\/wp-content\/uploads\/2022\/02\/Logo-Ecoceutics-SVG-01-1.svg","contentUrl":"https:\/\/www.ecoceutics.com\/wp-content\/uploads\/2022\/02\/Logo-Ecoceutics-SVG-01-1.svg","width":232,"height":68,"caption":"Ecoceutics"},"image":{"@id":"https:\/\/www.ecoceutics.com\/ca\/#\/schema\/logo\/image\/"}},{"@type":"Person","@id":"https:\/\/www.ecoceutics.com\/ca\/#\/schema\/person\/1ea99343a86784e00a52c8744dfc7d83","name":"Lorena Crosa","image":{"@type":"ImageObject","inLanguage":"ca","@id":"https:\/\/www.ecoceutics.com\/wp-content\/uploads\/2024\/03\/Lorena-Crosa-100x100.jpg","url":"https:\/\/www.ecoceutics.com\/wp-content\/uploads\/2024\/03\/Lorena-Crosa-100x100.jpg","contentUrl":"https:\/\/www.ecoceutics.com\/wp-content\/uploads\/2024\/03\/Lorena-Crosa-100x100.jpg","caption":"Lorena Crosa"}}]}},"_links":{"self":[{"href":"https:\/\/www.ecoceutics.com\/ca\/wp-json\/wp\/v2\/posts\/16540","targetHints":{"allow":["GET"]}}],"collection":[{"href":"https:\/\/www.ecoceutics.com\/ca\/wp-json\/wp\/v2\/posts"}],"about":[{"href":"https:\/\/www.ecoceutics.com\/ca\/wp-json\/wp\/v2\/types\/post"}],"author":[{"embeddable":true,"href":"https:\/\/www.ecoceutics.com\/ca\/wp-json\/wp\/v2\/users\/4"}],"replies":[{"embeddable":true,"href":"https:\/\/www.ecoceutics.com\/ca\/wp-json\/wp\/v2\/comments?post=16540"}],"version-history":[{"count":0,"href":"https:\/\/www.ecoceutics.com\/ca\/wp-json\/wp\/v2\/posts\/16540\/revisions"}],"wp:featuredmedia":[{"embeddable":true,"href":"https:\/\/www.ecoceutics.com\/ca\/wp-json\/wp\/v2\/media\/18008"}],"wp:attachment":[{"href":"https:\/\/www.ecoceutics.com\/ca\/wp-json\/wp\/v2\/media?parent=16540"}],"wp:term":[{"taxonomy":"category","embeddable":true,"href":"https:\/\/www.ecoceutics.com\/ca\/wp-json\/wp\/v2\/categories?post=16540"},{"taxonomy":"post_tag","embeddable":true,"href":"https:\/\/www.ecoceutics.com\/ca\/wp-json\/wp\/v2\/tags?post=16540"}],"curies":[{"name":"wp","href":"https:\/\/api.w.org\/{rel}","templated":true}]}}