{"id":16547,"date":"2021-05-12T00:00:00","date_gmt":"2021-05-11T22:00:00","guid":{"rendered":"https:\/\/www.ecoceutics.com\/test-autodiagnostic-covid\/"},"modified":"2023-03-10T11:55:27","modified_gmt":"2023-03-10T10:55:27","slug":"test-covid","status":"publish","type":"post","link":"https:\/\/www.ecoceutics.com\/ca\/respostes-de-salut\/salut\/test-covid\/","title":{"rendered":"Preguntes freq\u00fcents sobre el test d&#8217;autodiagn\u00f2stic de COVID-19"},"content":{"rendered":"<p>Les farm\u00e0cies ja poden dispensar els test d\u2019autodiagn\u00f2stic de COVID-19. Per aquest motiu les farm\u00e0cies Ecoceutics recullen les preguntes m\u00e9s freq\u00fcents sobre l\u2019\u00fas d\u2019aquests tests:<\/p>\n<div id=\"ez-toc-container\" class=\"ez-toc-v2_0_82_2 counter-hierarchy ez-toc-counter ez-toc-custom ez-toc-container-direction\">\n<div class=\"ez-toc-title-container\">\n<p class=\"ez-toc-title\" style=\"cursor:inherit\">Contenido de la p\u00e1gina<\/p>\n<span class=\"ez-toc-title-toggle\"><a href=\"#\" class=\"ez-toc-pull-right ez-toc-btn ez-toc-btn-xs ez-toc-btn-default ez-toc-toggle\" aria-label=\"Toggle Table of Content\"><span class=\"ez-toc-js-icon-con\"><span class=\"\"><span class=\"eztoc-hide\" style=\"display:none;\">Toggle<\/span><span class=\"ez-toc-icon-toggle-span\"><svg style=\"fill: #333333;color:#333333\" xmlns=\"http:\/\/www.w3.org\/2000\/svg\" class=\"list-377408\" width=\"20px\" height=\"20px\" viewBox=\"0 0 24 24\" fill=\"none\"><path d=\"M6 6H4v2h2V6zm14 0H8v2h12V6zM4 11h2v2H4v-2zm16 0H8v2h12v-2zM4 16h2v2H4v-2zm16 0H8v2h12v-2z\" fill=\"currentColor\"><\/path><\/svg><svg style=\"fill: #333333;color:#333333\" class=\"arrow-unsorted-368013\" xmlns=\"http:\/\/www.w3.org\/2000\/svg\" width=\"10px\" height=\"10px\" viewBox=\"0 0 24 24\" version=\"1.2\" baseProfile=\"tiny\"><path d=\"M18.2 9.3l-6.2-6.3-6.2 6.3c-.2.2-.3.4-.3.7s.1.5.3.7c.2.2.4.3.7.3h11c.3 0 .5-.1.7-.3.2-.2.3-.5.3-.7s-.1-.5-.3-.7zM5.8 14.7l6.2 6.3 6.2-6.3c.2-.2.3-.5.3-.7s-.1-.5-.3-.7c-.2-.2-.4-.3-.7-.3h-11c-.3 0-.5.1-.7.3-.2.2-.3.5-.3.7s.1.5.3.7z\"\/><\/svg><\/span><\/span><\/span><\/a><\/span><\/div>\n<nav><ul class='ez-toc-list ez-toc-list-level-1 ' ><ul class='ez-toc-list-level-3' ><li class='ez-toc-heading-level-3'><a class=\"ez-toc-link ez-toc-heading-1\" href=\"https:\/\/www.ecoceutics.com\/ca\/respostes-de-salut\/salut\/test-covid\/#fes-click-a-la-imatge-per-veure-el-video-de-com-fer-el-test-dantigens\" >Fes click a la imatge per veure el v\u00eddeo de com fer el test d\u2019ant\u00edgens<\/a><\/li><\/ul><\/li><li class='ez-toc-page-1 ez-toc-heading-level-2'><a class=\"ez-toc-link ez-toc-heading-2\" href=\"https:\/\/www.ecoceutics.com\/ca\/respostes-de-salut\/salut\/test-covid\/#que-es-un-antigen\" >Qu\u00e8 \u00e9s un antigen?<\/a><\/li><li class='ez-toc-page-1 ez-toc-heading-level-2'><a class=\"ez-toc-link ez-toc-heading-3\" href=\"https:\/\/www.ecoceutics.com\/ca\/respostes-de-salut\/salut\/test-covid\/#abans-de-realitzar-el-test\" >Abans de realitzar el test<\/a><ul class='ez-toc-list-level-3' ><li class='ez-toc-heading-level-3'><a class=\"ez-toc-link ez-toc-heading-4\" href=\"https:\/\/www.ecoceutics.com\/ca\/respostes-de-salut\/salut\/test-covid\/#en-quina-fase-de-la-infeccio-es-eficac-per-a-detectar-el-virus-en-el-cos\" >En quina fase de la infecci\u00f3 \u00e9s efica\u00e7 per a detectar el virus en el cos?<\/a><\/li><li class='ez-toc-page-1 ez-toc-heading-level-3'><a class=\"ez-toc-link ez-toc-heading-5\" href=\"https:\/\/www.ecoceutics.com\/ca\/respostes-de-salut\/salut\/test-covid\/#es-pot-realitzar-els-tests-rapids-dantigens-a-nadons-i-nens-petits\" >Es pot realitzar els tests r\u00e0pids d\u2019ant\u00edgens a nadons i nens petits?<\/a><\/li><li class='ez-toc-page-1 ez-toc-heading-level-3'><a class=\"ez-toc-link ez-toc-heading-6\" href=\"https:\/\/www.ecoceutics.com\/ca\/respostes-de-salut\/salut\/test-covid\/#pot-fer-se-aquesta-prova-dantigens-a-dones-embarassades-o-en-periode-de-lactancia\" >Pot fer-se aquesta prova d\u2019ant\u00edgens a dones embarassades o en per\u00edode de lact\u00e0ncia?<\/a><\/li><\/ul><\/li><li class='ez-toc-page-1 ez-toc-heading-level-2'><a class=\"ez-toc-link ez-toc-heading-7\" href=\"https:\/\/www.ecoceutics.com\/ca\/respostes-de-salut\/salut\/test-covid\/#realitzacio-del-test\" >Realitzaci\u00f3 del test<\/a><ul class='ez-toc-list-level-3' ><li class='ez-toc-heading-level-3'><a class=\"ez-toc-link ez-toc-heading-8\" href=\"https:\/\/www.ecoceutics.com\/ca\/respostes-de-salut\/salut\/test-covid\/#com-sutilitzen-els-tests-dautodiagnostic\" >Com s\u2019utilitzen els tests d\u2019autodiagn\u00f2stic?<\/a><\/li><li class='ez-toc-page-1 ez-toc-heading-level-3'><a class=\"ez-toc-link ez-toc-heading-9\" href=\"https:\/\/www.ecoceutics.com\/ca\/respostes-de-salut\/salut\/test-covid\/#quan-haig-de-sotmetrem-al-test\" >Quan haig de sotmetre\u2019m al test?<\/a><\/li><li class='ez-toc-page-1 ez-toc-heading-level-3'><a class=\"ez-toc-link ez-toc-heading-10\" href=\"https:\/\/www.ecoceutics.com\/ca\/respostes-de-salut\/salut\/test-covid\/#que-pot-influir-en-el-resultat-del-meu-test-a-que-haig-de-parar-atencio\" >Qu\u00e8 pot influir en el resultat del meu test? A qu\u00e8 haig de parar atenci\u00f3?<\/a><\/li><\/ul><\/li><li class='ez-toc-page-1 ez-toc-heading-level-2'><a class=\"ez-toc-link ez-toc-heading-11\" href=\"https:\/\/www.ecoceutics.com\/ca\/respostes-de-salut\/salut\/test-covid\/#despres-del-test\" >Despr\u00e9s del test<\/a><ul class='ez-toc-list-level-3' ><li class='ez-toc-heading-level-3'><a class=\"ez-toc-link ez-toc-heading-12\" href=\"https:\/\/www.ecoceutics.com\/ca\/respostes-de-salut\/salut\/test-covid\/#com-llegir-els-resultats-en-els-tests-dautodiagnostic\" >Com llegir els resultats en els tests d\u2019autodiagn\u00f2stic<\/a><\/li><li class='ez-toc-page-1 ez-toc-heading-level-3'><a class=\"ez-toc-link ez-toc-heading-13\" href=\"https:\/\/www.ecoceutics.com\/ca\/respostes-de-salut\/salut\/test-covid\/#la-tira-reactiva-esta-clarament-descolorida-o-deteriorada\" >La tira reactiva est\u00e0 clarament descolorida o deteriorada?<\/a><\/li><li class='ez-toc-page-1 ez-toc-heading-level-3'><a class=\"ez-toc-link ez-toc-heading-14\" href=\"https:\/\/www.ecoceutics.com\/ca\/respostes-de-salut\/salut\/test-covid\/#he-fet-el-test-pero-no-veig-la-linia-de-control-que-haig-de-fer\" >He fet el test, per\u00f2 no veig la l\u00ednia de control. Qu\u00e8 haig de fer?<\/a><\/li><li class='ez-toc-page-1 ez-toc-heading-level-3'><a class=\"ez-toc-link ez-toc-heading-15\" href=\"https:\/\/www.ecoceutics.com\/ca\/respostes-de-salut\/salut\/test-covid\/#el-meu-resultat-es-positiu-que-haig-de-fer\" >El meu resultat \u00e9s positiu. Qu\u00e8 haig de fer?<\/a><\/li><li class='ez-toc-page-1 ez-toc-heading-level-3'><a class=\"ez-toc-link ez-toc-heading-16\" href=\"https:\/\/www.ecoceutics.com\/ca\/respostes-de-salut\/salut\/test-covid\/#el-meu-resultat-es-negatiu-que-haig-de-fer\" >El meu resultat \u00e9s negatiu. Qu\u00e8 haig de fer?<\/a><\/li><\/ul><\/li><li class='ez-toc-page-1 ez-toc-heading-level-2'><a class=\"ez-toc-link ez-toc-heading-17\" href=\"https:\/\/www.ecoceutics.com\/ca\/respostes-de-salut\/salut\/test-covid\/#bibliografia\" >Bibliografia:<\/a><\/li><\/ul><\/nav><\/div>\n<h3><span class=\"ez-toc-section\" id=\"fes-click-a-la-imatge-per-veure-el-video-de-com-fer-el-test-dantigens\"><\/span><strong>Fes click a la imatge per veure el v\u00eddeo de com fer el test d\u2019ant\u00edgens<\/strong><span class=\"ez-toc-section-end\"><\/span><\/h3>\n<p><iframe loading=\"lazy\" title=\"YouTube video player\" src=\"https:\/\/www.youtube.com\/embed\/14ZNIunZv44\" width=\"560\" height=\"315\" frameborder=\"0\" allowfullscreen=\"allowfullscreen\"><\/iframe><\/p>\n<h2><span class=\"ez-toc-section\" id=\"que-es-un-antigen\"><\/span>Qu\u00e8 \u00e9s un antigen?<span class=\"ez-toc-section-end\"><\/span><\/h2>\n<p>Es defineix com a antigen a qualsevol mol\u00e8cula que els mecanismes de defensa (sistema immunitari) identifiquin com a estranya al nostre organisme, que desencadena la formaci\u00f3 d\u2019anticossos que tracten de combatre-la.<\/p>\n<p>Les proves r\u00e0pides d\u2019ant\u00edgens, que s\u2019utilitzen comunament en el diagn\u00f2stic de pat\u00f2gens respiratoris detecten la pres\u00e8ncia d\u2019un antigen viral espec\u00edfic, la qual cosa implica una infecci\u00f3 viral actual.<\/p>\n<h2><span class=\"ez-toc-section\" id=\"abans-de-realitzar-el-test\"><\/span><strong><u>Abans de realitzar el test<\/u><\/strong><span class=\"ez-toc-section-end\"><\/span><\/h2>\n<h3><span class=\"ez-toc-section\" id=\"en-quina-fase-de-la-infeccio-es-eficac-per-a-detectar-el-virus-en-el-cos\"><\/span>En quina fase de la infecci\u00f3 \u00e9s efica\u00e7 per a detectar el virus en el cos?<span class=\"ez-toc-section-end\"><\/span><\/h3>\n<p>El moment \u00f2ptim per a la detecci\u00f3 d\u2019Ant\u00edgens \u00e9s similar al de la RT-PCR, \u00e9s a dir, quan la seva c\u00e0rrega viral (n\u00famero de virus) aconsegueixen la concentraci\u00f3 m\u00e0xima en les mostres utilitzades (nasofar\u00edngies, orofar\u00edngies, salival, bast alveolar).<\/p>\n<p>Per als pacients simptom\u00e0tics, seria des d\u2019uns dies abans de l\u2019inici dels s\u00edmptomes (2-3) i durant els primers 5-7 de l\u2019evoluci\u00f3 d\u2019aquests.<\/p>\n<p>Per als pacients asimptom\u00e0tics, la c\u00e0rrega viral \u00e9s m\u00e9s f\u00e0cilment detectable a partir d\u2019aproximadament 4-5 dies de l\u2019inici de la infecci\u00f3 i durant 7-10 dies.<\/p>\n<p>Aquests temps s\u00f3n aproximats, varien entre diferents individus i segons la qualitat \/processament de la mostra.<\/p>\n<h3><span class=\"ez-toc-section\" id=\"es-pot-realitzar-els-tests-rapids-dantigens-a-nadons-i-nens-petits\"><\/span>Es pot realitzar els tests r\u00e0pids d\u2019ant\u00edgens a nadons i nens petits?<span class=\"ez-toc-section-end\"><\/span><\/h3>\n<p>S\u00ed, no existeix cap contraindicaci\u00f3.<\/p>\n<h3><span class=\"ez-toc-section\" id=\"pot-fer-se-aquesta-prova-dantigens-a-dones-embarassades-o-en-periode-de-lactancia\"><\/span>Pot fer-se aquesta prova d\u2019ant\u00edgens a dones embarassades o en per\u00edode de lact\u00e0ncia?<span class=\"ez-toc-section-end\"><\/span><\/h3>\n<p>S\u00ed, no hi ha cap contraindicaci\u00f3 per a la mare o el nad\u00f3 quan es realitza una prova.<\/p>\n<h2><span class=\"ez-toc-section\" id=\"realitzacio-del-test\"><\/span><u>Realitzaci\u00f3 del test<\/u><span class=\"ez-toc-section-end\"><\/span><\/h2>\n<h3><span class=\"ez-toc-section\" id=\"com-sutilitzen-els-tests-dautodiagnostic\"><\/span>Com s\u2019utilitzen els tests d\u2019autodiagn\u00f2stic?<span class=\"ez-toc-section-end\"><\/span><\/h3>\n<p>Aquest tipus de proves es realitzen de manera similar a les PCR o test d\u2019ant\u00edgens. Aix\u00ed, l\u2019individu haur\u00e0 d\u2019introduir l\u2019hisop (palet allargat) en totes dues fosses nasals per a prendre mostres. Posteriorment, l\u2019hisop es renta en un reactiu, dissolent una prote\u00efna espec\u00edfica de la superf\u00edcie del virus. Aquest l\u00edquid es buida en un forat en el casset de prova. Pots consultar les instruccions a seguir per a la realitzaci\u00f3 del <a href=\"https:\/\/www.ecoceutics.com\/ca\/respostes-de-salut\/salut\/test-automostra-covid\/\">test d\u2019automostra COVID<\/a> aqu\u00ed.<\/p>\n<p>L\u2019AEMPS recorda que la presa de mostres \u00e9s clau. \u00abUna mostra de mala qualitat pot donar lloc a un resultat erroni. Per a evitar que aquestes es degradin, fes el test immediatament despr\u00e9s de prendre-la\u00bb, explica.<\/p>\n<h3><span class=\"ez-toc-section\" id=\"quan-haig-de-sotmetrem-al-test\"><\/span>Quan haig de sotmetre\u2019m al test?<span class=\"ez-toc-section-end\"><\/span><\/h3>\n<p>Pot fer-se el test tant si es t\u00e9 s\u00edmptomes com si no.<\/p>\n<h3><span class=\"ez-toc-section\" id=\"que-pot-influir-en-el-resultat-del-meu-test-a-que-haig-de-parar-atencio\"><\/span>Qu\u00e8 pot influir en el resultat del meu test? A qu\u00e8 haig de parar atenci\u00f3?<span class=\"ez-toc-section-end\"><\/span><\/h3>\n<ul>\n<li>Procuri sonar-se b\u00e9 abans de prendre la mostra.<\/li>\n<li>Procuri recollir material de mostra visible (secrecions nasals).<\/li>\n<li>Faci el test immediatament despr\u00e9s de prendre la mostra.<\/li>\n<li>Segueixi minuciosament les instruccions d\u2019\u00fas.<\/li>\n<li>Posi les gotes de la soluci\u00f3 d\u2019extracci\u00f3 exclusivament en el pouet de mostres. L\u2019exc\u00e9s o escassetat de gotes de la soluci\u00f3 d\u2019extracci\u00f3 pot provocar que el resultat del test no sigui v\u00e0lid o sigui incorrecte.<\/li>\n<\/ul>\n<h2><span class=\"ez-toc-section\" id=\"despres-del-test\"><\/span><u>Despr\u00e9s del test<\/u><span class=\"ez-toc-section-end\"><\/span><\/h2>\n<h3><span class=\"ez-toc-section\" id=\"com-llegir-els-resultats-en-els-tests-dautodiagnostic\"><\/span>Com llegir els resultats en els tests d\u2019autodiagn\u00f2stic<span class=\"ez-toc-section-end\"><\/span><\/h3>\n<p>El resultat de la prova s\u2019obt\u00e9 en 15 minuts. La presentaci\u00f3 de resultats es realitza a trav\u00e9s d\u2019una s\u00e8rie de l\u00ednies que apareixen en el casset, que indiquen el seg\u00fcent:<\/p>\n<p><strong>\u2013 Negatiu:<\/strong> apareix una l\u00ednia en la secci\u00f3 de control (C).<\/p>\n<p><strong>\u2013 Positiu<\/strong>: apareixen dues l\u00ednies de color: la l\u00ednia de test (T) i la l\u00ednia de control (C). L\u2019AEMPS aclareix que perqu\u00e8 el resultat sigui positiu, cal veure clarament les dues l\u00ednies horitzontals T i C. Davant el dubte, recomana repetir el test o demanar consell a professionals farmac\u00e8utics\/es.<\/p>\n<p><strong>\u2013 Inv\u00e0lid:<\/strong> nom\u00e9s apareix la l\u00ednia de test o no apareix cap l\u00ednia.<\/p>\n<h3><span class=\"ez-toc-section\" id=\"la-tira-reactiva-esta-clarament-descolorida-o-deteriorada\"><\/span>La tira reactiva est\u00e0 clarament descolorida o deteriorada?<span class=\"ez-toc-section-end\"><\/span><\/h3>\n<p>Tingui en compte que el casset de test no s\u2019ha d\u2019utilitzar amb m\u00e9s de 3 gotes de mostra, ja que la capacitat d\u2019absorci\u00f3 de l\u00edquid de la tira reactiva \u00e9s naturalment limitada. Si no apareix la l\u00ednia de control o la tira reactiva \u00e9s molt confusa o est\u00e0 descolorida i, per tant, il\u00b7legible, li preguem que repeteixi el test seguint les instruccions.<\/p>\n<h3><span class=\"ez-toc-section\" id=\"he-fet-el-test-pero-no-veig-la-linia-de-control-que-haig-de-fer\"><\/span>He fet el test, per\u00f2 no veig la l\u00ednia de control. Qu\u00e8 haig de fer?<span class=\"ez-toc-section-end\"><\/span><\/h3>\n<p>El resultat del seu test \u00e9s inv\u00e0lid. Ha de repetir el test.<\/p>\n<h3><span class=\"ez-toc-section\" id=\"el-meu-resultat-es-positiu-que-haig-de-fer\"><\/span>El meu resultat \u00e9s positiu. Qu\u00e8 haig de fer?<span class=\"ez-toc-section-end\"><\/span><\/h3>\n<p>Si el seu resultat \u00e9s positiu i, per tant, el kit de test mostra clarament tant la l\u00ednia de control com la l\u00ednia de test, ha de posar-se en contacte amb el centre m\u00e8dic m\u00e9s pr\u00f2xim segons el recomanat per les autoritats locals. \u00c9s possible que es torni a comprovar el resultat del seu test i les autoritats pel centre en q\u00fcesti\u00f3 li explicaran les seg\u00fcents mesures que calgui adoptar.<\/p>\n<h3><span class=\"ez-toc-section\" id=\"el-meu-resultat-es-negatiu-que-haig-de-fer\"><\/span>El meu resultat \u00e9s negatiu. Qu\u00e8 haig de fer?<span class=\"ez-toc-section-end\"><\/span><\/h3>\n<p>Si el kit de test mostra clarament la l\u00ednia de control, pot significar que \u00e9s negatiu perqu\u00e8 la c\u00e0rrega viral \u00e9s massa baixa per a ser detectada. Si t\u00e9 s\u00edmptomes (mal de cap, febre, migranya, p\u00e8rdua de l\u2019olfacte o del gust, etc.), consulti al seu metge de cap\u00e7alera o al centre de salut m\u00e9s pr\u00f2xim conforme al recomanat per les autoritats locals.<\/p>\n<h2><span class=\"ez-toc-section\" id=\"bibliografia\"><\/span>Bibliografia:<span class=\"ez-toc-section-end\"><\/span><\/h2>\n<p>IESMedical<\/p>\n<p>https:\/\/www.lasexta.com\/noticias\/nacional\/asi-funcionan-test-rapidos-covid-que-llegaran-farmacias-receta-caracteristicas-efectividad_2021071460ee84e346368f0001daae64.html<\/p>\n<p>https:\/\/www.diariodemallorca.es\/mallorca\/2021\/07\/13\/deteccion-covid-test-autodiagnostico-54995170.html<\/p>\n","protected":false},"excerpt":{"rendered":"<p>Les farm\u00e0cies ja poden dispensar els test d\u2019autodiagn\u00f2stic de COVID-19. Per aquest motiu les farm\u00e0cies Ecoceutics recullen les preguntes m\u00e9s freq\u00fcents sobre l\u2019\u00fas d\u2019aquests tests: Fes click a la imatge per veure el v\u00eddeo de com fer el test d\u2019ant\u00edgens Qu\u00e8 \u00e9s un antigen? Es defineix com a antigen a qualsevol mol\u00e8cula que els mecanismes [&hellip;]<\/p>\n","protected":false},"author":4,"featured_media":30212,"comment_status":"closed","ping_status":"closed","sticky":false,"template":"","format":"standard","meta":{"_acf_changed":false,"inline_featured_image":false,"_mbp_gutenberg_autopost":false,"footnotes":""},"categories":[4,1],"tags":[],"class_list":["post-16547","post","type-post","status-publish","format-standard","has-post-thumbnail","hentry","category-respostes-de-salut","category-salut"],"acf":[],"yoast_head":"<!-- This site is optimized with the Yoast SEO plugin v27.5 - https:\/\/yoast.com\/product\/yoast-seo-wordpress\/ -->\n<title>Preguntes freq\u00fcents: Test COVID-19 | Farmacias Ecoceutics<\/title>\n<meta name=\"description\" content=\"Les farm\u00e0cies ja poden dispensar els test d&#039;autodiagn\u00f2stic de COVID-19. Aqu\u00ed et resolem les preguntes m\u00e9s freq\u00fcents que es generen.\" \/>\n<meta name=\"robots\" content=\"index, follow, max-snippet:-1, max-image-preview:large, max-video-preview:-1\" \/>\n<link rel=\"canonical\" href=\"https:\/\/www.ecoceutics.com\/ca\/respostes-de-salut\/salut\/test-covid\/\" \/>\n<meta property=\"og:locale\" content=\"ca_ES\" \/>\n<meta property=\"og:type\" content=\"article\" \/>\n<meta property=\"og:title\" content=\"Preguntes freq\u00fcents: Test COVID-19 | Farmacias Ecoceutics\" \/>\n<meta property=\"og:description\" content=\"Les farm\u00e0cies ja poden dispensar els test d&#039;autodiagn\u00f2stic de COVID-19. Aqu\u00ed et resolem les preguntes m\u00e9s freq\u00fcents que es generen.\" \/>\n<meta property=\"og:url\" content=\"https:\/\/www.ecoceutics.com\/ca\/respostes-de-salut\/salut\/test-covid\/\" \/>\n<meta property=\"og:site_name\" content=\"ecoceutics\" \/>\n<meta property=\"article:published_time\" content=\"2021-05-11T22:00:00+00:00\" \/>\n<meta property=\"article:modified_time\" content=\"2023-03-10T10:55:27+00:00\" \/>\n<meta property=\"og:image\" content=\"https:\/\/www.ecoceutics.com\/wp-content\/uploads\/2021\/05\/test-covid.jpeg\" \/>\n\t<meta property=\"og:image:width\" content=\"720\" \/>\n\t<meta property=\"og:image:height\" content=\"400\" \/>\n\t<meta property=\"og:image:type\" content=\"image\/jpeg\" \/>\n<meta name=\"author\" content=\"Lorena Crosa\" \/>\n<meta name=\"twitter:card\" content=\"summary_large_image\" \/>\n<meta name=\"twitter:label1\" content=\"Escrit per\" \/>\n\t<meta name=\"twitter:data1\" content=\"Lorena Crosa\" \/>\n\t<meta name=\"twitter:label2\" content=\"Temps estimat de lectura\" \/>\n\t<meta name=\"twitter:data2\" content=\"4 minuts\" \/>\n<script type=\"application\/ld+json\" class=\"yoast-schema-graph\">{\"@context\":\"https:\\\/\\\/schema.org\",\"@graph\":[{\"@type\":\"Article\",\"@id\":\"https:\\\/\\\/www.ecoceutics.com\\\/ca\\\/respostes-de-salut\\\/salut\\\/test-covid\\\/#article\",\"isPartOf\":{\"@id\":\"https:\\\/\\\/www.ecoceutics.com\\\/ca\\\/respostes-de-salut\\\/salut\\\/test-covid\\\/\"},\"author\":{\"name\":\"Lorena Crosa\",\"@id\":\"https:\\\/\\\/www.ecoceutics.com\\\/ca\\\/#\\\/schema\\\/person\\\/1ea99343a86784e00a52c8744dfc7d83\"},\"headline\":\"Preguntes freq\u00fcents sobre el test d&#8217;autodiagn\u00f2stic de COVID-19\",\"datePublished\":\"2021-05-11T22:00:00+00:00\",\"dateModified\":\"2023-03-10T10:55:27+00:00\",\"mainEntityOfPage\":{\"@id\":\"https:\\\/\\\/www.ecoceutics.com\\\/ca\\\/respostes-de-salut\\\/salut\\\/test-covid\\\/\"},\"wordCount\":996,\"publisher\":{\"@id\":\"https:\\\/\\\/www.ecoceutics.com\\\/ca\\\/#organization\"},\"image\":{\"@id\":\"https:\\\/\\\/www.ecoceutics.com\\\/ca\\\/respostes-de-salut\\\/salut\\\/test-covid\\\/#primaryimage\"},\"thumbnailUrl\":\"https:\\\/\\\/www.ecoceutics.com\\\/wp-content\\\/uploads\\\/2021\\\/05\\\/test-covid.jpeg\",\"articleSection\":[\"Respostes de salut\",\"Salut\"],\"inLanguage\":\"ca\"},{\"@type\":\"WebPage\",\"@id\":\"https:\\\/\\\/www.ecoceutics.com\\\/ca\\\/respostes-de-salut\\\/salut\\\/test-covid\\\/\",\"url\":\"https:\\\/\\\/www.ecoceutics.com\\\/ca\\\/respostes-de-salut\\\/salut\\\/test-covid\\\/\",\"name\":\"Preguntes freq\u00fcents: Test COVID-19 | Farmacias Ecoceutics\",\"isPartOf\":{\"@id\":\"https:\\\/\\\/www.ecoceutics.com\\\/ca\\\/#website\"},\"primaryImageOfPage\":{\"@id\":\"https:\\\/\\\/www.ecoceutics.com\\\/ca\\\/respostes-de-salut\\\/salut\\\/test-covid\\\/#primaryimage\"},\"image\":{\"@id\":\"https:\\\/\\\/www.ecoceutics.com\\\/ca\\\/respostes-de-salut\\\/salut\\\/test-covid\\\/#primaryimage\"},\"thumbnailUrl\":\"https:\\\/\\\/www.ecoceutics.com\\\/wp-content\\\/uploads\\\/2021\\\/05\\\/test-covid.jpeg\",\"datePublished\":\"2021-05-11T22:00:00+00:00\",\"dateModified\":\"2023-03-10T10:55:27+00:00\",\"description\":\"Les farm\u00e0cies ja poden dispensar els test d'autodiagn\u00f2stic de COVID-19. Aqu\u00ed et resolem les preguntes m\u00e9s freq\u00fcents que es generen.\",\"breadcrumb\":{\"@id\":\"https:\\\/\\\/www.ecoceutics.com\\\/ca\\\/respostes-de-salut\\\/salut\\\/test-covid\\\/#breadcrumb\"},\"inLanguage\":\"ca\",\"potentialAction\":[{\"@type\":\"ReadAction\",\"target\":[\"https:\\\/\\\/www.ecoceutics.com\\\/ca\\\/respostes-de-salut\\\/salut\\\/test-covid\\\/\"]}]},{\"@type\":\"ImageObject\",\"inLanguage\":\"ca\",\"@id\":\"https:\\\/\\\/www.ecoceutics.com\\\/ca\\\/respostes-de-salut\\\/salut\\\/test-covid\\\/#primaryimage\",\"url\":\"https:\\\/\\\/www.ecoceutics.com\\\/wp-content\\\/uploads\\\/2021\\\/05\\\/test-covid.jpeg\",\"contentUrl\":\"https:\\\/\\\/www.ecoceutics.com\\\/wp-content\\\/uploads\\\/2021\\\/05\\\/test-covid.jpeg\",\"width\":720,\"height\":400,\"caption\":\"Test covid y el qu\u00e9 has de saber\"},{\"@type\":\"BreadcrumbList\",\"@id\":\"https:\\\/\\\/www.ecoceutics.com\\\/ca\\\/respostes-de-salut\\\/salut\\\/test-covid\\\/#breadcrumb\",\"itemListElement\":[{\"@type\":\"ListItem\",\"position\":1,\"name\":\"Portada\",\"item\":\"https:\\\/\\\/www.ecoceutics.com\\\/ca\\\/\"},{\"@type\":\"ListItem\",\"position\":2,\"name\":\"Preguntes freq\u00fcents sobre el test d&#8217;autodiagn\u00f2stic de COVID-19\"}]},{\"@type\":\"WebSite\",\"@id\":\"https:\\\/\\\/www.ecoceutics.com\\\/ca\\\/#website\",\"url\":\"https:\\\/\\\/www.ecoceutics.com\\\/ca\\\/\",\"name\":\"ecoceutics\",\"description\":\"Primera red de farmacias independientes bajo una marca\",\"publisher\":{\"@id\":\"https:\\\/\\\/www.ecoceutics.com\\\/ca\\\/#organization\"},\"potentialAction\":[{\"@type\":\"SearchAction\",\"target\":{\"@type\":\"EntryPoint\",\"urlTemplate\":\"https:\\\/\\\/www.ecoceutics.com\\\/ca\\\/?s={search_term_string}\"},\"query-input\":{\"@type\":\"PropertyValueSpecification\",\"valueRequired\":true,\"valueName\":\"search_term_string\"}}],\"inLanguage\":\"ca\"},{\"@type\":\"Organization\",\"@id\":\"https:\\\/\\\/www.ecoceutics.com\\\/ca\\\/#organization\",\"name\":\"Ecoceutics\",\"url\":\"https:\\\/\\\/www.ecoceutics.com\\\/ca\\\/\",\"logo\":{\"@type\":\"ImageObject\",\"inLanguage\":\"ca\",\"@id\":\"https:\\\/\\\/www.ecoceutics.com\\\/ca\\\/#\\\/schema\\\/logo\\\/image\\\/\",\"url\":\"https:\\\/\\\/www.ecoceutics.com\\\/wp-content\\\/uploads\\\/2022\\\/02\\\/Logo-Ecoceutics-SVG-01-1.svg\",\"contentUrl\":\"https:\\\/\\\/www.ecoceutics.com\\\/wp-content\\\/uploads\\\/2022\\\/02\\\/Logo-Ecoceutics-SVG-01-1.svg\",\"width\":232,\"height\":68,\"caption\":\"Ecoceutics\"},\"image\":{\"@id\":\"https:\\\/\\\/www.ecoceutics.com\\\/ca\\\/#\\\/schema\\\/logo\\\/image\\\/\"}},{\"@type\":\"Person\",\"@id\":\"https:\\\/\\\/www.ecoceutics.com\\\/ca\\\/#\\\/schema\\\/person\\\/1ea99343a86784e00a52c8744dfc7d83\",\"name\":\"Lorena Crosa\",\"image\":{\"@type\":\"ImageObject\",\"inLanguage\":\"ca\",\"@id\":\"https:\\\/\\\/www.ecoceutics.com\\\/wp-content\\\/uploads\\\/2024\\\/03\\\/Lorena-Crosa-100x100.jpg\",\"url\":\"https:\\\/\\\/www.ecoceutics.com\\\/wp-content\\\/uploads\\\/2024\\\/03\\\/Lorena-Crosa-100x100.jpg\",\"contentUrl\":\"https:\\\/\\\/www.ecoceutics.com\\\/wp-content\\\/uploads\\\/2024\\\/03\\\/Lorena-Crosa-100x100.jpg\",\"caption\":\"Lorena Crosa\"}}]}<\/script>\n<!-- \/ Yoast SEO plugin. -->","yoast_head_json":{"title":"Preguntes freq\u00fcents: Test COVID-19 | Farmacias Ecoceutics","description":"Les farm\u00e0cies ja poden dispensar els test d'autodiagn\u00f2stic de COVID-19. Aqu\u00ed et resolem les preguntes m\u00e9s freq\u00fcents que es generen.","robots":{"index":"index","follow":"follow","max-snippet":"max-snippet:-1","max-image-preview":"max-image-preview:large","max-video-preview":"max-video-preview:-1"},"canonical":"https:\/\/www.ecoceutics.com\/ca\/respostes-de-salut\/salut\/test-covid\/","og_locale":"ca_ES","og_type":"article","og_title":"Preguntes freq\u00fcents: Test COVID-19 | Farmacias Ecoceutics","og_description":"Les farm\u00e0cies ja poden dispensar els test d'autodiagn\u00f2stic de COVID-19. Aqu\u00ed et resolem les preguntes m\u00e9s freq\u00fcents que es generen.","og_url":"https:\/\/www.ecoceutics.com\/ca\/respostes-de-salut\/salut\/test-covid\/","og_site_name":"ecoceutics","article_published_time":"2021-05-11T22:00:00+00:00","article_modified_time":"2023-03-10T10:55:27+00:00","og_image":[{"width":720,"height":400,"url":"https:\/\/www.ecoceutics.com\/wp-content\/uploads\/2021\/05\/test-covid.jpeg","type":"image\/jpeg"}],"author":"Lorena Crosa","twitter_card":"summary_large_image","twitter_misc":{"Escrit per":"Lorena Crosa","Temps estimat de lectura":"4 minuts"},"schema":{"@context":"https:\/\/schema.org","@graph":[{"@type":"Article","@id":"https:\/\/www.ecoceutics.com\/ca\/respostes-de-salut\/salut\/test-covid\/#article","isPartOf":{"@id":"https:\/\/www.ecoceutics.com\/ca\/respostes-de-salut\/salut\/test-covid\/"},"author":{"name":"Lorena Crosa","@id":"https:\/\/www.ecoceutics.com\/ca\/#\/schema\/person\/1ea99343a86784e00a52c8744dfc7d83"},"headline":"Preguntes freq\u00fcents sobre el test d&#8217;autodiagn\u00f2stic de COVID-19","datePublished":"2021-05-11T22:00:00+00:00","dateModified":"2023-03-10T10:55:27+00:00","mainEntityOfPage":{"@id":"https:\/\/www.ecoceutics.com\/ca\/respostes-de-salut\/salut\/test-covid\/"},"wordCount":996,"publisher":{"@id":"https:\/\/www.ecoceutics.com\/ca\/#organization"},"image":{"@id":"https:\/\/www.ecoceutics.com\/ca\/respostes-de-salut\/salut\/test-covid\/#primaryimage"},"thumbnailUrl":"https:\/\/www.ecoceutics.com\/wp-content\/uploads\/2021\/05\/test-covid.jpeg","articleSection":["Respostes de salut","Salut"],"inLanguage":"ca"},{"@type":"WebPage","@id":"https:\/\/www.ecoceutics.com\/ca\/respostes-de-salut\/salut\/test-covid\/","url":"https:\/\/www.ecoceutics.com\/ca\/respostes-de-salut\/salut\/test-covid\/","name":"Preguntes freq\u00fcents: Test COVID-19 | Farmacias Ecoceutics","isPartOf":{"@id":"https:\/\/www.ecoceutics.com\/ca\/#website"},"primaryImageOfPage":{"@id":"https:\/\/www.ecoceutics.com\/ca\/respostes-de-salut\/salut\/test-covid\/#primaryimage"},"image":{"@id":"https:\/\/www.ecoceutics.com\/ca\/respostes-de-salut\/salut\/test-covid\/#primaryimage"},"thumbnailUrl":"https:\/\/www.ecoceutics.com\/wp-content\/uploads\/2021\/05\/test-covid.jpeg","datePublished":"2021-05-11T22:00:00+00:00","dateModified":"2023-03-10T10:55:27+00:00","description":"Les farm\u00e0cies ja poden dispensar els test d'autodiagn\u00f2stic de COVID-19. Aqu\u00ed et resolem les preguntes m\u00e9s freq\u00fcents que es generen.","breadcrumb":{"@id":"https:\/\/www.ecoceutics.com\/ca\/respostes-de-salut\/salut\/test-covid\/#breadcrumb"},"inLanguage":"ca","potentialAction":[{"@type":"ReadAction","target":["https:\/\/www.ecoceutics.com\/ca\/respostes-de-salut\/salut\/test-covid\/"]}]},{"@type":"ImageObject","inLanguage":"ca","@id":"https:\/\/www.ecoceutics.com\/ca\/respostes-de-salut\/salut\/test-covid\/#primaryimage","url":"https:\/\/www.ecoceutics.com\/wp-content\/uploads\/2021\/05\/test-covid.jpeg","contentUrl":"https:\/\/www.ecoceutics.com\/wp-content\/uploads\/2021\/05\/test-covid.jpeg","width":720,"height":400,"caption":"Test covid y el qu\u00e9 has de saber"},{"@type":"BreadcrumbList","@id":"https:\/\/www.ecoceutics.com\/ca\/respostes-de-salut\/salut\/test-covid\/#breadcrumb","itemListElement":[{"@type":"ListItem","position":1,"name":"Portada","item":"https:\/\/www.ecoceutics.com\/ca\/"},{"@type":"ListItem","position":2,"name":"Preguntes freq\u00fcents sobre el test d&#8217;autodiagn\u00f2stic de COVID-19"}]},{"@type":"WebSite","@id":"https:\/\/www.ecoceutics.com\/ca\/#website","url":"https:\/\/www.ecoceutics.com\/ca\/","name":"ecoceutics","description":"Primera red de farmacias independientes bajo una marca","publisher":{"@id":"https:\/\/www.ecoceutics.com\/ca\/#organization"},"potentialAction":[{"@type":"SearchAction","target":{"@type":"EntryPoint","urlTemplate":"https:\/\/www.ecoceutics.com\/ca\/?s={search_term_string}"},"query-input":{"@type":"PropertyValueSpecification","valueRequired":true,"valueName":"search_term_string"}}],"inLanguage":"ca"},{"@type":"Organization","@id":"https:\/\/www.ecoceutics.com\/ca\/#organization","name":"Ecoceutics","url":"https:\/\/www.ecoceutics.com\/ca\/","logo":{"@type":"ImageObject","inLanguage":"ca","@id":"https:\/\/www.ecoceutics.com\/ca\/#\/schema\/logo\/image\/","url":"https:\/\/www.ecoceutics.com\/wp-content\/uploads\/2022\/02\/Logo-Ecoceutics-SVG-01-1.svg","contentUrl":"https:\/\/www.ecoceutics.com\/wp-content\/uploads\/2022\/02\/Logo-Ecoceutics-SVG-01-1.svg","width":232,"height":68,"caption":"Ecoceutics"},"image":{"@id":"https:\/\/www.ecoceutics.com\/ca\/#\/schema\/logo\/image\/"}},{"@type":"Person","@id":"https:\/\/www.ecoceutics.com\/ca\/#\/schema\/person\/1ea99343a86784e00a52c8744dfc7d83","name":"Lorena Crosa","image":{"@type":"ImageObject","inLanguage":"ca","@id":"https:\/\/www.ecoceutics.com\/wp-content\/uploads\/2024\/03\/Lorena-Crosa-100x100.jpg","url":"https:\/\/www.ecoceutics.com\/wp-content\/uploads\/2024\/03\/Lorena-Crosa-100x100.jpg","contentUrl":"https:\/\/www.ecoceutics.com\/wp-content\/uploads\/2024\/03\/Lorena-Crosa-100x100.jpg","caption":"Lorena Crosa"}}]}},"_links":{"self":[{"href":"https:\/\/www.ecoceutics.com\/ca\/wp-json\/wp\/v2\/posts\/16547","targetHints":{"allow":["GET"]}}],"collection":[{"href":"https:\/\/www.ecoceutics.com\/ca\/wp-json\/wp\/v2\/posts"}],"about":[{"href":"https:\/\/www.ecoceutics.com\/ca\/wp-json\/wp\/v2\/types\/post"}],"author":[{"embeddable":true,"href":"https:\/\/www.ecoceutics.com\/ca\/wp-json\/wp\/v2\/users\/4"}],"replies":[{"embeddable":true,"href":"https:\/\/www.ecoceutics.com\/ca\/wp-json\/wp\/v2\/comments?post=16547"}],"version-history":[{"count":0,"href":"https:\/\/www.ecoceutics.com\/ca\/wp-json\/wp\/v2\/posts\/16547\/revisions"}],"wp:featuredmedia":[{"embeddable":true,"href":"https:\/\/www.ecoceutics.com\/ca\/wp-json\/wp\/v2\/media\/30212"}],"wp:attachment":[{"href":"https:\/\/www.ecoceutics.com\/ca\/wp-json\/wp\/v2\/media?parent=16547"}],"wp:term":[{"taxonomy":"category","embeddable":true,"href":"https:\/\/www.ecoceutics.com\/ca\/wp-json\/wp\/v2\/categories?post=16547"},{"taxonomy":"post_tag","embeddable":true,"href":"https:\/\/www.ecoceutics.com\/ca\/wp-json\/wp\/v2\/tags?post=16547"}],"curies":[{"name":"wp","href":"https:\/\/api.w.org\/{rel}","templated":true}]}}