{"id":16554,"date":"2021-06-01T00:00:00","date_gmt":"2021-05-31T22:00:00","guid":{"rendered":"https:\/\/www.ecoceutics.com\/aloe-vera-pell\/"},"modified":"2024-04-04T09:22:15","modified_gmt":"2024-04-04T07:22:15","slug":"aloe-vera-pell","status":"publish","type":"post","link":"https:\/\/www.ecoceutics.com\/ca\/respostes-de-salut\/bellesa-i-cura-personal\/aloe-vera-pell\/","title":{"rendered":"\u00c0loe vera per a la pell"},"content":{"rendered":"<p>L<strong>&#8216;\u00e0loe vera<\/strong> \u00e9s un antic conegut per a nosaltres. S&#8217;han trobat papirs egipcis que descrivien l&#8217;\u00fas d&#8217;\u00e0loe vera per alleujar inflamaci\u00f3 i dolor i Diosc\u00f3rides, el gran autor de la medicina grega ja descrivia les seves propietats al segle I. Per qu\u00e8 funciona tan b\u00e9 a la pell? Quin tipus de productes contenen \u00e0loe vera? T&#8217;ho comptem tot sobre l&#8217;\u00e0loe vera per a la pell en aquest article.<\/p>\n<div id=\"ez-toc-container\" class=\"ez-toc-v2_0_82_2 counter-hierarchy ez-toc-counter ez-toc-custom ez-toc-container-direction\">\n<div class=\"ez-toc-title-container\">\n<p class=\"ez-toc-title\" style=\"cursor:inherit\">Contenido de la p\u00e1gina<\/p>\n<span class=\"ez-toc-title-toggle\"><a href=\"#\" class=\"ez-toc-pull-right ez-toc-btn ez-toc-btn-xs ez-toc-btn-default ez-toc-toggle\" aria-label=\"Toggle Table of Content\"><span class=\"ez-toc-js-icon-con\"><span class=\"\"><span class=\"eztoc-hide\" style=\"display:none;\">Toggle<\/span><span class=\"ez-toc-icon-toggle-span\"><svg style=\"fill: #333333;color:#333333\" xmlns=\"http:\/\/www.w3.org\/2000\/svg\" class=\"list-377408\" width=\"20px\" height=\"20px\" viewBox=\"0 0 24 24\" fill=\"none\"><path d=\"M6 6H4v2h2V6zm14 0H8v2h12V6zM4 11h2v2H4v-2zm16 0H8v2h12v-2zM4 16h2v2H4v-2zm16 0H8v2h12v-2z\" fill=\"currentColor\"><\/path><\/svg><svg style=\"fill: #333333;color:#333333\" class=\"arrow-unsorted-368013\" xmlns=\"http:\/\/www.w3.org\/2000\/svg\" width=\"10px\" height=\"10px\" viewBox=\"0 0 24 24\" version=\"1.2\" baseProfile=\"tiny\"><path d=\"M18.2 9.3l-6.2-6.3-6.2 6.3c-.2.2-.3.4-.3.7s.1.5.3.7c.2.2.4.3.7.3h11c.3 0 .5-.1.7-.3.2-.2.3-.5.3-.7s-.1-.5-.3-.7zM5.8 14.7l6.2 6.3 6.2-6.3c.2-.2.3-.5.3-.7s-.1-.5-.3-.7c-.2-.2-.4-.3-.7-.3h-11c-.3 0-.5.1-.7.3-.2.2-.3.5-.3.7s.1.5.3.7z\"\/><\/svg><\/span><\/span><\/span><\/a><\/span><\/div>\n<nav><ul class='ez-toc-list ez-toc-list-level-1 ' ><li class='ez-toc-page-1 ez-toc-heading-level-2'><a class=\"ez-toc-link ez-toc-heading-1\" href=\"https:\/\/www.ecoceutics.com\/ca\/respostes-de-salut\/bellesa-i-cura-personal\/aloe-vera-pell\/#gel-daloe-vera-per-a-la-cura-de-la-pell\" >Gel d&#8217;\u00e0loe vera per a la cura de la pell<\/a><\/li><li class='ez-toc-page-1 ez-toc-heading-level-2'><a class=\"ez-toc-link ez-toc-heading-2\" href=\"https:\/\/www.ecoceutics.com\/ca\/respostes-de-salut\/bellesa-i-cura-personal\/aloe-vera-pell\/#aloe-vera-per-a-la-cara\" >\u00c0loe vera per a la cara<\/a><\/li><li class='ez-toc-page-1 ez-toc-heading-level-2'><a class=\"ez-toc-link ez-toc-heading-3\" href=\"https:\/\/www.ecoceutics.com\/ca\/respostes-de-salut\/bellesa-i-cura-personal\/aloe-vera-pell\/#quins-productes-porten-aloe-vera-per-a-la-pell\" >Quins productes porten \u00e0loe vera per a la pell?<\/a><\/li><li class='ez-toc-page-1 ez-toc-heading-level-2'><a class=\"ez-toc-link ez-toc-heading-4\" href=\"https:\/\/www.ecoceutics.com\/ca\/respostes-de-salut\/bellesa-i-cura-personal\/aloe-vera-pell\/#es-pot-aplicar-aloe-vera-en-una-pell-molt-malmesa\" >Es pot aplicar \u00e0loe vera en una pell molt malmesa?<\/a><\/li><\/ul><\/nav><\/div>\n<h2><span class=\"ez-toc-section\" id=\"gel-daloe-vera-per-a-la-cura-de-la-pell\"><\/span>Gel d&#8217;\u00e0loe vera per a la cura de la pell<span class=\"ez-toc-section-end\"><\/span><\/h2>\n<p>Quan parlem d&#8217;\u00c0loe per a la pell parlem en realitat del <em>gel d&#8217;\u00e0loe<\/em>, la polpa central de la fulla de la planta anomenada <em>\u00c0loe barbadensis<\/em>, <em>\u00c0loe ferox<\/em> o <em>\u00c0loe vera<\/em>. Si talles una fulla d&#8217;\u00e0loe vera trobar\u00e0s un gel transparent a la part interior, de textura semis\u00f2lida i viscosa. Aquest gel \u00e9s molt ric en subst\u00e0ncies diverses:<\/p>\n<ul>\n<li><strong><em>Muc\u00edlags.<\/em><\/strong> Els muc\u00edlags s\u00f3n productes naturals derivats de sucres que donen textura de gel a l&#8217;aigua de la fulla. Tamb\u00e9 retenen aigua a la pell. Entre aquests productes trobem l<em>&#8216;aceman\u00e0<\/em>, capa\u00e7 d&#8217;estimular la renovaci\u00f3 i cicatritzaci\u00f3 de la pell.<\/li>\n<li><strong><em>Enzims<\/em><\/strong>. Els enzims s\u00f3n prote\u00efnes que faciliten certes reaccions qu\u00edmiques. El gel d&#8217;\u00e0loe vera cont\u00e9 <em>bradiquinases<\/em>, enzims que trenquen mol\u00e8cules pro-inflamat\u00f2ries i, per tant, eviten el desenvolupament de la inflamaci\u00f3.<\/li>\n<li><strong><em>Minerals<\/em><\/strong>. El gel d&#8217;\u00e0loe vera \u00e9s ric en seleni, coure, <a href=\"https:\/\/www.ecoceutics.com\/ca\/respostes-de-salut\/vitamines\/manganes\/\">mangan\u00e8s<\/a>, potassi, zinc i altres minerals que intervenen en processos antiinflamatoris.<\/li>\n<li><strong><em>Antraquinones<\/em><\/strong><strong>.<\/strong> Les antraquinones donen propietats laxants al gel d&#8217;\u00e0loe vera begut, per\u00f2 dues en especial (<em>aloina<\/em> i <em>emodina<\/em>) actuen com a analg\u00e8siques i antis\u00e8ptiques quan s&#8217;apliquen a la pell.<\/li>\n<li><strong><em>Productes lip\u00eddics<\/em><\/strong>. El gel d&#8217;\u00e0loe cont\u00e9 <em>esterols<\/em>, productes grassos amb propietats analg\u00e8siques, antiinflamat\u00f2ries, reparadores i antis\u00e8ptiques.<\/li>\n<li><strong><em>Saponines<\/em><\/strong><strong>.<\/strong> Les saponines s\u00f3n mol\u00e8cules molt \u00fatils per a la higiene i desinfecci\u00f3, una cosa aix\u00ed com &#8220;sabons naturals&#8221;.<\/li>\n<\/ul>\n<p>\u00c9s la combinaci\u00f3 de totes aquestes subst\u00e0ncies, el que fa que el gel d&#8217;\u00e0loe vera sigui un excel\u00b7lent reparador de la pell per les seves propietats calmants. S&#8217;ha testat el seu \u00fas en cremades, ferides, \u00falceres, psoriasi, acn\u00e9, radiodermitis (cremades a la pell de pacients sotmesos a radioter\u00e0pia), gingivitis i altres problemes inflamatoris de la pell.<\/p>\n<h2><span class=\"ez-toc-section\" id=\"aloe-vera-per-a-la-cara\"><\/span>\u00c0loe vera per a la cara<span class=\"ez-toc-section-end\"><\/span><\/h2>\n<p>L&#8217;\u00e0loe vera \u00e9s un aliat excepcional per a la cura de la pell, especialment a la cara. La seva capacitat per hidratar profundament i nodrir les pells seques el converteix en un ingredient essencial. En aplicar \u00e0loe vera a la cara, no nom\u00e9s proporciona una hidrataci\u00f3 intensa, sin\u00f3 que tamb\u00e9 aprofites les seves propietats netejadores i regeneradores. Despr\u00e9s de netejar i assecar la pell, aplica \u00e0loe vera i deixa-la actuar uns minuts abans de retirar-la suaument. Es podr\u00e0 apreciar una tessici\u00f3 m\u00e9s suau, fresca i revitalitzada.<\/p>\n<h2><span class=\"ez-toc-section\" id=\"quins-productes-porten-aloe-vera-per-a-la-pell\"><\/span>Quins productes porten \u00e0loe vera per a la pell?<span class=\"ez-toc-section-end\"><\/span><\/h2>\n<p>Molt\u00edssims! Els m\u00e9s famosos s\u00f3n els &#8220;gels d&#8217;\u00e0loe vera&#8221;, preparacions a base del gel natural en qu\u00e8 s&#8217;afegeix aigua, productes per gelificar encara m\u00e9s i millor el gel natural i conservants perqu\u00e8 el gel no tingui problemes durant la seva comercialitzaci\u00f3.<\/p>\n<p>El gel d&#8217;\u00e0loe vera pur que surt de la planta dura molt poc temps, cal guardar-lo en nevera i s&#8217;altera en pocs dies, per la qual cosa \u00e9s impossible comercialitzar gel d&#8217;\u00e0loe sense aquests afegits.\u00a0 Curiosament, tant la mat\u00e8ria primera (el gel de la fulla) com el producte final (el gel que est\u00e0 en pot) reben el mateix nom, &#8220;gel d&#8217;\u00e0loe vera&#8221;.<\/p>\n<p>Per\u00f2 tamb\u00e9 s&#8217;afegeix \u00e0loe vera en productes cosm\u00e8tics que es desitja que tinguin aquest &#8220;plus&#8221; calmant, hidratant o reparador. Per exemple, <a href=\"https:\/\/www.ecoceutics.com\/ca\/higiene-i-hidratacio\/\">la nostra l\u00ednia Ecovital\u00ae Sens<\/a> t\u00e9 m\u00e9s d&#8217;un producte amb \u00e0loe vera en la seva composici\u00f3:<\/p>\n<ul>\n<li>El <a href=\"https:\/\/www.ecoceutics.com\/ca\/gel-hidratant-aloe\/\">gel d&#8217;\u00e0loe vera<\/a>, amb un 98% de gel natural d&#8217;\u00e0loe vera provinent d&#8217;agricultura org\u00e0nica, \u00fatil per hidratar, per usar com a post solar i per a petites alteracions de la pell.<\/li>\n<li>El <a href=\"https:\/\/www.ecoceutics.com\/ca\/aloe-vera-gel\/\">gel de bany amb \u00e0loe vera<\/a>, un producte d&#8217;higiene per utilitzar a la dutxa apte per a pells sensibles i seques.<\/li>\n<li>El <a href=\"https:\/\/www.ecoceutics.com\/ca\/sabo-intim\/\">sab\u00f3 \u00edntim<\/a>, excel\u00b7lent per a la higiene de la zona genital d&#8217;homes i dones.<\/li>\n<li>La <a href=\"https:\/\/www.ecoceutics.com\/ca\/aloe-vera\/\">llet hidratant<\/a>, una llet d&#8217;\u00fas diari pensada per evitar la sequedat i per ajudar a la regeneraci\u00f3 de la pell.<\/li>\n<\/ul>\n<p>Per\u00f2 n&#8217;hi ha molts m\u00e9s! Hidratants facials, corporals, post-solars o reparadors es fan a base del gel d&#8217;\u00e0loe vera.<\/p>\n<h2><span class=\"ez-toc-section\" id=\"es-pot-aplicar-aloe-vera-en-una-pell-molt-malmesa\"><\/span>Es pot aplicar \u00e0loe vera en una pell molt malmesa?<span class=\"ez-toc-section-end\"><\/span><\/h2>\n<p>Dep\u00e8n. Tot i que l&#8217;\u00e0loe vera \u00e9s un excel\u00b7lent reparador, pot no ser el m\u00e9s recomanable per segons quins problemes a la pell. L&#8217;ac\u00ed, la subst\u00e0ncia m\u00e9s externa al gel, cont\u00e9 unes mol\u00e8cules anomenades <em>hidroxiantracens<\/em> que poden irritar la pell. En tallar i manipular la fulla a casa hi pot haver contaminaci\u00f3 del gel amb aquestes mol\u00e8cules i causar una al\u00b7l\u00e8rgia o irritaci\u00f3 en una pell ja danyada; si apliques gel d&#8217;\u00e0loe pur, assegura&#8217;t de separar molt b\u00e9 el gel de l&#8217;ac\u00ed abans d&#8217;aplicar-lo.<\/p>\n<p>Els <strong>preparats cosm\u00e8tics i farmac\u00e8utics<\/strong> treballen amb extractes lliures d&#8217;hidroxiantracens, per\u00f2 la pr\u00f2pia f\u00f3rmula pot no ser apta per a una ferida o cremada per portar perfum o conservants no aptes per a aquest tipus de lesions.<\/p>\n<p>Abans d&#8217;aplicar un producte amb \u00e0loe vera \u00e9s important verificar que sigui apte per a l&#8217;\u00fas que vols donar-li. Davant del dubte pregunta a la <strong>teva farm\u00e0cia de confian\u00e7a<\/strong>, que sabran indicar-te si un producte amb \u00e0loe \u00e9s per a pell sana o apte per a lesions.<\/p>\n","protected":false},"excerpt":{"rendered":"<p>L&#8216;\u00e0loe vera \u00e9s un antic conegut per a nosaltres. S&#8217;han trobat papirs egipcis que descrivien l&#8217;\u00fas d&#8217;\u00e0loe vera per alleujar inflamaci\u00f3 i dolor i Diosc\u00f3rides, el gran autor de la medicina grega ja descrivia les seves propietats al segle I. Per qu\u00e8 funciona tan b\u00e9 a la pell? Quin tipus de productes contenen \u00e0loe vera? [&hellip;]<\/p>\n","protected":false},"author":4,"featured_media":30223,"comment_status":"closed","ping_status":"closed","sticky":false,"template":"","format":"standard","meta":{"_acf_changed":false,"inline_featured_image":false,"_mbp_gutenberg_autopost":false,"footnotes":""},"categories":[4,54],"tags":[],"class_list":["post-16554","post","type-post","status-publish","format-standard","has-post-thumbnail","hentry","category-respostes-de-salut","category-bellesa-i-cura-personal"],"acf":[],"yoast_head":"<!-- This site is optimized with the Yoast SEO plugin v27.5 - https:\/\/yoast.com\/product\/yoast-seo-wordpress\/ -->\n<title>\u00c0loe vera per a la pell: tots els beneficis | Ecoceutics<\/title>\n<meta name=\"description\" content=\"Descobreix com l&#039;\u00e0loe vera beneficia la teva pell amb propietats hidratants i regeneradores. Consells per aprofitar-lo al m\u00e0xim.\" \/>\n<meta name=\"robots\" content=\"index, follow, max-snippet:-1, max-image-preview:large, max-video-preview:-1\" \/>\n<link rel=\"canonical\" href=\"https:\/\/www.ecoceutics.com\/ca\/respostes-de-salut\/bellesa-i-cura-personal\/aloe-vera-pell\/\" \/>\n<meta property=\"og:locale\" content=\"ca_ES\" \/>\n<meta property=\"og:type\" content=\"article\" \/>\n<meta property=\"og:title\" content=\"\u00c0loe vera per a la pell: tots els beneficis | Ecoceutics\" \/>\n<meta property=\"og:description\" content=\"Descobreix com l&#039;\u00e0loe vera beneficia la teva pell amb propietats hidratants i regeneradores. Consells per aprofitar-lo al m\u00e0xim.\" \/>\n<meta property=\"og:url\" content=\"https:\/\/www.ecoceutics.com\/ca\/respostes-de-salut\/bellesa-i-cura-personal\/aloe-vera-pell\/\" \/>\n<meta property=\"og:site_name\" content=\"ecoceutics\" \/>\n<meta property=\"article:published_time\" content=\"2021-05-31T22:00:00+00:00\" \/>\n<meta property=\"article:modified_time\" content=\"2024-04-04T07:22:15+00:00\" \/>\n<meta property=\"og:image\" content=\"https:\/\/www.ecoceutics.com\/wp-content\/uploads\/2021\/06\/aloe-vera-beneficios.jpeg\" \/>\n\t<meta property=\"og:image:width\" content=\"720\" \/>\n\t<meta property=\"og:image:height\" content=\"400\" \/>\n\t<meta property=\"og:image:type\" content=\"image\/jpeg\" \/>\n<meta name=\"author\" content=\"Lorena Crosa\" \/>\n<meta name=\"twitter:card\" content=\"summary_large_image\" \/>\n<meta name=\"twitter:label1\" content=\"Escrit per\" \/>\n\t<meta name=\"twitter:data1\" content=\"Lorena Crosa\" \/>\n\t<meta name=\"twitter:label2\" content=\"Temps estimat de lectura\" \/>\n\t<meta name=\"twitter:data2\" content=\"4 minuts\" \/>\n<script type=\"application\/ld+json\" class=\"yoast-schema-graph\">{\"@context\":\"https:\\\/\\\/schema.org\",\"@graph\":[{\"@type\":\"Article\",\"@id\":\"https:\\\/\\\/www.ecoceutics.com\\\/ca\\\/respostes-de-salut\\\/bellesa-i-cura-personal\\\/aloe-vera-pell\\\/#article\",\"isPartOf\":{\"@id\":\"https:\\\/\\\/www.ecoceutics.com\\\/ca\\\/respostes-de-salut\\\/bellesa-i-cura-personal\\\/aloe-vera-pell\\\/\"},\"author\":{\"name\":\"Lorena Crosa\",\"@id\":\"https:\\\/\\\/www.ecoceutics.com\\\/ca\\\/#\\\/schema\\\/person\\\/1ea99343a86784e00a52c8744dfc7d83\"},\"headline\":\"\u00c0loe vera per a la pell\",\"datePublished\":\"2021-05-31T22:00:00+00:00\",\"dateModified\":\"2024-04-04T07:22:15+00:00\",\"mainEntityOfPage\":{\"@id\":\"https:\\\/\\\/www.ecoceutics.com\\\/ca\\\/respostes-de-salut\\\/bellesa-i-cura-personal\\\/aloe-vera-pell\\\/\"},\"wordCount\":977,\"publisher\":{\"@id\":\"https:\\\/\\\/www.ecoceutics.com\\\/ca\\\/#organization\"},\"image\":{\"@id\":\"https:\\\/\\\/www.ecoceutics.com\\\/ca\\\/respostes-de-salut\\\/bellesa-i-cura-personal\\\/aloe-vera-pell\\\/#primaryimage\"},\"thumbnailUrl\":\"https:\\\/\\\/www.ecoceutics.com\\\/wp-content\\\/uploads\\\/2021\\\/06\\\/aloe-vera-beneficios.jpeg\",\"articleSection\":[\"Respostes de salut\",\"Bellesa i cura personal\"],\"inLanguage\":\"ca\"},{\"@type\":\"WebPage\",\"@id\":\"https:\\\/\\\/www.ecoceutics.com\\\/ca\\\/respostes-de-salut\\\/bellesa-i-cura-personal\\\/aloe-vera-pell\\\/\",\"url\":\"https:\\\/\\\/www.ecoceutics.com\\\/ca\\\/respostes-de-salut\\\/bellesa-i-cura-personal\\\/aloe-vera-pell\\\/\",\"name\":\"\u00c0loe vera per a la pell: tots els beneficis | Ecoceutics\",\"isPartOf\":{\"@id\":\"https:\\\/\\\/www.ecoceutics.com\\\/ca\\\/#website\"},\"primaryImageOfPage\":{\"@id\":\"https:\\\/\\\/www.ecoceutics.com\\\/ca\\\/respostes-de-salut\\\/bellesa-i-cura-personal\\\/aloe-vera-pell\\\/#primaryimage\"},\"image\":{\"@id\":\"https:\\\/\\\/www.ecoceutics.com\\\/ca\\\/respostes-de-salut\\\/bellesa-i-cura-personal\\\/aloe-vera-pell\\\/#primaryimage\"},\"thumbnailUrl\":\"https:\\\/\\\/www.ecoceutics.com\\\/wp-content\\\/uploads\\\/2021\\\/06\\\/aloe-vera-beneficios.jpeg\",\"datePublished\":\"2021-05-31T22:00:00+00:00\",\"dateModified\":\"2024-04-04T07:22:15+00:00\",\"description\":\"Descobreix com l'\u00e0loe vera beneficia la teva pell amb propietats hidratants i regeneradores. Consells per aprofitar-lo al m\u00e0xim.\",\"breadcrumb\":{\"@id\":\"https:\\\/\\\/www.ecoceutics.com\\\/ca\\\/respostes-de-salut\\\/bellesa-i-cura-personal\\\/aloe-vera-pell\\\/#breadcrumb\"},\"inLanguage\":\"ca\",\"potentialAction\":[{\"@type\":\"ReadAction\",\"target\":[\"https:\\\/\\\/www.ecoceutics.com\\\/ca\\\/respostes-de-salut\\\/bellesa-i-cura-personal\\\/aloe-vera-pell\\\/\"]}]},{\"@type\":\"ImageObject\",\"inLanguage\":\"ca\",\"@id\":\"https:\\\/\\\/www.ecoceutics.com\\\/ca\\\/respostes-de-salut\\\/bellesa-i-cura-personal\\\/aloe-vera-pell\\\/#primaryimage\",\"url\":\"https:\\\/\\\/www.ecoceutics.com\\\/wp-content\\\/uploads\\\/2021\\\/06\\\/aloe-vera-beneficios.jpeg\",\"contentUrl\":\"https:\\\/\\\/www.ecoceutics.com\\\/wp-content\\\/uploads\\\/2021\\\/06\\\/aloe-vera-beneficios.jpeg\",\"width\":720,\"height\":400,\"caption\":\"La aloe vera y los beneficios que puede aportar a nuestra piel\"},{\"@type\":\"BreadcrumbList\",\"@id\":\"https:\\\/\\\/www.ecoceutics.com\\\/ca\\\/respostes-de-salut\\\/bellesa-i-cura-personal\\\/aloe-vera-pell\\\/#breadcrumb\",\"itemListElement\":[{\"@type\":\"ListItem\",\"position\":1,\"name\":\"Portada\",\"item\":\"https:\\\/\\\/www.ecoceutics.com\\\/ca\\\/\"},{\"@type\":\"ListItem\",\"position\":2,\"name\":\"\u00c0loe vera per a la pell\"}]},{\"@type\":\"WebSite\",\"@id\":\"https:\\\/\\\/www.ecoceutics.com\\\/ca\\\/#website\",\"url\":\"https:\\\/\\\/www.ecoceutics.com\\\/ca\\\/\",\"name\":\"ecoceutics\",\"description\":\"Primera red de farmacias independientes bajo una marca\",\"publisher\":{\"@id\":\"https:\\\/\\\/www.ecoceutics.com\\\/ca\\\/#organization\"},\"potentialAction\":[{\"@type\":\"SearchAction\",\"target\":{\"@type\":\"EntryPoint\",\"urlTemplate\":\"https:\\\/\\\/www.ecoceutics.com\\\/ca\\\/?s={search_term_string}\"},\"query-input\":{\"@type\":\"PropertyValueSpecification\",\"valueRequired\":true,\"valueName\":\"search_term_string\"}}],\"inLanguage\":\"ca\"},{\"@type\":\"Organization\",\"@id\":\"https:\\\/\\\/www.ecoceutics.com\\\/ca\\\/#organization\",\"name\":\"Ecoceutics\",\"url\":\"https:\\\/\\\/www.ecoceutics.com\\\/ca\\\/\",\"logo\":{\"@type\":\"ImageObject\",\"inLanguage\":\"ca\",\"@id\":\"https:\\\/\\\/www.ecoceutics.com\\\/ca\\\/#\\\/schema\\\/logo\\\/image\\\/\",\"url\":\"https:\\\/\\\/www.ecoceutics.com\\\/wp-content\\\/uploads\\\/2022\\\/02\\\/Logo-Ecoceutics-SVG-01-1.svg\",\"contentUrl\":\"https:\\\/\\\/www.ecoceutics.com\\\/wp-content\\\/uploads\\\/2022\\\/02\\\/Logo-Ecoceutics-SVG-01-1.svg\",\"width\":232,\"height\":68,\"caption\":\"Ecoceutics\"},\"image\":{\"@id\":\"https:\\\/\\\/www.ecoceutics.com\\\/ca\\\/#\\\/schema\\\/logo\\\/image\\\/\"}},{\"@type\":\"Person\",\"@id\":\"https:\\\/\\\/www.ecoceutics.com\\\/ca\\\/#\\\/schema\\\/person\\\/1ea99343a86784e00a52c8744dfc7d83\",\"name\":\"Lorena Crosa\",\"image\":{\"@type\":\"ImageObject\",\"inLanguage\":\"ca\",\"@id\":\"https:\\\/\\\/www.ecoceutics.com\\\/wp-content\\\/uploads\\\/2024\\\/03\\\/Lorena-Crosa-100x100.jpg\",\"url\":\"https:\\\/\\\/www.ecoceutics.com\\\/wp-content\\\/uploads\\\/2024\\\/03\\\/Lorena-Crosa-100x100.jpg\",\"contentUrl\":\"https:\\\/\\\/www.ecoceutics.com\\\/wp-content\\\/uploads\\\/2024\\\/03\\\/Lorena-Crosa-100x100.jpg\",\"caption\":\"Lorena Crosa\"}}]}<\/script>\n<!-- \/ Yoast SEO plugin. -->","yoast_head_json":{"title":"\u00c0loe vera per a la pell: tots els beneficis | Ecoceutics","description":"Descobreix com l'\u00e0loe vera beneficia la teva pell amb propietats hidratants i regeneradores. Consells per aprofitar-lo al m\u00e0xim.","robots":{"index":"index","follow":"follow","max-snippet":"max-snippet:-1","max-image-preview":"max-image-preview:large","max-video-preview":"max-video-preview:-1"},"canonical":"https:\/\/www.ecoceutics.com\/ca\/respostes-de-salut\/bellesa-i-cura-personal\/aloe-vera-pell\/","og_locale":"ca_ES","og_type":"article","og_title":"\u00c0loe vera per a la pell: tots els beneficis | Ecoceutics","og_description":"Descobreix com l'\u00e0loe vera beneficia la teva pell amb propietats hidratants i regeneradores. Consells per aprofitar-lo al m\u00e0xim.","og_url":"https:\/\/www.ecoceutics.com\/ca\/respostes-de-salut\/bellesa-i-cura-personal\/aloe-vera-pell\/","og_site_name":"ecoceutics","article_published_time":"2021-05-31T22:00:00+00:00","article_modified_time":"2024-04-04T07:22:15+00:00","og_image":[{"width":720,"height":400,"url":"https:\/\/www.ecoceutics.com\/wp-content\/uploads\/2021\/06\/aloe-vera-beneficios.jpeg","type":"image\/jpeg"}],"author":"Lorena Crosa","twitter_card":"summary_large_image","twitter_misc":{"Escrit per":"Lorena Crosa","Temps estimat de lectura":"4 minuts"},"schema":{"@context":"https:\/\/schema.org","@graph":[{"@type":"Article","@id":"https:\/\/www.ecoceutics.com\/ca\/respostes-de-salut\/bellesa-i-cura-personal\/aloe-vera-pell\/#article","isPartOf":{"@id":"https:\/\/www.ecoceutics.com\/ca\/respostes-de-salut\/bellesa-i-cura-personal\/aloe-vera-pell\/"},"author":{"name":"Lorena Crosa","@id":"https:\/\/www.ecoceutics.com\/ca\/#\/schema\/person\/1ea99343a86784e00a52c8744dfc7d83"},"headline":"\u00c0loe vera per a la pell","datePublished":"2021-05-31T22:00:00+00:00","dateModified":"2024-04-04T07:22:15+00:00","mainEntityOfPage":{"@id":"https:\/\/www.ecoceutics.com\/ca\/respostes-de-salut\/bellesa-i-cura-personal\/aloe-vera-pell\/"},"wordCount":977,"publisher":{"@id":"https:\/\/www.ecoceutics.com\/ca\/#organization"},"image":{"@id":"https:\/\/www.ecoceutics.com\/ca\/respostes-de-salut\/bellesa-i-cura-personal\/aloe-vera-pell\/#primaryimage"},"thumbnailUrl":"https:\/\/www.ecoceutics.com\/wp-content\/uploads\/2021\/06\/aloe-vera-beneficios.jpeg","articleSection":["Respostes de salut","Bellesa i cura personal"],"inLanguage":"ca"},{"@type":"WebPage","@id":"https:\/\/www.ecoceutics.com\/ca\/respostes-de-salut\/bellesa-i-cura-personal\/aloe-vera-pell\/","url":"https:\/\/www.ecoceutics.com\/ca\/respostes-de-salut\/bellesa-i-cura-personal\/aloe-vera-pell\/","name":"\u00c0loe vera per a la pell: tots els beneficis | Ecoceutics","isPartOf":{"@id":"https:\/\/www.ecoceutics.com\/ca\/#website"},"primaryImageOfPage":{"@id":"https:\/\/www.ecoceutics.com\/ca\/respostes-de-salut\/bellesa-i-cura-personal\/aloe-vera-pell\/#primaryimage"},"image":{"@id":"https:\/\/www.ecoceutics.com\/ca\/respostes-de-salut\/bellesa-i-cura-personal\/aloe-vera-pell\/#primaryimage"},"thumbnailUrl":"https:\/\/www.ecoceutics.com\/wp-content\/uploads\/2021\/06\/aloe-vera-beneficios.jpeg","datePublished":"2021-05-31T22:00:00+00:00","dateModified":"2024-04-04T07:22:15+00:00","description":"Descobreix com l'\u00e0loe vera beneficia la teva pell amb propietats hidratants i regeneradores. Consells per aprofitar-lo al m\u00e0xim.","breadcrumb":{"@id":"https:\/\/www.ecoceutics.com\/ca\/respostes-de-salut\/bellesa-i-cura-personal\/aloe-vera-pell\/#breadcrumb"},"inLanguage":"ca","potentialAction":[{"@type":"ReadAction","target":["https:\/\/www.ecoceutics.com\/ca\/respostes-de-salut\/bellesa-i-cura-personal\/aloe-vera-pell\/"]}]},{"@type":"ImageObject","inLanguage":"ca","@id":"https:\/\/www.ecoceutics.com\/ca\/respostes-de-salut\/bellesa-i-cura-personal\/aloe-vera-pell\/#primaryimage","url":"https:\/\/www.ecoceutics.com\/wp-content\/uploads\/2021\/06\/aloe-vera-beneficios.jpeg","contentUrl":"https:\/\/www.ecoceutics.com\/wp-content\/uploads\/2021\/06\/aloe-vera-beneficios.jpeg","width":720,"height":400,"caption":"La aloe vera y los beneficios que puede aportar a nuestra piel"},{"@type":"BreadcrumbList","@id":"https:\/\/www.ecoceutics.com\/ca\/respostes-de-salut\/bellesa-i-cura-personal\/aloe-vera-pell\/#breadcrumb","itemListElement":[{"@type":"ListItem","position":1,"name":"Portada","item":"https:\/\/www.ecoceutics.com\/ca\/"},{"@type":"ListItem","position":2,"name":"\u00c0loe vera per a la pell"}]},{"@type":"WebSite","@id":"https:\/\/www.ecoceutics.com\/ca\/#website","url":"https:\/\/www.ecoceutics.com\/ca\/","name":"ecoceutics","description":"Primera red de farmacias independientes bajo una marca","publisher":{"@id":"https:\/\/www.ecoceutics.com\/ca\/#organization"},"potentialAction":[{"@type":"SearchAction","target":{"@type":"EntryPoint","urlTemplate":"https:\/\/www.ecoceutics.com\/ca\/?s={search_term_string}"},"query-input":{"@type":"PropertyValueSpecification","valueRequired":true,"valueName":"search_term_string"}}],"inLanguage":"ca"},{"@type":"Organization","@id":"https:\/\/www.ecoceutics.com\/ca\/#organization","name":"Ecoceutics","url":"https:\/\/www.ecoceutics.com\/ca\/","logo":{"@type":"ImageObject","inLanguage":"ca","@id":"https:\/\/www.ecoceutics.com\/ca\/#\/schema\/logo\/image\/","url":"https:\/\/www.ecoceutics.com\/wp-content\/uploads\/2022\/02\/Logo-Ecoceutics-SVG-01-1.svg","contentUrl":"https:\/\/www.ecoceutics.com\/wp-content\/uploads\/2022\/02\/Logo-Ecoceutics-SVG-01-1.svg","width":232,"height":68,"caption":"Ecoceutics"},"image":{"@id":"https:\/\/www.ecoceutics.com\/ca\/#\/schema\/logo\/image\/"}},{"@type":"Person","@id":"https:\/\/www.ecoceutics.com\/ca\/#\/schema\/person\/1ea99343a86784e00a52c8744dfc7d83","name":"Lorena Crosa","image":{"@type":"ImageObject","inLanguage":"ca","@id":"https:\/\/www.ecoceutics.com\/wp-content\/uploads\/2024\/03\/Lorena-Crosa-100x100.jpg","url":"https:\/\/www.ecoceutics.com\/wp-content\/uploads\/2024\/03\/Lorena-Crosa-100x100.jpg","contentUrl":"https:\/\/www.ecoceutics.com\/wp-content\/uploads\/2024\/03\/Lorena-Crosa-100x100.jpg","caption":"Lorena Crosa"}}]}},"_links":{"self":[{"href":"https:\/\/www.ecoceutics.com\/ca\/wp-json\/wp\/v2\/posts\/16554","targetHints":{"allow":["GET"]}}],"collection":[{"href":"https:\/\/www.ecoceutics.com\/ca\/wp-json\/wp\/v2\/posts"}],"about":[{"href":"https:\/\/www.ecoceutics.com\/ca\/wp-json\/wp\/v2\/types\/post"}],"author":[{"embeddable":true,"href":"https:\/\/www.ecoceutics.com\/ca\/wp-json\/wp\/v2\/users\/4"}],"replies":[{"embeddable":true,"href":"https:\/\/www.ecoceutics.com\/ca\/wp-json\/wp\/v2\/comments?post=16554"}],"version-history":[{"count":0,"href":"https:\/\/www.ecoceutics.com\/ca\/wp-json\/wp\/v2\/posts\/16554\/revisions"}],"wp:featuredmedia":[{"embeddable":true,"href":"https:\/\/www.ecoceutics.com\/ca\/wp-json\/wp\/v2\/media\/30223"}],"wp:attachment":[{"href":"https:\/\/www.ecoceutics.com\/ca\/wp-json\/wp\/v2\/media?parent=16554"}],"wp:term":[{"taxonomy":"category","embeddable":true,"href":"https:\/\/www.ecoceutics.com\/ca\/wp-json\/wp\/v2\/categories?post=16554"},{"taxonomy":"post_tag","embeddable":true,"href":"https:\/\/www.ecoceutics.com\/ca\/wp-json\/wp\/v2\/tags?post=16554"}],"curies":[{"name":"wp","href":"https:\/\/api.w.org\/{rel}","templated":true}]}}