{"id":16576,"date":"2021-08-11T00:00:00","date_gmt":"2021-08-10T22:00:00","guid":{"rendered":"https:\/\/www.ecoceutics.com\/remeis-naturals-migranya\/"},"modified":"2023-05-29T11:29:17","modified_gmt":"2023-05-29T09:29:17","slug":"remeis-naturals-migranya","status":"publish","type":"post","link":"https:\/\/www.ecoceutics.com\/ca\/respostes-de-salut\/remeis-naturals\/remeis-naturals-migranya\/","title":{"rendered":"Remeis naturals per a la migranya"},"content":{"rendered":"<p>Els atacs de migranya s\u00f3n trastorns de salut recurrents en els quals apareix un mal de cap intens que pot estar acompanyat d\u2019aura, n\u00e0usees, sensibilitat a la llum i al so. No totes les migranyes s\u00f3n iguals, per aquest motiu el metge fa el diagn\u00f2stic, deriva a especialista si fa falta i prescriu la medicaci\u00f3 que considera m\u00e9s indicada en cada cas.<\/p>\n<p>El tractament de la migranya amb productes naturals no \u00e9s nou. Ja en l\u2019edat mitjana,\u00a0Avicena\u00a0va registrar en el seu llibre C\u00e0non de Medicina diversos tractaments herbals per a la migranya. Per\u00f2 existeixen productes naturals efectius per a la migranya? Poden utilitzar-se en comptes dels medicaments prescrits? Parlem d\u2019aquestes i altres dubtes respecte als remeis naturals per a la migranya en aquest article.<\/p>\n<div id=\"ez-toc-container\" class=\"ez-toc-v2_0_82_2 counter-hierarchy ez-toc-counter ez-toc-custom ez-toc-container-direction\">\n<div class=\"ez-toc-title-container\">\n<p class=\"ez-toc-title\" style=\"cursor:inherit\">Contenido de la p\u00e1gina<\/p>\n<span class=\"ez-toc-title-toggle\"><a href=\"#\" class=\"ez-toc-pull-right ez-toc-btn ez-toc-btn-xs ez-toc-btn-default ez-toc-toggle\" aria-label=\"Toggle Table of Content\"><span class=\"ez-toc-js-icon-con\"><span class=\"\"><span class=\"eztoc-hide\" style=\"display:none;\">Toggle<\/span><span class=\"ez-toc-icon-toggle-span\"><svg style=\"fill: #333333;color:#333333\" xmlns=\"http:\/\/www.w3.org\/2000\/svg\" class=\"list-377408\" width=\"20px\" height=\"20px\" viewBox=\"0 0 24 24\" fill=\"none\"><path d=\"M6 6H4v2h2V6zm14 0H8v2h12V6zM4 11h2v2H4v-2zm16 0H8v2h12v-2zM4 16h2v2H4v-2zm16 0H8v2h12v-2z\" fill=\"currentColor\"><\/path><\/svg><svg style=\"fill: #333333;color:#333333\" class=\"arrow-unsorted-368013\" xmlns=\"http:\/\/www.w3.org\/2000\/svg\" width=\"10px\" height=\"10px\" viewBox=\"0 0 24 24\" version=\"1.2\" baseProfile=\"tiny\"><path d=\"M18.2 9.3l-6.2-6.3-6.2 6.3c-.2.2-.3.4-.3.7s.1.5.3.7c.2.2.4.3.7.3h11c.3 0 .5-.1.7-.3.2-.2.3-.5.3-.7s-.1-.5-.3-.7zM5.8 14.7l6.2 6.3 6.2-6.3c.2-.2.3-.5.3-.7s-.1-.5-.3-.7c-.2-.2-.4-.3-.7-.3h-11c-.3 0-.5.1-.7.3-.2.2-.3.5-.3.7s.1.5.3.7z\"\/><\/svg><\/span><\/span><\/span><\/a><\/span><\/div>\n<nav><ul class='ez-toc-list ez-toc-list-level-1 ' ><li class='ez-toc-page-1 ez-toc-heading-level-2'><a class=\"ez-toc-link ez-toc-heading-1\" href=\"https:\/\/www.ecoceutics.com\/ca\/respostes-de-salut\/remeis-naturals\/remeis-naturals-migranya\/#existeixen-productes-naturals-per-a-la-migranya\" >Existeixen productes naturals per a la migranya?<\/a><\/li><li class='ez-toc-page-1 ez-toc-heading-level-2'><a class=\"ez-toc-link ez-toc-heading-2\" href=\"https:\/\/www.ecoceutics.com\/ca\/respostes-de-salut\/remeis-naturals\/remeis-naturals-migranya\/#quins-son-els-productes-naturals-que-shan-utilitzat-i-estudiat-per-a-la-migranya\" >Quins s\u00f3n els productes naturals que s\u2019han utilitzat i estudiat per a la migranya?<\/a><\/li><li class='ez-toc-page-1 ez-toc-heading-level-2'><a class=\"ez-toc-link ez-toc-heading-3\" href=\"https:\/\/www.ecoceutics.com\/ca\/respostes-de-salut\/remeis-naturals\/remeis-naturals-migranya\/#puc-afegir-aquests-tractaments-al-meu-tractament-habitual-de-migranya\" >Puc afegir aquests tractaments al meu tractament habitual de migranya?<\/a><\/li><\/ul><\/nav><\/div>\n<h2><span class=\"ez-toc-section\" id=\"existeixen-productes-naturals-per-a-la-migranya\"><\/span>Existeixen productes naturals per a la migranya?<span class=\"ez-toc-section-end\"><\/span><\/h2>\n<p>Existeixen productes naturals que han estat investigats amb m\u00e8todes cient\u00edfics en l\u2019\u00e0mbit de la migranya, per\u00f2 cap ha demostrat efectivitat superior al placebo en assajos cl\u00ednics grans\u00a0i\/o\u00a0ben organitzats. \u00c9s a dir, encara que tenen un \u00fas tradicional associat, o han demostrat cert benefici en petits assajos, no han demostrat les seves bondats a un nivell de confian\u00e7a tal que es puguin recomanar amb la mateixa certesa que certs medicaments per a la migranya, o fins i tot que altres productes naturals per a altres usos. Com a exemple, podr\u00edem dir que tenim molta m\u00e9s confian\u00e7a en l\u2019efectivitat de la valeriana com a planta tranquil\u00b7litzant que en l\u2019efectivitat d\u2019aquestes plantes que esmentem per al tractament de la migranya.<\/p>\n<h2><span class=\"ez-toc-section\" id=\"quins-son-els-productes-naturals-que-shan-utilitzat-i-estudiat-per-a-la-migranya\"><\/span>Quins s\u00f3n els productes naturals que s\u2019han utilitzat i estudiat per a la migranya?<span class=\"ez-toc-section-end\"><\/span><\/h2>\n<p>Molts! Resumim aqu\u00ed l\u2019evid\u00e8ncia d\u2019alguns productes que estan \u00abdonant voltes\u00bb per Internet.<\/p>\n<ul>\n<li><em>Matric\u00e0ria<\/em>. \u00c9s una de les que t\u00e9 m\u00e9s evid\u00e8ncia a favor seu, i no \u00e9s massa concloent. La part a\u00e8ria de\u00a0Tanacetum\u00a0parthenium\u00a0ha demostrat en alguns assajos reduir la freq\u00fc\u00e8ncia dels atacs migranyosos, aix\u00ed com els v\u00f2mits associats, la gravetat dels atacs i la necessitat d\u2019analg\u00e8sic, per\u00f2 en altres estudis que van intentar repetir el resultat no va aconseguir el mateix \u00e8xit. S\u2019utilitzen 100-200 mg de material vegetal sec, entre 1-3 vegades al dia, durant diversos mesos per a poder veure el benefici (quan n\u2019hi ha). S\u2019ha de descansar, baixant la dosi a poc a poc el mes anterior al descans.<\/li>\n<li><em>Griffonia<\/em>. Les llavors de\u00a0Griffonia\u00a0simplicifolia\u00a0s\u00f3n riques en 5-HTP, precursor de la serotonina. Tradicionalment ha estat utilitzada per a tractar la cefalea, per\u00f2 no hem trobat assajos cl\u00ednics sobre aquest tema que confirmin aquest \u00fas. No ha de barrejar-se amb f\u00e0rmacs relacionats amb la serotonina (antidepressius, hip\u00e8ric, carbidopa) ni amb benzodiazepines (diazepan,\u00a0Rivotril\u00ae,\u00a0Orfidal\u00ae) pels efectes adversos que pot causar la mescla.<\/li>\n<li><em>Salze<\/em>. L\u2019escor\u00e7a de salze (Salix sp) \u00e9s rica en compostos salic\u00edlics amb activitat analg\u00e8sica, encara que altres mol\u00e8cules podrien explicar els seus bons resultats. Usada tradicionalment per a diversos dolors (incl\u00f2s\u00a0el mal de cap) encara no t\u00e9 assajos cl\u00ednics espec\u00edfics per a migranya.<\/li>\n<li><em>Menta<\/em>. L\u2019oli essencial de\u00a0Mentha\u00a0x piperita s\u2019utilitza tradicionalment per al mal de cap tensional, aplicant-se al 10% en el front i en les temples, per\u00f2 no t\u00e9 estudis espec\u00edfics en migranya que demostrin el seu \u00e8xit.<\/li>\n<li><em>Petasites\u00a0hybridus.<\/em> Aquesta planta, anomenada\u00a0Butterbur\u00a0en l\u2019env\u00e0s original de diverses empreses comercialitzadores de productes naturals, ha donat bons resultats en la prevenci\u00f3 d\u2019atacs de migranya. Per\u00f2 cont\u00e9 productes t\u00f2xics per al fetge que han de remoure\u2019s durant el processament del material vegetal, per aquest motiu encara els metges no el recomanin activament per al tractament de la migranya. No ha d\u2019utilitzar-se amb medicaments\u00a0anticolin\u00e8rgics\u00a0(consulta al teu farmac\u00e8utic sobre aquest tema perqu\u00e8 la llista \u00e9s llarga) i, quan s\u2019utilitza, es recomana el monitoratge del fetge mitjan\u00e7ant el control dels enzims hep\u00e0tics i els valors de bilirubina.<\/li>\n<li><em>Rosa moqueta<\/em>. Les fregues d\u2019oli de rosa mosqueta s\u2019han descrit com a tractament tradicional per a la migranya. Els estudis fets s\u00f3n petits i no han demostrat benefici superior al placebo.<\/li>\n<li><em>Camamil\u00b7la dol\u00e7a<\/em> (Matricaria\u00a0chamomilla). En un assaig petit una formulaci\u00f3 en gel a base d\u2019oli essencial de\u00a0camamil\u00b7la\u00a0vehiculada\u00a0en oli de s\u00e8sam (no un oli essencial qualsevol, sin\u00f3 obtingut de certa forma i amb actius ben caracteritzats i mesurats) va demostrar cert \u00e8xit en la migranya sense aura quan el gel s\u2019aplicava en les temples, en el front i en la zona darrere de les orelles.<\/li>\n<li><em>Ginkgo<\/em>. Els estudis respecte a Ginkgo biloba no s\u00f3n molts. Van demostrar cert \u00e8xit, per\u00f2 com no estaven ben dissenyats (no hi havia comparaci\u00f3 amb placebo) no es pot dir que el Ginkgo funcioni millor que un placebo en el cas de la migranya.<\/li>\n<li><em>Gingebre<\/em> (Zingiber\u00a0officinale). D\u2019una banda, el gingebre \u00e9s un tractament conegut per a les n\u00e0usees, per aquest motiu molts pacients ho utilitzin per a tractar les n\u00e0usees de la migranya. Per l\u2019altre, un assaig petit (100 pacients) va comparar 250 mg de pols d\u2019arrel de gingebre amb 50 mg de\u00a0sumatriptan\u00a0per al tractament d\u2019atacs de migranya sense aura. Aquest assaig va trobar que, despr\u00e9s de dues hores, el dolor baixava de manera similar en tots dos grups.<\/li>\n<\/ul>\n<h2><span class=\"ez-toc-section\" id=\"puc-afegir-aquests-tractaments-al-meu-tractament-habitual-de-migranya\"><\/span>Puc afegir aquests tractaments al meu tractament habitual de migranya?<span class=\"ez-toc-section-end\"><\/span><\/h2>\n<p>No sense parlar-ho amb un professional de la salut.\u00a0Sigui el teu metge o\u00a0el teu farmac\u00e8utic de confian\u00e7a, tots dos podran orientar-te respecte a la conveni\u00e8ncia d\u2019afegir aquestes plantes al teu tractament. Fer canvis sense assessorament professional no \u00e9s recomanable per diversos motius:<\/p>\n<ul>\n<li><em>Efectes adversos.<\/em> Els productes naturals no estan lliures d\u2019efectes adversos. Hem esmentat alguns, per\u00f2 hi ha m\u00e9s.<\/li>\n<li><em>Resultats esperables.<\/em> Cada cas \u00e9s diferent, per la qual cosa hi haur\u00e0 qui pugui canviar o afegir tractaments i hi haur\u00e0 qui no pugui.<\/li>\n<li><em>Estandarditzaci\u00f3 dels productes naturals.<\/em> En tota l\u2019oferta del mercat de productes naturals cal trobar el producte natural que \u00e9s igual o que m\u00e9s s\u2019assembla al que es va usar en cada assaig cl\u00ednic. Com molts productes naturals no s\u00f3n medicaments, no estan obligats a tenir sempre la mateixa quantitat de principi actiu. Per exemple: no tots els olis essencials de camamil\u00b7la tenen les mateixes quantitats\u00a0d\u2019apigenina,\u00a0bisabolol\u00a0o\u00a0azulens, principis que es creuen que estarien darrere de l\u2019efecte analg\u00e8sic de la camamilla. El teu farmac\u00e8utic pot ajudar-te a triar un producte adequat per a l\u2019\u00fas que vols donar-li.<\/li>\n<\/ul>\n<p>I sobretot: <em>NO DEIXIS LA MEDICACI\u00d3 QUE ET VA RECEPTAR EL TEU METGE SENSE PARLAR-HO AMB ELL O ELLA.<\/em> Deixar la medicaci\u00f3 ja \u00e9s figues d\u2019un altre paner i correspon fer-ho juntament amb el teu metge, per a evitar sofrir m\u00e9s dolor del necessari i per a evitar perdre els beneficis que el teu tractament actual et reporta.<\/p>\n","protected":false},"excerpt":{"rendered":"<p>Els atacs de migranya s\u00f3n trastorns de salut recurrents en els quals apareix un mal de cap intens que pot estar acompanyat d\u2019aura, n\u00e0usees, sensibilitat a la llum i al so. No totes les migranyes s\u00f3n iguals, per aquest motiu el metge fa el diagn\u00f2stic, deriva a especialista si fa falta i prescriu la medicaci\u00f3 [&hellip;]<\/p>\n","protected":false},"author":4,"featured_media":18076,"comment_status":"closed","ping_status":"closed","sticky":false,"template":"","format":"standard","meta":{"_acf_changed":false,"inline_featured_image":false,"_mbp_gutenberg_autopost":false,"footnotes":""},"categories":[4,56],"tags":[],"class_list":["post-16576","post","type-post","status-publish","format-standard","has-post-thumbnail","hentry","category-respostes-de-salut","category-remeis-naturals"],"acf":[],"yoast_head":"<!-- This site is optimized with the Yoast SEO plugin v27.5 - https:\/\/yoast.com\/product\/yoast-seo-wordpress\/ -->\n<title>Remeis naturals per a la migranya | farm\u00e0cies ecoceutics<\/title>\n<meta name=\"description\" content=\"Existeixen productes naturals efectius per a la migranya? Poden utilitzar-se en comptes dels medicaments prescrits pel metge?\" \/>\n<meta name=\"robots\" content=\"index, follow, max-snippet:-1, max-image-preview:large, max-video-preview:-1\" \/>\n<link rel=\"canonical\" href=\"https:\/\/www.ecoceutics.com\/ca\/respostes-de-salut\/remeis-naturals\/remeis-naturals-migranya\/\" \/>\n<meta property=\"og:locale\" content=\"ca_ES\" \/>\n<meta property=\"og:type\" content=\"article\" \/>\n<meta property=\"og:title\" content=\"Remeis naturals per a la migranya | farm\u00e0cies ecoceutics\" \/>\n<meta property=\"og:description\" content=\"Existeixen productes naturals efectius per a la migranya? Poden utilitzar-se en comptes dels medicaments prescrits pel metge?\" \/>\n<meta property=\"og:url\" content=\"https:\/\/www.ecoceutics.com\/ca\/respostes-de-salut\/remeis-naturals\/remeis-naturals-migranya\/\" \/>\n<meta property=\"og:site_name\" content=\"ecoceutics\" \/>\n<meta property=\"article:published_time\" content=\"2021-08-10T22:00:00+00:00\" \/>\n<meta property=\"article:modified_time\" content=\"2023-05-29T09:29:17+00:00\" \/>\n<meta property=\"og:image\" content=\"https:\/\/www.ecoceutics.com\/wp-content\/uploads\/2021\/09\/Plantilla_FOTOS-EXTERIOR-POST-1-20.jpg\" \/>\n\t<meta property=\"og:image:width\" content=\"800\" \/>\n\t<meta property=\"og:image:height\" content=\"800\" \/>\n\t<meta property=\"og:image:type\" content=\"image\/png\" \/>\n<meta name=\"author\" content=\"Lorena Crosa\" \/>\n<meta name=\"twitter:card\" content=\"summary_large_image\" \/>\n<meta name=\"twitter:label1\" content=\"Escrit per\" \/>\n\t<meta name=\"twitter:data1\" content=\"Lorena Crosa\" \/>\n\t<meta name=\"twitter:label2\" content=\"Temps estimat de lectura\" \/>\n\t<meta name=\"twitter:data2\" content=\"5 minuts\" \/>\n<script type=\"application\/ld+json\" class=\"yoast-schema-graph\">{\"@context\":\"https:\\\/\\\/schema.org\",\"@graph\":[{\"@type\":\"Article\",\"@id\":\"https:\\\/\\\/www.ecoceutics.com\\\/ca\\\/respostes-de-salut\\\/remeis-naturals\\\/remeis-naturals-migranya\\\/#article\",\"isPartOf\":{\"@id\":\"https:\\\/\\\/www.ecoceutics.com\\\/ca\\\/respostes-de-salut\\\/remeis-naturals\\\/remeis-naturals-migranya\\\/\"},\"author\":{\"name\":\"Lorena Crosa\",\"@id\":\"https:\\\/\\\/www.ecoceutics.com\\\/ca\\\/#\\\/schema\\\/person\\\/1ea99343a86784e00a52c8744dfc7d83\"},\"headline\":\"Remeis naturals per a la migranya\",\"datePublished\":\"2021-08-10T22:00:00+00:00\",\"dateModified\":\"2023-05-29T09:29:17+00:00\",\"mainEntityOfPage\":{\"@id\":\"https:\\\/\\\/www.ecoceutics.com\\\/ca\\\/respostes-de-salut\\\/remeis-naturals\\\/remeis-naturals-migranya\\\/\"},\"wordCount\":1194,\"publisher\":{\"@id\":\"https:\\\/\\\/www.ecoceutics.com\\\/ca\\\/#organization\"},\"image\":{\"@id\":\"https:\\\/\\\/www.ecoceutics.com\\\/ca\\\/respostes-de-salut\\\/remeis-naturals\\\/remeis-naturals-migranya\\\/#primaryimage\"},\"thumbnailUrl\":\"https:\\\/\\\/www.ecoceutics.com\\\/wp-content\\\/uploads\\\/2021\\\/09\\\/Plantilla_FOTOS-EXTERIOR-POST-1-20.jpg\",\"articleSection\":[\"Respostes de salut\",\"Remeis naturals\"],\"inLanguage\":\"ca\"},{\"@type\":\"WebPage\",\"@id\":\"https:\\\/\\\/www.ecoceutics.com\\\/ca\\\/respostes-de-salut\\\/remeis-naturals\\\/remeis-naturals-migranya\\\/\",\"url\":\"https:\\\/\\\/www.ecoceutics.com\\\/ca\\\/respostes-de-salut\\\/remeis-naturals\\\/remeis-naturals-migranya\\\/\",\"name\":\"Remeis naturals per a la migranya | farm\u00e0cies ecoceutics\",\"isPartOf\":{\"@id\":\"https:\\\/\\\/www.ecoceutics.com\\\/ca\\\/#website\"},\"primaryImageOfPage\":{\"@id\":\"https:\\\/\\\/www.ecoceutics.com\\\/ca\\\/respostes-de-salut\\\/remeis-naturals\\\/remeis-naturals-migranya\\\/#primaryimage\"},\"image\":{\"@id\":\"https:\\\/\\\/www.ecoceutics.com\\\/ca\\\/respostes-de-salut\\\/remeis-naturals\\\/remeis-naturals-migranya\\\/#primaryimage\"},\"thumbnailUrl\":\"https:\\\/\\\/www.ecoceutics.com\\\/wp-content\\\/uploads\\\/2021\\\/09\\\/Plantilla_FOTOS-EXTERIOR-POST-1-20.jpg\",\"datePublished\":\"2021-08-10T22:00:00+00:00\",\"dateModified\":\"2023-05-29T09:29:17+00:00\",\"description\":\"Existeixen productes naturals efectius per a la migranya? Poden utilitzar-se en comptes dels medicaments prescrits pel metge?\",\"breadcrumb\":{\"@id\":\"https:\\\/\\\/www.ecoceutics.com\\\/ca\\\/respostes-de-salut\\\/remeis-naturals\\\/remeis-naturals-migranya\\\/#breadcrumb\"},\"inLanguage\":\"ca\",\"potentialAction\":[{\"@type\":\"ReadAction\",\"target\":[\"https:\\\/\\\/www.ecoceutics.com\\\/ca\\\/respostes-de-salut\\\/remeis-naturals\\\/remeis-naturals-migranya\\\/\"]}]},{\"@type\":\"ImageObject\",\"inLanguage\":\"ca\",\"@id\":\"https:\\\/\\\/www.ecoceutics.com\\\/ca\\\/respostes-de-salut\\\/remeis-naturals\\\/remeis-naturals-migranya\\\/#primaryimage\",\"url\":\"https:\\\/\\\/www.ecoceutics.com\\\/wp-content\\\/uploads\\\/2021\\\/09\\\/Plantilla_FOTOS-EXTERIOR-POST-1-20.jpg\",\"contentUrl\":\"https:\\\/\\\/www.ecoceutics.com\\\/wp-content\\\/uploads\\\/2021\\\/09\\\/Plantilla_FOTOS-EXTERIOR-POST-1-20.jpg\",\"width\":800,\"height\":800},{\"@type\":\"BreadcrumbList\",\"@id\":\"https:\\\/\\\/www.ecoceutics.com\\\/ca\\\/respostes-de-salut\\\/remeis-naturals\\\/remeis-naturals-migranya\\\/#breadcrumb\",\"itemListElement\":[{\"@type\":\"ListItem\",\"position\":1,\"name\":\"Portada\",\"item\":\"https:\\\/\\\/www.ecoceutics.com\\\/ca\\\/\"},{\"@type\":\"ListItem\",\"position\":2,\"name\":\"Remeis naturals per a la migranya\"}]},{\"@type\":\"WebSite\",\"@id\":\"https:\\\/\\\/www.ecoceutics.com\\\/ca\\\/#website\",\"url\":\"https:\\\/\\\/www.ecoceutics.com\\\/ca\\\/\",\"name\":\"ecoceutics\",\"description\":\"Primera red de farmacias independientes bajo una marca\",\"publisher\":{\"@id\":\"https:\\\/\\\/www.ecoceutics.com\\\/ca\\\/#organization\"},\"potentialAction\":[{\"@type\":\"SearchAction\",\"target\":{\"@type\":\"EntryPoint\",\"urlTemplate\":\"https:\\\/\\\/www.ecoceutics.com\\\/ca\\\/?s={search_term_string}\"},\"query-input\":{\"@type\":\"PropertyValueSpecification\",\"valueRequired\":true,\"valueName\":\"search_term_string\"}}],\"inLanguage\":\"ca\"},{\"@type\":\"Organization\",\"@id\":\"https:\\\/\\\/www.ecoceutics.com\\\/ca\\\/#organization\",\"name\":\"Ecoceutics\",\"url\":\"https:\\\/\\\/www.ecoceutics.com\\\/ca\\\/\",\"logo\":{\"@type\":\"ImageObject\",\"inLanguage\":\"ca\",\"@id\":\"https:\\\/\\\/www.ecoceutics.com\\\/ca\\\/#\\\/schema\\\/logo\\\/image\\\/\",\"url\":\"https:\\\/\\\/www.ecoceutics.com\\\/wp-content\\\/uploads\\\/2022\\\/02\\\/Logo-Ecoceutics-SVG-01-1.svg\",\"contentUrl\":\"https:\\\/\\\/www.ecoceutics.com\\\/wp-content\\\/uploads\\\/2022\\\/02\\\/Logo-Ecoceutics-SVG-01-1.svg\",\"width\":232,\"height\":68,\"caption\":\"Ecoceutics\"},\"image\":{\"@id\":\"https:\\\/\\\/www.ecoceutics.com\\\/ca\\\/#\\\/schema\\\/logo\\\/image\\\/\"}},{\"@type\":\"Person\",\"@id\":\"https:\\\/\\\/www.ecoceutics.com\\\/ca\\\/#\\\/schema\\\/person\\\/1ea99343a86784e00a52c8744dfc7d83\",\"name\":\"Lorena Crosa\",\"image\":{\"@type\":\"ImageObject\",\"inLanguage\":\"ca\",\"@id\":\"https:\\\/\\\/www.ecoceutics.com\\\/wp-content\\\/uploads\\\/2024\\\/03\\\/Lorena-Crosa-100x100.jpg\",\"url\":\"https:\\\/\\\/www.ecoceutics.com\\\/wp-content\\\/uploads\\\/2024\\\/03\\\/Lorena-Crosa-100x100.jpg\",\"contentUrl\":\"https:\\\/\\\/www.ecoceutics.com\\\/wp-content\\\/uploads\\\/2024\\\/03\\\/Lorena-Crosa-100x100.jpg\",\"caption\":\"Lorena Crosa\"}}]}<\/script>\n<!-- \/ Yoast SEO plugin. -->","yoast_head_json":{"title":"Remeis naturals per a la migranya | farm\u00e0cies ecoceutics","description":"Existeixen productes naturals efectius per a la migranya? Poden utilitzar-se en comptes dels medicaments prescrits pel metge?","robots":{"index":"index","follow":"follow","max-snippet":"max-snippet:-1","max-image-preview":"max-image-preview:large","max-video-preview":"max-video-preview:-1"},"canonical":"https:\/\/www.ecoceutics.com\/ca\/respostes-de-salut\/remeis-naturals\/remeis-naturals-migranya\/","og_locale":"ca_ES","og_type":"article","og_title":"Remeis naturals per a la migranya | farm\u00e0cies ecoceutics","og_description":"Existeixen productes naturals efectius per a la migranya? Poden utilitzar-se en comptes dels medicaments prescrits pel metge?","og_url":"https:\/\/www.ecoceutics.com\/ca\/respostes-de-salut\/remeis-naturals\/remeis-naturals-migranya\/","og_site_name":"ecoceutics","article_published_time":"2021-08-10T22:00:00+00:00","article_modified_time":"2023-05-29T09:29:17+00:00","og_image":[{"width":800,"height":800,"url":"https:\/\/www.ecoceutics.com\/wp-content\/uploads\/2021\/09\/Plantilla_FOTOS-EXTERIOR-POST-1-20.jpg","type":"image\/png"}],"author":"Lorena Crosa","twitter_card":"summary_large_image","twitter_misc":{"Escrit per":"Lorena Crosa","Temps estimat de lectura":"5 minuts"},"schema":{"@context":"https:\/\/schema.org","@graph":[{"@type":"Article","@id":"https:\/\/www.ecoceutics.com\/ca\/respostes-de-salut\/remeis-naturals\/remeis-naturals-migranya\/#article","isPartOf":{"@id":"https:\/\/www.ecoceutics.com\/ca\/respostes-de-salut\/remeis-naturals\/remeis-naturals-migranya\/"},"author":{"name":"Lorena Crosa","@id":"https:\/\/www.ecoceutics.com\/ca\/#\/schema\/person\/1ea99343a86784e00a52c8744dfc7d83"},"headline":"Remeis naturals per a la migranya","datePublished":"2021-08-10T22:00:00+00:00","dateModified":"2023-05-29T09:29:17+00:00","mainEntityOfPage":{"@id":"https:\/\/www.ecoceutics.com\/ca\/respostes-de-salut\/remeis-naturals\/remeis-naturals-migranya\/"},"wordCount":1194,"publisher":{"@id":"https:\/\/www.ecoceutics.com\/ca\/#organization"},"image":{"@id":"https:\/\/www.ecoceutics.com\/ca\/respostes-de-salut\/remeis-naturals\/remeis-naturals-migranya\/#primaryimage"},"thumbnailUrl":"https:\/\/www.ecoceutics.com\/wp-content\/uploads\/2021\/09\/Plantilla_FOTOS-EXTERIOR-POST-1-20.jpg","articleSection":["Respostes de salut","Remeis naturals"],"inLanguage":"ca"},{"@type":"WebPage","@id":"https:\/\/www.ecoceutics.com\/ca\/respostes-de-salut\/remeis-naturals\/remeis-naturals-migranya\/","url":"https:\/\/www.ecoceutics.com\/ca\/respostes-de-salut\/remeis-naturals\/remeis-naturals-migranya\/","name":"Remeis naturals per a la migranya | farm\u00e0cies ecoceutics","isPartOf":{"@id":"https:\/\/www.ecoceutics.com\/ca\/#website"},"primaryImageOfPage":{"@id":"https:\/\/www.ecoceutics.com\/ca\/respostes-de-salut\/remeis-naturals\/remeis-naturals-migranya\/#primaryimage"},"image":{"@id":"https:\/\/www.ecoceutics.com\/ca\/respostes-de-salut\/remeis-naturals\/remeis-naturals-migranya\/#primaryimage"},"thumbnailUrl":"https:\/\/www.ecoceutics.com\/wp-content\/uploads\/2021\/09\/Plantilla_FOTOS-EXTERIOR-POST-1-20.jpg","datePublished":"2021-08-10T22:00:00+00:00","dateModified":"2023-05-29T09:29:17+00:00","description":"Existeixen productes naturals efectius per a la migranya? Poden utilitzar-se en comptes dels medicaments prescrits pel metge?","breadcrumb":{"@id":"https:\/\/www.ecoceutics.com\/ca\/respostes-de-salut\/remeis-naturals\/remeis-naturals-migranya\/#breadcrumb"},"inLanguage":"ca","potentialAction":[{"@type":"ReadAction","target":["https:\/\/www.ecoceutics.com\/ca\/respostes-de-salut\/remeis-naturals\/remeis-naturals-migranya\/"]}]},{"@type":"ImageObject","inLanguage":"ca","@id":"https:\/\/www.ecoceutics.com\/ca\/respostes-de-salut\/remeis-naturals\/remeis-naturals-migranya\/#primaryimage","url":"https:\/\/www.ecoceutics.com\/wp-content\/uploads\/2021\/09\/Plantilla_FOTOS-EXTERIOR-POST-1-20.jpg","contentUrl":"https:\/\/www.ecoceutics.com\/wp-content\/uploads\/2021\/09\/Plantilla_FOTOS-EXTERIOR-POST-1-20.jpg","width":800,"height":800},{"@type":"BreadcrumbList","@id":"https:\/\/www.ecoceutics.com\/ca\/respostes-de-salut\/remeis-naturals\/remeis-naturals-migranya\/#breadcrumb","itemListElement":[{"@type":"ListItem","position":1,"name":"Portada","item":"https:\/\/www.ecoceutics.com\/ca\/"},{"@type":"ListItem","position":2,"name":"Remeis naturals per a la migranya"}]},{"@type":"WebSite","@id":"https:\/\/www.ecoceutics.com\/ca\/#website","url":"https:\/\/www.ecoceutics.com\/ca\/","name":"ecoceutics","description":"Primera red de farmacias independientes bajo una marca","publisher":{"@id":"https:\/\/www.ecoceutics.com\/ca\/#organization"},"potentialAction":[{"@type":"SearchAction","target":{"@type":"EntryPoint","urlTemplate":"https:\/\/www.ecoceutics.com\/ca\/?s={search_term_string}"},"query-input":{"@type":"PropertyValueSpecification","valueRequired":true,"valueName":"search_term_string"}}],"inLanguage":"ca"},{"@type":"Organization","@id":"https:\/\/www.ecoceutics.com\/ca\/#organization","name":"Ecoceutics","url":"https:\/\/www.ecoceutics.com\/ca\/","logo":{"@type":"ImageObject","inLanguage":"ca","@id":"https:\/\/www.ecoceutics.com\/ca\/#\/schema\/logo\/image\/","url":"https:\/\/www.ecoceutics.com\/wp-content\/uploads\/2022\/02\/Logo-Ecoceutics-SVG-01-1.svg","contentUrl":"https:\/\/www.ecoceutics.com\/wp-content\/uploads\/2022\/02\/Logo-Ecoceutics-SVG-01-1.svg","width":232,"height":68,"caption":"Ecoceutics"},"image":{"@id":"https:\/\/www.ecoceutics.com\/ca\/#\/schema\/logo\/image\/"}},{"@type":"Person","@id":"https:\/\/www.ecoceutics.com\/ca\/#\/schema\/person\/1ea99343a86784e00a52c8744dfc7d83","name":"Lorena Crosa","image":{"@type":"ImageObject","inLanguage":"ca","@id":"https:\/\/www.ecoceutics.com\/wp-content\/uploads\/2024\/03\/Lorena-Crosa-100x100.jpg","url":"https:\/\/www.ecoceutics.com\/wp-content\/uploads\/2024\/03\/Lorena-Crosa-100x100.jpg","contentUrl":"https:\/\/www.ecoceutics.com\/wp-content\/uploads\/2024\/03\/Lorena-Crosa-100x100.jpg","caption":"Lorena Crosa"}}]}},"_links":{"self":[{"href":"https:\/\/www.ecoceutics.com\/ca\/wp-json\/wp\/v2\/posts\/16576","targetHints":{"allow":["GET"]}}],"collection":[{"href":"https:\/\/www.ecoceutics.com\/ca\/wp-json\/wp\/v2\/posts"}],"about":[{"href":"https:\/\/www.ecoceutics.com\/ca\/wp-json\/wp\/v2\/types\/post"}],"author":[{"embeddable":true,"href":"https:\/\/www.ecoceutics.com\/ca\/wp-json\/wp\/v2\/users\/4"}],"replies":[{"embeddable":true,"href":"https:\/\/www.ecoceutics.com\/ca\/wp-json\/wp\/v2\/comments?post=16576"}],"version-history":[{"count":0,"href":"https:\/\/www.ecoceutics.com\/ca\/wp-json\/wp\/v2\/posts\/16576\/revisions"}],"wp:featuredmedia":[{"embeddable":true,"href":"https:\/\/www.ecoceutics.com\/ca\/wp-json\/wp\/v2\/media\/18076"}],"wp:attachment":[{"href":"https:\/\/www.ecoceutics.com\/ca\/wp-json\/wp\/v2\/media?parent=16576"}],"wp:term":[{"taxonomy":"category","embeddable":true,"href":"https:\/\/www.ecoceutics.com\/ca\/wp-json\/wp\/v2\/categories?post=16576"},{"taxonomy":"post_tag","embeddable":true,"href":"https:\/\/www.ecoceutics.com\/ca\/wp-json\/wp\/v2\/tags?post=16576"}],"curies":[{"name":"wp","href":"https:\/\/api.w.org\/{rel}","templated":true}]}}