{"id":19080,"date":"2021-09-14T18:53:15","date_gmt":"2021-09-14T16:53:15","guid":{"rendered":"https:\/\/www.ecoceutics.com\/procediments-per-la-ventilacio-de-superficies-comercials\/"},"modified":"2024-08-09T11:28:05","modified_gmt":"2024-08-09T09:28:05","slug":"procediments-per-la-ventilacio-de-superficies-comercials","status":"publish","type":"post","link":"https:\/\/www.ecoceutics.com\/ca\/per-professionals-de-la-salut\/procediments-per-la-ventilacio-de-superficies-comercials\/","title":{"rendered":"Procediments per la ventilaci\u00f3 de superf\u00edcies comercials"},"content":{"rendered":"<p>En aquests moments de tornada a les classes, han aparegut actualitzacions sobre les recomanacions de ventilaci\u00f3 en espais amb flux de persones. Malgrat que des dels inicis de la pand\u00e8mia la ventilaci\u00f3 natural \u00e9s i segueix sent el sistema m\u00e9s recomanat de ventilaci\u00f3, s\u2019han publicat recomanacions que aconsellen complementar la ventilaci\u00f3 natural amb altres tipus de sistemes.<\/p>\n<p>Recordem en primer lloc com t\u00e9 lloc la transmissi\u00f3 del virus:<\/p>\n<p><strong><u>Transmissi\u00f3 per gotes o per contacte:<\/u><\/strong> La transmissi\u00f3 de SARS-CoV-2 recordem que pot oc\u00f3rrer per contacte directe, indirecte o per contacte estret amb persones infectades, mitjan\u00e7ant secrecions infectades com la saliva i\/o gotes respirat\u00f2ries que emet la persona quan tus, esternuda, parla o canta.<\/p>\n<p>Les gotes respirat\u00f2ries es classifiquen en dos tipus, les grans (entre 5 y 10 \u00b5m) \u00a0i les petites o micro-gotes, de mida inferior o igual a 5 \u00b5m, tamb\u00e9 conegudes com aerosols. La transmissi\u00f3 directa por gotes respirat\u00f2ries pot passar quan una persona est\u00e0 en contacte estret (menys de 1 metre) amb una persona infectada amb s\u00edmptomes respiratoris (tos o esternuts) o que estigui cantant <strong>o parlant<\/strong>. En aquestes circumst\u00e0ncies les gotes respirat\u00f2ries que contenen el virus poden arribar a la boca, el nas\u00a0 o els ulls d\u2019una persona susceptible i provocar la infecci\u00f3. \u00c9s possible tamb\u00e9 la transmissi\u00f3 indirecta a trav\u00e9s d\u2019objectes o superf\u00edcies contaminats per aquestes secrecions (des de la OMS s\u2019accepta aquesta via).<\/p>\n<p><strong><u>Transmissi\u00f3 a\u00e8ria:<\/u><\/strong> La transmissi\u00f3 a\u00e8ria per aerosols (gotes petites, micro-gotes menors de 5 micres) es produeix per part\u00edcules que romanen suspeses a l\u2019aire durant un temps variable, a una distancia m\u00e9s gran de 2 metres i especialment en llocs tancats amb escassa ventilaci\u00f3. \u00a0Aquests aerosols es poden generar a partir de l\u2019evaporaci\u00f3 de gotes m\u00e9s grans o tamb\u00e9 quan es <strong>parla o respira<\/strong>. Pel SARS-CoV-2, malgrat s\u2019han fet estudis experimentals, la OMS estableix que no hi ha evid\u00e8ncia suficient sobre la transmissi\u00f3 del SARS-CoV-2 per via d\u2019aerosols menors de 5 micres fora dels entorns sanitaris on es porten a terme procediments generadors d\u2019aerosols.<\/p>\n<div id=\"ez-toc-container\" class=\"ez-toc-v2_0_82_2 counter-hierarchy ez-toc-counter ez-toc-custom ez-toc-container-direction\">\n<div class=\"ez-toc-title-container\">\n<p class=\"ez-toc-title\" style=\"cursor:inherit\">Contenido de la p\u00e1gina<\/p>\n<span class=\"ez-toc-title-toggle\"><a href=\"#\" class=\"ez-toc-pull-right ez-toc-btn ez-toc-btn-xs ez-toc-btn-default ez-toc-toggle\" aria-label=\"Toggle Table of Content\"><span class=\"ez-toc-js-icon-con\"><span class=\"\"><span class=\"eztoc-hide\" style=\"display:none;\">Toggle<\/span><span class=\"ez-toc-icon-toggle-span\"><svg style=\"fill: #333333;color:#333333\" xmlns=\"http:\/\/www.w3.org\/2000\/svg\" class=\"list-377408\" width=\"20px\" height=\"20px\" viewBox=\"0 0 24 24\" fill=\"none\"><path d=\"M6 6H4v2h2V6zm14 0H8v2h12V6zM4 11h2v2H4v-2zm16 0H8v2h12v-2zM4 16h2v2H4v-2zm16 0H8v2h12v-2z\" fill=\"currentColor\"><\/path><\/svg><svg style=\"fill: #333333;color:#333333\" class=\"arrow-unsorted-368013\" xmlns=\"http:\/\/www.w3.org\/2000\/svg\" width=\"10px\" height=\"10px\" viewBox=\"0 0 24 24\" version=\"1.2\" baseProfile=\"tiny\"><path d=\"M18.2 9.3l-6.2-6.3-6.2 6.3c-.2.2-.3.4-.3.7s.1.5.3.7c.2.2.4.3.7.3h11c.3 0 .5-.1.7-.3.2-.2.3-.5.3-.7s-.1-.5-.3-.7zM5.8 14.7l6.2 6.3 6.2-6.3c.2-.2.3-.5.3-.7s-.1-.5-.3-.7c-.2-.2-.4-.3-.7-.3h-11c-.3 0-.5.1-.7.3-.2.2-.3.5-.3.7s.1.5.3.7z\"\/><\/svg><\/span><\/span><\/span><\/a><\/span><\/div>\n<nav><ul class='ez-toc-list ez-toc-list-level-1 ' ><li class='ez-toc-page-1 ez-toc-heading-level-2'><a class=\"ez-toc-link ez-toc-heading-1\" href=\"https:\/\/www.ecoceutics.com\/ca\/per-professionals-de-la-salut\/procediments-per-la-ventilacio-de-superficies-comercials\/#ventilacio-natural\" >Ventilaci\u00f3 natural<\/a><\/li><li class='ez-toc-page-1 ez-toc-heading-level-2'><a class=\"ez-toc-link ez-toc-heading-2\" href=\"https:\/\/www.ecoceutics.com\/ca\/per-professionals-de-la-salut\/procediments-per-la-ventilacio-de-superficies-comercials\/#recomanacions-generals-de-ventilacio\" >Recomanacions generals de ventilaci\u00f3<\/a><\/li><li class='ez-toc-page-1 ez-toc-heading-level-2'><a class=\"ez-toc-link ez-toc-heading-3\" href=\"https:\/\/www.ecoceutics.com\/ca\/per-professionals-de-la-salut\/procediments-per-la-ventilacio-de-superficies-comercials\/#i-que-fem-davant-dun-positiu\" >I qu\u00e8 fem davant d\u2019un positiu?<\/a><\/li><li class='ez-toc-page-1 ez-toc-heading-level-2'><a class=\"ez-toc-link ez-toc-heading-4\" href=\"https:\/\/www.ecoceutics.com\/ca\/per-professionals-de-la-salut\/procediments-per-la-ventilacio-de-superficies-comercials\/#sistemes-de-ventilacio-de-la-superficie-de-venda-quin-triem\" >Sistemes de ventilaci\u00f3 de la superf\u00edcie de venda, quin triem?<\/a><\/li><li class='ez-toc-page-1 ez-toc-heading-level-2'><a class=\"ez-toc-link ez-toc-heading-5\" href=\"https:\/\/www.ecoceutics.com\/ca\/per-professionals-de-la-salut\/procediments-per-la-ventilacio-de-superficies-comercials\/#que-es-un-filtre-hepa\" >Qu\u00e8 \u00e9s un filtre HEPA?<\/a><\/li><li class='ez-toc-page-1 ez-toc-heading-level-2'><a class=\"ez-toc-link ez-toc-heading-6\" href=\"https:\/\/www.ecoceutics.com\/ca\/per-professionals-de-la-salut\/procediments-per-la-ventilacio-de-superficies-comercials\/#bibliografia\" >Bibliografia:<\/a><\/li><\/ul><\/nav><\/div>\n<h2><span class=\"ez-toc-section\" id=\"ventilacio-natural\"><\/span>Ventilaci\u00f3 natural<span class=\"ez-toc-section-end\"><\/span><\/h2>\n<p>La soluci\u00f3 m\u00e9s immediata consisteix en augmentar la renovaci\u00f3 d\u2019aire interior amb aire exterior sense utilitzar instrumentaci\u00f3, \u00e9s a dir, obrint finestres i portes per provocar un flux d\u2019aire. Aquesta ventilaci\u00f3 natural tamb\u00e9 es pot utilitzar com a refor\u00e7 del sistema de ventilaci\u00f3 propi d\u2019edifici. Haurem de prioritzar la ventilaci\u00f3 amb aire exterior sobre el confort i l\u2019efici\u00e8ncia energ\u00e8tica durant l\u2019emerg\u00e8ncia sanit\u00e0ria actual de la COVID19. Haur\u00edem de rec\u00f3rrer a la ventilaci\u00f3 creuada, que consisteix en obrir portes i finestres de costats oposats de la botiga, \u00e9s m\u00e9s efectiva que obrir un sol costat i per tant preferible. En molt pocs casos aconseguim ventilaci\u00f3 suficient sense ventilaci\u00f3 creuada. El temps de ventilaci\u00f3 hauria de ser de com a m\u00ednim 10 minuts, durant 2 cops al dia.<\/p>\n<h2><span class=\"ez-toc-section\" id=\"recomanacions-generals-de-ventilacio\"><\/span>Recomanacions generals de ventilaci\u00f3<span class=\"ez-toc-section-end\"><\/span><\/h2>\n<p><strong>\u00a0<\/strong>La ventilaci\u00f3 \u00e9s un factor important per evitar que el virus que causa la COVID19 es propagui en espais interiors. A continuaci\u00f3 es presenten algunes mesures en recomanades per la OMS que poden millorar la ventilaci\u00f3 interior. Han d\u2019estudiar-se en consulta amb un professional de sistemes de calefacci\u00f3, ventilaci\u00f3 i aire condicionat.<\/p>\n<ul>\n<li>Augmenta el percentatge d\u2019aire exterior mitjan\u00e7ant el modus d\u2019estalvi d\u2019energia, que permet configurar els sistemes perqu\u00e8 utilitzin fins al 100% d\u2019aire exterior. Abans d\u2019augmentar el percentatge d\u2019aire exterior, comprova la compatibilitat amb la capacitat del sistema de calefacci\u00f3, ventilaci\u00f3 i aire condicionat, pel que fa tant al control de temperatura i la humitat com a la compatibilitat de la qualitat de l\u2019aire exterior i interior.<\/li>\n<li>Si \u00e9s possible, augmenta el flux d\u2019aire total en els espais ocupats.<\/li>\n<li>Desactiva els mecanismes de control de la demanda de ventilaci\u00f3 que redueixen el subministrament d\u2019aire en funci\u00f3 de la temperatura o la ocupaci\u00f3.<\/li>\n<li>Millora la filtraci\u00f3 central de l\u2019aire:<\/li>\n<li>Augmenta la filtraci\u00f3 d\u2019aire al m\u00e0xim possible sense que baixi significativament el flux d\u2019aire previst.<\/li>\n<li>Inspecciona la carcassa i els suports del filtre per assegurar-se de que s\u2019ajusten correctament i tracta de minimitzar la desviaci\u00f3 del filtre.<\/li>\n<li>Planteja\u2019t posar en marxa el sistema de calefacci\u00f3, ventilaci\u00f3 i aire condicionat amb el m\u00e0xim flux possible d\u2019aire exterior des de 2 hores abans de que s\u2019ocupi l\u2019espai i fins 2 hores despr\u00e9s, segons les recomanacions del\u00a0fabricant.<\/li>\n<li>Genera fluxos d\u2019aire des de la zona d\u2019aire m\u00e9s net (zona recepci\u00f3 per exemple) a la zona d\u2019aire brut (zona taulells per exemple). Per aix\u00f2, estudia reubicar els difusors o reguladors d\u2019admissi\u00f3 i extracci\u00f3 de l\u2019aire i ajustar les taxes de flux d\u2019admissi\u00f3 i extracci\u00f3 a la zona per establir diferencials de pressi\u00f3 quantificables.<\/li>\n<li>Assegura\u2019t de que els extractors en les zones comunes funcionin degudament i a plena capacitat quan hi hagi personal a l\u2019interior.<\/li>\n<\/ul>\n<p>En general, en tots els llocs de treball, escoles, allotjaments, etc. ha d\u2019haver aire pur i net. La OMS recomana que s\u2019augmenti la taxa de ventilaci\u00f3 per mitjans naturals o mec\u00e0nics. En cas de que no pugui renovar-se l\u2019aire, \u00e9s prec\u00eds netejar els filtres amb freq\u00fc\u00e8ncia, sobretot en els llocs on hi ha un risc mitj\u00e0 o alt de exposici\u00f3 a la COVID-19 pels treballadors, com passa amb les persones que atenen clients al comer\u00e7 minorista.<\/p>\n<h2><span class=\"ez-toc-section\" id=\"i-que-fem-davant-dun-positiu\"><\/span>I qu\u00e8 fem davant d\u2019un positiu?<span class=\"ez-toc-section-end\"><\/span><\/h2>\n<p>Davant d\u2019un cas positiu de COVID-19, les autoritats sanit\u00e0ries recomanen que l\u2019espai on s\u2019hagi allotjat la persona sigui ventilat durant, almenys 4 hores. La ventilaci\u00f3 ha de comen\u00e7ar almenys dues hores abans d\u2019iniciar les tasques de desinfecci\u00f3. Dintre del protocol de neteja i desinfecci\u00f3 de l\u2019espai, es recomana incloure les reixetes d\u2019impulsi\u00f3 i retorn de l\u2019aire; la extracci\u00f3, la neteja i desinfecci\u00f3 del filtre de la unitat interior si n\u2019hi ha (fancoil, Split); i la neteja i desinfecci\u00f3 de la unitat interior, si existeix, polvoritzant una soluci\u00f3 desinfectant.<\/p>\n<h2><span class=\"ez-toc-section\" id=\"sistemes-de-ventilacio-de-la-superficie-de-venda-quin-triem\"><\/span>Sistemes de ventilaci\u00f3 de la superf\u00edcie de venda, quin triem?<span class=\"ez-toc-section-end\"><\/span><\/h2>\n<p>Si la farm\u00e0cia presenta dificultats per obtenir una ventilaci\u00f3 satisfact\u00f2ria, s\u2019aconsella l\u2019\u00fas <strong>d\u2019unitats port\u00e0tils equipades amb filtres d\u2019alta efici\u00e8ncia (HEPA)<\/strong>, ubicades en els espais a tractar. Els filtres HEPA hauran de tenir una filtraci\u00f3 altament eficient de l\u2019aire, amb capacitat de retenir els aerosols en percentatges superiors al 99,95%, segons la norma UNE1822.<\/p>\n<p>Particularment, consultant la guia del ministeri ens recorda que <strong>no es poden usar equips basats en la generaci\u00f3 d\u2019oz\u00f3 en locals en presencia de persones i que la OMS tamb\u00e9 adverteix sobre la utilitzaci\u00f3 de l\u00e0mpades UV-C per desinfectar les mans o qualsevols superf\u00edcie de la pell. Per tant no seria el recomanable aquest sistemes per establiments comercials.<\/strong><\/p>\n<h2><span class=\"ez-toc-section\" id=\"que-es-un-filtre-hepa\"><\/span>Qu\u00e8 \u00e9s un filtre HEPA?<span class=\"ez-toc-section-end\"><\/span><\/h2>\n<p>El terme angl\u00e8s HEPA correspon a les sigles \u201cHigh-Efficiency Particulate Air\u201d que ho podr\u00edem traduir com \u201ccapturador de part\u00edcules d\u2019alta efici\u00e8ncia\u201d. Aquest tipus de filtre pot eliminar almenys el 99,95% de pols, pol\u00b7len, bacteris i qualsevol part\u00edcula a l\u2019aire amb una tamany de 0,3 micres.<\/p>\n<p><img loading=\"lazy\" decoding=\"async\" class=\"alignnone size-medium wp-image-28759\" src=\"https:\/\/www.ecoceutics.com\/wp-content\/uploads\/2021\/09\/filtre-hepa-700x400.jpeg\" alt=\"Filtre HEPA\" width=\"700\" height=\"400\" \/><\/p>\n<p>A banda dels filtres HEPA, podem trobar per sota els filtres EPA \u201cEfficient Particulate Air\u201d i per sobre els ULPA \u201cUltra Low Pentration Air\u201d Aquests tres tipus de filtres es coneixen com a \u201cfiltres absoluts\u201d i venen regulats per la normativa\u00a0UNE-EN 1822-1:2020.<\/p>\n<p>\u00c9s important recalcar que un purificador d\u2019aire <strong>no garanteix l\u2019eliminaci\u00f3 efectiva de tots els microorganismes pat\u00f2gens de l\u2019aire<\/strong>, de fet, el m\u00e9s correcte seria dir que el filtre s\u00ed que garanteix una eliminaci\u00f3 absoluta en funci\u00f3 de la seva classificaci\u00f3, H13, H14\u2026 El que no podem garantir es que tot l\u2019aire de la sala passar\u00e0 pel filtre. Per tant les <strong>mesures com la mascareta i la higiene de mans s\u00f3n indispensables<\/strong>. Actualment aquest tipus de filtres s\u2019utilitzen als avions, quir\u00f2fans, sales blanques, filtres per respiradors i tamb\u00e9 a assecadors de mans el\u00e8ctrics. No obstant, <strong>existeix evid\u00e8ncia de que redueixen el nombre de part\u00edcules en suspensi\u00f3<\/strong>.<\/p>\n<p><img loading=\"lazy\" decoding=\"async\" class=\"alignnone size-medium wp-image-28761\" src=\"https:\/\/www.ecoceutics.com\/wp-content\/uploads\/2021\/09\/purificador-d-aire-700x400.jpeg\" alt=\"Purificador d'aire\" width=\"700\" height=\"400\" \/><\/p>\n<p>Si els forats del filtre s\u00f3n massa petits, costa molt fer passar l\u2019aire pel filtre i tenim el que es coneix com a p\u00e8rdua de c\u00e0rrega\u00a0 o p\u00e8rdua\/caiguda de pressi\u00f3, i el motor intentaria moure molt d\u2019aire, per\u00f2 el filtre no li permetria. Els purificadors amb filtres HEPA, si estan ben dissenyats, aix\u00f2 ja s\u2019ha tingut en compte i el ventilador est\u00e0 calculat per poder salvar aquesta p\u00e8rdua de c\u00e0rrega.<\/p>\n<p>Ara haur\u00edem de veure si aquests filtres s\u00f3n capa\u00e7os de bloquejar part\u00edcules tant petites com un virus, i m\u00e9s concretament com el virus de la COVID-19. Segons la norma EN-1822, els filtres han d\u2019assajar-se amb la <strong>part\u00edcula del tamany de m\u00e0xima penetraci\u00f3<\/strong> (MPPS-Most Penetrating Particle Size). \u00a0Aquesta norma situa el tamany de la part\u00edcula m\u00e9s cr\u00edtic (MPPS) per a cada filtre en una finestra que va des de les 0,12 a les 0,25 micres. Els coronavirus s\u00f3n virus de gran tamany (dins del rang de tamany d\u2019un virus). En el cas de la COVID-19, el seu tamany s\u2019estima entre les 0,12 i les 0,16 micres, pel que segons quin filtre HEPA contemplem podria atrapar incl\u00fas virus sols. \u00a0Per sort, els virus no es mouen de forma aut\u00f2noma i generalment s\u2019uneixen a un altre tipus de part\u00edcules (sobre tot aquoses), entre elles les gotes respirat\u00f2ries, que s\u00f3n el mecanisme principal de transmissi\u00f3 hum\u00e0-hum\u00e0. Aquestes part\u00edcules respirat\u00f2ries tenen una mida superior a les 5 micres. Veiem, per tant, que en aquest cas la mida est\u00e0 molt per sobre de la mida m\u00ednima filtrada per un filtre HEPA (de 0,12 a 0,25 micres) i \u00e9s aqu\u00ed, on els filtres HEPA fan realment la seva feina: atrapen les gotes respirat\u00f2ries (o altres part\u00edcules) que tinguin adherits els virus i eviten que surtin de l\u2019habitacle, ja sigui a un avi\u00f3, en una habitaci\u00f3 de la casa o un lavabo p\u00fablic.<\/p>\n<p>Finalment haur\u00edem de saber quin percentatge de part\u00edcules \u00e9s capa\u00e7 de bloquejar el filtre HEPA i quin percentatge de part\u00edcules passen a trav\u00e9s d\u2019ell. Una filtraci\u00f3 del 100% \u00e9s impossible, per\u00f2 aquest tipus de filtres es queden a prop: un filtre HEPA H13 \u00e9s capa\u00e7 de boquejar el 99,95% o superior de les part\u00edcules del tamany de m\u00e0xima penetraci\u00f3 (MPPS).<\/p>\n<p>\u00c9s important per tant, en la selecci\u00f3 d\u2019aquests tipus de sistemes:<\/p>\n<ul>\n<li>Decantar-se per fabricants, pel coneixement dels sistemes i el servei post-venda.<\/li>\n<li>Assegurar-se del compliment de les normatives EN-1822 amb els certificats corresponents.<\/li>\n<li>Preferiblement sistemes amb filtres HEPA H13 o H14.<\/li>\n<\/ul>\n<p>Actualment, hi ha sistemes amb filtres HEPA que permeten certificar la superf\u00edcie de venda com a sala ISO8, equiparable a un quir\u00f2fan classe C. L\u2019equip ha d\u2019estar certificat i no \u00e9s senzill obtenir aquesta certificaci\u00f3. L\u2019equip ha de tenir una construcci\u00f3 molt s\u00f2lida i estanca.<\/p>\n<p><span style=\"color: #999999;\">\u00daltima actualitzaci\u00f3: 02\/02<\/span><span style=\"color: #999999;\">\/2021<\/span><\/p>\n<h2><span class=\"ez-toc-section\" id=\"bibliografia\"><\/span>Bibliografia:<span class=\"ez-toc-section-end\"><\/span><\/h2>\n<p><a href=\"https:\/\/www.miteco.gob.es\/es\/ministerio\/medidas-covid19\/sistemas-climatizacion-ventilacion\/guiaderecomendacionesporcovid19ensistemasdeclimatizacion_tcm30-509985.pdf\">https:\/\/www.miteco.gob.es\/es\/ministerio\/medidas-covid19\/sistemas-climatizacion-ventilacion\/guiaderecomendacionesporcovid19ensistemasdeclimatizacion_tcm30-509985.pdf<\/a><\/p>\n<p><a href=\"https:\/\/www.sanidad.gob.es\/areas\/alertasEmergenciasSanitarias\/alertasActuales\/nCov\/documentos\/Recomendaciones_de_operacion_y_mantenimiento.pdf\">https:\/\/www.sanidad.gob.es\/areas\/alertasEmergenciasSanitarias\/alertasActuales\/nCov\/documentos\/Recomendaciones_de_operacion_y_mantenimiento.pdf<\/a><\/p>\n","protected":false},"excerpt":{"rendered":"<p>En aquests moments de tornada a les classes, han aparegut actualitzacions sobre les recomanacions de ventilaci\u00f3 en espais amb flux de persones. Malgrat que des dels inicis de la pand\u00e8mia la ventilaci\u00f3 natural \u00e9s i segueix sent el sistema m\u00e9s recomanat de ventilaci\u00f3, s\u2019han publicat recomanacions que aconsellen complementar la ventilaci\u00f3 natural amb altres tipus [&hellip;]<\/p>\n","protected":false},"author":4,"featured_media":19747,"comment_status":"open","ping_status":"open","sticky":false,"template":"","format":"standard","meta":{"_acf_changed":false,"inline_featured_image":false,"_mbp_gutenberg_autopost":false,"footnotes":""},"categories":[71,433],"tags":[],"class_list":["post-19080","post","type-post","status-publish","format-standard","has-post-thumbnail","hentry","category-per-professionals-de-la-salut","category-publicacions-per-a-farmaceutics"],"acf":[],"yoast_head":"<!-- This site is optimized with the Yoast SEO plugin v27.5 - https:\/\/yoast.com\/product\/yoast-seo-wordpress\/ -->\n<title>Procediments per la ventilaci\u00f3 de comer\u00e7os | farm\u00e0cies ecoceutics<\/title>\n<meta name=\"description\" content=\"En aquests moments de tornada a les classes, han aparegut actualitzacions sobre les recomanacions de ventilaci\u00f3 en espais amb flux de persones.\" \/>\n<meta name=\"robots\" content=\"index, follow, max-snippet:-1, max-image-preview:large, max-video-preview:-1\" \/>\n<link rel=\"canonical\" href=\"https:\/\/www.ecoceutics.com\/ca\/per-professionals-de-la-salut\/procediments-per-la-ventilacio-de-superficies-comercials\/\" \/>\n<meta property=\"og:locale\" content=\"ca_ES\" \/>\n<meta property=\"og:type\" content=\"article\" \/>\n<meta property=\"og:title\" content=\"Procediments per la ventilaci\u00f3 de comer\u00e7os | farm\u00e0cies ecoceutics\" \/>\n<meta property=\"og:description\" content=\"En aquests moments de tornada a les classes, han aparegut actualitzacions sobre les recomanacions de ventilaci\u00f3 en espais amb flux de persones.\" \/>\n<meta property=\"og:url\" content=\"https:\/\/www.ecoceutics.com\/ca\/per-professionals-de-la-salut\/procediments-per-la-ventilacio-de-superficies-comercials\/\" \/>\n<meta property=\"og:site_name\" content=\"ecoceutics\" \/>\n<meta property=\"article:published_time\" content=\"2021-09-14T16:53:15+00:00\" \/>\n<meta property=\"article:modified_time\" content=\"2024-08-09T09:28:05+00:00\" \/>\n<meta property=\"og:image\" content=\"https:\/\/www.ecoceutics.com\/wp-content\/uploads\/2021\/09\/ventilacion.jpg\" \/>\n\t<meta property=\"og:image:width\" content=\"774\" \/>\n\t<meta property=\"og:image:height\" content=\"477\" \/>\n\t<meta property=\"og:image:type\" content=\"image\/jpeg\" \/>\n<meta name=\"author\" content=\"Lorena Crosa\" \/>\n<meta name=\"twitter:card\" content=\"summary_large_image\" \/>\n<meta name=\"twitter:label1\" content=\"Escrit per\" \/>\n\t<meta name=\"twitter:data1\" content=\"Lorena Crosa\" \/>\n\t<meta name=\"twitter:label2\" content=\"Temps estimat de lectura\" \/>\n\t<meta name=\"twitter:data2\" content=\"9 minuts\" \/>\n<script type=\"application\/ld+json\" class=\"yoast-schema-graph\">{\"@context\":\"https:\\\/\\\/schema.org\",\"@graph\":[{\"@type\":\"Article\",\"@id\":\"https:\\\/\\\/www.ecoceutics.com\\\/ca\\\/per-professionals-de-la-salut\\\/procediments-per-la-ventilacio-de-superficies-comercials\\\/#article\",\"isPartOf\":{\"@id\":\"https:\\\/\\\/www.ecoceutics.com\\\/ca\\\/per-professionals-de-la-salut\\\/procediments-per-la-ventilacio-de-superficies-comercials\\\/\"},\"author\":{\"name\":\"Lorena Crosa\",\"@id\":\"https:\\\/\\\/www.ecoceutics.com\\\/ca\\\/#\\\/schema\\\/person\\\/1ea99343a86784e00a52c8744dfc7d83\"},\"headline\":\"Procediments per la ventilaci\u00f3 de superf\u00edcies comercials\",\"datePublished\":\"2021-09-14T16:53:15+00:00\",\"dateModified\":\"2024-08-09T09:28:05+00:00\",\"mainEntityOfPage\":{\"@id\":\"https:\\\/\\\/www.ecoceutics.com\\\/ca\\\/per-professionals-de-la-salut\\\/procediments-per-la-ventilacio-de-superficies-comercials\\\/\"},\"wordCount\":1902,\"commentCount\":0,\"publisher\":{\"@id\":\"https:\\\/\\\/www.ecoceutics.com\\\/ca\\\/#organization\"},\"image\":{\"@id\":\"https:\\\/\\\/www.ecoceutics.com\\\/ca\\\/per-professionals-de-la-salut\\\/procediments-per-la-ventilacio-de-superficies-comercials\\\/#primaryimage\"},\"thumbnailUrl\":\"https:\\\/\\\/www.ecoceutics.com\\\/wp-content\\\/uploads\\\/2021\\\/09\\\/ventilacion.jpg\",\"articleSection\":[\"Per professionals de la salut\",\"Publicacions per a farmac\u00e8utics\"],\"inLanguage\":\"ca\",\"potentialAction\":[{\"@type\":\"CommentAction\",\"name\":\"Comment\",\"target\":[\"https:\\\/\\\/www.ecoceutics.com\\\/ca\\\/per-professionals-de-la-salut\\\/procediments-per-la-ventilacio-de-superficies-comercials\\\/#respond\"]}]},{\"@type\":\"WebPage\",\"@id\":\"https:\\\/\\\/www.ecoceutics.com\\\/ca\\\/per-professionals-de-la-salut\\\/procediments-per-la-ventilacio-de-superficies-comercials\\\/\",\"url\":\"https:\\\/\\\/www.ecoceutics.com\\\/ca\\\/per-professionals-de-la-salut\\\/procediments-per-la-ventilacio-de-superficies-comercials\\\/\",\"name\":\"Procediments per la ventilaci\u00f3 de comer\u00e7os | farm\u00e0cies ecoceutics\",\"isPartOf\":{\"@id\":\"https:\\\/\\\/www.ecoceutics.com\\\/ca\\\/#website\"},\"primaryImageOfPage\":{\"@id\":\"https:\\\/\\\/www.ecoceutics.com\\\/ca\\\/per-professionals-de-la-salut\\\/procediments-per-la-ventilacio-de-superficies-comercials\\\/#primaryimage\"},\"image\":{\"@id\":\"https:\\\/\\\/www.ecoceutics.com\\\/ca\\\/per-professionals-de-la-salut\\\/procediments-per-la-ventilacio-de-superficies-comercials\\\/#primaryimage\"},\"thumbnailUrl\":\"https:\\\/\\\/www.ecoceutics.com\\\/wp-content\\\/uploads\\\/2021\\\/09\\\/ventilacion.jpg\",\"datePublished\":\"2021-09-14T16:53:15+00:00\",\"dateModified\":\"2024-08-09T09:28:05+00:00\",\"description\":\"En aquests moments de tornada a les classes, han aparegut actualitzacions sobre les recomanacions de ventilaci\u00f3 en espais amb flux de persones.\",\"breadcrumb\":{\"@id\":\"https:\\\/\\\/www.ecoceutics.com\\\/ca\\\/per-professionals-de-la-salut\\\/procediments-per-la-ventilacio-de-superficies-comercials\\\/#breadcrumb\"},\"inLanguage\":\"ca\",\"potentialAction\":[{\"@type\":\"ReadAction\",\"target\":[\"https:\\\/\\\/www.ecoceutics.com\\\/ca\\\/per-professionals-de-la-salut\\\/procediments-per-la-ventilacio-de-superficies-comercials\\\/\"]}]},{\"@type\":\"ImageObject\",\"inLanguage\":\"ca\",\"@id\":\"https:\\\/\\\/www.ecoceutics.com\\\/ca\\\/per-professionals-de-la-salut\\\/procediments-per-la-ventilacio-de-superficies-comercials\\\/#primaryimage\",\"url\":\"https:\\\/\\\/www.ecoceutics.com\\\/wp-content\\\/uploads\\\/2021\\\/09\\\/ventilacion.jpg\",\"contentUrl\":\"https:\\\/\\\/www.ecoceutics.com\\\/wp-content\\\/uploads\\\/2021\\\/09\\\/ventilacion.jpg\",\"width\":774,\"height\":477},{\"@type\":\"BreadcrumbList\",\"@id\":\"https:\\\/\\\/www.ecoceutics.com\\\/ca\\\/per-professionals-de-la-salut\\\/procediments-per-la-ventilacio-de-superficies-comercials\\\/#breadcrumb\",\"itemListElement\":[{\"@type\":\"ListItem\",\"position\":1,\"name\":\"Portada\",\"item\":\"https:\\\/\\\/www.ecoceutics.com\\\/ca\\\/\"},{\"@type\":\"ListItem\",\"position\":2,\"name\":\"Procediments per la ventilaci\u00f3 de superf\u00edcies comercials\"}]},{\"@type\":\"WebSite\",\"@id\":\"https:\\\/\\\/www.ecoceutics.com\\\/ca\\\/#website\",\"url\":\"https:\\\/\\\/www.ecoceutics.com\\\/ca\\\/\",\"name\":\"ecoceutics\",\"description\":\"Primera red de farmacias independientes bajo una marca\",\"publisher\":{\"@id\":\"https:\\\/\\\/www.ecoceutics.com\\\/ca\\\/#organization\"},\"potentialAction\":[{\"@type\":\"SearchAction\",\"target\":{\"@type\":\"EntryPoint\",\"urlTemplate\":\"https:\\\/\\\/www.ecoceutics.com\\\/ca\\\/?s={search_term_string}\"},\"query-input\":{\"@type\":\"PropertyValueSpecification\",\"valueRequired\":true,\"valueName\":\"search_term_string\"}}],\"inLanguage\":\"ca\"},{\"@type\":\"Organization\",\"@id\":\"https:\\\/\\\/www.ecoceutics.com\\\/ca\\\/#organization\",\"name\":\"Ecoceutics\",\"url\":\"https:\\\/\\\/www.ecoceutics.com\\\/ca\\\/\",\"logo\":{\"@type\":\"ImageObject\",\"inLanguage\":\"ca\",\"@id\":\"https:\\\/\\\/www.ecoceutics.com\\\/ca\\\/#\\\/schema\\\/logo\\\/image\\\/\",\"url\":\"https:\\\/\\\/www.ecoceutics.com\\\/wp-content\\\/uploads\\\/2022\\\/02\\\/Logo-Ecoceutics-SVG-01-1.svg\",\"contentUrl\":\"https:\\\/\\\/www.ecoceutics.com\\\/wp-content\\\/uploads\\\/2022\\\/02\\\/Logo-Ecoceutics-SVG-01-1.svg\",\"width\":232,\"height\":68,\"caption\":\"Ecoceutics\"},\"image\":{\"@id\":\"https:\\\/\\\/www.ecoceutics.com\\\/ca\\\/#\\\/schema\\\/logo\\\/image\\\/\"}},{\"@type\":\"Person\",\"@id\":\"https:\\\/\\\/www.ecoceutics.com\\\/ca\\\/#\\\/schema\\\/person\\\/1ea99343a86784e00a52c8744dfc7d83\",\"name\":\"Lorena Crosa\",\"image\":{\"@type\":\"ImageObject\",\"inLanguage\":\"ca\",\"@id\":\"https:\\\/\\\/www.ecoceutics.com\\\/wp-content\\\/uploads\\\/2024\\\/03\\\/Lorena-Crosa-100x100.jpg\",\"url\":\"https:\\\/\\\/www.ecoceutics.com\\\/wp-content\\\/uploads\\\/2024\\\/03\\\/Lorena-Crosa-100x100.jpg\",\"contentUrl\":\"https:\\\/\\\/www.ecoceutics.com\\\/wp-content\\\/uploads\\\/2024\\\/03\\\/Lorena-Crosa-100x100.jpg\",\"caption\":\"Lorena Crosa\"}}]}<\/script>\n<!-- \/ Yoast SEO plugin. -->","yoast_head_json":{"title":"Procediments per la ventilaci\u00f3 de comer\u00e7os | farm\u00e0cies ecoceutics","description":"En aquests moments de tornada a les classes, han aparegut actualitzacions sobre les recomanacions de ventilaci\u00f3 en espais amb flux de persones.","robots":{"index":"index","follow":"follow","max-snippet":"max-snippet:-1","max-image-preview":"max-image-preview:large","max-video-preview":"max-video-preview:-1"},"canonical":"https:\/\/www.ecoceutics.com\/ca\/per-professionals-de-la-salut\/procediments-per-la-ventilacio-de-superficies-comercials\/","og_locale":"ca_ES","og_type":"article","og_title":"Procediments per la ventilaci\u00f3 de comer\u00e7os | farm\u00e0cies ecoceutics","og_description":"En aquests moments de tornada a les classes, han aparegut actualitzacions sobre les recomanacions de ventilaci\u00f3 en espais amb flux de persones.","og_url":"https:\/\/www.ecoceutics.com\/ca\/per-professionals-de-la-salut\/procediments-per-la-ventilacio-de-superficies-comercials\/","og_site_name":"ecoceutics","article_published_time":"2021-09-14T16:53:15+00:00","article_modified_time":"2024-08-09T09:28:05+00:00","og_image":[{"width":774,"height":477,"url":"https:\/\/www.ecoceutics.com\/wp-content\/uploads\/2021\/09\/ventilacion.jpg","type":"image\/jpeg"}],"author":"Lorena Crosa","twitter_card":"summary_large_image","twitter_misc":{"Escrit per":"Lorena Crosa","Temps estimat de lectura":"9 minuts"},"schema":{"@context":"https:\/\/schema.org","@graph":[{"@type":"Article","@id":"https:\/\/www.ecoceutics.com\/ca\/per-professionals-de-la-salut\/procediments-per-la-ventilacio-de-superficies-comercials\/#article","isPartOf":{"@id":"https:\/\/www.ecoceutics.com\/ca\/per-professionals-de-la-salut\/procediments-per-la-ventilacio-de-superficies-comercials\/"},"author":{"name":"Lorena Crosa","@id":"https:\/\/www.ecoceutics.com\/ca\/#\/schema\/person\/1ea99343a86784e00a52c8744dfc7d83"},"headline":"Procediments per la ventilaci\u00f3 de superf\u00edcies comercials","datePublished":"2021-09-14T16:53:15+00:00","dateModified":"2024-08-09T09:28:05+00:00","mainEntityOfPage":{"@id":"https:\/\/www.ecoceutics.com\/ca\/per-professionals-de-la-salut\/procediments-per-la-ventilacio-de-superficies-comercials\/"},"wordCount":1902,"commentCount":0,"publisher":{"@id":"https:\/\/www.ecoceutics.com\/ca\/#organization"},"image":{"@id":"https:\/\/www.ecoceutics.com\/ca\/per-professionals-de-la-salut\/procediments-per-la-ventilacio-de-superficies-comercials\/#primaryimage"},"thumbnailUrl":"https:\/\/www.ecoceutics.com\/wp-content\/uploads\/2021\/09\/ventilacion.jpg","articleSection":["Per professionals de la salut","Publicacions per a farmac\u00e8utics"],"inLanguage":"ca","potentialAction":[{"@type":"CommentAction","name":"Comment","target":["https:\/\/www.ecoceutics.com\/ca\/per-professionals-de-la-salut\/procediments-per-la-ventilacio-de-superficies-comercials\/#respond"]}]},{"@type":"WebPage","@id":"https:\/\/www.ecoceutics.com\/ca\/per-professionals-de-la-salut\/procediments-per-la-ventilacio-de-superficies-comercials\/","url":"https:\/\/www.ecoceutics.com\/ca\/per-professionals-de-la-salut\/procediments-per-la-ventilacio-de-superficies-comercials\/","name":"Procediments per la ventilaci\u00f3 de comer\u00e7os | farm\u00e0cies ecoceutics","isPartOf":{"@id":"https:\/\/www.ecoceutics.com\/ca\/#website"},"primaryImageOfPage":{"@id":"https:\/\/www.ecoceutics.com\/ca\/per-professionals-de-la-salut\/procediments-per-la-ventilacio-de-superficies-comercials\/#primaryimage"},"image":{"@id":"https:\/\/www.ecoceutics.com\/ca\/per-professionals-de-la-salut\/procediments-per-la-ventilacio-de-superficies-comercials\/#primaryimage"},"thumbnailUrl":"https:\/\/www.ecoceutics.com\/wp-content\/uploads\/2021\/09\/ventilacion.jpg","datePublished":"2021-09-14T16:53:15+00:00","dateModified":"2024-08-09T09:28:05+00:00","description":"En aquests moments de tornada a les classes, han aparegut actualitzacions sobre les recomanacions de ventilaci\u00f3 en espais amb flux de persones.","breadcrumb":{"@id":"https:\/\/www.ecoceutics.com\/ca\/per-professionals-de-la-salut\/procediments-per-la-ventilacio-de-superficies-comercials\/#breadcrumb"},"inLanguage":"ca","potentialAction":[{"@type":"ReadAction","target":["https:\/\/www.ecoceutics.com\/ca\/per-professionals-de-la-salut\/procediments-per-la-ventilacio-de-superficies-comercials\/"]}]},{"@type":"ImageObject","inLanguage":"ca","@id":"https:\/\/www.ecoceutics.com\/ca\/per-professionals-de-la-salut\/procediments-per-la-ventilacio-de-superficies-comercials\/#primaryimage","url":"https:\/\/www.ecoceutics.com\/wp-content\/uploads\/2021\/09\/ventilacion.jpg","contentUrl":"https:\/\/www.ecoceutics.com\/wp-content\/uploads\/2021\/09\/ventilacion.jpg","width":774,"height":477},{"@type":"BreadcrumbList","@id":"https:\/\/www.ecoceutics.com\/ca\/per-professionals-de-la-salut\/procediments-per-la-ventilacio-de-superficies-comercials\/#breadcrumb","itemListElement":[{"@type":"ListItem","position":1,"name":"Portada","item":"https:\/\/www.ecoceutics.com\/ca\/"},{"@type":"ListItem","position":2,"name":"Procediments per la ventilaci\u00f3 de superf\u00edcies comercials"}]},{"@type":"WebSite","@id":"https:\/\/www.ecoceutics.com\/ca\/#website","url":"https:\/\/www.ecoceutics.com\/ca\/","name":"ecoceutics","description":"Primera red de farmacias independientes bajo una marca","publisher":{"@id":"https:\/\/www.ecoceutics.com\/ca\/#organization"},"potentialAction":[{"@type":"SearchAction","target":{"@type":"EntryPoint","urlTemplate":"https:\/\/www.ecoceutics.com\/ca\/?s={search_term_string}"},"query-input":{"@type":"PropertyValueSpecification","valueRequired":true,"valueName":"search_term_string"}}],"inLanguage":"ca"},{"@type":"Organization","@id":"https:\/\/www.ecoceutics.com\/ca\/#organization","name":"Ecoceutics","url":"https:\/\/www.ecoceutics.com\/ca\/","logo":{"@type":"ImageObject","inLanguage":"ca","@id":"https:\/\/www.ecoceutics.com\/ca\/#\/schema\/logo\/image\/","url":"https:\/\/www.ecoceutics.com\/wp-content\/uploads\/2022\/02\/Logo-Ecoceutics-SVG-01-1.svg","contentUrl":"https:\/\/www.ecoceutics.com\/wp-content\/uploads\/2022\/02\/Logo-Ecoceutics-SVG-01-1.svg","width":232,"height":68,"caption":"Ecoceutics"},"image":{"@id":"https:\/\/www.ecoceutics.com\/ca\/#\/schema\/logo\/image\/"}},{"@type":"Person","@id":"https:\/\/www.ecoceutics.com\/ca\/#\/schema\/person\/1ea99343a86784e00a52c8744dfc7d83","name":"Lorena Crosa","image":{"@type":"ImageObject","inLanguage":"ca","@id":"https:\/\/www.ecoceutics.com\/wp-content\/uploads\/2024\/03\/Lorena-Crosa-100x100.jpg","url":"https:\/\/www.ecoceutics.com\/wp-content\/uploads\/2024\/03\/Lorena-Crosa-100x100.jpg","contentUrl":"https:\/\/www.ecoceutics.com\/wp-content\/uploads\/2024\/03\/Lorena-Crosa-100x100.jpg","caption":"Lorena Crosa"}}]}},"_links":{"self":[{"href":"https:\/\/www.ecoceutics.com\/ca\/wp-json\/wp\/v2\/posts\/19080","targetHints":{"allow":["GET"]}}],"collection":[{"href":"https:\/\/www.ecoceutics.com\/ca\/wp-json\/wp\/v2\/posts"}],"about":[{"href":"https:\/\/www.ecoceutics.com\/ca\/wp-json\/wp\/v2\/types\/post"}],"author":[{"embeddable":true,"href":"https:\/\/www.ecoceutics.com\/ca\/wp-json\/wp\/v2\/users\/4"}],"replies":[{"embeddable":true,"href":"https:\/\/www.ecoceutics.com\/ca\/wp-json\/wp\/v2\/comments?post=19080"}],"version-history":[{"count":0,"href":"https:\/\/www.ecoceutics.com\/ca\/wp-json\/wp\/v2\/posts\/19080\/revisions"}],"wp:featuredmedia":[{"embeddable":true,"href":"https:\/\/www.ecoceutics.com\/ca\/wp-json\/wp\/v2\/media\/19747"}],"wp:attachment":[{"href":"https:\/\/www.ecoceutics.com\/ca\/wp-json\/wp\/v2\/media?parent=19080"}],"wp:term":[{"taxonomy":"category","embeddable":true,"href":"https:\/\/www.ecoceutics.com\/ca\/wp-json\/wp\/v2\/categories?post=19080"},{"taxonomy":"post_tag","embeddable":true,"href":"https:\/\/www.ecoceutics.com\/ca\/wp-json\/wp\/v2\/tags?post=19080"}],"curies":[{"name":"wp","href":"https:\/\/api.w.org\/{rel}","templated":true}]}}