{"id":19081,"date":"2021-09-14T18:53:15","date_gmt":"2021-09-14T16:53:15","guid":{"rendered":"https:\/\/www.ecoceutics.com\/les-dones-a-la-historia-de-la-farmacia\/"},"modified":"2024-02-02T13:40:39","modified_gmt":"2024-02-02T12:40:39","slug":"les-dones-a-la-historia-de-la-farmacia","status":"publish","type":"post","link":"https:\/\/www.ecoceutics.com\/ca\/per-professionals-de-la-salut\/les-dones-a-la-historia-de-la-farmacia\/","title":{"rendered":"Les dones a la hist\u00f2ria de la farm\u00e0cia"},"content":{"rendered":"<p>Sota el mantell de la hist\u00f2ria de la farm\u00e0cia trobem la hist\u00f2ria dels apotecaris, de les plantes medicinals, de la manipulaci\u00f3 dels metalls, i del naixement de la ci\u00e8ncia m\u00e8dica i farmac\u00e8utica tal com la coneixem avui. Per\u00f2 tamb\u00e9 \u00e9s la hist\u00f2ria de les dones que cuidaven dels seus fills i dels seus majors donant tisanes per a una mala digesti\u00f3, aplicant un cataplasma per a passar millor la tos\u2026 i, fins a finals del segle XIX, aplicant coneixements apresos en l\u2019entorn familiar i social, mai en la universitat. T\u2019expliquem avui una mica m\u00e9s de la relaci\u00f3 de les dones amb la farm\u00e0cia al llarg de la hist\u00f2ria europea.<\/p>\n<div id=\"ez-toc-container\" class=\"ez-toc-v2_0_82_2 counter-hierarchy ez-toc-counter ez-toc-custom ez-toc-container-direction\">\n<div class=\"ez-toc-title-container\">\n<p class=\"ez-toc-title\" style=\"cursor:inherit\">Contenido de la p\u00e1gina<\/p>\n<span class=\"ez-toc-title-toggle\"><a href=\"#\" class=\"ez-toc-pull-right ez-toc-btn ez-toc-btn-xs ez-toc-btn-default ez-toc-toggle\" aria-label=\"Toggle Table of Content\"><span class=\"ez-toc-js-icon-con\"><span class=\"\"><span class=\"eztoc-hide\" style=\"display:none;\">Toggle<\/span><span class=\"ez-toc-icon-toggle-span\"><svg style=\"fill: #333333;color:#333333\" xmlns=\"http:\/\/www.w3.org\/2000\/svg\" class=\"list-377408\" width=\"20px\" height=\"20px\" viewBox=\"0 0 24 24\" fill=\"none\"><path d=\"M6 6H4v2h2V6zm14 0H8v2h12V6zM4 11h2v2H4v-2zm16 0H8v2h12v-2zM4 16h2v2H4v-2zm16 0H8v2h12v-2z\" fill=\"currentColor\"><\/path><\/svg><svg style=\"fill: #333333;color:#333333\" class=\"arrow-unsorted-368013\" xmlns=\"http:\/\/www.w3.org\/2000\/svg\" width=\"10px\" height=\"10px\" viewBox=\"0 0 24 24\" version=\"1.2\" baseProfile=\"tiny\"><path d=\"M18.2 9.3l-6.2-6.3-6.2 6.3c-.2.2-.3.4-.3.7s.1.5.3.7c.2.2.4.3.7.3h11c.3 0 .5-.1.7-.3.2-.2.3-.5.3-.7s-.1-.5-.3-.7zM5.8 14.7l6.2 6.3 6.2-6.3c.2-.2.3-.5.3-.7s-.1-.5-.3-.7c-.2-.2-.4-.3-.7-.3h-11c-.3 0-.5.1-.7.3-.2.2-.3.5-.3.7s.1.5.3.7z\"\/><\/svg><\/span><\/span><\/span><\/a><\/span><\/div>\n<nav><ul class='ez-toc-list ez-toc-list-level-1 ' ><li class='ez-toc-page-1 ez-toc-heading-level-2'><a class=\"ez-toc-link ez-toc-heading-1\" href=\"https:\/\/www.ecoceutics.com\/ca\/per-professionals-de-la-salut\/les-dones-a-la-historia-de-la-farmacia\/#la-dona-i-les-cures-basiques\" >La dona i les cures b\u00e0siques<\/a><\/li><li class='ez-toc-page-1 ez-toc-heading-level-2'><a class=\"ez-toc-link ez-toc-heading-2\" href=\"https:\/\/www.ecoceutics.com\/ca\/per-professionals-de-la-salut\/les-dones-a-la-historia-de-la-farmacia\/#la-dona-i-els-coneixements-mes-especifics\" >La dona i els coneixements m\u00e9s espec\u00edfics<\/a><\/li><li class='ez-toc-page-1 ez-toc-heading-level-2'><a class=\"ez-toc-link ez-toc-heading-3\" href=\"https:\/\/www.ecoceutics.com\/ca\/per-professionals-de-la-salut\/les-dones-a-la-historia-de-la-farmacia\/#les-primeres-dones-professionals-les-apotecaries\" >Les primeres dones professionals: les apotec\u00e0ries<\/a><\/li><li class='ez-toc-page-1 ez-toc-heading-level-2'><a class=\"ez-toc-link ez-toc-heading-4\" href=\"https:\/\/www.ecoceutics.com\/ca\/per-professionals-de-la-salut\/les-dones-a-la-historia-de-la-farmacia\/#les-primeres-farmaceutiques\" >Les primeres farmac\u00e8utiques<\/a><\/li><li class='ez-toc-page-1 ez-toc-heading-level-2'><a class=\"ez-toc-link ez-toc-heading-5\" href=\"https:\/\/www.ecoceutics.com\/ca\/per-professionals-de-la-salut\/les-dones-a-la-historia-de-la-farmacia\/#els-desafiaments-del-futur\" >Els desafiaments del futur<\/a><\/li><\/ul><\/nav><\/div>\n<h2><span class=\"ez-toc-section\" id=\"la-dona-i-les-cures-basiques\"><\/span>La dona i les cures b\u00e0siques<span class=\"ez-toc-section-end\"><\/span><\/h2>\n<p>Situem-nos a Europa en el segle XV: \u00e9s una Europa cristiana, amb rols clarament diferenciats per a l\u2019home i per a la dona. La medicina \u00e9s practicada per homes que aprenien en universitats les teories humorals aportades per Gal\u00e8, i que a causa de la seva escassetat i preu no sempre estaven disponibles per a tota la poblaci\u00f3. La majoria de les vegades eren les dones les que aportaven les primeres cures farmac\u00e8utiques, higi\u00e8niques i m\u00e8diques. Les dones, com s\u00f3n les que porten els nens al m\u00f3n, eren considerades persones \u00abamb dots naturals\u00bb per a la cura dels altres; aix\u00ed, les mestresses i les nenes majors de la fam\u00edlia solien tenir una certa preparaci\u00f3 m\u00e8dica i farmac\u00e8utica&nbsp;d\u2019acord als&nbsp;coneixements de l\u2019\u00e8poca. Els petits malestars, des d\u2019una mol\u00e8stia infantil a un accident dom\u00e8stic, eren atesos en primer lloc per les dones de la fam\u00edlia.<\/p>\n<h2><span class=\"ez-toc-section\" id=\"la-dona-i-els-coneixements-mes-especifics\"><\/span>La dona i els coneixements m\u00e9s espec\u00edfics<span class=\"ez-toc-section-end\"><\/span><\/h2>\n<p>Un segon nivell de cura ho podia donar la \u00abdona s\u00e0via\u00bb del poble, que podria haver estat coneguda com a \u00abbruixa\u00bb, ja que indicava cures basades en plantes medicinals, resos, i fins i tot encanteris. Els seus coneixements moltes vegades funcionaven molt b\u00e9, per\u00f2 altres vegades no eren suficients; passat aquest punt, si el pacient no es recuperava i s\u2019ho podia permetre, anava al metge. Tamb\u00e9 es donava el cam\u00ed invers, \u00e9s a dir, pacients que havien provat amb tractament m\u00e8dic \u00aboficial\u00bb sense resultat, buscaven una soluci\u00f3 en el regne natural.<br \/>\nAvui dia associem la paraula bruixota amb acusacions d\u2019heretgia. Aquestes acusacions tenen la seva llavor en les preocupacions de l\u2019Esgl\u00e9sia per les plantes medicinals: s\u2019estipulava que l\u2019estudi i \u00fas de les plantes medicinals era v\u00e0lid nom\u00e9s si la seva efectivitat era una manifestaci\u00f3 del poder div\u00ed. Els eclesi\u00e0stics podien estudiar-les, per\u00f2 en el cas de les dones l\u2019inter\u00e8s en determinades plantes podia considerar-se una mostra de manifestaci\u00f3 demon\u00edaca (recordem que la dona era considerada per defecte un \u00e9sser inferior, m\u00e9s malvat, i menys intel\u00b7ligent que l\u2019home). A m\u00e9s, com les dones tenien vetat l\u2019acc\u00e9s a estudis universitaris, com m\u00e9s sabien i millor curaven, major era la prova del pacte amb el diable perqu\u00e8, d\u2019on sortia la seva per\u00edcia si no? Entre aix\u00f2, i que moltes vegades era necessari buscar un boc expiatori per a plagues, pestes, males collites, tempestes que enfonsava vaixells i altres mals varis, era possible que una dona que vivia una mica diferent de les altres es vei\u00e9s acusada de bruixeria.<\/p>\n<p>Les altres grans cuidadores de la salut eren les monges. Com a religioses que eren, tenien a c\u00e0rrec seu la cura de malalts, cures que duien a terme amb les plantes medicinals que moltes vegades es conreaven en el mateix jard\u00ed del convent.<\/p>\n<h2><span class=\"ez-toc-section\" id=\"les-primeres-dones-professionals-les-apotecaries\"><\/span>Les primeres dones professionals: les apotec\u00e0ries<span class=\"ez-toc-section-end\"><\/span><\/h2>\n<p>Avancem en el temps un parell de segles. Les&nbsp;apoteques&nbsp;de l\u2019\u00e8poca Moderna eren un negoci familiar en els quals participaven l\u2019apotecari, la seva dona, potser els seus fills i alguns dependents contractats. Existeixen registres de dones apotec\u00e0ries, \u00e9s a dir, dones al capdavant d\u2019una&nbsp;apoteca, per\u00f2 no s\u00f3n freq\u00fcents. Els diferents pa\u00efsos europeus tenien diferents legislacions sobre aquest tema: Fran\u00e7a va permetre que les dones fossin apotec\u00e0ries, mentre que a Alemanya ho tenien prohibit. A Espanya existeixen registres de dones apotec\u00e0ries, dones que solien accedir a la professi\u00f3 de la m\u00e0 d\u2019una her\u00e8ncia del marit, per\u00f2 a no participaven activament en la vida del gremi de la ciutat. Podien ser \u00absecundades\u00bb pels mestres del gremi, per\u00f2 mai eren mestres per dret propi i no tenien aprenents. No es va permetre a les dones espanyoles tenir&nbsp;apoteca&nbsp;per dret propi fins ben entrat el segle XIX. En canvi, les dones angleses en la mateixa situaci\u00f3 podien accedir a la direcci\u00f3 del negoci i a un lloc en el gremi; fins i tot algunes apotec\u00e0ries angleses van arribar a tenir aprenentes a c\u00e0rrec seu.<\/p>\n<h2><span class=\"ez-toc-section\" id=\"les-primeres-farmaceutiques\"><\/span>Les primeres farmac\u00e8utiques<span class=\"ez-toc-section-end\"><\/span><\/h2>\n<p>Saltem al segle XIX. Els apotecaris deixen d\u2019existir, ja que ha canviat la figura del mestre del gremi per la de graduat universitari. Per\u00f2 aquest canvi no va ser igual per a homes i per a dones: les dones nom\u00e9s van poder accedir als estudis universitaris a partir de la segona meitat del segle XIX sol\u00b7licitant permisos especials a les autoritats acad\u00e8miques. Aquest pas va indignar a m\u00e9s d\u2019un, ja que es creia que \u00abel cervell de la dona tenia menys subst\u00e0ncia grisa\u00bb i aix\u00f2 \u00abla predisposa als sentiments i no a les ci\u00e8ncies\u00bb. Aquest tipus de debat va fer que les dones haguessin d\u2019esperar fins a l\u2019any 1910 per a poder accedir en forma general a la universitat.<\/p>\n<p>La carrera de Farm\u00e0cia va ser de les primeres a omplir-se de dones. La primera dona farmac\u00e8utica espanyola va ser Maria&nbsp;Dolores&nbsp;Mart\u00ednez Rodr\u00edguez, llicenciant-se en 1893. La seva col\u00b7legiaci\u00f3 va causar renou, ja que el Col\u00b7legi de Farmac\u00e8utics d\u2019Alacant va arribar a consultar als Ministeris de Foment i Governaci\u00f3 si autoritzaven la col\u00b7legiaci\u00f3 (a la qual van accedir). Una altra pionera en l\u2019\u00e0rea va ser Zoe&nbsp;Rosinach&nbsp;Pedrol, la primera doctora en Farm\u00e0cia. Es va matricular en la carrera l\u2019any 1913 en la Universitat de Barcelona i va obtenir excel\u00b7lents notes en totes les assignatures, excepte en An\u00e0lisi Qu\u00edmica. I no perqu\u00e8 no tenia dots per a l\u2019an\u00e0lisi, sin\u00f3 perqu\u00e8 el seu professor es negava a aprovar a una dona; a causa d\u2019aquesta obstinaci\u00f3, Zoe va haver de traslladar el seu expedient a la Universitat Central de Madrid per a poder graduar-se. L\u2019any 1920 va defensar la tesi per a doctorar-se en Microbiologia, i posteriorment va exercir la seva carrera com a farmac\u00e8utica obrint la seva pr\u00f2pia farm\u00e0cia en un poble de Terol.<\/p>\n<p>Encara amb lliure entrada a la facultat, encara quedaven moltes sotragades perqu\u00e8 una dona tingu\u00e9s una carrera en l\u2019\u00e0rea de la farm\u00e0cia: per exemple, una dona no podia realment ser propiet\u00e0ria d\u2019una oficina de farm\u00e0cia sin\u00f3 que estava sota la tutela del seu pare o marit, que havia de \u00abdonar-li llic\u00e8ncia\u00bb per a actuar respecte als seus b\u00e9ns. Aquesta situaci\u00f3 es va mantenir fins a l\u2019any 1975 (finals del segle XX!) quan es va derogar la llic\u00e8ncia marital a Espanya. La ind\u00fastria farmac\u00e8utica tamb\u00e9 estava oberta a la pres\u00e8ncia femenina des que van comen\u00e7ar a graduar-se les dones, per\u00f2 era freq\u00fcent que les dones es dediquessin al desenvolupament de productes femenins o infantils en comptes de poder dedicar-se lliurement al desenvolupament de qualsevol medicament.<\/p>\n<h2><span class=\"ez-toc-section\" id=\"els-desafiaments-del-futur\"><\/span>Els desafiaments del futur<span class=\"ez-toc-section-end\"><\/span><\/h2>\n<p>Hi ha hagut molts canvis en els \u00faltims cent anys. Avui dia la carrera de Farm\u00e0cia \u00e9s un estudi \u00e0mpliament feminitzat, ja que m\u00e9s del 70% de col\u00b7legiats farmac\u00e8utics espanyols s\u00f3n dones. El seg\u00fcent repte ser\u00e0 aconseguir una representaci\u00f3 pr\u00f2xima a aquest n\u00famero en tots els llocs directius associats a la professi\u00f3 i a la carrera\u2026 per\u00f2 aquesta \u00e9s un altre cap\u00edtol en aquesta hist\u00f2ria, un que pas a pas ja s\u2019est\u00e0 escrivint.<\/p>\n","protected":false},"excerpt":{"rendered":"<p>Sota el mantell de la hist\u00f2ria de la farm\u00e0cia trobem la hist\u00f2ria dels apotecaris, de les plantes medicinals, de la manipulaci\u00f3 dels metalls, i del naixement de la ci\u00e8ncia m\u00e8dica i farmac\u00e8utica tal com la coneixem avui. Per\u00f2 tamb\u00e9 \u00e9s la hist\u00f2ria de les dones que cuidaven dels seus fills i dels seus majors donant [&hellip;]<\/p>\n","protected":false},"author":4,"featured_media":18804,"comment_status":"open","ping_status":"open","sticky":false,"template":"","format":"standard","meta":{"_acf_changed":false,"inline_featured_image":false,"_mbp_gutenberg_autopost":false,"footnotes":""},"categories":[71,433],"tags":[],"class_list":["post-19081","post","type-post","status-publish","format-standard","has-post-thumbnail","hentry","category-per-professionals-de-la-salut","category-publicacions-per-a-farmaceutics"],"acf":[],"yoast_head":"<!-- This site is optimized with the Yoast SEO plugin v27.5 - https:\/\/yoast.com\/product\/yoast-seo-wordpress\/ -->\n<title>Les dones a la hist\u00f2ria de la farm\u00e0cia | farm\u00e0cies ecoceutics<\/title>\n<meta name=\"description\" content=\"El paper de les dones a la hist\u00f2ria de la farm\u00e0cia ha canviat radicalment, des de ser condenades bruixes fins a representar a avui el 70% dels colegiats.\" \/>\n<meta name=\"robots\" content=\"index, follow, max-snippet:-1, max-image-preview:large, max-video-preview:-1\" \/>\n<link rel=\"canonical\" href=\"https:\/\/www.ecoceutics.com\/ca\/per-professionals-de-la-salut\/les-dones-a-la-historia-de-la-farmacia\/\" \/>\n<meta property=\"og:locale\" content=\"ca_ES\" \/>\n<meta property=\"og:type\" content=\"article\" \/>\n<meta property=\"og:title\" content=\"Les dones a la hist\u00f2ria de la farm\u00e0cia | farm\u00e0cies ecoceutics\" \/>\n<meta property=\"og:description\" content=\"El paper de les dones a la hist\u00f2ria de la farm\u00e0cia ha canviat radicalment, des de ser condenades bruixes fins a representar a avui el 70% dels colegiats.\" \/>\n<meta property=\"og:url\" content=\"https:\/\/www.ecoceutics.com\/ca\/per-professionals-de-la-salut\/les-dones-a-la-historia-de-la-farmacia\/\" \/>\n<meta property=\"og:site_name\" content=\"ecoceutics\" \/>\n<meta property=\"article:published_time\" content=\"2021-09-14T16:53:15+00:00\" \/>\n<meta property=\"article:modified_time\" content=\"2024-02-02T12:40:39+00:00\" \/>\n<meta property=\"og:image\" content=\"https:\/\/www.ecoceutics.com\/wp-content\/uploads\/2021\/09\/mujer-farmacia-03.jpg\" \/>\n\t<meta property=\"og:image:width\" content=\"2100\" \/>\n\t<meta property=\"og:image:height\" content=\"1075\" \/>\n\t<meta property=\"og:image:type\" content=\"image\/jpeg\" \/>\n<meta name=\"author\" content=\"Lorena Crosa\" \/>\n<meta name=\"twitter:card\" content=\"summary_large_image\" \/>\n<meta name=\"twitter:label1\" content=\"Escrit per\" \/>\n\t<meta name=\"twitter:data1\" content=\"Lorena Crosa\" \/>\n\t<meta name=\"twitter:label2\" content=\"Temps estimat de lectura\" \/>\n\t<meta name=\"twitter:data2\" content=\"6 minuts\" \/>\n<script type=\"application\/ld+json\" class=\"yoast-schema-graph\">{\"@context\":\"https:\\\/\\\/schema.org\",\"@graph\":[{\"@type\":\"Article\",\"@id\":\"https:\\\/\\\/www.ecoceutics.com\\\/ca\\\/per-professionals-de-la-salut\\\/les-dones-a-la-historia-de-la-farmacia\\\/#article\",\"isPartOf\":{\"@id\":\"https:\\\/\\\/www.ecoceutics.com\\\/ca\\\/per-professionals-de-la-salut\\\/les-dones-a-la-historia-de-la-farmacia\\\/\"},\"author\":{\"name\":\"Lorena Crosa\",\"@id\":\"https:\\\/\\\/www.ecoceutics.com\\\/ca\\\/#\\\/schema\\\/person\\\/1ea99343a86784e00a52c8744dfc7d83\"},\"headline\":\"Les dones a la hist\u00f2ria de la farm\u00e0cia\",\"datePublished\":\"2021-09-14T16:53:15+00:00\",\"dateModified\":\"2024-02-02T12:40:39+00:00\",\"mainEntityOfPage\":{\"@id\":\"https:\\\/\\\/www.ecoceutics.com\\\/ca\\\/per-professionals-de-la-salut\\\/les-dones-a-la-historia-de-la-farmacia\\\/\"},\"wordCount\":1394,\"commentCount\":0,\"publisher\":{\"@id\":\"https:\\\/\\\/www.ecoceutics.com\\\/ca\\\/#organization\"},\"image\":{\"@id\":\"https:\\\/\\\/www.ecoceutics.com\\\/ca\\\/per-professionals-de-la-salut\\\/les-dones-a-la-historia-de-la-farmacia\\\/#primaryimage\"},\"thumbnailUrl\":\"https:\\\/\\\/www.ecoceutics.com\\\/wp-content\\\/uploads\\\/2021\\\/09\\\/mujer-farmacia-03.jpg\",\"articleSection\":[\"Per professionals de la salut\",\"Publicacions per a farmac\u00e8utics\"],\"inLanguage\":\"ca\",\"potentialAction\":[{\"@type\":\"CommentAction\",\"name\":\"Comment\",\"target\":[\"https:\\\/\\\/www.ecoceutics.com\\\/ca\\\/per-professionals-de-la-salut\\\/les-dones-a-la-historia-de-la-farmacia\\\/#respond\"]}]},{\"@type\":\"WebPage\",\"@id\":\"https:\\\/\\\/www.ecoceutics.com\\\/ca\\\/per-professionals-de-la-salut\\\/les-dones-a-la-historia-de-la-farmacia\\\/\",\"url\":\"https:\\\/\\\/www.ecoceutics.com\\\/ca\\\/per-professionals-de-la-salut\\\/les-dones-a-la-historia-de-la-farmacia\\\/\",\"name\":\"Les dones a la hist\u00f2ria de la farm\u00e0cia | farm\u00e0cies ecoceutics\",\"isPartOf\":{\"@id\":\"https:\\\/\\\/www.ecoceutics.com\\\/ca\\\/#website\"},\"primaryImageOfPage\":{\"@id\":\"https:\\\/\\\/www.ecoceutics.com\\\/ca\\\/per-professionals-de-la-salut\\\/les-dones-a-la-historia-de-la-farmacia\\\/#primaryimage\"},\"image\":{\"@id\":\"https:\\\/\\\/www.ecoceutics.com\\\/ca\\\/per-professionals-de-la-salut\\\/les-dones-a-la-historia-de-la-farmacia\\\/#primaryimage\"},\"thumbnailUrl\":\"https:\\\/\\\/www.ecoceutics.com\\\/wp-content\\\/uploads\\\/2021\\\/09\\\/mujer-farmacia-03.jpg\",\"datePublished\":\"2021-09-14T16:53:15+00:00\",\"dateModified\":\"2024-02-02T12:40:39+00:00\",\"description\":\"El paper de les dones a la hist\u00f2ria de la farm\u00e0cia ha canviat radicalment, des de ser condenades bruixes fins a representar a avui el 70% dels colegiats.\",\"breadcrumb\":{\"@id\":\"https:\\\/\\\/www.ecoceutics.com\\\/ca\\\/per-professionals-de-la-salut\\\/les-dones-a-la-historia-de-la-farmacia\\\/#breadcrumb\"},\"inLanguage\":\"ca\",\"potentialAction\":[{\"@type\":\"ReadAction\",\"target\":[\"https:\\\/\\\/www.ecoceutics.com\\\/ca\\\/per-professionals-de-la-salut\\\/les-dones-a-la-historia-de-la-farmacia\\\/\"]}]},{\"@type\":\"ImageObject\",\"inLanguage\":\"ca\",\"@id\":\"https:\\\/\\\/www.ecoceutics.com\\\/ca\\\/per-professionals-de-la-salut\\\/les-dones-a-la-historia-de-la-farmacia\\\/#primaryimage\",\"url\":\"https:\\\/\\\/www.ecoceutics.com\\\/wp-content\\\/uploads\\\/2021\\\/09\\\/mujer-farmacia-03.jpg\",\"contentUrl\":\"https:\\\/\\\/www.ecoceutics.com\\\/wp-content\\\/uploads\\\/2021\\\/09\\\/mujer-farmacia-03.jpg\",\"width\":2100,\"height\":1075},{\"@type\":\"BreadcrumbList\",\"@id\":\"https:\\\/\\\/www.ecoceutics.com\\\/ca\\\/per-professionals-de-la-salut\\\/les-dones-a-la-historia-de-la-farmacia\\\/#breadcrumb\",\"itemListElement\":[{\"@type\":\"ListItem\",\"position\":1,\"name\":\"Portada\",\"item\":\"https:\\\/\\\/www.ecoceutics.com\\\/ca\\\/\"},{\"@type\":\"ListItem\",\"position\":2,\"name\":\"Les dones a la hist\u00f2ria de la farm\u00e0cia\"}]},{\"@type\":\"WebSite\",\"@id\":\"https:\\\/\\\/www.ecoceutics.com\\\/ca\\\/#website\",\"url\":\"https:\\\/\\\/www.ecoceutics.com\\\/ca\\\/\",\"name\":\"ecoceutics\",\"description\":\"Primera red de farmacias independientes bajo una marca\",\"publisher\":{\"@id\":\"https:\\\/\\\/www.ecoceutics.com\\\/ca\\\/#organization\"},\"potentialAction\":[{\"@type\":\"SearchAction\",\"target\":{\"@type\":\"EntryPoint\",\"urlTemplate\":\"https:\\\/\\\/www.ecoceutics.com\\\/ca\\\/?s={search_term_string}\"},\"query-input\":{\"@type\":\"PropertyValueSpecification\",\"valueRequired\":true,\"valueName\":\"search_term_string\"}}],\"inLanguage\":\"ca\"},{\"@type\":\"Organization\",\"@id\":\"https:\\\/\\\/www.ecoceutics.com\\\/ca\\\/#organization\",\"name\":\"Ecoceutics\",\"url\":\"https:\\\/\\\/www.ecoceutics.com\\\/ca\\\/\",\"logo\":{\"@type\":\"ImageObject\",\"inLanguage\":\"ca\",\"@id\":\"https:\\\/\\\/www.ecoceutics.com\\\/ca\\\/#\\\/schema\\\/logo\\\/image\\\/\",\"url\":\"https:\\\/\\\/www.ecoceutics.com\\\/wp-content\\\/uploads\\\/2022\\\/02\\\/Logo-Ecoceutics-SVG-01-1.svg\",\"contentUrl\":\"https:\\\/\\\/www.ecoceutics.com\\\/wp-content\\\/uploads\\\/2022\\\/02\\\/Logo-Ecoceutics-SVG-01-1.svg\",\"width\":232,\"height\":68,\"caption\":\"Ecoceutics\"},\"image\":{\"@id\":\"https:\\\/\\\/www.ecoceutics.com\\\/ca\\\/#\\\/schema\\\/logo\\\/image\\\/\"}},{\"@type\":\"Person\",\"@id\":\"https:\\\/\\\/www.ecoceutics.com\\\/ca\\\/#\\\/schema\\\/person\\\/1ea99343a86784e00a52c8744dfc7d83\",\"name\":\"Lorena Crosa\",\"image\":{\"@type\":\"ImageObject\",\"inLanguage\":\"ca\",\"@id\":\"https:\\\/\\\/www.ecoceutics.com\\\/wp-content\\\/uploads\\\/2024\\\/03\\\/Lorena-Crosa-100x100.jpg\",\"url\":\"https:\\\/\\\/www.ecoceutics.com\\\/wp-content\\\/uploads\\\/2024\\\/03\\\/Lorena-Crosa-100x100.jpg\",\"contentUrl\":\"https:\\\/\\\/www.ecoceutics.com\\\/wp-content\\\/uploads\\\/2024\\\/03\\\/Lorena-Crosa-100x100.jpg\",\"caption\":\"Lorena Crosa\"}}]}<\/script>\n<!-- \/ Yoast SEO plugin. -->","yoast_head_json":{"title":"Les dones a la hist\u00f2ria de la farm\u00e0cia | farm\u00e0cies ecoceutics","description":"El paper de les dones a la hist\u00f2ria de la farm\u00e0cia ha canviat radicalment, des de ser condenades bruixes fins a representar a avui el 70% dels colegiats.","robots":{"index":"index","follow":"follow","max-snippet":"max-snippet:-1","max-image-preview":"max-image-preview:large","max-video-preview":"max-video-preview:-1"},"canonical":"https:\/\/www.ecoceutics.com\/ca\/per-professionals-de-la-salut\/les-dones-a-la-historia-de-la-farmacia\/","og_locale":"ca_ES","og_type":"article","og_title":"Les dones a la hist\u00f2ria de la farm\u00e0cia | farm\u00e0cies ecoceutics","og_description":"El paper de les dones a la hist\u00f2ria de la farm\u00e0cia ha canviat radicalment, des de ser condenades bruixes fins a representar a avui el 70% dels colegiats.","og_url":"https:\/\/www.ecoceutics.com\/ca\/per-professionals-de-la-salut\/les-dones-a-la-historia-de-la-farmacia\/","og_site_name":"ecoceutics","article_published_time":"2021-09-14T16:53:15+00:00","article_modified_time":"2024-02-02T12:40:39+00:00","og_image":[{"width":2100,"height":1075,"url":"https:\/\/www.ecoceutics.com\/wp-content\/uploads\/2021\/09\/mujer-farmacia-03.jpg","type":"image\/jpeg"}],"author":"Lorena Crosa","twitter_card":"summary_large_image","twitter_misc":{"Escrit per":"Lorena Crosa","Temps estimat de lectura":"6 minuts"},"schema":{"@context":"https:\/\/schema.org","@graph":[{"@type":"Article","@id":"https:\/\/www.ecoceutics.com\/ca\/per-professionals-de-la-salut\/les-dones-a-la-historia-de-la-farmacia\/#article","isPartOf":{"@id":"https:\/\/www.ecoceutics.com\/ca\/per-professionals-de-la-salut\/les-dones-a-la-historia-de-la-farmacia\/"},"author":{"name":"Lorena Crosa","@id":"https:\/\/www.ecoceutics.com\/ca\/#\/schema\/person\/1ea99343a86784e00a52c8744dfc7d83"},"headline":"Les dones a la hist\u00f2ria de la farm\u00e0cia","datePublished":"2021-09-14T16:53:15+00:00","dateModified":"2024-02-02T12:40:39+00:00","mainEntityOfPage":{"@id":"https:\/\/www.ecoceutics.com\/ca\/per-professionals-de-la-salut\/les-dones-a-la-historia-de-la-farmacia\/"},"wordCount":1394,"commentCount":0,"publisher":{"@id":"https:\/\/www.ecoceutics.com\/ca\/#organization"},"image":{"@id":"https:\/\/www.ecoceutics.com\/ca\/per-professionals-de-la-salut\/les-dones-a-la-historia-de-la-farmacia\/#primaryimage"},"thumbnailUrl":"https:\/\/www.ecoceutics.com\/wp-content\/uploads\/2021\/09\/mujer-farmacia-03.jpg","articleSection":["Per professionals de la salut","Publicacions per a farmac\u00e8utics"],"inLanguage":"ca","potentialAction":[{"@type":"CommentAction","name":"Comment","target":["https:\/\/www.ecoceutics.com\/ca\/per-professionals-de-la-salut\/les-dones-a-la-historia-de-la-farmacia\/#respond"]}]},{"@type":"WebPage","@id":"https:\/\/www.ecoceutics.com\/ca\/per-professionals-de-la-salut\/les-dones-a-la-historia-de-la-farmacia\/","url":"https:\/\/www.ecoceutics.com\/ca\/per-professionals-de-la-salut\/les-dones-a-la-historia-de-la-farmacia\/","name":"Les dones a la hist\u00f2ria de la farm\u00e0cia | farm\u00e0cies ecoceutics","isPartOf":{"@id":"https:\/\/www.ecoceutics.com\/ca\/#website"},"primaryImageOfPage":{"@id":"https:\/\/www.ecoceutics.com\/ca\/per-professionals-de-la-salut\/les-dones-a-la-historia-de-la-farmacia\/#primaryimage"},"image":{"@id":"https:\/\/www.ecoceutics.com\/ca\/per-professionals-de-la-salut\/les-dones-a-la-historia-de-la-farmacia\/#primaryimage"},"thumbnailUrl":"https:\/\/www.ecoceutics.com\/wp-content\/uploads\/2021\/09\/mujer-farmacia-03.jpg","datePublished":"2021-09-14T16:53:15+00:00","dateModified":"2024-02-02T12:40:39+00:00","description":"El paper de les dones a la hist\u00f2ria de la farm\u00e0cia ha canviat radicalment, des de ser condenades bruixes fins a representar a avui el 70% dels colegiats.","breadcrumb":{"@id":"https:\/\/www.ecoceutics.com\/ca\/per-professionals-de-la-salut\/les-dones-a-la-historia-de-la-farmacia\/#breadcrumb"},"inLanguage":"ca","potentialAction":[{"@type":"ReadAction","target":["https:\/\/www.ecoceutics.com\/ca\/per-professionals-de-la-salut\/les-dones-a-la-historia-de-la-farmacia\/"]}]},{"@type":"ImageObject","inLanguage":"ca","@id":"https:\/\/www.ecoceutics.com\/ca\/per-professionals-de-la-salut\/les-dones-a-la-historia-de-la-farmacia\/#primaryimage","url":"https:\/\/www.ecoceutics.com\/wp-content\/uploads\/2021\/09\/mujer-farmacia-03.jpg","contentUrl":"https:\/\/www.ecoceutics.com\/wp-content\/uploads\/2021\/09\/mujer-farmacia-03.jpg","width":2100,"height":1075},{"@type":"BreadcrumbList","@id":"https:\/\/www.ecoceutics.com\/ca\/per-professionals-de-la-salut\/les-dones-a-la-historia-de-la-farmacia\/#breadcrumb","itemListElement":[{"@type":"ListItem","position":1,"name":"Portada","item":"https:\/\/www.ecoceutics.com\/ca\/"},{"@type":"ListItem","position":2,"name":"Les dones a la hist\u00f2ria de la farm\u00e0cia"}]},{"@type":"WebSite","@id":"https:\/\/www.ecoceutics.com\/ca\/#website","url":"https:\/\/www.ecoceutics.com\/ca\/","name":"ecoceutics","description":"Primera red de farmacias independientes bajo una marca","publisher":{"@id":"https:\/\/www.ecoceutics.com\/ca\/#organization"},"potentialAction":[{"@type":"SearchAction","target":{"@type":"EntryPoint","urlTemplate":"https:\/\/www.ecoceutics.com\/ca\/?s={search_term_string}"},"query-input":{"@type":"PropertyValueSpecification","valueRequired":true,"valueName":"search_term_string"}}],"inLanguage":"ca"},{"@type":"Organization","@id":"https:\/\/www.ecoceutics.com\/ca\/#organization","name":"Ecoceutics","url":"https:\/\/www.ecoceutics.com\/ca\/","logo":{"@type":"ImageObject","inLanguage":"ca","@id":"https:\/\/www.ecoceutics.com\/ca\/#\/schema\/logo\/image\/","url":"https:\/\/www.ecoceutics.com\/wp-content\/uploads\/2022\/02\/Logo-Ecoceutics-SVG-01-1.svg","contentUrl":"https:\/\/www.ecoceutics.com\/wp-content\/uploads\/2022\/02\/Logo-Ecoceutics-SVG-01-1.svg","width":232,"height":68,"caption":"Ecoceutics"},"image":{"@id":"https:\/\/www.ecoceutics.com\/ca\/#\/schema\/logo\/image\/"}},{"@type":"Person","@id":"https:\/\/www.ecoceutics.com\/ca\/#\/schema\/person\/1ea99343a86784e00a52c8744dfc7d83","name":"Lorena Crosa","image":{"@type":"ImageObject","inLanguage":"ca","@id":"https:\/\/www.ecoceutics.com\/wp-content\/uploads\/2024\/03\/Lorena-Crosa-100x100.jpg","url":"https:\/\/www.ecoceutics.com\/wp-content\/uploads\/2024\/03\/Lorena-Crosa-100x100.jpg","contentUrl":"https:\/\/www.ecoceutics.com\/wp-content\/uploads\/2024\/03\/Lorena-Crosa-100x100.jpg","caption":"Lorena Crosa"}}]}},"_links":{"self":[{"href":"https:\/\/www.ecoceutics.com\/ca\/wp-json\/wp\/v2\/posts\/19081","targetHints":{"allow":["GET"]}}],"collection":[{"href":"https:\/\/www.ecoceutics.com\/ca\/wp-json\/wp\/v2\/posts"}],"about":[{"href":"https:\/\/www.ecoceutics.com\/ca\/wp-json\/wp\/v2\/types\/post"}],"author":[{"embeddable":true,"href":"https:\/\/www.ecoceutics.com\/ca\/wp-json\/wp\/v2\/users\/4"}],"replies":[{"embeddable":true,"href":"https:\/\/www.ecoceutics.com\/ca\/wp-json\/wp\/v2\/comments?post=19081"}],"version-history":[{"count":0,"href":"https:\/\/www.ecoceutics.com\/ca\/wp-json\/wp\/v2\/posts\/19081\/revisions"}],"wp:featuredmedia":[{"embeddable":true,"href":"https:\/\/www.ecoceutics.com\/ca\/wp-json\/wp\/v2\/media\/18804"}],"wp:attachment":[{"href":"https:\/\/www.ecoceutics.com\/ca\/wp-json\/wp\/v2\/media?parent=19081"}],"wp:term":[{"taxonomy":"category","embeddable":true,"href":"https:\/\/www.ecoceutics.com\/ca\/wp-json\/wp\/v2\/categories?post=19081"},{"taxonomy":"post_tag","embeddable":true,"href":"https:\/\/www.ecoceutics.com\/ca\/wp-json\/wp\/v2\/tags?post=19081"}],"curies":[{"name":"wp","href":"https:\/\/api.w.org\/{rel}","templated":true}]}}