{"id":19098,"date":"2021-09-14T18:53:15","date_gmt":"2021-09-14T16:53:15","guid":{"rendered":"https:\/\/www.ecoceutics.com\/guia-dactuacio-enfront-de-casos-dinfeccio-pel-nou-coronavirus-sars-cov-2-en-dones-embarassades-i-nadons\/"},"modified":"2024-08-09T11:24:24","modified_gmt":"2024-08-09T09:24:24","slug":"guia-dactuacio-enfront-de-casos-dinfeccio-pel-nou-coronavirus-sars-cov-2-en-dones-embarassades-i-nadons","status":"publish","type":"post","link":"https:\/\/www.ecoceutics.com\/ca\/per-professionals-de-la-salut\/guia-dactuacio-enfront-de-casos-dinfeccio-pel-nou-coronavirus-sars-cov-2-en-dones-embarassades-i-nadons\/","title":{"rendered":"Guia d\u2019actuaci\u00f3 enfront de casos d\u2019infecci\u00f3 pel nou coronavirus SARS-CoV-2 en dones embarassades i nadons"},"content":{"rendered":"<p><span style=\"color: #999999;\">\u00daltima actualitzaci\u00f3: 15\/04<\/span><span style=\"color: #999999;\">\/2020<\/span><\/p>\n<p>L\u2019actual situaci\u00f3 epidemiol\u00f2gica fa necess\u00e0ria la reorganitzaci\u00f3 de l\u2019atenci\u00f3 a les dones embarassades i nadons en situaci\u00f3 d\u2019investigaci\u00f3, probables o confirmats per infecci\u00f3 de coronavirus SARS-CoV-2 a Catalunya.<\/p>\n<p>En aquest document s\u2019estableixen els centres de refer\u00e8ncia per a l\u2019atenci\u00f3 obst\u00e8trica a les dones amb infecci\u00f3 COVID-19 que requereixen un ingr\u00e9s hospitalari durant l\u2019embar\u00e0s, i tamb\u00e9 els centres de refer\u00e8ncia per a l\u2019atenci\u00f3 al part a les dones amb infecci\u00f3 per COVID19 amb \u00a1 simptomatologia lleu que no requereixen ingr\u00e9s hospitalari.<\/p>\n<p>Pots trobar aquest document <a href=\"https:\/\/scientiasalut.gencat.cat\/bitstream\/handle\/11351\/9780.7\/guia_actuacio_enfront_casos_infeccio_nou_coronavirus_sars_cov2_dones_embarassades_nadons_2022.pdf\">aqu\u00ed<\/a>.<\/p>\n","protected":false},"excerpt":{"rendered":"<p>\u00daltima actualitzaci\u00f3: 15\/04\/2020 L\u2019actual situaci\u00f3 epidemiol\u00f2gica fa necess\u00e0ria la reorganitzaci\u00f3 de l\u2019atenci\u00f3 a les dones embarassades i nadons en situaci\u00f3 d\u2019investigaci\u00f3, probables o confirmats per infecci\u00f3 de coronavirus SARS-CoV-2 a Catalunya. En aquest document s\u2019estableixen els centres de refer\u00e8ncia per a l\u2019atenci\u00f3 obst\u00e8trica a les dones amb infecci\u00f3 COVID-19 que requereixen un ingr\u00e9s hospitalari durant [&hellip;]<\/p>\n","protected":false},"author":4,"featured_media":0,"comment_status":"open","ping_status":"open","sticky":false,"template":"","format":"standard","meta":{"_acf_changed":false,"inline_featured_image":false,"_mbp_gutenberg_autopost":false,"footnotes":""},"categories":[71,433],"tags":[],"class_list":["post-19098","post","type-post","status-publish","format-standard","hentry","category-per-professionals-de-la-salut","category-publicacions-per-a-farmaceutics"],"acf":[],"yoast_head":"<!-- This site is optimized with the Yoast SEO plugin v27.5 - https:\/\/yoast.com\/product\/yoast-seo-wordpress\/ -->\n<title>Guia d&#039;actuaci\u00f3 amb embar\u00e0s i coronavirus | farm\u00e0cies ecoceutics<\/title>\n<meta name=\"description\" content=\"Guia d\u2019actuaci\u00f3 enfront decasos d\u2019infecci\u00f3pel nou coronavirusSARS-CoV-2 en donesembarassades i nadons. Servei Catal\u00e0 de Salut.\" \/>\n<meta name=\"robots\" content=\"index, follow, max-snippet:-1, max-image-preview:large, max-video-preview:-1\" \/>\n<link rel=\"canonical\" href=\"https:\/\/www.ecoceutics.com\/ca\/per-professionals-de-la-salut\/guia-dactuacio-enfront-de-casos-dinfeccio-pel-nou-coronavirus-sars-cov-2-en-dones-embarassades-i-nadons\/\" \/>\n<meta property=\"og:locale\" content=\"ca_ES\" \/>\n<meta property=\"og:type\" content=\"article\" \/>\n<meta property=\"og:title\" content=\"Guia d&#039;actuaci\u00f3 amb embar\u00e0s i coronavirus | farm\u00e0cies ecoceutics\" \/>\n<meta property=\"og:description\" content=\"Guia d\u2019actuaci\u00f3 enfront decasos d\u2019infecci\u00f3pel nou coronavirusSARS-CoV-2 en donesembarassades i nadons. Servei Catal\u00e0 de Salut.\" \/>\n<meta property=\"og:url\" content=\"https:\/\/www.ecoceutics.com\/ca\/per-professionals-de-la-salut\/guia-dactuacio-enfront-de-casos-dinfeccio-pel-nou-coronavirus-sars-cov-2-en-dones-embarassades-i-nadons\/\" \/>\n<meta property=\"og:site_name\" content=\"ecoceutics\" \/>\n<meta property=\"article:published_time\" content=\"2021-09-14T16:53:15+00:00\" \/>\n<meta property=\"article:modified_time\" content=\"2024-08-09T09:24:24+00:00\" \/>\n<meta name=\"author\" content=\"Lorena Crosa\" \/>\n<meta name=\"twitter:card\" content=\"summary_large_image\" \/>\n<meta name=\"twitter:label1\" content=\"Escrit per\" \/>\n\t<meta name=\"twitter:data1\" content=\"Lorena Crosa\" \/>\n\t<meta name=\"twitter:label2\" content=\"Temps estimat de lectura\" \/>\n\t<meta name=\"twitter:data2\" content=\"1 minut\" \/>\n<script type=\"application\/ld+json\" class=\"yoast-schema-graph\">{\"@context\":\"https:\\\/\\\/schema.org\",\"@graph\":[{\"@type\":\"Article\",\"@id\":\"https:\\\/\\\/www.ecoceutics.com\\\/ca\\\/per-professionals-de-la-salut\\\/guia-dactuacio-enfront-de-casos-dinfeccio-pel-nou-coronavirus-sars-cov-2-en-dones-embarassades-i-nadons\\\/#article\",\"isPartOf\":{\"@id\":\"https:\\\/\\\/www.ecoceutics.com\\\/ca\\\/per-professionals-de-la-salut\\\/guia-dactuacio-enfront-de-casos-dinfeccio-pel-nou-coronavirus-sars-cov-2-en-dones-embarassades-i-nadons\\\/\"},\"author\":{\"name\":\"Lorena Crosa\",\"@id\":\"https:\\\/\\\/www.ecoceutics.com\\\/ca\\\/#\\\/schema\\\/person\\\/1ea99343a86784e00a52c8744dfc7d83\"},\"headline\":\"Guia d\u2019actuaci\u00f3 enfront de casos d\u2019infecci\u00f3 pel nou coronavirus SARS-CoV-2 en dones embarassades i nadons\",\"datePublished\":\"2021-09-14T16:53:15+00:00\",\"dateModified\":\"2024-08-09T09:24:24+00:00\",\"mainEntityOfPage\":{\"@id\":\"https:\\\/\\\/www.ecoceutics.com\\\/ca\\\/per-professionals-de-la-salut\\\/guia-dactuacio-enfront-de-casos-dinfeccio-pel-nou-coronavirus-sars-cov-2-en-dones-embarassades-i-nadons\\\/\"},\"wordCount\":118,\"commentCount\":0,\"publisher\":{\"@id\":\"https:\\\/\\\/www.ecoceutics.com\\\/ca\\\/#organization\"},\"articleSection\":[\"Per professionals de la salut\",\"Publicacions per a farmac\u00e8utics\"],\"inLanguage\":\"ca\",\"potentialAction\":[{\"@type\":\"CommentAction\",\"name\":\"Comment\",\"target\":[\"https:\\\/\\\/www.ecoceutics.com\\\/ca\\\/per-professionals-de-la-salut\\\/guia-dactuacio-enfront-de-casos-dinfeccio-pel-nou-coronavirus-sars-cov-2-en-dones-embarassades-i-nadons\\\/#respond\"]}]},{\"@type\":\"WebPage\",\"@id\":\"https:\\\/\\\/www.ecoceutics.com\\\/ca\\\/per-professionals-de-la-salut\\\/guia-dactuacio-enfront-de-casos-dinfeccio-pel-nou-coronavirus-sars-cov-2-en-dones-embarassades-i-nadons\\\/\",\"url\":\"https:\\\/\\\/www.ecoceutics.com\\\/ca\\\/per-professionals-de-la-salut\\\/guia-dactuacio-enfront-de-casos-dinfeccio-pel-nou-coronavirus-sars-cov-2-en-dones-embarassades-i-nadons\\\/\",\"name\":\"Guia d'actuaci\u00f3 amb embar\u00e0s i coronavirus | farm\u00e0cies ecoceutics\",\"isPartOf\":{\"@id\":\"https:\\\/\\\/www.ecoceutics.com\\\/ca\\\/#website\"},\"datePublished\":\"2021-09-14T16:53:15+00:00\",\"dateModified\":\"2024-08-09T09:24:24+00:00\",\"description\":\"Guia d\u2019actuaci\u00f3 enfront decasos d\u2019infecci\u00f3pel nou coronavirusSARS-CoV-2 en donesembarassades i nadons. Servei Catal\u00e0 de Salut.\",\"breadcrumb\":{\"@id\":\"https:\\\/\\\/www.ecoceutics.com\\\/ca\\\/per-professionals-de-la-salut\\\/guia-dactuacio-enfront-de-casos-dinfeccio-pel-nou-coronavirus-sars-cov-2-en-dones-embarassades-i-nadons\\\/#breadcrumb\"},\"inLanguage\":\"ca\",\"potentialAction\":[{\"@type\":\"ReadAction\",\"target\":[\"https:\\\/\\\/www.ecoceutics.com\\\/ca\\\/per-professionals-de-la-salut\\\/guia-dactuacio-enfront-de-casos-dinfeccio-pel-nou-coronavirus-sars-cov-2-en-dones-embarassades-i-nadons\\\/\"]}]},{\"@type\":\"BreadcrumbList\",\"@id\":\"https:\\\/\\\/www.ecoceutics.com\\\/ca\\\/per-professionals-de-la-salut\\\/guia-dactuacio-enfront-de-casos-dinfeccio-pel-nou-coronavirus-sars-cov-2-en-dones-embarassades-i-nadons\\\/#breadcrumb\",\"itemListElement\":[{\"@type\":\"ListItem\",\"position\":1,\"name\":\"Portada\",\"item\":\"https:\\\/\\\/www.ecoceutics.com\\\/ca\\\/\"},{\"@type\":\"ListItem\",\"position\":2,\"name\":\"Guia d\u2019actuaci\u00f3 enfront de casos d\u2019infecci\u00f3 pel nou coronavirus SARS-CoV-2 en dones embarassades i nadons\"}]},{\"@type\":\"WebSite\",\"@id\":\"https:\\\/\\\/www.ecoceutics.com\\\/ca\\\/#website\",\"url\":\"https:\\\/\\\/www.ecoceutics.com\\\/ca\\\/\",\"name\":\"ecoceutics\",\"description\":\"Primera red de farmacias independientes bajo una marca\",\"publisher\":{\"@id\":\"https:\\\/\\\/www.ecoceutics.com\\\/ca\\\/#organization\"},\"potentialAction\":[{\"@type\":\"SearchAction\",\"target\":{\"@type\":\"EntryPoint\",\"urlTemplate\":\"https:\\\/\\\/www.ecoceutics.com\\\/ca\\\/?s={search_term_string}\"},\"query-input\":{\"@type\":\"PropertyValueSpecification\",\"valueRequired\":true,\"valueName\":\"search_term_string\"}}],\"inLanguage\":\"ca\"},{\"@type\":\"Organization\",\"@id\":\"https:\\\/\\\/www.ecoceutics.com\\\/ca\\\/#organization\",\"name\":\"Ecoceutics\",\"url\":\"https:\\\/\\\/www.ecoceutics.com\\\/ca\\\/\",\"logo\":{\"@type\":\"ImageObject\",\"inLanguage\":\"ca\",\"@id\":\"https:\\\/\\\/www.ecoceutics.com\\\/ca\\\/#\\\/schema\\\/logo\\\/image\\\/\",\"url\":\"https:\\\/\\\/www.ecoceutics.com\\\/wp-content\\\/uploads\\\/2022\\\/02\\\/Logo-Ecoceutics-SVG-01-1.svg\",\"contentUrl\":\"https:\\\/\\\/www.ecoceutics.com\\\/wp-content\\\/uploads\\\/2022\\\/02\\\/Logo-Ecoceutics-SVG-01-1.svg\",\"width\":232,\"height\":68,\"caption\":\"Ecoceutics\"},\"image\":{\"@id\":\"https:\\\/\\\/www.ecoceutics.com\\\/ca\\\/#\\\/schema\\\/logo\\\/image\\\/\"}},{\"@type\":\"Person\",\"@id\":\"https:\\\/\\\/www.ecoceutics.com\\\/ca\\\/#\\\/schema\\\/person\\\/1ea99343a86784e00a52c8744dfc7d83\",\"name\":\"Lorena Crosa\",\"image\":{\"@type\":\"ImageObject\",\"inLanguage\":\"ca\",\"@id\":\"https:\\\/\\\/www.ecoceutics.com\\\/wp-content\\\/uploads\\\/2024\\\/03\\\/Lorena-Crosa-100x100.jpg\",\"url\":\"https:\\\/\\\/www.ecoceutics.com\\\/wp-content\\\/uploads\\\/2024\\\/03\\\/Lorena-Crosa-100x100.jpg\",\"contentUrl\":\"https:\\\/\\\/www.ecoceutics.com\\\/wp-content\\\/uploads\\\/2024\\\/03\\\/Lorena-Crosa-100x100.jpg\",\"caption\":\"Lorena Crosa\"}}]}<\/script>\n<!-- \/ Yoast SEO plugin. -->","yoast_head_json":{"title":"Guia d'actuaci\u00f3 amb embar\u00e0s i coronavirus | farm\u00e0cies ecoceutics","description":"Guia d\u2019actuaci\u00f3 enfront decasos d\u2019infecci\u00f3pel nou coronavirusSARS-CoV-2 en donesembarassades i nadons. Servei Catal\u00e0 de Salut.","robots":{"index":"index","follow":"follow","max-snippet":"max-snippet:-1","max-image-preview":"max-image-preview:large","max-video-preview":"max-video-preview:-1"},"canonical":"https:\/\/www.ecoceutics.com\/ca\/per-professionals-de-la-salut\/guia-dactuacio-enfront-de-casos-dinfeccio-pel-nou-coronavirus-sars-cov-2-en-dones-embarassades-i-nadons\/","og_locale":"ca_ES","og_type":"article","og_title":"Guia d'actuaci\u00f3 amb embar\u00e0s i coronavirus | farm\u00e0cies ecoceutics","og_description":"Guia d\u2019actuaci\u00f3 enfront decasos d\u2019infecci\u00f3pel nou coronavirusSARS-CoV-2 en donesembarassades i nadons. Servei Catal\u00e0 de Salut.","og_url":"https:\/\/www.ecoceutics.com\/ca\/per-professionals-de-la-salut\/guia-dactuacio-enfront-de-casos-dinfeccio-pel-nou-coronavirus-sars-cov-2-en-dones-embarassades-i-nadons\/","og_site_name":"ecoceutics","article_published_time":"2021-09-14T16:53:15+00:00","article_modified_time":"2024-08-09T09:24:24+00:00","author":"Lorena Crosa","twitter_card":"summary_large_image","twitter_misc":{"Escrit per":"Lorena Crosa","Temps estimat de lectura":"1 minut"},"schema":{"@context":"https:\/\/schema.org","@graph":[{"@type":"Article","@id":"https:\/\/www.ecoceutics.com\/ca\/per-professionals-de-la-salut\/guia-dactuacio-enfront-de-casos-dinfeccio-pel-nou-coronavirus-sars-cov-2-en-dones-embarassades-i-nadons\/#article","isPartOf":{"@id":"https:\/\/www.ecoceutics.com\/ca\/per-professionals-de-la-salut\/guia-dactuacio-enfront-de-casos-dinfeccio-pel-nou-coronavirus-sars-cov-2-en-dones-embarassades-i-nadons\/"},"author":{"name":"Lorena Crosa","@id":"https:\/\/www.ecoceutics.com\/ca\/#\/schema\/person\/1ea99343a86784e00a52c8744dfc7d83"},"headline":"Guia d\u2019actuaci\u00f3 enfront de casos d\u2019infecci\u00f3 pel nou coronavirus SARS-CoV-2 en dones embarassades i nadons","datePublished":"2021-09-14T16:53:15+00:00","dateModified":"2024-08-09T09:24:24+00:00","mainEntityOfPage":{"@id":"https:\/\/www.ecoceutics.com\/ca\/per-professionals-de-la-salut\/guia-dactuacio-enfront-de-casos-dinfeccio-pel-nou-coronavirus-sars-cov-2-en-dones-embarassades-i-nadons\/"},"wordCount":118,"commentCount":0,"publisher":{"@id":"https:\/\/www.ecoceutics.com\/ca\/#organization"},"articleSection":["Per professionals de la salut","Publicacions per a farmac\u00e8utics"],"inLanguage":"ca","potentialAction":[{"@type":"CommentAction","name":"Comment","target":["https:\/\/www.ecoceutics.com\/ca\/per-professionals-de-la-salut\/guia-dactuacio-enfront-de-casos-dinfeccio-pel-nou-coronavirus-sars-cov-2-en-dones-embarassades-i-nadons\/#respond"]}]},{"@type":"WebPage","@id":"https:\/\/www.ecoceutics.com\/ca\/per-professionals-de-la-salut\/guia-dactuacio-enfront-de-casos-dinfeccio-pel-nou-coronavirus-sars-cov-2-en-dones-embarassades-i-nadons\/","url":"https:\/\/www.ecoceutics.com\/ca\/per-professionals-de-la-salut\/guia-dactuacio-enfront-de-casos-dinfeccio-pel-nou-coronavirus-sars-cov-2-en-dones-embarassades-i-nadons\/","name":"Guia d'actuaci\u00f3 amb embar\u00e0s i coronavirus | farm\u00e0cies ecoceutics","isPartOf":{"@id":"https:\/\/www.ecoceutics.com\/ca\/#website"},"datePublished":"2021-09-14T16:53:15+00:00","dateModified":"2024-08-09T09:24:24+00:00","description":"Guia d\u2019actuaci\u00f3 enfront decasos d\u2019infecci\u00f3pel nou coronavirusSARS-CoV-2 en donesembarassades i nadons. Servei Catal\u00e0 de Salut.","breadcrumb":{"@id":"https:\/\/www.ecoceutics.com\/ca\/per-professionals-de-la-salut\/guia-dactuacio-enfront-de-casos-dinfeccio-pel-nou-coronavirus-sars-cov-2-en-dones-embarassades-i-nadons\/#breadcrumb"},"inLanguage":"ca","potentialAction":[{"@type":"ReadAction","target":["https:\/\/www.ecoceutics.com\/ca\/per-professionals-de-la-salut\/guia-dactuacio-enfront-de-casos-dinfeccio-pel-nou-coronavirus-sars-cov-2-en-dones-embarassades-i-nadons\/"]}]},{"@type":"BreadcrumbList","@id":"https:\/\/www.ecoceutics.com\/ca\/per-professionals-de-la-salut\/guia-dactuacio-enfront-de-casos-dinfeccio-pel-nou-coronavirus-sars-cov-2-en-dones-embarassades-i-nadons\/#breadcrumb","itemListElement":[{"@type":"ListItem","position":1,"name":"Portada","item":"https:\/\/www.ecoceutics.com\/ca\/"},{"@type":"ListItem","position":2,"name":"Guia d\u2019actuaci\u00f3 enfront de casos d\u2019infecci\u00f3 pel nou coronavirus SARS-CoV-2 en dones embarassades i nadons"}]},{"@type":"WebSite","@id":"https:\/\/www.ecoceutics.com\/ca\/#website","url":"https:\/\/www.ecoceutics.com\/ca\/","name":"ecoceutics","description":"Primera red de farmacias independientes bajo una marca","publisher":{"@id":"https:\/\/www.ecoceutics.com\/ca\/#organization"},"potentialAction":[{"@type":"SearchAction","target":{"@type":"EntryPoint","urlTemplate":"https:\/\/www.ecoceutics.com\/ca\/?s={search_term_string}"},"query-input":{"@type":"PropertyValueSpecification","valueRequired":true,"valueName":"search_term_string"}}],"inLanguage":"ca"},{"@type":"Organization","@id":"https:\/\/www.ecoceutics.com\/ca\/#organization","name":"Ecoceutics","url":"https:\/\/www.ecoceutics.com\/ca\/","logo":{"@type":"ImageObject","inLanguage":"ca","@id":"https:\/\/www.ecoceutics.com\/ca\/#\/schema\/logo\/image\/","url":"https:\/\/www.ecoceutics.com\/wp-content\/uploads\/2022\/02\/Logo-Ecoceutics-SVG-01-1.svg","contentUrl":"https:\/\/www.ecoceutics.com\/wp-content\/uploads\/2022\/02\/Logo-Ecoceutics-SVG-01-1.svg","width":232,"height":68,"caption":"Ecoceutics"},"image":{"@id":"https:\/\/www.ecoceutics.com\/ca\/#\/schema\/logo\/image\/"}},{"@type":"Person","@id":"https:\/\/www.ecoceutics.com\/ca\/#\/schema\/person\/1ea99343a86784e00a52c8744dfc7d83","name":"Lorena Crosa","image":{"@type":"ImageObject","inLanguage":"ca","@id":"https:\/\/www.ecoceutics.com\/wp-content\/uploads\/2024\/03\/Lorena-Crosa-100x100.jpg","url":"https:\/\/www.ecoceutics.com\/wp-content\/uploads\/2024\/03\/Lorena-Crosa-100x100.jpg","contentUrl":"https:\/\/www.ecoceutics.com\/wp-content\/uploads\/2024\/03\/Lorena-Crosa-100x100.jpg","caption":"Lorena Crosa"}}]}},"_links":{"self":[{"href":"https:\/\/www.ecoceutics.com\/ca\/wp-json\/wp\/v2\/posts\/19098","targetHints":{"allow":["GET"]}}],"collection":[{"href":"https:\/\/www.ecoceutics.com\/ca\/wp-json\/wp\/v2\/posts"}],"about":[{"href":"https:\/\/www.ecoceutics.com\/ca\/wp-json\/wp\/v2\/types\/post"}],"author":[{"embeddable":true,"href":"https:\/\/www.ecoceutics.com\/ca\/wp-json\/wp\/v2\/users\/4"}],"replies":[{"embeddable":true,"href":"https:\/\/www.ecoceutics.com\/ca\/wp-json\/wp\/v2\/comments?post=19098"}],"version-history":[{"count":0,"href":"https:\/\/www.ecoceutics.com\/ca\/wp-json\/wp\/v2\/posts\/19098\/revisions"}],"wp:attachment":[{"href":"https:\/\/www.ecoceutics.com\/ca\/wp-json\/wp\/v2\/media?parent=19098"}],"wp:term":[{"taxonomy":"category","embeddable":true,"href":"https:\/\/www.ecoceutics.com\/ca\/wp-json\/wp\/v2\/categories?post=19098"},{"taxonomy":"post_tag","embeddable":true,"href":"https:\/\/www.ecoceutics.com\/ca\/wp-json\/wp\/v2\/tags?post=19098"}],"curies":[{"name":"wp","href":"https:\/\/api.w.org\/{rel}","templated":true}]}}