{"id":19101,"date":"2021-09-14T18:53:15","date_gmt":"2021-09-14T16:53:15","guid":{"rendered":"https:\/\/www.ecoceutics.com\/protocol-de-prevencio-a-la-farmacia-pel-coronavirus\/"},"modified":"2024-02-02T13:42:00","modified_gmt":"2024-02-02T12:42:00","slug":"protocol-de-prevencio-a-la-farmacia-pel-coronavirus","status":"publish","type":"post","link":"https:\/\/www.ecoceutics.com\/ca\/per-professionals-de-la-salut\/protocol-de-prevencio-a-la-farmacia-pel-coronavirus\/","title":{"rendered":"Protocol de prevenci\u00f3 a la farm\u00e0cia pel Coronavirus"},"content":{"rendered":"<div id=\"ez-toc-container\" class=\"ez-toc-v2_0_82_2 counter-hierarchy ez-toc-counter ez-toc-custom ez-toc-container-direction\">\n<div class=\"ez-toc-title-container\">\n<p class=\"ez-toc-title\" style=\"cursor:inherit\">Contenido de la p\u00e1gina<\/p>\n<span class=\"ez-toc-title-toggle\"><a href=\"#\" class=\"ez-toc-pull-right ez-toc-btn ez-toc-btn-xs ez-toc-btn-default ez-toc-toggle\" aria-label=\"Toggle Table of Content\"><span class=\"ez-toc-js-icon-con\"><span class=\"\"><span class=\"eztoc-hide\" style=\"display:none;\">Toggle<\/span><span class=\"ez-toc-icon-toggle-span\"><svg style=\"fill: #333333;color:#333333\" xmlns=\"http:\/\/www.w3.org\/2000\/svg\" class=\"list-377408\" width=\"20px\" height=\"20px\" viewBox=\"0 0 24 24\" fill=\"none\"><path d=\"M6 6H4v2h2V6zm14 0H8v2h12V6zM4 11h2v2H4v-2zm16 0H8v2h12v-2zM4 16h2v2H4v-2zm16 0H8v2h12v-2z\" fill=\"currentColor\"><\/path><\/svg><svg style=\"fill: #333333;color:#333333\" class=\"arrow-unsorted-368013\" xmlns=\"http:\/\/www.w3.org\/2000\/svg\" width=\"10px\" height=\"10px\" viewBox=\"0 0 24 24\" version=\"1.2\" baseProfile=\"tiny\"><path d=\"M18.2 9.3l-6.2-6.3-6.2 6.3c-.2.2-.3.4-.3.7s.1.5.3.7c.2.2.4.3.7.3h11c.3 0 .5-.1.7-.3.2-.2.3-.5.3-.7s-.1-.5-.3-.7zM5.8 14.7l6.2 6.3 6.2-6.3c.2-.2.3-.5.3-.7s-.1-.5-.3-.7c-.2-.2-.4-.3-.7-.3h-11c-.3 0-.5.1-.7.3-.2.2-.3.5-.3.7s.1.5.3.7z\"\/><\/svg><\/span><\/span><\/span><\/a><\/span><\/div>\n<nav><ul class='ez-toc-list ez-toc-list-level-1 ' ><li class='ez-toc-page-1 ez-toc-heading-level-2'><a class=\"ez-toc-link ez-toc-heading-1\" href=\"https:\/\/www.ecoceutics.com\/ca\/per-professionals-de-la-salut\/protocol-de-prevencio-a-la-farmacia-pel-coronavirus\/#organitzacio-de-torns\" >ORGANITZACI\u00d3 DE TORNS<\/a><\/li><li class='ez-toc-page-1 ez-toc-heading-level-2'><a class=\"ez-toc-link ez-toc-heading-2\" href=\"https:\/\/www.ecoceutics.com\/ca\/per-professionals-de-la-salut\/protocol-de-prevencio-a-la-farmacia-pel-coronavirus\/#finestreta\" >FINESTRETA<\/a><\/li><li class='ez-toc-page-1 ez-toc-heading-level-2'><a class=\"ez-toc-link ez-toc-heading-3\" href=\"https:\/\/www.ecoceutics.com\/ca\/per-professionals-de-la-salut\/protocol-de-prevencio-a-la-farmacia-pel-coronavirus\/#mesures-higieniques\" >MESURES HIGI\u00c8NIQUES<\/a><\/li><li class='ez-toc-page-1 ez-toc-heading-level-2'><a class=\"ez-toc-link ez-toc-heading-4\" href=\"https:\/\/www.ecoceutics.com\/ca\/per-professionals-de-la-salut\/protocol-de-prevencio-a-la-farmacia-pel-coronavirus\/#mesures-en-la-dispensacio-els-serveis-de-la-farmacia\" >MESURES EN LA DISPENSACI\u00d3 ELS SERVEIS DE LA FARM\u00c0CIA<\/a><\/li><li class='ez-toc-page-1 ez-toc-heading-level-2'><a class=\"ez-toc-link ez-toc-heading-5\" href=\"https:\/\/www.ecoceutics.com\/ca\/per-professionals-de-la-salut\/protocol-de-prevencio-a-la-farmacia-pel-coronavirus\/#mesures-en-el-cobrament\" >MESURES EN EL COBRAMENT<\/a><\/li><li class='ez-toc-page-1 ez-toc-heading-level-2'><a class=\"ez-toc-link ez-toc-heading-6\" href=\"https:\/\/www.ecoceutics.com\/ca\/per-professionals-de-la-salut\/protocol-de-prevencio-a-la-farmacia-pel-coronavirus\/#us-de-mascaretes\" >\u00daS DE MASCARETES<\/a><\/li><li class='ez-toc-page-1 ez-toc-heading-level-2'><a class=\"ez-toc-link ez-toc-heading-7\" href=\"https:\/\/www.ecoceutics.com\/ca\/per-professionals-de-la-salut\/protocol-de-prevencio-a-la-farmacia-pel-coronavirus\/#mesures-extremes\" >MESURES EXTREMES<\/a><\/li><\/ul><\/nav><\/div>\n<h2><span class=\"ez-toc-section\" id=\"organitzacio-de-torns\"><\/span><strong>ORGANITZACI\u00d3 DE TORNS <\/strong><span class=\"ez-toc-section-end\"><\/span><\/h2>\n<ul>\n<li>\u00c9s recomanable organitzar un m\u00ednim de 2 grups de persones que treballin en torns separats i tamb\u00e9 separades f\u00edsicament entre elles m\u00ednim 1,5m.<\/li>\n<li>Els torns sempre haurien de ser amb les mateixes persones.<\/li>\n<li>Marcar els estris individuals de treball.<\/li>\n<li>Designar un punt de venda fixe per cada persona.<\/li>\n<li>Apla\u00e7ar visites amb laboratoris farmac\u00e8utics i altres empreses.<\/li>\n<\/ul>\n<h2><span class=\"ez-toc-section\" id=\"finestreta\"><\/span><strong>FINESTRETA<\/strong><span class=\"ez-toc-section-end\"><\/span><\/h2>\n<ul>\n<li>Sempre que ho considereu oport\u00fa, com a mesura de prevenci\u00f3 de contagi de l\u2019equip de la farm\u00e0cia, feu servir la finestreta per dispensar.<\/li>\n<li>Si esteu a una zona m\u00e9s afectada (ex. L\u2019Anoia), recomanem aquesta opci\u00f3.<\/li>\n<\/ul>\n<h2><span class=\"ez-toc-section\" id=\"mesures-higieniques\"><\/span><strong>MESURES HIGI\u00c8NIQUES<\/strong><span class=\"ez-toc-section-end\"><\/span><\/h2>\n<p><strong>A nivell personal:<\/strong><\/p>\n<ul>\n<li>Rentar-se les mans amb sab\u00f3, entre 30 \u2013 60 segons per rentada, com a m\u00ednim 1 cop \/ hora i en particular despr\u00e9s del contacte directe amb pacients.<\/li>\n<li>No utilitzar tovalloles compartides per assecar les mans, nom\u00e9s materials d\u2019un sol \u00fas.<\/li>\n<li>Mantenir una dist\u00e0ncia m\u00ednima superior a 1 metre amb qualsevol persona (companys i pacients) i sobretot en el taulell amb els pacients. Si la persona presenta s\u00edmptomes d\u2019infecci\u00f3 respirat\u00f2ria aguda (tos, esternuts i\/o expectoracions), aquesta dist\u00e0ncia ha de ser aproximadament 2 metres.<\/li>\n<li>Posar a disposici\u00f3 dels pacients a la mida del possible gel o soluci\u00f3 desinfectant de mans a l\u2019entrada de la farm\u00e0cia.<\/li>\n<li>No donar la m\u00e0, ni fer qualsevol altres gest que impliqui contacte f\u00edsic.<\/li>\n<li>No tocar amb les mans, sobretot les parts del cos amb mucoses (ulls, nas, boca, etc\u2026.)<\/li>\n<li>Important l\u2019\u00fas de la bata cordada i si \u00e9s possible, uniforme complet.<\/li>\n<li>No compartir bates ni peces de vestir.<\/li>\n<li>No barrejar la roba de carrer amb la de treball.<\/li>\n<li>Una temperatura de 56 graus durant 15 minuts inactiva el virus (rentadora).<\/li>\n<\/ul>\n<p><strong>A nivell ambiental:<\/strong><\/p>\n<ul>\n<li>Ventilar tots els espais possibles de la farm\u00e0cia, com a m\u00ednim 2 cops al dia.<\/li>\n<\/ul>\n<p><strong>A nivell d\u2019aparells, objectes, etc..<\/strong><\/p>\n<ul>\n<li>Netejar regularment superf\u00edcies de contacte freq\u00fcent, preferiblement cada hora o amb m\u00e9s freq\u00fc\u00e8ncia, segons es cregui convenient i <u>sobretot quan finalitzem el nostre torn.<\/u><\/li>\n<\/ul>\n<ul>\n<li>Retirar els objectes del taulell que poden dificultar la neteja.<\/li>\n<li>La neteja es comen\u00e7a de dalt cap a baix, des del centre cap a fora i de net a brut.<\/li>\n<li>Es recomana netejar amb soluci\u00f3 sabonosa (si \u00e9s possible) i posteriorment alcohol de 70\u00ba els aparells i superf\u00edcies de contacte compartit m\u00e9s freq\u00fcents. Actualment, la OMS recomana utilitzar:<\/li>\n<\/ul>\n<ul>\n<li>70% d\u2019alcohol et\u00edlic.<\/li>\n<li>Hipoclorit s\u00f2dic al 0,5% (equivalent de 5000 ppm) per la desinfecci\u00f3 de superf\u00edcies que es toquen amb freq\u00fc\u00e8ncia als establiments d\u2019atenci\u00f3 de salut.<\/li>\n<\/ul>\n<p><strong>Aparells i superf\u00edcies amb els que extremar les precaucions: <\/strong><\/p>\n<ul>\n<li>Superf\u00edcie dels mostradors<\/li>\n<li>Teclats ordinadors<\/li>\n<li>Pantalles ordinador<\/li>\n<li>M\u00e0necs \/ tiradors de portes, armaris, calaixos, calaixeres, neveres, etc\u2026<\/li>\n<li>TPV<\/li>\n<\/ul>\n<ul>\n<li>La neteja del terra es far\u00e0 amb detergent i lleixiu.<\/li>\n<li>La freq\u00fc\u00e8ncia de neteja del terra no ha de ser inferior a 1 cop\/dia i s\u2019ha d\u2019establir en funci\u00f3 de l\u2019activitat de la farm\u00e0cia.<\/li>\n<li>Rentar-se les mans despr\u00e9s de la recepci\u00f3 de comandes.<\/li>\n<\/ul>\n<ul>\n<li><strong>Aparells i superf\u00edcies amb els que extremar les precaucions <\/strong>\n<ul>\n<li>Superf\u00edcie dels mostradors<\/li>\n<li>Teclats ordinadors<\/li>\n<li>Pantalles ordinador<\/li>\n<li>M\u00e0necs \/ tiradors de portes, armaris, calaixos, calaixeres, neveres, etc\u2026<\/li>\n<\/ul>\n<\/li>\n<li><strong>Netejar regularment tamb\u00e9 aparells digital o t\u00e0ctils<\/strong>\n<ul>\n<li>Marcatge amb empremta digital<\/li>\n<li>Aparells de cobrament amb targeta de cr\u00e8dit (despr\u00e9s de cada \u00fas)<\/li>\n<li>Cashguards o similars<\/li>\n<li>Tel\u00e8fons i m\u00f2bil de la farm\u00e0cia<\/li>\n<li>Comandaments d\u2019encendre i apagar<\/li>\n<li>Lectors de codis de barres<\/li>\n<li>Impressores<\/li>\n<li>Interruptors<\/li>\n<li>Tablets<\/li>\n<li>Gestors de cues<\/li>\n<li>Timbres<\/li>\n<li>Material d\u2019oficina: bol\u00edgrafs, c\u00faters, tisores,<\/li>\n<li>Claus<\/li>\n<li>Aparells de presa de par\u00e0metres biom\u00e8dics i serveis de la farm\u00e0cia (abans i despr\u00e9s d\u2019usar-los)<\/li>\n<\/ul>\n<\/li>\n<\/ul>\n<ul>\n<li>B\u00e0scules de pesar<\/li>\n<li>Aparells de mesurar la glucosa,<\/li>\n<li>Tensi\u00f2metres,<\/li>\n<li>Dermoanalitzadors,<\/li>\n<li>Aparells d\u2019an\u00e0lisi capil\u00b7lar, etc\u2026<\/li>\n<li>Pistola de posar arracades<\/li>\n<li>I similars\u2026<\/li>\n<\/ul>\n<h2><span class=\"ez-toc-section\" id=\"mesures-en-la-dispensacio-els-serveis-de-la-farmacia\"><\/span><strong>MESURES EN LA DISPENSACI\u00d3 ELS SERVEIS DE LA FARM\u00c0CIA <\/strong><span class=\"ez-toc-section-end\"><\/span><\/h2>\n<ul>\n<li>Marcar l\u00ednia de seguretat \u201cEsperi el seu torn\u201d perqu\u00e8 els pacients es col\u00b7loquin, a una dist\u00e0ncia d\u2019entre 1-2 metres del taulell. A la vegada, marcar les dist\u00e0ncies d\u2019entre 1-2 metres pels successius clients darrera del primer i als costats (a disposici\u00f3 a la intranet cintes adhesives per poder marca la dist\u00e0ncia si us fa falta, aix\u00ed com cartells descarregables a la intranet pels suports de fusta A4).<\/li>\n<li>Recomanable utilitzar mampares o altre material com a barrera f\u00edsica al taulell. (us facilitem link d\u2019empresa prove\u00efdora, per si necessiteu).<\/li>\n<li>Es considera activitat de risc un temps de contacte superior als 15 minuts a menys de 2 metres de dist\u00e0ncia amb un cas i sense protecci\u00f3 adequada. Si no es donen aquestes circumst\u00e0ncies la dispensaci\u00f3 es considera activitat de baix risc.<\/li>\n<li>Evitar aglomeracions a l\u2019interior de la farm\u00e0cia. Limitarem si \u00e9s necessari l\u2019entrada de pacients perqu\u00e8 es respectin les dist\u00e0ncies de seguretat.<\/li>\n<li>\u00c9s recomanable suspendre la realitzaci\u00f3 de serveis que impliquin contacte directe amb els pacients o que puguin contaminar material com\u00fa com:<\/li>\n<li>B\u00e0scules de pesar<\/li>\n<li>Dermoanalitzadors,<\/li>\n<li>Tensi\u00f2metres (si no \u00e9s estrictament necessari)<\/li>\n<li>Aparells d\u2019an\u00e0lisi capil\u00b7lar,<\/li>\n<li>Pistola de posar arracades<\/li>\n<li>I similars, etc\u2026<\/li>\n<\/ul>\n<h2><span class=\"ez-toc-section\" id=\"mesures-en-el-cobrament\"><\/span><strong>MESURES EN EL COBRAMENT<\/strong><span class=\"ez-toc-section-end\"><\/span><\/h2>\n<ul>\n<li>Cobrar amb targeta de cr\u00e8dit a la mida del possible.<\/li>\n<li>Si s\u2019ha de cobrar en efectiu, rentar-se les mans posteriorment i si no \u00e9s possible no tocar-se la cara\/mucoses fins haver-ho fet.<\/li>\n<\/ul>\n<h2><span class=\"ez-toc-section\" id=\"us-de-mascaretes\"><\/span><strong>\u00daS DE MASCARETES<\/strong><span class=\"ez-toc-section-end\"><\/span><\/h2>\n<ul>\n<li>Les mascaretes s\u2019utilitzen per evitar la propagaci\u00f3 del virus, no s\u00f3n una mesura efica\u00e7 per prevenir-lo. En conseq\u00fc\u00e8ncia:\n<ul>\n<li>Les mascaretes s\u00f3n \u00fatils en el cas dels pacients infectats, per impedir la propagaci\u00f3 de fluids (saliva i mocs).<\/li>\n<li>En el cas de persones no infectades, no seran una mesura preventiva efica\u00e7.<\/li>\n<\/ul>\n<\/li>\n<\/ul>\n<h2><span class=\"ez-toc-section\" id=\"mesures-extremes\"><\/span><strong>MESURES EXTREMES<\/strong><span class=\"ez-toc-section-end\"><\/span><\/h2>\n<ul>\n<li>Si no podem garantir una dispensaci\u00f3 amb aquestes mesures preventives m\u00ednimes, ser\u00e0 preferible dispensar a porta tancada-finestreta.<\/li>\n<\/ul>\n<p><span style=\"color: #999999;\">\u00daltima actualitzaci\u00f3: 14\/03<\/span><span style=\"color: #999999;\">\/2020<\/span><\/p>\n<p><strong>Informaci\u00f3 de consulta:<\/strong><\/p>\n<ul>\n<li>Protocols cofB, disponibles a l\u2019\u00c0rea de Desc\u00e0rregues.<\/li>\n<li>OMS:<\/li>\n<\/ul>\n<p><a href=\"https:\/\/www.who.int\/es\/emergencies\/diseases\/novel-coronavirus-2019\/advice-for-public\">https:\/\/www.who.int\/es\/emergencies\/diseases\/novel-coronavirus-2019\/advice-for-public<\/a><\/p>\n<p><a href=\"https:\/\/www.who.int\/es\/emergencies\/diseases\/novel-coronavirus-2019\/advice-for-public\/myth-busters\">https:\/\/www.who.int\/es\/emergencies\/diseases\/novel-coronavirus-2019\/advice-for-public\/myth-busters<\/a><\/p>\n<ul>\n<li>MSCBS:<\/li>\n<\/ul>\n<p><a href=\"https:\/\/www.mscbs.gob.es\/profesionales\/saludPublica\/ccayes\/alertasActual\/nCov-China\/documentos\/Procedimiento_COVID_19.pdf\">https:\/\/www.mscbs.gob.es\/profesionales\/saludPublica\/ccayes\/alertasActual\/nCov-China\/documentos\/Procedimiento_COVID_19.pdf<\/a><\/p>\n<ul>\n<li>GenCat:<\/li>\n<\/ul>\n<p><a href=\"http:\/\/canalsalut.gencat.cat\/ca\/salut-a-z\/c\/coronavirus-2019-ncov\/\">http:\/\/canalsalut.gencat.cat\/ca\/salut-a-z\/c\/coronavirus-2019-ncov\/<\/a><\/p>\n","protected":false},"excerpt":{"rendered":"<p>ORGANITZACI\u00d3 DE TORNS \u00c9s recomanable organitzar un m\u00ednim de 2 grups de persones que treballin en torns separats i tamb\u00e9 separades f\u00edsicament entre elles m\u00ednim 1,5m. Els torns sempre haurien de ser amb les mateixes persones. Marcar els estris individuals de treball. Designar un punt de venda fixe per cada persona. Apla\u00e7ar visites amb laboratoris [&hellip;]<\/p>\n","protected":false},"author":4,"featured_media":19628,"comment_status":"open","ping_status":"open","sticky":false,"template":"","format":"standard","meta":{"_acf_changed":false,"inline_featured_image":false,"_mbp_gutenberg_autopost":false,"footnotes":""},"categories":[71,433],"tags":[],"class_list":["post-19101","post","type-post","status-publish","format-standard","has-post-thumbnail","hentry","category-per-professionals-de-la-salut","category-publicacions-per-a-farmaceutics"],"acf":[],"yoast_head":"<!-- This site is optimized with the Yoast SEO plugin v27.5 - https:\/\/yoast.com\/product\/yoast-seo-wordpress\/ -->\n<title>Protocols de prevenci\u00f3 del Coronavirus a la farm\u00e0cia | Ecoceutics<\/title>\n<meta name=\"description\" content=\"Organitzaci\u00f3 de torns - finestreta - mesures higi\u00e8niques - mampares - cashboards - farm\u00e0cia - dist\u00e0ncies de seguretat - informaci\u00f3\" \/>\n<meta name=\"robots\" content=\"index, follow, max-snippet:-1, max-image-preview:large, max-video-preview:-1\" \/>\n<link rel=\"canonical\" href=\"https:\/\/www.ecoceutics.com\/ca\/per-professionals-de-la-salut\/protocol-de-prevencio-a-la-farmacia-pel-coronavirus\/\" \/>\n<meta property=\"og:locale\" content=\"ca_ES\" \/>\n<meta property=\"og:type\" content=\"article\" \/>\n<meta property=\"og:title\" content=\"Protocols de prevenci\u00f3 del Coronavirus a la farm\u00e0cia | Ecoceutics\" \/>\n<meta property=\"og:description\" content=\"Organitzaci\u00f3 de torns - finestreta - mesures higi\u00e8niques - mampares - cashboards - farm\u00e0cia - dist\u00e0ncies de seguretat - informaci\u00f3\" \/>\n<meta property=\"og:url\" content=\"https:\/\/www.ecoceutics.com\/ca\/per-professionals-de-la-salut\/protocol-de-prevencio-a-la-farmacia-pel-coronavirus\/\" \/>\n<meta property=\"og:site_name\" content=\"ecoceutics\" \/>\n<meta property=\"article:published_time\" content=\"2021-09-14T16:53:15+00:00\" \/>\n<meta property=\"article:modified_time\" content=\"2024-02-02T12:42:00+00:00\" \/>\n<meta property=\"og:image\" content=\"https:\/\/www.ecoceutics.com\/wp-content\/uploads\/2021\/09\/document.jpg\" \/>\n\t<meta property=\"og:image:width\" content=\"955\" \/>\n\t<meta property=\"og:image:height\" content=\"625\" \/>\n\t<meta property=\"og:image:type\" content=\"image\/jpeg\" \/>\n<meta name=\"author\" content=\"Lorena Crosa\" \/>\n<meta name=\"twitter:card\" content=\"summary_large_image\" \/>\n<meta name=\"twitter:label1\" content=\"Escrit per\" \/>\n\t<meta name=\"twitter:data1\" content=\"Lorena Crosa\" \/>\n\t<meta name=\"twitter:label2\" content=\"Temps estimat de lectura\" \/>\n\t<meta name=\"twitter:data2\" content=\"5 minuts\" \/>\n<script type=\"application\/ld+json\" class=\"yoast-schema-graph\">{\"@context\":\"https:\\\/\\\/schema.org\",\"@graph\":[{\"@type\":\"Article\",\"@id\":\"https:\\\/\\\/www.ecoceutics.com\\\/ca\\\/per-professionals-de-la-salut\\\/protocol-de-prevencio-a-la-farmacia-pel-coronavirus\\\/#article\",\"isPartOf\":{\"@id\":\"https:\\\/\\\/www.ecoceutics.com\\\/ca\\\/per-professionals-de-la-salut\\\/protocol-de-prevencio-a-la-farmacia-pel-coronavirus\\\/\"},\"author\":{\"name\":\"Lorena Crosa\",\"@id\":\"https:\\\/\\\/www.ecoceutics.com\\\/ca\\\/#\\\/schema\\\/person\\\/1ea99343a86784e00a52c8744dfc7d83\"},\"headline\":\"Protocol de prevenci\u00f3 a la farm\u00e0cia pel Coronavirus\",\"datePublished\":\"2021-09-14T16:53:15+00:00\",\"dateModified\":\"2024-02-02T12:42:00+00:00\",\"mainEntityOfPage\":{\"@id\":\"https:\\\/\\\/www.ecoceutics.com\\\/ca\\\/per-professionals-de-la-salut\\\/protocol-de-prevencio-a-la-farmacia-pel-coronavirus\\\/\"},\"wordCount\":1049,\"commentCount\":0,\"publisher\":{\"@id\":\"https:\\\/\\\/www.ecoceutics.com\\\/ca\\\/#organization\"},\"image\":{\"@id\":\"https:\\\/\\\/www.ecoceutics.com\\\/ca\\\/per-professionals-de-la-salut\\\/protocol-de-prevencio-a-la-farmacia-pel-coronavirus\\\/#primaryimage\"},\"thumbnailUrl\":\"https:\\\/\\\/www.ecoceutics.com\\\/wp-content\\\/uploads\\\/2021\\\/09\\\/document.jpg\",\"articleSection\":[\"Per professionals de la salut\",\"Publicacions per a farmac\u00e8utics\"],\"inLanguage\":\"ca\",\"potentialAction\":[{\"@type\":\"CommentAction\",\"name\":\"Comment\",\"target\":[\"https:\\\/\\\/www.ecoceutics.com\\\/ca\\\/per-professionals-de-la-salut\\\/protocol-de-prevencio-a-la-farmacia-pel-coronavirus\\\/#respond\"]}]},{\"@type\":\"WebPage\",\"@id\":\"https:\\\/\\\/www.ecoceutics.com\\\/ca\\\/per-professionals-de-la-salut\\\/protocol-de-prevencio-a-la-farmacia-pel-coronavirus\\\/\",\"url\":\"https:\\\/\\\/www.ecoceutics.com\\\/ca\\\/per-professionals-de-la-salut\\\/protocol-de-prevencio-a-la-farmacia-pel-coronavirus\\\/\",\"name\":\"Protocols de prevenci\u00f3 del Coronavirus a la farm\u00e0cia | Ecoceutics\",\"isPartOf\":{\"@id\":\"https:\\\/\\\/www.ecoceutics.com\\\/ca\\\/#website\"},\"primaryImageOfPage\":{\"@id\":\"https:\\\/\\\/www.ecoceutics.com\\\/ca\\\/per-professionals-de-la-salut\\\/protocol-de-prevencio-a-la-farmacia-pel-coronavirus\\\/#primaryimage\"},\"image\":{\"@id\":\"https:\\\/\\\/www.ecoceutics.com\\\/ca\\\/per-professionals-de-la-salut\\\/protocol-de-prevencio-a-la-farmacia-pel-coronavirus\\\/#primaryimage\"},\"thumbnailUrl\":\"https:\\\/\\\/www.ecoceutics.com\\\/wp-content\\\/uploads\\\/2021\\\/09\\\/document.jpg\",\"datePublished\":\"2021-09-14T16:53:15+00:00\",\"dateModified\":\"2024-02-02T12:42:00+00:00\",\"description\":\"Organitzaci\u00f3 de torns - finestreta - mesures higi\u00e8niques - mampares - cashboards - farm\u00e0cia - dist\u00e0ncies de seguretat - informaci\u00f3\",\"breadcrumb\":{\"@id\":\"https:\\\/\\\/www.ecoceutics.com\\\/ca\\\/per-professionals-de-la-salut\\\/protocol-de-prevencio-a-la-farmacia-pel-coronavirus\\\/#breadcrumb\"},\"inLanguage\":\"ca\",\"potentialAction\":[{\"@type\":\"ReadAction\",\"target\":[\"https:\\\/\\\/www.ecoceutics.com\\\/ca\\\/per-professionals-de-la-salut\\\/protocol-de-prevencio-a-la-farmacia-pel-coronavirus\\\/\"]}]},{\"@type\":\"ImageObject\",\"inLanguage\":\"ca\",\"@id\":\"https:\\\/\\\/www.ecoceutics.com\\\/ca\\\/per-professionals-de-la-salut\\\/protocol-de-prevencio-a-la-farmacia-pel-coronavirus\\\/#primaryimage\",\"url\":\"https:\\\/\\\/www.ecoceutics.com\\\/wp-content\\\/uploads\\\/2021\\\/09\\\/document.jpg\",\"contentUrl\":\"https:\\\/\\\/www.ecoceutics.com\\\/wp-content\\\/uploads\\\/2021\\\/09\\\/document.jpg\",\"width\":955,\"height\":625},{\"@type\":\"BreadcrumbList\",\"@id\":\"https:\\\/\\\/www.ecoceutics.com\\\/ca\\\/per-professionals-de-la-salut\\\/protocol-de-prevencio-a-la-farmacia-pel-coronavirus\\\/#breadcrumb\",\"itemListElement\":[{\"@type\":\"ListItem\",\"position\":1,\"name\":\"Portada\",\"item\":\"https:\\\/\\\/www.ecoceutics.com\\\/ca\\\/\"},{\"@type\":\"ListItem\",\"position\":2,\"name\":\"Protocol de prevenci\u00f3 a la farm\u00e0cia pel Coronavirus\"}]},{\"@type\":\"WebSite\",\"@id\":\"https:\\\/\\\/www.ecoceutics.com\\\/ca\\\/#website\",\"url\":\"https:\\\/\\\/www.ecoceutics.com\\\/ca\\\/\",\"name\":\"ecoceutics\",\"description\":\"Primera red de farmacias independientes bajo una marca\",\"publisher\":{\"@id\":\"https:\\\/\\\/www.ecoceutics.com\\\/ca\\\/#organization\"},\"potentialAction\":[{\"@type\":\"SearchAction\",\"target\":{\"@type\":\"EntryPoint\",\"urlTemplate\":\"https:\\\/\\\/www.ecoceutics.com\\\/ca\\\/?s={search_term_string}\"},\"query-input\":{\"@type\":\"PropertyValueSpecification\",\"valueRequired\":true,\"valueName\":\"search_term_string\"}}],\"inLanguage\":\"ca\"},{\"@type\":\"Organization\",\"@id\":\"https:\\\/\\\/www.ecoceutics.com\\\/ca\\\/#organization\",\"name\":\"Ecoceutics\",\"url\":\"https:\\\/\\\/www.ecoceutics.com\\\/ca\\\/\",\"logo\":{\"@type\":\"ImageObject\",\"inLanguage\":\"ca\",\"@id\":\"https:\\\/\\\/www.ecoceutics.com\\\/ca\\\/#\\\/schema\\\/logo\\\/image\\\/\",\"url\":\"https:\\\/\\\/www.ecoceutics.com\\\/wp-content\\\/uploads\\\/2022\\\/02\\\/Logo-Ecoceutics-SVG-01-1.svg\",\"contentUrl\":\"https:\\\/\\\/www.ecoceutics.com\\\/wp-content\\\/uploads\\\/2022\\\/02\\\/Logo-Ecoceutics-SVG-01-1.svg\",\"width\":232,\"height\":68,\"caption\":\"Ecoceutics\"},\"image\":{\"@id\":\"https:\\\/\\\/www.ecoceutics.com\\\/ca\\\/#\\\/schema\\\/logo\\\/image\\\/\"}},{\"@type\":\"Person\",\"@id\":\"https:\\\/\\\/www.ecoceutics.com\\\/ca\\\/#\\\/schema\\\/person\\\/1ea99343a86784e00a52c8744dfc7d83\",\"name\":\"Lorena Crosa\",\"image\":{\"@type\":\"ImageObject\",\"inLanguage\":\"ca\",\"@id\":\"https:\\\/\\\/www.ecoceutics.com\\\/wp-content\\\/uploads\\\/2024\\\/03\\\/Lorena-Crosa-100x100.jpg\",\"url\":\"https:\\\/\\\/www.ecoceutics.com\\\/wp-content\\\/uploads\\\/2024\\\/03\\\/Lorena-Crosa-100x100.jpg\",\"contentUrl\":\"https:\\\/\\\/www.ecoceutics.com\\\/wp-content\\\/uploads\\\/2024\\\/03\\\/Lorena-Crosa-100x100.jpg\",\"caption\":\"Lorena Crosa\"}}]}<\/script>\n<!-- \/ Yoast SEO plugin. -->","yoast_head_json":{"title":"Protocols de prevenci\u00f3 del Coronavirus a la farm\u00e0cia | Ecoceutics","description":"Organitzaci\u00f3 de torns - finestreta - mesures higi\u00e8niques - mampares - cashboards - farm\u00e0cia - dist\u00e0ncies de seguretat - informaci\u00f3","robots":{"index":"index","follow":"follow","max-snippet":"max-snippet:-1","max-image-preview":"max-image-preview:large","max-video-preview":"max-video-preview:-1"},"canonical":"https:\/\/www.ecoceutics.com\/ca\/per-professionals-de-la-salut\/protocol-de-prevencio-a-la-farmacia-pel-coronavirus\/","og_locale":"ca_ES","og_type":"article","og_title":"Protocols de prevenci\u00f3 del Coronavirus a la farm\u00e0cia | Ecoceutics","og_description":"Organitzaci\u00f3 de torns - finestreta - mesures higi\u00e8niques - mampares - cashboards - farm\u00e0cia - dist\u00e0ncies de seguretat - informaci\u00f3","og_url":"https:\/\/www.ecoceutics.com\/ca\/per-professionals-de-la-salut\/protocol-de-prevencio-a-la-farmacia-pel-coronavirus\/","og_site_name":"ecoceutics","article_published_time":"2021-09-14T16:53:15+00:00","article_modified_time":"2024-02-02T12:42:00+00:00","og_image":[{"width":955,"height":625,"url":"https:\/\/www.ecoceutics.com\/wp-content\/uploads\/2021\/09\/document.jpg","type":"image\/jpeg"}],"author":"Lorena Crosa","twitter_card":"summary_large_image","twitter_misc":{"Escrit per":"Lorena Crosa","Temps estimat de lectura":"5 minuts"},"schema":{"@context":"https:\/\/schema.org","@graph":[{"@type":"Article","@id":"https:\/\/www.ecoceutics.com\/ca\/per-professionals-de-la-salut\/protocol-de-prevencio-a-la-farmacia-pel-coronavirus\/#article","isPartOf":{"@id":"https:\/\/www.ecoceutics.com\/ca\/per-professionals-de-la-salut\/protocol-de-prevencio-a-la-farmacia-pel-coronavirus\/"},"author":{"name":"Lorena Crosa","@id":"https:\/\/www.ecoceutics.com\/ca\/#\/schema\/person\/1ea99343a86784e00a52c8744dfc7d83"},"headline":"Protocol de prevenci\u00f3 a la farm\u00e0cia pel Coronavirus","datePublished":"2021-09-14T16:53:15+00:00","dateModified":"2024-02-02T12:42:00+00:00","mainEntityOfPage":{"@id":"https:\/\/www.ecoceutics.com\/ca\/per-professionals-de-la-salut\/protocol-de-prevencio-a-la-farmacia-pel-coronavirus\/"},"wordCount":1049,"commentCount":0,"publisher":{"@id":"https:\/\/www.ecoceutics.com\/ca\/#organization"},"image":{"@id":"https:\/\/www.ecoceutics.com\/ca\/per-professionals-de-la-salut\/protocol-de-prevencio-a-la-farmacia-pel-coronavirus\/#primaryimage"},"thumbnailUrl":"https:\/\/www.ecoceutics.com\/wp-content\/uploads\/2021\/09\/document.jpg","articleSection":["Per professionals de la salut","Publicacions per a farmac\u00e8utics"],"inLanguage":"ca","potentialAction":[{"@type":"CommentAction","name":"Comment","target":["https:\/\/www.ecoceutics.com\/ca\/per-professionals-de-la-salut\/protocol-de-prevencio-a-la-farmacia-pel-coronavirus\/#respond"]}]},{"@type":"WebPage","@id":"https:\/\/www.ecoceutics.com\/ca\/per-professionals-de-la-salut\/protocol-de-prevencio-a-la-farmacia-pel-coronavirus\/","url":"https:\/\/www.ecoceutics.com\/ca\/per-professionals-de-la-salut\/protocol-de-prevencio-a-la-farmacia-pel-coronavirus\/","name":"Protocols de prevenci\u00f3 del Coronavirus a la farm\u00e0cia | Ecoceutics","isPartOf":{"@id":"https:\/\/www.ecoceutics.com\/ca\/#website"},"primaryImageOfPage":{"@id":"https:\/\/www.ecoceutics.com\/ca\/per-professionals-de-la-salut\/protocol-de-prevencio-a-la-farmacia-pel-coronavirus\/#primaryimage"},"image":{"@id":"https:\/\/www.ecoceutics.com\/ca\/per-professionals-de-la-salut\/protocol-de-prevencio-a-la-farmacia-pel-coronavirus\/#primaryimage"},"thumbnailUrl":"https:\/\/www.ecoceutics.com\/wp-content\/uploads\/2021\/09\/document.jpg","datePublished":"2021-09-14T16:53:15+00:00","dateModified":"2024-02-02T12:42:00+00:00","description":"Organitzaci\u00f3 de torns - finestreta - mesures higi\u00e8niques - mampares - cashboards - farm\u00e0cia - dist\u00e0ncies de seguretat - informaci\u00f3","breadcrumb":{"@id":"https:\/\/www.ecoceutics.com\/ca\/per-professionals-de-la-salut\/protocol-de-prevencio-a-la-farmacia-pel-coronavirus\/#breadcrumb"},"inLanguage":"ca","potentialAction":[{"@type":"ReadAction","target":["https:\/\/www.ecoceutics.com\/ca\/per-professionals-de-la-salut\/protocol-de-prevencio-a-la-farmacia-pel-coronavirus\/"]}]},{"@type":"ImageObject","inLanguage":"ca","@id":"https:\/\/www.ecoceutics.com\/ca\/per-professionals-de-la-salut\/protocol-de-prevencio-a-la-farmacia-pel-coronavirus\/#primaryimage","url":"https:\/\/www.ecoceutics.com\/wp-content\/uploads\/2021\/09\/document.jpg","contentUrl":"https:\/\/www.ecoceutics.com\/wp-content\/uploads\/2021\/09\/document.jpg","width":955,"height":625},{"@type":"BreadcrumbList","@id":"https:\/\/www.ecoceutics.com\/ca\/per-professionals-de-la-salut\/protocol-de-prevencio-a-la-farmacia-pel-coronavirus\/#breadcrumb","itemListElement":[{"@type":"ListItem","position":1,"name":"Portada","item":"https:\/\/www.ecoceutics.com\/ca\/"},{"@type":"ListItem","position":2,"name":"Protocol de prevenci\u00f3 a la farm\u00e0cia pel Coronavirus"}]},{"@type":"WebSite","@id":"https:\/\/www.ecoceutics.com\/ca\/#website","url":"https:\/\/www.ecoceutics.com\/ca\/","name":"ecoceutics","description":"Primera red de farmacias independientes bajo una marca","publisher":{"@id":"https:\/\/www.ecoceutics.com\/ca\/#organization"},"potentialAction":[{"@type":"SearchAction","target":{"@type":"EntryPoint","urlTemplate":"https:\/\/www.ecoceutics.com\/ca\/?s={search_term_string}"},"query-input":{"@type":"PropertyValueSpecification","valueRequired":true,"valueName":"search_term_string"}}],"inLanguage":"ca"},{"@type":"Organization","@id":"https:\/\/www.ecoceutics.com\/ca\/#organization","name":"Ecoceutics","url":"https:\/\/www.ecoceutics.com\/ca\/","logo":{"@type":"ImageObject","inLanguage":"ca","@id":"https:\/\/www.ecoceutics.com\/ca\/#\/schema\/logo\/image\/","url":"https:\/\/www.ecoceutics.com\/wp-content\/uploads\/2022\/02\/Logo-Ecoceutics-SVG-01-1.svg","contentUrl":"https:\/\/www.ecoceutics.com\/wp-content\/uploads\/2022\/02\/Logo-Ecoceutics-SVG-01-1.svg","width":232,"height":68,"caption":"Ecoceutics"},"image":{"@id":"https:\/\/www.ecoceutics.com\/ca\/#\/schema\/logo\/image\/"}},{"@type":"Person","@id":"https:\/\/www.ecoceutics.com\/ca\/#\/schema\/person\/1ea99343a86784e00a52c8744dfc7d83","name":"Lorena Crosa","image":{"@type":"ImageObject","inLanguage":"ca","@id":"https:\/\/www.ecoceutics.com\/wp-content\/uploads\/2024\/03\/Lorena-Crosa-100x100.jpg","url":"https:\/\/www.ecoceutics.com\/wp-content\/uploads\/2024\/03\/Lorena-Crosa-100x100.jpg","contentUrl":"https:\/\/www.ecoceutics.com\/wp-content\/uploads\/2024\/03\/Lorena-Crosa-100x100.jpg","caption":"Lorena Crosa"}}]}},"_links":{"self":[{"href":"https:\/\/www.ecoceutics.com\/ca\/wp-json\/wp\/v2\/posts\/19101","targetHints":{"allow":["GET"]}}],"collection":[{"href":"https:\/\/www.ecoceutics.com\/ca\/wp-json\/wp\/v2\/posts"}],"about":[{"href":"https:\/\/www.ecoceutics.com\/ca\/wp-json\/wp\/v2\/types\/post"}],"author":[{"embeddable":true,"href":"https:\/\/www.ecoceutics.com\/ca\/wp-json\/wp\/v2\/users\/4"}],"replies":[{"embeddable":true,"href":"https:\/\/www.ecoceutics.com\/ca\/wp-json\/wp\/v2\/comments?post=19101"}],"version-history":[{"count":0,"href":"https:\/\/www.ecoceutics.com\/ca\/wp-json\/wp\/v2\/posts\/19101\/revisions"}],"wp:featuredmedia":[{"embeddable":true,"href":"https:\/\/www.ecoceutics.com\/ca\/wp-json\/wp\/v2\/media\/19628"}],"wp:attachment":[{"href":"https:\/\/www.ecoceutics.com\/ca\/wp-json\/wp\/v2\/media?parent=19101"}],"wp:term":[{"taxonomy":"category","embeddable":true,"href":"https:\/\/www.ecoceutics.com\/ca\/wp-json\/wp\/v2\/categories?post=19101"},{"taxonomy":"post_tag","embeddable":true,"href":"https:\/\/www.ecoceutics.com\/ca\/wp-json\/wp\/v2\/tags?post=19101"}],"curies":[{"name":"wp","href":"https:\/\/api.w.org\/{rel}","templated":true}]}}