{"id":19729,"date":"2021-09-30T10:00:00","date_gmt":"2021-09-30T08:00:00","guid":{"rendered":"https:\/\/www.ecoceutics.com\/?p=19729"},"modified":"2023-09-01T09:17:54","modified_gmt":"2023-09-01T07:17:54","slug":"candidiasi","status":"publish","type":"post","link":"https:\/\/www.ecoceutics.com\/ca\/respostes-de-salut\/salut\/candidiasi\/","title":{"rendered":"Candidiasi: \u00bfPer qu\u00e8 apareix?"},"content":{"rendered":"\r\n<p>La candidiasi \u00e9s la infecci\u00f3 produ\u00efda per fongs del g\u00e8nere <em>C\u00e0ndida<\/em>, per\u00a0<em>Candida\u00a0albicans<\/em>. Depenent de la zona que est\u00e0 infectada ser\u00e0 el tractament a instaurar, que normalment consta d&#8217;antif\u00fangics (mol\u00e8cules que maten fongs). T&#8217;expliquem avui quins s\u00f3n els llocs m\u00e9s comuns en els quals podem tenir candidiasis, quins s\u00f3n els tractaments usuals i quan has de visitar al metge.<\/p>\r\n\r\n\r\n\r\n<div id=\"ez-toc-container\" class=\"ez-toc-v2_0_82_2 counter-hierarchy ez-toc-counter ez-toc-custom ez-toc-container-direction\">\n<div class=\"ez-toc-title-container\">\n<p class=\"ez-toc-title\" style=\"cursor:inherit\">Contenido de la p\u00e1gina<\/p>\n<span class=\"ez-toc-title-toggle\"><a href=\"#\" class=\"ez-toc-pull-right ez-toc-btn ez-toc-btn-xs ez-toc-btn-default ez-toc-toggle\" aria-label=\"Toggle Table of Content\"><span class=\"ez-toc-js-icon-con\"><span class=\"\"><span class=\"eztoc-hide\" style=\"display:none;\">Toggle<\/span><span class=\"ez-toc-icon-toggle-span\"><svg style=\"fill: #333333;color:#333333\" xmlns=\"http:\/\/www.w3.org\/2000\/svg\" class=\"list-377408\" width=\"20px\" height=\"20px\" viewBox=\"0 0 24 24\" fill=\"none\"><path d=\"M6 6H4v2h2V6zm14 0H8v2h12V6zM4 11h2v2H4v-2zm16 0H8v2h12v-2zM4 16h2v2H4v-2zm16 0H8v2h12v-2z\" fill=\"currentColor\"><\/path><\/svg><svg style=\"fill: #333333;color:#333333\" class=\"arrow-unsorted-368013\" xmlns=\"http:\/\/www.w3.org\/2000\/svg\" width=\"10px\" height=\"10px\" viewBox=\"0 0 24 24\" version=\"1.2\" baseProfile=\"tiny\"><path d=\"M18.2 9.3l-6.2-6.3-6.2 6.3c-.2.2-.3.4-.3.7s.1.5.3.7c.2.2.4.3.7.3h11c.3 0 .5-.1.7-.3.2-.2.3-.5.3-.7s-.1-.5-.3-.7zM5.8 14.7l6.2 6.3 6.2-6.3c.2-.2.3-.5.3-.7s-.1-.5-.3-.7c-.2-.2-.4-.3-.7-.3h-11c-.3 0-.5.1-.7.3-.2.2-.3.5-.3.7s.1.5.3.7z\"\/><\/svg><\/span><\/span><\/span><\/a><\/span><\/div>\n<nav><ul class='ez-toc-list ez-toc-list-level-1 ' ><li class='ez-toc-page-1 ez-toc-heading-level-2'><a class=\"ez-toc-link ez-toc-heading-1\" href=\"https:\/\/www.ecoceutics.com\/ca\/respostes-de-salut\/salut\/candidiasi\/#per-que-ocorren-les-candidiasis\" >Per qu\u00e8 ocorren les candidiasis?<\/a><\/li><li class='ez-toc-page-1 ez-toc-heading-level-2'><a class=\"ez-toc-link ez-toc-heading-2\" href=\"https:\/\/www.ecoceutics.com\/ca\/respostes-de-salut\/salut\/candidiasi\/#on-ocorren-les-infeccions-per-candida\" >On ocorren les infeccions per C\u00e0ndida?<\/a><\/li><li class='ez-toc-page-1 ez-toc-heading-level-2'><a class=\"ez-toc-link ez-toc-heading-3\" href=\"https:\/\/www.ecoceutics.com\/ca\/respostes-de-salut\/salut\/candidiasi\/#com-es-tracta-la-candidiasi\" >Com es tracta la candidiasi?<\/a><\/li><li class='ez-toc-page-1 ez-toc-heading-level-2'><a class=\"ez-toc-link ez-toc-heading-4\" href=\"https:\/\/www.ecoceutics.com\/ca\/respostes-de-salut\/salut\/candidiasi\/#i\" >\u00a0<\/a><\/li><li class='ez-toc-page-1 ez-toc-heading-level-2'><a class=\"ez-toc-link ez-toc-heading-5\" href=\"https:\/\/www.ecoceutics.com\/ca\/respostes-de-salut\/salut\/candidiasi\/#la-nostra-recomanacio-farmaceutica\" >La nostra recomanaci\u00f3 farmac\u00e8utica<\/a><\/li><\/ul><\/nav><\/div>\n<h2 class=\"wp-block-heading\"><span class=\"ez-toc-section\" id=\"per-que-ocorren-les-candidiasis\"><\/span>Per qu\u00e8 ocorren les candidiasis?<span class=\"ez-toc-section-end\"><\/span><\/h2>\r\n\r\n\r\n\r\n<p>Els fongs del g\u00e8nere C\u00e0ndida s\u00f3n llevats: fongs microsc\u00f2pics unicel\u00b7lulars. Normalment les diferents esp\u00e8cies de <em>C\u00e0ndida <\/em>viuen en la nostra pell sense causar infeccions perqu\u00e8 el sistema immune i els bacteris de la nostra flora bacteriana la mantenen a ratlla. Per\u00f2 si hi ha &#8220;una falla&#8221; en les nostres defenses <em>C\u00e0ndida <\/em>troba &#8220;el buit&#8221; que necessita per a reproduir-se m\u00e9s del compte i causar una infecci\u00f3. Algunes de les raons darrere de les candidiasis s\u00f3n:<\/p>\r\n\r\n\r\n\r\n<ul class=\"wp-block-list\">\r\n<li>Malnutrici\u00f3.<\/li>\r\n\r\n\r\n\r\n<li>Immunosupressi\u00f3.<\/li>\r\n\r\n\r\n\r\n<li>Quimioter\u00e0pia.<\/li>\r\n\r\n\r\n\r\n<li>Tractament amb corticoides.<\/li>\r\n\r\n\r\n\r\n<li>Tractament amb antibi\u00f2tics.<\/li>\r\n\r\n\r\n\r\n<li>\u00das de dentadures postisses o f\u00e8rules de desc\u00e0rrega.<\/li>\r\n<\/ul>\r\n\r\n\r\n\r\n<p>Quan apareix la candidiasi \u00e9s perqu\u00e8 moltes c\u00e8l\u00b7lules de <em>C\u00e0ndida <\/em>s&#8217;han reprodu\u00eft fins a formar canvis visibles en els nostres teixits, canvis que poden anar acompanyats de s\u00edmptomes molestos.<\/p>\r\n\r\n\r\n\r\n<h2 class=\"wp-block-heading\"><span class=\"ez-toc-section\" id=\"on-ocorren-les-infeccions-per-candida\"><\/span>On ocorren les infeccions per C\u00e0ndida?<span class=\"ez-toc-section-end\"><\/span><\/h2>\r\n\r\n\r\n\r\n<p>Els llocs en els quals apareix amb freq\u00fc\u00e8ncia una candidiasi en pacients ambulatoris (no ingressats a l&#8217;hospital) s\u00f3n:<\/p>\r\n\r\n\r\n\r\n<ul class=\"wp-block-list\">\r\n<li><em>Zona genital<\/em>. En les dones \u00e9s molt t\u00edpica despr\u00e9s de prendre antibi\u00f2tics. Cursa amb molta picor en la zona vaginal, desc\u00e0rrega de flux blanc amb aspecte de mat\u00f3 i a vegades amb dolor en orinar que confon amb infecci\u00f3 urin\u00e0ria.<\/li>\r\n\r\n\r\n\r\n<li><em>Ungles<\/em>. Cursa amb canvis en l&#8217;aspecte de l&#8217;ungla, que es veu m\u00e9s engrossida. Tamb\u00e9 pot haver-hi inflamaci\u00f3 en el llit unguial.<\/li>\r\n\r\n\r\n\r\n<li><em>Boca<\/em>. Apareix com un material blanquin\u00f3s o groc en la llengua que no es va amb el raspat. Si la candidiasi s&#8217;est\u00e9n a la faringe, pot haver-hi dolor en\u00a0empassar. Sol associar-se a l&#8217;\u00fas de corticoides inhalats o a la mala higiene de pr\u00f2tesi.<\/li>\r\n\r\n\r\n\r\n<li><em>Pell<\/em>. \u00c9s com\u00fa desenvolupar candidiasis en zones amb plecs que acumulen humitat (sota el pit femen\u00ed, en la papada, axil\u00b7les, plecs genitals).<\/li>\r\n<\/ul>\r\n\r\n\r\n\r\n<p>En pacients m\u00e9s fr\u00e0gils la candidiasi pot apar\u00e8ixer en la sang, sobretot si hi ha un cat\u00e8ter posat.<\/p>\r\n\r\n\r\n\r\n<h2 class=\"wp-block-heading\"><span class=\"ez-toc-section\" id=\"com-es-tracta-la-candidiasi\"><\/span>Com es tracta la candidiasi?<span class=\"ez-toc-section-end\"><\/span><\/h2>\r\n\r\n\r\n\r\n<p>Dep\u00e8n, la candidiasi vaginal, la candidiasi en les ungles i en algunes zones de la pell poden tractar-se en l&#8217;oficina de farm\u00e0cia. Els productes que solem recomanar s\u00f3n:<\/p>\r\n\r\n\r\n\r\n<ul class=\"wp-block-list\">\r\n<li><em>Antif\u00fangics <\/em>d&#8217;aplicaci\u00f3 local com a \u00f2vuls, esprais, cremes o esmalts.<\/li>\r\n\r\n\r\n\r\n<li><em>Probi\u00f2tics<\/em>. Els probi\u00f2tics reforcen la flora bacteriana i bloquegen la reproducci\u00f3 de C\u00e0ndida.<\/li>\r\n\r\n\r\n\r\n<li><em>Productes que acompanyen el tractament<\/em>, com a sabons \u00edntims adequats per a calmar els s\u00edmptomes de la candidiasi o productes que calmen la irritaci\u00f3 i prevenen la repetici\u00f3 de la candidiasi.<\/li>\r\n<\/ul>\r\n\r\n\r\n\r\n<h2 class=\"wp-block-heading\"><span class=\"ez-toc-section\" id=\"i\"><\/span>\u00a0<span class=\"ez-toc-section-end\"><\/span><\/h2>\r\n\r\n\r\n\r\n<p>Per\u00f2, en canvi, hi ha altres tipus de candidiasis, com la candidiasi vaginal que es repeteix moltes vegades en poc temps o la candidiasi far\u00edngia, que requereixen atenci\u00f3 m\u00e8dica. Si creus que tens candidiasis comenta els seus s\u00edmptomes en la teva farm\u00e0cia de confian\u00e7a, que sabran indicar-te els productes que poden ajudar-te o, si el teu cas el requereix, et derivaran al metge.<\/p>\r\n\r\n\r\n\r\n<h2 class=\"wp-block-heading\"><span class=\"ez-toc-section\" id=\"la-nostra-recomanacio-farmaceutica\"><\/span>La nostra recomanaci\u00f3 farmac\u00e8utica<span class=\"ez-toc-section-end\"><\/span><\/h2>\r\n\r\n\r\n\r\n<ul class=\"wp-block-list\">\r\n<li>Antif\u00fangics d&#8217;aplicaci\u00f3 local. Gine-canest\u00e9n<\/li>\r\n\r\n\r\n\r\n<li>Probi\u00f2tics per refor\u00e7ar la flora bacteriana i bloquejar la reproducci\u00f3 de la candida. Lactibiane Cnd i Woman Isdin Isadin plus<\/li>\r\n\r\n\r\n\r\n<li>Productes d&#8217;higiene que t&#8217;ajudaran a calmar simptomes. <a href=\"https:\/\/www.ecoceutics.com\/ca\/sabo-intim\/\" target=\"_blank\" rel=\"noreferrer noopener\">Ecovital Sens sab\u00f3 \u00edntim, <\/a>\u00a0Higiene intima deligyn de cumlaude i\/o Woman Isdin Higiene Intima.<\/li>\r\n<\/ul>\r\n\r\n\r\n\r\n<p>&nbsp;<\/p>\r\n","protected":false},"excerpt":{"rendered":"<p>La candidiasi \u00e9s la infecci\u00f3 produ\u00efda per fongs del g\u00e8nere C\u00e0ndida, per\u00a0Candida\u00a0albicans. Depenent de la zona que est\u00e0 infectada ser\u00e0 el tractament a instaurar, que normalment consta d&#8217;antif\u00fangics (mol\u00e8cules que maten fongs). T&#8217;expliquem avui quins s\u00f3n els llocs m\u00e9s comuns en els quals podem tenir candidiasis, quins s\u00f3n els tractaments usuals i quan has de [&hellip;]<\/p>\n","protected":false},"author":4,"featured_media":19727,"comment_status":"open","ping_status":"open","sticky":false,"template":"","format":"standard","meta":{"_acf_changed":false,"inline_featured_image":false,"_mbp_gutenberg_autopost":false,"footnotes":""},"categories":[4,1],"tags":[],"class_list":["post-19729","post","type-post","status-publish","format-standard","has-post-thumbnail","hentry","category-respostes-de-salut","category-salut"],"acf":[],"yoast_head":"<!-- This site is optimized with the Yoast SEO plugin v27.5 - https:\/\/yoast.com\/product\/yoast-seo-wordpress\/ -->\n<title>Candidiasi: Per qu\u00e8 apareix? | Farm\u00e0cies Ecoceutics<\/title>\n<meta name=\"description\" content=\"La candidiasi \u00e9s la infecci\u00f3 produida per fongs del g\u00e8nere C\u00e0ndida, que poden apar\u00e8ixer en m\u00e9s d&#039;una zona del cos hum\u00e0.\" \/>\n<meta name=\"robots\" content=\"index, follow, max-snippet:-1, max-image-preview:large, max-video-preview:-1\" \/>\n<link rel=\"canonical\" href=\"https:\/\/www.ecoceutics.com\/ca\/respostes-de-salut\/salut\/candidiasi\/\" \/>\n<meta property=\"og:locale\" content=\"ca_ES\" \/>\n<meta property=\"og:type\" content=\"article\" \/>\n<meta property=\"og:title\" content=\"Candidiasi: Per qu\u00e8 apareix? | Farm\u00e0cies Ecoceutics\" \/>\n<meta property=\"og:description\" content=\"La candidiasi \u00e9s la infecci\u00f3 produida per fongs del g\u00e8nere C\u00e0ndida, que poden apar\u00e8ixer en m\u00e9s d&#039;una zona del cos hum\u00e0.\" \/>\n<meta property=\"og:url\" content=\"https:\/\/www.ecoceutics.com\/ca\/respostes-de-salut\/salut\/candidiasi\/\" \/>\n<meta property=\"og:site_name\" content=\"ecoceutics\" \/>\n<meta property=\"article:published_time\" content=\"2021-09-30T08:00:00+00:00\" \/>\n<meta property=\"article:modified_time\" content=\"2023-09-01T07:17:54+00:00\" \/>\n<meta property=\"og:image\" content=\"https:\/\/www.ecoceutics.com\/wp-content\/uploads\/2021\/09\/foto_salut_candidiasis.jpg\" \/>\n\t<meta property=\"og:image:width\" content=\"720\" \/>\n\t<meta property=\"og:image:height\" content=\"400\" \/>\n\t<meta property=\"og:image:type\" content=\"image\/jpeg\" \/>\n<meta name=\"author\" content=\"Lorena Crosa\" \/>\n<meta name=\"twitter:card\" content=\"summary_large_image\" \/>\n<meta name=\"twitter:label1\" content=\"Escrit per\" \/>\n\t<meta name=\"twitter:data1\" content=\"Lorena Crosa\" \/>\n\t<meta name=\"twitter:label2\" content=\"Temps estimat de lectura\" \/>\n\t<meta name=\"twitter:data2\" content=\"3 minuts\" \/>\n<script type=\"application\/ld+json\" class=\"yoast-schema-graph\">{\"@context\":\"https:\\\/\\\/schema.org\",\"@graph\":[{\"@type\":\"Article\",\"@id\":\"https:\\\/\\\/www.ecoceutics.com\\\/ca\\\/respostes-de-salut\\\/salut\\\/candidiasi\\\/#article\",\"isPartOf\":{\"@id\":\"https:\\\/\\\/www.ecoceutics.com\\\/ca\\\/respostes-de-salut\\\/salut\\\/candidiasi\\\/\"},\"author\":{\"name\":\"Lorena Crosa\",\"@id\":\"https:\\\/\\\/www.ecoceutics.com\\\/ca\\\/#\\\/schema\\\/person\\\/1ea99343a86784e00a52c8744dfc7d83\"},\"headline\":\"Candidiasi: \u00bfPer qu\u00e8 apareix?\",\"datePublished\":\"2021-09-30T08:00:00+00:00\",\"dateModified\":\"2023-09-01T07:17:54+00:00\",\"mainEntityOfPage\":{\"@id\":\"https:\\\/\\\/www.ecoceutics.com\\\/ca\\\/respostes-de-salut\\\/salut\\\/candidiasi\\\/\"},\"wordCount\":635,\"commentCount\":0,\"publisher\":{\"@id\":\"https:\\\/\\\/www.ecoceutics.com\\\/ca\\\/#organization\"},\"image\":{\"@id\":\"https:\\\/\\\/www.ecoceutics.com\\\/ca\\\/respostes-de-salut\\\/salut\\\/candidiasi\\\/#primaryimage\"},\"thumbnailUrl\":\"https:\\\/\\\/www.ecoceutics.com\\\/wp-content\\\/uploads\\\/2021\\\/09\\\/foto_salut_candidiasis.jpg\",\"articleSection\":[\"Respostes de salut\",\"Salut\"],\"inLanguage\":\"ca\",\"potentialAction\":[{\"@type\":\"CommentAction\",\"name\":\"Comment\",\"target\":[\"https:\\\/\\\/www.ecoceutics.com\\\/ca\\\/respostes-de-salut\\\/salut\\\/candidiasi\\\/#respond\"]}]},{\"@type\":\"WebPage\",\"@id\":\"https:\\\/\\\/www.ecoceutics.com\\\/ca\\\/respostes-de-salut\\\/salut\\\/candidiasi\\\/\",\"url\":\"https:\\\/\\\/www.ecoceutics.com\\\/ca\\\/respostes-de-salut\\\/salut\\\/candidiasi\\\/\",\"name\":\"Candidiasi: Per qu\u00e8 apareix? | Farm\u00e0cies Ecoceutics\",\"isPartOf\":{\"@id\":\"https:\\\/\\\/www.ecoceutics.com\\\/ca\\\/#website\"},\"primaryImageOfPage\":{\"@id\":\"https:\\\/\\\/www.ecoceutics.com\\\/ca\\\/respostes-de-salut\\\/salut\\\/candidiasi\\\/#primaryimage\"},\"image\":{\"@id\":\"https:\\\/\\\/www.ecoceutics.com\\\/ca\\\/respostes-de-salut\\\/salut\\\/candidiasi\\\/#primaryimage\"},\"thumbnailUrl\":\"https:\\\/\\\/www.ecoceutics.com\\\/wp-content\\\/uploads\\\/2021\\\/09\\\/foto_salut_candidiasis.jpg\",\"datePublished\":\"2021-09-30T08:00:00+00:00\",\"dateModified\":\"2023-09-01T07:17:54+00:00\",\"description\":\"La candidiasi \u00e9s la infecci\u00f3 produida per fongs del g\u00e8nere C\u00e0ndida, que poden apar\u00e8ixer en m\u00e9s d'una zona del cos hum\u00e0.\",\"breadcrumb\":{\"@id\":\"https:\\\/\\\/www.ecoceutics.com\\\/ca\\\/respostes-de-salut\\\/salut\\\/candidiasi\\\/#breadcrumb\"},\"inLanguage\":\"ca\",\"potentialAction\":[{\"@type\":\"ReadAction\",\"target\":[\"https:\\\/\\\/www.ecoceutics.com\\\/ca\\\/respostes-de-salut\\\/salut\\\/candidiasi\\\/\"]}]},{\"@type\":\"ImageObject\",\"inLanguage\":\"ca\",\"@id\":\"https:\\\/\\\/www.ecoceutics.com\\\/ca\\\/respostes-de-salut\\\/salut\\\/candidiasi\\\/#primaryimage\",\"url\":\"https:\\\/\\\/www.ecoceutics.com\\\/wp-content\\\/uploads\\\/2021\\\/09\\\/foto_salut_candidiasis.jpg\",\"contentUrl\":\"https:\\\/\\\/www.ecoceutics.com\\\/wp-content\\\/uploads\\\/2021\\\/09\\\/foto_salut_candidiasis.jpg\",\"width\":720,\"height\":400},{\"@type\":\"BreadcrumbList\",\"@id\":\"https:\\\/\\\/www.ecoceutics.com\\\/ca\\\/respostes-de-salut\\\/salut\\\/candidiasi\\\/#breadcrumb\",\"itemListElement\":[{\"@type\":\"ListItem\",\"position\":1,\"name\":\"Portada\",\"item\":\"https:\\\/\\\/www.ecoceutics.com\\\/ca\\\/\"},{\"@type\":\"ListItem\",\"position\":2,\"name\":\"Candidiasi: \u00bfPer qu\u00e8 apareix?\"}]},{\"@type\":\"WebSite\",\"@id\":\"https:\\\/\\\/www.ecoceutics.com\\\/ca\\\/#website\",\"url\":\"https:\\\/\\\/www.ecoceutics.com\\\/ca\\\/\",\"name\":\"ecoceutics\",\"description\":\"Primera red de farmacias independientes bajo una marca\",\"publisher\":{\"@id\":\"https:\\\/\\\/www.ecoceutics.com\\\/ca\\\/#organization\"},\"potentialAction\":[{\"@type\":\"SearchAction\",\"target\":{\"@type\":\"EntryPoint\",\"urlTemplate\":\"https:\\\/\\\/www.ecoceutics.com\\\/ca\\\/?s={search_term_string}\"},\"query-input\":{\"@type\":\"PropertyValueSpecification\",\"valueRequired\":true,\"valueName\":\"search_term_string\"}}],\"inLanguage\":\"ca\"},{\"@type\":\"Organization\",\"@id\":\"https:\\\/\\\/www.ecoceutics.com\\\/ca\\\/#organization\",\"name\":\"Ecoceutics\",\"url\":\"https:\\\/\\\/www.ecoceutics.com\\\/ca\\\/\",\"logo\":{\"@type\":\"ImageObject\",\"inLanguage\":\"ca\",\"@id\":\"https:\\\/\\\/www.ecoceutics.com\\\/ca\\\/#\\\/schema\\\/logo\\\/image\\\/\",\"url\":\"https:\\\/\\\/www.ecoceutics.com\\\/wp-content\\\/uploads\\\/2022\\\/02\\\/Logo-Ecoceutics-SVG-01-1.svg\",\"contentUrl\":\"https:\\\/\\\/www.ecoceutics.com\\\/wp-content\\\/uploads\\\/2022\\\/02\\\/Logo-Ecoceutics-SVG-01-1.svg\",\"width\":232,\"height\":68,\"caption\":\"Ecoceutics\"},\"image\":{\"@id\":\"https:\\\/\\\/www.ecoceutics.com\\\/ca\\\/#\\\/schema\\\/logo\\\/image\\\/\"}},{\"@type\":\"Person\",\"@id\":\"https:\\\/\\\/www.ecoceutics.com\\\/ca\\\/#\\\/schema\\\/person\\\/1ea99343a86784e00a52c8744dfc7d83\",\"name\":\"Lorena Crosa\",\"image\":{\"@type\":\"ImageObject\",\"inLanguage\":\"ca\",\"@id\":\"https:\\\/\\\/www.ecoceutics.com\\\/wp-content\\\/uploads\\\/2024\\\/03\\\/Lorena-Crosa-100x100.jpg\",\"url\":\"https:\\\/\\\/www.ecoceutics.com\\\/wp-content\\\/uploads\\\/2024\\\/03\\\/Lorena-Crosa-100x100.jpg\",\"contentUrl\":\"https:\\\/\\\/www.ecoceutics.com\\\/wp-content\\\/uploads\\\/2024\\\/03\\\/Lorena-Crosa-100x100.jpg\",\"caption\":\"Lorena Crosa\"}}]}<\/script>\n<!-- \/ Yoast SEO plugin. -->","yoast_head_json":{"title":"Candidiasi: Per qu\u00e8 apareix? | Farm\u00e0cies Ecoceutics","description":"La candidiasi \u00e9s la infecci\u00f3 produida per fongs del g\u00e8nere C\u00e0ndida, que poden apar\u00e8ixer en m\u00e9s d'una zona del cos hum\u00e0.","robots":{"index":"index","follow":"follow","max-snippet":"max-snippet:-1","max-image-preview":"max-image-preview:large","max-video-preview":"max-video-preview:-1"},"canonical":"https:\/\/www.ecoceutics.com\/ca\/respostes-de-salut\/salut\/candidiasi\/","og_locale":"ca_ES","og_type":"article","og_title":"Candidiasi: Per qu\u00e8 apareix? | Farm\u00e0cies Ecoceutics","og_description":"La candidiasi \u00e9s la infecci\u00f3 produida per fongs del g\u00e8nere C\u00e0ndida, que poden apar\u00e8ixer en m\u00e9s d'una zona del cos hum\u00e0.","og_url":"https:\/\/www.ecoceutics.com\/ca\/respostes-de-salut\/salut\/candidiasi\/","og_site_name":"ecoceutics","article_published_time":"2021-09-30T08:00:00+00:00","article_modified_time":"2023-09-01T07:17:54+00:00","og_image":[{"width":720,"height":400,"url":"https:\/\/www.ecoceutics.com\/wp-content\/uploads\/2021\/09\/foto_salut_candidiasis.jpg","type":"image\/jpeg"}],"author":"Lorena Crosa","twitter_card":"summary_large_image","twitter_misc":{"Escrit per":"Lorena Crosa","Temps estimat de lectura":"3 minuts"},"schema":{"@context":"https:\/\/schema.org","@graph":[{"@type":"Article","@id":"https:\/\/www.ecoceutics.com\/ca\/respostes-de-salut\/salut\/candidiasi\/#article","isPartOf":{"@id":"https:\/\/www.ecoceutics.com\/ca\/respostes-de-salut\/salut\/candidiasi\/"},"author":{"name":"Lorena Crosa","@id":"https:\/\/www.ecoceutics.com\/ca\/#\/schema\/person\/1ea99343a86784e00a52c8744dfc7d83"},"headline":"Candidiasi: \u00bfPer qu\u00e8 apareix?","datePublished":"2021-09-30T08:00:00+00:00","dateModified":"2023-09-01T07:17:54+00:00","mainEntityOfPage":{"@id":"https:\/\/www.ecoceutics.com\/ca\/respostes-de-salut\/salut\/candidiasi\/"},"wordCount":635,"commentCount":0,"publisher":{"@id":"https:\/\/www.ecoceutics.com\/ca\/#organization"},"image":{"@id":"https:\/\/www.ecoceutics.com\/ca\/respostes-de-salut\/salut\/candidiasi\/#primaryimage"},"thumbnailUrl":"https:\/\/www.ecoceutics.com\/wp-content\/uploads\/2021\/09\/foto_salut_candidiasis.jpg","articleSection":["Respostes de salut","Salut"],"inLanguage":"ca","potentialAction":[{"@type":"CommentAction","name":"Comment","target":["https:\/\/www.ecoceutics.com\/ca\/respostes-de-salut\/salut\/candidiasi\/#respond"]}]},{"@type":"WebPage","@id":"https:\/\/www.ecoceutics.com\/ca\/respostes-de-salut\/salut\/candidiasi\/","url":"https:\/\/www.ecoceutics.com\/ca\/respostes-de-salut\/salut\/candidiasi\/","name":"Candidiasi: Per qu\u00e8 apareix? | Farm\u00e0cies Ecoceutics","isPartOf":{"@id":"https:\/\/www.ecoceutics.com\/ca\/#website"},"primaryImageOfPage":{"@id":"https:\/\/www.ecoceutics.com\/ca\/respostes-de-salut\/salut\/candidiasi\/#primaryimage"},"image":{"@id":"https:\/\/www.ecoceutics.com\/ca\/respostes-de-salut\/salut\/candidiasi\/#primaryimage"},"thumbnailUrl":"https:\/\/www.ecoceutics.com\/wp-content\/uploads\/2021\/09\/foto_salut_candidiasis.jpg","datePublished":"2021-09-30T08:00:00+00:00","dateModified":"2023-09-01T07:17:54+00:00","description":"La candidiasi \u00e9s la infecci\u00f3 produida per fongs del g\u00e8nere C\u00e0ndida, que poden apar\u00e8ixer en m\u00e9s d'una zona del cos hum\u00e0.","breadcrumb":{"@id":"https:\/\/www.ecoceutics.com\/ca\/respostes-de-salut\/salut\/candidiasi\/#breadcrumb"},"inLanguage":"ca","potentialAction":[{"@type":"ReadAction","target":["https:\/\/www.ecoceutics.com\/ca\/respostes-de-salut\/salut\/candidiasi\/"]}]},{"@type":"ImageObject","inLanguage":"ca","@id":"https:\/\/www.ecoceutics.com\/ca\/respostes-de-salut\/salut\/candidiasi\/#primaryimage","url":"https:\/\/www.ecoceutics.com\/wp-content\/uploads\/2021\/09\/foto_salut_candidiasis.jpg","contentUrl":"https:\/\/www.ecoceutics.com\/wp-content\/uploads\/2021\/09\/foto_salut_candidiasis.jpg","width":720,"height":400},{"@type":"BreadcrumbList","@id":"https:\/\/www.ecoceutics.com\/ca\/respostes-de-salut\/salut\/candidiasi\/#breadcrumb","itemListElement":[{"@type":"ListItem","position":1,"name":"Portada","item":"https:\/\/www.ecoceutics.com\/ca\/"},{"@type":"ListItem","position":2,"name":"Candidiasi: \u00bfPer qu\u00e8 apareix?"}]},{"@type":"WebSite","@id":"https:\/\/www.ecoceutics.com\/ca\/#website","url":"https:\/\/www.ecoceutics.com\/ca\/","name":"ecoceutics","description":"Primera red de farmacias independientes bajo una marca","publisher":{"@id":"https:\/\/www.ecoceutics.com\/ca\/#organization"},"potentialAction":[{"@type":"SearchAction","target":{"@type":"EntryPoint","urlTemplate":"https:\/\/www.ecoceutics.com\/ca\/?s={search_term_string}"},"query-input":{"@type":"PropertyValueSpecification","valueRequired":true,"valueName":"search_term_string"}}],"inLanguage":"ca"},{"@type":"Organization","@id":"https:\/\/www.ecoceutics.com\/ca\/#organization","name":"Ecoceutics","url":"https:\/\/www.ecoceutics.com\/ca\/","logo":{"@type":"ImageObject","inLanguage":"ca","@id":"https:\/\/www.ecoceutics.com\/ca\/#\/schema\/logo\/image\/","url":"https:\/\/www.ecoceutics.com\/wp-content\/uploads\/2022\/02\/Logo-Ecoceutics-SVG-01-1.svg","contentUrl":"https:\/\/www.ecoceutics.com\/wp-content\/uploads\/2022\/02\/Logo-Ecoceutics-SVG-01-1.svg","width":232,"height":68,"caption":"Ecoceutics"},"image":{"@id":"https:\/\/www.ecoceutics.com\/ca\/#\/schema\/logo\/image\/"}},{"@type":"Person","@id":"https:\/\/www.ecoceutics.com\/ca\/#\/schema\/person\/1ea99343a86784e00a52c8744dfc7d83","name":"Lorena Crosa","image":{"@type":"ImageObject","inLanguage":"ca","@id":"https:\/\/www.ecoceutics.com\/wp-content\/uploads\/2024\/03\/Lorena-Crosa-100x100.jpg","url":"https:\/\/www.ecoceutics.com\/wp-content\/uploads\/2024\/03\/Lorena-Crosa-100x100.jpg","contentUrl":"https:\/\/www.ecoceutics.com\/wp-content\/uploads\/2024\/03\/Lorena-Crosa-100x100.jpg","caption":"Lorena Crosa"}}]}},"_links":{"self":[{"href":"https:\/\/www.ecoceutics.com\/ca\/wp-json\/wp\/v2\/posts\/19729","targetHints":{"allow":["GET"]}}],"collection":[{"href":"https:\/\/www.ecoceutics.com\/ca\/wp-json\/wp\/v2\/posts"}],"about":[{"href":"https:\/\/www.ecoceutics.com\/ca\/wp-json\/wp\/v2\/types\/post"}],"author":[{"embeddable":true,"href":"https:\/\/www.ecoceutics.com\/ca\/wp-json\/wp\/v2\/users\/4"}],"replies":[{"embeddable":true,"href":"https:\/\/www.ecoceutics.com\/ca\/wp-json\/wp\/v2\/comments?post=19729"}],"version-history":[{"count":0,"href":"https:\/\/www.ecoceutics.com\/ca\/wp-json\/wp\/v2\/posts\/19729\/revisions"}],"wp:featuredmedia":[{"embeddable":true,"href":"https:\/\/www.ecoceutics.com\/ca\/wp-json\/wp\/v2\/media\/19727"}],"wp:attachment":[{"href":"https:\/\/www.ecoceutics.com\/ca\/wp-json\/wp\/v2\/media?parent=19729"}],"wp:term":[{"taxonomy":"category","embeddable":true,"href":"https:\/\/www.ecoceutics.com\/ca\/wp-json\/wp\/v2\/categories?post=19729"},{"taxonomy":"post_tag","embeddable":true,"href":"https:\/\/www.ecoceutics.com\/ca\/wp-json\/wp\/v2\/tags?post=19729"}],"curies":[{"name":"wp","href":"https:\/\/api.w.org\/{rel}","templated":true}]}}