{"id":20700,"date":"2021-10-14T10:00:00","date_gmt":"2021-10-14T08:00:00","guid":{"rendered":"https:\/\/www.ecoceutics.com\/?p=20700"},"modified":"2021-12-07T16:59:53","modified_gmt":"2021-12-07T15:59:53","slug":"acid-salicilic","status":"publish","type":"post","link":"https:\/\/www.ecoceutics.com\/ca\/respostes-de-salut\/vitamines\/acid-salicilic\/","title":{"rendered":"L&#8217;\u00e0cid salic\u00edlic"},"content":{"rendered":"\n<p>L&#8217;\u00e0cid salic\u00edlic \u00e9s una mol\u00e8cula d&#8217;origen natural present en l&#8217;escor\u00e7a dels salzes, particularment el salze blanc (Salix&nbsp;alba). \u00c9s un \u00e0cid org\u00e0nic molt soluble en oli i alcohol, amb propietats antiinflamat\u00f2ries, queratol\u00edtiques i antibacterianes. \u00c9s un producte molt vers\u00e0til, \u00fatil tant en cremes analg\u00e8siques com en s\u00e8rums per a pell grassa. Et convidem a saber m\u00e9s sobre l&#8217;origen, la s\u00edntesi i la utilitat de l&#8217;\u00e0cid salic\u00edlic llegint aquest article.<\/p>\n\n\n\n<div id=\"ez-toc-container\" class=\"ez-toc-v2_0_82_2 counter-hierarchy ez-toc-counter ez-toc-custom ez-toc-container-direction\">\n<div class=\"ez-toc-title-container\">\n<p class=\"ez-toc-title\" style=\"cursor:inherit\">Contenido de la p\u00e1gina<\/p>\n<span class=\"ez-toc-title-toggle\"><a href=\"#\" class=\"ez-toc-pull-right ez-toc-btn ez-toc-btn-xs ez-toc-btn-default ez-toc-toggle\" aria-label=\"Toggle Table of Content\"><span class=\"ez-toc-js-icon-con\"><span class=\"\"><span class=\"eztoc-hide\" style=\"display:none;\">Toggle<\/span><span class=\"ez-toc-icon-toggle-span\"><svg style=\"fill: #333333;color:#333333\" xmlns=\"http:\/\/www.w3.org\/2000\/svg\" class=\"list-377408\" width=\"20px\" height=\"20px\" viewBox=\"0 0 24 24\" fill=\"none\"><path d=\"M6 6H4v2h2V6zm14 0H8v2h12V6zM4 11h2v2H4v-2zm16 0H8v2h12v-2zM4 16h2v2H4v-2zm16 0H8v2h12v-2z\" fill=\"currentColor\"><\/path><\/svg><svg style=\"fill: #333333;color:#333333\" class=\"arrow-unsorted-368013\" xmlns=\"http:\/\/www.w3.org\/2000\/svg\" width=\"10px\" height=\"10px\" viewBox=\"0 0 24 24\" version=\"1.2\" baseProfile=\"tiny\"><path d=\"M18.2 9.3l-6.2-6.3-6.2 6.3c-.2.2-.3.4-.3.7s.1.5.3.7c.2.2.4.3.7.3h11c.3 0 .5-.1.7-.3.2-.2.3-.5.3-.7s-.1-.5-.3-.7zM5.8 14.7l6.2 6.3 6.2-6.3c.2-.2.3-.5.3-.7s-.1-.5-.3-.7c-.2-.2-.4-.3-.7-.3h-11c-.3 0-.5.1-.7.3-.2.2-.3.5-.3.7s.1.5.3.7z\"\/><\/svg><\/span><\/span><\/span><\/a><\/span><\/div>\n<nav><ul class='ez-toc-list ez-toc-list-level-1 ' ><li class='ez-toc-page-1 ez-toc-heading-level-2'><a class=\"ez-toc-link ez-toc-heading-1\" href=\"https:\/\/www.ecoceutics.com\/ca\/respostes-de-salut\/vitamines\/acid-salicilic\/#que-es-exactament-lacid-salicilic\" >Qu\u00e8 \u00e9s exactament l&#8217;\u00e0cid salic\u00edlic?<\/a><\/li><li class='ez-toc-page-1 ez-toc-heading-level-2'><a class=\"ez-toc-link ez-toc-heading-2\" href=\"https:\/\/www.ecoceutics.com\/ca\/respostes-de-salut\/vitamines\/acid-salicilic\/#per-a-que-serveix-lacid-salicilic\" >Per a qu\u00e8 serveix l&#8217;\u00e0cid salic\u00edlic?<\/a><\/li><li class='ez-toc-page-1 ez-toc-heading-level-2'><a class=\"ez-toc-link ez-toc-heading-3\" href=\"https:\/\/www.ecoceutics.com\/ca\/respostes-de-salut\/vitamines\/acid-salicilic\/#lacid-salicilic-com-antibacteria\" >L&#8217;\u00e0cid salic\u00edlic com antibacteri\u00e0.<\/a><\/li><li class='ez-toc-page-1 ez-toc-heading-level-2'><a class=\"ez-toc-link ez-toc-heading-4\" href=\"https:\/\/www.ecoceutics.com\/ca\/respostes-de-salut\/vitamines\/acid-salicilic\/#lacid-salicilic-com-desmolitic-i-exfoliant\" >L&#8217;\u00e0cid salic\u00edlic com\u00a0desmol\u00edtic\u00a0i exfoliant.<\/a><\/li><li class='ez-toc-page-1 ez-toc-heading-level-2'><a class=\"ez-toc-link ez-toc-heading-5\" href=\"https:\/\/www.ecoceutics.com\/ca\/respostes-de-salut\/vitamines\/acid-salicilic\/#lacid-salicilic-com-a-antiinflamatori\" >L&#8217;\u00e0cid salic\u00edlic com a antiinflamatori.<\/a><\/li><li class='ez-toc-page-1 ez-toc-heading-level-2'><a class=\"ez-toc-link ez-toc-heading-6\" href=\"https:\/\/www.ecoceutics.com\/ca\/respostes-de-salut\/vitamines\/acid-salicilic\/#vull-un-producte-de-bellesa-amb-acid-salicilic-quin-triar\" >Vull un producte de bellesa amb \u00e0cid salic\u00edlic. Quin triar?<\/a><\/li><\/ul><\/nav><\/div>\n<h2 class=\"wp-block-heading\"><span class=\"ez-toc-section\" id=\"que-es-exactament-lacid-salicilic\"><\/span>Qu\u00e8 \u00e9s exactament l&#8217;\u00e0cid salic\u00edlic?<span class=\"ez-toc-section-end\"><\/span><\/h2>\n\n\n\n<p>L&#8217;\u00e0cid salic\u00edlic \u00e9s una mol\u00e8cula org\u00e0nica petita, un \u00e0cid de la fam\u00edlia\u00a0dels beta-hidroxi-\u00e0cids. La part &#8220;beta-hidroxi&#8221; de la mol\u00e8cula fa que l&#8217;\u00e0cid salic\u00edlic sigui un excel\u00b7lent \u00e0cid, capa\u00e7 de reaccionar amb moltes mol\u00e8cules. La mol\u00e8cula d&#8217;\u00e0cid salic\u00edlic tamb\u00e9 t\u00e9 una zona que \u00e9s molt lipof\u00edlica, \u00e9s a dir, molt af\u00ed als olis i els greixos. Aquesta zona lipof\u00edlica li permet interactuar amb la pell, particularment amb la pell grassa, d&#8217;una manera tal que altres \u00e0cids org\u00e0nics com el glic\u00f2lic o el mand\u00e8lic no poden imitar.<br><br>Coneixem algunes de les seves propietats des de fa milers d&#8217;anys: ja el gran Hip\u00f2crates va descriure l&#8217;escor\u00e7a de salze com un bon remei per al dolor i la febre, mastegada o en infusi\u00f3. Vam haver d&#8217;esperar fins a 1928 perqu\u00e8 s&#8217;identifiqu\u00e9s a l&#8217;\u00e0cid salic\u00edlic com el compost actiu de l&#8217;escor\u00e7a de salze. I la primera s\u00edntesi qu\u00edmica es va realitzar en 1859, donant peu als desenvolupaments que permetrien la s\u00edntesi de l&#8217;\u00e0cid acetilsalic\u00edlic (nom comercial de l&#8217;Aspirina) a finals del segle XIX.<\/p>\n\n\n\n<h2 class=\"wp-block-heading\"><span class=\"ez-toc-section\" id=\"per-a-que-serveix-lacid-salicilic\"><\/span>Per a qu\u00e8 serveix l&#8217;\u00e0cid salic\u00edlic?<span class=\"ez-toc-section-end\"><\/span><\/h2>\n\n\n\n<p>L&#8217;\u00e0cid salic\u00edlic \u00e9s molt vers\u00e0til:<\/p>\n\n\n\n<ul class=\"wp-block-list\"><li>\u00c9s antibacteri\u00e0 i fungicida.<\/li><li>\u00c9s\u00a0desmol\u00edtic. Abans anomenat queratol\u00edtic, perqu\u00e8 es pensava que trencava la queratina, avui se&#8217;n diu\u00a0desmol\u00edtic\u00a0perqu\u00e8 es va descobrir que trenca desmosomes, \u00e9s a dir, unions entre c\u00e8l\u00b7lules de la pell.<\/li><li>\u00c9s antiinflamatori. S&#8217;ha proposat que l&#8217;\u00e0cid salic\u00edlic exerceix la seva acci\u00f3 antiinflamat\u00f2ria a trav\u00e9s de la inhibici\u00f3 de l&#8217;enzim COIX (un mecanisme similar al de l&#8217;ibuprof\u00e8n) i a trav\u00e9s de la inhibici\u00f3 de la s\u00edntesi de prote\u00efnes que estan involucrades en les vies de la inflamaci\u00f3 (&#8220;inhibici\u00f3 del factor nuclear kappa B&#8221;).<\/li><\/ul>\n\n\n\n<p>Aquestes tres propietats fan que ho vegem en m\u00e9s d&#8217;un producte complint diferents funcions.<\/p>\n\n\n\n<h2 class=\"wp-block-heading\"><span class=\"ez-toc-section\" id=\"lacid-salicilic-com-antibacteria\"><\/span>L&#8217;\u00e0cid salic\u00edlic com antibacteri\u00e0.<span class=\"ez-toc-section-end\"><\/span><\/h2>\n\n\n\n<p>L&#8217;activitat antibacteriana de l&#8217;\u00e0cid salic\u00edlic s&#8217;aprofita en cosm\u00e8tics, aliments i medicaments per a preservar el producte. Es considera un producte segur per a aquest \u00fas, tant ingerit com aplicat en la pell. S&#8217;usa en concentracions molt baixetes, per aquest motiu pots veure-ho en una gran quantitat de productes cosm\u00e8tics llistats en l&#8217;etiqueta entre els ingredients finals, \u00e9s a dir, entre els que estan en menor concentraci\u00f3.<\/p>\n\n\n\n<h2 class=\"wp-block-heading\"><span class=\"ez-toc-section\" id=\"lacid-salicilic-com-desmolitic-i-exfoliant\"><\/span>L&#8217;\u00e0cid salic\u00edlic com\u00a0desmol\u00edtic\u00a0i exfoliant.<span class=\"ez-toc-section-end\"><\/span><\/h2>\n\n\n\n<p>L&#8217;\u00e0cid salic\u00edlic interactua amb les diferents mol\u00e8cules de la pell de m\u00e9s d&#8217;una manera:<\/p>\n\n\n\n<ul class=\"wp-block-list\"><li>Trenca desmosomes, \u00e9s a dir, trenca les estructures que uneixen les c\u00e8l\u00b7lules entre si. Aix\u00f2 permet que les c\u00e8l\u00b7lules se separin de l&#8217;epidermis i s&#8217;eliminin amb la higiene b\u00e0sica o amb una lleugera exfoliaci\u00f3 f\u00edsica.<\/li><li>Trenca unions moleculars com la dels \u00e0cids grassos amb la resta de la pell. A l&#8217;\u00e9sser una mol\u00e8cula petita i lipof\u00edlica penetra molt b\u00e9 les diferents capes de c\u00e8l\u00b7lules, aix\u00ed com el greix natural que tenim en la pell. Una vegada en el mitj\u00e0 oli\u00f3s \u00e9s capa\u00e7 de trencar la uni\u00f3 dels olis a la pell amb facilitat.<\/li><li>Respecta les capes m\u00e9s profundes de la pell. Esperar\u00edem que un \u00e0cid que &#8220;es carrega&#8221; unions entre c\u00e8l\u00b7lules i unions entre l\u00edpids de la pell fos molt destructiu per a la pell, per\u00f2, curiosament, nom\u00e9s danya la capa m\u00e9s externa i respecta altres estructures m\u00e9s profundes de la pell.<\/li><li>L&#8217;\u00e0cid salic\u00edlic s&#8217;utilitza en moltes condicions en les quals ens interessa que es perdin capes de c\u00e8l\u00b7lules en la capa c\u00f2rnia:<\/li><li>\u00c9s un producte estrella per a pell grassa. Per qu\u00e8? D&#8217;una banda, perqu\u00e8 en facilitar l&#8217;exfoliaci\u00f3 de c\u00e8l\u00b7lules evita que s&#8217;obstrueixin els porus. D&#8217;altra banda \u00e9s capa\u00e7 d&#8217;entrar al mitj\u00e0 oli\u00f3s dels barbs (nom cl\u00ednic dels granets) i ajudar a que es desprenguin les c\u00e8l\u00b7lules i els l\u00edpids del barb, facilitant l&#8217;eliminaci\u00f3 del contingut. Aix\u00f2 no ho poden fer altres \u00e0cids org\u00e0nics, perqu\u00e8 no tenen la part lipof\u00edlica que s\u00ed que t\u00e9 l&#8217;\u00e0cid salic\u00edlic. Entre l&#8217;exfoliaci\u00f3 de c\u00e8l\u00b7lules i el despreniment del greix l&#8217;\u00e0cid salic\u00edlic \u00e9s capa\u00e7 de canviar not\u00f2riament l&#8217;aspecte de la pell acneica.<\/li><li>\u00c9s\u00a0super\u00fatil\u00a0per a estovar calls i dureses de la pell, ja que facilita l&#8217;eliminaci\u00f3 de les capes m\u00e9s endurides i resseques de la pell.<\/li><li>S&#8217;aplica en berrugues, perqu\u00e8 ajuda a eliminar les c\u00e8l\u00b7lules que hi ha en aquests creixements excessius de la pell.<\/li><li>S&#8217;afegeix a plaques de psoriasis per a estovar-les i facilitar l&#8217;absorci\u00f3 d&#8217;altres medicaments.<\/li><li>En xamp\u00fas dissenyats per a caspa, psoriasis o dermatitis facilita la descamaci\u00f3 i la higiene del cuir cabellut.<\/li><\/ul>\n\n\n\n<p>Les concentracions varien en cada cas, podent arribar fins a un 40%. Els cosm\u00e8tics que es deixen en la pell (cremes, s\u00e8rums) tenen com a l\u00edmit un 2% d&#8217;\u00e0cid salic\u00edlic, mentre que els que s&#8217;aclareixen (xamp\u00fas) poden utilitzar fins a un 3%. Per a utilitzar concentracions m\u00e9s altes, com pot ser un 16% de col\u00b7lodi\u00f3 per a berrugues o un 40% de vaselina salic\u00edlica per a calls, els productes han de ser comercialitzats com a medicaments o productes sanitaris.<br>Les diferents f\u00f3rmules no nom\u00e9s inclouen la concentraci\u00f3 adequada per a cada \u00fas que es desitja donar; a m\u00e9s es dissenya el vehicle que millor s&#8217;adapta a cada cas. A l&#8217;hora d&#8217;aplicar un producte amb \u00e0cid salic\u00edlic segueix estrictament les instruccions del prospecte, ja que pot irritar la pell normal.<\/p>\n\n\n\n<h2 class=\"wp-block-heading\"><span class=\"ez-toc-section\" id=\"lacid-salicilic-com-a-antiinflamatori\"><\/span>L&#8217;\u00e0cid salic\u00edlic com a antiinflamatori.<span class=\"ez-toc-section-end\"><\/span><\/h2>\n\n\n\n<p>Les propietats antiinflamat\u00f2ries de l&#8217;\u00e0cid salic\u00edlic s&#8217;aprofiten de m\u00e9s d&#8217;una manera:<\/p>\n\n\n\n<ul class=\"wp-block-list\"><li>En productes antiinflamatoris per al dolor.\u00a0Radiosalil\u00a0o\u00a0Termosan\u00a0pasta cut\u00e0nia contenen \u00e0cid salic\u00edlic en la seva composici\u00f3.<\/li><li>Com antiacneic. La via inflamat\u00f2ria del factor nuclear Kappa comentada anteriorment est\u00e0 involucrada en la inflamaci\u00f3 de l&#8217;acne. Per aquest motiu l&#8217;\u00e0cid salic\u00edlic \u00e9s tan bo per a l&#8217;acne: no nom\u00e9s exfolia i despr\u00e8n el barb, sin\u00f3 que tamb\u00e9 bloqueja la inflamaci\u00f3 associada a l&#8217;acne.<\/li><\/ul>\n\n\n\n<p>Amb l&#8217;auge del natural s&#8217;ha tornat a utilitzar l&#8217;escor\u00e7a de salze blanc com a analg\u00e8sic, per\u00f2 en aquest cas no \u00e9s nom\u00e9s l&#8217;\u00e0cid salic\u00edlic el producte antiinflamatori. Avui sabem que altres mol\u00e8cules que acompanyen a l&#8217;\u00e0cid salic\u00edlic en l&#8217;escor\u00e7a de salze tamb\u00e9 s\u00f3n part de l&#8217;acci\u00f3 antiinflamat\u00f2ria.<\/p>\n\n\n\n<h2 class=\"wp-block-heading\"><span class=\"ez-toc-section\" id=\"vull-un-producte-de-bellesa-amb-acid-salicilic-quin-triar\"><\/span>Vull un producte de bellesa amb \u00e0cid salic\u00edlic. Quin triar?<span class=\"ez-toc-section-end\"><\/span><\/h2>\n\n\n\n<p>Els productes d&#8217;una rutina de bellesa no solament han de portar un o diversos principis actius: tamb\u00e9 hem de considerar la concentraci\u00f3 en qu\u00e8 la porten i la f\u00f3rmula completa. Per exemple, encara que el\u00a0Radiosalil\u00a0i la m\u00e0scara facial de la marca\u00a0The\u00a0Ordinary\u00a0porten tots dos un 2% d&#8217;\u00e0cid salic\u00edlic, no podr\u00edem intercanviar el seu \u00fas: un est\u00e0 pensat per a alleujar dolor i combina diversos analg\u00e8sics en una crema sense \u00fas cosm\u00e8tic, mentre que l&#8217;altre est\u00e0 pensat per a aplicar en el rostre i controlar l&#8217;acne.<br><\/p>\n\n\n\n<p>Dins dels productes de bellesa amb \u00e0cid salic\u00edlic trobem una \u00e0mplia varietat: productes que nom\u00e9s porten un 2% de salic\u00edlic en alcohol, amb el que s\u00f3n altament irritants, mentre que uns altres s\u00f3n cremes amb productes calmants o amb el salic\u00edlic vehiculat de tal manera que irrita menys&#8230; no tots els productes s\u00f3n iguals, ni totes les pells grasses accepten les diferents formulacions de la mateixa manera. Si desitges provar productes amb \u00e0cid salic\u00edlic, comen\u00e7a amb concentracions baixes i formulades amb productes calmants o&nbsp;antiirritants, per a pujar la concentraci\u00f3 quan la pell s&#8217;hagi acostumat al producte. Pots demanar consell en la teva farm\u00e0cia de confian\u00e7a: explica&#8217;ls com \u00e9s la teva pell, qu\u00e8 utilitzes ara i quins beneficis vols obtenir afegint \u00e0cid salic\u00edlic a la teva rutina, que all\u00ed sabran indicar-te quin \u00e9s el producte que millor s&#8217;adapta a les teves necessitats.<\/p>\n","protected":false},"excerpt":{"rendered":"<p>L&#8217;\u00e0cid salic\u00edlic \u00e9s una mol\u00e8cula d&#8217;origen natural present en l&#8217;escor\u00e7a dels salzes, particularment el salze blanc (Salix&nbsp;alba). \u00c9s un \u00e0cid org\u00e0nic molt soluble en oli i alcohol, amb propietats antiinflamat\u00f2ries, queratol\u00edtiques i antibacterianes. \u00c9s un producte molt vers\u00e0til, \u00fatil tant en cremes analg\u00e8siques com en s\u00e8rums per a pell grassa. Et convidem a saber m\u00e9s [&hellip;]<\/p>\n","protected":false},"author":4,"featured_media":20697,"comment_status":"open","ping_status":"open","sticky":false,"template":"","format":"standard","meta":{"_acf_changed":false,"inline_featured_image":false,"_mbp_gutenberg_autopost":false,"footnotes":""},"categories":[4,59],"tags":[],"class_list":["post-20700","post","type-post","status-publish","format-standard","has-post-thumbnail","hentry","category-respostes-de-salut","category-vitamines"],"acf":[],"yoast_head":"<!-- This site is optimized with the Yoast SEO plugin v27.5 - https:\/\/yoast.com\/product\/yoast-seo-wordpress\/ -->\n<title>L&#039;\u00e0cid salic\u00edlic | Farm\u00e0cies Ecoceutics<\/title>\n<meta name=\"description\" content=\"L&#039;\u00e0cid salic\u00edlic \u00e9s un producte molt vers\u00e0til, \u00fatil tant en cremes analg\u00e8siques com en s\u00e8rums per a la pell grassa.\" \/>\n<meta name=\"robots\" content=\"index, follow, max-snippet:-1, max-image-preview:large, max-video-preview:-1\" \/>\n<link rel=\"canonical\" href=\"https:\/\/www.ecoceutics.com\/ca\/respostes-de-salut\/vitamines\/acid-salicilic\/\" \/>\n<meta property=\"og:locale\" content=\"ca_ES\" \/>\n<meta property=\"og:type\" content=\"article\" \/>\n<meta property=\"og:title\" content=\"L&#039;\u00e0cid salic\u00edlic | Farm\u00e0cies Ecoceutics\" \/>\n<meta property=\"og:description\" content=\"L&#039;\u00e0cid salic\u00edlic \u00e9s un producte molt vers\u00e0til, \u00fatil tant en cremes analg\u00e8siques com en s\u00e8rums per a la pell grassa.\" \/>\n<meta property=\"og:url\" content=\"https:\/\/www.ecoceutics.com\/ca\/respostes-de-salut\/vitamines\/acid-salicilic\/\" \/>\n<meta property=\"og:site_name\" content=\"ecoceutics\" \/>\n<meta property=\"article:published_time\" content=\"2021-10-14T08:00:00+00:00\" \/>\n<meta property=\"article:modified_time\" content=\"2021-12-07T15:59:53+00:00\" \/>\n<meta property=\"og:image\" content=\"https:\/\/www.ecoceutics.com\/wp-content\/uploads\/2021\/10\/Foto_acido-salicilico.jpg\" \/>\n\t<meta property=\"og:image:width\" content=\"720\" \/>\n\t<meta property=\"og:image:height\" content=\"400\" \/>\n\t<meta property=\"og:image:type\" content=\"image\/jpeg\" \/>\n<meta name=\"author\" content=\"Lorena Crosa\" \/>\n<meta name=\"twitter:card\" content=\"summary_large_image\" \/>\n<meta name=\"twitter:label1\" content=\"Escrit per\" \/>\n\t<meta name=\"twitter:data1\" content=\"Lorena Crosa\" \/>\n\t<meta name=\"twitter:label2\" content=\"Temps estimat de lectura\" \/>\n\t<meta name=\"twitter:data2\" content=\"6 minuts\" \/>\n<script type=\"application\/ld+json\" class=\"yoast-schema-graph\">{\"@context\":\"https:\\\/\\\/schema.org\",\"@graph\":[{\"@type\":\"Article\",\"@id\":\"https:\\\/\\\/www.ecoceutics.com\\\/ca\\\/respostes-de-salut\\\/vitamines\\\/acid-salicilic\\\/#article\",\"isPartOf\":{\"@id\":\"https:\\\/\\\/www.ecoceutics.com\\\/ca\\\/respostes-de-salut\\\/vitamines\\\/acid-salicilic\\\/\"},\"author\":{\"name\":\"Lorena Crosa\",\"@id\":\"https:\\\/\\\/www.ecoceutics.com\\\/ca\\\/#\\\/schema\\\/person\\\/1ea99343a86784e00a52c8744dfc7d83\"},\"headline\":\"L&#8217;\u00e0cid salic\u00edlic\",\"datePublished\":\"2021-10-14T08:00:00+00:00\",\"dateModified\":\"2021-12-07T15:59:53+00:00\",\"mainEntityOfPage\":{\"@id\":\"https:\\\/\\\/www.ecoceutics.com\\\/ca\\\/respostes-de-salut\\\/vitamines\\\/acid-salicilic\\\/\"},\"wordCount\":1509,\"commentCount\":0,\"publisher\":{\"@id\":\"https:\\\/\\\/www.ecoceutics.com\\\/ca\\\/#organization\"},\"image\":{\"@id\":\"https:\\\/\\\/www.ecoceutics.com\\\/ca\\\/respostes-de-salut\\\/vitamines\\\/acid-salicilic\\\/#primaryimage\"},\"thumbnailUrl\":\"https:\\\/\\\/www.ecoceutics.com\\\/wp-content\\\/uploads\\\/2021\\\/10\\\/Foto_acido-salicilico.jpg\",\"articleSection\":[\"Respostes de salut\",\"Vitamines\"],\"inLanguage\":\"ca\",\"potentialAction\":[{\"@type\":\"CommentAction\",\"name\":\"Comment\",\"target\":[\"https:\\\/\\\/www.ecoceutics.com\\\/ca\\\/respostes-de-salut\\\/vitamines\\\/acid-salicilic\\\/#respond\"]}]},{\"@type\":\"WebPage\",\"@id\":\"https:\\\/\\\/www.ecoceutics.com\\\/ca\\\/respostes-de-salut\\\/vitamines\\\/acid-salicilic\\\/\",\"url\":\"https:\\\/\\\/www.ecoceutics.com\\\/ca\\\/respostes-de-salut\\\/vitamines\\\/acid-salicilic\\\/\",\"name\":\"L'\u00e0cid salic\u00edlic | Farm\u00e0cies Ecoceutics\",\"isPartOf\":{\"@id\":\"https:\\\/\\\/www.ecoceutics.com\\\/ca\\\/#website\"},\"primaryImageOfPage\":{\"@id\":\"https:\\\/\\\/www.ecoceutics.com\\\/ca\\\/respostes-de-salut\\\/vitamines\\\/acid-salicilic\\\/#primaryimage\"},\"image\":{\"@id\":\"https:\\\/\\\/www.ecoceutics.com\\\/ca\\\/respostes-de-salut\\\/vitamines\\\/acid-salicilic\\\/#primaryimage\"},\"thumbnailUrl\":\"https:\\\/\\\/www.ecoceutics.com\\\/wp-content\\\/uploads\\\/2021\\\/10\\\/Foto_acido-salicilico.jpg\",\"datePublished\":\"2021-10-14T08:00:00+00:00\",\"dateModified\":\"2021-12-07T15:59:53+00:00\",\"description\":\"L'\u00e0cid salic\u00edlic \u00e9s un producte molt vers\u00e0til, \u00fatil tant en cremes analg\u00e8siques com en s\u00e8rums per a la pell grassa.\",\"breadcrumb\":{\"@id\":\"https:\\\/\\\/www.ecoceutics.com\\\/ca\\\/respostes-de-salut\\\/vitamines\\\/acid-salicilic\\\/#breadcrumb\"},\"inLanguage\":\"ca\",\"potentialAction\":[{\"@type\":\"ReadAction\",\"target\":[\"https:\\\/\\\/www.ecoceutics.com\\\/ca\\\/respostes-de-salut\\\/vitamines\\\/acid-salicilic\\\/\"]}]},{\"@type\":\"ImageObject\",\"inLanguage\":\"ca\",\"@id\":\"https:\\\/\\\/www.ecoceutics.com\\\/ca\\\/respostes-de-salut\\\/vitamines\\\/acid-salicilic\\\/#primaryimage\",\"url\":\"https:\\\/\\\/www.ecoceutics.com\\\/wp-content\\\/uploads\\\/2021\\\/10\\\/Foto_acido-salicilico.jpg\",\"contentUrl\":\"https:\\\/\\\/www.ecoceutics.com\\\/wp-content\\\/uploads\\\/2021\\\/10\\\/Foto_acido-salicilico.jpg\",\"width\":720,\"height\":400,\"caption\":\"Acido salicilico piel\"},{\"@type\":\"BreadcrumbList\",\"@id\":\"https:\\\/\\\/www.ecoceutics.com\\\/ca\\\/respostes-de-salut\\\/vitamines\\\/acid-salicilic\\\/#breadcrumb\",\"itemListElement\":[{\"@type\":\"ListItem\",\"position\":1,\"name\":\"Portada\",\"item\":\"https:\\\/\\\/www.ecoceutics.com\\\/ca\\\/\"},{\"@type\":\"ListItem\",\"position\":2,\"name\":\"L&#8217;\u00e0cid salic\u00edlic\"}]},{\"@type\":\"WebSite\",\"@id\":\"https:\\\/\\\/www.ecoceutics.com\\\/ca\\\/#website\",\"url\":\"https:\\\/\\\/www.ecoceutics.com\\\/ca\\\/\",\"name\":\"ecoceutics\",\"description\":\"Primera red de farmacias independientes bajo una marca\",\"publisher\":{\"@id\":\"https:\\\/\\\/www.ecoceutics.com\\\/ca\\\/#organization\"},\"potentialAction\":[{\"@type\":\"SearchAction\",\"target\":{\"@type\":\"EntryPoint\",\"urlTemplate\":\"https:\\\/\\\/www.ecoceutics.com\\\/ca\\\/?s={search_term_string}\"},\"query-input\":{\"@type\":\"PropertyValueSpecification\",\"valueRequired\":true,\"valueName\":\"search_term_string\"}}],\"inLanguage\":\"ca\"},{\"@type\":\"Organization\",\"@id\":\"https:\\\/\\\/www.ecoceutics.com\\\/ca\\\/#organization\",\"name\":\"Ecoceutics\",\"url\":\"https:\\\/\\\/www.ecoceutics.com\\\/ca\\\/\",\"logo\":{\"@type\":\"ImageObject\",\"inLanguage\":\"ca\",\"@id\":\"https:\\\/\\\/www.ecoceutics.com\\\/ca\\\/#\\\/schema\\\/logo\\\/image\\\/\",\"url\":\"https:\\\/\\\/www.ecoceutics.com\\\/wp-content\\\/uploads\\\/2022\\\/02\\\/Logo-Ecoceutics-SVG-01-1.svg\",\"contentUrl\":\"https:\\\/\\\/www.ecoceutics.com\\\/wp-content\\\/uploads\\\/2022\\\/02\\\/Logo-Ecoceutics-SVG-01-1.svg\",\"width\":232,\"height\":68,\"caption\":\"Ecoceutics\"},\"image\":{\"@id\":\"https:\\\/\\\/www.ecoceutics.com\\\/ca\\\/#\\\/schema\\\/logo\\\/image\\\/\"}},{\"@type\":\"Person\",\"@id\":\"https:\\\/\\\/www.ecoceutics.com\\\/ca\\\/#\\\/schema\\\/person\\\/1ea99343a86784e00a52c8744dfc7d83\",\"name\":\"Lorena Crosa\",\"image\":{\"@type\":\"ImageObject\",\"inLanguage\":\"ca\",\"@id\":\"https:\\\/\\\/www.ecoceutics.com\\\/wp-content\\\/uploads\\\/2024\\\/03\\\/Lorena-Crosa-100x100.jpg\",\"url\":\"https:\\\/\\\/www.ecoceutics.com\\\/wp-content\\\/uploads\\\/2024\\\/03\\\/Lorena-Crosa-100x100.jpg\",\"contentUrl\":\"https:\\\/\\\/www.ecoceutics.com\\\/wp-content\\\/uploads\\\/2024\\\/03\\\/Lorena-Crosa-100x100.jpg\",\"caption\":\"Lorena Crosa\"}}]}<\/script>\n<!-- \/ Yoast SEO plugin. -->","yoast_head_json":{"title":"L'\u00e0cid salic\u00edlic | Farm\u00e0cies Ecoceutics","description":"L'\u00e0cid salic\u00edlic \u00e9s un producte molt vers\u00e0til, \u00fatil tant en cremes analg\u00e8siques com en s\u00e8rums per a la pell grassa.","robots":{"index":"index","follow":"follow","max-snippet":"max-snippet:-1","max-image-preview":"max-image-preview:large","max-video-preview":"max-video-preview:-1"},"canonical":"https:\/\/www.ecoceutics.com\/ca\/respostes-de-salut\/vitamines\/acid-salicilic\/","og_locale":"ca_ES","og_type":"article","og_title":"L'\u00e0cid salic\u00edlic | Farm\u00e0cies Ecoceutics","og_description":"L'\u00e0cid salic\u00edlic \u00e9s un producte molt vers\u00e0til, \u00fatil tant en cremes analg\u00e8siques com en s\u00e8rums per a la pell grassa.","og_url":"https:\/\/www.ecoceutics.com\/ca\/respostes-de-salut\/vitamines\/acid-salicilic\/","og_site_name":"ecoceutics","article_published_time":"2021-10-14T08:00:00+00:00","article_modified_time":"2021-12-07T15:59:53+00:00","og_image":[{"width":720,"height":400,"url":"https:\/\/www.ecoceutics.com\/wp-content\/uploads\/2021\/10\/Foto_acido-salicilico.jpg","type":"image\/jpeg"}],"author":"Lorena Crosa","twitter_card":"summary_large_image","twitter_misc":{"Escrit per":"Lorena Crosa","Temps estimat de lectura":"6 minuts"},"schema":{"@context":"https:\/\/schema.org","@graph":[{"@type":"Article","@id":"https:\/\/www.ecoceutics.com\/ca\/respostes-de-salut\/vitamines\/acid-salicilic\/#article","isPartOf":{"@id":"https:\/\/www.ecoceutics.com\/ca\/respostes-de-salut\/vitamines\/acid-salicilic\/"},"author":{"name":"Lorena Crosa","@id":"https:\/\/www.ecoceutics.com\/ca\/#\/schema\/person\/1ea99343a86784e00a52c8744dfc7d83"},"headline":"L&#8217;\u00e0cid salic\u00edlic","datePublished":"2021-10-14T08:00:00+00:00","dateModified":"2021-12-07T15:59:53+00:00","mainEntityOfPage":{"@id":"https:\/\/www.ecoceutics.com\/ca\/respostes-de-salut\/vitamines\/acid-salicilic\/"},"wordCount":1509,"commentCount":0,"publisher":{"@id":"https:\/\/www.ecoceutics.com\/ca\/#organization"},"image":{"@id":"https:\/\/www.ecoceutics.com\/ca\/respostes-de-salut\/vitamines\/acid-salicilic\/#primaryimage"},"thumbnailUrl":"https:\/\/www.ecoceutics.com\/wp-content\/uploads\/2021\/10\/Foto_acido-salicilico.jpg","articleSection":["Respostes de salut","Vitamines"],"inLanguage":"ca","potentialAction":[{"@type":"CommentAction","name":"Comment","target":["https:\/\/www.ecoceutics.com\/ca\/respostes-de-salut\/vitamines\/acid-salicilic\/#respond"]}]},{"@type":"WebPage","@id":"https:\/\/www.ecoceutics.com\/ca\/respostes-de-salut\/vitamines\/acid-salicilic\/","url":"https:\/\/www.ecoceutics.com\/ca\/respostes-de-salut\/vitamines\/acid-salicilic\/","name":"L'\u00e0cid salic\u00edlic | Farm\u00e0cies Ecoceutics","isPartOf":{"@id":"https:\/\/www.ecoceutics.com\/ca\/#website"},"primaryImageOfPage":{"@id":"https:\/\/www.ecoceutics.com\/ca\/respostes-de-salut\/vitamines\/acid-salicilic\/#primaryimage"},"image":{"@id":"https:\/\/www.ecoceutics.com\/ca\/respostes-de-salut\/vitamines\/acid-salicilic\/#primaryimage"},"thumbnailUrl":"https:\/\/www.ecoceutics.com\/wp-content\/uploads\/2021\/10\/Foto_acido-salicilico.jpg","datePublished":"2021-10-14T08:00:00+00:00","dateModified":"2021-12-07T15:59:53+00:00","description":"L'\u00e0cid salic\u00edlic \u00e9s un producte molt vers\u00e0til, \u00fatil tant en cremes analg\u00e8siques com en s\u00e8rums per a la pell grassa.","breadcrumb":{"@id":"https:\/\/www.ecoceutics.com\/ca\/respostes-de-salut\/vitamines\/acid-salicilic\/#breadcrumb"},"inLanguage":"ca","potentialAction":[{"@type":"ReadAction","target":["https:\/\/www.ecoceutics.com\/ca\/respostes-de-salut\/vitamines\/acid-salicilic\/"]}]},{"@type":"ImageObject","inLanguage":"ca","@id":"https:\/\/www.ecoceutics.com\/ca\/respostes-de-salut\/vitamines\/acid-salicilic\/#primaryimage","url":"https:\/\/www.ecoceutics.com\/wp-content\/uploads\/2021\/10\/Foto_acido-salicilico.jpg","contentUrl":"https:\/\/www.ecoceutics.com\/wp-content\/uploads\/2021\/10\/Foto_acido-salicilico.jpg","width":720,"height":400,"caption":"Acido salicilico piel"},{"@type":"BreadcrumbList","@id":"https:\/\/www.ecoceutics.com\/ca\/respostes-de-salut\/vitamines\/acid-salicilic\/#breadcrumb","itemListElement":[{"@type":"ListItem","position":1,"name":"Portada","item":"https:\/\/www.ecoceutics.com\/ca\/"},{"@type":"ListItem","position":2,"name":"L&#8217;\u00e0cid salic\u00edlic"}]},{"@type":"WebSite","@id":"https:\/\/www.ecoceutics.com\/ca\/#website","url":"https:\/\/www.ecoceutics.com\/ca\/","name":"ecoceutics","description":"Primera red de farmacias independientes bajo una marca","publisher":{"@id":"https:\/\/www.ecoceutics.com\/ca\/#organization"},"potentialAction":[{"@type":"SearchAction","target":{"@type":"EntryPoint","urlTemplate":"https:\/\/www.ecoceutics.com\/ca\/?s={search_term_string}"},"query-input":{"@type":"PropertyValueSpecification","valueRequired":true,"valueName":"search_term_string"}}],"inLanguage":"ca"},{"@type":"Organization","@id":"https:\/\/www.ecoceutics.com\/ca\/#organization","name":"Ecoceutics","url":"https:\/\/www.ecoceutics.com\/ca\/","logo":{"@type":"ImageObject","inLanguage":"ca","@id":"https:\/\/www.ecoceutics.com\/ca\/#\/schema\/logo\/image\/","url":"https:\/\/www.ecoceutics.com\/wp-content\/uploads\/2022\/02\/Logo-Ecoceutics-SVG-01-1.svg","contentUrl":"https:\/\/www.ecoceutics.com\/wp-content\/uploads\/2022\/02\/Logo-Ecoceutics-SVG-01-1.svg","width":232,"height":68,"caption":"Ecoceutics"},"image":{"@id":"https:\/\/www.ecoceutics.com\/ca\/#\/schema\/logo\/image\/"}},{"@type":"Person","@id":"https:\/\/www.ecoceutics.com\/ca\/#\/schema\/person\/1ea99343a86784e00a52c8744dfc7d83","name":"Lorena Crosa","image":{"@type":"ImageObject","inLanguage":"ca","@id":"https:\/\/www.ecoceutics.com\/wp-content\/uploads\/2024\/03\/Lorena-Crosa-100x100.jpg","url":"https:\/\/www.ecoceutics.com\/wp-content\/uploads\/2024\/03\/Lorena-Crosa-100x100.jpg","contentUrl":"https:\/\/www.ecoceutics.com\/wp-content\/uploads\/2024\/03\/Lorena-Crosa-100x100.jpg","caption":"Lorena Crosa"}}]}},"_links":{"self":[{"href":"https:\/\/www.ecoceutics.com\/ca\/wp-json\/wp\/v2\/posts\/20700","targetHints":{"allow":["GET"]}}],"collection":[{"href":"https:\/\/www.ecoceutics.com\/ca\/wp-json\/wp\/v2\/posts"}],"about":[{"href":"https:\/\/www.ecoceutics.com\/ca\/wp-json\/wp\/v2\/types\/post"}],"author":[{"embeddable":true,"href":"https:\/\/www.ecoceutics.com\/ca\/wp-json\/wp\/v2\/users\/4"}],"replies":[{"embeddable":true,"href":"https:\/\/www.ecoceutics.com\/ca\/wp-json\/wp\/v2\/comments?post=20700"}],"version-history":[{"count":0,"href":"https:\/\/www.ecoceutics.com\/ca\/wp-json\/wp\/v2\/posts\/20700\/revisions"}],"wp:featuredmedia":[{"embeddable":true,"href":"https:\/\/www.ecoceutics.com\/ca\/wp-json\/wp\/v2\/media\/20697"}],"wp:attachment":[{"href":"https:\/\/www.ecoceutics.com\/ca\/wp-json\/wp\/v2\/media?parent=20700"}],"wp:term":[{"taxonomy":"category","embeddable":true,"href":"https:\/\/www.ecoceutics.com\/ca\/wp-json\/wp\/v2\/categories?post=20700"},{"taxonomy":"post_tag","embeddable":true,"href":"https:\/\/www.ecoceutics.com\/ca\/wp-json\/wp\/v2\/tags?post=20700"}],"curies":[{"name":"wp","href":"https:\/\/api.w.org\/{rel}","templated":true}]}}