{"id":20725,"date":"2021-10-22T10:00:00","date_gmt":"2021-10-22T08:00:00","guid":{"rendered":"https:\/\/www.ecoceutics.com\/?p=20725"},"modified":"2021-12-23T11:15:35","modified_gmt":"2021-12-23T10:15:35","slug":"retencio-liquids-embaras","status":"publish","type":"post","link":"https:\/\/www.ecoceutics.com\/ca\/respostes-de-salut\/embaras-i-nadons\/retencio-liquids-embaras\/","title":{"rendered":"Retenci\u00f3 de l\u00edquids durant l&#8217;embar\u00e0s"},"content":{"rendered":"\n<p>Durant l&#8217;embar\u00e0s \u00e9s normal que una dona noti que ret\u00e9 m\u00e9s l\u00edquid que abans. S&#8217;observa sobretot a partir de la segona meitat de l&#8217;embar\u00e0s als peus, els turmells i les cames, per\u00f2 tamb\u00e9 pot apar\u00e8ixer en els dits de les mans. \u00c9s una retenci\u00f3 que sol empitjorar cap al final del dia. Per qu\u00e8 succeeix la retenci\u00f3 de l\u00edquid durant l&#8217;embar\u00e0s? Qu\u00e8 es pot fer per a controlar-la? Hi ha productes per a lluitar contra la retenci\u00f3 de l\u00edquids aptes per a una dona embarassada? Quan \u00e9s necessari anar al metge? Responem aquestes preguntes en aquest article.<\/p>\n\n\n\n<div id=\"ez-toc-container\" class=\"ez-toc-v2_0_82_2 counter-hierarchy ez-toc-counter ez-toc-custom ez-toc-container-direction\">\n<div class=\"ez-toc-title-container\">\n<p class=\"ez-toc-title\" style=\"cursor:inherit\">Contenido de la p\u00e1gina<\/p>\n<span class=\"ez-toc-title-toggle\"><a href=\"#\" class=\"ez-toc-pull-right ez-toc-btn ez-toc-btn-xs ez-toc-btn-default ez-toc-toggle\" aria-label=\"Toggle Table of Content\"><span class=\"ez-toc-js-icon-con\"><span class=\"\"><span class=\"eztoc-hide\" style=\"display:none;\">Toggle<\/span><span class=\"ez-toc-icon-toggle-span\"><svg style=\"fill: #333333;color:#333333\" xmlns=\"http:\/\/www.w3.org\/2000\/svg\" class=\"list-377408\" width=\"20px\" height=\"20px\" viewBox=\"0 0 24 24\" fill=\"none\"><path d=\"M6 6H4v2h2V6zm14 0H8v2h12V6zM4 11h2v2H4v-2zm16 0H8v2h12v-2zM4 16h2v2H4v-2zm16 0H8v2h12v-2z\" fill=\"currentColor\"><\/path><\/svg><svg style=\"fill: #333333;color:#333333\" class=\"arrow-unsorted-368013\" xmlns=\"http:\/\/www.w3.org\/2000\/svg\" width=\"10px\" height=\"10px\" viewBox=\"0 0 24 24\" version=\"1.2\" baseProfile=\"tiny\"><path d=\"M18.2 9.3l-6.2-6.3-6.2 6.3c-.2.2-.3.4-.3.7s.1.5.3.7c.2.2.4.3.7.3h11c.3 0 .5-.1.7-.3.2-.2.3-.5.3-.7s-.1-.5-.3-.7zM5.8 14.7l6.2 6.3 6.2-6.3c.2-.2.3-.5.3-.7s-.1-.5-.3-.7c-.2-.2-.4-.3-.7-.3h-11c-.3 0-.5.1-.7.3-.2.2-.3.5-.3.7s.1.5.3.7z\"\/><\/svg><\/span><\/span><\/span><\/a><\/span><\/div>\n<nav><ul class='ez-toc-list ez-toc-list-level-1 ' ><li class='ez-toc-page-1 ez-toc-heading-level-2'><a class=\"ez-toc-link ez-toc-heading-1\" href=\"https:\/\/www.ecoceutics.com\/ca\/respostes-de-salut\/embaras-i-nadons\/retencio-liquids-embaras\/#per-que-hi-ha-retencio-de-liquids-en-lembaras\" >Per qu\u00e8 hi ha retenci\u00f3 de l\u00edquids en l&#8217;embar\u00e0s?<\/a><\/li><li class='ez-toc-page-1 ez-toc-heading-level-2'><a class=\"ez-toc-link ez-toc-heading-2\" href=\"https:\/\/www.ecoceutics.com\/ca\/respostes-de-salut\/embaras-i-nadons\/retencio-liquids-embaras\/#que-es-pot-fer-si-hi-ha-retencio-de-liquid-en-lembaras\" >Qu\u00e8 es pot fer si hi ha retenci\u00f3 de l\u00edquid en l&#8217;embar\u00e0s?<\/a><\/li><li class='ez-toc-page-1 ez-toc-heading-level-2'><a class=\"ez-toc-link ez-toc-heading-3\" href=\"https:\/\/www.ecoceutics.com\/ca\/respostes-de-salut\/embaras-i-nadons\/retencio-liquids-embaras\/#existeixen-productes-per-a-millorar-la-retencio-de-liquids-durant-lembaras\" >Existeixen productes per a millorar la retenci\u00f3 de l\u00edquids durant l&#8217;embar\u00e0s?<\/a><\/li><li class='ez-toc-page-1 ez-toc-heading-level-2'><a class=\"ez-toc-link ez-toc-heading-4\" href=\"https:\/\/www.ecoceutics.com\/ca\/respostes-de-salut\/embaras-i-nadons\/retencio-liquids-embaras\/#quan-cal-anar-al-metge-per-la-retencio-de-liquids-durant-lembaras\" >Quan cal anar al metge per la retenci\u00f3 de l\u00edquids durant l&#8217;embar\u00e0s?<\/a><\/li><\/ul><\/nav><\/div>\n<h2 class=\"wp-block-heading\"><span class=\"ez-toc-section\" id=\"per-que-hi-ha-retencio-de-liquids-en-lembaras\"><\/span>Per qu\u00e8 hi ha retenci\u00f3 de l\u00edquids en l&#8217;embar\u00e0s?<span class=\"ez-toc-section-end\"><\/span><\/h2>\n\n\n\n<p>Dos grans motius impulsen la retenci\u00f3 de l\u00edquids fisiol\u00f2gica (\u00e9s a dir, normal i no relacionada amb un problema de salut) durant l&#8217;embar\u00e0s:<\/p>\n\n\n\n<ul class=\"wp-block-list\"><li>L&#8217;augment de la pressi\u00f3 abdominal. El retorn de la sang des de les cames al cor \u00e9s, en qualsevol persona, una lluita contra la for\u00e7a de gravetat. El cor fa for\u00e7a de succi\u00f3 perqu\u00e8 la sang pugi i els m\u00fasculs de les cames bomben la sang cap amunt quan es contreuen. Totes dues forces s&#8217;uneixen i lluiten contra la gravetat amb \u00e8xit, per\u00f2 durant l&#8217;embar\u00e0s la pressi\u00f3 en l&#8217;abdomen posa una &#8220;barrera extra&#8221; a la pujada de la sang.<\/li><li>Els canvis hormonals. Les hormones afavoreixen la retenci\u00f3 de sodi, mineral que al seu torn porta a la retenci\u00f3 d&#8217;aigua.<\/li><\/ul>\n\n\n\n<p>Major quantitat de l\u00edquid en el cos, amb major dificultat per a moure&#8217;s des de les extremitats al t\u00f2rax, es tradueix en una retenci\u00f3 de l\u00edquid f\u00e0cilment observable en peus, turmells i bessons.<\/p>\n\n\n\n<h2 class=\"wp-block-heading\"><span class=\"ez-toc-section\" id=\"que-es-pot-fer-si-hi-ha-retencio-de-liquid-en-lembaras\"><\/span>Qu\u00e8 es pot fer si hi ha retenci\u00f3 de l\u00edquid en l&#8217;embar\u00e0s?<span class=\"ez-toc-section-end\"><\/span><\/h2>\n\n\n\n<p>Hi ha una s\u00e8rie de mesures que ajuden a reduir la retenci\u00f3 de l\u00edquid durant l&#8217;embar\u00e0s:<\/p>\n\n\n\n<ul class=\"wp-block-list\"><li>Dormir amb les cames lleugerament aixecades. Aix\u00f2 afavoreix que el l\u00edquid torni al t\u00f2rax, baixant la retenci\u00f3 de l\u00edquids&nbsp;a nivell de&nbsp;cames.<\/li><li>Massejar les cames. El massatge aporta l'&#8221;empenteta extra&#8221; que el l\u00edquid necessita per a tornar a circular normalment.<\/li><li>Utilitzar mitges de compressi\u00f3. Les mitges de compressi\u00f3 s&#8217;oposen per for\u00e7a que fan els l\u00edquids per a sortir dels vasos sanguinis cap als teixits de la cama. En el cas de les embarassades es recomanen mitges que subjectin a l&#8217;altura de la cuixa, no pantis, perqu\u00e8 els pantis solen ser m\u00e9s inc\u00f2modes de manipular. Les mitges poden exercir diferents forces (lleugera, normal o forta) i en la teva farm\u00e0cia de confian\u00e7a poden ajudar-te a triar les que millor s&#8217;adapten a les teves necessitats.<\/li><li>Evitar els excessos de sal. La sal de taula \u00e9s una sal que inclou sodi en la seva composici\u00f3; augmentar el sodi consumit comporta un augment de la retenci\u00f3 de l\u00edquids. Afegir menys sal als aliments cuinats a casa, no consumir productes efervescents o gasificats en exc\u00e9s (tamb\u00e9 aporten sodi) i controlar el consum d&#8217;aliments precuinats molt rics en sal poden ajudar a controlar la retenci\u00f3 de l\u00edquids.<\/li><li>Donar-se dutxes fresques. L&#8217;aigua fresca afavoreix la contracci\u00f3 dels vasos sanguinis, dificultant la sortida de l\u00edquid als teixits.<\/li><li>Practicar exercici moderat apte per a les embarassades. El moviment muscular afavoreix la circulaci\u00f3 de retorn de la sang, disminuint la retenci\u00f3 de l\u00edquid a les cames.<\/li><li>Adaptar la roba a aquesta nova situaci\u00f3. Sabates c\u00f2modes que s&#8217;adaptin al canvi de grand\u00e0ria dels peus i roba \u00e0mplia que no estrenyi ni dificulti la circulaci\u00f3 faran molt per la comoditat de la futura mare.<\/li><\/ul>\n\n\n\n<p>Entre tots aquests consells \u00e9s possible aconseguir un embar\u00e0s molt suportable per a les cames. A m\u00e9s d&#8217;aportar comoditat, aquests consells tamb\u00e9 ajuden a disminuir la pressi\u00f3 que suporten les venes de la cama, evitant l&#8217;aparici\u00f3 o empitjorament de les molt molestes varius.<\/p>\n\n\n\n<h2 class=\"wp-block-heading\"><span class=\"ez-toc-section\" id=\"existeixen-productes-per-a-millorar-la-retencio-de-liquids-durant-lembaras\"><\/span>Existeixen productes per a millorar la retenci\u00f3 de l\u00edquids durant l&#8217;embar\u00e0s?<span class=\"ez-toc-section-end\"><\/span><\/h2>\n\n\n\n<p>Existeixen gels freds, esprais i olis de massatge que es poden utilitzar per a massejar les cames de les dones embarassades. Solen estar fets a base de productes naturals que milloren la circulaci\u00f3 local, ajudant a la futura mare sense comprometre el benestar del nad\u00f3. Entre ells comptem amb&nbsp;Venaliv Confort de&nbsp;Cinfa&nbsp;o l&#8217;esprai&nbsp;Circular\u00f4m de&nbsp;Pranar\u00f4m&nbsp;per esmentar alguns&#8230; per\u00f2 hi ha varis! M\u00e9s cura cal tenir amb els productes per via oral: molts productes per a cames cansades no s\u00f3n aptes per a les dones embarassades. Davant del dubte, consulta amb el teu farmac\u00e8utic de confian\u00e7a per a saber si un producte \u00e9s apte per a una dona embarassada.<\/p>\n\n\n\n<h2 class=\"wp-block-heading\"><span class=\"ez-toc-section\" id=\"quan-cal-anar-al-metge-per-la-retencio-de-liquids-durant-lembaras\"><\/span>Quan cal anar al metge per la retenci\u00f3 de l\u00edquids durant l&#8217;embar\u00e0s?<span class=\"ez-toc-section-end\"><\/span><\/h2>\n\n\n\n<p>La retenci\u00f3 de l\u00edquids \u00e9s normal durant l&#8217;embar\u00e0s, per\u00f2 hi ha vegades que pot ser indicativa d&#8217;un problema de salut. El metge s&#8217;ocupar\u00e0 de vigilar la retenci\u00f3 de l\u00edquids durant les revisions pr\u00f2pies de l&#8217;embar\u00e0s, per\u00f2 hi ha casos en els quals cal buscar ajuda m\u00e8dica immediata:<\/p>\n\n\n\n<ul class=\"wp-block-list\"><li>Retenci\u00f3 asim\u00e8trica: inflor d&#8217;una sola cama, o una cama m\u00e9s inflada que l&#8217;altra.<\/li><li>Retenci\u00f3 sobtada a les mans, bra\u00e7os o cara.<\/li><li>Mal de cap fort.<\/li><li>Pressi\u00f3 arterial alta (major a 140\/90).<\/li><li>Problemes de visi\u00f3.<\/li><li>V\u00f2mits.<\/li><\/ul>\n\n\n\n<p>Aquests casos poden estar relacionats amb problemes de salut com la preecl\u00e0mpsia o la trombosi venosa profunda. Afortunadament s\u00f3n poc freq\u00fcents, per\u00f2 quan apareixen, necessiten atenci\u00f3 m\u00e8dica r\u00e0pida.<\/p>\n","protected":false},"excerpt":{"rendered":"<p>Durant l&#8217;embar\u00e0s \u00e9s normal que una dona noti que ret\u00e9 m\u00e9s l\u00edquid que abans. S&#8217;observa sobretot a partir de la segona meitat de l&#8217;embar\u00e0s als peus, els turmells i les cames, per\u00f2 tamb\u00e9 pot apar\u00e8ixer en els dits de les mans. \u00c9s una retenci\u00f3 que sol empitjorar cap al final del dia. Per qu\u00e8 succeeix [&hellip;]<\/p>\n","protected":false},"author":4,"featured_media":20723,"comment_status":"open","ping_status":"open","sticky":false,"template":"","format":"standard","meta":{"_acf_changed":false,"inline_featured_image":false,"_mbp_gutenberg_autopost":false,"footnotes":""},"categories":[4,58],"tags":[],"class_list":["post-20725","post","type-post","status-publish","format-standard","has-post-thumbnail","hentry","category-respostes-de-salut","category-embaras-i-nadons"],"acf":[],"yoast_head":"<!-- This site is optimized with the Yoast SEO plugin v27.4 - https:\/\/yoast.com\/product\/yoast-seo-wordpress\/ -->\n<title>Retenci\u00f3 de l\u00edquids durant l&#039;embar\u00e0s | Farm\u00e0cies Ecoceutics<\/title>\n<meta name=\"description\" content=\"Per qu\u00e8 succeeix la retenci\u00f3 de l\u00edquid durant l&#039;embar\u00e0s? Hi ha productes per a la retenci\u00f3 de l\u00edquids aptes per a una dona embarassada?\" \/>\n<meta name=\"robots\" content=\"index, follow, max-snippet:-1, max-image-preview:large, max-video-preview:-1\" \/>\n<link rel=\"canonical\" href=\"https:\/\/www.ecoceutics.com\/ca\/respostes-de-salut\/embaras-i-nadons\/retencio-liquids-embaras\/\" \/>\n<meta property=\"og:locale\" content=\"ca_ES\" \/>\n<meta property=\"og:type\" content=\"article\" \/>\n<meta property=\"og:title\" content=\"Retenci\u00f3 de l\u00edquids durant l&#039;embar\u00e0s | Farm\u00e0cies Ecoceutics\" \/>\n<meta property=\"og:description\" content=\"Per qu\u00e8 succeeix la retenci\u00f3 de l\u00edquid durant l&#039;embar\u00e0s? Hi ha productes per a la retenci\u00f3 de l\u00edquids aptes per a una dona embarassada?\" \/>\n<meta property=\"og:url\" content=\"https:\/\/www.ecoceutics.com\/ca\/respostes-de-salut\/embaras-i-nadons\/retencio-liquids-embaras\/\" \/>\n<meta property=\"og:site_name\" content=\"ecoceutics\" \/>\n<meta property=\"article:published_time\" content=\"2021-10-22T08:00:00+00:00\" \/>\n<meta property=\"article:modified_time\" content=\"2021-12-23T10:15:35+00:00\" \/>\n<meta property=\"og:image\" content=\"https:\/\/www.ecoceutics.com\/wp-content\/uploads\/2021\/10\/Foto_retencio-liquids-embaras.jpg\" \/>\n\t<meta property=\"og:image:width\" content=\"720\" \/>\n\t<meta property=\"og:image:height\" content=\"400\" \/>\n\t<meta property=\"og:image:type\" content=\"image\/jpeg\" \/>\n<meta name=\"author\" content=\"Lorena Crosa\" \/>\n<meta name=\"twitter:card\" content=\"summary_large_image\" \/>\n<meta name=\"twitter:label1\" content=\"Escrit per\" \/>\n\t<meta name=\"twitter:data1\" content=\"Lorena Crosa\" \/>\n\t<meta name=\"twitter:label2\" content=\"Temps estimat de lectura\" \/>\n\t<meta name=\"twitter:data2\" content=\"4 minuts\" \/>\n<script type=\"application\/ld+json\" class=\"yoast-schema-graph\">{\"@context\":\"https:\\\/\\\/schema.org\",\"@graph\":[{\"@type\":\"Article\",\"@id\":\"https:\\\/\\\/www.ecoceutics.com\\\/ca\\\/respostes-de-salut\\\/embaras-i-nadons\\\/retencio-liquids-embaras\\\/#article\",\"isPartOf\":{\"@id\":\"https:\\\/\\\/www.ecoceutics.com\\\/ca\\\/respostes-de-salut\\\/embaras-i-nadons\\\/retencio-liquids-embaras\\\/\"},\"author\":{\"name\":\"Lorena Crosa\",\"@id\":\"https:\\\/\\\/www.ecoceutics.com\\\/ca\\\/#\\\/schema\\\/person\\\/1ea99343a86784e00a52c8744dfc7d83\"},\"headline\":\"Retenci\u00f3 de l\u00edquids durant l&#8217;embar\u00e0s\",\"datePublished\":\"2021-10-22T08:00:00+00:00\",\"dateModified\":\"2021-12-23T10:15:35+00:00\",\"mainEntityOfPage\":{\"@id\":\"https:\\\/\\\/www.ecoceutics.com\\\/ca\\\/respostes-de-salut\\\/embaras-i-nadons\\\/retencio-liquids-embaras\\\/\"},\"wordCount\":967,\"commentCount\":0,\"publisher\":{\"@id\":\"https:\\\/\\\/www.ecoceutics.com\\\/ca\\\/#organization\"},\"image\":{\"@id\":\"https:\\\/\\\/www.ecoceutics.com\\\/ca\\\/respostes-de-salut\\\/embaras-i-nadons\\\/retencio-liquids-embaras\\\/#primaryimage\"},\"thumbnailUrl\":\"https:\\\/\\\/www.ecoceutics.com\\\/wp-content\\\/uploads\\\/2021\\\/10\\\/Foto_retencio-liquids-embaras.jpg\",\"articleSection\":[\"Respostes de salut\",\"Embar\u00e0s i nadons\"],\"inLanguage\":\"ca\",\"potentialAction\":[{\"@type\":\"CommentAction\",\"name\":\"Comment\",\"target\":[\"https:\\\/\\\/www.ecoceutics.com\\\/ca\\\/respostes-de-salut\\\/embaras-i-nadons\\\/retencio-liquids-embaras\\\/#respond\"]}]},{\"@type\":\"WebPage\",\"@id\":\"https:\\\/\\\/www.ecoceutics.com\\\/ca\\\/respostes-de-salut\\\/embaras-i-nadons\\\/retencio-liquids-embaras\\\/\",\"url\":\"https:\\\/\\\/www.ecoceutics.com\\\/ca\\\/respostes-de-salut\\\/embaras-i-nadons\\\/retencio-liquids-embaras\\\/\",\"name\":\"Retenci\u00f3 de l\u00edquids durant l'embar\u00e0s | Farm\u00e0cies Ecoceutics\",\"isPartOf\":{\"@id\":\"https:\\\/\\\/www.ecoceutics.com\\\/ca\\\/#website\"},\"primaryImageOfPage\":{\"@id\":\"https:\\\/\\\/www.ecoceutics.com\\\/ca\\\/respostes-de-salut\\\/embaras-i-nadons\\\/retencio-liquids-embaras\\\/#primaryimage\"},\"image\":{\"@id\":\"https:\\\/\\\/www.ecoceutics.com\\\/ca\\\/respostes-de-salut\\\/embaras-i-nadons\\\/retencio-liquids-embaras\\\/#primaryimage\"},\"thumbnailUrl\":\"https:\\\/\\\/www.ecoceutics.com\\\/wp-content\\\/uploads\\\/2021\\\/10\\\/Foto_retencio-liquids-embaras.jpg\",\"datePublished\":\"2021-10-22T08:00:00+00:00\",\"dateModified\":\"2021-12-23T10:15:35+00:00\",\"description\":\"Per qu\u00e8 succeeix la retenci\u00f3 de l\u00edquid durant l'embar\u00e0s? Hi ha productes per a la retenci\u00f3 de l\u00edquids aptes per a una dona embarassada?\",\"breadcrumb\":{\"@id\":\"https:\\\/\\\/www.ecoceutics.com\\\/ca\\\/respostes-de-salut\\\/embaras-i-nadons\\\/retencio-liquids-embaras\\\/#breadcrumb\"},\"inLanguage\":\"ca\",\"potentialAction\":[{\"@type\":\"ReadAction\",\"target\":[\"https:\\\/\\\/www.ecoceutics.com\\\/ca\\\/respostes-de-salut\\\/embaras-i-nadons\\\/retencio-liquids-embaras\\\/\"]}]},{\"@type\":\"ImageObject\",\"inLanguage\":\"ca\",\"@id\":\"https:\\\/\\\/www.ecoceutics.com\\\/ca\\\/respostes-de-salut\\\/embaras-i-nadons\\\/retencio-liquids-embaras\\\/#primaryimage\",\"url\":\"https:\\\/\\\/www.ecoceutics.com\\\/wp-content\\\/uploads\\\/2021\\\/10\\\/Foto_retencio-liquids-embaras.jpg\",\"contentUrl\":\"https:\\\/\\\/www.ecoceutics.com\\\/wp-content\\\/uploads\\\/2021\\\/10\\\/Foto_retencio-liquids-embaras.jpg\",\"width\":720,\"height\":400},{\"@type\":\"BreadcrumbList\",\"@id\":\"https:\\\/\\\/www.ecoceutics.com\\\/ca\\\/respostes-de-salut\\\/embaras-i-nadons\\\/retencio-liquids-embaras\\\/#breadcrumb\",\"itemListElement\":[{\"@type\":\"ListItem\",\"position\":1,\"name\":\"Portada\",\"item\":\"https:\\\/\\\/www.ecoceutics.com\\\/ca\\\/\"},{\"@type\":\"ListItem\",\"position\":2,\"name\":\"Retenci\u00f3 de l\u00edquids durant l&#8217;embar\u00e0s\"}]},{\"@type\":\"WebSite\",\"@id\":\"https:\\\/\\\/www.ecoceutics.com\\\/ca\\\/#website\",\"url\":\"https:\\\/\\\/www.ecoceutics.com\\\/ca\\\/\",\"name\":\"ecoceutics\",\"description\":\"Primera red de farmacias independientes bajo una marca\",\"publisher\":{\"@id\":\"https:\\\/\\\/www.ecoceutics.com\\\/ca\\\/#organization\"},\"potentialAction\":[{\"@type\":\"SearchAction\",\"target\":{\"@type\":\"EntryPoint\",\"urlTemplate\":\"https:\\\/\\\/www.ecoceutics.com\\\/ca\\\/?s={search_term_string}\"},\"query-input\":{\"@type\":\"PropertyValueSpecification\",\"valueRequired\":true,\"valueName\":\"search_term_string\"}}],\"inLanguage\":\"ca\"},{\"@type\":\"Organization\",\"@id\":\"https:\\\/\\\/www.ecoceutics.com\\\/ca\\\/#organization\",\"name\":\"Ecoceutics\",\"url\":\"https:\\\/\\\/www.ecoceutics.com\\\/ca\\\/\",\"logo\":{\"@type\":\"ImageObject\",\"inLanguage\":\"ca\",\"@id\":\"https:\\\/\\\/www.ecoceutics.com\\\/ca\\\/#\\\/schema\\\/logo\\\/image\\\/\",\"url\":\"https:\\\/\\\/www.ecoceutics.com\\\/wp-content\\\/uploads\\\/2022\\\/02\\\/Logo-Ecoceutics-SVG-01-1.svg\",\"contentUrl\":\"https:\\\/\\\/www.ecoceutics.com\\\/wp-content\\\/uploads\\\/2022\\\/02\\\/Logo-Ecoceutics-SVG-01-1.svg\",\"width\":232,\"height\":68,\"caption\":\"Ecoceutics\"},\"image\":{\"@id\":\"https:\\\/\\\/www.ecoceutics.com\\\/ca\\\/#\\\/schema\\\/logo\\\/image\\\/\"}},{\"@type\":\"Person\",\"@id\":\"https:\\\/\\\/www.ecoceutics.com\\\/ca\\\/#\\\/schema\\\/person\\\/1ea99343a86784e00a52c8744dfc7d83\",\"name\":\"Lorena Crosa\",\"image\":{\"@type\":\"ImageObject\",\"inLanguage\":\"ca\",\"@id\":\"https:\\\/\\\/www.ecoceutics.com\\\/wp-content\\\/uploads\\\/2024\\\/03\\\/Lorena-Crosa-100x100.jpg\",\"url\":\"https:\\\/\\\/www.ecoceutics.com\\\/wp-content\\\/uploads\\\/2024\\\/03\\\/Lorena-Crosa-100x100.jpg\",\"contentUrl\":\"https:\\\/\\\/www.ecoceutics.com\\\/wp-content\\\/uploads\\\/2024\\\/03\\\/Lorena-Crosa-100x100.jpg\",\"caption\":\"Lorena Crosa\"}}]}<\/script>\n<!-- \/ Yoast SEO plugin. -->","yoast_head_json":{"title":"Retenci\u00f3 de l\u00edquids durant l'embar\u00e0s | Farm\u00e0cies Ecoceutics","description":"Per qu\u00e8 succeeix la retenci\u00f3 de l\u00edquid durant l'embar\u00e0s? Hi ha productes per a la retenci\u00f3 de l\u00edquids aptes per a una dona embarassada?","robots":{"index":"index","follow":"follow","max-snippet":"max-snippet:-1","max-image-preview":"max-image-preview:large","max-video-preview":"max-video-preview:-1"},"canonical":"https:\/\/www.ecoceutics.com\/ca\/respostes-de-salut\/embaras-i-nadons\/retencio-liquids-embaras\/","og_locale":"ca_ES","og_type":"article","og_title":"Retenci\u00f3 de l\u00edquids durant l'embar\u00e0s | Farm\u00e0cies Ecoceutics","og_description":"Per qu\u00e8 succeeix la retenci\u00f3 de l\u00edquid durant l'embar\u00e0s? Hi ha productes per a la retenci\u00f3 de l\u00edquids aptes per a una dona embarassada?","og_url":"https:\/\/www.ecoceutics.com\/ca\/respostes-de-salut\/embaras-i-nadons\/retencio-liquids-embaras\/","og_site_name":"ecoceutics","article_published_time":"2021-10-22T08:00:00+00:00","article_modified_time":"2021-12-23T10:15:35+00:00","og_image":[{"width":720,"height":400,"url":"https:\/\/www.ecoceutics.com\/wp-content\/uploads\/2021\/10\/Foto_retencio-liquids-embaras.jpg","type":"image\/jpeg"}],"author":"Lorena Crosa","twitter_card":"summary_large_image","twitter_misc":{"Escrit per":"Lorena Crosa","Temps estimat de lectura":"4 minuts"},"schema":{"@context":"https:\/\/schema.org","@graph":[{"@type":"Article","@id":"https:\/\/www.ecoceutics.com\/ca\/respostes-de-salut\/embaras-i-nadons\/retencio-liquids-embaras\/#article","isPartOf":{"@id":"https:\/\/www.ecoceutics.com\/ca\/respostes-de-salut\/embaras-i-nadons\/retencio-liquids-embaras\/"},"author":{"name":"Lorena Crosa","@id":"https:\/\/www.ecoceutics.com\/ca\/#\/schema\/person\/1ea99343a86784e00a52c8744dfc7d83"},"headline":"Retenci\u00f3 de l\u00edquids durant l&#8217;embar\u00e0s","datePublished":"2021-10-22T08:00:00+00:00","dateModified":"2021-12-23T10:15:35+00:00","mainEntityOfPage":{"@id":"https:\/\/www.ecoceutics.com\/ca\/respostes-de-salut\/embaras-i-nadons\/retencio-liquids-embaras\/"},"wordCount":967,"commentCount":0,"publisher":{"@id":"https:\/\/www.ecoceutics.com\/ca\/#organization"},"image":{"@id":"https:\/\/www.ecoceutics.com\/ca\/respostes-de-salut\/embaras-i-nadons\/retencio-liquids-embaras\/#primaryimage"},"thumbnailUrl":"https:\/\/www.ecoceutics.com\/wp-content\/uploads\/2021\/10\/Foto_retencio-liquids-embaras.jpg","articleSection":["Respostes de salut","Embar\u00e0s i nadons"],"inLanguage":"ca","potentialAction":[{"@type":"CommentAction","name":"Comment","target":["https:\/\/www.ecoceutics.com\/ca\/respostes-de-salut\/embaras-i-nadons\/retencio-liquids-embaras\/#respond"]}]},{"@type":"WebPage","@id":"https:\/\/www.ecoceutics.com\/ca\/respostes-de-salut\/embaras-i-nadons\/retencio-liquids-embaras\/","url":"https:\/\/www.ecoceutics.com\/ca\/respostes-de-salut\/embaras-i-nadons\/retencio-liquids-embaras\/","name":"Retenci\u00f3 de l\u00edquids durant l'embar\u00e0s | Farm\u00e0cies Ecoceutics","isPartOf":{"@id":"https:\/\/www.ecoceutics.com\/ca\/#website"},"primaryImageOfPage":{"@id":"https:\/\/www.ecoceutics.com\/ca\/respostes-de-salut\/embaras-i-nadons\/retencio-liquids-embaras\/#primaryimage"},"image":{"@id":"https:\/\/www.ecoceutics.com\/ca\/respostes-de-salut\/embaras-i-nadons\/retencio-liquids-embaras\/#primaryimage"},"thumbnailUrl":"https:\/\/www.ecoceutics.com\/wp-content\/uploads\/2021\/10\/Foto_retencio-liquids-embaras.jpg","datePublished":"2021-10-22T08:00:00+00:00","dateModified":"2021-12-23T10:15:35+00:00","description":"Per qu\u00e8 succeeix la retenci\u00f3 de l\u00edquid durant l'embar\u00e0s? Hi ha productes per a la retenci\u00f3 de l\u00edquids aptes per a una dona embarassada?","breadcrumb":{"@id":"https:\/\/www.ecoceutics.com\/ca\/respostes-de-salut\/embaras-i-nadons\/retencio-liquids-embaras\/#breadcrumb"},"inLanguage":"ca","potentialAction":[{"@type":"ReadAction","target":["https:\/\/www.ecoceutics.com\/ca\/respostes-de-salut\/embaras-i-nadons\/retencio-liquids-embaras\/"]}]},{"@type":"ImageObject","inLanguage":"ca","@id":"https:\/\/www.ecoceutics.com\/ca\/respostes-de-salut\/embaras-i-nadons\/retencio-liquids-embaras\/#primaryimage","url":"https:\/\/www.ecoceutics.com\/wp-content\/uploads\/2021\/10\/Foto_retencio-liquids-embaras.jpg","contentUrl":"https:\/\/www.ecoceutics.com\/wp-content\/uploads\/2021\/10\/Foto_retencio-liquids-embaras.jpg","width":720,"height":400},{"@type":"BreadcrumbList","@id":"https:\/\/www.ecoceutics.com\/ca\/respostes-de-salut\/embaras-i-nadons\/retencio-liquids-embaras\/#breadcrumb","itemListElement":[{"@type":"ListItem","position":1,"name":"Portada","item":"https:\/\/www.ecoceutics.com\/ca\/"},{"@type":"ListItem","position":2,"name":"Retenci\u00f3 de l\u00edquids durant l&#8217;embar\u00e0s"}]},{"@type":"WebSite","@id":"https:\/\/www.ecoceutics.com\/ca\/#website","url":"https:\/\/www.ecoceutics.com\/ca\/","name":"ecoceutics","description":"Primera red de farmacias independientes bajo una marca","publisher":{"@id":"https:\/\/www.ecoceutics.com\/ca\/#organization"},"potentialAction":[{"@type":"SearchAction","target":{"@type":"EntryPoint","urlTemplate":"https:\/\/www.ecoceutics.com\/ca\/?s={search_term_string}"},"query-input":{"@type":"PropertyValueSpecification","valueRequired":true,"valueName":"search_term_string"}}],"inLanguage":"ca"},{"@type":"Organization","@id":"https:\/\/www.ecoceutics.com\/ca\/#organization","name":"Ecoceutics","url":"https:\/\/www.ecoceutics.com\/ca\/","logo":{"@type":"ImageObject","inLanguage":"ca","@id":"https:\/\/www.ecoceutics.com\/ca\/#\/schema\/logo\/image\/","url":"https:\/\/www.ecoceutics.com\/wp-content\/uploads\/2022\/02\/Logo-Ecoceutics-SVG-01-1.svg","contentUrl":"https:\/\/www.ecoceutics.com\/wp-content\/uploads\/2022\/02\/Logo-Ecoceutics-SVG-01-1.svg","width":232,"height":68,"caption":"Ecoceutics"},"image":{"@id":"https:\/\/www.ecoceutics.com\/ca\/#\/schema\/logo\/image\/"}},{"@type":"Person","@id":"https:\/\/www.ecoceutics.com\/ca\/#\/schema\/person\/1ea99343a86784e00a52c8744dfc7d83","name":"Lorena Crosa","image":{"@type":"ImageObject","inLanguage":"ca","@id":"https:\/\/www.ecoceutics.com\/wp-content\/uploads\/2024\/03\/Lorena-Crosa-100x100.jpg","url":"https:\/\/www.ecoceutics.com\/wp-content\/uploads\/2024\/03\/Lorena-Crosa-100x100.jpg","contentUrl":"https:\/\/www.ecoceutics.com\/wp-content\/uploads\/2024\/03\/Lorena-Crosa-100x100.jpg","caption":"Lorena Crosa"}}]}},"_links":{"self":[{"href":"https:\/\/www.ecoceutics.com\/ca\/wp-json\/wp\/v2\/posts\/20725","targetHints":{"allow":["GET"]}}],"collection":[{"href":"https:\/\/www.ecoceutics.com\/ca\/wp-json\/wp\/v2\/posts"}],"about":[{"href":"https:\/\/www.ecoceutics.com\/ca\/wp-json\/wp\/v2\/types\/post"}],"author":[{"embeddable":true,"href":"https:\/\/www.ecoceutics.com\/ca\/wp-json\/wp\/v2\/users\/4"}],"replies":[{"embeddable":true,"href":"https:\/\/www.ecoceutics.com\/ca\/wp-json\/wp\/v2\/comments?post=20725"}],"version-history":[{"count":0,"href":"https:\/\/www.ecoceutics.com\/ca\/wp-json\/wp\/v2\/posts\/20725\/revisions"}],"wp:featuredmedia":[{"embeddable":true,"href":"https:\/\/www.ecoceutics.com\/ca\/wp-json\/wp\/v2\/media\/20723"}],"wp:attachment":[{"href":"https:\/\/www.ecoceutics.com\/ca\/wp-json\/wp\/v2\/media?parent=20725"}],"wp:term":[{"taxonomy":"category","embeddable":true,"href":"https:\/\/www.ecoceutics.com\/ca\/wp-json\/wp\/v2\/categories?post=20725"},{"taxonomy":"post_tag","embeddable":true,"href":"https:\/\/www.ecoceutics.com\/ca\/wp-json\/wp\/v2\/tags?post=20725"}],"curies":[{"name":"wp","href":"https:\/\/api.w.org\/{rel}","templated":true}]}}