{"id":23039,"date":"2022-04-26T10:00:50","date_gmt":"2022-04-26T08:00:50","guid":{"rendered":"https:\/\/www.ecoceutics.com\/?p=23039"},"modified":"2023-04-13T13:49:17","modified_gmt":"2023-04-13T11:49:17","slug":"gingivitis","status":"publish","type":"post","link":"https:\/\/www.ecoceutics.com\/ca\/respostes-de-salut\/salut\/gingivitis\/","title":{"rendered":"Qu\u00e8 \u00e9s la gingivitis?"},"content":{"rendered":"\n<p>La gingivitis no tractada pot evolucionar a Periodontitis. La causa m\u00e9s freq\u00fcent de la gingivitis \u00e9s una mala higiene bucal. Els bons h\u00e0bits d&#8217;higiene bucal, com ara raspallar-se les dents almenys dues vegades al dia, fer servir fil dental cada dia i fer-se controls dentals peri\u00f2dics, poden ajudar a evitar o revertir la gingivitis.<\/p>\n\n\n\n<div id=\"ez-toc-container\" class=\"ez-toc-v2_0_82_2 counter-hierarchy ez-toc-counter ez-toc-custom ez-toc-container-direction\">\n<div class=\"ez-toc-title-container\">\n<p class=\"ez-toc-title\" style=\"cursor:inherit\">Contenido de la p\u00e1gina<\/p>\n<span class=\"ez-toc-title-toggle\"><a href=\"#\" class=\"ez-toc-pull-right ez-toc-btn ez-toc-btn-xs ez-toc-btn-default ez-toc-toggle\" aria-label=\"Toggle Table of Content\"><span class=\"ez-toc-js-icon-con\"><span class=\"\"><span class=\"eztoc-hide\" style=\"display:none;\">Toggle<\/span><span class=\"ez-toc-icon-toggle-span\"><svg style=\"fill: #333333;color:#333333\" xmlns=\"http:\/\/www.w3.org\/2000\/svg\" class=\"list-377408\" width=\"20px\" height=\"20px\" viewBox=\"0 0 24 24\" fill=\"none\"><path d=\"M6 6H4v2h2V6zm14 0H8v2h12V6zM4 11h2v2H4v-2zm16 0H8v2h12v-2zM4 16h2v2H4v-2zm16 0H8v2h12v-2z\" fill=\"currentColor\"><\/path><\/svg><svg style=\"fill: #333333;color:#333333\" class=\"arrow-unsorted-368013\" xmlns=\"http:\/\/www.w3.org\/2000\/svg\" width=\"10px\" height=\"10px\" viewBox=\"0 0 24 24\" version=\"1.2\" baseProfile=\"tiny\"><path d=\"M18.2 9.3l-6.2-6.3-6.2 6.3c-.2.2-.3.4-.3.7s.1.5.3.7c.2.2.4.3.7.3h11c.3 0 .5-.1.7-.3.2-.2.3-.5.3-.7s-.1-.5-.3-.7zM5.8 14.7l6.2 6.3 6.2-6.3c.2-.2.3-.5.3-.7s-.1-.5-.3-.7c-.2-.2-.4-.3-.7-.3h-11c-.3 0-.5.1-.7.3-.2.2-.3.5-.3.7s.1.5.3.7z\"\/><\/svg><\/span><\/span><\/span><\/a><\/span><\/div>\n<nav><ul class='ez-toc-list ez-toc-list-level-1 ' ><li class='ez-toc-page-1 ez-toc-heading-level-2'><a class=\"ez-toc-link ez-toc-heading-1\" href=\"https:\/\/www.ecoceutics.com\/ca\/respostes-de-salut\/salut\/gingivitis\/#gingivitis-que-es\" >Gingivitis, qu\u00e8 \u00e9s?<\/a><ul class='ez-toc-list-level-3' ><li class='ez-toc-heading-level-3'><a class=\"ez-toc-link ez-toc-heading-2\" href=\"https:\/\/www.ecoceutics.com\/ca\/respostes-de-salut\/salut\/gingivitis\/#simptomes-de-la-gingivitis\" >S\u00edmptomes de la gingivitis<\/a><\/li><li class='ez-toc-page-1 ez-toc-heading-level-3'><a class=\"ez-toc-link ez-toc-heading-3\" href=\"https:\/\/www.ecoceutics.com\/ca\/respostes-de-salut\/salut\/gingivitis\/#causes-de-la-gingivitis\" >Causes de la gingivitis<\/a><\/li><\/ul><\/li><li class='ez-toc-page-1 ez-toc-heading-level-2'><a class=\"ez-toc-link ez-toc-heading-4\" href=\"https:\/\/www.ecoceutics.com\/ca\/respostes-de-salut\/salut\/gingivitis\/#com-prevenir-la-gingivitis\" >Com prevenir la gingivitis?<\/a><\/li><li class='ez-toc-page-1 ez-toc-heading-level-2'><a class=\"ez-toc-link ez-toc-heading-5\" href=\"https:\/\/www.ecoceutics.com\/ca\/respostes-de-salut\/salut\/gingivitis\/#tractament-la-nostra-recomanacio-farmaceutica\" >Tractament: La nostra recomanaci\u00f3 farmac\u00e8utica<\/a><\/li><\/ul><\/nav><\/div>\n<h2 class=\"wp-block-heading\"><span class=\"ez-toc-section\" id=\"gingivitis-que-es\"><\/span><strong>Gingivitis, qu\u00e8 \u00e9s?<\/strong><span class=\"ez-toc-section-end\"><\/span><\/h2>\n\n\n\n<p>La gingivitis, en resum, \u00e9s una malaltia dental que afecta el teixit gingival, el qual inclou les genives, els lligaments periodontals i les dents. Pot provocar el sagnat i la inflamaci\u00f3 de les genives, especialment quan la persona es raspalla les dents o mossega alguna cosa dura.<\/p>\n\n\n\n<p>\u00c9s prudent contactar amb un professional per determinar el tractament m\u00e9s apropiat i aix\u00ed poder evitar el desenvolupament de problemes m\u00e9s seriosos. A farm\u00e0cies Ecoceutics oferim tractaments de la gingivitis per combatre aquesta malaltia de les genives.<\/p>\n\n\n\n<h3 class=\"wp-block-heading\"><span class=\"ez-toc-section\" id=\"simptomes-de-la-gingivitis\"><\/span><strong>S\u00edmptomes de la gingivitis<\/strong><span class=\"ez-toc-section-end\"><\/span><\/h3>\n\n\n\n<ul class=\"wp-block-list\">\n<li>Genives inflamades<\/li>\n\n\n\n<li>Sagnat de genives<\/li>\n\n\n\n<li>Genives de color vermell\u00f3s o fins i tot porpra<\/li>\n\n\n\n<li>Sensibilitat de les genives al tacte<\/li>\n\n\n\n<li><a href=\"https:\/\/www.ecoceutics.com\/ca\/respostes-de-salut\/salut\/causes-del-mal-ale\/\"><strong>Mal al\u00e8<\/strong><\/a><\/li>\n\n\n\n<li>\u00dalceres bucals<\/li>\n<\/ul>\n\n\n\n<h3 class=\"wp-block-heading\"><span class=\"ez-toc-section\" id=\"causes-de-la-gingivitis\"><\/span><strong>Causes de la gingivitis<\/strong><span class=\"ez-toc-section-end\"><\/span><\/h3>\n\n\n\n<p>La inflamaci\u00f3 i sagnat de les genives \u00e9s degut a l&#8217;acumulaci\u00f3 de placa dental i tosca. La placa \u00e9s un material compost de moc, residus d&#8217;aliments i bacteris. Es desenvolupa entre, damunt o al voltant de les dents, en zones on \u00e9s dif\u00edcil accedir amb un simple raspallat.<\/p>\n\n\n\n<p>Quan l&#8217;acumulaci\u00f3 de la placa no \u00e9s eliminada, es pot convertir en un material dur conegut com a tosca. Aquesta pot causar irritaci\u00f3, envermelliment, inflor i sagnat de la part de les genives que envolta la base de les dents i mal al\u00e8.<\/p>\n\n\n\n<p>Una gingivitis no tractada es pot transformar en periodontitis. Quan una persona pateix periodontitis, la infecci\u00f3 que pateixen les genives baixa fins als lligaments, arribant fins a l&#8217;os de suport de les dents. En aquests moments, les dents poden c\u00f3rrer el risc d&#8217;afluixar-se, fins i tot de caure. Aix\u00f2 \u00e9s degut a que la gingivitis tamb\u00e9 causa un major espai entre les genives i les dents, les quals poden cr\u00e9ixer i fer-se m\u00e9s profundes.<\/p>\n\n\n\n<h2 class=\"wp-block-heading\"><span class=\"ez-toc-section\" id=\"com-prevenir-la-gingivitis\"><\/span><strong>Com prevenir la gingivitis?<\/strong><span class=\"ez-toc-section-end\"><\/span><\/h2>\n\n\n\n<p>Una correcta higiene bucodental la pot prevenir. Una diabetis no controlada, canvis hormonals, el tabaquisme o certes infeccions podrien incrementar el risc de patir-la.<\/p>\n\n\n\n<p>A m\u00e9s, hi ha col\u00b7lutoris bucals i pastes de dents amb formulaci\u00f3 especial per a certes patologies bucodentals. En el cas de la gingivitis hi ha pastes de profilaxi que permeten millorar la neteja i refor\u00e7ar les genives, disminuint el sagnat i la inflamaci\u00f3. Et recomanem la pasta de dents Vitis Enc\u00edas.<\/p>\n\n\n\n<p>Tamb\u00e9 es pot complementar amb raspalls interproximals que permeten cobrir els espais entre dent i dent. Gr\u00e0cies a ells podr\u00e0s eliminar els principis de placa i aix\u00ed evitar la producci\u00f3 de tosca.<\/p>\n\n\n\n<h2 class=\"wp-block-heading\"><span class=\"ez-toc-section\" id=\"tractament-la-nostra-recomanacio-farmaceutica\"><\/span><strong>Tractament: La nostra recomanaci\u00f3 farmac\u00e8utica<\/strong><span class=\"ez-toc-section-end\"><\/span><\/h2>\n\n\n\n<p>Per combatre amb la placa a les dents, combatre&#8217;n les conseq\u00fc\u00e8ncies i mantenir una excel\u00b7lent higiene dental recomanem els seg\u00fcents productes per tractar la gingivitis:<\/p>\n\n\n\n<ul class=\"wp-block-list\">\n<li>La gamma <a href=\"https:\/\/www.vitis.es\/\">Vitis<\/a> genives (col\u00b7lutori, pasta de dents, raspall de dents i seda dental suau)<\/li>\n\n\n\n<li>La gamma <a href=\"https:\/\/www.phb.es\/\">PHB<\/a> Genives (col\u00b7lutori i pasta de dents)<\/li>\n\n\n\n<li>Gamma <a href=\"https:\/\/www.isdin.com\/higiene-dental\/bexident-encias-clorhexidina-prevencion-inflamacion-sangrado-gingivitis\/\">Bexident<\/a> Genives (col\u00b7lutori, pasta de dents i esprai)<\/li>\n<\/ul>\n\n\n\n<p>A ecoceutics ens preocupem per la salut bucodental. Si encara no ets client, pots donar-te d&#8217;alta al <a href=\"https:\/\/www.ecoceutics.com\/ca\/club-ecofidelity\/\"><strong>Club Ecofidelity<\/strong><\/a> i comen\u00e7ar a gaudir dels seus avantatges.<\/p>\n","protected":false},"excerpt":{"rendered":"<p>La gingivitis no tractada pot evolucionar a Periodontitis. La causa m\u00e9s freq\u00fcent de la gingivitis \u00e9s una mala higiene bucal. Els bons h\u00e0bits d&#8217;higiene bucal, com ara raspallar-se les dents almenys dues vegades al dia, fer servir fil dental cada dia i fer-se controls dentals peri\u00f2dics, poden ajudar a evitar o revertir la gingivitis. Gingivitis, [&hellip;]<\/p>\n","protected":false},"author":4,"featured_media":23037,"comment_status":"open","ping_status":"open","sticky":false,"template":"","format":"standard","meta":{"_acf_changed":false,"inline_featured_image":false,"_mbp_gutenberg_autopost":false,"footnotes":""},"categories":[4,1],"tags":[],"class_list":["post-23039","post","type-post","status-publish","format-standard","has-post-thumbnail","hentry","category-respostes-de-salut","category-salut"],"acf":[],"yoast_head":"<!-- This site is optimized with the Yoast SEO plugin v27.5 - https:\/\/yoast.com\/product\/yoast-seo-wordpress\/ -->\n<title>Qu\u00e8 \u00e9s la gingivitis? S\u00edmptomes i tractament | Ecoceutics<\/title>\n<meta name=\"description\" content=\"Saps qu\u00e8 \u00e9s la gingivitis? Descobreix quins s\u00edmptomes t\u00e9, les causes i el tractament per poder combatre aquesta malaltia de les genives\" \/>\n<meta name=\"robots\" content=\"index, follow, max-snippet:-1, max-image-preview:large, max-video-preview:-1\" \/>\n<link rel=\"canonical\" href=\"https:\/\/www.ecoceutics.com\/ca\/respostes-de-salut\/salut\/gingivitis\/\" \/>\n<meta property=\"og:locale\" content=\"ca_ES\" \/>\n<meta property=\"og:type\" content=\"article\" \/>\n<meta property=\"og:title\" content=\"Qu\u00e8 \u00e9s la gingivitis? S\u00edmptomes i tractament | Ecoceutics\" \/>\n<meta property=\"og:description\" content=\"Saps qu\u00e8 \u00e9s la gingivitis? Descobreix quins s\u00edmptomes t\u00e9, les causes i el tractament per poder combatre aquesta malaltia de les genives\" \/>\n<meta property=\"og:url\" content=\"https:\/\/www.ecoceutics.com\/ca\/respostes-de-salut\/salut\/gingivitis\/\" \/>\n<meta property=\"og:site_name\" content=\"ecoceutics\" \/>\n<meta property=\"article:published_time\" content=\"2022-04-26T08:00:50+00:00\" \/>\n<meta property=\"article:modified_time\" content=\"2023-04-13T11:49:17+00:00\" \/>\n<meta property=\"og:image\" content=\"https:\/\/www.ecoceutics.com\/wp-content\/uploads\/2022\/02\/gingivitis-05.jpg\" \/>\n\t<meta property=\"og:image:width\" content=\"2600\" \/>\n\t<meta property=\"og:image:height\" content=\"1451\" \/>\n\t<meta property=\"og:image:type\" content=\"image\/jpeg\" \/>\n<meta name=\"author\" content=\"Lorena Crosa\" \/>\n<meta name=\"twitter:card\" content=\"summary_large_image\" \/>\n<meta name=\"twitter:label1\" content=\"Escrit per\" \/>\n\t<meta name=\"twitter:data1\" content=\"Lorena Crosa\" \/>\n\t<meta name=\"twitter:label2\" content=\"Temps estimat de lectura\" \/>\n\t<meta name=\"twitter:data2\" content=\"3 minuts\" \/>\n<script type=\"application\/ld+json\" class=\"yoast-schema-graph\">{\"@context\":\"https:\\\/\\\/schema.org\",\"@graph\":[{\"@type\":\"Article\",\"@id\":\"https:\\\/\\\/www.ecoceutics.com\\\/ca\\\/respostes-de-salut\\\/salut\\\/gingivitis\\\/#article\",\"isPartOf\":{\"@id\":\"https:\\\/\\\/www.ecoceutics.com\\\/ca\\\/respostes-de-salut\\\/salut\\\/gingivitis\\\/\"},\"author\":{\"name\":\"Lorena Crosa\",\"@id\":\"https:\\\/\\\/www.ecoceutics.com\\\/ca\\\/#\\\/schema\\\/person\\\/1ea99343a86784e00a52c8744dfc7d83\"},\"headline\":\"Qu\u00e8 \u00e9s la gingivitis?\",\"datePublished\":\"2022-04-26T08:00:50+00:00\",\"dateModified\":\"2023-04-13T11:49:17+00:00\",\"mainEntityOfPage\":{\"@id\":\"https:\\\/\\\/www.ecoceutics.com\\\/ca\\\/respostes-de-salut\\\/salut\\\/gingivitis\\\/\"},\"wordCount\":578,\"commentCount\":0,\"publisher\":{\"@id\":\"https:\\\/\\\/www.ecoceutics.com\\\/ca\\\/#organization\"},\"image\":{\"@id\":\"https:\\\/\\\/www.ecoceutics.com\\\/ca\\\/respostes-de-salut\\\/salut\\\/gingivitis\\\/#primaryimage\"},\"thumbnailUrl\":\"https:\\\/\\\/www.ecoceutics.com\\\/wp-content\\\/uploads\\\/2022\\\/02\\\/gingivitis-05.jpg\",\"articleSection\":[\"Respostes de salut\",\"Salut\"],\"inLanguage\":\"ca\",\"potentialAction\":[{\"@type\":\"CommentAction\",\"name\":\"Comment\",\"target\":[\"https:\\\/\\\/www.ecoceutics.com\\\/ca\\\/respostes-de-salut\\\/salut\\\/gingivitis\\\/#respond\"]}]},{\"@type\":\"WebPage\",\"@id\":\"https:\\\/\\\/www.ecoceutics.com\\\/ca\\\/respostes-de-salut\\\/salut\\\/gingivitis\\\/\",\"url\":\"https:\\\/\\\/www.ecoceutics.com\\\/ca\\\/respostes-de-salut\\\/salut\\\/gingivitis\\\/\",\"name\":\"Qu\u00e8 \u00e9s la gingivitis? S\u00edmptomes i tractament | Ecoceutics\",\"isPartOf\":{\"@id\":\"https:\\\/\\\/www.ecoceutics.com\\\/ca\\\/#website\"},\"primaryImageOfPage\":{\"@id\":\"https:\\\/\\\/www.ecoceutics.com\\\/ca\\\/respostes-de-salut\\\/salut\\\/gingivitis\\\/#primaryimage\"},\"image\":{\"@id\":\"https:\\\/\\\/www.ecoceutics.com\\\/ca\\\/respostes-de-salut\\\/salut\\\/gingivitis\\\/#primaryimage\"},\"thumbnailUrl\":\"https:\\\/\\\/www.ecoceutics.com\\\/wp-content\\\/uploads\\\/2022\\\/02\\\/gingivitis-05.jpg\",\"datePublished\":\"2022-04-26T08:00:50+00:00\",\"dateModified\":\"2023-04-13T11:49:17+00:00\",\"description\":\"Saps qu\u00e8 \u00e9s la gingivitis? Descobreix quins s\u00edmptomes t\u00e9, les causes i el tractament per poder combatre aquesta malaltia de les genives\",\"breadcrumb\":{\"@id\":\"https:\\\/\\\/www.ecoceutics.com\\\/ca\\\/respostes-de-salut\\\/salut\\\/gingivitis\\\/#breadcrumb\"},\"inLanguage\":\"ca\",\"potentialAction\":[{\"@type\":\"ReadAction\",\"target\":[\"https:\\\/\\\/www.ecoceutics.com\\\/ca\\\/respostes-de-salut\\\/salut\\\/gingivitis\\\/\"]}]},{\"@type\":\"ImageObject\",\"inLanguage\":\"ca\",\"@id\":\"https:\\\/\\\/www.ecoceutics.com\\\/ca\\\/respostes-de-salut\\\/salut\\\/gingivitis\\\/#primaryimage\",\"url\":\"https:\\\/\\\/www.ecoceutics.com\\\/wp-content\\\/uploads\\\/2022\\\/02\\\/gingivitis-05.jpg\",\"contentUrl\":\"https:\\\/\\\/www.ecoceutics.com\\\/wp-content\\\/uploads\\\/2022\\\/02\\\/gingivitis-05.jpg\",\"width\":2600,\"height\":1451,\"caption\":\"\u00bfQu\u00e9 es la gingivitis? S\u00edntomas y tratamiento\"},{\"@type\":\"BreadcrumbList\",\"@id\":\"https:\\\/\\\/www.ecoceutics.com\\\/ca\\\/respostes-de-salut\\\/salut\\\/gingivitis\\\/#breadcrumb\",\"itemListElement\":[{\"@type\":\"ListItem\",\"position\":1,\"name\":\"Portada\",\"item\":\"https:\\\/\\\/www.ecoceutics.com\\\/ca\\\/\"},{\"@type\":\"ListItem\",\"position\":2,\"name\":\"Qu\u00e8 \u00e9s la gingivitis?\"}]},{\"@type\":\"WebSite\",\"@id\":\"https:\\\/\\\/www.ecoceutics.com\\\/ca\\\/#website\",\"url\":\"https:\\\/\\\/www.ecoceutics.com\\\/ca\\\/\",\"name\":\"ecoceutics\",\"description\":\"Primera red de farmacias independientes bajo una marca\",\"publisher\":{\"@id\":\"https:\\\/\\\/www.ecoceutics.com\\\/ca\\\/#organization\"},\"potentialAction\":[{\"@type\":\"SearchAction\",\"target\":{\"@type\":\"EntryPoint\",\"urlTemplate\":\"https:\\\/\\\/www.ecoceutics.com\\\/ca\\\/?s={search_term_string}\"},\"query-input\":{\"@type\":\"PropertyValueSpecification\",\"valueRequired\":true,\"valueName\":\"search_term_string\"}}],\"inLanguage\":\"ca\"},{\"@type\":\"Organization\",\"@id\":\"https:\\\/\\\/www.ecoceutics.com\\\/ca\\\/#organization\",\"name\":\"Ecoceutics\",\"url\":\"https:\\\/\\\/www.ecoceutics.com\\\/ca\\\/\",\"logo\":{\"@type\":\"ImageObject\",\"inLanguage\":\"ca\",\"@id\":\"https:\\\/\\\/www.ecoceutics.com\\\/ca\\\/#\\\/schema\\\/logo\\\/image\\\/\",\"url\":\"https:\\\/\\\/www.ecoceutics.com\\\/wp-content\\\/uploads\\\/2022\\\/02\\\/Logo-Ecoceutics-SVG-01-1.svg\",\"contentUrl\":\"https:\\\/\\\/www.ecoceutics.com\\\/wp-content\\\/uploads\\\/2022\\\/02\\\/Logo-Ecoceutics-SVG-01-1.svg\",\"width\":232,\"height\":68,\"caption\":\"Ecoceutics\"},\"image\":{\"@id\":\"https:\\\/\\\/www.ecoceutics.com\\\/ca\\\/#\\\/schema\\\/logo\\\/image\\\/\"}},{\"@type\":\"Person\",\"@id\":\"https:\\\/\\\/www.ecoceutics.com\\\/ca\\\/#\\\/schema\\\/person\\\/1ea99343a86784e00a52c8744dfc7d83\",\"name\":\"Lorena Crosa\",\"image\":{\"@type\":\"ImageObject\",\"inLanguage\":\"ca\",\"@id\":\"https:\\\/\\\/www.ecoceutics.com\\\/wp-content\\\/uploads\\\/2024\\\/03\\\/Lorena-Crosa-100x100.jpg\",\"url\":\"https:\\\/\\\/www.ecoceutics.com\\\/wp-content\\\/uploads\\\/2024\\\/03\\\/Lorena-Crosa-100x100.jpg\",\"contentUrl\":\"https:\\\/\\\/www.ecoceutics.com\\\/wp-content\\\/uploads\\\/2024\\\/03\\\/Lorena-Crosa-100x100.jpg\",\"caption\":\"Lorena Crosa\"}}]}<\/script>\n<!-- \/ Yoast SEO plugin. -->","yoast_head_json":{"title":"Qu\u00e8 \u00e9s la gingivitis? S\u00edmptomes i tractament | Ecoceutics","description":"Saps qu\u00e8 \u00e9s la gingivitis? Descobreix quins s\u00edmptomes t\u00e9, les causes i el tractament per poder combatre aquesta malaltia de les genives","robots":{"index":"index","follow":"follow","max-snippet":"max-snippet:-1","max-image-preview":"max-image-preview:large","max-video-preview":"max-video-preview:-1"},"canonical":"https:\/\/www.ecoceutics.com\/ca\/respostes-de-salut\/salut\/gingivitis\/","og_locale":"ca_ES","og_type":"article","og_title":"Qu\u00e8 \u00e9s la gingivitis? S\u00edmptomes i tractament | Ecoceutics","og_description":"Saps qu\u00e8 \u00e9s la gingivitis? Descobreix quins s\u00edmptomes t\u00e9, les causes i el tractament per poder combatre aquesta malaltia de les genives","og_url":"https:\/\/www.ecoceutics.com\/ca\/respostes-de-salut\/salut\/gingivitis\/","og_site_name":"ecoceutics","article_published_time":"2022-04-26T08:00:50+00:00","article_modified_time":"2023-04-13T11:49:17+00:00","og_image":[{"width":2600,"height":1451,"url":"https:\/\/www.ecoceutics.com\/wp-content\/uploads\/2022\/02\/gingivitis-05.jpg","type":"image\/jpeg"}],"author":"Lorena Crosa","twitter_card":"summary_large_image","twitter_misc":{"Escrit per":"Lorena Crosa","Temps estimat de lectura":"3 minuts"},"schema":{"@context":"https:\/\/schema.org","@graph":[{"@type":"Article","@id":"https:\/\/www.ecoceutics.com\/ca\/respostes-de-salut\/salut\/gingivitis\/#article","isPartOf":{"@id":"https:\/\/www.ecoceutics.com\/ca\/respostes-de-salut\/salut\/gingivitis\/"},"author":{"name":"Lorena Crosa","@id":"https:\/\/www.ecoceutics.com\/ca\/#\/schema\/person\/1ea99343a86784e00a52c8744dfc7d83"},"headline":"Qu\u00e8 \u00e9s la gingivitis?","datePublished":"2022-04-26T08:00:50+00:00","dateModified":"2023-04-13T11:49:17+00:00","mainEntityOfPage":{"@id":"https:\/\/www.ecoceutics.com\/ca\/respostes-de-salut\/salut\/gingivitis\/"},"wordCount":578,"commentCount":0,"publisher":{"@id":"https:\/\/www.ecoceutics.com\/ca\/#organization"},"image":{"@id":"https:\/\/www.ecoceutics.com\/ca\/respostes-de-salut\/salut\/gingivitis\/#primaryimage"},"thumbnailUrl":"https:\/\/www.ecoceutics.com\/wp-content\/uploads\/2022\/02\/gingivitis-05.jpg","articleSection":["Respostes de salut","Salut"],"inLanguage":"ca","potentialAction":[{"@type":"CommentAction","name":"Comment","target":["https:\/\/www.ecoceutics.com\/ca\/respostes-de-salut\/salut\/gingivitis\/#respond"]}]},{"@type":"WebPage","@id":"https:\/\/www.ecoceutics.com\/ca\/respostes-de-salut\/salut\/gingivitis\/","url":"https:\/\/www.ecoceutics.com\/ca\/respostes-de-salut\/salut\/gingivitis\/","name":"Qu\u00e8 \u00e9s la gingivitis? S\u00edmptomes i tractament | Ecoceutics","isPartOf":{"@id":"https:\/\/www.ecoceutics.com\/ca\/#website"},"primaryImageOfPage":{"@id":"https:\/\/www.ecoceutics.com\/ca\/respostes-de-salut\/salut\/gingivitis\/#primaryimage"},"image":{"@id":"https:\/\/www.ecoceutics.com\/ca\/respostes-de-salut\/salut\/gingivitis\/#primaryimage"},"thumbnailUrl":"https:\/\/www.ecoceutics.com\/wp-content\/uploads\/2022\/02\/gingivitis-05.jpg","datePublished":"2022-04-26T08:00:50+00:00","dateModified":"2023-04-13T11:49:17+00:00","description":"Saps qu\u00e8 \u00e9s la gingivitis? Descobreix quins s\u00edmptomes t\u00e9, les causes i el tractament per poder combatre aquesta malaltia de les genives","breadcrumb":{"@id":"https:\/\/www.ecoceutics.com\/ca\/respostes-de-salut\/salut\/gingivitis\/#breadcrumb"},"inLanguage":"ca","potentialAction":[{"@type":"ReadAction","target":["https:\/\/www.ecoceutics.com\/ca\/respostes-de-salut\/salut\/gingivitis\/"]}]},{"@type":"ImageObject","inLanguage":"ca","@id":"https:\/\/www.ecoceutics.com\/ca\/respostes-de-salut\/salut\/gingivitis\/#primaryimage","url":"https:\/\/www.ecoceutics.com\/wp-content\/uploads\/2022\/02\/gingivitis-05.jpg","contentUrl":"https:\/\/www.ecoceutics.com\/wp-content\/uploads\/2022\/02\/gingivitis-05.jpg","width":2600,"height":1451,"caption":"\u00bfQu\u00e9 es la gingivitis? S\u00edntomas y tratamiento"},{"@type":"BreadcrumbList","@id":"https:\/\/www.ecoceutics.com\/ca\/respostes-de-salut\/salut\/gingivitis\/#breadcrumb","itemListElement":[{"@type":"ListItem","position":1,"name":"Portada","item":"https:\/\/www.ecoceutics.com\/ca\/"},{"@type":"ListItem","position":2,"name":"Qu\u00e8 \u00e9s la gingivitis?"}]},{"@type":"WebSite","@id":"https:\/\/www.ecoceutics.com\/ca\/#website","url":"https:\/\/www.ecoceutics.com\/ca\/","name":"ecoceutics","description":"Primera red de farmacias independientes bajo una marca","publisher":{"@id":"https:\/\/www.ecoceutics.com\/ca\/#organization"},"potentialAction":[{"@type":"SearchAction","target":{"@type":"EntryPoint","urlTemplate":"https:\/\/www.ecoceutics.com\/ca\/?s={search_term_string}"},"query-input":{"@type":"PropertyValueSpecification","valueRequired":true,"valueName":"search_term_string"}}],"inLanguage":"ca"},{"@type":"Organization","@id":"https:\/\/www.ecoceutics.com\/ca\/#organization","name":"Ecoceutics","url":"https:\/\/www.ecoceutics.com\/ca\/","logo":{"@type":"ImageObject","inLanguage":"ca","@id":"https:\/\/www.ecoceutics.com\/ca\/#\/schema\/logo\/image\/","url":"https:\/\/www.ecoceutics.com\/wp-content\/uploads\/2022\/02\/Logo-Ecoceutics-SVG-01-1.svg","contentUrl":"https:\/\/www.ecoceutics.com\/wp-content\/uploads\/2022\/02\/Logo-Ecoceutics-SVG-01-1.svg","width":232,"height":68,"caption":"Ecoceutics"},"image":{"@id":"https:\/\/www.ecoceutics.com\/ca\/#\/schema\/logo\/image\/"}},{"@type":"Person","@id":"https:\/\/www.ecoceutics.com\/ca\/#\/schema\/person\/1ea99343a86784e00a52c8744dfc7d83","name":"Lorena Crosa","image":{"@type":"ImageObject","inLanguage":"ca","@id":"https:\/\/www.ecoceutics.com\/wp-content\/uploads\/2024\/03\/Lorena-Crosa-100x100.jpg","url":"https:\/\/www.ecoceutics.com\/wp-content\/uploads\/2024\/03\/Lorena-Crosa-100x100.jpg","contentUrl":"https:\/\/www.ecoceutics.com\/wp-content\/uploads\/2024\/03\/Lorena-Crosa-100x100.jpg","caption":"Lorena Crosa"}}]}},"_links":{"self":[{"href":"https:\/\/www.ecoceutics.com\/ca\/wp-json\/wp\/v2\/posts\/23039","targetHints":{"allow":["GET"]}}],"collection":[{"href":"https:\/\/www.ecoceutics.com\/ca\/wp-json\/wp\/v2\/posts"}],"about":[{"href":"https:\/\/www.ecoceutics.com\/ca\/wp-json\/wp\/v2\/types\/post"}],"author":[{"embeddable":true,"href":"https:\/\/www.ecoceutics.com\/ca\/wp-json\/wp\/v2\/users\/4"}],"replies":[{"embeddable":true,"href":"https:\/\/www.ecoceutics.com\/ca\/wp-json\/wp\/v2\/comments?post=23039"}],"version-history":[{"count":0,"href":"https:\/\/www.ecoceutics.com\/ca\/wp-json\/wp\/v2\/posts\/23039\/revisions"}],"wp:featuredmedia":[{"embeddable":true,"href":"https:\/\/www.ecoceutics.com\/ca\/wp-json\/wp\/v2\/media\/23037"}],"wp:attachment":[{"href":"https:\/\/www.ecoceutics.com\/ca\/wp-json\/wp\/v2\/media?parent=23039"}],"wp:term":[{"taxonomy":"category","embeddable":true,"href":"https:\/\/www.ecoceutics.com\/ca\/wp-json\/wp\/v2\/categories?post=23039"},{"taxonomy":"post_tag","embeddable":true,"href":"https:\/\/www.ecoceutics.com\/ca\/wp-json\/wp\/v2\/tags?post=23039"}],"curies":[{"name":"wp","href":"https:\/\/api.w.org\/{rel}","templated":true}]}}