{"id":25336,"date":"2022-03-22T17:25:53","date_gmt":"2022-03-22T16:25:53","guid":{"rendered":"https:\/\/www.ecoceutics.com\/respostes-de-salut\/salut\/como-hacer-un-plan-de-acogida-en-la-farmacia\/"},"modified":"2024-02-02T13:36:05","modified_gmt":"2024-02-02T12:36:05","slug":"com-fer-un-pla-acolida-farmacia","status":"publish","type":"post","link":"https:\/\/www.ecoceutics.com\/ca\/per-professionals-de-la-salut\/com-fer-un-pla-acolida-farmacia\/","title":{"rendered":"Com fer un pla d&#8217;acollida a la farm\u00e0cia?"},"content":{"rendered":"\n<div id=\"ez-toc-container\" class=\"ez-toc-v2_0_82_2 counter-hierarchy ez-toc-counter ez-toc-custom ez-toc-container-direction\">\n<div class=\"ez-toc-title-container\">\n<p class=\"ez-toc-title\" style=\"cursor:inherit\">Contenido de la p\u00e1gina<\/p>\n<span class=\"ez-toc-title-toggle\"><a href=\"#\" class=\"ez-toc-pull-right ez-toc-btn ez-toc-btn-xs ez-toc-btn-default ez-toc-toggle\" aria-label=\"Toggle Table of Content\"><span class=\"ez-toc-js-icon-con\"><span class=\"\"><span class=\"eztoc-hide\" style=\"display:none;\">Toggle<\/span><span class=\"ez-toc-icon-toggle-span\"><svg style=\"fill: #333333;color:#333333\" xmlns=\"http:\/\/www.w3.org\/2000\/svg\" class=\"list-377408\" width=\"20px\" height=\"20px\" viewBox=\"0 0 24 24\" fill=\"none\"><path d=\"M6 6H4v2h2V6zm14 0H8v2h12V6zM4 11h2v2H4v-2zm16 0H8v2h12v-2zM4 16h2v2H4v-2zm16 0H8v2h12v-2z\" fill=\"currentColor\"><\/path><\/svg><svg style=\"fill: #333333;color:#333333\" class=\"arrow-unsorted-368013\" xmlns=\"http:\/\/www.w3.org\/2000\/svg\" width=\"10px\" height=\"10px\" viewBox=\"0 0 24 24\" version=\"1.2\" baseProfile=\"tiny\"><path d=\"M18.2 9.3l-6.2-6.3-6.2 6.3c-.2.2-.3.4-.3.7s.1.5.3.7c.2.2.4.3.7.3h11c.3 0 .5-.1.7-.3.2-.2.3-.5.3-.7s-.1-.5-.3-.7zM5.8 14.7l6.2 6.3 6.2-6.3c.2-.2.3-.5.3-.7s-.1-.5-.3-.7c-.2-.2-.4-.3-.7-.3h-11c-.3 0-.5.1-.7.3-.2.2-.3.5-.3.7s.1.5.3.7z\"\/><\/svg><\/span><\/span><\/span><\/a><\/span><\/div>\n<nav><ul class='ez-toc-list ez-toc-list-level-1 ' ><li class='ez-toc-page-1 ez-toc-heading-level-2'><a class=\"ez-toc-link ez-toc-heading-1\" href=\"https:\/\/www.ecoceutics.com\/ca\/per-professionals-de-la-salut\/com-fer-un-pla-acolida-farmacia\/#quins-objectius-te-un-pla-dacollida\" >Quins objectius t\u00e9 un pla d\u2019acollida?<\/a><\/li><li class='ez-toc-page-1 ez-toc-heading-level-2'><a class=\"ez-toc-link ez-toc-heading-2\" href=\"https:\/\/www.ecoceutics.com\/ca\/per-professionals-de-la-salut\/com-fer-un-pla-acolida-farmacia\/#com-recomanem-elaborar-un-pla-dacollida\" >Com recomanem elaborar un pla d\u2019acollida?<\/a><\/li><li class='ez-toc-page-1 ez-toc-heading-level-2'><a class=\"ez-toc-link ez-toc-heading-3\" href=\"https:\/\/www.ecoceutics.com\/ca\/per-professionals-de-la-salut\/com-fer-un-pla-acolida-farmacia\/#exemples-dinformacio-a-incloure\" >Exemples d\u2019informaci\u00f3 a incloure:<\/a><\/li><li class='ez-toc-page-1 ez-toc-heading-level-2'><a class=\"ez-toc-link ez-toc-heading-4\" href=\"https:\/\/www.ecoceutics.com\/ca\/per-professionals-de-la-salut\/com-fer-un-pla-acolida-farmacia\/#quins-son-els-principals-beneficis-te-fer-un-pla-dacollida\" >Quins s\u00f3n els principals beneficis t\u00e9 fer un pla d\u2019acollida?<\/a><\/li><\/ul><\/nav><\/div>\n<h2 class=\"wp-block-heading\"><span class=\"ez-toc-section\" id=\"quins-objectius-te-un-pla-dacollida\"><\/span><strong>Quins objectius t\u00e9 un pla d\u2019acollida?<\/strong><span class=\"ez-toc-section-end\"><\/span><\/h2>\n\n\n\n<ol class=\"wp-block-list\" type=\"1\"><li>Facilitar l\u2019adaptaci\u00f3<\/li><li>Identificar que s\u2019espera de la persona<\/li><li>Identificar els objectius<\/li><li>Incrementar el grau d\u2019implicaci\u00f3<\/li><li>Millorar la imatge que l\u2019empresa projecta cap als membres de l\u2019equip<\/li><\/ol>\n\n\n\n<p>El pla d\u2019acollida t\u00e9 molta rellev\u00e0ncia, m\u00e9s de la que ens podem imaginar. \u00c9s el segon punt de contacte del treballador amb la farm\u00e0cia i dep\u00e8n de com sigui el proc\u00e9s d\u2019onboarding amb el membre de l\u2019equip, comen\u00e7ar\u00e0s a determinar la teva relaci\u00f3 amb ell.<\/p>\n\n\n\n<h2 class=\"wp-block-heading\"><span class=\"ez-toc-section\" id=\"com-recomanem-elaborar-un-pla-dacollida\"><\/span><strong>Com recomanem elaborar un pla d\u2019acollida?<\/strong><span class=\"ez-toc-section-end\"><\/span><\/h2>\n\n\n\n<p>Recomanem que el pla inclogui tres fases claus:<\/p>\n\n\n\n<ol class=\"wp-block-list\" type=\"1\"><li>Dimensi\u00f3 general del pla d\u2019acollida<\/li><li>Dimensi\u00f3 espec\u00edfica<\/li><li>Dimensi\u00f3 formativa<\/li><\/ol>\n\n\n\n<h2 class=\"wp-block-heading\"><span class=\"ez-toc-section\" id=\"exemples-dinformacio-a-incloure\"><\/span>Exemples d\u2019informaci\u00f3 a incloure:<span class=\"ez-toc-section-end\"><\/span><\/h2>\n\n\n\n<ol class=\"wp-block-list\" type=\"1\"><li>Informaci\u00f3 de la farm\u00e0cia<\/li><li>Objectius de la farm\u00e0cia<\/li><li>Valors de la farm\u00e0cia<\/li><li>Dades importants del lloc de feina<\/li><li>Tasques a realitzar<\/li><li>Horari<\/li><li>Dies de vacances<\/li><li>A qui adre\u00e7ar-se en cas de&#8230;<\/li><li>Proc\u00e9s de formaci\u00f3 \u00e7<\/li><li>Eines de comunicaci\u00f3 interna<\/li><\/ol>\n\n\n\n<h2 class=\"wp-block-heading\"><span class=\"ez-toc-section\" id=\"quins-son-els-principals-beneficis-te-fer-un-pla-dacollida\"><\/span>Quins s\u00f3n els principals beneficis t\u00e9 fer un pla d\u2019acollida?<span class=\"ez-toc-section-end\"><\/span><\/h2>\n\n\n\n<ul class=\"wp-block-list\"><li>Retindre el talent<\/li><li>Impulsar el creixement dins de l\u2019empresa<\/li><li>Gestionar les expectatives<\/li><li>Crear vincles emocionals entre la farm\u00e0cia i el membre de l\u2019equip<\/li><li>Contribueix a que la integraci\u00f3 sigui m\u00e9s r\u00e0pida<\/li><\/ul>\n","protected":false},"excerpt":{"rendered":"<p>Quins objectius t\u00e9 un pla d\u2019acollida? Facilitar l\u2019adaptaci\u00f3 Identificar que s\u2019espera de la persona Identificar els objectius Incrementar el grau d\u2019implicaci\u00f3 Millorar la imatge que l\u2019empresa projecta cap als membres de l\u2019equip El pla d\u2019acollida t\u00e9 molta rellev\u00e0ncia, m\u00e9s de la que ens podem imaginar. \u00c9s el segon punt de contacte del treballador amb la [&hellip;]<\/p>\n","protected":false},"author":4,"featured_media":25335,"comment_status":"open","ping_status":"open","sticky":false,"template":"","format":"standard","meta":{"_acf_changed":false,"inline_featured_image":false,"_mbp_gutenberg_autopost":false,"footnotes":""},"categories":[71,433],"tags":[],"class_list":["post-25336","post","type-post","status-publish","format-standard","has-post-thumbnail","hentry","category-per-professionals-de-la-salut","category-publicacions-per-a-farmaceutics"],"acf":[],"yoast_head":"<!-- This site is optimized with the Yoast SEO plugin v27.5 - https:\/\/yoast.com\/product\/yoast-seo-wordpress\/ -->\n<title>Com fer un pla d&#039;acollida a la farm\u00e0cia? - ecoceutics<\/title>\n<meta name=\"description\" content=\"Recomanem 3 frases claus: en primer lloc la dimensi\u00f3 general del pla d&#039;acolliment, la dimensi\u00f3 espec\u00edfica i la dimensi\u00f3 formativa.\" \/>\n<meta name=\"robots\" content=\"index, follow, max-snippet:-1, max-image-preview:large, max-video-preview:-1\" \/>\n<link rel=\"canonical\" href=\"https:\/\/www.ecoceutics.com\/ca\/per-professionals-de-la-salut\/com-fer-un-pla-acolida-farmacia\/\" \/>\n<meta property=\"og:locale\" content=\"ca_ES\" \/>\n<meta property=\"og:type\" content=\"article\" \/>\n<meta property=\"og:title\" content=\"Com fer un pla d&#039;acollida a la farm\u00e0cia? - ecoceutics\" \/>\n<meta property=\"og:description\" content=\"Recomanem 3 frases claus: en primer lloc la dimensi\u00f3 general del pla d&#039;acolliment, la dimensi\u00f3 espec\u00edfica i la dimensi\u00f3 formativa.\" \/>\n<meta property=\"og:url\" content=\"https:\/\/www.ecoceutics.com\/ca\/per-professionals-de-la-salut\/com-fer-un-pla-acolida-farmacia\/\" \/>\n<meta property=\"og:site_name\" content=\"ecoceutics\" \/>\n<meta property=\"article:published_time\" content=\"2022-03-22T16:25:53+00:00\" \/>\n<meta property=\"article:modified_time\" content=\"2024-02-02T12:36:05+00:00\" \/>\n<meta property=\"og:image\" content=\"https:\/\/www.ecoceutics.com\/wp-content\/uploads\/2022\/03\/pexels-polina-zimmerman-3747455.jpg\" \/>\n\t<meta property=\"og:image:width\" content=\"2600\" \/>\n\t<meta property=\"og:image:height\" content=\"1733\" \/>\n\t<meta property=\"og:image:type\" content=\"image\/jpeg\" \/>\n<meta name=\"author\" content=\"Lorena Crosa\" \/>\n<meta name=\"twitter:card\" content=\"summary_large_image\" \/>\n<meta name=\"twitter:label1\" content=\"Escrit per\" \/>\n\t<meta name=\"twitter:data1\" content=\"Lorena Crosa\" \/>\n\t<meta name=\"twitter:label2\" content=\"Temps estimat de lectura\" \/>\n\t<meta name=\"twitter:data2\" content=\"1 minut\" \/>\n<script type=\"application\/ld+json\" class=\"yoast-schema-graph\">{\"@context\":\"https:\\\/\\\/schema.org\",\"@graph\":[{\"@type\":\"Article\",\"@id\":\"https:\\\/\\\/www.ecoceutics.com\\\/ca\\\/per-professionals-de-la-salut\\\/com-fer-un-pla-acolida-farmacia\\\/#article\",\"isPartOf\":{\"@id\":\"https:\\\/\\\/www.ecoceutics.com\\\/ca\\\/per-professionals-de-la-salut\\\/com-fer-un-pla-acolida-farmacia\\\/\"},\"author\":{\"name\":\"Lorena Crosa\",\"@id\":\"https:\\\/\\\/www.ecoceutics.com\\\/ca\\\/#\\\/schema\\\/person\\\/1ea99343a86784e00a52c8744dfc7d83\"},\"headline\":\"Com fer un pla d&#8217;acollida a la farm\u00e0cia?\",\"datePublished\":\"2022-03-22T16:25:53+00:00\",\"dateModified\":\"2024-02-02T12:36:05+00:00\",\"mainEntityOfPage\":{\"@id\":\"https:\\\/\\\/www.ecoceutics.com\\\/ca\\\/per-professionals-de-la-salut\\\/com-fer-un-pla-acolida-farmacia\\\/\"},\"wordCount\":225,\"commentCount\":0,\"publisher\":{\"@id\":\"https:\\\/\\\/www.ecoceutics.com\\\/ca\\\/#organization\"},\"image\":{\"@id\":\"https:\\\/\\\/www.ecoceutics.com\\\/ca\\\/per-professionals-de-la-salut\\\/com-fer-un-pla-acolida-farmacia\\\/#primaryimage\"},\"thumbnailUrl\":\"https:\\\/\\\/www.ecoceutics.com\\\/wp-content\\\/uploads\\\/2022\\\/03\\\/pexels-polina-zimmerman-3747455.jpg\",\"articleSection\":[\"Per professionals de la salut\",\"Publicacions per a farmac\u00e8utics\"],\"inLanguage\":\"ca\",\"potentialAction\":[{\"@type\":\"CommentAction\",\"name\":\"Comment\",\"target\":[\"https:\\\/\\\/www.ecoceutics.com\\\/ca\\\/per-professionals-de-la-salut\\\/com-fer-un-pla-acolida-farmacia\\\/#respond\"]}]},{\"@type\":\"WebPage\",\"@id\":\"https:\\\/\\\/www.ecoceutics.com\\\/ca\\\/per-professionals-de-la-salut\\\/com-fer-un-pla-acolida-farmacia\\\/\",\"url\":\"https:\\\/\\\/www.ecoceutics.com\\\/ca\\\/per-professionals-de-la-salut\\\/com-fer-un-pla-acolida-farmacia\\\/\",\"name\":\"Com fer un pla d'acollida a la farm\u00e0cia? - ecoceutics\",\"isPartOf\":{\"@id\":\"https:\\\/\\\/www.ecoceutics.com\\\/ca\\\/#website\"},\"primaryImageOfPage\":{\"@id\":\"https:\\\/\\\/www.ecoceutics.com\\\/ca\\\/per-professionals-de-la-salut\\\/com-fer-un-pla-acolida-farmacia\\\/#primaryimage\"},\"image\":{\"@id\":\"https:\\\/\\\/www.ecoceutics.com\\\/ca\\\/per-professionals-de-la-salut\\\/com-fer-un-pla-acolida-farmacia\\\/#primaryimage\"},\"thumbnailUrl\":\"https:\\\/\\\/www.ecoceutics.com\\\/wp-content\\\/uploads\\\/2022\\\/03\\\/pexels-polina-zimmerman-3747455.jpg\",\"datePublished\":\"2022-03-22T16:25:53+00:00\",\"dateModified\":\"2024-02-02T12:36:05+00:00\",\"description\":\"Recomanem 3 frases claus: en primer lloc la dimensi\u00f3 general del pla d'acolliment, la dimensi\u00f3 espec\u00edfica i la dimensi\u00f3 formativa.\",\"breadcrumb\":{\"@id\":\"https:\\\/\\\/www.ecoceutics.com\\\/ca\\\/per-professionals-de-la-salut\\\/com-fer-un-pla-acolida-farmacia\\\/#breadcrumb\"},\"inLanguage\":\"ca\",\"potentialAction\":[{\"@type\":\"ReadAction\",\"target\":[\"https:\\\/\\\/www.ecoceutics.com\\\/ca\\\/per-professionals-de-la-salut\\\/com-fer-un-pla-acolida-farmacia\\\/\"]}]},{\"@type\":\"ImageObject\",\"inLanguage\":\"ca\",\"@id\":\"https:\\\/\\\/www.ecoceutics.com\\\/ca\\\/per-professionals-de-la-salut\\\/com-fer-un-pla-acolida-farmacia\\\/#primaryimage\",\"url\":\"https:\\\/\\\/www.ecoceutics.com\\\/wp-content\\\/uploads\\\/2022\\\/03\\\/pexels-polina-zimmerman-3747455.jpg\",\"contentUrl\":\"https:\\\/\\\/www.ecoceutics.com\\\/wp-content\\\/uploads\\\/2022\\\/03\\\/pexels-polina-zimmerman-3747455.jpg\",\"width\":2600,\"height\":1733,\"caption\":\"plan de acogida farmacia\"},{\"@type\":\"BreadcrumbList\",\"@id\":\"https:\\\/\\\/www.ecoceutics.com\\\/ca\\\/per-professionals-de-la-salut\\\/com-fer-un-pla-acolida-farmacia\\\/#breadcrumb\",\"itemListElement\":[{\"@type\":\"ListItem\",\"position\":1,\"name\":\"Portada\",\"item\":\"https:\\\/\\\/www.ecoceutics.com\\\/ca\\\/\"},{\"@type\":\"ListItem\",\"position\":2,\"name\":\"Com fer un pla d&#8217;acollida a la farm\u00e0cia?\"}]},{\"@type\":\"WebSite\",\"@id\":\"https:\\\/\\\/www.ecoceutics.com\\\/ca\\\/#website\",\"url\":\"https:\\\/\\\/www.ecoceutics.com\\\/ca\\\/\",\"name\":\"ecoceutics\",\"description\":\"Primera red de farmacias independientes bajo una marca\",\"publisher\":{\"@id\":\"https:\\\/\\\/www.ecoceutics.com\\\/ca\\\/#organization\"},\"potentialAction\":[{\"@type\":\"SearchAction\",\"target\":{\"@type\":\"EntryPoint\",\"urlTemplate\":\"https:\\\/\\\/www.ecoceutics.com\\\/ca\\\/?s={search_term_string}\"},\"query-input\":{\"@type\":\"PropertyValueSpecification\",\"valueRequired\":true,\"valueName\":\"search_term_string\"}}],\"inLanguage\":\"ca\"},{\"@type\":\"Organization\",\"@id\":\"https:\\\/\\\/www.ecoceutics.com\\\/ca\\\/#organization\",\"name\":\"Ecoceutics\",\"url\":\"https:\\\/\\\/www.ecoceutics.com\\\/ca\\\/\",\"logo\":{\"@type\":\"ImageObject\",\"inLanguage\":\"ca\",\"@id\":\"https:\\\/\\\/www.ecoceutics.com\\\/ca\\\/#\\\/schema\\\/logo\\\/image\\\/\",\"url\":\"https:\\\/\\\/www.ecoceutics.com\\\/wp-content\\\/uploads\\\/2022\\\/02\\\/Logo-Ecoceutics-SVG-01-1.svg\",\"contentUrl\":\"https:\\\/\\\/www.ecoceutics.com\\\/wp-content\\\/uploads\\\/2022\\\/02\\\/Logo-Ecoceutics-SVG-01-1.svg\",\"width\":232,\"height\":68,\"caption\":\"Ecoceutics\"},\"image\":{\"@id\":\"https:\\\/\\\/www.ecoceutics.com\\\/ca\\\/#\\\/schema\\\/logo\\\/image\\\/\"}},{\"@type\":\"Person\",\"@id\":\"https:\\\/\\\/www.ecoceutics.com\\\/ca\\\/#\\\/schema\\\/person\\\/1ea99343a86784e00a52c8744dfc7d83\",\"name\":\"Lorena Crosa\",\"image\":{\"@type\":\"ImageObject\",\"inLanguage\":\"ca\",\"@id\":\"https:\\\/\\\/www.ecoceutics.com\\\/wp-content\\\/uploads\\\/2024\\\/03\\\/Lorena-Crosa-100x100.jpg\",\"url\":\"https:\\\/\\\/www.ecoceutics.com\\\/wp-content\\\/uploads\\\/2024\\\/03\\\/Lorena-Crosa-100x100.jpg\",\"contentUrl\":\"https:\\\/\\\/www.ecoceutics.com\\\/wp-content\\\/uploads\\\/2024\\\/03\\\/Lorena-Crosa-100x100.jpg\",\"caption\":\"Lorena Crosa\"}}]}<\/script>\n<!-- \/ Yoast SEO plugin. -->","yoast_head_json":{"title":"Com fer un pla d'acollida a la farm\u00e0cia? - ecoceutics","description":"Recomanem 3 frases claus: en primer lloc la dimensi\u00f3 general del pla d'acolliment, la dimensi\u00f3 espec\u00edfica i la dimensi\u00f3 formativa.","robots":{"index":"index","follow":"follow","max-snippet":"max-snippet:-1","max-image-preview":"max-image-preview:large","max-video-preview":"max-video-preview:-1"},"canonical":"https:\/\/www.ecoceutics.com\/ca\/per-professionals-de-la-salut\/com-fer-un-pla-acolida-farmacia\/","og_locale":"ca_ES","og_type":"article","og_title":"Com fer un pla d'acollida a la farm\u00e0cia? - ecoceutics","og_description":"Recomanem 3 frases claus: en primer lloc la dimensi\u00f3 general del pla d'acolliment, la dimensi\u00f3 espec\u00edfica i la dimensi\u00f3 formativa.","og_url":"https:\/\/www.ecoceutics.com\/ca\/per-professionals-de-la-salut\/com-fer-un-pla-acolida-farmacia\/","og_site_name":"ecoceutics","article_published_time":"2022-03-22T16:25:53+00:00","article_modified_time":"2024-02-02T12:36:05+00:00","og_image":[{"width":2600,"height":1733,"url":"https:\/\/www.ecoceutics.com\/wp-content\/uploads\/2022\/03\/pexels-polina-zimmerman-3747455.jpg","type":"image\/jpeg"}],"author":"Lorena Crosa","twitter_card":"summary_large_image","twitter_misc":{"Escrit per":"Lorena Crosa","Temps estimat de lectura":"1 minut"},"schema":{"@context":"https:\/\/schema.org","@graph":[{"@type":"Article","@id":"https:\/\/www.ecoceutics.com\/ca\/per-professionals-de-la-salut\/com-fer-un-pla-acolida-farmacia\/#article","isPartOf":{"@id":"https:\/\/www.ecoceutics.com\/ca\/per-professionals-de-la-salut\/com-fer-un-pla-acolida-farmacia\/"},"author":{"name":"Lorena Crosa","@id":"https:\/\/www.ecoceutics.com\/ca\/#\/schema\/person\/1ea99343a86784e00a52c8744dfc7d83"},"headline":"Com fer un pla d&#8217;acollida a la farm\u00e0cia?","datePublished":"2022-03-22T16:25:53+00:00","dateModified":"2024-02-02T12:36:05+00:00","mainEntityOfPage":{"@id":"https:\/\/www.ecoceutics.com\/ca\/per-professionals-de-la-salut\/com-fer-un-pla-acolida-farmacia\/"},"wordCount":225,"commentCount":0,"publisher":{"@id":"https:\/\/www.ecoceutics.com\/ca\/#organization"},"image":{"@id":"https:\/\/www.ecoceutics.com\/ca\/per-professionals-de-la-salut\/com-fer-un-pla-acolida-farmacia\/#primaryimage"},"thumbnailUrl":"https:\/\/www.ecoceutics.com\/wp-content\/uploads\/2022\/03\/pexels-polina-zimmerman-3747455.jpg","articleSection":["Per professionals de la salut","Publicacions per a farmac\u00e8utics"],"inLanguage":"ca","potentialAction":[{"@type":"CommentAction","name":"Comment","target":["https:\/\/www.ecoceutics.com\/ca\/per-professionals-de-la-salut\/com-fer-un-pla-acolida-farmacia\/#respond"]}]},{"@type":"WebPage","@id":"https:\/\/www.ecoceutics.com\/ca\/per-professionals-de-la-salut\/com-fer-un-pla-acolida-farmacia\/","url":"https:\/\/www.ecoceutics.com\/ca\/per-professionals-de-la-salut\/com-fer-un-pla-acolida-farmacia\/","name":"Com fer un pla d'acollida a la farm\u00e0cia? - ecoceutics","isPartOf":{"@id":"https:\/\/www.ecoceutics.com\/ca\/#website"},"primaryImageOfPage":{"@id":"https:\/\/www.ecoceutics.com\/ca\/per-professionals-de-la-salut\/com-fer-un-pla-acolida-farmacia\/#primaryimage"},"image":{"@id":"https:\/\/www.ecoceutics.com\/ca\/per-professionals-de-la-salut\/com-fer-un-pla-acolida-farmacia\/#primaryimage"},"thumbnailUrl":"https:\/\/www.ecoceutics.com\/wp-content\/uploads\/2022\/03\/pexels-polina-zimmerman-3747455.jpg","datePublished":"2022-03-22T16:25:53+00:00","dateModified":"2024-02-02T12:36:05+00:00","description":"Recomanem 3 frases claus: en primer lloc la dimensi\u00f3 general del pla d'acolliment, la dimensi\u00f3 espec\u00edfica i la dimensi\u00f3 formativa.","breadcrumb":{"@id":"https:\/\/www.ecoceutics.com\/ca\/per-professionals-de-la-salut\/com-fer-un-pla-acolida-farmacia\/#breadcrumb"},"inLanguage":"ca","potentialAction":[{"@type":"ReadAction","target":["https:\/\/www.ecoceutics.com\/ca\/per-professionals-de-la-salut\/com-fer-un-pla-acolida-farmacia\/"]}]},{"@type":"ImageObject","inLanguage":"ca","@id":"https:\/\/www.ecoceutics.com\/ca\/per-professionals-de-la-salut\/com-fer-un-pla-acolida-farmacia\/#primaryimage","url":"https:\/\/www.ecoceutics.com\/wp-content\/uploads\/2022\/03\/pexels-polina-zimmerman-3747455.jpg","contentUrl":"https:\/\/www.ecoceutics.com\/wp-content\/uploads\/2022\/03\/pexels-polina-zimmerman-3747455.jpg","width":2600,"height":1733,"caption":"plan de acogida farmacia"},{"@type":"BreadcrumbList","@id":"https:\/\/www.ecoceutics.com\/ca\/per-professionals-de-la-salut\/com-fer-un-pla-acolida-farmacia\/#breadcrumb","itemListElement":[{"@type":"ListItem","position":1,"name":"Portada","item":"https:\/\/www.ecoceutics.com\/ca\/"},{"@type":"ListItem","position":2,"name":"Com fer un pla d&#8217;acollida a la farm\u00e0cia?"}]},{"@type":"WebSite","@id":"https:\/\/www.ecoceutics.com\/ca\/#website","url":"https:\/\/www.ecoceutics.com\/ca\/","name":"ecoceutics","description":"Primera red de farmacias independientes bajo una marca","publisher":{"@id":"https:\/\/www.ecoceutics.com\/ca\/#organization"},"potentialAction":[{"@type":"SearchAction","target":{"@type":"EntryPoint","urlTemplate":"https:\/\/www.ecoceutics.com\/ca\/?s={search_term_string}"},"query-input":{"@type":"PropertyValueSpecification","valueRequired":true,"valueName":"search_term_string"}}],"inLanguage":"ca"},{"@type":"Organization","@id":"https:\/\/www.ecoceutics.com\/ca\/#organization","name":"Ecoceutics","url":"https:\/\/www.ecoceutics.com\/ca\/","logo":{"@type":"ImageObject","inLanguage":"ca","@id":"https:\/\/www.ecoceutics.com\/ca\/#\/schema\/logo\/image\/","url":"https:\/\/www.ecoceutics.com\/wp-content\/uploads\/2022\/02\/Logo-Ecoceutics-SVG-01-1.svg","contentUrl":"https:\/\/www.ecoceutics.com\/wp-content\/uploads\/2022\/02\/Logo-Ecoceutics-SVG-01-1.svg","width":232,"height":68,"caption":"Ecoceutics"},"image":{"@id":"https:\/\/www.ecoceutics.com\/ca\/#\/schema\/logo\/image\/"}},{"@type":"Person","@id":"https:\/\/www.ecoceutics.com\/ca\/#\/schema\/person\/1ea99343a86784e00a52c8744dfc7d83","name":"Lorena Crosa","image":{"@type":"ImageObject","inLanguage":"ca","@id":"https:\/\/www.ecoceutics.com\/wp-content\/uploads\/2024\/03\/Lorena-Crosa-100x100.jpg","url":"https:\/\/www.ecoceutics.com\/wp-content\/uploads\/2024\/03\/Lorena-Crosa-100x100.jpg","contentUrl":"https:\/\/www.ecoceutics.com\/wp-content\/uploads\/2024\/03\/Lorena-Crosa-100x100.jpg","caption":"Lorena Crosa"}}]}},"_links":{"self":[{"href":"https:\/\/www.ecoceutics.com\/ca\/wp-json\/wp\/v2\/posts\/25336","targetHints":{"allow":["GET"]}}],"collection":[{"href":"https:\/\/www.ecoceutics.com\/ca\/wp-json\/wp\/v2\/posts"}],"about":[{"href":"https:\/\/www.ecoceutics.com\/ca\/wp-json\/wp\/v2\/types\/post"}],"author":[{"embeddable":true,"href":"https:\/\/www.ecoceutics.com\/ca\/wp-json\/wp\/v2\/users\/4"}],"replies":[{"embeddable":true,"href":"https:\/\/www.ecoceutics.com\/ca\/wp-json\/wp\/v2\/comments?post=25336"}],"version-history":[{"count":0,"href":"https:\/\/www.ecoceutics.com\/ca\/wp-json\/wp\/v2\/posts\/25336\/revisions"}],"wp:featuredmedia":[{"embeddable":true,"href":"https:\/\/www.ecoceutics.com\/ca\/wp-json\/wp\/v2\/media\/25335"}],"wp:attachment":[{"href":"https:\/\/www.ecoceutics.com\/ca\/wp-json\/wp\/v2\/media?parent=25336"}],"wp:term":[{"taxonomy":"category","embeddable":true,"href":"https:\/\/www.ecoceutics.com\/ca\/wp-json\/wp\/v2\/categories?post=25336"},{"taxonomy":"post_tag","embeddable":true,"href":"https:\/\/www.ecoceutics.com\/ca\/wp-json\/wp\/v2\/tags?post=25336"}],"curies":[{"name":"wp","href":"https:\/\/api.w.org\/{rel}","templated":true}]}}