{"id":25642,"date":"2022-05-10T10:00:00","date_gmt":"2022-05-10T08:00:00","guid":{"rendered":"https:\/\/www.ecoceutics.com\/?p=25642"},"modified":"2024-08-09T10:38:45","modified_gmt":"2024-08-09T08:38:45","slug":"entrevista-nuria-coll","status":"publish","type":"post","link":"https:\/\/www.ecoceutics.com\/ca\/respostes-de-salut\/salut\/entrevista-nuria-coll\/","title":{"rendered":"Entrevista sobre alimentaci\u00f3 a N\u00faria Coll"},"content":{"rendered":"\r\n<p>N\u00faria Coll \u00e9s periodista fundadora i directora d\u2019<a href=\"https:\/\/etselquemenges.cat\/\" target=\"_blank\" rel=\"noreferrer noopener\">etselquemenges.cat<\/a> (2011) i <a href=\"https:\/\/soycomocomo.es\/\" target=\"_blank\" rel=\"noreferrer noopener\">soycomocomo.es <\/a>(2013), la revista online que difon els coneixements sobre nutrici\u00f3 avalats per dietistes i nutricionistes de forma rigorosa, contrastada i innovadora. Li interessa la nutrici\u00f3 des de fa anys i defensa un periodisme m\u00e9s especialitzat en el camp de la salut. Col\u00b7labora amb el programa Divendres de TV3 i a La Tribu de Catalunya R\u00e0dio. \u00c9s autora de la novel\u00b7la Tots els llocs em recorden a tu, publicada per Columna Edicions.<\/p>\r\n\r\n\r\n\r\n<div id=\"ez-toc-container\" class=\"ez-toc-v2_0_82_2 counter-hierarchy ez-toc-counter ez-toc-custom ez-toc-container-direction\">\n<div class=\"ez-toc-title-container\">\n<p class=\"ez-toc-title\" style=\"cursor:inherit\">Contenido de la p\u00e1gina<\/p>\n<span class=\"ez-toc-title-toggle\"><a href=\"#\" class=\"ez-toc-pull-right ez-toc-btn ez-toc-btn-xs ez-toc-btn-default ez-toc-toggle\" aria-label=\"Toggle Table of Content\"><span class=\"ez-toc-js-icon-con\"><span class=\"\"><span class=\"eztoc-hide\" style=\"display:none;\">Toggle<\/span><span class=\"ez-toc-icon-toggle-span\"><svg style=\"fill: #333333;color:#333333\" xmlns=\"http:\/\/www.w3.org\/2000\/svg\" class=\"list-377408\" width=\"20px\" height=\"20px\" viewBox=\"0 0 24 24\" fill=\"none\"><path d=\"M6 6H4v2h2V6zm14 0H8v2h12V6zM4 11h2v2H4v-2zm16 0H8v2h12v-2zM4 16h2v2H4v-2zm16 0H8v2h12v-2z\" fill=\"currentColor\"><\/path><\/svg><svg style=\"fill: #333333;color:#333333\" class=\"arrow-unsorted-368013\" xmlns=\"http:\/\/www.w3.org\/2000\/svg\" width=\"10px\" height=\"10px\" viewBox=\"0 0 24 24\" version=\"1.2\" baseProfile=\"tiny\"><path d=\"M18.2 9.3l-6.2-6.3-6.2 6.3c-.2.2-.3.4-.3.7s.1.5.3.7c.2.2.4.3.7.3h11c.3 0 .5-.1.7-.3.2-.2.3-.5.3-.7s-.1-.5-.3-.7zM5.8 14.7l6.2 6.3 6.2-6.3c.2-.2.3-.5.3-.7s-.1-.5-.3-.7c-.2-.2-.4-.3-.7-.3h-11c-.3 0-.5.1-.7.3-.2.2-.3.5-.3.7s.1.5.3.7z\"\/><\/svg><\/span><\/span><\/span><\/a><\/span><\/div>\n<nav><ul class='ez-toc-list ez-toc-list-level-1 ' ><li class='ez-toc-page-1 ez-toc-heading-level-3'><a class=\"ez-toc-link ez-toc-heading-1\" href=\"https:\/\/www.ecoceutics.com\/ca\/respostes-de-salut\/salut\/entrevista-nuria-coll\/#quins-aliments-hem-de-prendre-a-la-primavera-per-a-una-bona-salut\" >Quins aliments hem de prendre a la primavera per a una bona salut?<\/a><\/li><li class='ez-toc-page-1 ez-toc-heading-level-3'><a class=\"ez-toc-link ez-toc-heading-2\" href=\"https:\/\/www.ecoceutics.com\/ca\/respostes-de-salut\/salut\/entrevista-nuria-coll\/#per-que-es-un-bon-moment-per-comencar-una-dieta\" >Per qu\u00e8 \u00e9s un bon moment per comen\u00e7ar una dieta?<\/a><\/li><li class='ez-toc-page-1 ez-toc-heading-level-3'><a class=\"ez-toc-link ez-toc-heading-3\" href=\"https:\/\/www.ecoceutics.com\/ca\/respostes-de-salut\/salut\/entrevista-nuria-coll\/#quina-es-la-dieta-mes-indicada-per-als-nens-en-aquesta-epoca\" >Quina \u00e9s la dieta m\u00e9s indicada per als nens en aquesta \u00e8poca?<\/a><\/li><li class='ez-toc-page-1 ez-toc-heading-level-3'><a class=\"ez-toc-link ez-toc-heading-4\" href=\"https:\/\/www.ecoceutics.com\/ca\/respostes-de-salut\/salut\/entrevista-nuria-coll\/#els-superaliments-estan-de-moda-que-son-i-per-que-saconsella-prendrels\" >Els superaliments estan de moda, qu\u00e8 s\u00f3n i per qu\u00e8 s\u2019aconsella prendre\u2019ls?<\/a><\/li><li class='ez-toc-page-1 ez-toc-heading-level-3'><a class=\"ez-toc-link ez-toc-heading-5\" href=\"https:\/\/www.ecoceutics.com\/ca\/respostes-de-salut\/salut\/entrevista-nuria-coll\/#quins-beneficis-aporten-els-complements-alimentaris\" >Quins beneficis aporten els complements alimentaris?<\/a><\/li><li class='ez-toc-page-1 ez-toc-heading-level-3'><a class=\"ez-toc-link ez-toc-heading-6\" href=\"https:\/\/www.ecoceutics.com\/ca\/respostes-de-salut\/salut\/entrevista-nuria-coll\/#podem-preguntar-al-nostre-farmaceutic-els-nostres-dubtes-sobre-alimentacio\" >Podem preguntar al nostre farmac\u00e8utic els nostres dubtes sobre alimentaci\u00f3?<\/a><\/li><\/ul><\/nav><\/div>\n<h3 class=\"wp-block-heading\"><span class=\"ez-toc-section\" id=\"quins-aliments-hem-de-prendre-a-la-primavera-per-a-una-bona-salut\"><\/span><strong>Quins aliments hem de prendre a la primavera per a una bona salut?<\/strong><span class=\"ez-toc-section-end\"><\/span><\/h3>\r\n\r\n\r\n\r\n<p>La primavera \u00e9s un bon moment per desintoxicar el fetge. Recomanem un augment del consum de verdures crues, cruc\u00edferes per exemple, germinats i infusions de dent de lle\u00f3, bardana, card mari\u00e0 o carxofera. I tamb\u00e9 el gingebre, la canyella i l\u2019alf\u00e0brega.<\/p>\r\n\r\n\r\n\r\n<h3 class=\"wp-block-heading\"><span class=\"ez-toc-section\" id=\"per-que-es-un-bon-moment-per-comencar-una-dieta\"><\/span><strong>Per qu\u00e8 \u00e9s un bon moment per comen\u00e7ar una dieta?<\/strong><span class=\"ez-toc-section-end\"><\/span><\/h3>\r\n\r\n\r\n\r\n<p>Podem parlar de dieta depurativa, per\u00f2 no s\u00f3c partid\u00e0ria de cap altra dieta com a tal. Crec en una dieta sana els 365 dies i, si promocionem alguna cosa&#8230;, aconseguir que la gent visqui 24 al dia healthy, cada dia de la seva vida sigui quin sigui el moment de l\u2019any.<\/p>\r\n\r\n\r\n\r\n<h3 class=\"wp-block-heading\"><span class=\"ez-toc-section\" id=\"quina-es-la-dieta-mes-indicada-per-als-nens-en-aquesta-epoca\"><\/span><strong>Quina \u00e9s la dieta m\u00e9s indicada per als nens en aquesta \u00e8poca?<\/strong><span class=\"ez-toc-section-end\"><\/span><\/h3>\r\n\r\n\r\n\r\n<p>El millor \u00e9s anar canviant els aliments m\u00e9s d\u2019hivern, com els esmorzars densos, compostos de cereals com els porridge, per propostes m\u00e9s lleugeres com fruita o quefir de cabra. \u00c9s bo augmentar bastant i paulatinament el percentatge d\u2019aliments crus al llarg del dia i, el m\u00e9s important, incorporar les verdures i fruites de temporada.<\/p>\r\n\r\n\r\n\r\n<h3 class=\"wp-block-heading\"><span class=\"ez-toc-section\" id=\"els-superaliments-estan-de-moda-que-son-i-per-que-saconsella-prendrels\"><\/span><strong>Els superaliments estan de moda, qu\u00e8 s\u00f3n i per qu\u00e8 s\u2019aconsella prendre\u2019ls?<\/strong><span class=\"ez-toc-section-end\"><\/span><\/h3>\r\n\r\n\r\n\r\n<p>Hi ha un gran debat al voltant dels superaliments. A mi m\u2019agrada el concepte perqu\u00e8 ajuda a posar de moda aliments molt sans com la col verda, el gingebre, la xia o la c\u00farcuma. M\u2019agrada que tanta gent els incorpori al seu dia a dia perqu\u00e8 s\u00f3n nutricionalment molt potents. No fa falta prendre gaires suplements o pols de superaliments llunyans i dif\u00edcils d\u2019incorporar als nostres plats. El gingebre es pot posar a l\u00e0mines a qualsevol wok de verdures, la xia a sobre de les torrades de l\u2019esmorzar o m\u00f2lta a sobre de les amanides i, amb la c\u00farcuma, un gran antiinflamatori, podem fer un oli de c\u00farcuma i pebre negre i amanir aix\u00ed les nostres verdures, com la col verda, una de les cruc\u00edferes m\u00e9s potents en sulforaf\u00e0.<\/p>\r\n\r\n\r\n\r\n<h3 class=\"wp-block-heading\"><span class=\"ez-toc-section\" id=\"quins-beneficis-aporten-els-complements-alimentaris\"><\/span><strong>Quins beneficis aporten els complements alimentaris?<\/strong><span class=\"ez-toc-section-end\"><\/span><\/h3>\r\n\r\n\r\n\r\n<p>Ens aporten nutrients que, per l\u2019alimentaci\u00f3 que duem actualment \u2013presses, menjar fora i tants rebosts plens de pots i paquets\u2013, no podem adquirir a trav\u00e9s de les fruites, verdures, llegums i prote\u00efnes animals, o que per culpa dels t\u00f2xics emocionals i ambientals necessitem encara m\u00e9s. Molts de nosaltres tenim falta de vitamina D, imprescindible per tenir una bona salut, o tenim una flora malmesa i ens pot anar molt b\u00e9 un probi\u00f2tic.<\/p>\r\n\r\n\r\n\r\n<h3 class=\"wp-block-heading\"><span class=\"ez-toc-section\" id=\"podem-preguntar-al-nostre-farmaceutic-els-nostres-dubtes-sobre-alimentacio\"><\/span><strong>Podem preguntar al nostre farmac\u00e8utic els nostres dubtes sobre alimentaci\u00f3?<\/strong><span class=\"ez-toc-section-end\"><\/span><\/h3>\r\n\r\n\r\n\r\n<p>S\u00ed, hi ha farmac\u00e8utics amb estudis de diet\u00e8tica, nutrici\u00f3 ortomolecular o fitoter\u00e0pia que estan molt ben preparats. Tot dependr\u00e0 dels coneixements del facultatiu.<\/p>\r\n\r\n\r\n\r\n<p>Gr\u00e0cies N\u00faria Coll per les teves respostes.<\/p>\r\n\r\n\r\n\r\n<p>Si tens inter\u00e8s sobre l&#8217;alimentaci\u00f3 i com complementar la teva alimentaci\u00f3 et recomanem visitar la nostra p\u00e0gina sobre <a href=\"https:\/\/www.ecoceutics.com\/ca\/complements-alimentosos\/\" target=\"_blank\" rel=\"noreferrer noopener\">complements alimentosos<\/a>.<\/p>\r\n","protected":false},"excerpt":{"rendered":"<p>N\u00faria Coll \u00e9s periodista fundadora i directora d\u2019etselquemenges.cat (2011) i soycomocomo.es (2013), la revista online que difon els coneixements sobre nutrici\u00f3 avalats per dietistes i nutricionistes de forma rigorosa, contrastada i innovadora. Li interessa la nutrici\u00f3 des de fa anys i defensa un periodisme m\u00e9s especialitzat en el camp de la salut. Col\u00b7labora amb el [&hellip;]<\/p>\n","protected":false},"author":4,"featured_media":25641,"comment_status":"open","ping_status":"open","sticky":false,"template":"","format":"standard","meta":{"_acf_changed":false,"inline_featured_image":false,"_mbp_gutenberg_autopost":false,"footnotes":""},"categories":[4,1],"tags":[],"class_list":["post-25642","post","type-post","status-publish","format-standard","has-post-thumbnail","hentry","category-respostes-de-salut","category-salut"],"acf":[],"yoast_head":"<!-- This site is optimized with the Yoast SEO plugin v27.5 - https:\/\/yoast.com\/product\/yoast-seo-wordpress\/ -->\n<title>Entrevista a N\u00faria Coll sobre alimentaci\u00f3<\/title>\n<meta name=\"description\" content=\"N\u00faria Coll \u00e9s periodista fundadora i directora d\u2019etselquemenges.cat (2011) i soycomocomo.es (2013).\" \/>\n<meta name=\"robots\" content=\"index, follow, max-snippet:-1, max-image-preview:large, max-video-preview:-1\" \/>\n<link rel=\"canonical\" href=\"https:\/\/www.ecoceutics.com\/ca\/respostes-de-salut\/salut\/entrevista-nuria-coll\/\" \/>\n<meta property=\"og:locale\" content=\"ca_ES\" \/>\n<meta property=\"og:type\" content=\"article\" \/>\n<meta property=\"og:title\" content=\"Entrevista a N\u00faria Coll sobre alimentaci\u00f3\" \/>\n<meta property=\"og:description\" content=\"N\u00faria Coll \u00e9s periodista fundadora i directora d\u2019etselquemenges.cat (2011) i soycomocomo.es (2013).\" \/>\n<meta property=\"og:url\" content=\"https:\/\/www.ecoceutics.com\/ca\/respostes-de-salut\/salut\/entrevista-nuria-coll\/\" \/>\n<meta property=\"og:site_name\" content=\"ecoceutics\" \/>\n<meta property=\"article:published_time\" content=\"2022-05-10T08:00:00+00:00\" \/>\n<meta property=\"article:modified_time\" content=\"2024-08-09T08:38:45+00:00\" \/>\n<meta property=\"og:image\" content=\"https:\/\/www.ecoceutics.com\/wp-content\/uploads\/2022\/03\/nuria-coll-05.jpg\" \/>\n\t<meta property=\"og:image:width\" content=\"2600\" \/>\n\t<meta property=\"og:image:height\" content=\"1451\" \/>\n\t<meta property=\"og:image:type\" content=\"image\/jpeg\" \/>\n<meta name=\"author\" content=\"Lorena Crosa\" \/>\n<meta name=\"twitter:card\" content=\"summary_large_image\" \/>\n<meta name=\"twitter:label1\" content=\"Escrit per\" \/>\n\t<meta name=\"twitter:data1\" content=\"Lorena Crosa\" \/>\n\t<meta name=\"twitter:label2\" content=\"Temps estimat de lectura\" \/>\n\t<meta name=\"twitter:data2\" content=\"3 minuts\" \/>\n<script type=\"application\/ld+json\" class=\"yoast-schema-graph\">{\"@context\":\"https:\\\/\\\/schema.org\",\"@graph\":[{\"@type\":\"Article\",\"@id\":\"https:\\\/\\\/www.ecoceutics.com\\\/ca\\\/respostes-de-salut\\\/salut\\\/entrevista-nuria-coll\\\/#article\",\"isPartOf\":{\"@id\":\"https:\\\/\\\/www.ecoceutics.com\\\/ca\\\/respostes-de-salut\\\/salut\\\/entrevista-nuria-coll\\\/\"},\"author\":{\"name\":\"Lorena Crosa\",\"@id\":\"https:\\\/\\\/www.ecoceutics.com\\\/ca\\\/#\\\/schema\\\/person\\\/1ea99343a86784e00a52c8744dfc7d83\"},\"headline\":\"Entrevista sobre alimentaci\u00f3 a N\u00faria Coll\",\"datePublished\":\"2022-05-10T08:00:00+00:00\",\"dateModified\":\"2024-08-09T08:38:45+00:00\",\"mainEntityOfPage\":{\"@id\":\"https:\\\/\\\/www.ecoceutics.com\\\/ca\\\/respostes-de-salut\\\/salut\\\/entrevista-nuria-coll\\\/\"},\"wordCount\":597,\"commentCount\":0,\"publisher\":{\"@id\":\"https:\\\/\\\/www.ecoceutics.com\\\/ca\\\/#organization\"},\"image\":{\"@id\":\"https:\\\/\\\/www.ecoceutics.com\\\/ca\\\/respostes-de-salut\\\/salut\\\/entrevista-nuria-coll\\\/#primaryimage\"},\"thumbnailUrl\":\"https:\\\/\\\/www.ecoceutics.com\\\/wp-content\\\/uploads\\\/2022\\\/03\\\/nuria-coll-05.jpg\",\"articleSection\":[\"Respostes de salut\",\"Salut\"],\"inLanguage\":\"ca\",\"potentialAction\":[{\"@type\":\"CommentAction\",\"name\":\"Comment\",\"target\":[\"https:\\\/\\\/www.ecoceutics.com\\\/ca\\\/respostes-de-salut\\\/salut\\\/entrevista-nuria-coll\\\/#respond\"]}]},{\"@type\":\"WebPage\",\"@id\":\"https:\\\/\\\/www.ecoceutics.com\\\/ca\\\/respostes-de-salut\\\/salut\\\/entrevista-nuria-coll\\\/\",\"url\":\"https:\\\/\\\/www.ecoceutics.com\\\/ca\\\/respostes-de-salut\\\/salut\\\/entrevista-nuria-coll\\\/\",\"name\":\"Entrevista a N\u00faria Coll sobre alimentaci\u00f3\",\"isPartOf\":{\"@id\":\"https:\\\/\\\/www.ecoceutics.com\\\/ca\\\/#website\"},\"primaryImageOfPage\":{\"@id\":\"https:\\\/\\\/www.ecoceutics.com\\\/ca\\\/respostes-de-salut\\\/salut\\\/entrevista-nuria-coll\\\/#primaryimage\"},\"image\":{\"@id\":\"https:\\\/\\\/www.ecoceutics.com\\\/ca\\\/respostes-de-salut\\\/salut\\\/entrevista-nuria-coll\\\/#primaryimage\"},\"thumbnailUrl\":\"https:\\\/\\\/www.ecoceutics.com\\\/wp-content\\\/uploads\\\/2022\\\/03\\\/nuria-coll-05.jpg\",\"datePublished\":\"2022-05-10T08:00:00+00:00\",\"dateModified\":\"2024-08-09T08:38:45+00:00\",\"description\":\"N\u00faria Coll \u00e9s periodista fundadora i directora d\u2019etselquemenges.cat (2011) i soycomocomo.es (2013).\",\"breadcrumb\":{\"@id\":\"https:\\\/\\\/www.ecoceutics.com\\\/ca\\\/respostes-de-salut\\\/salut\\\/entrevista-nuria-coll\\\/#breadcrumb\"},\"inLanguage\":\"ca\",\"potentialAction\":[{\"@type\":\"ReadAction\",\"target\":[\"https:\\\/\\\/www.ecoceutics.com\\\/ca\\\/respostes-de-salut\\\/salut\\\/entrevista-nuria-coll\\\/\"]}]},{\"@type\":\"ImageObject\",\"inLanguage\":\"ca\",\"@id\":\"https:\\\/\\\/www.ecoceutics.com\\\/ca\\\/respostes-de-salut\\\/salut\\\/entrevista-nuria-coll\\\/#primaryimage\",\"url\":\"https:\\\/\\\/www.ecoceutics.com\\\/wp-content\\\/uploads\\\/2022\\\/03\\\/nuria-coll-05.jpg\",\"contentUrl\":\"https:\\\/\\\/www.ecoceutics.com\\\/wp-content\\\/uploads\\\/2022\\\/03\\\/nuria-coll-05.jpg\",\"width\":2600,\"height\":1451,\"caption\":\"Entrevista a N\u00faria Coll sobre alimentaci\u00f3n\"},{\"@type\":\"BreadcrumbList\",\"@id\":\"https:\\\/\\\/www.ecoceutics.com\\\/ca\\\/respostes-de-salut\\\/salut\\\/entrevista-nuria-coll\\\/#breadcrumb\",\"itemListElement\":[{\"@type\":\"ListItem\",\"position\":1,\"name\":\"Portada\",\"item\":\"https:\\\/\\\/www.ecoceutics.com\\\/ca\\\/\"},{\"@type\":\"ListItem\",\"position\":2,\"name\":\"Entrevista sobre alimentaci\u00f3 a N\u00faria Coll\"}]},{\"@type\":\"WebSite\",\"@id\":\"https:\\\/\\\/www.ecoceutics.com\\\/ca\\\/#website\",\"url\":\"https:\\\/\\\/www.ecoceutics.com\\\/ca\\\/\",\"name\":\"ecoceutics\",\"description\":\"Primera red de farmacias independientes bajo una marca\",\"publisher\":{\"@id\":\"https:\\\/\\\/www.ecoceutics.com\\\/ca\\\/#organization\"},\"potentialAction\":[{\"@type\":\"SearchAction\",\"target\":{\"@type\":\"EntryPoint\",\"urlTemplate\":\"https:\\\/\\\/www.ecoceutics.com\\\/ca\\\/?s={search_term_string}\"},\"query-input\":{\"@type\":\"PropertyValueSpecification\",\"valueRequired\":true,\"valueName\":\"search_term_string\"}}],\"inLanguage\":\"ca\"},{\"@type\":\"Organization\",\"@id\":\"https:\\\/\\\/www.ecoceutics.com\\\/ca\\\/#organization\",\"name\":\"Ecoceutics\",\"url\":\"https:\\\/\\\/www.ecoceutics.com\\\/ca\\\/\",\"logo\":{\"@type\":\"ImageObject\",\"inLanguage\":\"ca\",\"@id\":\"https:\\\/\\\/www.ecoceutics.com\\\/ca\\\/#\\\/schema\\\/logo\\\/image\\\/\",\"url\":\"https:\\\/\\\/www.ecoceutics.com\\\/wp-content\\\/uploads\\\/2022\\\/02\\\/Logo-Ecoceutics-SVG-01-1.svg\",\"contentUrl\":\"https:\\\/\\\/www.ecoceutics.com\\\/wp-content\\\/uploads\\\/2022\\\/02\\\/Logo-Ecoceutics-SVG-01-1.svg\",\"width\":232,\"height\":68,\"caption\":\"Ecoceutics\"},\"image\":{\"@id\":\"https:\\\/\\\/www.ecoceutics.com\\\/ca\\\/#\\\/schema\\\/logo\\\/image\\\/\"}},{\"@type\":\"Person\",\"@id\":\"https:\\\/\\\/www.ecoceutics.com\\\/ca\\\/#\\\/schema\\\/person\\\/1ea99343a86784e00a52c8744dfc7d83\",\"name\":\"Lorena Crosa\",\"image\":{\"@type\":\"ImageObject\",\"inLanguage\":\"ca\",\"@id\":\"https:\\\/\\\/www.ecoceutics.com\\\/wp-content\\\/uploads\\\/2024\\\/03\\\/Lorena-Crosa-100x100.jpg\",\"url\":\"https:\\\/\\\/www.ecoceutics.com\\\/wp-content\\\/uploads\\\/2024\\\/03\\\/Lorena-Crosa-100x100.jpg\",\"contentUrl\":\"https:\\\/\\\/www.ecoceutics.com\\\/wp-content\\\/uploads\\\/2024\\\/03\\\/Lorena-Crosa-100x100.jpg\",\"caption\":\"Lorena Crosa\"}}]}<\/script>\n<!-- \/ Yoast SEO plugin. -->","yoast_head_json":{"title":"Entrevista a N\u00faria Coll sobre alimentaci\u00f3","description":"N\u00faria Coll \u00e9s periodista fundadora i directora d\u2019etselquemenges.cat (2011) i soycomocomo.es (2013).","robots":{"index":"index","follow":"follow","max-snippet":"max-snippet:-1","max-image-preview":"max-image-preview:large","max-video-preview":"max-video-preview:-1"},"canonical":"https:\/\/www.ecoceutics.com\/ca\/respostes-de-salut\/salut\/entrevista-nuria-coll\/","og_locale":"ca_ES","og_type":"article","og_title":"Entrevista a N\u00faria Coll sobre alimentaci\u00f3","og_description":"N\u00faria Coll \u00e9s periodista fundadora i directora d\u2019etselquemenges.cat (2011) i soycomocomo.es (2013).","og_url":"https:\/\/www.ecoceutics.com\/ca\/respostes-de-salut\/salut\/entrevista-nuria-coll\/","og_site_name":"ecoceutics","article_published_time":"2022-05-10T08:00:00+00:00","article_modified_time":"2024-08-09T08:38:45+00:00","og_image":[{"width":2600,"height":1451,"url":"https:\/\/www.ecoceutics.com\/wp-content\/uploads\/2022\/03\/nuria-coll-05.jpg","type":"image\/jpeg"}],"author":"Lorena Crosa","twitter_card":"summary_large_image","twitter_misc":{"Escrit per":"Lorena Crosa","Temps estimat de lectura":"3 minuts"},"schema":{"@context":"https:\/\/schema.org","@graph":[{"@type":"Article","@id":"https:\/\/www.ecoceutics.com\/ca\/respostes-de-salut\/salut\/entrevista-nuria-coll\/#article","isPartOf":{"@id":"https:\/\/www.ecoceutics.com\/ca\/respostes-de-salut\/salut\/entrevista-nuria-coll\/"},"author":{"name":"Lorena Crosa","@id":"https:\/\/www.ecoceutics.com\/ca\/#\/schema\/person\/1ea99343a86784e00a52c8744dfc7d83"},"headline":"Entrevista sobre alimentaci\u00f3 a N\u00faria Coll","datePublished":"2022-05-10T08:00:00+00:00","dateModified":"2024-08-09T08:38:45+00:00","mainEntityOfPage":{"@id":"https:\/\/www.ecoceutics.com\/ca\/respostes-de-salut\/salut\/entrevista-nuria-coll\/"},"wordCount":597,"commentCount":0,"publisher":{"@id":"https:\/\/www.ecoceutics.com\/ca\/#organization"},"image":{"@id":"https:\/\/www.ecoceutics.com\/ca\/respostes-de-salut\/salut\/entrevista-nuria-coll\/#primaryimage"},"thumbnailUrl":"https:\/\/www.ecoceutics.com\/wp-content\/uploads\/2022\/03\/nuria-coll-05.jpg","articleSection":["Respostes de salut","Salut"],"inLanguage":"ca","potentialAction":[{"@type":"CommentAction","name":"Comment","target":["https:\/\/www.ecoceutics.com\/ca\/respostes-de-salut\/salut\/entrevista-nuria-coll\/#respond"]}]},{"@type":"WebPage","@id":"https:\/\/www.ecoceutics.com\/ca\/respostes-de-salut\/salut\/entrevista-nuria-coll\/","url":"https:\/\/www.ecoceutics.com\/ca\/respostes-de-salut\/salut\/entrevista-nuria-coll\/","name":"Entrevista a N\u00faria Coll sobre alimentaci\u00f3","isPartOf":{"@id":"https:\/\/www.ecoceutics.com\/ca\/#website"},"primaryImageOfPage":{"@id":"https:\/\/www.ecoceutics.com\/ca\/respostes-de-salut\/salut\/entrevista-nuria-coll\/#primaryimage"},"image":{"@id":"https:\/\/www.ecoceutics.com\/ca\/respostes-de-salut\/salut\/entrevista-nuria-coll\/#primaryimage"},"thumbnailUrl":"https:\/\/www.ecoceutics.com\/wp-content\/uploads\/2022\/03\/nuria-coll-05.jpg","datePublished":"2022-05-10T08:00:00+00:00","dateModified":"2024-08-09T08:38:45+00:00","description":"N\u00faria Coll \u00e9s periodista fundadora i directora d\u2019etselquemenges.cat (2011) i soycomocomo.es (2013).","breadcrumb":{"@id":"https:\/\/www.ecoceutics.com\/ca\/respostes-de-salut\/salut\/entrevista-nuria-coll\/#breadcrumb"},"inLanguage":"ca","potentialAction":[{"@type":"ReadAction","target":["https:\/\/www.ecoceutics.com\/ca\/respostes-de-salut\/salut\/entrevista-nuria-coll\/"]}]},{"@type":"ImageObject","inLanguage":"ca","@id":"https:\/\/www.ecoceutics.com\/ca\/respostes-de-salut\/salut\/entrevista-nuria-coll\/#primaryimage","url":"https:\/\/www.ecoceutics.com\/wp-content\/uploads\/2022\/03\/nuria-coll-05.jpg","contentUrl":"https:\/\/www.ecoceutics.com\/wp-content\/uploads\/2022\/03\/nuria-coll-05.jpg","width":2600,"height":1451,"caption":"Entrevista a N\u00faria Coll sobre alimentaci\u00f3n"},{"@type":"BreadcrumbList","@id":"https:\/\/www.ecoceutics.com\/ca\/respostes-de-salut\/salut\/entrevista-nuria-coll\/#breadcrumb","itemListElement":[{"@type":"ListItem","position":1,"name":"Portada","item":"https:\/\/www.ecoceutics.com\/ca\/"},{"@type":"ListItem","position":2,"name":"Entrevista sobre alimentaci\u00f3 a N\u00faria Coll"}]},{"@type":"WebSite","@id":"https:\/\/www.ecoceutics.com\/ca\/#website","url":"https:\/\/www.ecoceutics.com\/ca\/","name":"ecoceutics","description":"Primera red de farmacias independientes bajo una marca","publisher":{"@id":"https:\/\/www.ecoceutics.com\/ca\/#organization"},"potentialAction":[{"@type":"SearchAction","target":{"@type":"EntryPoint","urlTemplate":"https:\/\/www.ecoceutics.com\/ca\/?s={search_term_string}"},"query-input":{"@type":"PropertyValueSpecification","valueRequired":true,"valueName":"search_term_string"}}],"inLanguage":"ca"},{"@type":"Organization","@id":"https:\/\/www.ecoceutics.com\/ca\/#organization","name":"Ecoceutics","url":"https:\/\/www.ecoceutics.com\/ca\/","logo":{"@type":"ImageObject","inLanguage":"ca","@id":"https:\/\/www.ecoceutics.com\/ca\/#\/schema\/logo\/image\/","url":"https:\/\/www.ecoceutics.com\/wp-content\/uploads\/2022\/02\/Logo-Ecoceutics-SVG-01-1.svg","contentUrl":"https:\/\/www.ecoceutics.com\/wp-content\/uploads\/2022\/02\/Logo-Ecoceutics-SVG-01-1.svg","width":232,"height":68,"caption":"Ecoceutics"},"image":{"@id":"https:\/\/www.ecoceutics.com\/ca\/#\/schema\/logo\/image\/"}},{"@type":"Person","@id":"https:\/\/www.ecoceutics.com\/ca\/#\/schema\/person\/1ea99343a86784e00a52c8744dfc7d83","name":"Lorena Crosa","image":{"@type":"ImageObject","inLanguage":"ca","@id":"https:\/\/www.ecoceutics.com\/wp-content\/uploads\/2024\/03\/Lorena-Crosa-100x100.jpg","url":"https:\/\/www.ecoceutics.com\/wp-content\/uploads\/2024\/03\/Lorena-Crosa-100x100.jpg","contentUrl":"https:\/\/www.ecoceutics.com\/wp-content\/uploads\/2024\/03\/Lorena-Crosa-100x100.jpg","caption":"Lorena Crosa"}}]}},"_links":{"self":[{"href":"https:\/\/www.ecoceutics.com\/ca\/wp-json\/wp\/v2\/posts\/25642","targetHints":{"allow":["GET"]}}],"collection":[{"href":"https:\/\/www.ecoceutics.com\/ca\/wp-json\/wp\/v2\/posts"}],"about":[{"href":"https:\/\/www.ecoceutics.com\/ca\/wp-json\/wp\/v2\/types\/post"}],"author":[{"embeddable":true,"href":"https:\/\/www.ecoceutics.com\/ca\/wp-json\/wp\/v2\/users\/4"}],"replies":[{"embeddable":true,"href":"https:\/\/www.ecoceutics.com\/ca\/wp-json\/wp\/v2\/comments?post=25642"}],"version-history":[{"count":0,"href":"https:\/\/www.ecoceutics.com\/ca\/wp-json\/wp\/v2\/posts\/25642\/revisions"}],"wp:featuredmedia":[{"embeddable":true,"href":"https:\/\/www.ecoceutics.com\/ca\/wp-json\/wp\/v2\/media\/25641"}],"wp:attachment":[{"href":"https:\/\/www.ecoceutics.com\/ca\/wp-json\/wp\/v2\/media?parent=25642"}],"wp:term":[{"taxonomy":"category","embeddable":true,"href":"https:\/\/www.ecoceutics.com\/ca\/wp-json\/wp\/v2\/categories?post=25642"},{"taxonomy":"post_tag","embeddable":true,"href":"https:\/\/www.ecoceutics.com\/ca\/wp-json\/wp\/v2\/tags?post=25642"}],"curies":[{"name":"wp","href":"https:\/\/api.w.org\/{rel}","templated":true}]}}