{"id":26038,"date":"2022-05-10T10:00:00","date_gmt":"2022-05-10T08:00:00","guid":{"rendered":"https:\/\/www.ecoceutics.com\/?p=26038"},"modified":"2024-10-22T10:08:41","modified_gmt":"2024-10-22T08:08:41","slug":"que-es-la-proteina-c-reactiva","status":"publish","type":"post","link":"https:\/\/www.ecoceutics.com\/ca\/respostes-de-salut\/salut\/que-es-la-proteina-c-reactiva\/","title":{"rendered":"Qu\u00e8 \u00e9s la prote\u00efna C reactiva?"},"content":{"rendered":"<p>La prote\u00efna C reactiva \u00e9s un par\u00e0metre que es pot mesurar al laboratori, a partir d&#8217;una mostra de sang, per obtenir informaci\u00f3 sobre la salut d&#8217; un pacient.<\/p>\n<p>\u00c9s com\u00fa que aquest marcador sigui sol\u00b7licitat pels metges per avaluar diferents situacions cl\u00edniques, ja que la seva concentraci\u00f3 en sang augmenta en pres\u00e8ncia d&#8217;un proc\u00e9s inflamatori en l&#8217;organisme. Per\u00f2 qu\u00e8 \u00e9s exactament aquesta prote\u00efna? Quina informaci\u00f3 aporta als professionals de la salut? A continuaci\u00f3, aprofundirem en la seva definici\u00f3, la seva rellev\u00e0ncia cl\u00ednica i quines accions s&#8217;han de prendre quan es detecten elevacions de PCR en els an\u00e0lisis.<\/p>\n<div id=\"ez-toc-container\" class=\"ez-toc-v2_0_82_2 counter-hierarchy ez-toc-counter ez-toc-custom ez-toc-container-direction\">\n<div class=\"ez-toc-title-container\">\n<p class=\"ez-toc-title\" style=\"cursor:inherit\">Contenido de la p\u00e1gina<\/p>\n<span class=\"ez-toc-title-toggle\"><a href=\"#\" class=\"ez-toc-pull-right ez-toc-btn ez-toc-btn-xs ez-toc-btn-default ez-toc-toggle\" aria-label=\"Toggle Table of Content\"><span class=\"ez-toc-js-icon-con\"><span class=\"\"><span class=\"eztoc-hide\" style=\"display:none;\">Toggle<\/span><span class=\"ez-toc-icon-toggle-span\"><svg style=\"fill: #333333;color:#333333\" xmlns=\"http:\/\/www.w3.org\/2000\/svg\" class=\"list-377408\" width=\"20px\" height=\"20px\" viewBox=\"0 0 24 24\" fill=\"none\"><path d=\"M6 6H4v2h2V6zm14 0H8v2h12V6zM4 11h2v2H4v-2zm16 0H8v2h12v-2zM4 16h2v2H4v-2zm16 0H8v2h12v-2z\" fill=\"currentColor\"><\/path><\/svg><svg style=\"fill: #333333;color:#333333\" class=\"arrow-unsorted-368013\" xmlns=\"http:\/\/www.w3.org\/2000\/svg\" width=\"10px\" height=\"10px\" viewBox=\"0 0 24 24\" version=\"1.2\" baseProfile=\"tiny\"><path d=\"M18.2 9.3l-6.2-6.3-6.2 6.3c-.2.2-.3.4-.3.7s.1.5.3.7c.2.2.4.3.7.3h11c.3 0 .5-.1.7-.3.2-.2.3-.5.3-.7s-.1-.5-.3-.7zM5.8 14.7l6.2 6.3 6.2-6.3c.2-.2.3-.5.3-.7s-.1-.5-.3-.7c-.2-.2-.4-.3-.7-.3h-11c-.3 0-.5.1-.7.3-.2.2-.3.5-.3.7s.1.5.3.7z\"\/><\/svg><\/span><\/span><\/span><\/a><\/span><\/div>\n<nav><ul class='ez-toc-list ez-toc-list-level-1 ' ><li class='ez-toc-page-1 ez-toc-heading-level-2'><a class=\"ez-toc-link ez-toc-heading-1\" href=\"https:\/\/www.ecoceutics.com\/ca\/respostes-de-salut\/salut\/que-es-la-proteina-c-reactiva\/#que-es-exactament-la-proteina-c-reactiva\" >Qu\u00e8 \u00e9s exactament la prote\u00efna C reactiva?<\/a><\/li><li class='ez-toc-page-1 ez-toc-heading-level-2'><a class=\"ez-toc-link ez-toc-heading-2\" href=\"https:\/\/www.ecoceutics.com\/ca\/respostes-de-salut\/salut\/que-es-la-proteina-c-reactiva\/#per-que-sestudia\" >Per qu\u00e8 s&#8217;estudia?<\/a><\/li><li class='ez-toc-page-1 ez-toc-heading-level-2'><a class=\"ez-toc-link ez-toc-heading-3\" href=\"https:\/\/www.ecoceutics.com\/ca\/respostes-de-salut\/salut\/que-es-la-proteina-c-reactiva\/#la-relacio-entre-la-proteina-c-reactiva-i-les-malalties-croniques\" >La relaci\u00f3 entre la prote\u00efna C reactiva i les malalties cr\u00f2niques<\/a><\/li><li class='ez-toc-page-1 ez-toc-heading-level-2'><a class=\"ez-toc-link ez-toc-heading-4\" href=\"https:\/\/www.ecoceutics.com\/ca\/respostes-de-salut\/salut\/que-es-la-proteina-c-reactiva\/#que-faig-si-tinc-la-proteina-c-reactiva-elevada-en-les-meves-analitiques\" >Qu\u00e8 faig si tinc la prote\u00efna C reactiva elevada en les meves anal\u00edtiques?<\/a><\/li><\/ul><\/nav><\/div>\n<h2><span class=\"ez-toc-section\" id=\"que-es-exactament-la-proteina-c-reactiva\"><\/span>Qu\u00e8 \u00e9s exactament la prote\u00efna C reactiva?<span class=\"ez-toc-section-end\"><\/span><\/h2>\n<p>La prote\u00efna C reactiva \u00e9s una <em>prote\u00efna de fase aguda<\/em>. \u00c9s a dir, que augmenta la seva concentraci\u00f3 quan s&#8217;est\u00e0 donant un proc\u00e9s inflamatori en l&#8217;organisme. Els limf\u00f2cits (c\u00e8l\u00b7lules encarregades de la defensa) que s&#8217;activen per infeccions o inflamaci\u00f3 de diversos tipus secreten una prote\u00efna anomenada <em>interleukina-6<\/em>, que estimula el fetge per sintetitzar-la.<\/p>\n<p>Un cop alliberada al torrent sanguini, la prote\u00efna C reactiva exerceix un paper important en la resposta immunit\u00e0ria del cos. Entre les seves funcions principals, es troben:<\/p>\n<ul>\n<li>Activa la via del complement, una s\u00e8rie de reaccions de defensa que ja expliquem en el nostre article sobre el <a href=\"https:\/\/www.ecoceutics.com\/ca\/respostes-de-salut\/salut\/com-funciona-sistema-immunitari\/\">sistema immunitari<\/a>.<\/li>\n<li>Activa unes c\u00e8l\u00b7lules anomenades <em>fagocits, <\/em>capaces d&#8217;eliminar restes cel\u00b7lulars que queden despr\u00e9s de batallar contra una infecci\u00f3 o una lesi\u00f3.<\/li>\n<\/ul>\n<p>Aquestes reaccions s\u00f3n molt comunes en processos inflamatoris d&#8217;origen viral, bacteri\u00e0, autoimmune o fins i tot traum\u00e0tic. Per tant, elevacions de PCR en les proves de laboratori poden ser indicatives d&#8217;una \u00e0mplia gamma d&#8217;afeccions inflamat\u00f2ries.<\/p>\n<h2><span class=\"ez-toc-section\" id=\"per-que-sestudia\"><\/span>Per qu\u00e8 s&#8217;estudia?<span class=\"ez-toc-section-end\"><\/span><\/h2>\n<p>La prote\u00efna C reactiva o PCR elevada indica que hi ha algun tipus de proc\u00e9s inflamatori succeint al cos. Per si sola no aporta gaire informaci\u00f3, per\u00f2 considerant qu\u00e8 tan elevada est\u00e0 i integrant aquesta dada a la resta de l&#8217;anal\u00edtica d&#8217;un pacient, aquesta podr\u00e0 ajudar a confirmar o descartar una malaltia.<\/p>\n<p>\u00c9s important entendre que hi ha diferents nivells de concentraci\u00f3 de PCR en sang que poden ser indicatius de diferents problemes de salut. En alguns casos, nivells moderadament elevats de prote\u00efna C reactiva podrien ser el resultat d&#8217;una cosa tan simple com un refredat o una infecci\u00f3 lleu. No obstant aix\u00f2, en altres casos, elevacions de PCR m\u00e9s significatives poden estar associades amb problemes de salut m\u00e9s seriosos, com malaltia cardiovascular, malalties autoimmunes o infeccions bacterianes greus.<\/p>\n<p>Un exemple rellevant \u00e9s l&#8217;\u00fas de la prote\u00efna C reactiva d&#8217;alta sensibilitat (PCR-as), que \u00e9s una versi\u00f3 m\u00e9s precisa de l&#8217;an\u00e0lisi tradicional. La PCR-es s&#8217;utilitza per avaluar el risc de malaltia cardiovascular en individus aparentment sans. Aix\u00f2 es deu al fet que nivells persistentment elevats, encara que baixos, de PCR poden estar relacionats amb inflamacions cr\u00f2niques en els vasos sanguinis, la qual cosa incrementa el risc d&#8217;aterosclerosi i, per tant, d&#8217;infarts o accidents cerebrovasculars.<\/p>\n<h2><span class=\"ez-toc-section\" id=\"la-relacio-entre-la-proteina-c-reactiva-i-les-malalties-croniques\"><\/span>La relaci\u00f3 entre la prote\u00efna C reactiva i les malalties cr\u00f2niques<span class=\"ez-toc-section-end\"><\/span><\/h2>\n<p>La inflamaci\u00f3 cr\u00f2nica \u00e9s un factor subjacent en moltes malalties cr\u00f2niques, i la prote\u00efna C reactiva juga un paper central en la identificaci\u00f3 d&#8217;aquestes condicions. Nivells elevats de PCR han estat vinculats a malalties com l<a href=\"https:\/\/www.ecoceutics.com\/ca\/respostes-de-salut\/salut\/que-es-la-artritis-reumatoide\/\">&#8216;artritis reumatoide<\/a>, el lupus, la <a href=\"https:\/\/www.ecoceutics.com\/ca\/respostes-de-salut\/salut\/diabetis-tipus-ii\/\">diabetis tipus 2<\/a> i certes malalties inflamat\u00f2ries intestinals com la <a href=\"https:\/\/www.ecoceutics.com\/ca\/respostes-de-salut\/salut\/malaltia-de-crohn\/\">malaltia de Crohn<\/a>. En aquests casos, la PCR no nom\u00e9s actua com a marcador d&#8217;inflamaci\u00f3, sin\u00f3 tamb\u00e9 com un indicador del progr\u00e9s o de l&#8217;efic\u00e0cia dels tractaments antiinflamatoris.<\/p>\n<p>Un altre aspecte crucial \u00e9s el vincle entre l&#8217;elevaci\u00f3 de PCR i el risc de malaltia cardiovascular. Els estudis han demostrat que fins i tot una lleugera elevaci\u00f3 de PCR pot augmentar el risc d&#8217;esdeveniments cardiovasculars, com atacs card\u00edacs o accidents cerebrovasculars, en persones que no presenten altres factors de risc evidents. Per aix\u00f2, la PCR ha estat inclosa com un dels factors de risc a tenir en compte en l&#8217;avaluaci\u00f3 del risc cardiovascular general.<\/p>\n<h2><span class=\"ez-toc-section\" id=\"que-faig-si-tinc-la-proteina-c-reactiva-elevada-en-les-meves-analitiques\"><\/span>Qu\u00e8 faig si tinc la prote\u00efna C reactiva elevada en les meves anal\u00edtiques?<span class=\"ez-toc-section-end\"><\/span><\/h2>\n<p>Parla amb el teu metge, ja que si est\u00e0 elevada pot significar moltes coses i no totes s\u00f3n per preocupar-se, fins i tot si l&#8217;elevaci\u00f3 \u00e9s important. Moltes causes d&#8217;elevaci\u00f3 s\u00f3n passatgeres: un refredat, una fractura, un embar\u00e0s o una infecci\u00f3 bacteriana la pot elevar i no s\u00f3n causa de preocupaci\u00f3.<\/p>\n<p>Ara b\u00e9, altres causes s\u00ed que poden requerir tractament, com malalties autoimmunes, un infart nou succe\u00eft o infeccions no detectades. A la farm\u00e0cia moltes vegades ajudem amb la lectura de les anal\u00edtiques, per\u00f2 \u00e9s el metge el professional que interpreta el resultat i decideix com procedir davant un resultat elevat.<\/p>\n<p>\u00c9s tamb\u00e9 important tenir en compte que hi ha variacions en els nivells acceptables de PCR depenent de la poblaci\u00f3 i el context cl\u00ednic. En general, nivells de PCR inferiors a 1 mg\/L es consideren normals, mentre que nivells entre 1 i 3 mg\/L podrien indicar un risc moderat de malaltia cardiovascular. Per sobre dels 3 mg\/L, es considera que hi ha un major risc de problemes cardiovasculars o inflamatoris.<\/p>\n<p>Des d&#8217;infeccions comunes fins a una malaltia cr\u00f2nica greu, una elevaci\u00f3 de la PCR pot alertar els metges sobre la necessitat de m\u00e9s estudis o tractaments. A m\u00e9s, la prote\u00efna C reactiva d&#8217;alta sensibilitat \u00e9s una eina valuosa en l&#8217;avaluaci\u00f3 del risc de malaltia cardiovascular, destacant la seva import\u00e0ncia en la medicina preventiva.<\/p>\n<p>Si tens la prote\u00efna C reactiva elevada en les teves an\u00e0lisis, no dubtis a consultar amb el teu metge per a una interpretaci\u00f3 adequada dels resultats i per determinar els seg\u00fcents passos a seguir en la cura de la teva salut.<\/p>\n","protected":false},"excerpt":{"rendered":"<p>La prote\u00efna C reactiva \u00e9s un par\u00e0metre que es pot mesurar al laboratori, a partir d&#8217;una mostra de sang, per obtenir informaci\u00f3 sobre la salut d&#8217; un pacient. \u00c9s com\u00fa que aquest marcador sigui sol\u00b7licitat pels metges per avaluar diferents situacions cl\u00edniques, ja que la seva concentraci\u00f3 en sang augmenta en pres\u00e8ncia d&#8217;un proc\u00e9s inflamatori [&hellip;]<\/p>\n","protected":false},"author":4,"featured_media":26037,"comment_status":"open","ping_status":"open","sticky":false,"template":"","format":"standard","meta":{"_acf_changed":false,"inline_featured_image":false,"_mbp_gutenberg_autopost":false,"footnotes":""},"categories":[4,1],"tags":[],"class_list":["post-26038","post","type-post","status-publish","format-standard","has-post-thumbnail","hentry","category-respostes-de-salut","category-salut"],"acf":[],"yoast_head":"<!-- This site is optimized with the Yoast SEO plugin v27.5 - https:\/\/yoast.com\/product\/yoast-seo-wordpress\/ -->\n<title>Qu\u00e8 \u00e9s la prote\u00efna C reactiva i per qu\u00e8 es mesura? | Ecoceutics<\/title>\n<meta name=\"description\" content=\"Descobreix qu\u00e8 \u00e9s la prote\u00efna C reactiva, la seva relaci\u00f3 amb processos inflamatoris, malalties cr\u00f2niques i com interpretar els seus nivells.\" \/>\n<meta name=\"robots\" content=\"index, follow, max-snippet:-1, max-image-preview:large, max-video-preview:-1\" \/>\n<link rel=\"canonical\" href=\"https:\/\/www.ecoceutics.com\/ca\/respostes-de-salut\/salut\/que-es-la-proteina-c-reactiva\/\" \/>\n<meta property=\"og:locale\" content=\"ca_ES\" \/>\n<meta property=\"og:type\" content=\"article\" \/>\n<meta property=\"og:title\" content=\"Qu\u00e8 \u00e9s la prote\u00efna C reactiva i per qu\u00e8 es mesura? | Ecoceutics\" \/>\n<meta property=\"og:description\" content=\"Descobreix qu\u00e8 \u00e9s la prote\u00efna C reactiva, la seva relaci\u00f3 amb processos inflamatoris, malalties cr\u00f2niques i com interpretar els seus nivells.\" \/>\n<meta property=\"og:url\" content=\"https:\/\/www.ecoceutics.com\/ca\/respostes-de-salut\/salut\/que-es-la-proteina-c-reactiva\/\" \/>\n<meta property=\"og:site_name\" content=\"ecoceutics\" \/>\n<meta property=\"article:published_time\" content=\"2022-05-10T08:00:00+00:00\" \/>\n<meta property=\"article:modified_time\" content=\"2024-10-22T08:08:41+00:00\" \/>\n<meta property=\"og:image\" content=\"https:\/\/www.ecoceutics.com\/wp-content\/uploads\/2022\/04\/proteina-c-reactiva-05.jpg\" \/>\n\t<meta property=\"og:image:width\" content=\"2600\" \/>\n\t<meta property=\"og:image:height\" content=\"1451\" \/>\n\t<meta property=\"og:image:type\" content=\"image\/jpeg\" \/>\n<meta name=\"author\" content=\"Lorena Crosa\" \/>\n<meta name=\"twitter:card\" content=\"summary_large_image\" \/>\n<meta name=\"twitter:label1\" content=\"Escrit per\" \/>\n\t<meta name=\"twitter:data1\" content=\"Lorena Crosa\" \/>\n\t<meta name=\"twitter:label2\" content=\"Temps estimat de lectura\" \/>\n\t<meta name=\"twitter:data2\" content=\"2 minuts\" \/>\n<script type=\"application\/ld+json\" class=\"yoast-schema-graph\">{\"@context\":\"https:\\\/\\\/schema.org\",\"@graph\":[{\"@type\":\"Article\",\"@id\":\"https:\\\/\\\/www.ecoceutics.com\\\/ca\\\/respostes-de-salut\\\/salut\\\/que-es-la-proteina-c-reactiva\\\/#article\",\"isPartOf\":{\"@id\":\"https:\\\/\\\/www.ecoceutics.com\\\/ca\\\/respostes-de-salut\\\/salut\\\/que-es-la-proteina-c-reactiva\\\/\"},\"author\":{\"name\":\"Lorena Crosa\",\"@id\":\"https:\\\/\\\/www.ecoceutics.com\\\/ca\\\/#\\\/schema\\\/person\\\/1ea99343a86784e00a52c8744dfc7d83\"},\"headline\":\"Qu\u00e8 \u00e9s la prote\u00efna C reactiva?\",\"datePublished\":\"2022-05-10T08:00:00+00:00\",\"dateModified\":\"2024-10-22T08:08:41+00:00\",\"mainEntityOfPage\":{\"@id\":\"https:\\\/\\\/www.ecoceutics.com\\\/ca\\\/respostes-de-salut\\\/salut\\\/que-es-la-proteina-c-reactiva\\\/\"},\"wordCount\":1013,\"commentCount\":0,\"publisher\":{\"@id\":\"https:\\\/\\\/www.ecoceutics.com\\\/ca\\\/#organization\"},\"image\":{\"@id\":\"https:\\\/\\\/www.ecoceutics.com\\\/ca\\\/respostes-de-salut\\\/salut\\\/que-es-la-proteina-c-reactiva\\\/#primaryimage\"},\"thumbnailUrl\":\"https:\\\/\\\/www.ecoceutics.com\\\/wp-content\\\/uploads\\\/2022\\\/04\\\/proteina-c-reactiva-05.jpg\",\"articleSection\":[\"Respostes de salut\",\"Salut\"],\"inLanguage\":\"ca\",\"potentialAction\":[{\"@type\":\"CommentAction\",\"name\":\"Comment\",\"target\":[\"https:\\\/\\\/www.ecoceutics.com\\\/ca\\\/respostes-de-salut\\\/salut\\\/que-es-la-proteina-c-reactiva\\\/#respond\"]}]},{\"@type\":\"WebPage\",\"@id\":\"https:\\\/\\\/www.ecoceutics.com\\\/ca\\\/respostes-de-salut\\\/salut\\\/que-es-la-proteina-c-reactiva\\\/\",\"url\":\"https:\\\/\\\/www.ecoceutics.com\\\/ca\\\/respostes-de-salut\\\/salut\\\/que-es-la-proteina-c-reactiva\\\/\",\"name\":\"Qu\u00e8 \u00e9s la prote\u00efna C reactiva i per qu\u00e8 es mesura? | Ecoceutics\",\"isPartOf\":{\"@id\":\"https:\\\/\\\/www.ecoceutics.com\\\/ca\\\/#website\"},\"primaryImageOfPage\":{\"@id\":\"https:\\\/\\\/www.ecoceutics.com\\\/ca\\\/respostes-de-salut\\\/salut\\\/que-es-la-proteina-c-reactiva\\\/#primaryimage\"},\"image\":{\"@id\":\"https:\\\/\\\/www.ecoceutics.com\\\/ca\\\/respostes-de-salut\\\/salut\\\/que-es-la-proteina-c-reactiva\\\/#primaryimage\"},\"thumbnailUrl\":\"https:\\\/\\\/www.ecoceutics.com\\\/wp-content\\\/uploads\\\/2022\\\/04\\\/proteina-c-reactiva-05.jpg\",\"datePublished\":\"2022-05-10T08:00:00+00:00\",\"dateModified\":\"2024-10-22T08:08:41+00:00\",\"description\":\"Descobreix qu\u00e8 \u00e9s la prote\u00efna C reactiva, la seva relaci\u00f3 amb processos inflamatoris, malalties cr\u00f2niques i com interpretar els seus nivells.\",\"breadcrumb\":{\"@id\":\"https:\\\/\\\/www.ecoceutics.com\\\/ca\\\/respostes-de-salut\\\/salut\\\/que-es-la-proteina-c-reactiva\\\/#breadcrumb\"},\"inLanguage\":\"ca\",\"potentialAction\":[{\"@type\":\"ReadAction\",\"target\":[\"https:\\\/\\\/www.ecoceutics.com\\\/ca\\\/respostes-de-salut\\\/salut\\\/que-es-la-proteina-c-reactiva\\\/\"]}]},{\"@type\":\"ImageObject\",\"inLanguage\":\"ca\",\"@id\":\"https:\\\/\\\/www.ecoceutics.com\\\/ca\\\/respostes-de-salut\\\/salut\\\/que-es-la-proteina-c-reactiva\\\/#primaryimage\",\"url\":\"https:\\\/\\\/www.ecoceutics.com\\\/wp-content\\\/uploads\\\/2022\\\/04\\\/proteina-c-reactiva-05.jpg\",\"contentUrl\":\"https:\\\/\\\/www.ecoceutics.com\\\/wp-content\\\/uploads\\\/2022\\\/04\\\/proteina-c-reactiva-05.jpg\",\"width\":2600,\"height\":1451,\"caption\":\"\u00bfQu\u00e9 es la prote\u00edna C reactiva y qu\u00e9 hacer si la tengo alta?\"},{\"@type\":\"BreadcrumbList\",\"@id\":\"https:\\\/\\\/www.ecoceutics.com\\\/ca\\\/respostes-de-salut\\\/salut\\\/que-es-la-proteina-c-reactiva\\\/#breadcrumb\",\"itemListElement\":[{\"@type\":\"ListItem\",\"position\":1,\"name\":\"Portada\",\"item\":\"https:\\\/\\\/www.ecoceutics.com\\\/ca\\\/\"},{\"@type\":\"ListItem\",\"position\":2,\"name\":\"Qu\u00e8 \u00e9s la prote\u00efna C reactiva?\"}]},{\"@type\":\"WebSite\",\"@id\":\"https:\\\/\\\/www.ecoceutics.com\\\/ca\\\/#website\",\"url\":\"https:\\\/\\\/www.ecoceutics.com\\\/ca\\\/\",\"name\":\"ecoceutics\",\"description\":\"Primera red de farmacias independientes bajo una marca\",\"publisher\":{\"@id\":\"https:\\\/\\\/www.ecoceutics.com\\\/ca\\\/#organization\"},\"potentialAction\":[{\"@type\":\"SearchAction\",\"target\":{\"@type\":\"EntryPoint\",\"urlTemplate\":\"https:\\\/\\\/www.ecoceutics.com\\\/ca\\\/?s={search_term_string}\"},\"query-input\":{\"@type\":\"PropertyValueSpecification\",\"valueRequired\":true,\"valueName\":\"search_term_string\"}}],\"inLanguage\":\"ca\"},{\"@type\":\"Organization\",\"@id\":\"https:\\\/\\\/www.ecoceutics.com\\\/ca\\\/#organization\",\"name\":\"Ecoceutics\",\"url\":\"https:\\\/\\\/www.ecoceutics.com\\\/ca\\\/\",\"logo\":{\"@type\":\"ImageObject\",\"inLanguage\":\"ca\",\"@id\":\"https:\\\/\\\/www.ecoceutics.com\\\/ca\\\/#\\\/schema\\\/logo\\\/image\\\/\",\"url\":\"https:\\\/\\\/www.ecoceutics.com\\\/wp-content\\\/uploads\\\/2022\\\/02\\\/Logo-Ecoceutics-SVG-01-1.svg\",\"contentUrl\":\"https:\\\/\\\/www.ecoceutics.com\\\/wp-content\\\/uploads\\\/2022\\\/02\\\/Logo-Ecoceutics-SVG-01-1.svg\",\"width\":232,\"height\":68,\"caption\":\"Ecoceutics\"},\"image\":{\"@id\":\"https:\\\/\\\/www.ecoceutics.com\\\/ca\\\/#\\\/schema\\\/logo\\\/image\\\/\"}},{\"@type\":\"Person\",\"@id\":\"https:\\\/\\\/www.ecoceutics.com\\\/ca\\\/#\\\/schema\\\/person\\\/1ea99343a86784e00a52c8744dfc7d83\",\"name\":\"Lorena Crosa\",\"image\":{\"@type\":\"ImageObject\",\"inLanguage\":\"ca\",\"@id\":\"https:\\\/\\\/www.ecoceutics.com\\\/wp-content\\\/uploads\\\/2024\\\/03\\\/Lorena-Crosa-100x100.jpg\",\"url\":\"https:\\\/\\\/www.ecoceutics.com\\\/wp-content\\\/uploads\\\/2024\\\/03\\\/Lorena-Crosa-100x100.jpg\",\"contentUrl\":\"https:\\\/\\\/www.ecoceutics.com\\\/wp-content\\\/uploads\\\/2024\\\/03\\\/Lorena-Crosa-100x100.jpg\",\"caption\":\"Lorena Crosa\"}}]}<\/script>\n<!-- \/ Yoast SEO plugin. -->","yoast_head_json":{"title":"Qu\u00e8 \u00e9s la prote\u00efna C reactiva i per qu\u00e8 es mesura? | Ecoceutics","description":"Descobreix qu\u00e8 \u00e9s la prote\u00efna C reactiva, la seva relaci\u00f3 amb processos inflamatoris, malalties cr\u00f2niques i com interpretar els seus nivells.","robots":{"index":"index","follow":"follow","max-snippet":"max-snippet:-1","max-image-preview":"max-image-preview:large","max-video-preview":"max-video-preview:-1"},"canonical":"https:\/\/www.ecoceutics.com\/ca\/respostes-de-salut\/salut\/que-es-la-proteina-c-reactiva\/","og_locale":"ca_ES","og_type":"article","og_title":"Qu\u00e8 \u00e9s la prote\u00efna C reactiva i per qu\u00e8 es mesura? | Ecoceutics","og_description":"Descobreix qu\u00e8 \u00e9s la prote\u00efna C reactiva, la seva relaci\u00f3 amb processos inflamatoris, malalties cr\u00f2niques i com interpretar els seus nivells.","og_url":"https:\/\/www.ecoceutics.com\/ca\/respostes-de-salut\/salut\/que-es-la-proteina-c-reactiva\/","og_site_name":"ecoceutics","article_published_time":"2022-05-10T08:00:00+00:00","article_modified_time":"2024-10-22T08:08:41+00:00","og_image":[{"width":2600,"height":1451,"url":"https:\/\/www.ecoceutics.com\/wp-content\/uploads\/2022\/04\/proteina-c-reactiva-05.jpg","type":"image\/jpeg"}],"author":"Lorena Crosa","twitter_card":"summary_large_image","twitter_misc":{"Escrit per":"Lorena Crosa","Temps estimat de lectura":"2 minuts"},"schema":{"@context":"https:\/\/schema.org","@graph":[{"@type":"Article","@id":"https:\/\/www.ecoceutics.com\/ca\/respostes-de-salut\/salut\/que-es-la-proteina-c-reactiva\/#article","isPartOf":{"@id":"https:\/\/www.ecoceutics.com\/ca\/respostes-de-salut\/salut\/que-es-la-proteina-c-reactiva\/"},"author":{"name":"Lorena Crosa","@id":"https:\/\/www.ecoceutics.com\/ca\/#\/schema\/person\/1ea99343a86784e00a52c8744dfc7d83"},"headline":"Qu\u00e8 \u00e9s la prote\u00efna C reactiva?","datePublished":"2022-05-10T08:00:00+00:00","dateModified":"2024-10-22T08:08:41+00:00","mainEntityOfPage":{"@id":"https:\/\/www.ecoceutics.com\/ca\/respostes-de-salut\/salut\/que-es-la-proteina-c-reactiva\/"},"wordCount":1013,"commentCount":0,"publisher":{"@id":"https:\/\/www.ecoceutics.com\/ca\/#organization"},"image":{"@id":"https:\/\/www.ecoceutics.com\/ca\/respostes-de-salut\/salut\/que-es-la-proteina-c-reactiva\/#primaryimage"},"thumbnailUrl":"https:\/\/www.ecoceutics.com\/wp-content\/uploads\/2022\/04\/proteina-c-reactiva-05.jpg","articleSection":["Respostes de salut","Salut"],"inLanguage":"ca","potentialAction":[{"@type":"CommentAction","name":"Comment","target":["https:\/\/www.ecoceutics.com\/ca\/respostes-de-salut\/salut\/que-es-la-proteina-c-reactiva\/#respond"]}]},{"@type":"WebPage","@id":"https:\/\/www.ecoceutics.com\/ca\/respostes-de-salut\/salut\/que-es-la-proteina-c-reactiva\/","url":"https:\/\/www.ecoceutics.com\/ca\/respostes-de-salut\/salut\/que-es-la-proteina-c-reactiva\/","name":"Qu\u00e8 \u00e9s la prote\u00efna C reactiva i per qu\u00e8 es mesura? | Ecoceutics","isPartOf":{"@id":"https:\/\/www.ecoceutics.com\/ca\/#website"},"primaryImageOfPage":{"@id":"https:\/\/www.ecoceutics.com\/ca\/respostes-de-salut\/salut\/que-es-la-proteina-c-reactiva\/#primaryimage"},"image":{"@id":"https:\/\/www.ecoceutics.com\/ca\/respostes-de-salut\/salut\/que-es-la-proteina-c-reactiva\/#primaryimage"},"thumbnailUrl":"https:\/\/www.ecoceutics.com\/wp-content\/uploads\/2022\/04\/proteina-c-reactiva-05.jpg","datePublished":"2022-05-10T08:00:00+00:00","dateModified":"2024-10-22T08:08:41+00:00","description":"Descobreix qu\u00e8 \u00e9s la prote\u00efna C reactiva, la seva relaci\u00f3 amb processos inflamatoris, malalties cr\u00f2niques i com interpretar els seus nivells.","breadcrumb":{"@id":"https:\/\/www.ecoceutics.com\/ca\/respostes-de-salut\/salut\/que-es-la-proteina-c-reactiva\/#breadcrumb"},"inLanguage":"ca","potentialAction":[{"@type":"ReadAction","target":["https:\/\/www.ecoceutics.com\/ca\/respostes-de-salut\/salut\/que-es-la-proteina-c-reactiva\/"]}]},{"@type":"ImageObject","inLanguage":"ca","@id":"https:\/\/www.ecoceutics.com\/ca\/respostes-de-salut\/salut\/que-es-la-proteina-c-reactiva\/#primaryimage","url":"https:\/\/www.ecoceutics.com\/wp-content\/uploads\/2022\/04\/proteina-c-reactiva-05.jpg","contentUrl":"https:\/\/www.ecoceutics.com\/wp-content\/uploads\/2022\/04\/proteina-c-reactiva-05.jpg","width":2600,"height":1451,"caption":"\u00bfQu\u00e9 es la prote\u00edna C reactiva y qu\u00e9 hacer si la tengo alta?"},{"@type":"BreadcrumbList","@id":"https:\/\/www.ecoceutics.com\/ca\/respostes-de-salut\/salut\/que-es-la-proteina-c-reactiva\/#breadcrumb","itemListElement":[{"@type":"ListItem","position":1,"name":"Portada","item":"https:\/\/www.ecoceutics.com\/ca\/"},{"@type":"ListItem","position":2,"name":"Qu\u00e8 \u00e9s la prote\u00efna C reactiva?"}]},{"@type":"WebSite","@id":"https:\/\/www.ecoceutics.com\/ca\/#website","url":"https:\/\/www.ecoceutics.com\/ca\/","name":"ecoceutics","description":"Primera red de farmacias independientes bajo una marca","publisher":{"@id":"https:\/\/www.ecoceutics.com\/ca\/#organization"},"potentialAction":[{"@type":"SearchAction","target":{"@type":"EntryPoint","urlTemplate":"https:\/\/www.ecoceutics.com\/ca\/?s={search_term_string}"},"query-input":{"@type":"PropertyValueSpecification","valueRequired":true,"valueName":"search_term_string"}}],"inLanguage":"ca"},{"@type":"Organization","@id":"https:\/\/www.ecoceutics.com\/ca\/#organization","name":"Ecoceutics","url":"https:\/\/www.ecoceutics.com\/ca\/","logo":{"@type":"ImageObject","inLanguage":"ca","@id":"https:\/\/www.ecoceutics.com\/ca\/#\/schema\/logo\/image\/","url":"https:\/\/www.ecoceutics.com\/wp-content\/uploads\/2022\/02\/Logo-Ecoceutics-SVG-01-1.svg","contentUrl":"https:\/\/www.ecoceutics.com\/wp-content\/uploads\/2022\/02\/Logo-Ecoceutics-SVG-01-1.svg","width":232,"height":68,"caption":"Ecoceutics"},"image":{"@id":"https:\/\/www.ecoceutics.com\/ca\/#\/schema\/logo\/image\/"}},{"@type":"Person","@id":"https:\/\/www.ecoceutics.com\/ca\/#\/schema\/person\/1ea99343a86784e00a52c8744dfc7d83","name":"Lorena Crosa","image":{"@type":"ImageObject","inLanguage":"ca","@id":"https:\/\/www.ecoceutics.com\/wp-content\/uploads\/2024\/03\/Lorena-Crosa-100x100.jpg","url":"https:\/\/www.ecoceutics.com\/wp-content\/uploads\/2024\/03\/Lorena-Crosa-100x100.jpg","contentUrl":"https:\/\/www.ecoceutics.com\/wp-content\/uploads\/2024\/03\/Lorena-Crosa-100x100.jpg","caption":"Lorena Crosa"}}]}},"_links":{"self":[{"href":"https:\/\/www.ecoceutics.com\/ca\/wp-json\/wp\/v2\/posts\/26038","targetHints":{"allow":["GET"]}}],"collection":[{"href":"https:\/\/www.ecoceutics.com\/ca\/wp-json\/wp\/v2\/posts"}],"about":[{"href":"https:\/\/www.ecoceutics.com\/ca\/wp-json\/wp\/v2\/types\/post"}],"author":[{"embeddable":true,"href":"https:\/\/www.ecoceutics.com\/ca\/wp-json\/wp\/v2\/users\/4"}],"replies":[{"embeddable":true,"href":"https:\/\/www.ecoceutics.com\/ca\/wp-json\/wp\/v2\/comments?post=26038"}],"version-history":[{"count":0,"href":"https:\/\/www.ecoceutics.com\/ca\/wp-json\/wp\/v2\/posts\/26038\/revisions"}],"wp:featuredmedia":[{"embeddable":true,"href":"https:\/\/www.ecoceutics.com\/ca\/wp-json\/wp\/v2\/media\/26037"}],"wp:attachment":[{"href":"https:\/\/www.ecoceutics.com\/ca\/wp-json\/wp\/v2\/media?parent=26038"}],"wp:term":[{"taxonomy":"category","embeddable":true,"href":"https:\/\/www.ecoceutics.com\/ca\/wp-json\/wp\/v2\/categories?post=26038"},{"taxonomy":"post_tag","embeddable":true,"href":"https:\/\/www.ecoceutics.com\/ca\/wp-json\/wp\/v2\/tags?post=26038"}],"curies":[{"name":"wp","href":"https:\/\/api.w.org\/{rel}","templated":true}]}}