{"id":27480,"date":"2022-07-12T10:27:40","date_gmt":"2022-07-12T08:27:40","guid":{"rendered":"https:\/\/www.ecoceutics.com\/respostes-de-salut\/salut\/el-holding-frances-hygie31-especializado-en-salud-y-bienestar-adquiere-la-empresa-ecoceutics-para-liderar-el-negocio-de-la-farmacia-mayorista-en-espana\/"},"modified":"2023-04-11T12:36:17","modified_gmt":"2023-04-11T10:36:17","slug":"el-holding-frances-hygie31-especializat-en-salut-i-benestar-adquireix-l-empresa-ecoceutics-per-liderar-el-negoci-de-la-farmacia-majorista-a-espanya","status":"publish","type":"post","link":"https:\/\/www.ecoceutics.com\/ca\/per-professionals-de-la-salut\/comunicacio\/el-holding-frances-hygie31-especializat-en-salut-i-benestar-adquireix-l-empresa-ecoceutics-per-liderar-el-negoci-de-la-farmacia-majorista-a-espanya\/","title":{"rendered":"El h\u00f2lding franc\u00e8s Hygie31, especialitzat en salut i benestar, adquireix l&#8217;empresa Ecoceutics per a liderar el negoci de la farm\u00e0cia minorista a Espanya"},"content":{"rendered":"\n<ul class=\"wp-block-list\">\n<li><strong>Un cat\u00e0leg ampli de productes, uns preus assequibles i la funci\u00f3 sanit\u00e0ria del farmac\u00e8utic professional pr\u00f2xim i de confian\u00e7a s\u00f3n els tres eixos en els quals l&#8217;empresa gal\u00b7la basa el seu \u00e8xit i expandeix el seu lema de \u201cla salut per a tots\u201d.<\/strong><\/li>\n\n\n\n<li><strong>Secundada pel fons d&#8217;inversi\u00f3 Five Arrows Principal Investments, la companyia francesa ha aconseguit que les seves 6 marques pr\u00f2pies, 700 farm\u00e0cies independents associades, 52 \u00f2ptiques, 24 botigues de material m\u00e8dic i 2 webs de parafarm\u00e0cia en l\u00ednia facturen 1.700 milions d&#8217;euros en 2021, un 27% m\u00e9s que en 2020.<\/strong><\/li>\n\n\n\n<li><strong>coceutics, un dels grups l\u00edders i una de les principals cadenes de farm\u00e0cies independents a Espanya, amb seu a Barcelona i amb 156 farm\u00e0cies associades i 200 milions d&#8217;euros de facturaci\u00f3, ha estat la marca triada per Hygie31 per a exportar el seu model a Europa.<\/strong><\/li>\n\n\n\n<li><strong>En la seva expansi\u00f3, el h\u00f2lding franc\u00e8s mantindr\u00e0 l&#8217;equip de gesti\u00f3 d\u2019Ecoceutics, encap\u00e7alat per Valero Pall\u00e0s.<\/strong><\/li>\n<\/ul>\n\n\n\n<p><strong>Barcelona, 30 de juny de 2022<\/strong>.- Ecoceutics, neix a Barcelona en 2005, quan un grup de 27 companys de facultat decideixen fer-se socis, fundar una societat limitada i unir-se per a desplegar un concepte de farm\u00e0cia, desenvolupar serveis i negociar les millors condicions de compra en nom dels seus membres.<\/p>\n\n\n\n<p>En 2021, La xarxa de farm\u00e0cies Ecoceutics compta amb 156 farm\u00e0cies independents adherides, b\u00e0sicament de les zones de Barcelona, Girona i Balears, 200 milions anuals de facturaci\u00f3 i disposa d&#8217;un equip de gesti\u00f3 de 18 empleats.<\/p>\n\n\n\n<p>\u00c9s el soci ideal per al h\u00f2lding franc\u00e8s Hygie31, especialitzat en salut i benestar, a l&#8217;hora de convertir-se en el primer actor gal que exporta el seu model de farm\u00e0cia a Europa. Un cat\u00e0leg ampli de productes, uns preus assequibles i la funci\u00f3 sanit\u00e0ria del farmac\u00e8utic professional pr\u00f2xim i de confian\u00e7a s\u00f3n els tres eixos en els quals les farm\u00e0cies independents Lafayette d\u2019Hygie31 basen el seu \u00e8xit i expandeix el seu lema de \u201cla salut per a tots\u201d. Aquest \u00e9s el model que desitja adaptar a Espanya a trav\u00e9s d\u2019Ecoceutics.<\/p>\n\n\n\n<p>Despr\u00e9s de l&#8217;adquisici\u00f3, la companyia francesa ha decidit mantenir l&#8217;equip de gesti\u00f3 actual, liderat per Valero Pall\u00e0s.<\/p>\n\n\n\n<p>Els presidents de les dues empreses van mostrar la seva satisfacci\u00f3 per l&#8217;acord aconseguit.<\/p>\n\n\n\n<p>Herv\u00e9 Jouves, president d\u2019Hygie31, afirma que <strong>&#8220;gr\u00e0cies a aquesta nova adquisici\u00f3, confirmem la nostra voluntat de desenvolupar un aut\u00e8ntic ecosistema sanitari europeu i la nostra ambici\u00f3 de ser un actor important en els sectors de la salut i el benestar, especialment en el mercat de la farm\u00e0cia minorista\u201d<\/strong>. Segons el president d\u2019Hygie31, <strong>\u201cel mercat espanyol representa uns 22.000 milions d&#8217;euros, una xifra molt similar a la del mercat franc\u00e8s i tots dos pa\u00efsos ofereixen una din\u00e0mica de creixement tamb\u00e9 molt semblant, entre el 3 i el 4% anual\u201d.<\/strong><\/p>\n\n\n\n<p>En opini\u00f3 de Jouves, <strong>\u201cunir forces amb Ecoceutics era una forma \u00f2bvia de refor\u00e7ar la nostra din\u00e0mica de desenvolupament. Aquesta nova adquisici\u00f3 ens permetr\u00e0 convertir-nos en la primera agrupaci\u00f3 francesa a establir-se fora de Fran\u00e7a: augmentarem el nostre volum de compres i podrem negociar millors condicions comercials per als nostres membres. La gran experi\u00e8ncia d\u2019Ecoceutics en mat\u00e8ria d\u2019IT i back office tamb\u00e9 ens permetr\u00e0 accelerar el desenvolupament de noves eines, que desplegarem en tot el grup\u201d<\/strong>.<\/p>\n\n\n\n<p>Francesc Vil\u00e0, president d\u2019Ecoceutics, explica que<\/p>\n\n\n\n<p><strong>\u201cEstic encantat amb aquesta nova etapa en el desenvolupament d\u2019Ecoceutics i les perspectives de creixement i desenvolupament que genera la fusi\u00f3 amb Hygie31. Gr\u00e0cies a l&#8217;experi\u00e8ncia que ha fet possible l&#8217;\u00e8xit del concepte comercial de Pharmacie Lafayette, refor\u00e7arem l&#8217;atractiu de la nostra marca i a desenvolupar noves ofertes i serveis que augmentessin la competitivitat de les nostres farm\u00e0cies actuals i futures\u201d.<\/strong><\/p>\n\n\n\n<p>Vil\u00e0 afegeix que <strong>\u201caquesta associaci\u00f3 ens permetr\u00e0 beneficiar-nos de les sinergies de compra per a augmentar el nostre pes en el sector sanitari espanyol. Com a professionals de la salut, unir-nos a Hygie31, que t\u00e9 una llarga traject\u00f2ria en la defensa de l&#8217;acc\u00e9s a la sanitat per a tots, ens ajud\u00e9s a continuar creixent, respectant els valors que tenim i compartim\u201d.<\/strong><\/p>\n\n\n\n<p>L&#8217;objectiu de la nova etapa \u00e9s adaptar al mercat Espa\u00f1ol el model d&#8217;\u00e8xit de les farm\u00e0cies del h\u00f2lding franc\u00e8s basat en el lema \u201cla salut per a tots\u201d, amb tres eixos essencials: una \u00e0mplia oferta de productes, preus assequibles i la funci\u00f3 sanit\u00e0ria del farmac\u00e8utic professional pr\u00f2xim i de confian\u00e7a.<\/p>\n\n\n\n<p>Despr\u00e9s de l&#8217;adquisici\u00f3 de *Cocooncenter en 2021 i la fusi\u00f3 amb Gener+ a l&#8217;inici de l&#8217;any, Hygie31, ha aconseguit facturar 1.700 milions d&#8217;euros en vendes en 2021, un 27% m\u00e9s que en 2020.<\/p>\n\n\n\n<p>Hygie31, que compta amb el suport del fons d&#8217;inversi\u00f3 Five Arrows Principal Investments, \u00e9s el h\u00f2lding de Laf Sant\u00e9, l&#8217;empresa que gestiona les xarxes Pharmacie Lafayette, Parapharmacie Lafayette, Optique Lafayette i M\u00e9dical Lafayette, creada en 2014, de Dhygietal, filial creada en 2021 dedicada al negoci digital amb cocooncenter.com i parapharmacacieafayette.com, i de Gener+, que gestiona les 400 farm\u00e0cies locals tradicionals Pharmacorp.<\/p>\n\n\n\n<h4 class=\"wp-block-heading\">Contacte de Premsa:<\/h4>\n\n\n\n<p>Albert Roura Planas<\/p>\n\n\n\n<p>arouraplanas@gmail.com<\/p>\n\n\n\n<p>636 60 29 00<\/p>\n","protected":false},"excerpt":{"rendered":"<p>Barcelona, 30 de juny de 2022.- Ecoceutics, neix a Barcelona en 2005, quan un grup de 27 companys de facultat decideixen fer-se socis, fundar una societat limitada i unir-se per a desplegar un concepte de farm\u00e0cia, desenvolupar serveis i negociar les millors condicions de compra en nom dels seus membres. En 2021, La xarxa de [&hellip;]<\/p>\n","protected":false},"author":4,"featured_media":27434,"comment_status":"open","ping_status":"open","sticky":false,"template":"","format":"standard","meta":{"_acf_changed":false,"inline_featured_image":false,"_mbp_gutenberg_autopost":false,"footnotes":""},"categories":[20,71],"tags":[],"class_list":["post-27480","post","type-post","status-publish","format-standard","has-post-thumbnail","hentry","category-comunicacio","category-per-professionals-de-la-salut"],"acf":[],"yoast_head":"<!-- This site is optimized with the Yoast SEO plugin v27.4 - https:\/\/yoast.com\/product\/yoast-seo-wordpress\/ -->\n<title>El h\u00f2lding franc\u00e8s Hygie31 adquireix l\u2019empresa Ecoceutics<\/title>\n<meta name=\"description\" content=\"El h\u00f2lding franc\u00e8s Hygie31 adquireix l\u2019empresa Ecoceutics per a liderar el negoci de la farm\u00e0cia minorista a Espanya\" \/>\n<meta name=\"robots\" content=\"index, follow, max-snippet:-1, max-image-preview:large, max-video-preview:-1\" \/>\n<link rel=\"canonical\" href=\"https:\/\/www.ecoceutics.com\/ca\/per-professionals-de-la-salut\/comunicacio\/el-holding-frances-hygie31-especializat-en-salut-i-benestar-adquireix-l-empresa-ecoceutics-per-liderar-el-negoci-de-la-farmacia-majorista-a-espanya\/\" \/>\n<meta property=\"og:locale\" content=\"ca_ES\" \/>\n<meta property=\"og:type\" content=\"article\" \/>\n<meta property=\"og:title\" content=\"El h\u00f2lding franc\u00e8s Hygie31 adquireix l\u2019empresa Ecoceutics\" \/>\n<meta property=\"og:description\" content=\"El h\u00f2lding franc\u00e8s Hygie31 adquireix l\u2019empresa Ecoceutics per a liderar el negoci de la farm\u00e0cia minorista a Espanya\" \/>\n<meta property=\"og:url\" content=\"https:\/\/www.ecoceutics.com\/ca\/per-professionals-de-la-salut\/comunicacio\/el-holding-frances-hygie31-especializat-en-salut-i-benestar-adquireix-l-empresa-ecoceutics-per-liderar-el-negoci-de-la-farmacia-majorista-a-espanya\/\" \/>\n<meta property=\"og:site_name\" content=\"ecoceutics\" \/>\n<meta property=\"article:published_time\" content=\"2022-07-12T08:27:40+00:00\" \/>\n<meta property=\"article:modified_time\" content=\"2023-04-11T10:36:17+00:00\" \/>\n<meta property=\"og:image\" content=\"https:\/\/www.ecoceutics.com\/wp-content\/uploads\/2022\/07\/image.jpg\" \/>\n\t<meta property=\"og:image:width\" content=\"821\" \/>\n\t<meta property=\"og:image:height\" content=\"560\" \/>\n\t<meta property=\"og:image:type\" content=\"image\/jpeg\" \/>\n<meta name=\"author\" content=\"Lorena Crosa\" \/>\n<meta name=\"twitter:card\" content=\"summary_large_image\" \/>\n<meta name=\"twitter:label1\" content=\"Escrit per\" \/>\n\t<meta name=\"twitter:data1\" content=\"Lorena Crosa\" \/>\n\t<meta name=\"twitter:label2\" content=\"Temps estimat de lectura\" \/>\n\t<meta name=\"twitter:data2\" content=\"4 minuts\" \/>\n<script type=\"application\/ld+json\" class=\"yoast-schema-graph\">{\"@context\":\"https:\\\/\\\/schema.org\",\"@graph\":[{\"@type\":\"Article\",\"@id\":\"https:\\\/\\\/www.ecoceutics.com\\\/ca\\\/per-professionals-de-la-salut\\\/comunicacio\\\/el-holding-frances-hygie31-especializat-en-salut-i-benestar-adquireix-l-empresa-ecoceutics-per-liderar-el-negoci-de-la-farmacia-majorista-a-espanya\\\/#article\",\"isPartOf\":{\"@id\":\"https:\\\/\\\/www.ecoceutics.com\\\/ca\\\/per-professionals-de-la-salut\\\/comunicacio\\\/el-holding-frances-hygie31-especializat-en-salut-i-benestar-adquireix-l-empresa-ecoceutics-per-liderar-el-negoci-de-la-farmacia-majorista-a-espanya\\\/\"},\"author\":{\"name\":\"Lorena Crosa\",\"@id\":\"https:\\\/\\\/www.ecoceutics.com\\\/ca\\\/#\\\/schema\\\/person\\\/1ea99343a86784e00a52c8744dfc7d83\"},\"headline\":\"El h\u00f2lding franc\u00e8s Hygie31, especialitzat en salut i benestar, adquireix l&#8217;empresa Ecoceutics per a liderar el negoci de la farm\u00e0cia minorista a Espanya\",\"datePublished\":\"2022-07-12T08:27:40+00:00\",\"dateModified\":\"2023-04-11T10:36:17+00:00\",\"mainEntityOfPage\":{\"@id\":\"https:\\\/\\\/www.ecoceutics.com\\\/ca\\\/per-professionals-de-la-salut\\\/comunicacio\\\/el-holding-frances-hygie31-especializat-en-salut-i-benestar-adquireix-l-empresa-ecoceutics-per-liderar-el-negoci-de-la-farmacia-majorista-a-espanya\\\/\"},\"wordCount\":906,\"commentCount\":0,\"publisher\":{\"@id\":\"https:\\\/\\\/www.ecoceutics.com\\\/ca\\\/#organization\"},\"image\":{\"@id\":\"https:\\\/\\\/www.ecoceutics.com\\\/ca\\\/per-professionals-de-la-salut\\\/comunicacio\\\/el-holding-frances-hygie31-especializat-en-salut-i-benestar-adquireix-l-empresa-ecoceutics-per-liderar-el-negoci-de-la-farmacia-majorista-a-espanya\\\/#primaryimage\"},\"thumbnailUrl\":\"https:\\\/\\\/www.ecoceutics.com\\\/wp-content\\\/uploads\\\/2022\\\/07\\\/image.jpg\",\"articleSection\":[\"Comunicaci\u00f3\",\"Per professionals de la salut\"],\"inLanguage\":\"ca\",\"potentialAction\":[{\"@type\":\"CommentAction\",\"name\":\"Comment\",\"target\":[\"https:\\\/\\\/www.ecoceutics.com\\\/ca\\\/per-professionals-de-la-salut\\\/comunicacio\\\/el-holding-frances-hygie31-especializat-en-salut-i-benestar-adquireix-l-empresa-ecoceutics-per-liderar-el-negoci-de-la-farmacia-majorista-a-espanya\\\/#respond\"]}]},{\"@type\":\"WebPage\",\"@id\":\"https:\\\/\\\/www.ecoceutics.com\\\/ca\\\/per-professionals-de-la-salut\\\/comunicacio\\\/el-holding-frances-hygie31-especializat-en-salut-i-benestar-adquireix-l-empresa-ecoceutics-per-liderar-el-negoci-de-la-farmacia-majorista-a-espanya\\\/\",\"url\":\"https:\\\/\\\/www.ecoceutics.com\\\/ca\\\/per-professionals-de-la-salut\\\/comunicacio\\\/el-holding-frances-hygie31-especializat-en-salut-i-benestar-adquireix-l-empresa-ecoceutics-per-liderar-el-negoci-de-la-farmacia-majorista-a-espanya\\\/\",\"name\":\"El h\u00f2lding franc\u00e8s Hygie31 adquireix l\u2019empresa Ecoceutics\",\"isPartOf\":{\"@id\":\"https:\\\/\\\/www.ecoceutics.com\\\/ca\\\/#website\"},\"primaryImageOfPage\":{\"@id\":\"https:\\\/\\\/www.ecoceutics.com\\\/ca\\\/per-professionals-de-la-salut\\\/comunicacio\\\/el-holding-frances-hygie31-especializat-en-salut-i-benestar-adquireix-l-empresa-ecoceutics-per-liderar-el-negoci-de-la-farmacia-majorista-a-espanya\\\/#primaryimage\"},\"image\":{\"@id\":\"https:\\\/\\\/www.ecoceutics.com\\\/ca\\\/per-professionals-de-la-salut\\\/comunicacio\\\/el-holding-frances-hygie31-especializat-en-salut-i-benestar-adquireix-l-empresa-ecoceutics-per-liderar-el-negoci-de-la-farmacia-majorista-a-espanya\\\/#primaryimage\"},\"thumbnailUrl\":\"https:\\\/\\\/www.ecoceutics.com\\\/wp-content\\\/uploads\\\/2022\\\/07\\\/image.jpg\",\"datePublished\":\"2022-07-12T08:27:40+00:00\",\"dateModified\":\"2023-04-11T10:36:17+00:00\",\"description\":\"El h\u00f2lding franc\u00e8s Hygie31 adquireix l\u2019empresa Ecoceutics per a liderar el negoci de la farm\u00e0cia minorista a Espanya\",\"breadcrumb\":{\"@id\":\"https:\\\/\\\/www.ecoceutics.com\\\/ca\\\/per-professionals-de-la-salut\\\/comunicacio\\\/el-holding-frances-hygie31-especializat-en-salut-i-benestar-adquireix-l-empresa-ecoceutics-per-liderar-el-negoci-de-la-farmacia-majorista-a-espanya\\\/#breadcrumb\"},\"inLanguage\":\"ca\",\"potentialAction\":[{\"@type\":\"ReadAction\",\"target\":[\"https:\\\/\\\/www.ecoceutics.com\\\/ca\\\/per-professionals-de-la-salut\\\/comunicacio\\\/el-holding-frances-hygie31-especializat-en-salut-i-benestar-adquireix-l-empresa-ecoceutics-per-liderar-el-negoci-de-la-farmacia-majorista-a-espanya\\\/\"]}]},{\"@type\":\"ImageObject\",\"inLanguage\":\"ca\",\"@id\":\"https:\\\/\\\/www.ecoceutics.com\\\/ca\\\/per-professionals-de-la-salut\\\/comunicacio\\\/el-holding-frances-hygie31-especializat-en-salut-i-benestar-adquireix-l-empresa-ecoceutics-per-liderar-el-negoci-de-la-farmacia-majorista-a-espanya\\\/#primaryimage\",\"url\":\"https:\\\/\\\/www.ecoceutics.com\\\/wp-content\\\/uploads\\\/2022\\\/07\\\/image.jpg\",\"contentUrl\":\"https:\\\/\\\/www.ecoceutics.com\\\/wp-content\\\/uploads\\\/2022\\\/07\\\/image.jpg\",\"width\":821,\"height\":560},{\"@type\":\"BreadcrumbList\",\"@id\":\"https:\\\/\\\/www.ecoceutics.com\\\/ca\\\/per-professionals-de-la-salut\\\/comunicacio\\\/el-holding-frances-hygie31-especializat-en-salut-i-benestar-adquireix-l-empresa-ecoceutics-per-liderar-el-negoci-de-la-farmacia-majorista-a-espanya\\\/#breadcrumb\",\"itemListElement\":[{\"@type\":\"ListItem\",\"position\":1,\"name\":\"Portada\",\"item\":\"https:\\\/\\\/www.ecoceutics.com\\\/ca\\\/\"},{\"@type\":\"ListItem\",\"position\":2,\"name\":\"El h\u00f2lding franc\u00e8s Hygie31, especialitzat en salut i benestar, adquireix l&#8217;empresa Ecoceutics per a liderar el negoci de la farm\u00e0cia minorista a Espanya\"}]},{\"@type\":\"WebSite\",\"@id\":\"https:\\\/\\\/www.ecoceutics.com\\\/ca\\\/#website\",\"url\":\"https:\\\/\\\/www.ecoceutics.com\\\/ca\\\/\",\"name\":\"ecoceutics\",\"description\":\"Primera red de farmacias independientes bajo una marca\",\"publisher\":{\"@id\":\"https:\\\/\\\/www.ecoceutics.com\\\/ca\\\/#organization\"},\"potentialAction\":[{\"@type\":\"SearchAction\",\"target\":{\"@type\":\"EntryPoint\",\"urlTemplate\":\"https:\\\/\\\/www.ecoceutics.com\\\/ca\\\/?s={search_term_string}\"},\"query-input\":{\"@type\":\"PropertyValueSpecification\",\"valueRequired\":true,\"valueName\":\"search_term_string\"}}],\"inLanguage\":\"ca\"},{\"@type\":\"Organization\",\"@id\":\"https:\\\/\\\/www.ecoceutics.com\\\/ca\\\/#organization\",\"name\":\"Ecoceutics\",\"url\":\"https:\\\/\\\/www.ecoceutics.com\\\/ca\\\/\",\"logo\":{\"@type\":\"ImageObject\",\"inLanguage\":\"ca\",\"@id\":\"https:\\\/\\\/www.ecoceutics.com\\\/ca\\\/#\\\/schema\\\/logo\\\/image\\\/\",\"url\":\"https:\\\/\\\/www.ecoceutics.com\\\/wp-content\\\/uploads\\\/2022\\\/02\\\/Logo-Ecoceutics-SVG-01-1.svg\",\"contentUrl\":\"https:\\\/\\\/www.ecoceutics.com\\\/wp-content\\\/uploads\\\/2022\\\/02\\\/Logo-Ecoceutics-SVG-01-1.svg\",\"width\":232,\"height\":68,\"caption\":\"Ecoceutics\"},\"image\":{\"@id\":\"https:\\\/\\\/www.ecoceutics.com\\\/ca\\\/#\\\/schema\\\/logo\\\/image\\\/\"}},{\"@type\":\"Person\",\"@id\":\"https:\\\/\\\/www.ecoceutics.com\\\/ca\\\/#\\\/schema\\\/person\\\/1ea99343a86784e00a52c8744dfc7d83\",\"name\":\"Lorena Crosa\",\"image\":{\"@type\":\"ImageObject\",\"inLanguage\":\"ca\",\"@id\":\"https:\\\/\\\/www.ecoceutics.com\\\/wp-content\\\/uploads\\\/2024\\\/03\\\/Lorena-Crosa-100x100.jpg\",\"url\":\"https:\\\/\\\/www.ecoceutics.com\\\/wp-content\\\/uploads\\\/2024\\\/03\\\/Lorena-Crosa-100x100.jpg\",\"contentUrl\":\"https:\\\/\\\/www.ecoceutics.com\\\/wp-content\\\/uploads\\\/2024\\\/03\\\/Lorena-Crosa-100x100.jpg\",\"caption\":\"Lorena Crosa\"}}]}<\/script>\n<!-- \/ Yoast SEO plugin. -->","yoast_head_json":{"title":"El h\u00f2lding franc\u00e8s Hygie31 adquireix l\u2019empresa Ecoceutics","description":"El h\u00f2lding franc\u00e8s Hygie31 adquireix l\u2019empresa Ecoceutics per a liderar el negoci de la farm\u00e0cia minorista a Espanya","robots":{"index":"index","follow":"follow","max-snippet":"max-snippet:-1","max-image-preview":"max-image-preview:large","max-video-preview":"max-video-preview:-1"},"canonical":"https:\/\/www.ecoceutics.com\/ca\/per-professionals-de-la-salut\/comunicacio\/el-holding-frances-hygie31-especializat-en-salut-i-benestar-adquireix-l-empresa-ecoceutics-per-liderar-el-negoci-de-la-farmacia-majorista-a-espanya\/","og_locale":"ca_ES","og_type":"article","og_title":"El h\u00f2lding franc\u00e8s Hygie31 adquireix l\u2019empresa Ecoceutics","og_description":"El h\u00f2lding franc\u00e8s Hygie31 adquireix l\u2019empresa Ecoceutics per a liderar el negoci de la farm\u00e0cia minorista a Espanya","og_url":"https:\/\/www.ecoceutics.com\/ca\/per-professionals-de-la-salut\/comunicacio\/el-holding-frances-hygie31-especializat-en-salut-i-benestar-adquireix-l-empresa-ecoceutics-per-liderar-el-negoci-de-la-farmacia-majorista-a-espanya\/","og_site_name":"ecoceutics","article_published_time":"2022-07-12T08:27:40+00:00","article_modified_time":"2023-04-11T10:36:17+00:00","og_image":[{"width":821,"height":560,"url":"https:\/\/www.ecoceutics.com\/wp-content\/uploads\/2022\/07\/image.jpg","type":"image\/jpeg"}],"author":"Lorena Crosa","twitter_card":"summary_large_image","twitter_misc":{"Escrit per":"Lorena Crosa","Temps estimat de lectura":"4 minuts"},"schema":{"@context":"https:\/\/schema.org","@graph":[{"@type":"Article","@id":"https:\/\/www.ecoceutics.com\/ca\/per-professionals-de-la-salut\/comunicacio\/el-holding-frances-hygie31-especializat-en-salut-i-benestar-adquireix-l-empresa-ecoceutics-per-liderar-el-negoci-de-la-farmacia-majorista-a-espanya\/#article","isPartOf":{"@id":"https:\/\/www.ecoceutics.com\/ca\/per-professionals-de-la-salut\/comunicacio\/el-holding-frances-hygie31-especializat-en-salut-i-benestar-adquireix-l-empresa-ecoceutics-per-liderar-el-negoci-de-la-farmacia-majorista-a-espanya\/"},"author":{"name":"Lorena Crosa","@id":"https:\/\/www.ecoceutics.com\/ca\/#\/schema\/person\/1ea99343a86784e00a52c8744dfc7d83"},"headline":"El h\u00f2lding franc\u00e8s Hygie31, especialitzat en salut i benestar, adquireix l&#8217;empresa Ecoceutics per a liderar el negoci de la farm\u00e0cia minorista a Espanya","datePublished":"2022-07-12T08:27:40+00:00","dateModified":"2023-04-11T10:36:17+00:00","mainEntityOfPage":{"@id":"https:\/\/www.ecoceutics.com\/ca\/per-professionals-de-la-salut\/comunicacio\/el-holding-frances-hygie31-especializat-en-salut-i-benestar-adquireix-l-empresa-ecoceutics-per-liderar-el-negoci-de-la-farmacia-majorista-a-espanya\/"},"wordCount":906,"commentCount":0,"publisher":{"@id":"https:\/\/www.ecoceutics.com\/ca\/#organization"},"image":{"@id":"https:\/\/www.ecoceutics.com\/ca\/per-professionals-de-la-salut\/comunicacio\/el-holding-frances-hygie31-especializat-en-salut-i-benestar-adquireix-l-empresa-ecoceutics-per-liderar-el-negoci-de-la-farmacia-majorista-a-espanya\/#primaryimage"},"thumbnailUrl":"https:\/\/www.ecoceutics.com\/wp-content\/uploads\/2022\/07\/image.jpg","articleSection":["Comunicaci\u00f3","Per professionals de la salut"],"inLanguage":"ca","potentialAction":[{"@type":"CommentAction","name":"Comment","target":["https:\/\/www.ecoceutics.com\/ca\/per-professionals-de-la-salut\/comunicacio\/el-holding-frances-hygie31-especializat-en-salut-i-benestar-adquireix-l-empresa-ecoceutics-per-liderar-el-negoci-de-la-farmacia-majorista-a-espanya\/#respond"]}]},{"@type":"WebPage","@id":"https:\/\/www.ecoceutics.com\/ca\/per-professionals-de-la-salut\/comunicacio\/el-holding-frances-hygie31-especializat-en-salut-i-benestar-adquireix-l-empresa-ecoceutics-per-liderar-el-negoci-de-la-farmacia-majorista-a-espanya\/","url":"https:\/\/www.ecoceutics.com\/ca\/per-professionals-de-la-salut\/comunicacio\/el-holding-frances-hygie31-especializat-en-salut-i-benestar-adquireix-l-empresa-ecoceutics-per-liderar-el-negoci-de-la-farmacia-majorista-a-espanya\/","name":"El h\u00f2lding franc\u00e8s Hygie31 adquireix l\u2019empresa Ecoceutics","isPartOf":{"@id":"https:\/\/www.ecoceutics.com\/ca\/#website"},"primaryImageOfPage":{"@id":"https:\/\/www.ecoceutics.com\/ca\/per-professionals-de-la-salut\/comunicacio\/el-holding-frances-hygie31-especializat-en-salut-i-benestar-adquireix-l-empresa-ecoceutics-per-liderar-el-negoci-de-la-farmacia-majorista-a-espanya\/#primaryimage"},"image":{"@id":"https:\/\/www.ecoceutics.com\/ca\/per-professionals-de-la-salut\/comunicacio\/el-holding-frances-hygie31-especializat-en-salut-i-benestar-adquireix-l-empresa-ecoceutics-per-liderar-el-negoci-de-la-farmacia-majorista-a-espanya\/#primaryimage"},"thumbnailUrl":"https:\/\/www.ecoceutics.com\/wp-content\/uploads\/2022\/07\/image.jpg","datePublished":"2022-07-12T08:27:40+00:00","dateModified":"2023-04-11T10:36:17+00:00","description":"El h\u00f2lding franc\u00e8s Hygie31 adquireix l\u2019empresa Ecoceutics per a liderar el negoci de la farm\u00e0cia minorista a Espanya","breadcrumb":{"@id":"https:\/\/www.ecoceutics.com\/ca\/per-professionals-de-la-salut\/comunicacio\/el-holding-frances-hygie31-especializat-en-salut-i-benestar-adquireix-l-empresa-ecoceutics-per-liderar-el-negoci-de-la-farmacia-majorista-a-espanya\/#breadcrumb"},"inLanguage":"ca","potentialAction":[{"@type":"ReadAction","target":["https:\/\/www.ecoceutics.com\/ca\/per-professionals-de-la-salut\/comunicacio\/el-holding-frances-hygie31-especializat-en-salut-i-benestar-adquireix-l-empresa-ecoceutics-per-liderar-el-negoci-de-la-farmacia-majorista-a-espanya\/"]}]},{"@type":"ImageObject","inLanguage":"ca","@id":"https:\/\/www.ecoceutics.com\/ca\/per-professionals-de-la-salut\/comunicacio\/el-holding-frances-hygie31-especializat-en-salut-i-benestar-adquireix-l-empresa-ecoceutics-per-liderar-el-negoci-de-la-farmacia-majorista-a-espanya\/#primaryimage","url":"https:\/\/www.ecoceutics.com\/wp-content\/uploads\/2022\/07\/image.jpg","contentUrl":"https:\/\/www.ecoceutics.com\/wp-content\/uploads\/2022\/07\/image.jpg","width":821,"height":560},{"@type":"BreadcrumbList","@id":"https:\/\/www.ecoceutics.com\/ca\/per-professionals-de-la-salut\/comunicacio\/el-holding-frances-hygie31-especializat-en-salut-i-benestar-adquireix-l-empresa-ecoceutics-per-liderar-el-negoci-de-la-farmacia-majorista-a-espanya\/#breadcrumb","itemListElement":[{"@type":"ListItem","position":1,"name":"Portada","item":"https:\/\/www.ecoceutics.com\/ca\/"},{"@type":"ListItem","position":2,"name":"El h\u00f2lding franc\u00e8s Hygie31, especialitzat en salut i benestar, adquireix l&#8217;empresa Ecoceutics per a liderar el negoci de la farm\u00e0cia minorista a Espanya"}]},{"@type":"WebSite","@id":"https:\/\/www.ecoceutics.com\/ca\/#website","url":"https:\/\/www.ecoceutics.com\/ca\/","name":"ecoceutics","description":"Primera red de farmacias independientes bajo una marca","publisher":{"@id":"https:\/\/www.ecoceutics.com\/ca\/#organization"},"potentialAction":[{"@type":"SearchAction","target":{"@type":"EntryPoint","urlTemplate":"https:\/\/www.ecoceutics.com\/ca\/?s={search_term_string}"},"query-input":{"@type":"PropertyValueSpecification","valueRequired":true,"valueName":"search_term_string"}}],"inLanguage":"ca"},{"@type":"Organization","@id":"https:\/\/www.ecoceutics.com\/ca\/#organization","name":"Ecoceutics","url":"https:\/\/www.ecoceutics.com\/ca\/","logo":{"@type":"ImageObject","inLanguage":"ca","@id":"https:\/\/www.ecoceutics.com\/ca\/#\/schema\/logo\/image\/","url":"https:\/\/www.ecoceutics.com\/wp-content\/uploads\/2022\/02\/Logo-Ecoceutics-SVG-01-1.svg","contentUrl":"https:\/\/www.ecoceutics.com\/wp-content\/uploads\/2022\/02\/Logo-Ecoceutics-SVG-01-1.svg","width":232,"height":68,"caption":"Ecoceutics"},"image":{"@id":"https:\/\/www.ecoceutics.com\/ca\/#\/schema\/logo\/image\/"}},{"@type":"Person","@id":"https:\/\/www.ecoceutics.com\/ca\/#\/schema\/person\/1ea99343a86784e00a52c8744dfc7d83","name":"Lorena Crosa","image":{"@type":"ImageObject","inLanguage":"ca","@id":"https:\/\/www.ecoceutics.com\/wp-content\/uploads\/2024\/03\/Lorena-Crosa-100x100.jpg","url":"https:\/\/www.ecoceutics.com\/wp-content\/uploads\/2024\/03\/Lorena-Crosa-100x100.jpg","contentUrl":"https:\/\/www.ecoceutics.com\/wp-content\/uploads\/2024\/03\/Lorena-Crosa-100x100.jpg","caption":"Lorena Crosa"}}]}},"_links":{"self":[{"href":"https:\/\/www.ecoceutics.com\/ca\/wp-json\/wp\/v2\/posts\/27480","targetHints":{"allow":["GET"]}}],"collection":[{"href":"https:\/\/www.ecoceutics.com\/ca\/wp-json\/wp\/v2\/posts"}],"about":[{"href":"https:\/\/www.ecoceutics.com\/ca\/wp-json\/wp\/v2\/types\/post"}],"author":[{"embeddable":true,"href":"https:\/\/www.ecoceutics.com\/ca\/wp-json\/wp\/v2\/users\/4"}],"replies":[{"embeddable":true,"href":"https:\/\/www.ecoceutics.com\/ca\/wp-json\/wp\/v2\/comments?post=27480"}],"version-history":[{"count":0,"href":"https:\/\/www.ecoceutics.com\/ca\/wp-json\/wp\/v2\/posts\/27480\/revisions"}],"wp:featuredmedia":[{"embeddable":true,"href":"https:\/\/www.ecoceutics.com\/ca\/wp-json\/wp\/v2\/media\/27434"}],"wp:attachment":[{"href":"https:\/\/www.ecoceutics.com\/ca\/wp-json\/wp\/v2\/media?parent=27480"}],"wp:term":[{"taxonomy":"category","embeddable":true,"href":"https:\/\/www.ecoceutics.com\/ca\/wp-json\/wp\/v2\/categories?post=27480"},{"taxonomy":"post_tag","embeddable":true,"href":"https:\/\/www.ecoceutics.com\/ca\/wp-json\/wp\/v2\/tags?post=27480"}],"curies":[{"name":"wp","href":"https:\/\/api.w.org\/{rel}","templated":true}]}}