{"id":27508,"date":"2022-07-12T11:31:09","date_gmt":"2022-07-12T09:31:09","guid":{"rendered":"https:\/\/www.ecoceutics.com\/respostes-de-salut\/salut\/ecoceutics-firma-un-nuevo-acuerdo-con-la-farmaceutica-sandoz\/"},"modified":"2023-04-11T12:36:16","modified_gmt":"2023-04-11T10:36:16","slug":"ecoceutics-signa-un-nou-acord-amb-la-farmaceutica-sandoz","status":"publish","type":"post","link":"https:\/\/www.ecoceutics.com\/ca\/per-professionals-de-la-salut\/ecoceutics-signa-un-nou-acord-amb-la-farmaceutica-sandoz\/","title":{"rendered":"Ecoceutics signa un nou acord amb la farmac\u00e8utica Sandoz"},"content":{"rendered":"\n<p><a href=\"https:\/\/www.sandozfarma.es\/\" target=\"_blank\" rel=\"noreferrer noopener\">Sandoz <\/a>\u00e9s l\u00edder mundial en medicaments gen\u00e8rics i biosimilares. Tal com es defineixen ells: &#8220;Estem reimaginant la medicina a trav\u00e9s de la innovaci\u00f3 sostenible per a millorar i prolongar la vida de les persones. Estem compromesos amb acc\u00e9s a medicaments de qualitat, a trav\u00e9s de la cerca del millor enfocament per a abordar les necessitats m\u00e8diques, dels pacients, aix\u00ed com contribuir amb la innovaci\u00f3, de la m\u00e0 de la sostenibilitat, en el sistema de salut&#8221;.<\/p>\n\n\n\n<p>Amb aquest nou acord, ja s\u00f3n quatre els laboratoris els que han decidit confiar en el projecte d&#8217;Ecoceutics, per a oferir a les nostres farm\u00e0cies les millors condicions en mat\u00e8ria d&#8217;EFG&#8217;s.<\/p>\n\n\n\n<p>Per a les<strong> farm\u00e0cies Ecoceutics<\/strong> s\u00f3n molt importants les relacions estretes amb els nostres partners. Per aquest motiu, tenim un departament especialitzat que dedica el seu temps i esfor\u00e7os a aconseguir que les nostres m\u00e9s de 150 farm\u00e0cies, puguin comptar amb els millors acords i condicions tant en la unitat de gen\u00e8rics com de la gesti\u00f3 de les nostres categories verticals: bucal, ocular, solars, hivern, mosquits, dolor t\u00f2pic, polls i somni.<\/p>\n","protected":false},"excerpt":{"rendered":"<p>Sandoz \u00e9s l\u00edder mundial en medicaments gen\u00e8rics i biosimilares. Tal com es defineixen ells: &#8220;Estem reimaginant la medicina a trav\u00e9s de la innovaci\u00f3 sostenible per a millorar i prolongar la vida de les persones. Estem compromesos amb acc\u00e9s a medicaments de qualitat, a trav\u00e9s de la cerca del millor enfocament per a abordar les necessitats [&hellip;]<\/p>\n","protected":false},"author":4,"featured_media":27498,"comment_status":"open","ping_status":"open","sticky":false,"template":"","format":"standard","meta":{"_acf_changed":false,"inline_featured_image":false,"_mbp_gutenberg_autopost":false,"footnotes":""},"categories":[20,71],"tags":[],"class_list":["post-27508","post","type-post","status-publish","format-standard","has-post-thumbnail","hentry","category-comunicacio","category-per-professionals-de-la-salut"],"acf":[],"yoast_head":"<!-- This site is optimized with the Yoast SEO plugin v27.4 - https:\/\/yoast.com\/product\/yoast-seo-wordpress\/ -->\n<title>Ecoceutics signa un nou acord amb la farmac\u00e8utica Sandoz - ecoceutics<\/title>\n<meta name=\"description\" content=\"Sandoz \u00e9s l\u00edder mundial en medicaments gen\u00e8rics i *biosimilares. Tal com es defineixen ells: &quot;Estem reimaginant la medicina\" \/>\n<meta name=\"robots\" content=\"index, follow, max-snippet:-1, max-image-preview:large, max-video-preview:-1\" \/>\n<link rel=\"canonical\" href=\"https:\/\/www.ecoceutics.com\/ca\/per-professionals-de-la-salut\/ecoceutics-signa-un-nou-acord-amb-la-farmaceutica-sandoz\/\" \/>\n<meta property=\"og:locale\" content=\"ca_ES\" \/>\n<meta property=\"og:type\" content=\"article\" \/>\n<meta property=\"og:title\" content=\"Ecoceutics signa un nou acord amb la farmac\u00e8utica Sandoz - ecoceutics\" \/>\n<meta property=\"og:description\" content=\"Sandoz \u00e9s l\u00edder mundial en medicaments gen\u00e8rics i *biosimilares. Tal com es defineixen ells: &quot;Estem reimaginant la medicina\" \/>\n<meta property=\"og:url\" content=\"https:\/\/www.ecoceutics.com\/ca\/per-professionals-de-la-salut\/ecoceutics-signa-un-nou-acord-amb-la-farmaceutica-sandoz\/\" \/>\n<meta property=\"og:site_name\" content=\"ecoceutics\" \/>\n<meta property=\"article:published_time\" content=\"2022-07-12T09:31:09+00:00\" \/>\n<meta property=\"article:modified_time\" content=\"2023-04-11T10:36:16+00:00\" \/>\n<meta property=\"og:image\" content=\"https:\/\/www.ecoceutics.com\/wp-content\/uploads\/2022\/07\/closeup-pharmacist-hand-holding-medicine-box-in-pharmacydrugstore.jpg\" \/>\n\t<meta property=\"og:image:width\" content=\"8256\" \/>\n\t<meta property=\"og:image:height\" content=\"5504\" \/>\n\t<meta property=\"og:image:type\" content=\"image\/jpeg\" \/>\n<meta name=\"author\" content=\"Lorena Crosa\" \/>\n<meta name=\"twitter:card\" content=\"summary_large_image\" \/>\n<meta name=\"twitter:label1\" content=\"Escrit per\" \/>\n\t<meta name=\"twitter:data1\" content=\"Lorena Crosa\" \/>\n\t<meta name=\"twitter:label2\" content=\"Temps estimat de lectura\" \/>\n\t<meta name=\"twitter:data2\" content=\"1 minut\" \/>\n<script type=\"application\/ld+json\" class=\"yoast-schema-graph\">{\"@context\":\"https:\\\/\\\/schema.org\",\"@graph\":[{\"@type\":\"Article\",\"@id\":\"https:\\\/\\\/www.ecoceutics.com\\\/ca\\\/per-professionals-de-la-salut\\\/ecoceutics-signa-un-nou-acord-amb-la-farmaceutica-sandoz\\\/#article\",\"isPartOf\":{\"@id\":\"https:\\\/\\\/www.ecoceutics.com\\\/ca\\\/per-professionals-de-la-salut\\\/ecoceutics-signa-un-nou-acord-amb-la-farmaceutica-sandoz\\\/\"},\"author\":{\"name\":\"Lorena Crosa\",\"@id\":\"https:\\\/\\\/www.ecoceutics.com\\\/ca\\\/#\\\/schema\\\/person\\\/1ea99343a86784e00a52c8744dfc7d83\"},\"headline\":\"Ecoceutics signa un nou acord amb la farmac\u00e8utica Sandoz\",\"datePublished\":\"2022-07-12T09:31:09+00:00\",\"dateModified\":\"2023-04-11T10:36:16+00:00\",\"mainEntityOfPage\":{\"@id\":\"https:\\\/\\\/www.ecoceutics.com\\\/ca\\\/per-professionals-de-la-salut\\\/ecoceutics-signa-un-nou-acord-amb-la-farmaceutica-sandoz\\\/\"},\"wordCount\":205,\"commentCount\":0,\"publisher\":{\"@id\":\"https:\\\/\\\/www.ecoceutics.com\\\/ca\\\/#organization\"},\"image\":{\"@id\":\"https:\\\/\\\/www.ecoceutics.com\\\/ca\\\/per-professionals-de-la-salut\\\/ecoceutics-signa-un-nou-acord-amb-la-farmaceutica-sandoz\\\/#primaryimage\"},\"thumbnailUrl\":\"https:\\\/\\\/www.ecoceutics.com\\\/wp-content\\\/uploads\\\/2022\\\/07\\\/closeup-pharmacist-hand-holding-medicine-box-in-pharmacydrugstore.jpg\",\"articleSection\":[\"Comunicaci\u00f3\",\"Per professionals de la salut\"],\"inLanguage\":\"ca\",\"potentialAction\":[{\"@type\":\"CommentAction\",\"name\":\"Comment\",\"target\":[\"https:\\\/\\\/www.ecoceutics.com\\\/ca\\\/per-professionals-de-la-salut\\\/ecoceutics-signa-un-nou-acord-amb-la-farmaceutica-sandoz\\\/#respond\"]}]},{\"@type\":\"WebPage\",\"@id\":\"https:\\\/\\\/www.ecoceutics.com\\\/ca\\\/per-professionals-de-la-salut\\\/ecoceutics-signa-un-nou-acord-amb-la-farmaceutica-sandoz\\\/\",\"url\":\"https:\\\/\\\/www.ecoceutics.com\\\/ca\\\/per-professionals-de-la-salut\\\/ecoceutics-signa-un-nou-acord-amb-la-farmaceutica-sandoz\\\/\",\"name\":\"Ecoceutics signa un nou acord amb la farmac\u00e8utica Sandoz - ecoceutics\",\"isPartOf\":{\"@id\":\"https:\\\/\\\/www.ecoceutics.com\\\/ca\\\/#website\"},\"primaryImageOfPage\":{\"@id\":\"https:\\\/\\\/www.ecoceutics.com\\\/ca\\\/per-professionals-de-la-salut\\\/ecoceutics-signa-un-nou-acord-amb-la-farmaceutica-sandoz\\\/#primaryimage\"},\"image\":{\"@id\":\"https:\\\/\\\/www.ecoceutics.com\\\/ca\\\/per-professionals-de-la-salut\\\/ecoceutics-signa-un-nou-acord-amb-la-farmaceutica-sandoz\\\/#primaryimage\"},\"thumbnailUrl\":\"https:\\\/\\\/www.ecoceutics.com\\\/wp-content\\\/uploads\\\/2022\\\/07\\\/closeup-pharmacist-hand-holding-medicine-box-in-pharmacydrugstore.jpg\",\"datePublished\":\"2022-07-12T09:31:09+00:00\",\"dateModified\":\"2023-04-11T10:36:16+00:00\",\"description\":\"Sandoz \u00e9s l\u00edder mundial en medicaments gen\u00e8rics i *biosimilares. Tal com es defineixen ells: \\\"Estem reimaginant la medicina\",\"breadcrumb\":{\"@id\":\"https:\\\/\\\/www.ecoceutics.com\\\/ca\\\/per-professionals-de-la-salut\\\/ecoceutics-signa-un-nou-acord-amb-la-farmaceutica-sandoz\\\/#breadcrumb\"},\"inLanguage\":\"ca\",\"potentialAction\":[{\"@type\":\"ReadAction\",\"target\":[\"https:\\\/\\\/www.ecoceutics.com\\\/ca\\\/per-professionals-de-la-salut\\\/ecoceutics-signa-un-nou-acord-amb-la-farmaceutica-sandoz\\\/\"]}]},{\"@type\":\"ImageObject\",\"inLanguage\":\"ca\",\"@id\":\"https:\\\/\\\/www.ecoceutics.com\\\/ca\\\/per-professionals-de-la-salut\\\/ecoceutics-signa-un-nou-acord-amb-la-farmaceutica-sandoz\\\/#primaryimage\",\"url\":\"https:\\\/\\\/www.ecoceutics.com\\\/wp-content\\\/uploads\\\/2022\\\/07\\\/closeup-pharmacist-hand-holding-medicine-box-in-pharmacydrugstore.jpg\",\"contentUrl\":\"https:\\\/\\\/www.ecoceutics.com\\\/wp-content\\\/uploads\\\/2022\\\/07\\\/closeup-pharmacist-hand-holding-medicine-box-in-pharmacydrugstore.jpg\",\"width\":8256,\"height\":5504},{\"@type\":\"BreadcrumbList\",\"@id\":\"https:\\\/\\\/www.ecoceutics.com\\\/ca\\\/per-professionals-de-la-salut\\\/ecoceutics-signa-un-nou-acord-amb-la-farmaceutica-sandoz\\\/#breadcrumb\",\"itemListElement\":[{\"@type\":\"ListItem\",\"position\":1,\"name\":\"Portada\",\"item\":\"https:\\\/\\\/www.ecoceutics.com\\\/ca\\\/\"},{\"@type\":\"ListItem\",\"position\":2,\"name\":\"Ecoceutics signa un nou acord amb la farmac\u00e8utica Sandoz\"}]},{\"@type\":\"WebSite\",\"@id\":\"https:\\\/\\\/www.ecoceutics.com\\\/ca\\\/#website\",\"url\":\"https:\\\/\\\/www.ecoceutics.com\\\/ca\\\/\",\"name\":\"ecoceutics\",\"description\":\"Primera red de farmacias independientes bajo una marca\",\"publisher\":{\"@id\":\"https:\\\/\\\/www.ecoceutics.com\\\/ca\\\/#organization\"},\"potentialAction\":[{\"@type\":\"SearchAction\",\"target\":{\"@type\":\"EntryPoint\",\"urlTemplate\":\"https:\\\/\\\/www.ecoceutics.com\\\/ca\\\/?s={search_term_string}\"},\"query-input\":{\"@type\":\"PropertyValueSpecification\",\"valueRequired\":true,\"valueName\":\"search_term_string\"}}],\"inLanguage\":\"ca\"},{\"@type\":\"Organization\",\"@id\":\"https:\\\/\\\/www.ecoceutics.com\\\/ca\\\/#organization\",\"name\":\"Ecoceutics\",\"url\":\"https:\\\/\\\/www.ecoceutics.com\\\/ca\\\/\",\"logo\":{\"@type\":\"ImageObject\",\"inLanguage\":\"ca\",\"@id\":\"https:\\\/\\\/www.ecoceutics.com\\\/ca\\\/#\\\/schema\\\/logo\\\/image\\\/\",\"url\":\"https:\\\/\\\/www.ecoceutics.com\\\/wp-content\\\/uploads\\\/2022\\\/02\\\/Logo-Ecoceutics-SVG-01-1.svg\",\"contentUrl\":\"https:\\\/\\\/www.ecoceutics.com\\\/wp-content\\\/uploads\\\/2022\\\/02\\\/Logo-Ecoceutics-SVG-01-1.svg\",\"width\":232,\"height\":68,\"caption\":\"Ecoceutics\"},\"image\":{\"@id\":\"https:\\\/\\\/www.ecoceutics.com\\\/ca\\\/#\\\/schema\\\/logo\\\/image\\\/\"}},{\"@type\":\"Person\",\"@id\":\"https:\\\/\\\/www.ecoceutics.com\\\/ca\\\/#\\\/schema\\\/person\\\/1ea99343a86784e00a52c8744dfc7d83\",\"name\":\"Lorena Crosa\",\"image\":{\"@type\":\"ImageObject\",\"inLanguage\":\"ca\",\"@id\":\"https:\\\/\\\/www.ecoceutics.com\\\/wp-content\\\/uploads\\\/2024\\\/03\\\/Lorena-Crosa-100x100.jpg\",\"url\":\"https:\\\/\\\/www.ecoceutics.com\\\/wp-content\\\/uploads\\\/2024\\\/03\\\/Lorena-Crosa-100x100.jpg\",\"contentUrl\":\"https:\\\/\\\/www.ecoceutics.com\\\/wp-content\\\/uploads\\\/2024\\\/03\\\/Lorena-Crosa-100x100.jpg\",\"caption\":\"Lorena Crosa\"}}]}<\/script>\n<!-- \/ Yoast SEO plugin. -->","yoast_head_json":{"title":"Ecoceutics signa un nou acord amb la farmac\u00e8utica Sandoz - ecoceutics","description":"Sandoz \u00e9s l\u00edder mundial en medicaments gen\u00e8rics i *biosimilares. Tal com es defineixen ells: \"Estem reimaginant la medicina","robots":{"index":"index","follow":"follow","max-snippet":"max-snippet:-1","max-image-preview":"max-image-preview:large","max-video-preview":"max-video-preview:-1"},"canonical":"https:\/\/www.ecoceutics.com\/ca\/per-professionals-de-la-salut\/ecoceutics-signa-un-nou-acord-amb-la-farmaceutica-sandoz\/","og_locale":"ca_ES","og_type":"article","og_title":"Ecoceutics signa un nou acord amb la farmac\u00e8utica Sandoz - ecoceutics","og_description":"Sandoz \u00e9s l\u00edder mundial en medicaments gen\u00e8rics i *biosimilares. Tal com es defineixen ells: \"Estem reimaginant la medicina","og_url":"https:\/\/www.ecoceutics.com\/ca\/per-professionals-de-la-salut\/ecoceutics-signa-un-nou-acord-amb-la-farmaceutica-sandoz\/","og_site_name":"ecoceutics","article_published_time":"2022-07-12T09:31:09+00:00","article_modified_time":"2023-04-11T10:36:16+00:00","og_image":[{"width":8256,"height":5504,"url":"https:\/\/www.ecoceutics.com\/wp-content\/uploads\/2022\/07\/closeup-pharmacist-hand-holding-medicine-box-in-pharmacydrugstore.jpg","type":"image\/jpeg"}],"author":"Lorena Crosa","twitter_card":"summary_large_image","twitter_misc":{"Escrit per":"Lorena Crosa","Temps estimat de lectura":"1 minut"},"schema":{"@context":"https:\/\/schema.org","@graph":[{"@type":"Article","@id":"https:\/\/www.ecoceutics.com\/ca\/per-professionals-de-la-salut\/ecoceutics-signa-un-nou-acord-amb-la-farmaceutica-sandoz\/#article","isPartOf":{"@id":"https:\/\/www.ecoceutics.com\/ca\/per-professionals-de-la-salut\/ecoceutics-signa-un-nou-acord-amb-la-farmaceutica-sandoz\/"},"author":{"name":"Lorena Crosa","@id":"https:\/\/www.ecoceutics.com\/ca\/#\/schema\/person\/1ea99343a86784e00a52c8744dfc7d83"},"headline":"Ecoceutics signa un nou acord amb la farmac\u00e8utica Sandoz","datePublished":"2022-07-12T09:31:09+00:00","dateModified":"2023-04-11T10:36:16+00:00","mainEntityOfPage":{"@id":"https:\/\/www.ecoceutics.com\/ca\/per-professionals-de-la-salut\/ecoceutics-signa-un-nou-acord-amb-la-farmaceutica-sandoz\/"},"wordCount":205,"commentCount":0,"publisher":{"@id":"https:\/\/www.ecoceutics.com\/ca\/#organization"},"image":{"@id":"https:\/\/www.ecoceutics.com\/ca\/per-professionals-de-la-salut\/ecoceutics-signa-un-nou-acord-amb-la-farmaceutica-sandoz\/#primaryimage"},"thumbnailUrl":"https:\/\/www.ecoceutics.com\/wp-content\/uploads\/2022\/07\/closeup-pharmacist-hand-holding-medicine-box-in-pharmacydrugstore.jpg","articleSection":["Comunicaci\u00f3","Per professionals de la salut"],"inLanguage":"ca","potentialAction":[{"@type":"CommentAction","name":"Comment","target":["https:\/\/www.ecoceutics.com\/ca\/per-professionals-de-la-salut\/ecoceutics-signa-un-nou-acord-amb-la-farmaceutica-sandoz\/#respond"]}]},{"@type":"WebPage","@id":"https:\/\/www.ecoceutics.com\/ca\/per-professionals-de-la-salut\/ecoceutics-signa-un-nou-acord-amb-la-farmaceutica-sandoz\/","url":"https:\/\/www.ecoceutics.com\/ca\/per-professionals-de-la-salut\/ecoceutics-signa-un-nou-acord-amb-la-farmaceutica-sandoz\/","name":"Ecoceutics signa un nou acord amb la farmac\u00e8utica Sandoz - ecoceutics","isPartOf":{"@id":"https:\/\/www.ecoceutics.com\/ca\/#website"},"primaryImageOfPage":{"@id":"https:\/\/www.ecoceutics.com\/ca\/per-professionals-de-la-salut\/ecoceutics-signa-un-nou-acord-amb-la-farmaceutica-sandoz\/#primaryimage"},"image":{"@id":"https:\/\/www.ecoceutics.com\/ca\/per-professionals-de-la-salut\/ecoceutics-signa-un-nou-acord-amb-la-farmaceutica-sandoz\/#primaryimage"},"thumbnailUrl":"https:\/\/www.ecoceutics.com\/wp-content\/uploads\/2022\/07\/closeup-pharmacist-hand-holding-medicine-box-in-pharmacydrugstore.jpg","datePublished":"2022-07-12T09:31:09+00:00","dateModified":"2023-04-11T10:36:16+00:00","description":"Sandoz \u00e9s l\u00edder mundial en medicaments gen\u00e8rics i *biosimilares. Tal com es defineixen ells: \"Estem reimaginant la medicina","breadcrumb":{"@id":"https:\/\/www.ecoceutics.com\/ca\/per-professionals-de-la-salut\/ecoceutics-signa-un-nou-acord-amb-la-farmaceutica-sandoz\/#breadcrumb"},"inLanguage":"ca","potentialAction":[{"@type":"ReadAction","target":["https:\/\/www.ecoceutics.com\/ca\/per-professionals-de-la-salut\/ecoceutics-signa-un-nou-acord-amb-la-farmaceutica-sandoz\/"]}]},{"@type":"ImageObject","inLanguage":"ca","@id":"https:\/\/www.ecoceutics.com\/ca\/per-professionals-de-la-salut\/ecoceutics-signa-un-nou-acord-amb-la-farmaceutica-sandoz\/#primaryimage","url":"https:\/\/www.ecoceutics.com\/wp-content\/uploads\/2022\/07\/closeup-pharmacist-hand-holding-medicine-box-in-pharmacydrugstore.jpg","contentUrl":"https:\/\/www.ecoceutics.com\/wp-content\/uploads\/2022\/07\/closeup-pharmacist-hand-holding-medicine-box-in-pharmacydrugstore.jpg","width":8256,"height":5504},{"@type":"BreadcrumbList","@id":"https:\/\/www.ecoceutics.com\/ca\/per-professionals-de-la-salut\/ecoceutics-signa-un-nou-acord-amb-la-farmaceutica-sandoz\/#breadcrumb","itemListElement":[{"@type":"ListItem","position":1,"name":"Portada","item":"https:\/\/www.ecoceutics.com\/ca\/"},{"@type":"ListItem","position":2,"name":"Ecoceutics signa un nou acord amb la farmac\u00e8utica Sandoz"}]},{"@type":"WebSite","@id":"https:\/\/www.ecoceutics.com\/ca\/#website","url":"https:\/\/www.ecoceutics.com\/ca\/","name":"ecoceutics","description":"Primera red de farmacias independientes bajo una marca","publisher":{"@id":"https:\/\/www.ecoceutics.com\/ca\/#organization"},"potentialAction":[{"@type":"SearchAction","target":{"@type":"EntryPoint","urlTemplate":"https:\/\/www.ecoceutics.com\/ca\/?s={search_term_string}"},"query-input":{"@type":"PropertyValueSpecification","valueRequired":true,"valueName":"search_term_string"}}],"inLanguage":"ca"},{"@type":"Organization","@id":"https:\/\/www.ecoceutics.com\/ca\/#organization","name":"Ecoceutics","url":"https:\/\/www.ecoceutics.com\/ca\/","logo":{"@type":"ImageObject","inLanguage":"ca","@id":"https:\/\/www.ecoceutics.com\/ca\/#\/schema\/logo\/image\/","url":"https:\/\/www.ecoceutics.com\/wp-content\/uploads\/2022\/02\/Logo-Ecoceutics-SVG-01-1.svg","contentUrl":"https:\/\/www.ecoceutics.com\/wp-content\/uploads\/2022\/02\/Logo-Ecoceutics-SVG-01-1.svg","width":232,"height":68,"caption":"Ecoceutics"},"image":{"@id":"https:\/\/www.ecoceutics.com\/ca\/#\/schema\/logo\/image\/"}},{"@type":"Person","@id":"https:\/\/www.ecoceutics.com\/ca\/#\/schema\/person\/1ea99343a86784e00a52c8744dfc7d83","name":"Lorena Crosa","image":{"@type":"ImageObject","inLanguage":"ca","@id":"https:\/\/www.ecoceutics.com\/wp-content\/uploads\/2024\/03\/Lorena-Crosa-100x100.jpg","url":"https:\/\/www.ecoceutics.com\/wp-content\/uploads\/2024\/03\/Lorena-Crosa-100x100.jpg","contentUrl":"https:\/\/www.ecoceutics.com\/wp-content\/uploads\/2024\/03\/Lorena-Crosa-100x100.jpg","caption":"Lorena Crosa"}}]}},"_links":{"self":[{"href":"https:\/\/www.ecoceutics.com\/ca\/wp-json\/wp\/v2\/posts\/27508","targetHints":{"allow":["GET"]}}],"collection":[{"href":"https:\/\/www.ecoceutics.com\/ca\/wp-json\/wp\/v2\/posts"}],"about":[{"href":"https:\/\/www.ecoceutics.com\/ca\/wp-json\/wp\/v2\/types\/post"}],"author":[{"embeddable":true,"href":"https:\/\/www.ecoceutics.com\/ca\/wp-json\/wp\/v2\/users\/4"}],"replies":[{"embeddable":true,"href":"https:\/\/www.ecoceutics.com\/ca\/wp-json\/wp\/v2\/comments?post=27508"}],"version-history":[{"count":0,"href":"https:\/\/www.ecoceutics.com\/ca\/wp-json\/wp\/v2\/posts\/27508\/revisions"}],"wp:featuredmedia":[{"embeddable":true,"href":"https:\/\/www.ecoceutics.com\/ca\/wp-json\/wp\/v2\/media\/27498"}],"wp:attachment":[{"href":"https:\/\/www.ecoceutics.com\/ca\/wp-json\/wp\/v2\/media?parent=27508"}],"wp:term":[{"taxonomy":"category","embeddable":true,"href":"https:\/\/www.ecoceutics.com\/ca\/wp-json\/wp\/v2\/categories?post=27508"},{"taxonomy":"post_tag","embeddable":true,"href":"https:\/\/www.ecoceutics.com\/ca\/wp-json\/wp\/v2\/tags?post=27508"}],"curies":[{"name":"wp","href":"https:\/\/api.w.org\/{rel}","templated":true}]}}