{"id":31023,"date":"2023-04-18T08:44:51","date_gmt":"2023-04-18T06:44:51","guid":{"rendered":"https:\/\/www.ecoceutics.com\/?p=31023"},"modified":"2023-04-18T09:22:49","modified_gmt":"2023-04-18T07:22:49","slug":"causes-de-la-sequedat-a-la-boca","status":"publish","type":"post","link":"https:\/\/www.ecoceutics.com\/ca\/respostes-de-salut\/salut\/causes-de-la-sequedat-a-la-boca\/","title":{"rendered":"Causes de la sequedat a la boca"},"content":{"rendered":"\n<p>La sequedat a la boca o xerostomia pot referir-se a la manca de producci\u00f3 de saliva o a la sensaci\u00f3 de boca seca, fins i tot en pres\u00e8ncia de saliva. De vegades, aquesta sequedat va acompanyada de cremor, sensaci\u00f3 de gust alterat, llavis partits o p\u00e8rdua de gana i p\u00e8rdua de pes en els casos m\u00e9s seriosos. Per qu\u00e8 passa? Per qu\u00e8 \u00e9s important que hi hagi saliva a la boca? Com es pot resoldre la boca seca? Vegem\u2026 <\/p>\n\n\n\n<div id=\"ez-toc-container\" class=\"ez-toc-v2_0_82_2 counter-hierarchy ez-toc-counter ez-toc-custom ez-toc-container-direction\">\n<div class=\"ez-toc-title-container\">\n<p class=\"ez-toc-title\" style=\"cursor:inherit\">Contenido de la p\u00e1gina<\/p>\n<span class=\"ez-toc-title-toggle\"><a href=\"#\" class=\"ez-toc-pull-right ez-toc-btn ez-toc-btn-xs ez-toc-btn-default ez-toc-toggle\" aria-label=\"Toggle Table of Content\"><span class=\"ez-toc-js-icon-con\"><span class=\"\"><span class=\"eztoc-hide\" style=\"display:none;\">Toggle<\/span><span class=\"ez-toc-icon-toggle-span\"><svg style=\"fill: #333333;color:#333333\" xmlns=\"http:\/\/www.w3.org\/2000\/svg\" class=\"list-377408\" width=\"20px\" height=\"20px\" viewBox=\"0 0 24 24\" fill=\"none\"><path d=\"M6 6H4v2h2V6zm14 0H8v2h12V6zM4 11h2v2H4v-2zm16 0H8v2h12v-2zM4 16h2v2H4v-2zm16 0H8v2h12v-2z\" fill=\"currentColor\"><\/path><\/svg><svg style=\"fill: #333333;color:#333333\" class=\"arrow-unsorted-368013\" xmlns=\"http:\/\/www.w3.org\/2000\/svg\" width=\"10px\" height=\"10px\" viewBox=\"0 0 24 24\" version=\"1.2\" baseProfile=\"tiny\"><path d=\"M18.2 9.3l-6.2-6.3-6.2 6.3c-.2.2-.3.4-.3.7s.1.5.3.7c.2.2.4.3.7.3h11c.3 0 .5-.1.7-.3.2-.2.3-.5.3-.7s-.1-.5-.3-.7zM5.8 14.7l6.2 6.3 6.2-6.3c.2-.2.3-.5.3-.7s-.1-.5-.3-.7c-.2-.2-.4-.3-.7-.3h-11c-.3 0-.5.1-.7.3-.2.2-.3.5-.3.7s.1.5.3.7z\"\/><\/svg><\/span><\/span><\/span><\/a><\/span><\/div>\n<nav><ul class='ez-toc-list ez-toc-list-level-1 ' ><li class='ez-toc-page-1 ez-toc-heading-level-2'><a class=\"ez-toc-link ez-toc-heading-1\" href=\"https:\/\/www.ecoceutics.com\/ca\/respostes-de-salut\/salut\/causes-de-la-sequedat-a-la-boca\/#per-que-serveix-la-saliva\" >Per qu\u00e8 serveix la saliva?<\/a><\/li><li class='ez-toc-page-1 ez-toc-heading-level-2'><a class=\"ez-toc-link ez-toc-heading-2\" href=\"https:\/\/www.ecoceutics.com\/ca\/respostes-de-salut\/salut\/causes-de-la-sequedat-a-la-boca\/#quines-son-les-causes-patologiques-de-la-sequedat-a-la-boca\" >Quines son les causes patol\u00f2giques de la sequedat a la boca?<\/a><\/li><li class='ez-toc-page-1 ez-toc-heading-level-2'><a class=\"ez-toc-link ez-toc-heading-3\" href=\"https:\/\/www.ecoceutics.com\/ca\/respostes-de-salut\/salut\/causes-de-la-sequedat-a-la-boca\/#quins-medicaments-poden-causar-sequedat-a-la-boca\" >Quins medicaments poden causar sequedat a la boca?<\/a><\/li><li class='ez-toc-page-1 ez-toc-heading-level-2'><a class=\"ez-toc-link ez-toc-heading-4\" href=\"https:\/\/www.ecoceutics.com\/ca\/respostes-de-salut\/salut\/causes-de-la-sequedat-a-la-boca\/#tinc-la-boca-seca-algun-producte-pot-ajudar-me\" >Tinc la boca seca, algun producte pot ajudar-me?<\/a><\/li><\/ul><\/nav><\/div>\n<h2 class=\"wp-block-heading\"><span class=\"ez-toc-section\" id=\"per-que-serveix-la-saliva\"><\/span>Per qu\u00e8 serveix la saliva?<span class=\"ez-toc-section-end\"><\/span><\/h2>\n\n\n\n<p>La saliva \u00e9s un l\u00edquid segregat per les gl\u00e0ndules salivals, que banya la cavitat bucal. Les gl\u00e0ndules salivals secreten 1-1,5 litres de saliva al dia en un adult sa. La saliva est\u00e0 formada de dues fraccions, \u00e9s a dir, dos \u201ctipus\u201d de l\u00edquid diferents:<\/p>\n\n\n\n<ul class=\"wp-block-list\">\n<li>La<em> fracci\u00f3 serosa<\/em>, rica en un enzim, anomenada ptialina o alfa-amilasa, encarregada de comen\u00e7ar la digesti\u00f3 dels midons.<\/li>\n\n\n\n<li>La<em> fracci\u00f3 mucosa<\/em>, rica en mucina, \u00e9s la fracci\u00f3 encarregada de la lubricaci\u00f3 de la cavitat oral.<\/li>\n<\/ul>\n\n\n\n<p>La saliva no sempre \u00e9s igual, ja que pot ser m\u00e9s o menys viscosa segons all\u00f2 que es mengi o l&#8217;estat d&#8217;hidrataci\u00f3 de la persona. Per\u00f2 tot i els canvis que presenta, compleix sempre aquestes funcions: <\/p>\n\n\n\n<ul class=\"wp-block-list\">\n<li><strong>Ajudar a formar el bolo alimentari.<\/strong> La pres\u00e8ncia de saliva permet que els aliments es masteguin i s&#8217;empassin amb m\u00e9s facilitat.<\/li>\n\n\n\n<li><strong>Iniciar la digesti\u00f3 dels midons.<\/strong> Si deixes un tros de pa a la boca durant uns quants minuts, veur\u00e0s que a l&#8217;estona comen\u00e7ar\u00e0s a sentir un sabor dol\u00e7. Aix\u00f2 \u00e9s per la digesti\u00f3 dels midons complexos, que en trencar-se donen lloc a l&#8217;aparici\u00f3 de sucres simples de sabor dol\u00e7.<\/li>\n\n\n\n<li><strong>Mantenir la higiene i la salut de la cavitat oral<\/strong>. La saliva permet un efecte d&#8217;arrossegament que neteja les mucoses i les genives. No eximeix del raspallat dental, per\u00f2 evita l&#8217;acumulaci\u00f3 de restes de menjar que afavoreixen l&#8217;aparici\u00f3 d&#8217;infeccions i problemes de salut dental.<\/li>\n<\/ul>\n\n\n\n<p>La xerostomia o la boca seca pot interferir amb aquestes funcions. Tamb\u00e9 \u00e9s un factor que ajuda al desenvolupament de c\u00e0ries, problemes digestius, halitosi, candidiasi oral, gingivitis i periodontitis.<\/p>\n\n\n\n<h2 class=\"wp-block-heading\"><span class=\"ez-toc-section\" id=\"quines-son-les-causes-patologiques-de-la-sequedat-a-la-boca\"><\/span><strong>Quines son les causes patol\u00f2giques de la sequedat a la boca?<\/strong><span class=\"ez-toc-section-end\"><\/span><\/h2>\n\n\n\n<p>Hi ha moltes causes de la sequedat a la boca o xerostomia. Les causes de la sequedat a la boca m\u00e9s freq\u00fcents s\u00f3n:<\/p>\n\n\n\n<ul class=\"wp-block-list\">\n<li><strong>Efecte advers duna medicaci\u00f3 o combinaci\u00f3 de medicaments.<\/strong> En parlarem en el seg\u00fcent apartat.<\/li>\n\n\n\n<li><strong>S\u00edndrome de Sj\u00f6gren.<\/strong> \u00c9s una malaltia autoimmune. La boca seca apareix com a conseq\u00fc\u00e8ncia del dany que la malaltia infligeix a les gl\u00e0ndules salivals.<\/li>\n\n\n\n<li><strong>Radioter\u00e0pia.<\/strong> Quan hi ha tumors de cap i coll que s\u00f3n tractats amb radiaci\u00f3, part d&#8217;aquesta radiaci\u00f3 pot afectar les gl\u00e0ndules salivals. La saliva canvia tant en la qualitat com en la quantitat, donant lloc a la sequedat bucal.<\/li>\n<\/ul>\n\n\n\n<p>Altres causes de boca seca menys freq\u00fcents s\u00f3n les malalties autoimmunes que no s\u00f3n la s\u00edndrome de Sj\u00f6gren, la diabetis, ansietat, infeccions o inflamaci\u00f3 de diferents or\u00edgens, alcoholisme\u2026 la boca seca apareix per una \u00e0mplia varietat de causes. <\/p>\n\n\n\n<p>A m\u00e9s d&#8217;aquestes patologies, hi ha h\u00e0bits que poden empitjorar la boca seca:<\/p>\n\n\n\n<ul class=\"wp-block-list\">\n<li><strong>Beure poca aigua<\/strong>. La gent que no beu la quantitat daigua recomanada (1,5-2 litres diaris) pot notar la boca seca.<\/li>\n\n\n\n<li><strong>Beure alcohol regularment.<\/strong> Lalcohol ajuda a crear i mantenir la sensaci\u00f3 de boca seca.<\/li>\n\n\n\n<li><strong>Fumar.<\/strong> El tabaquisme \u00e9s un factor de risc per desenvolupar xerostomia.<br><\/li>\n<\/ul>\n\n\n\n<p>Davant els s\u00edmptomes de boca seca \u00e9s important controlar aquests tres factors per no empitjorar la situaci\u00f3.<\/p>\n\n\n\n<h2 class=\"wp-block-heading\"><span class=\"ez-toc-section\" id=\"quins-medicaments-poden-causar-sequedat-a-la-boca\"><\/span><strong>Quins medicaments poden causar sequedat a la boca?<\/strong><span class=\"ez-toc-section-end\"><\/span><\/h2>\n\n\n\n<p>Els seg\u00fcents medicaments han estat identificats com a causes de boca seca:<\/p>\n\n\n\n<ul class=\"wp-block-list\">\n<li><strong>Antihistam\u00ednics.<\/strong> Entre ells trobem el Polaramine\u00ae (dexclorfeniramina), l&#8217;Atarax\u00ae (hidroxizina) o la clorfenamina (molt utilitzada en antigripals).<\/li>\n\n\n\n<li><strong>Antidepressius<\/strong>. Els m\u00e9s \u201csecants\u201d s\u00f3n els antidepressius tric\u00edclics (amitriptilina, clomipramina). Els inhibidors selectius de la recaptaci\u00f3 de serotonina (citalopram, fluoxetina) s\u00f3n els m\u00e9s utilitzats actualment i no causen tants casos de boca seca, per\u00f2 aix\u00ed i tot la causen.<\/li>\n\n\n\n<li><strong>Di\u00fcr\u00e8tics <\/strong>com la hidroclorotiazida o la furosemida.<\/li>\n\n\n\n<li><strong>Ansiol\u00edtics<\/strong> com l&#8217;alprazolam o el lorazepam.<\/li>\n\n\n\n<li><strong>Analg\u00e8sics<\/strong>, particularment els opioides (code\u00efna, tramadol, fentanil\u2026)<\/li>\n<\/ul>\n\n\n\n<p>\u00c9s m\u00e9s f\u00e0cil que la boca s&#8217;assequi quan aquests medicaments es combinen. Per exemple, una persona que pren di\u00fcr\u00e8tics per baixar la pressi\u00f3 arterial i pren Polaramine\u00ae per a la seva al\u00b7l\u00e8rgia augmenta la probabilitat de patir sequedat de boca. La polimedicaci\u00f3 (\u201cprendre molts medicaments\u201d) \u00e9s una possible causa de boca seca a la gent gran, ja que els ancians solen prendre m\u00e9s medicaments que la gent jove. En aquests casos \u00e9s convenient revisar la medicaci\u00f3 juntament amb el metge per veure si es poden disminuir les dosis dels medicaments, canviar els medicaments per altres que causin menys sequedat, o compensar amb productes adequats la sequedat de boca.<\/p>\n\n\n\n<h2 class=\"wp-block-heading\"><span class=\"ez-toc-section\" id=\"tinc-la-boca-seca-algun-producte-pot-ajudar-me\"><\/span><strong>Tinc la boca seca, algun producte pot ajudar-me?<\/strong><span class=\"ez-toc-section-end\"><\/span><\/h2>\n\n\n\n<p>Si notes sequedat de boca, comenta-ho a la teva farm\u00e0cia de confian\u00e7a. Hi ha tota una s\u00e8rie de productes per a la cavitat bucal que us ajuden a recuperar la hidrataci\u00f3 de la boca i la sensaci\u00f3 d&#8217;humitat. XeroLacer\u00ae de Lacer, Xeros\u00ae de Dentaid, Hydral\u00ae de Gum, Xerostom\u00ae, Hidrat\u00ae de Kin\u2026 la majoria dels grans laboratoris de cura oral tenen una l\u00ednia que inclou col\u00b7lutori, gel, pasta i esprai per al tractament de la boca seca. Els farmac\u00e8utics podem analitzar el teu cas i recomanar-te el o els productes que millor s&#8217;ajusten a les teves necessitats. Tamb\u00e9 et podem ajudar a identificar la necessitat d&#8217;anar al metge: moltes vegades ser\u00e0 necess\u00e0ria la seva intervenci\u00f3 per establir el diagn\u00f2stic correcte, per modificar la medicaci\u00f3 que prens o per receptar-te medicaments que estimulin la secreci\u00f3 salivar.<\/p>\n","protected":false},"excerpt":{"rendered":"<p>La sequedat a la boca o xerostomia pot referir-se a la manca de producci\u00f3 de saliva o a la sensaci\u00f3 de boca seca, fins i tot en pres\u00e8ncia de saliva. De vegades, aquesta sequedat va acompanyada de cremor, sensaci\u00f3 de gust alterat, llavis partits o p\u00e8rdua de gana i p\u00e8rdua de pes en els casos [&hellip;]<\/p>\n","protected":false},"author":4,"featured_media":31031,"comment_status":"open","ping_status":"open","sticky":false,"template":"","format":"standard","meta":{"_acf_changed":false,"inline_featured_image":false,"_mbp_gutenberg_autopost":false,"footnotes":""},"categories":[4,1],"tags":[],"class_list":["post-31023","post","type-post","status-publish","format-standard","has-post-thumbnail","hentry","category-respostes-de-salut","category-salut"],"acf":[],"yoast_head":"<!-- This site is optimized with the Yoast SEO plugin v27.5 - https:\/\/yoast.com\/product\/yoast-seo-wordpress\/ -->\n<title>Causes de la sequedat a la boca - ecoceutics<\/title>\n<meta name=\"description\" content=\"Les causes de la sequedat a la boca poden ser diverses: efecte secundari d&#039;una medicaci\u00f3, s\u00edndrome de Sj\u00f6gren, radioter\u00e0pia...\" \/>\n<meta name=\"robots\" content=\"index, follow, max-snippet:-1, max-image-preview:large, max-video-preview:-1\" \/>\n<link rel=\"canonical\" href=\"https:\/\/www.ecoceutics.com\/ca\/respostes-de-salut\/salut\/causes-de-la-sequedat-a-la-boca\/\" \/>\n<meta property=\"og:locale\" content=\"ca_ES\" \/>\n<meta property=\"og:type\" content=\"article\" \/>\n<meta property=\"og:title\" content=\"Causes de la sequedat a la boca - ecoceutics\" \/>\n<meta property=\"og:description\" content=\"Les causes de la sequedat a la boca poden ser diverses: efecte secundari d&#039;una medicaci\u00f3, s\u00edndrome de Sj\u00f6gren, radioter\u00e0pia...\" \/>\n<meta property=\"og:url\" content=\"https:\/\/www.ecoceutics.com\/ca\/respostes-de-salut\/salut\/causes-de-la-sequedat-a-la-boca\/\" \/>\n<meta property=\"og:site_name\" content=\"ecoceutics\" \/>\n<meta property=\"article:published_time\" content=\"2023-04-18T06:44:51+00:00\" \/>\n<meta property=\"article:modified_time\" content=\"2023-04-18T07:22:49+00:00\" \/>\n<meta property=\"og:image\" content=\"https:\/\/www.ecoceutics.com\/wp-content\/uploads\/2023\/04\/causes-de-la-sequedat-a-la-boca.jpg\" \/>\n\t<meta property=\"og:image:width\" content=\"700\" \/>\n\t<meta property=\"og:image:height\" content=\"400\" \/>\n\t<meta property=\"og:image:type\" content=\"image\/jpeg\" \/>\n<meta name=\"author\" content=\"Lorena Crosa\" \/>\n<meta name=\"twitter:card\" content=\"summary_large_image\" \/>\n<meta name=\"twitter:label1\" content=\"Escrit per\" \/>\n\t<meta name=\"twitter:data1\" content=\"Lorena Crosa\" \/>\n\t<meta name=\"twitter:label2\" content=\"Temps estimat de lectura\" \/>\n\t<meta name=\"twitter:data2\" content=\"5 minuts\" \/>\n<script type=\"application\/ld+json\" class=\"yoast-schema-graph\">{\"@context\":\"https:\\\/\\\/schema.org\",\"@graph\":[{\"@type\":\"Article\",\"@id\":\"https:\\\/\\\/www.ecoceutics.com\\\/ca\\\/respostes-de-salut\\\/salut\\\/causes-de-la-sequedat-a-la-boca\\\/#article\",\"isPartOf\":{\"@id\":\"https:\\\/\\\/www.ecoceutics.com\\\/ca\\\/respostes-de-salut\\\/salut\\\/causes-de-la-sequedat-a-la-boca\\\/\"},\"author\":{\"name\":\"Lorena Crosa\",\"@id\":\"https:\\\/\\\/www.ecoceutics.com\\\/ca\\\/#\\\/schema\\\/person\\\/1ea99343a86784e00a52c8744dfc7d83\"},\"headline\":\"Causes de la sequedat a la boca\",\"datePublished\":\"2023-04-18T06:44:51+00:00\",\"dateModified\":\"2023-04-18T07:22:49+00:00\",\"mainEntityOfPage\":{\"@id\":\"https:\\\/\\\/www.ecoceutics.com\\\/ca\\\/respostes-de-salut\\\/salut\\\/causes-de-la-sequedat-a-la-boca\\\/\"},\"wordCount\":999,\"commentCount\":0,\"publisher\":{\"@id\":\"https:\\\/\\\/www.ecoceutics.com\\\/ca\\\/#organization\"},\"image\":{\"@id\":\"https:\\\/\\\/www.ecoceutics.com\\\/ca\\\/respostes-de-salut\\\/salut\\\/causes-de-la-sequedat-a-la-boca\\\/#primaryimage\"},\"thumbnailUrl\":\"https:\\\/\\\/www.ecoceutics.com\\\/wp-content\\\/uploads\\\/2023\\\/04\\\/causes-de-la-sequedat-a-la-boca.jpg\",\"articleSection\":[\"Respostes de salut\",\"Salut\"],\"inLanguage\":\"ca\",\"potentialAction\":[{\"@type\":\"CommentAction\",\"name\":\"Comment\",\"target\":[\"https:\\\/\\\/www.ecoceutics.com\\\/ca\\\/respostes-de-salut\\\/salut\\\/causes-de-la-sequedat-a-la-boca\\\/#respond\"]}]},{\"@type\":\"WebPage\",\"@id\":\"https:\\\/\\\/www.ecoceutics.com\\\/ca\\\/respostes-de-salut\\\/salut\\\/causes-de-la-sequedat-a-la-boca\\\/\",\"url\":\"https:\\\/\\\/www.ecoceutics.com\\\/ca\\\/respostes-de-salut\\\/salut\\\/causes-de-la-sequedat-a-la-boca\\\/\",\"name\":\"Causes de la sequedat a la boca - ecoceutics\",\"isPartOf\":{\"@id\":\"https:\\\/\\\/www.ecoceutics.com\\\/ca\\\/#website\"},\"primaryImageOfPage\":{\"@id\":\"https:\\\/\\\/www.ecoceutics.com\\\/ca\\\/respostes-de-salut\\\/salut\\\/causes-de-la-sequedat-a-la-boca\\\/#primaryimage\"},\"image\":{\"@id\":\"https:\\\/\\\/www.ecoceutics.com\\\/ca\\\/respostes-de-salut\\\/salut\\\/causes-de-la-sequedat-a-la-boca\\\/#primaryimage\"},\"thumbnailUrl\":\"https:\\\/\\\/www.ecoceutics.com\\\/wp-content\\\/uploads\\\/2023\\\/04\\\/causes-de-la-sequedat-a-la-boca.jpg\",\"datePublished\":\"2023-04-18T06:44:51+00:00\",\"dateModified\":\"2023-04-18T07:22:49+00:00\",\"description\":\"Les causes de la sequedat a la boca poden ser diverses: efecte secundari d'una medicaci\u00f3, s\u00edndrome de Sj\u00f6gren, radioter\u00e0pia...\",\"breadcrumb\":{\"@id\":\"https:\\\/\\\/www.ecoceutics.com\\\/ca\\\/respostes-de-salut\\\/salut\\\/causes-de-la-sequedat-a-la-boca\\\/#breadcrumb\"},\"inLanguage\":\"ca\",\"potentialAction\":[{\"@type\":\"ReadAction\",\"target\":[\"https:\\\/\\\/www.ecoceutics.com\\\/ca\\\/respostes-de-salut\\\/salut\\\/causes-de-la-sequedat-a-la-boca\\\/\"]}]},{\"@type\":\"ImageObject\",\"inLanguage\":\"ca\",\"@id\":\"https:\\\/\\\/www.ecoceutics.com\\\/ca\\\/respostes-de-salut\\\/salut\\\/causes-de-la-sequedat-a-la-boca\\\/#primaryimage\",\"url\":\"https:\\\/\\\/www.ecoceutics.com\\\/wp-content\\\/uploads\\\/2023\\\/04\\\/causes-de-la-sequedat-a-la-boca.jpg\",\"contentUrl\":\"https:\\\/\\\/www.ecoceutics.com\\\/wp-content\\\/uploads\\\/2023\\\/04\\\/causes-de-la-sequedat-a-la-boca.jpg\",\"width\":700,\"height\":400,\"caption\":\"Causes de la sequedat a la boca\"},{\"@type\":\"BreadcrumbList\",\"@id\":\"https:\\\/\\\/www.ecoceutics.com\\\/ca\\\/respostes-de-salut\\\/salut\\\/causes-de-la-sequedat-a-la-boca\\\/#breadcrumb\",\"itemListElement\":[{\"@type\":\"ListItem\",\"position\":1,\"name\":\"Portada\",\"item\":\"https:\\\/\\\/www.ecoceutics.com\\\/ca\\\/\"},{\"@type\":\"ListItem\",\"position\":2,\"name\":\"Causes de la sequedat a la boca\"}]},{\"@type\":\"WebSite\",\"@id\":\"https:\\\/\\\/www.ecoceutics.com\\\/ca\\\/#website\",\"url\":\"https:\\\/\\\/www.ecoceutics.com\\\/ca\\\/\",\"name\":\"ecoceutics\",\"description\":\"Primera red de farmacias independientes bajo una marca\",\"publisher\":{\"@id\":\"https:\\\/\\\/www.ecoceutics.com\\\/ca\\\/#organization\"},\"potentialAction\":[{\"@type\":\"SearchAction\",\"target\":{\"@type\":\"EntryPoint\",\"urlTemplate\":\"https:\\\/\\\/www.ecoceutics.com\\\/ca\\\/?s={search_term_string}\"},\"query-input\":{\"@type\":\"PropertyValueSpecification\",\"valueRequired\":true,\"valueName\":\"search_term_string\"}}],\"inLanguage\":\"ca\"},{\"@type\":\"Organization\",\"@id\":\"https:\\\/\\\/www.ecoceutics.com\\\/ca\\\/#organization\",\"name\":\"Ecoceutics\",\"url\":\"https:\\\/\\\/www.ecoceutics.com\\\/ca\\\/\",\"logo\":{\"@type\":\"ImageObject\",\"inLanguage\":\"ca\",\"@id\":\"https:\\\/\\\/www.ecoceutics.com\\\/ca\\\/#\\\/schema\\\/logo\\\/image\\\/\",\"url\":\"https:\\\/\\\/www.ecoceutics.com\\\/wp-content\\\/uploads\\\/2022\\\/02\\\/Logo-Ecoceutics-SVG-01-1.svg\",\"contentUrl\":\"https:\\\/\\\/www.ecoceutics.com\\\/wp-content\\\/uploads\\\/2022\\\/02\\\/Logo-Ecoceutics-SVG-01-1.svg\",\"width\":232,\"height\":68,\"caption\":\"Ecoceutics\"},\"image\":{\"@id\":\"https:\\\/\\\/www.ecoceutics.com\\\/ca\\\/#\\\/schema\\\/logo\\\/image\\\/\"}},{\"@type\":\"Person\",\"@id\":\"https:\\\/\\\/www.ecoceutics.com\\\/ca\\\/#\\\/schema\\\/person\\\/1ea99343a86784e00a52c8744dfc7d83\",\"name\":\"Lorena Crosa\",\"image\":{\"@type\":\"ImageObject\",\"inLanguage\":\"ca\",\"@id\":\"https:\\\/\\\/www.ecoceutics.com\\\/wp-content\\\/uploads\\\/2024\\\/03\\\/Lorena-Crosa-100x100.jpg\",\"url\":\"https:\\\/\\\/www.ecoceutics.com\\\/wp-content\\\/uploads\\\/2024\\\/03\\\/Lorena-Crosa-100x100.jpg\",\"contentUrl\":\"https:\\\/\\\/www.ecoceutics.com\\\/wp-content\\\/uploads\\\/2024\\\/03\\\/Lorena-Crosa-100x100.jpg\",\"caption\":\"Lorena Crosa\"}}]}<\/script>\n<!-- \/ Yoast SEO plugin. -->","yoast_head_json":{"title":"Causes de la sequedat a la boca - ecoceutics","description":"Les causes de la sequedat a la boca poden ser diverses: efecte secundari d'una medicaci\u00f3, s\u00edndrome de Sj\u00f6gren, radioter\u00e0pia...","robots":{"index":"index","follow":"follow","max-snippet":"max-snippet:-1","max-image-preview":"max-image-preview:large","max-video-preview":"max-video-preview:-1"},"canonical":"https:\/\/www.ecoceutics.com\/ca\/respostes-de-salut\/salut\/causes-de-la-sequedat-a-la-boca\/","og_locale":"ca_ES","og_type":"article","og_title":"Causes de la sequedat a la boca - ecoceutics","og_description":"Les causes de la sequedat a la boca poden ser diverses: efecte secundari d'una medicaci\u00f3, s\u00edndrome de Sj\u00f6gren, radioter\u00e0pia...","og_url":"https:\/\/www.ecoceutics.com\/ca\/respostes-de-salut\/salut\/causes-de-la-sequedat-a-la-boca\/","og_site_name":"ecoceutics","article_published_time":"2023-04-18T06:44:51+00:00","article_modified_time":"2023-04-18T07:22:49+00:00","og_image":[{"width":700,"height":400,"url":"https:\/\/www.ecoceutics.com\/wp-content\/uploads\/2023\/04\/causes-de-la-sequedat-a-la-boca.jpg","type":"image\/jpeg"}],"author":"Lorena Crosa","twitter_card":"summary_large_image","twitter_misc":{"Escrit per":"Lorena Crosa","Temps estimat de lectura":"5 minuts"},"schema":{"@context":"https:\/\/schema.org","@graph":[{"@type":"Article","@id":"https:\/\/www.ecoceutics.com\/ca\/respostes-de-salut\/salut\/causes-de-la-sequedat-a-la-boca\/#article","isPartOf":{"@id":"https:\/\/www.ecoceutics.com\/ca\/respostes-de-salut\/salut\/causes-de-la-sequedat-a-la-boca\/"},"author":{"name":"Lorena Crosa","@id":"https:\/\/www.ecoceutics.com\/ca\/#\/schema\/person\/1ea99343a86784e00a52c8744dfc7d83"},"headline":"Causes de la sequedat a la boca","datePublished":"2023-04-18T06:44:51+00:00","dateModified":"2023-04-18T07:22:49+00:00","mainEntityOfPage":{"@id":"https:\/\/www.ecoceutics.com\/ca\/respostes-de-salut\/salut\/causes-de-la-sequedat-a-la-boca\/"},"wordCount":999,"commentCount":0,"publisher":{"@id":"https:\/\/www.ecoceutics.com\/ca\/#organization"},"image":{"@id":"https:\/\/www.ecoceutics.com\/ca\/respostes-de-salut\/salut\/causes-de-la-sequedat-a-la-boca\/#primaryimage"},"thumbnailUrl":"https:\/\/www.ecoceutics.com\/wp-content\/uploads\/2023\/04\/causes-de-la-sequedat-a-la-boca.jpg","articleSection":["Respostes de salut","Salut"],"inLanguage":"ca","potentialAction":[{"@type":"CommentAction","name":"Comment","target":["https:\/\/www.ecoceutics.com\/ca\/respostes-de-salut\/salut\/causes-de-la-sequedat-a-la-boca\/#respond"]}]},{"@type":"WebPage","@id":"https:\/\/www.ecoceutics.com\/ca\/respostes-de-salut\/salut\/causes-de-la-sequedat-a-la-boca\/","url":"https:\/\/www.ecoceutics.com\/ca\/respostes-de-salut\/salut\/causes-de-la-sequedat-a-la-boca\/","name":"Causes de la sequedat a la boca - ecoceutics","isPartOf":{"@id":"https:\/\/www.ecoceutics.com\/ca\/#website"},"primaryImageOfPage":{"@id":"https:\/\/www.ecoceutics.com\/ca\/respostes-de-salut\/salut\/causes-de-la-sequedat-a-la-boca\/#primaryimage"},"image":{"@id":"https:\/\/www.ecoceutics.com\/ca\/respostes-de-salut\/salut\/causes-de-la-sequedat-a-la-boca\/#primaryimage"},"thumbnailUrl":"https:\/\/www.ecoceutics.com\/wp-content\/uploads\/2023\/04\/causes-de-la-sequedat-a-la-boca.jpg","datePublished":"2023-04-18T06:44:51+00:00","dateModified":"2023-04-18T07:22:49+00:00","description":"Les causes de la sequedat a la boca poden ser diverses: efecte secundari d'una medicaci\u00f3, s\u00edndrome de Sj\u00f6gren, radioter\u00e0pia...","breadcrumb":{"@id":"https:\/\/www.ecoceutics.com\/ca\/respostes-de-salut\/salut\/causes-de-la-sequedat-a-la-boca\/#breadcrumb"},"inLanguage":"ca","potentialAction":[{"@type":"ReadAction","target":["https:\/\/www.ecoceutics.com\/ca\/respostes-de-salut\/salut\/causes-de-la-sequedat-a-la-boca\/"]}]},{"@type":"ImageObject","inLanguage":"ca","@id":"https:\/\/www.ecoceutics.com\/ca\/respostes-de-salut\/salut\/causes-de-la-sequedat-a-la-boca\/#primaryimage","url":"https:\/\/www.ecoceutics.com\/wp-content\/uploads\/2023\/04\/causes-de-la-sequedat-a-la-boca.jpg","contentUrl":"https:\/\/www.ecoceutics.com\/wp-content\/uploads\/2023\/04\/causes-de-la-sequedat-a-la-boca.jpg","width":700,"height":400,"caption":"Causes de la sequedat a la boca"},{"@type":"BreadcrumbList","@id":"https:\/\/www.ecoceutics.com\/ca\/respostes-de-salut\/salut\/causes-de-la-sequedat-a-la-boca\/#breadcrumb","itemListElement":[{"@type":"ListItem","position":1,"name":"Portada","item":"https:\/\/www.ecoceutics.com\/ca\/"},{"@type":"ListItem","position":2,"name":"Causes de la sequedat a la boca"}]},{"@type":"WebSite","@id":"https:\/\/www.ecoceutics.com\/ca\/#website","url":"https:\/\/www.ecoceutics.com\/ca\/","name":"ecoceutics","description":"Primera red de farmacias independientes bajo una marca","publisher":{"@id":"https:\/\/www.ecoceutics.com\/ca\/#organization"},"potentialAction":[{"@type":"SearchAction","target":{"@type":"EntryPoint","urlTemplate":"https:\/\/www.ecoceutics.com\/ca\/?s={search_term_string}"},"query-input":{"@type":"PropertyValueSpecification","valueRequired":true,"valueName":"search_term_string"}}],"inLanguage":"ca"},{"@type":"Organization","@id":"https:\/\/www.ecoceutics.com\/ca\/#organization","name":"Ecoceutics","url":"https:\/\/www.ecoceutics.com\/ca\/","logo":{"@type":"ImageObject","inLanguage":"ca","@id":"https:\/\/www.ecoceutics.com\/ca\/#\/schema\/logo\/image\/","url":"https:\/\/www.ecoceutics.com\/wp-content\/uploads\/2022\/02\/Logo-Ecoceutics-SVG-01-1.svg","contentUrl":"https:\/\/www.ecoceutics.com\/wp-content\/uploads\/2022\/02\/Logo-Ecoceutics-SVG-01-1.svg","width":232,"height":68,"caption":"Ecoceutics"},"image":{"@id":"https:\/\/www.ecoceutics.com\/ca\/#\/schema\/logo\/image\/"}},{"@type":"Person","@id":"https:\/\/www.ecoceutics.com\/ca\/#\/schema\/person\/1ea99343a86784e00a52c8744dfc7d83","name":"Lorena Crosa","image":{"@type":"ImageObject","inLanguage":"ca","@id":"https:\/\/www.ecoceutics.com\/wp-content\/uploads\/2024\/03\/Lorena-Crosa-100x100.jpg","url":"https:\/\/www.ecoceutics.com\/wp-content\/uploads\/2024\/03\/Lorena-Crosa-100x100.jpg","contentUrl":"https:\/\/www.ecoceutics.com\/wp-content\/uploads\/2024\/03\/Lorena-Crosa-100x100.jpg","caption":"Lorena Crosa"}}]}},"_links":{"self":[{"href":"https:\/\/www.ecoceutics.com\/ca\/wp-json\/wp\/v2\/posts\/31023","targetHints":{"allow":["GET"]}}],"collection":[{"href":"https:\/\/www.ecoceutics.com\/ca\/wp-json\/wp\/v2\/posts"}],"about":[{"href":"https:\/\/www.ecoceutics.com\/ca\/wp-json\/wp\/v2\/types\/post"}],"author":[{"embeddable":true,"href":"https:\/\/www.ecoceutics.com\/ca\/wp-json\/wp\/v2\/users\/4"}],"replies":[{"embeddable":true,"href":"https:\/\/www.ecoceutics.com\/ca\/wp-json\/wp\/v2\/comments?post=31023"}],"version-history":[{"count":0,"href":"https:\/\/www.ecoceutics.com\/ca\/wp-json\/wp\/v2\/posts\/31023\/revisions"}],"wp:featuredmedia":[{"embeddable":true,"href":"https:\/\/www.ecoceutics.com\/ca\/wp-json\/wp\/v2\/media\/31031"}],"wp:attachment":[{"href":"https:\/\/www.ecoceutics.com\/ca\/wp-json\/wp\/v2\/media?parent=31023"}],"wp:term":[{"taxonomy":"category","embeddable":true,"href":"https:\/\/www.ecoceutics.com\/ca\/wp-json\/wp\/v2\/categories?post=31023"},{"taxonomy":"post_tag","embeddable":true,"href":"https:\/\/www.ecoceutics.com\/ca\/wp-json\/wp\/v2\/tags?post=31023"}],"curies":[{"name":"wp","href":"https:\/\/api.w.org\/{rel}","templated":true}]}}