{"id":31092,"date":"2023-04-18T15:32:14","date_gmt":"2023-04-18T13:32:14","guid":{"rendered":"https:\/\/www.ecoceutics.com\/?p=31092"},"modified":"2023-04-26T17:32:18","modified_gmt":"2023-04-26T15:32:18","slug":"sensacio-de-sorra-als-ulls","status":"publish","type":"post","link":"https:\/\/www.ecoceutics.com\/ca\/respostes-de-salut\/salut\/sensacio-de-sorra-als-ulls\/","title":{"rendered":"Sensaci\u00f3 de sorra als ulls"},"content":{"rendered":"\n<p>La sensaci\u00f3 de sorra als ulls, o \u201csensaci\u00f3 de cos estrany\u201d \u00e9s un s\u00edmptoma que origina moltes consultes a l&#8217;oficina de farm\u00e0cia. Moltes causes poden estar darrere aquest s\u00edmptoma i, segons el problema, ser\u00e0 la soluci\u00f3. T&#8217;expliquem en aquest article qu\u00e8 pot passar quan hi ha sensaci\u00f3 de sorra als ulls i qu\u00e8 pots fer per solucionar-ho. <\/p>\n\n\n\n<div id=\"ez-toc-container\" class=\"ez-toc-v2_0_82_2 counter-hierarchy ez-toc-counter ez-toc-custom ez-toc-container-direction\">\n<div class=\"ez-toc-title-container\">\n<p class=\"ez-toc-title\" style=\"cursor:inherit\">Contenido de la p\u00e1gina<\/p>\n<span class=\"ez-toc-title-toggle\"><a href=\"#\" class=\"ez-toc-pull-right ez-toc-btn ez-toc-btn-xs ez-toc-btn-default ez-toc-toggle\" aria-label=\"Toggle Table of Content\"><span class=\"ez-toc-js-icon-con\"><span class=\"\"><span class=\"eztoc-hide\" style=\"display:none;\">Toggle<\/span><span class=\"ez-toc-icon-toggle-span\"><svg style=\"fill: #333333;color:#333333\" xmlns=\"http:\/\/www.w3.org\/2000\/svg\" class=\"list-377408\" width=\"20px\" height=\"20px\" viewBox=\"0 0 24 24\" fill=\"none\"><path d=\"M6 6H4v2h2V6zm14 0H8v2h12V6zM4 11h2v2H4v-2zm16 0H8v2h12v-2zM4 16h2v2H4v-2zm16 0H8v2h12v-2z\" fill=\"currentColor\"><\/path><\/svg><svg style=\"fill: #333333;color:#333333\" class=\"arrow-unsorted-368013\" xmlns=\"http:\/\/www.w3.org\/2000\/svg\" width=\"10px\" height=\"10px\" viewBox=\"0 0 24 24\" version=\"1.2\" baseProfile=\"tiny\"><path d=\"M18.2 9.3l-6.2-6.3-6.2 6.3c-.2.2-.3.4-.3.7s.1.5.3.7c.2.2.4.3.7.3h11c.3 0 .5-.1.7-.3.2-.2.3-.5.3-.7s-.1-.5-.3-.7zM5.8 14.7l6.2 6.3 6.2-6.3c.2-.2.3-.5.3-.7s-.1-.5-.3-.7c-.2-.2-.4-.3-.7-.3h-11c-.3 0-.5.1-.7.3-.2.2-.3.5-.3.7s.1.5.3.7z\"\/><\/svg><\/span><\/span><\/span><\/a><\/span><\/div>\n<nav><ul class='ez-toc-list ez-toc-list-level-1 ' ><li class='ez-toc-page-1 ez-toc-heading-level-2'><a class=\"ez-toc-link ez-toc-heading-1\" href=\"https:\/\/www.ecoceutics.com\/ca\/respostes-de-salut\/salut\/sensacio-de-sorra-als-ulls\/#per-que-apareix\" >Per qu\u00e8 apareix?<\/a><\/li><li class='ez-toc-page-1 ez-toc-heading-level-2'><a class=\"ez-toc-link ez-toc-heading-2\" href=\"https:\/\/www.ecoceutics.com\/ca\/respostes-de-salut\/salut\/sensacio-de-sorra-als-ulls\/#tinc-sensacio-de-sorra-als-ulls-que-puc-fer\" >Tinc sensaci\u00f3 de sorra als ulls, qu\u00e8 puc fer?<\/a><ul class='ez-toc-list-level-3' ><li class='ez-toc-heading-level-3'><a class=\"ez-toc-link ez-toc-heading-3\" href=\"https:\/\/www.ecoceutics.com\/ca\/respostes-de-salut\/salut\/sensacio-de-sorra-als-ulls\/#quan-sha-danar-al-metge\" >Quan s&#8217;ha d&#8217;anar al metge?<\/a><\/li><\/ul><\/li><\/ul><\/nav><\/div>\n<h2 class=\"wp-block-heading\"><span class=\"ez-toc-section\" id=\"per-que-apareix\"><\/span><strong>Per qu\u00e8 apareix?<\/strong><span class=\"ez-toc-section-end\"><\/span><\/h2>\n\n\n\n<p>Moltes raons poden estar darrere de la sensaci\u00f3 de sorra als ulls. Entre elles trobem:<\/p>\n\n\n\n<ul class=\"wp-block-list\">\n<li><strong>S\u00edndrome de l&#8217;ull sec.<\/strong> Desenvolupem aquesta s\u00edndrome en el seg\u00fcent <a href=\"https:\/\/www.ecoceutics.com\/ca\/respostes-de-salut\/salut\/ull-sec\/\">article<\/a>.  <\/li>\n\n\n\n<li><strong>Conjuntivitis.<\/strong> \u00c9s la inflamaci\u00f3 de la conjuntiva, una membrana ocular. Parlem m\u00e9s de les diferents conjuntivitis en aquest <a href=\"https:\/\/www.ecoceutics.com\/ca\/respostes-de-salut\/salut\/conjuntivitis\/\">article<\/a>.<\/li>\n\n\n\n<li><strong>Danys a la superf\u00edcie ocular.<\/strong> Poden ser danys m\u00e9s lleus, com les abrasions, o m\u00e9s seriosos, com les laceracions o les \u00falceres.<\/li>\n\n\n\n<li><strong>Blefaritis.<\/strong> La blefaritis \u00e9s la inflamaci\u00f3 de les parpelles, per\u00f2 pot cursar tamb\u00e9 sensaci\u00f3 de sorra als ulls.<\/li>\n<\/ul>\n\n\n\n<p>La causa m\u00e9s freq\u00fcent de sensaci\u00f3 de sorra als ulls \u00e9s la sequedat ocular.<\/p>\n\n\n\n<h2 class=\"wp-block-heading\"><span class=\"ez-toc-section\" id=\"tinc-sensacio-de-sorra-als-ulls-que-puc-fer\"><\/span><strong>Tinc sensaci\u00f3 de sorra als ulls, qu\u00e8 puc fer?<\/strong><span class=\"ez-toc-section-end\"><\/span><\/h2>\n\n\n\n<p>Si tens sensaci\u00f3 de sorra als ulls, com a primer auxili pots aplicar alguna d&#8217;aquestes mesures:<\/p>\n\n\n\n<ul class=\"wp-block-list\">\n<li>Aclarir l&#8217;ull amb s\u00e8rum fisiol\u00f2gic o aigua corrent de l&#8217;aixeta. Fes-ho amb les mans netes, per evitar una infecci\u00f3.<\/li>\n\n\n\n<li>Si utilitzes lents de contacte, retira-les amb cura.<\/li>\n<\/ul>\n\n\n\n<p>Evita fer servir infusions, ja que el material vegetal que s&#8217;allibera en fer la infusi\u00f3 pot irritar encara m\u00e9s l&#8217;ull. Si un bon rentat no et treu aquesta sensaci\u00f3, pots consultar a la teva farm\u00e0cia de confian\u00e7a. A la farm\u00e0cia podem ajudar a alleujar la sensaci\u00f3 amb diferents productes, i \u00e9s usual que preguntem per la pres\u00e8ncia d&#8217;altres s\u00edmptomes per saber quin pot anar millor en cada cas. Per exemple:<\/p>\n\n\n\n<ul class=\"wp-block-list\">\n<li>L&#8217;ull sec per utilitzar molt el m\u00f2bil es pot alleujar amb un col\u00b7liri hidratant (Hyabak\u00ae, Aquoral\u00ae, Systane\u00ae) i pestanyant m\u00e9s seguit.<\/li>\n\n\n\n<li>La sensaci\u00f3 de sorra causada perqu\u00e8 realment ha entrat una mica de pols es pot resoldre netejant l&#8217;ull (s\u00e8rum fisiol\u00f2gic, Ba\u00f1oftal\u00ae\u2026).<\/li>\n\n\n\n<li>La sensaci\u00f3 de sorra als ulls associada a blefaritis de repetici\u00f3 es pot evitar prenent mesures per evitar el brot de blefaritis. Per exemple, desmaquillar cada nit o netejar les parpelles amb productes espec\u00edfics (escuma Naviblef\u00ae, tovalloletes Lephanet\u00ae\u2026) pot evitar o disminuir l&#8217;aparici\u00f3 de brots.<\/li>\n<\/ul>\n\n\n\n<p>No podem donar-te en aquest article una \u00fanica resposta, ja que correspon alleujar el s\u00edmptoma i tractar-ne la causa (si podem). Moltes vegades la nostra intervenci\u00f3 pot resoldre el problema correctament, per\u00f2 altres vegades \u00e9s important veure el metge. <\/p>\n\n\n\n<h3 class=\"wp-block-heading\"><span class=\"ez-toc-section\" id=\"quan-sha-danar-al-metge\"><\/span><strong>Quan s&#8217;ha d&#8217;anar al metge? <\/strong><span class=\"ez-toc-section-end\"><\/span><\/h3>\n\n\n\n<p>A la farm\u00e0cia intentarem resoldre la mol\u00e8stia sempre que puguem, per\u00f2 hi ha alguns casos en qu\u00e8 \u00e9s convenient anar al metge:<\/p>\n\n\n\n<ul class=\"wp-block-list\">\n<li>Infants menors de sis anys. Els nens petits no poden expressar clarament el que els passa, per aix\u00f2 \u00e9s convenient que els valori un metge.<\/li>\n\n\n\n<li>Gent gran, particularment els polimedicats. Molts medicaments poden causar aquesta sensaci\u00f3, aix\u00ed com altres problemes de salut que apareixen amb m\u00e9s freq\u00fc\u00e8ncia a la gent gran.<\/li>\n\n\n\n<li>Si hi ha dolor a la zona ocular.<\/li>\n\n\n\n<li>Si hi ha p\u00e8rdua d&#8217;agudesa visual.<\/li>\n\n\n\n<li>Si realment va entrar alguna cosa a l&#8217;ull (ex: accident laboral, esgarrapada que fa mal\u2026).<\/li>\n\n\n\n<li>Si el tractament instaurat per la farm\u00e0cia, no dona resultat en una setmana.<\/li>\n<\/ul>\n\n\n\n<p><\/p>\n","protected":false},"excerpt":{"rendered":"<p>La sensaci\u00f3 de sorra als ulls, o \u201csensaci\u00f3 de cos estrany\u201d \u00e9s un s\u00edmptoma que origina moltes consultes a l&#8217;oficina de farm\u00e0cia. Moltes causes poden estar darrere aquest s\u00edmptoma i, segons el problema, ser\u00e0 la soluci\u00f3. T&#8217;expliquem en aquest article qu\u00e8 pot passar quan hi ha sensaci\u00f3 de sorra als ulls i qu\u00e8 pots fer [&hellip;]<\/p>\n","protected":false},"author":4,"featured_media":31094,"comment_status":"open","ping_status":"open","sticky":false,"template":"","format":"standard","meta":{"_acf_changed":false,"inline_featured_image":false,"_mbp_gutenberg_autopost":false,"footnotes":""},"categories":[4,1],"tags":[],"class_list":["post-31092","post","type-post","status-publish","format-standard","has-post-thumbnail","hentry","category-respostes-de-salut","category-salut"],"acf":[],"yoast_head":"<!-- This site is optimized with the Yoast SEO plugin v27.5 - https:\/\/yoast.com\/product\/yoast-seo-wordpress\/ -->\n<title>Sensaci\u00f3 de sorra als ulls - ecoceutics<\/title>\n<meta name=\"description\" content=\"La sensaci\u00f3 de sorra als ulls pot ocasionar-se per diferents motius: ulls sec, conjuntivitis, danys a la superficie ocular, etc.\" \/>\n<meta name=\"robots\" content=\"index, follow, max-snippet:-1, max-image-preview:large, max-video-preview:-1\" \/>\n<link rel=\"canonical\" href=\"https:\/\/www.ecoceutics.com\/ca\/respostes-de-salut\/salut\/sensacio-de-sorra-als-ulls\/\" \/>\n<meta property=\"og:locale\" content=\"ca_ES\" \/>\n<meta property=\"og:type\" content=\"article\" \/>\n<meta property=\"og:title\" content=\"Sensaci\u00f3 de sorra als ulls - ecoceutics\" \/>\n<meta property=\"og:description\" content=\"La sensaci\u00f3 de sorra als ulls pot ocasionar-se per diferents motius: ulls sec, conjuntivitis, danys a la superficie ocular, etc.\" \/>\n<meta property=\"og:url\" content=\"https:\/\/www.ecoceutics.com\/ca\/respostes-de-salut\/salut\/sensacio-de-sorra-als-ulls\/\" \/>\n<meta property=\"og:site_name\" content=\"ecoceutics\" \/>\n<meta property=\"article:published_time\" content=\"2023-04-18T13:32:14+00:00\" \/>\n<meta property=\"article:modified_time\" content=\"2023-04-26T15:32:18+00:00\" \/>\n<meta property=\"og:image\" content=\"https:\/\/www.ecoceutics.com\/wp-content\/uploads\/2023\/04\/Sensacio-de-sorra-als-ulls.jpg\" \/>\n\t<meta property=\"og:image:width\" content=\"720\" \/>\n\t<meta property=\"og:image:height\" content=\"400\" \/>\n\t<meta property=\"og:image:type\" content=\"image\/jpeg\" \/>\n<meta name=\"author\" content=\"Lorena Crosa\" \/>\n<meta name=\"twitter:card\" content=\"summary_large_image\" \/>\n<meta name=\"twitter:label1\" content=\"Escrit per\" \/>\n\t<meta name=\"twitter:data1\" content=\"Lorena Crosa\" \/>\n\t<meta name=\"twitter:label2\" content=\"Temps estimat de lectura\" \/>\n\t<meta name=\"twitter:data2\" content=\"3 minuts\" \/>\n<script type=\"application\/ld+json\" class=\"yoast-schema-graph\">{\"@context\":\"https:\\\/\\\/schema.org\",\"@graph\":[{\"@type\":\"Article\",\"@id\":\"https:\\\/\\\/www.ecoceutics.com\\\/ca\\\/respostes-de-salut\\\/salut\\\/sensacio-de-sorra-als-ulls\\\/#article\",\"isPartOf\":{\"@id\":\"https:\\\/\\\/www.ecoceutics.com\\\/ca\\\/respostes-de-salut\\\/salut\\\/sensacio-de-sorra-als-ulls\\\/\"},\"author\":{\"name\":\"Lorena Crosa\",\"@id\":\"https:\\\/\\\/www.ecoceutics.com\\\/ca\\\/#\\\/schema\\\/person\\\/1ea99343a86784e00a52c8744dfc7d83\"},\"headline\":\"Sensaci\u00f3 de sorra als ulls\",\"datePublished\":\"2023-04-18T13:32:14+00:00\",\"dateModified\":\"2023-04-26T15:32:18+00:00\",\"mainEntityOfPage\":{\"@id\":\"https:\\\/\\\/www.ecoceutics.com\\\/ca\\\/respostes-de-salut\\\/salut\\\/sensacio-de-sorra-als-ulls\\\/\"},\"wordCount\":582,\"commentCount\":0,\"publisher\":{\"@id\":\"https:\\\/\\\/www.ecoceutics.com\\\/ca\\\/#organization\"},\"image\":{\"@id\":\"https:\\\/\\\/www.ecoceutics.com\\\/ca\\\/respostes-de-salut\\\/salut\\\/sensacio-de-sorra-als-ulls\\\/#primaryimage\"},\"thumbnailUrl\":\"https:\\\/\\\/www.ecoceutics.com\\\/wp-content\\\/uploads\\\/2023\\\/04\\\/Sensacio-de-sorra-als-ulls.jpg\",\"articleSection\":[\"Respostes de salut\",\"Salut\"],\"inLanguage\":\"ca\",\"potentialAction\":[{\"@type\":\"CommentAction\",\"name\":\"Comment\",\"target\":[\"https:\\\/\\\/www.ecoceutics.com\\\/ca\\\/respostes-de-salut\\\/salut\\\/sensacio-de-sorra-als-ulls\\\/#respond\"]}]},{\"@type\":\"WebPage\",\"@id\":\"https:\\\/\\\/www.ecoceutics.com\\\/ca\\\/respostes-de-salut\\\/salut\\\/sensacio-de-sorra-als-ulls\\\/\",\"url\":\"https:\\\/\\\/www.ecoceutics.com\\\/ca\\\/respostes-de-salut\\\/salut\\\/sensacio-de-sorra-als-ulls\\\/\",\"name\":\"Sensaci\u00f3 de sorra als ulls - ecoceutics\",\"isPartOf\":{\"@id\":\"https:\\\/\\\/www.ecoceutics.com\\\/ca\\\/#website\"},\"primaryImageOfPage\":{\"@id\":\"https:\\\/\\\/www.ecoceutics.com\\\/ca\\\/respostes-de-salut\\\/salut\\\/sensacio-de-sorra-als-ulls\\\/#primaryimage\"},\"image\":{\"@id\":\"https:\\\/\\\/www.ecoceutics.com\\\/ca\\\/respostes-de-salut\\\/salut\\\/sensacio-de-sorra-als-ulls\\\/#primaryimage\"},\"thumbnailUrl\":\"https:\\\/\\\/www.ecoceutics.com\\\/wp-content\\\/uploads\\\/2023\\\/04\\\/Sensacio-de-sorra-als-ulls.jpg\",\"datePublished\":\"2023-04-18T13:32:14+00:00\",\"dateModified\":\"2023-04-26T15:32:18+00:00\",\"description\":\"La sensaci\u00f3 de sorra als ulls pot ocasionar-se per diferents motius: ulls sec, conjuntivitis, danys a la superficie ocular, etc.\",\"breadcrumb\":{\"@id\":\"https:\\\/\\\/www.ecoceutics.com\\\/ca\\\/respostes-de-salut\\\/salut\\\/sensacio-de-sorra-als-ulls\\\/#breadcrumb\"},\"inLanguage\":\"ca\",\"potentialAction\":[{\"@type\":\"ReadAction\",\"target\":[\"https:\\\/\\\/www.ecoceutics.com\\\/ca\\\/respostes-de-salut\\\/salut\\\/sensacio-de-sorra-als-ulls\\\/\"]}]},{\"@type\":\"ImageObject\",\"inLanguage\":\"ca\",\"@id\":\"https:\\\/\\\/www.ecoceutics.com\\\/ca\\\/respostes-de-salut\\\/salut\\\/sensacio-de-sorra-als-ulls\\\/#primaryimage\",\"url\":\"https:\\\/\\\/www.ecoceutics.com\\\/wp-content\\\/uploads\\\/2023\\\/04\\\/Sensacio-de-sorra-als-ulls.jpg\",\"contentUrl\":\"https:\\\/\\\/www.ecoceutics.com\\\/wp-content\\\/uploads\\\/2023\\\/04\\\/Sensacio-de-sorra-als-ulls.jpg\",\"width\":720,\"height\":400,\"caption\":\"Sensaci\u00f3 de sorra als ulls\"},{\"@type\":\"BreadcrumbList\",\"@id\":\"https:\\\/\\\/www.ecoceutics.com\\\/ca\\\/respostes-de-salut\\\/salut\\\/sensacio-de-sorra-als-ulls\\\/#breadcrumb\",\"itemListElement\":[{\"@type\":\"ListItem\",\"position\":1,\"name\":\"Portada\",\"item\":\"https:\\\/\\\/www.ecoceutics.com\\\/ca\\\/\"},{\"@type\":\"ListItem\",\"position\":2,\"name\":\"Sensaci\u00f3 de sorra als ulls\"}]},{\"@type\":\"WebSite\",\"@id\":\"https:\\\/\\\/www.ecoceutics.com\\\/ca\\\/#website\",\"url\":\"https:\\\/\\\/www.ecoceutics.com\\\/ca\\\/\",\"name\":\"ecoceutics\",\"description\":\"Primera red de farmacias independientes bajo una marca\",\"publisher\":{\"@id\":\"https:\\\/\\\/www.ecoceutics.com\\\/ca\\\/#organization\"},\"potentialAction\":[{\"@type\":\"SearchAction\",\"target\":{\"@type\":\"EntryPoint\",\"urlTemplate\":\"https:\\\/\\\/www.ecoceutics.com\\\/ca\\\/?s={search_term_string}\"},\"query-input\":{\"@type\":\"PropertyValueSpecification\",\"valueRequired\":true,\"valueName\":\"search_term_string\"}}],\"inLanguage\":\"ca\"},{\"@type\":\"Organization\",\"@id\":\"https:\\\/\\\/www.ecoceutics.com\\\/ca\\\/#organization\",\"name\":\"Ecoceutics\",\"url\":\"https:\\\/\\\/www.ecoceutics.com\\\/ca\\\/\",\"logo\":{\"@type\":\"ImageObject\",\"inLanguage\":\"ca\",\"@id\":\"https:\\\/\\\/www.ecoceutics.com\\\/ca\\\/#\\\/schema\\\/logo\\\/image\\\/\",\"url\":\"https:\\\/\\\/www.ecoceutics.com\\\/wp-content\\\/uploads\\\/2022\\\/02\\\/Logo-Ecoceutics-SVG-01-1.svg\",\"contentUrl\":\"https:\\\/\\\/www.ecoceutics.com\\\/wp-content\\\/uploads\\\/2022\\\/02\\\/Logo-Ecoceutics-SVG-01-1.svg\",\"width\":232,\"height\":68,\"caption\":\"Ecoceutics\"},\"image\":{\"@id\":\"https:\\\/\\\/www.ecoceutics.com\\\/ca\\\/#\\\/schema\\\/logo\\\/image\\\/\"}},{\"@type\":\"Person\",\"@id\":\"https:\\\/\\\/www.ecoceutics.com\\\/ca\\\/#\\\/schema\\\/person\\\/1ea99343a86784e00a52c8744dfc7d83\",\"name\":\"Lorena Crosa\",\"image\":{\"@type\":\"ImageObject\",\"inLanguage\":\"ca\",\"@id\":\"https:\\\/\\\/www.ecoceutics.com\\\/wp-content\\\/uploads\\\/2024\\\/03\\\/Lorena-Crosa-100x100.jpg\",\"url\":\"https:\\\/\\\/www.ecoceutics.com\\\/wp-content\\\/uploads\\\/2024\\\/03\\\/Lorena-Crosa-100x100.jpg\",\"contentUrl\":\"https:\\\/\\\/www.ecoceutics.com\\\/wp-content\\\/uploads\\\/2024\\\/03\\\/Lorena-Crosa-100x100.jpg\",\"caption\":\"Lorena Crosa\"}}]}<\/script>\n<!-- \/ Yoast SEO plugin. -->","yoast_head_json":{"title":"Sensaci\u00f3 de sorra als ulls - ecoceutics","description":"La sensaci\u00f3 de sorra als ulls pot ocasionar-se per diferents motius: ulls sec, conjuntivitis, danys a la superficie ocular, etc.","robots":{"index":"index","follow":"follow","max-snippet":"max-snippet:-1","max-image-preview":"max-image-preview:large","max-video-preview":"max-video-preview:-1"},"canonical":"https:\/\/www.ecoceutics.com\/ca\/respostes-de-salut\/salut\/sensacio-de-sorra-als-ulls\/","og_locale":"ca_ES","og_type":"article","og_title":"Sensaci\u00f3 de sorra als ulls - ecoceutics","og_description":"La sensaci\u00f3 de sorra als ulls pot ocasionar-se per diferents motius: ulls sec, conjuntivitis, danys a la superficie ocular, etc.","og_url":"https:\/\/www.ecoceutics.com\/ca\/respostes-de-salut\/salut\/sensacio-de-sorra-als-ulls\/","og_site_name":"ecoceutics","article_published_time":"2023-04-18T13:32:14+00:00","article_modified_time":"2023-04-26T15:32:18+00:00","og_image":[{"width":720,"height":400,"url":"https:\/\/www.ecoceutics.com\/wp-content\/uploads\/2023\/04\/Sensacio-de-sorra-als-ulls.jpg","type":"image\/jpeg"}],"author":"Lorena Crosa","twitter_card":"summary_large_image","twitter_misc":{"Escrit per":"Lorena Crosa","Temps estimat de lectura":"3 minuts"},"schema":{"@context":"https:\/\/schema.org","@graph":[{"@type":"Article","@id":"https:\/\/www.ecoceutics.com\/ca\/respostes-de-salut\/salut\/sensacio-de-sorra-als-ulls\/#article","isPartOf":{"@id":"https:\/\/www.ecoceutics.com\/ca\/respostes-de-salut\/salut\/sensacio-de-sorra-als-ulls\/"},"author":{"name":"Lorena Crosa","@id":"https:\/\/www.ecoceutics.com\/ca\/#\/schema\/person\/1ea99343a86784e00a52c8744dfc7d83"},"headline":"Sensaci\u00f3 de sorra als ulls","datePublished":"2023-04-18T13:32:14+00:00","dateModified":"2023-04-26T15:32:18+00:00","mainEntityOfPage":{"@id":"https:\/\/www.ecoceutics.com\/ca\/respostes-de-salut\/salut\/sensacio-de-sorra-als-ulls\/"},"wordCount":582,"commentCount":0,"publisher":{"@id":"https:\/\/www.ecoceutics.com\/ca\/#organization"},"image":{"@id":"https:\/\/www.ecoceutics.com\/ca\/respostes-de-salut\/salut\/sensacio-de-sorra-als-ulls\/#primaryimage"},"thumbnailUrl":"https:\/\/www.ecoceutics.com\/wp-content\/uploads\/2023\/04\/Sensacio-de-sorra-als-ulls.jpg","articleSection":["Respostes de salut","Salut"],"inLanguage":"ca","potentialAction":[{"@type":"CommentAction","name":"Comment","target":["https:\/\/www.ecoceutics.com\/ca\/respostes-de-salut\/salut\/sensacio-de-sorra-als-ulls\/#respond"]}]},{"@type":"WebPage","@id":"https:\/\/www.ecoceutics.com\/ca\/respostes-de-salut\/salut\/sensacio-de-sorra-als-ulls\/","url":"https:\/\/www.ecoceutics.com\/ca\/respostes-de-salut\/salut\/sensacio-de-sorra-als-ulls\/","name":"Sensaci\u00f3 de sorra als ulls - ecoceutics","isPartOf":{"@id":"https:\/\/www.ecoceutics.com\/ca\/#website"},"primaryImageOfPage":{"@id":"https:\/\/www.ecoceutics.com\/ca\/respostes-de-salut\/salut\/sensacio-de-sorra-als-ulls\/#primaryimage"},"image":{"@id":"https:\/\/www.ecoceutics.com\/ca\/respostes-de-salut\/salut\/sensacio-de-sorra-als-ulls\/#primaryimage"},"thumbnailUrl":"https:\/\/www.ecoceutics.com\/wp-content\/uploads\/2023\/04\/Sensacio-de-sorra-als-ulls.jpg","datePublished":"2023-04-18T13:32:14+00:00","dateModified":"2023-04-26T15:32:18+00:00","description":"La sensaci\u00f3 de sorra als ulls pot ocasionar-se per diferents motius: ulls sec, conjuntivitis, danys a la superficie ocular, etc.","breadcrumb":{"@id":"https:\/\/www.ecoceutics.com\/ca\/respostes-de-salut\/salut\/sensacio-de-sorra-als-ulls\/#breadcrumb"},"inLanguage":"ca","potentialAction":[{"@type":"ReadAction","target":["https:\/\/www.ecoceutics.com\/ca\/respostes-de-salut\/salut\/sensacio-de-sorra-als-ulls\/"]}]},{"@type":"ImageObject","inLanguage":"ca","@id":"https:\/\/www.ecoceutics.com\/ca\/respostes-de-salut\/salut\/sensacio-de-sorra-als-ulls\/#primaryimage","url":"https:\/\/www.ecoceutics.com\/wp-content\/uploads\/2023\/04\/Sensacio-de-sorra-als-ulls.jpg","contentUrl":"https:\/\/www.ecoceutics.com\/wp-content\/uploads\/2023\/04\/Sensacio-de-sorra-als-ulls.jpg","width":720,"height":400,"caption":"Sensaci\u00f3 de sorra als ulls"},{"@type":"BreadcrumbList","@id":"https:\/\/www.ecoceutics.com\/ca\/respostes-de-salut\/salut\/sensacio-de-sorra-als-ulls\/#breadcrumb","itemListElement":[{"@type":"ListItem","position":1,"name":"Portada","item":"https:\/\/www.ecoceutics.com\/ca\/"},{"@type":"ListItem","position":2,"name":"Sensaci\u00f3 de sorra als ulls"}]},{"@type":"WebSite","@id":"https:\/\/www.ecoceutics.com\/ca\/#website","url":"https:\/\/www.ecoceutics.com\/ca\/","name":"ecoceutics","description":"Primera red de farmacias independientes bajo una marca","publisher":{"@id":"https:\/\/www.ecoceutics.com\/ca\/#organization"},"potentialAction":[{"@type":"SearchAction","target":{"@type":"EntryPoint","urlTemplate":"https:\/\/www.ecoceutics.com\/ca\/?s={search_term_string}"},"query-input":{"@type":"PropertyValueSpecification","valueRequired":true,"valueName":"search_term_string"}}],"inLanguage":"ca"},{"@type":"Organization","@id":"https:\/\/www.ecoceutics.com\/ca\/#organization","name":"Ecoceutics","url":"https:\/\/www.ecoceutics.com\/ca\/","logo":{"@type":"ImageObject","inLanguage":"ca","@id":"https:\/\/www.ecoceutics.com\/ca\/#\/schema\/logo\/image\/","url":"https:\/\/www.ecoceutics.com\/wp-content\/uploads\/2022\/02\/Logo-Ecoceutics-SVG-01-1.svg","contentUrl":"https:\/\/www.ecoceutics.com\/wp-content\/uploads\/2022\/02\/Logo-Ecoceutics-SVG-01-1.svg","width":232,"height":68,"caption":"Ecoceutics"},"image":{"@id":"https:\/\/www.ecoceutics.com\/ca\/#\/schema\/logo\/image\/"}},{"@type":"Person","@id":"https:\/\/www.ecoceutics.com\/ca\/#\/schema\/person\/1ea99343a86784e00a52c8744dfc7d83","name":"Lorena Crosa","image":{"@type":"ImageObject","inLanguage":"ca","@id":"https:\/\/www.ecoceutics.com\/wp-content\/uploads\/2024\/03\/Lorena-Crosa-100x100.jpg","url":"https:\/\/www.ecoceutics.com\/wp-content\/uploads\/2024\/03\/Lorena-Crosa-100x100.jpg","contentUrl":"https:\/\/www.ecoceutics.com\/wp-content\/uploads\/2024\/03\/Lorena-Crosa-100x100.jpg","caption":"Lorena Crosa"}}]}},"_links":{"self":[{"href":"https:\/\/www.ecoceutics.com\/ca\/wp-json\/wp\/v2\/posts\/31092","targetHints":{"allow":["GET"]}}],"collection":[{"href":"https:\/\/www.ecoceutics.com\/ca\/wp-json\/wp\/v2\/posts"}],"about":[{"href":"https:\/\/www.ecoceutics.com\/ca\/wp-json\/wp\/v2\/types\/post"}],"author":[{"embeddable":true,"href":"https:\/\/www.ecoceutics.com\/ca\/wp-json\/wp\/v2\/users\/4"}],"replies":[{"embeddable":true,"href":"https:\/\/www.ecoceutics.com\/ca\/wp-json\/wp\/v2\/comments?post=31092"}],"version-history":[{"count":0,"href":"https:\/\/www.ecoceutics.com\/ca\/wp-json\/wp\/v2\/posts\/31092\/revisions"}],"wp:featuredmedia":[{"embeddable":true,"href":"https:\/\/www.ecoceutics.com\/ca\/wp-json\/wp\/v2\/media\/31094"}],"wp:attachment":[{"href":"https:\/\/www.ecoceutics.com\/ca\/wp-json\/wp\/v2\/media?parent=31092"}],"wp:term":[{"taxonomy":"category","embeddable":true,"href":"https:\/\/www.ecoceutics.com\/ca\/wp-json\/wp\/v2\/categories?post=31092"},{"taxonomy":"post_tag","embeddable":true,"href":"https:\/\/www.ecoceutics.com\/ca\/wp-json\/wp\/v2\/tags?post=31092"}],"curies":[{"name":"wp","href":"https:\/\/api.w.org\/{rel}","templated":true}]}}