{"id":32311,"date":"2024-02-05T14:32:16","date_gmt":"2024-02-05T13:32:16","guid":{"rendered":"https:\/\/www.ecoceutics.com\/?p=32311"},"modified":"2024-03-15T11:00:59","modified_gmt":"2024-03-15T10:00:59","slug":"anestesia-per-a-queixals","status":"publish","type":"post","link":"https:\/\/www.ecoceutics.com\/ca\/respostes-de-salut\/salut\/anestesia-per-a-queixals\/","title":{"rendered":"Anest\u00e8sia per a queixals en farm\u00e0cia"},"content":{"rendered":"<p>\u201cEm fan mal els queixals\u201d \u00e9s l&#8217;expressi\u00f3 col\u00b7loquial que utilitzem quan sentim un dolor de dents, genives o mand\u00edbula que s&#8217;origina en la zona posterior de la boca. \u00c9s un dolor que origina moltes consultes en l&#8217;oficina de farm\u00e0cia, ja que \u00e9s un dolor molt molest i pot arribar a interferir amb el somni o amb les tasques di\u00e0ries. Hem parlat m\u00e9s del <a href=\"https:\/\/www.ecoceutics.com\/ca\/respostes-de-salut\/salut\/dolor-dental-que-podem-fer\/\">mal de queixal, les seves causes i algunes possibles solucions en aquest article<\/a>, per\u00f2 aquesta vegada ens centrarem en l&#8217;anest\u00e8sia, una part molt \u00fatil del tractament contra el mal de queixal i disponible sense recepta en les oficines de farm\u00e0cia.<\/p>\n<div id=\"ez-toc-container\" class=\"ez-toc-v2_0_82_2 counter-hierarchy ez-toc-counter ez-toc-custom ez-toc-container-direction\">\n<div class=\"ez-toc-title-container\">\n<p class=\"ez-toc-title\" style=\"cursor:inherit\">Contenido de la p\u00e1gina<\/p>\n<span class=\"ez-toc-title-toggle\"><a href=\"#\" class=\"ez-toc-pull-right ez-toc-btn ez-toc-btn-xs ez-toc-btn-default ez-toc-toggle\" aria-label=\"Toggle Table of Content\"><span class=\"ez-toc-js-icon-con\"><span class=\"\"><span class=\"eztoc-hide\" style=\"display:none;\">Toggle<\/span><span class=\"ez-toc-icon-toggle-span\"><svg style=\"fill: #333333;color:#333333\" xmlns=\"http:\/\/www.w3.org\/2000\/svg\" class=\"list-377408\" width=\"20px\" height=\"20px\" viewBox=\"0 0 24 24\" fill=\"none\"><path d=\"M6 6H4v2h2V6zm14 0H8v2h12V6zM4 11h2v2H4v-2zm16 0H8v2h12v-2zM4 16h2v2H4v-2zm16 0H8v2h12v-2z\" fill=\"currentColor\"><\/path><\/svg><svg style=\"fill: #333333;color:#333333\" class=\"arrow-unsorted-368013\" xmlns=\"http:\/\/www.w3.org\/2000\/svg\" width=\"10px\" height=\"10px\" viewBox=\"0 0 24 24\" version=\"1.2\" baseProfile=\"tiny\"><path d=\"M18.2 9.3l-6.2-6.3-6.2 6.3c-.2.2-.3.4-.3.7s.1.5.3.7c.2.2.4.3.7.3h11c.3 0 .5-.1.7-.3.2-.2.3-.5.3-.7s-.1-.5-.3-.7zM5.8 14.7l6.2 6.3 6.2-6.3c.2-.2.3-.5.3-.7s-.1-.5-.3-.7c-.2-.2-.4-.3-.7-.3h-11c-.3 0-.5.1-.7.3-.2.2-.3.5-.3.7s.1.5.3.7z\"\/><\/svg><\/span><\/span><\/span><\/a><\/span><\/div>\n<nav><ul class='ez-toc-list ez-toc-list-level-1 ' ><li class='ez-toc-page-1 ez-toc-heading-level-2'><a class=\"ez-toc-link ez-toc-heading-1\" href=\"https:\/\/www.ecoceutics.com\/ca\/respostes-de-salut\/salut\/anestesia-per-a-queixals\/#quina-es-lanestesia-per-a-queixals-disponible-en-la-farmacia\" >Quina \u00e9s l&#8217;anest\u00e8sia per a queixals disponible en la farm\u00e0cia?<\/a><\/li><li class='ez-toc-page-1 ez-toc-heading-level-2'><a class=\"ez-toc-link ez-toc-heading-2\" href=\"https:\/\/www.ecoceutics.com\/ca\/respostes-de-salut\/salut\/anestesia-per-a-queixals\/#com-funciona-lanestesia-per-a-queixals-de-la-farmacia\" >Com funciona l&#8217;anest\u00e8sia per a queixals de la farm\u00e0cia?<\/a><\/li><li class='ez-toc-page-1 ez-toc-heading-level-2'><a class=\"ez-toc-link ez-toc-heading-3\" href=\"https:\/\/www.ecoceutics.com\/ca\/respostes-de-salut\/salut\/anestesia-per-a-queixals\/#com-sha-dutilitzar-lanestesia-per-a-queixals-de-la-farmacia\" >Com s&#8217;ha d&#8217;utilitzar l&#8217;anest\u00e8sia per a queixals de la farm\u00e0cia?<\/a><\/li><li class='ez-toc-page-1 ez-toc-heading-level-2'><a class=\"ez-toc-link ez-toc-heading-4\" href=\"https:\/\/www.ecoceutics.com\/ca\/respostes-de-salut\/salut\/anestesia-per-a-queixals\/#per-aixo%e2%80%a6\" >Per aix\u00f2&#8230;<\/a><\/li><li class='ez-toc-page-1 ez-toc-heading-level-2'><a class=\"ez-toc-link ez-toc-heading-5\" href=\"https:\/\/www.ecoceutics.com\/ca\/respostes-de-salut\/salut\/anestesia-per-a-queixals\/#em-fa-mal-el-queixal-que-puc-fer\" >Em fa mal el queixal, qu\u00e8 puc fer?<\/a><\/li><\/ul><\/nav><\/div>\n<h2><span class=\"ez-toc-section\" id=\"quina-es-lanestesia-per-a-queixals-disponible-en-la-farmacia\"><\/span>Quina \u00e9s l&#8217;anest\u00e8sia per a queixals disponible en la farm\u00e0cia?<span class=\"ez-toc-section-end\"><\/span><\/h2>\n<p>En la farm\u00e0cia podem dispensar diversos medicaments a base d&#8217;anest\u00e8sics per al mal de queixal. Dentispray\u00ae, Hurricaine\u00ae, Normodent\u00ae\u2026 tots ells s\u00f3n medicaments basats en anest\u00e8sics com la lidoca\u00efna o la benzoca\u00efna, considerats uns excel\u00b7lents anest\u00e8sics locals.<\/p>\n<h2><span class=\"ez-toc-section\" id=\"com-funciona-lanestesia-per-a-queixals-de-la-farmacia\"><\/span>Com funciona l&#8217;anest\u00e8sia per a queixals de la farm\u00e0cia?<span class=\"ez-toc-section-end\"><\/span><\/h2>\n<p>Tant la benzoca\u00efna com la lidoca\u00efna pertanyen a la fam\u00edlia dels anest\u00e8sics tipus amida\u00a0 blocadors dels canals de calci:<\/p>\n<ul>\n<li>\u201ctipus amida\u201d es refereix a una estructura qu\u00edmica espec\u00edfica, l&#8217;enlla\u00e7 amida, basada en una certa configuraci\u00f3 en l&#8217;espai d&#8217;\u00e0toms de carboni, oxigen i nitrogen (per a m\u00e9s informaci\u00f3 pots buscar \u201c<a href=\"https:\/\/www.studysmarter.es\/resumenes\/quimica\/quimica-organica\/amidas\/\">grup amida<\/a>\u201d en internet).<\/li>\n<li>Blocador de canal de sodi es refereix a una forma especialment d&#8217;actuar: quan el cos rep un est\u00edmul dolor\u00f3s, s&#8217;inicia un mecanisme bioqu\u00edmic que inclou el moviment d&#8217;ions sodi d&#8217;un costat a un altre de les membranes neuronals. Aquest pas no \u00e9s possible sense l&#8217;ajuda de canals espec\u00edfics que ho permetin, ja que les membranes s\u00f3n barreres per al pas d&#8217;ions. Podr\u00edem descriure aquests canals com una estructura de \u201ct\u00fanels\u201d que s&#8217;obren o es tanquen, facilitant el moviment d&#8217;ions sodi i permetent la transmissi\u00f3 de l&#8217;est\u00edmul dolor\u00f3s des de la dent o la geniva fins al cervell. Quan l&#8217;anest\u00e8sia entra en contacte amb aquests t\u00fanels els bloqueja de manera tal que el sodi no es mou i la neurona no \u00e9s capa\u00e7 de transmetre el senyal de dolor. L&#8217;anest\u00e8sia, per tant, bloqueja la sensaci\u00f3, per\u00f2 no cura l&#8217;origen del dolor.<\/li>\n<\/ul>\n<p>Tots els anest\u00e8sics locals acabats en \u201c-ca\u00edna\u201d pertanyen a aquest grup (lidoca\u00efna, benzoca\u00efna, priloca\u00edna, tetraca\u00edna, bupivaca\u00edna\u2026). <strong>Els medicaments de venda lliure a base d&#8217;anest\u00e8sics<\/strong> <strong>sempre s\u00f3n d&#8217;\u00fas t\u00f2pic<\/strong>, \u00e9s a dir, es venen com a esprais o gels per a aplicar directament sobre la dent o la geniva.<\/p>\n<h2><span class=\"ez-toc-section\" id=\"com-sha-dutilitzar-lanestesia-per-a-queixals-de-la-farmacia\"><\/span>Com s&#8217;ha d&#8217;utilitzar l&#8217;anest\u00e8sia per a queixals de la farm\u00e0cia?<span class=\"ez-toc-section-end\"><\/span><\/h2>\n<p>L&#8217;anest\u00e8sia local actua suprimint el dolor r\u00e0pidament. Pot utilitzar-se 3-4 vegades al dia aplicant-se directament sobre la dent adolorida. \u00c9s important tenir en compte aquestes limitacions de l&#8217;anest\u00e8sia:<\/p>\n<ul>\n<li><strong>No ha d&#8217;aplicar-se sobre ferides o lesions extenses de la boca.<\/strong> L&#8217;anest\u00e8sia local, si entra al torrent sanguini i actua per via interna, pot afectar el correcte funcionament del batec card\u00edac. Per qu\u00e8? Perqu\u00e8 hi ha canals de sodi que participen en la transmissi\u00f3 dels impulsos nerviosos que transmeten el senyal de dolor, i hi ha canals de sodi que participen en la transmissi\u00f3 dels impulsos nerviosos que fan bategar al cor. La interfer\u00e8ncia amb els canals de sodi card\u00edacs s\u00f3n la base del funcionament de la lidoca\u00efna com a antiarr\u00edtmic\u2026 per\u00f2 aquest ja \u00e9s un altre medicament, amb altres usos, que no ampliarem aqu\u00ed. I si hi ha dolor per nafres extenses o lesions grans en la boca tamb\u00e9 hi ha solucions, per\u00f2 s\u00f3n diferents a l&#8217;anest\u00e8sia en esprai.<\/li>\n<li><strong>No ha d&#8217;utilitzar-se just abans de menjar o beure:<\/strong> l&#8217;anest\u00e8sia podria dificultar el control fi de la degluci\u00f3 dels aliments, permetent que el menjar o la beguda baixi per la via respirat\u00f2ria en comptes de la digestiva.<\/li>\n<li><strong>No ha d&#8217;utilitzar-se en cas d&#8217;al\u00b7l\u00e8rgia als parabens o a uns certs tints de p\u00e8l.<\/strong> El grup amida de l&#8217;anest\u00e8sia \u00e9s present tamb\u00e9 en aquestes mol\u00e8cules, d&#8217;aqu\u00ed ve que l&#8217;al\u00b7l\u00e8rgia a parabens o tints amb aquesta estructura pugui tamb\u00e9 significar al\u00b7l\u00e8rgia als anest\u00e8sics tipus amida.<\/li>\n<\/ul>\n<h2><span class=\"ez-toc-section\" id=\"per-aixo%e2%80%a6\"><\/span>Per aix\u00f2&#8230;<span class=\"ez-toc-section-end\"><\/span><\/h2>\n<p>\u00c9s important recordar que l&#8217;anest\u00e8sia per a queixals que es dispensa en oficina de farm\u00e0cia calma la sensaci\u00f3 de dolor, per\u00f2 no substitueix a un correcte diagn\u00f2stic i tractament instaurat per un dentista. Ser\u00e0 el dentista el que valori si estem enfront d&#8217;una c\u00e0ries que cal reparar, un absc\u00e9s que requereix antibi\u00f2tic i drenatge, o un mal de l&#8217;esmalt que es tradueix com a sensibilitat dental.<\/p>\n<h2><span class=\"ez-toc-section\" id=\"em-fa-mal-el-queixal-que-puc-fer\"><\/span>Em fa mal el queixal, qu\u00e8 puc fer?<span class=\"ez-toc-section-end\"><\/span><\/h2>\n<p>Enfront d&#8217;un mal de queixal de sobtada aparici\u00f3 et recomanem que comentis el teu cas en la teva farm\u00e0cia de confian\u00e7a. Els farmac\u00e8utics sabrem recomanar-te el que millor et serveixi per a alleujar el teu mal de queixal fins a veure al dentista: potser l&#8217;anest\u00e8sia es complementa b\u00e9 amb antiinflamatoris (Ibudol\u00ae, Espididol\u00ae, Endolex\u00ae), potser pots trobar alleujament utilitzant productes contra la sensibilitat dental (Bexident\u00ae, Dentaid\u00ae) o fins i tot pot ser que et convingui rec\u00f3rrer a gels amb antis\u00e8ptic per a evitar que els problemes vagin a m\u00e9s abans de visitar al dentista. Comptes amb la teva farm\u00e0cia de confian\u00e7a per a ajudar-te a controlar el mal de queixal fins a la curaci\u00f3 del problema que l&#8217;ha causat.<\/p>\n","protected":false},"excerpt":{"rendered":"<p>\u201cEm fan mal els queixals\u201d \u00e9s l&#8217;expressi\u00f3 col\u00b7loquial que utilitzem quan sentim un dolor de dents, genives o mand\u00edbula que s&#8217;origina en la zona posterior de la boca. \u00c9s un dolor que origina moltes consultes en l&#8217;oficina de farm\u00e0cia, ja que \u00e9s un dolor molt molest i pot arribar a interferir amb el somni o [&hellip;]<\/p>\n","protected":false},"author":4,"featured_media":33296,"comment_status":"open","ping_status":"open","sticky":false,"template":"","format":"standard","meta":{"_acf_changed":false,"inline_featured_image":false,"_mbp_gutenberg_autopost":false,"footnotes":""},"categories":[4,1,54],"tags":[],"class_list":["post-32311","post","type-post","status-publish","format-standard","has-post-thumbnail","hentry","category-respostes-de-salut","category-salut","category-bellesa-i-cura-personal"],"acf":[],"yoast_head":"<!-- This site is optimized with the Yoast SEO plugin v27.5 - https:\/\/yoast.com\/product\/yoast-seo-wordpress\/ -->\n<title>Anest\u00e8sia per a queixals: Quins puc comprar en la farm\u00e0cia?<\/title>\n<meta name=\"description\" content=\"Ens centrarem en l&#039;anest\u00e8sia, una part molt \u00fatil del tractament contra el mal de queixal i disponible sense recepta en les farm\u00e0cies.\" \/>\n<meta name=\"robots\" content=\"index, follow, max-snippet:-1, max-image-preview:large, max-video-preview:-1\" \/>\n<link rel=\"canonical\" href=\"https:\/\/www.ecoceutics.com\/ca\/respostes-de-salut\/salut\/anestesia-per-a-queixals\/\" \/>\n<meta property=\"og:locale\" content=\"ca_ES\" \/>\n<meta property=\"og:type\" content=\"article\" \/>\n<meta property=\"og:title\" content=\"Anest\u00e8sia per a queixals: Quins puc comprar en la farm\u00e0cia?\" \/>\n<meta property=\"og:description\" content=\"Ens centrarem en l&#039;anest\u00e8sia, una part molt \u00fatil del tractament contra el mal de queixal i disponible sense recepta en les farm\u00e0cies.\" \/>\n<meta property=\"og:url\" content=\"https:\/\/www.ecoceutics.com\/ca\/respostes-de-salut\/salut\/anestesia-per-a-queixals\/\" \/>\n<meta property=\"og:site_name\" content=\"ecoceutics\" \/>\n<meta property=\"article:published_time\" content=\"2024-02-05T13:32:16+00:00\" \/>\n<meta property=\"article:modified_time\" content=\"2024-03-15T10:00:59+00:00\" \/>\n<meta property=\"og:image\" content=\"https:\/\/www.ecoceutics.com\/wp-content\/uploads\/2024\/02\/anestesia-muelas-farmacia.jpeg\" \/>\n\t<meta property=\"og:image:width\" content=\"900\" \/>\n\t<meta property=\"og:image:height\" content=\"500\" \/>\n\t<meta property=\"og:image:type\" content=\"image\/jpeg\" \/>\n<meta name=\"author\" content=\"Lorena Crosa\" \/>\n<meta name=\"twitter:card\" content=\"summary_large_image\" \/>\n<meta name=\"twitter:label1\" content=\"Escrit per\" \/>\n\t<meta name=\"twitter:data1\" content=\"Lorena Crosa\" \/>\n\t<meta name=\"twitter:label2\" content=\"Temps estimat de lectura\" \/>\n\t<meta name=\"twitter:data2\" content=\"5 minuts\" \/>\n<script type=\"application\/ld+json\" class=\"yoast-schema-graph\">{\"@context\":\"https:\\\/\\\/schema.org\",\"@graph\":[{\"@type\":\"Article\",\"@id\":\"https:\\\/\\\/www.ecoceutics.com\\\/ca\\\/respostes-de-salut\\\/salut\\\/anestesia-per-a-queixals\\\/#article\",\"isPartOf\":{\"@id\":\"https:\\\/\\\/www.ecoceutics.com\\\/ca\\\/respostes-de-salut\\\/salut\\\/anestesia-per-a-queixals\\\/\"},\"author\":{\"name\":\"Lorena Crosa\",\"@id\":\"https:\\\/\\\/www.ecoceutics.com\\\/ca\\\/#\\\/schema\\\/person\\\/1ea99343a86784e00a52c8744dfc7d83\"},\"headline\":\"Anest\u00e8sia per a queixals en farm\u00e0cia\",\"datePublished\":\"2024-02-05T13:32:16+00:00\",\"dateModified\":\"2024-03-15T10:00:59+00:00\",\"mainEntityOfPage\":{\"@id\":\"https:\\\/\\\/www.ecoceutics.com\\\/ca\\\/respostes-de-salut\\\/salut\\\/anestesia-per-a-queixals\\\/\"},\"wordCount\":985,\"commentCount\":0,\"publisher\":{\"@id\":\"https:\\\/\\\/www.ecoceutics.com\\\/ca\\\/#organization\"},\"image\":{\"@id\":\"https:\\\/\\\/www.ecoceutics.com\\\/ca\\\/respostes-de-salut\\\/salut\\\/anestesia-per-a-queixals\\\/#primaryimage\"},\"thumbnailUrl\":\"https:\\\/\\\/www.ecoceutics.com\\\/wp-content\\\/uploads\\\/2024\\\/02\\\/anestesia-muelas-farmacia.jpeg\",\"articleSection\":[\"Respostes de salut\",\"Salut\",\"Bellesa i cura personal\"],\"inLanguage\":\"ca\",\"potentialAction\":[{\"@type\":\"CommentAction\",\"name\":\"Comment\",\"target\":[\"https:\\\/\\\/www.ecoceutics.com\\\/ca\\\/respostes-de-salut\\\/salut\\\/anestesia-per-a-queixals\\\/#respond\"]}]},{\"@type\":\"WebPage\",\"@id\":\"https:\\\/\\\/www.ecoceutics.com\\\/ca\\\/respostes-de-salut\\\/salut\\\/anestesia-per-a-queixals\\\/\",\"url\":\"https:\\\/\\\/www.ecoceutics.com\\\/ca\\\/respostes-de-salut\\\/salut\\\/anestesia-per-a-queixals\\\/\",\"name\":\"Anest\u00e8sia per a queixals: Quins puc comprar en la farm\u00e0cia?\",\"isPartOf\":{\"@id\":\"https:\\\/\\\/www.ecoceutics.com\\\/ca\\\/#website\"},\"primaryImageOfPage\":{\"@id\":\"https:\\\/\\\/www.ecoceutics.com\\\/ca\\\/respostes-de-salut\\\/salut\\\/anestesia-per-a-queixals\\\/#primaryimage\"},\"image\":{\"@id\":\"https:\\\/\\\/www.ecoceutics.com\\\/ca\\\/respostes-de-salut\\\/salut\\\/anestesia-per-a-queixals\\\/#primaryimage\"},\"thumbnailUrl\":\"https:\\\/\\\/www.ecoceutics.com\\\/wp-content\\\/uploads\\\/2024\\\/02\\\/anestesia-muelas-farmacia.jpeg\",\"datePublished\":\"2024-02-05T13:32:16+00:00\",\"dateModified\":\"2024-03-15T10:00:59+00:00\",\"description\":\"Ens centrarem en l'anest\u00e8sia, una part molt \u00fatil del tractament contra el mal de queixal i disponible sense recepta en les farm\u00e0cies.\",\"breadcrumb\":{\"@id\":\"https:\\\/\\\/www.ecoceutics.com\\\/ca\\\/respostes-de-salut\\\/salut\\\/anestesia-per-a-queixals\\\/#breadcrumb\"},\"inLanguage\":\"ca\",\"potentialAction\":[{\"@type\":\"ReadAction\",\"target\":[\"https:\\\/\\\/www.ecoceutics.com\\\/ca\\\/respostes-de-salut\\\/salut\\\/anestesia-per-a-queixals\\\/\"]}]},{\"@type\":\"ImageObject\",\"inLanguage\":\"ca\",\"@id\":\"https:\\\/\\\/www.ecoceutics.com\\\/ca\\\/respostes-de-salut\\\/salut\\\/anestesia-per-a-queixals\\\/#primaryimage\",\"url\":\"https:\\\/\\\/www.ecoceutics.com\\\/wp-content\\\/uploads\\\/2024\\\/02\\\/anestesia-muelas-farmacia.jpeg\",\"contentUrl\":\"https:\\\/\\\/www.ecoceutics.com\\\/wp-content\\\/uploads\\\/2024\\\/02\\\/anestesia-muelas-farmacia.jpeg\",\"width\":900,\"height\":500,\"caption\":\"Anestesia para muelas en la farmacia\"},{\"@type\":\"BreadcrumbList\",\"@id\":\"https:\\\/\\\/www.ecoceutics.com\\\/ca\\\/respostes-de-salut\\\/salut\\\/anestesia-per-a-queixals\\\/#breadcrumb\",\"itemListElement\":[{\"@type\":\"ListItem\",\"position\":1,\"name\":\"Portada\",\"item\":\"https:\\\/\\\/www.ecoceutics.com\\\/ca\\\/\"},{\"@type\":\"ListItem\",\"position\":2,\"name\":\"Anest\u00e8sia per a queixals en farm\u00e0cia\"}]},{\"@type\":\"WebSite\",\"@id\":\"https:\\\/\\\/www.ecoceutics.com\\\/ca\\\/#website\",\"url\":\"https:\\\/\\\/www.ecoceutics.com\\\/ca\\\/\",\"name\":\"ecoceutics\",\"description\":\"Primera red de farmacias independientes bajo una marca\",\"publisher\":{\"@id\":\"https:\\\/\\\/www.ecoceutics.com\\\/ca\\\/#organization\"},\"potentialAction\":[{\"@type\":\"SearchAction\",\"target\":{\"@type\":\"EntryPoint\",\"urlTemplate\":\"https:\\\/\\\/www.ecoceutics.com\\\/ca\\\/?s={search_term_string}\"},\"query-input\":{\"@type\":\"PropertyValueSpecification\",\"valueRequired\":true,\"valueName\":\"search_term_string\"}}],\"inLanguage\":\"ca\"},{\"@type\":\"Organization\",\"@id\":\"https:\\\/\\\/www.ecoceutics.com\\\/ca\\\/#organization\",\"name\":\"Ecoceutics\",\"url\":\"https:\\\/\\\/www.ecoceutics.com\\\/ca\\\/\",\"logo\":{\"@type\":\"ImageObject\",\"inLanguage\":\"ca\",\"@id\":\"https:\\\/\\\/www.ecoceutics.com\\\/ca\\\/#\\\/schema\\\/logo\\\/image\\\/\",\"url\":\"https:\\\/\\\/www.ecoceutics.com\\\/wp-content\\\/uploads\\\/2022\\\/02\\\/Logo-Ecoceutics-SVG-01-1.svg\",\"contentUrl\":\"https:\\\/\\\/www.ecoceutics.com\\\/wp-content\\\/uploads\\\/2022\\\/02\\\/Logo-Ecoceutics-SVG-01-1.svg\",\"width\":232,\"height\":68,\"caption\":\"Ecoceutics\"},\"image\":{\"@id\":\"https:\\\/\\\/www.ecoceutics.com\\\/ca\\\/#\\\/schema\\\/logo\\\/image\\\/\"}},{\"@type\":\"Person\",\"@id\":\"https:\\\/\\\/www.ecoceutics.com\\\/ca\\\/#\\\/schema\\\/person\\\/1ea99343a86784e00a52c8744dfc7d83\",\"name\":\"Lorena Crosa\",\"image\":{\"@type\":\"ImageObject\",\"inLanguage\":\"ca\",\"@id\":\"https:\\\/\\\/www.ecoceutics.com\\\/wp-content\\\/uploads\\\/2024\\\/03\\\/Lorena-Crosa-100x100.jpg\",\"url\":\"https:\\\/\\\/www.ecoceutics.com\\\/wp-content\\\/uploads\\\/2024\\\/03\\\/Lorena-Crosa-100x100.jpg\",\"contentUrl\":\"https:\\\/\\\/www.ecoceutics.com\\\/wp-content\\\/uploads\\\/2024\\\/03\\\/Lorena-Crosa-100x100.jpg\",\"caption\":\"Lorena Crosa\"}}]}<\/script>\n<!-- \/ Yoast SEO plugin. -->","yoast_head_json":{"title":"Anest\u00e8sia per a queixals: Quins puc comprar en la farm\u00e0cia?","description":"Ens centrarem en l'anest\u00e8sia, una part molt \u00fatil del tractament contra el mal de queixal i disponible sense recepta en les farm\u00e0cies.","robots":{"index":"index","follow":"follow","max-snippet":"max-snippet:-1","max-image-preview":"max-image-preview:large","max-video-preview":"max-video-preview:-1"},"canonical":"https:\/\/www.ecoceutics.com\/ca\/respostes-de-salut\/salut\/anestesia-per-a-queixals\/","og_locale":"ca_ES","og_type":"article","og_title":"Anest\u00e8sia per a queixals: Quins puc comprar en la farm\u00e0cia?","og_description":"Ens centrarem en l'anest\u00e8sia, una part molt \u00fatil del tractament contra el mal de queixal i disponible sense recepta en les farm\u00e0cies.","og_url":"https:\/\/www.ecoceutics.com\/ca\/respostes-de-salut\/salut\/anestesia-per-a-queixals\/","og_site_name":"ecoceutics","article_published_time":"2024-02-05T13:32:16+00:00","article_modified_time":"2024-03-15T10:00:59+00:00","og_image":[{"width":900,"height":500,"url":"https:\/\/www.ecoceutics.com\/wp-content\/uploads\/2024\/02\/anestesia-muelas-farmacia.jpeg","type":"image\/jpeg"}],"author":"Lorena Crosa","twitter_card":"summary_large_image","twitter_misc":{"Escrit per":"Lorena Crosa","Temps estimat de lectura":"5 minuts"},"schema":{"@context":"https:\/\/schema.org","@graph":[{"@type":"Article","@id":"https:\/\/www.ecoceutics.com\/ca\/respostes-de-salut\/salut\/anestesia-per-a-queixals\/#article","isPartOf":{"@id":"https:\/\/www.ecoceutics.com\/ca\/respostes-de-salut\/salut\/anestesia-per-a-queixals\/"},"author":{"name":"Lorena Crosa","@id":"https:\/\/www.ecoceutics.com\/ca\/#\/schema\/person\/1ea99343a86784e00a52c8744dfc7d83"},"headline":"Anest\u00e8sia per a queixals en farm\u00e0cia","datePublished":"2024-02-05T13:32:16+00:00","dateModified":"2024-03-15T10:00:59+00:00","mainEntityOfPage":{"@id":"https:\/\/www.ecoceutics.com\/ca\/respostes-de-salut\/salut\/anestesia-per-a-queixals\/"},"wordCount":985,"commentCount":0,"publisher":{"@id":"https:\/\/www.ecoceutics.com\/ca\/#organization"},"image":{"@id":"https:\/\/www.ecoceutics.com\/ca\/respostes-de-salut\/salut\/anestesia-per-a-queixals\/#primaryimage"},"thumbnailUrl":"https:\/\/www.ecoceutics.com\/wp-content\/uploads\/2024\/02\/anestesia-muelas-farmacia.jpeg","articleSection":["Respostes de salut","Salut","Bellesa i cura personal"],"inLanguage":"ca","potentialAction":[{"@type":"CommentAction","name":"Comment","target":["https:\/\/www.ecoceutics.com\/ca\/respostes-de-salut\/salut\/anestesia-per-a-queixals\/#respond"]}]},{"@type":"WebPage","@id":"https:\/\/www.ecoceutics.com\/ca\/respostes-de-salut\/salut\/anestesia-per-a-queixals\/","url":"https:\/\/www.ecoceutics.com\/ca\/respostes-de-salut\/salut\/anestesia-per-a-queixals\/","name":"Anest\u00e8sia per a queixals: Quins puc comprar en la farm\u00e0cia?","isPartOf":{"@id":"https:\/\/www.ecoceutics.com\/ca\/#website"},"primaryImageOfPage":{"@id":"https:\/\/www.ecoceutics.com\/ca\/respostes-de-salut\/salut\/anestesia-per-a-queixals\/#primaryimage"},"image":{"@id":"https:\/\/www.ecoceutics.com\/ca\/respostes-de-salut\/salut\/anestesia-per-a-queixals\/#primaryimage"},"thumbnailUrl":"https:\/\/www.ecoceutics.com\/wp-content\/uploads\/2024\/02\/anestesia-muelas-farmacia.jpeg","datePublished":"2024-02-05T13:32:16+00:00","dateModified":"2024-03-15T10:00:59+00:00","description":"Ens centrarem en l'anest\u00e8sia, una part molt \u00fatil del tractament contra el mal de queixal i disponible sense recepta en les farm\u00e0cies.","breadcrumb":{"@id":"https:\/\/www.ecoceutics.com\/ca\/respostes-de-salut\/salut\/anestesia-per-a-queixals\/#breadcrumb"},"inLanguage":"ca","potentialAction":[{"@type":"ReadAction","target":["https:\/\/www.ecoceutics.com\/ca\/respostes-de-salut\/salut\/anestesia-per-a-queixals\/"]}]},{"@type":"ImageObject","inLanguage":"ca","@id":"https:\/\/www.ecoceutics.com\/ca\/respostes-de-salut\/salut\/anestesia-per-a-queixals\/#primaryimage","url":"https:\/\/www.ecoceutics.com\/wp-content\/uploads\/2024\/02\/anestesia-muelas-farmacia.jpeg","contentUrl":"https:\/\/www.ecoceutics.com\/wp-content\/uploads\/2024\/02\/anestesia-muelas-farmacia.jpeg","width":900,"height":500,"caption":"Anestesia para muelas en la farmacia"},{"@type":"BreadcrumbList","@id":"https:\/\/www.ecoceutics.com\/ca\/respostes-de-salut\/salut\/anestesia-per-a-queixals\/#breadcrumb","itemListElement":[{"@type":"ListItem","position":1,"name":"Portada","item":"https:\/\/www.ecoceutics.com\/ca\/"},{"@type":"ListItem","position":2,"name":"Anest\u00e8sia per a queixals en farm\u00e0cia"}]},{"@type":"WebSite","@id":"https:\/\/www.ecoceutics.com\/ca\/#website","url":"https:\/\/www.ecoceutics.com\/ca\/","name":"ecoceutics","description":"Primera red de farmacias independientes bajo una marca","publisher":{"@id":"https:\/\/www.ecoceutics.com\/ca\/#organization"},"potentialAction":[{"@type":"SearchAction","target":{"@type":"EntryPoint","urlTemplate":"https:\/\/www.ecoceutics.com\/ca\/?s={search_term_string}"},"query-input":{"@type":"PropertyValueSpecification","valueRequired":true,"valueName":"search_term_string"}}],"inLanguage":"ca"},{"@type":"Organization","@id":"https:\/\/www.ecoceutics.com\/ca\/#organization","name":"Ecoceutics","url":"https:\/\/www.ecoceutics.com\/ca\/","logo":{"@type":"ImageObject","inLanguage":"ca","@id":"https:\/\/www.ecoceutics.com\/ca\/#\/schema\/logo\/image\/","url":"https:\/\/www.ecoceutics.com\/wp-content\/uploads\/2022\/02\/Logo-Ecoceutics-SVG-01-1.svg","contentUrl":"https:\/\/www.ecoceutics.com\/wp-content\/uploads\/2022\/02\/Logo-Ecoceutics-SVG-01-1.svg","width":232,"height":68,"caption":"Ecoceutics"},"image":{"@id":"https:\/\/www.ecoceutics.com\/ca\/#\/schema\/logo\/image\/"}},{"@type":"Person","@id":"https:\/\/www.ecoceutics.com\/ca\/#\/schema\/person\/1ea99343a86784e00a52c8744dfc7d83","name":"Lorena Crosa","image":{"@type":"ImageObject","inLanguage":"ca","@id":"https:\/\/www.ecoceutics.com\/wp-content\/uploads\/2024\/03\/Lorena-Crosa-100x100.jpg","url":"https:\/\/www.ecoceutics.com\/wp-content\/uploads\/2024\/03\/Lorena-Crosa-100x100.jpg","contentUrl":"https:\/\/www.ecoceutics.com\/wp-content\/uploads\/2024\/03\/Lorena-Crosa-100x100.jpg","caption":"Lorena Crosa"}}]}},"_links":{"self":[{"href":"https:\/\/www.ecoceutics.com\/ca\/wp-json\/wp\/v2\/posts\/32311","targetHints":{"allow":["GET"]}}],"collection":[{"href":"https:\/\/www.ecoceutics.com\/ca\/wp-json\/wp\/v2\/posts"}],"about":[{"href":"https:\/\/www.ecoceutics.com\/ca\/wp-json\/wp\/v2\/types\/post"}],"author":[{"embeddable":true,"href":"https:\/\/www.ecoceutics.com\/ca\/wp-json\/wp\/v2\/users\/4"}],"replies":[{"embeddable":true,"href":"https:\/\/www.ecoceutics.com\/ca\/wp-json\/wp\/v2\/comments?post=32311"}],"version-history":[{"count":0,"href":"https:\/\/www.ecoceutics.com\/ca\/wp-json\/wp\/v2\/posts\/32311\/revisions"}],"wp:featuredmedia":[{"embeddable":true,"href":"https:\/\/www.ecoceutics.com\/ca\/wp-json\/wp\/v2\/media\/33296"}],"wp:attachment":[{"href":"https:\/\/www.ecoceutics.com\/ca\/wp-json\/wp\/v2\/media?parent=32311"}],"wp:term":[{"taxonomy":"category","embeddable":true,"href":"https:\/\/www.ecoceutics.com\/ca\/wp-json\/wp\/v2\/categories?post=32311"},{"taxonomy":"post_tag","embeddable":true,"href":"https:\/\/www.ecoceutics.com\/ca\/wp-json\/wp\/v2\/tags?post=32311"}],"curies":[{"name":"wp","href":"https:\/\/api.w.org\/{rel}","templated":true}]}}