{"id":32323,"date":"2024-02-05T16:05:34","date_gmt":"2024-02-05T15:05:34","guid":{"rendered":"https:\/\/www.ecoceutics.com\/?p=32323"},"modified":"2024-08-09T11:08:00","modified_gmt":"2024-08-09T09:08:00","slug":"omeprazol-i-probiotics","status":"publish","type":"post","link":"https:\/\/www.ecoceutics.com\/ca\/respostes-de-salut\/salut\/omeprazol-i-probiotics\/","title":{"rendered":"Es pot prendre omeprazol i probi\u00f2tics junts?"},"content":{"rendered":"<p>Els medicaments a base de omeprazol, popularment (i err\u00f2niament) anomenats \u201cprotectors d&#8217;est\u00f3mac\u201d, s\u00f3n medicaments capa\u00e7os de reduir la secreci\u00f3 d&#8217;\u00e0cid estomacal. Els <a href=\"https:\/\/www.ecoceutics.com\/ca\/respostes-de-salut\/salut\/que-son-els-probiotics\/\">probi\u00f2tics\u00a0<\/a> s\u00f3n microorganismes que, en les quantitats adequades, confereix algun benefici de salut a la persona que els utilitza. Per qu\u00e8 podr\u00edem necessitar prendre&#8217;ls conjuntament? Com ho far\u00edem? Vegem\u2026<\/p>\n<div id=\"ez-toc-container\" class=\"ez-toc-v2_0_82_2 counter-hierarchy ez-toc-counter ez-toc-custom ez-toc-container-direction\">\n<div class=\"ez-toc-title-container\">\n<p class=\"ez-toc-title\" style=\"cursor:inherit\">Contenido de la p\u00e1gina<\/p>\n<span class=\"ez-toc-title-toggle\"><a href=\"#\" class=\"ez-toc-pull-right ez-toc-btn ez-toc-btn-xs ez-toc-btn-default ez-toc-toggle\" aria-label=\"Toggle Table of Content\"><span class=\"ez-toc-js-icon-con\"><span class=\"\"><span class=\"eztoc-hide\" style=\"display:none;\">Toggle<\/span><span class=\"ez-toc-icon-toggle-span\"><svg style=\"fill: #333333;color:#333333\" xmlns=\"http:\/\/www.w3.org\/2000\/svg\" class=\"list-377408\" width=\"20px\" height=\"20px\" viewBox=\"0 0 24 24\" fill=\"none\"><path d=\"M6 6H4v2h2V6zm14 0H8v2h12V6zM4 11h2v2H4v-2zm16 0H8v2h12v-2zM4 16h2v2H4v-2zm16 0H8v2h12v-2z\" fill=\"currentColor\"><\/path><\/svg><svg style=\"fill: #333333;color:#333333\" class=\"arrow-unsorted-368013\" xmlns=\"http:\/\/www.w3.org\/2000\/svg\" width=\"10px\" height=\"10px\" viewBox=\"0 0 24 24\" version=\"1.2\" baseProfile=\"tiny\"><path d=\"M18.2 9.3l-6.2-6.3-6.2 6.3c-.2.2-.3.4-.3.7s.1.5.3.7c.2.2.4.3.7.3h11c.3 0 .5-.1.7-.3.2-.2.3-.5.3-.7s-.1-.5-.3-.7zM5.8 14.7l6.2 6.3 6.2-6.3c.2-.2.3-.5.3-.7s-.1-.5-.3-.7c-.2-.2-.4-.3-.7-.3h-11c-.3 0-.5.1-.7.3-.2.2-.3.5-.3.7s.1.5.3.7z\"\/><\/svg><\/span><\/span><\/span><\/a><\/span><\/div>\n<nav><ul class='ez-toc-list ez-toc-list-level-1 ' ><li class='ez-toc-page-1 ez-toc-heading-level-2'><a class=\"ez-toc-link ez-toc-heading-1\" href=\"https:\/\/www.ecoceutics.com\/ca\/respostes-de-salut\/salut\/omeprazol-i-probiotics\/#que-es-exactament-el-omeprazol\" >Qu\u00e8 \u00e9s exactament el omeprazol?<\/a><\/li><li class='ez-toc-page-1 ez-toc-heading-level-2'><a class=\"ez-toc-link ez-toc-heading-2\" href=\"https:\/\/www.ecoceutics.com\/ca\/respostes-de-salut\/salut\/omeprazol-i-probiotics\/#que-son-exactament-els-probiotics\" >Qu\u00e8 s\u00f3n exactament els probi\u00f2tics?<\/a><\/li><li class='ez-toc-page-1 ez-toc-heading-level-2'><a class=\"ez-toc-link ez-toc-heading-3\" href=\"https:\/\/www.ecoceutics.com\/ca\/respostes-de-salut\/salut\/omeprazol-i-probiotics\/#es-poden-prendre-junts-el-omeprazol-i-els-probiotics\" >Es poden prendre junts el omeprazol i els probi\u00f2tics?<\/a><\/li><li class='ez-toc-page-1 ez-toc-heading-level-2'><a class=\"ez-toc-link ez-toc-heading-4\" href=\"https:\/\/www.ecoceutics.com\/ca\/respostes-de-salut\/salut\/omeprazol-i-probiotics\/#que-cal-vigilar-si-es-combinen-probiotics-amb-omeprazol\" >Qu\u00e8 cal vigilar si es combinen probi\u00f2tics amb omeprazol?<\/a><\/li><li class='ez-toc-page-1 ez-toc-heading-level-2'><a class=\"ez-toc-link ez-toc-heading-5\" href=\"https:\/\/www.ecoceutics.com\/ca\/respostes-de-salut\/salut\/omeprazol-i-probiotics\/#bibliografia\" >Bibliografia<\/a><\/li><\/ul><\/nav><\/div>\n<h2><span class=\"ez-toc-section\" id=\"que-es-exactament-el-omeprazol\"><\/span>Qu\u00e8 \u00e9s exactament el omeprazol?<span class=\"ez-toc-section-end\"><\/span><\/h2>\n<p>El omeprazol \u00e9s una mol\u00e8cula que pertany a la fam\u00edlia dels inhibidors de la bomba de protons. Omeprazol, pantoprazol, rabeprazol\u2026 amb difer\u00e8ncies subtils en el seu mode d&#8217;actuar, tots s\u00f3n capa\u00e7os d&#8217;alentir la secreci\u00f3 d&#8217;\u00e0cid a nivell estomacal. Aix\u00f2 pot resultar d&#8217;inter\u00e8s en m\u00e9s d&#8217;una situaci\u00f3:<\/p>\n<ul>\n<li>Facilitar la curaci\u00f3 d&#8217;\u00falceres estomacals o duodenals.<\/li>\n<li>Prevenir la formaci\u00f3 d&#8217;\u00falceres quan s&#8217;utilitzen antiinflamatoris<\/li>\n<li>Facilitar l&#8217;erradicaci\u00f3 del bacteri <a href=\"https:\/\/www.ecoceutics.com\/ca\/respostes-de-salut\/salut\/com-tractar-l-helicobacter-pylori\/\"><em>Helicobacter pylori<\/em><\/a>, juntament amb els antibi\u00f2tics adequats.<\/li>\n<li>Tractar la esofagitis per reflux (parlem m\u00e9s del <a href=\"https:\/\/www.ecoceutics.com\/ca\/respostes-de-salut\/salut\/reflux-gastroesofagic\/\">reflux gastroesof\u00e0gic en aquest article<\/a>).<\/li>\n<\/ul>\n<p>B\u00e0sicament, el omeprazol resulta d&#8217;utilitat en situacions en les quals l&#8217;\u00e0cid estomacal pot resultar un problema i el cos es beneficia de controlar-lo una mica. Utilitzat en dosi que van des dels 20 mg als 80 mg diaris, el omeprazol ha demostrat la seva utilitat tant en adults com en nens. Existeix omeprazol de venda lliure per a adults; en canvi, els nens nom\u00e9s han d&#8217;utilitzar-ho baix control m\u00e8dic.<\/p>\n<h2><span class=\"ez-toc-section\" id=\"que-son-exactament-els-probiotics\"><\/span>Qu\u00e8 s\u00f3n exactament els probi\u00f2tics?<span class=\"ez-toc-section-end\"><\/span><\/h2>\n<p>Els probi\u00f2tics s\u00f3n microorganismes (bacteris o llevats) que, quan es consumeixen en la quantitat adequada, <strong>aporten beneficis de salut a la persona que els consumeix.<\/strong> Hi ha probi\u00f2tics que han demostrat funcionar en molts casos, incloent:<\/p>\n<ul>\n<li>Diarrea inespec\u00edfica<\/li>\n<li>Problemes inflamatoris intestinals<\/li>\n<li>Mala digesti\u00f3<\/li>\n<li>Candidiasi vaginal de repetici\u00f3<\/li>\n<li>Dermatitis at\u00f2pica<\/li>\n<li>C\u00f2lic del lactant<\/li>\n<li>Malaltia periodontal<\/li>\n<li>Prevenci\u00f3 de la diarrea del viatger<\/li>\n<\/ul>\n<p>Cadascuna d&#8217;aquestes situacions pot requerir un probi\u00f2tic diferent, ja que els diferents bacteris (referides com a \u201cceps\u201d) aporten diferents beneficis per a la salut. C\u00e0psules, sobres, xarops, amb saboritzant, sense saboritzant, per a adults, per a nens, combinats amb productes naturals per a potenciar els seus beneficis\u2026 en la teva farm\u00e0cia de confian\u00e7a els coneixen i poden ajudar-te a trobar els probi\u00f2tics que millor s&#8217;ajusten a les teves necessitats.<\/p>\n<h2><span class=\"ez-toc-section\" id=\"es-poden-prendre-junts-el-omeprazol-i-els-probiotics\"><\/span>Es poden prendre junts el omeprazol i els probi\u00f2tics?<span class=\"ez-toc-section-end\"><\/span><\/h2>\n<p>Clar que s\u00ed! Peeeerooooo\u2026. s\u00f3n necessaris? Enfront d&#8217;un tractament nou, o enfront de mol\u00e8sties que abans no tenies, pots preguntar al teu farmac\u00e8utic de confian\u00e7a si un, un altre o tots dos poden resultar beneficiosos. Per a fer-nos a una idea, els probi\u00f2tics i el omeprazol es poden utilitzar junts en aquelles situacions en les quals el cos es beneficia per l&#8217;\u00fas de tots dos productes. Entre altres trobem:<\/p>\n<ul>\n<li><strong>Tractament per a erradicar <em>H.pylori<\/em>.<\/strong> El omeprazol controla l&#8217;\u00e0cid, amb el que les lesions estomacals es recuperen i el dolor desapareix. Els probi\u00f2tics afavoreixen la recuperaci\u00f3 de l&#8217;est\u00f3mac i limiten la diarrea causada pel tractament antibi\u00f2tic.<\/li>\n<li><strong>Malestar digestiu important.<\/strong> Per exemple, en els casos en els quals hi ha acidesa forta i diarrea alhora. L&#8217;acidesa seria controlada pel omeprazol, la diarrea disminuiria gr\u00e0cies a l&#8217;efecte dels probi\u00f2tics.<\/li>\n<li><strong>Tractaments prolongats amb omeprazol.<\/strong> El canvi d&#8217;acidesa que genera el omeprazol, si es mant\u00e9 al llarg de molt de temps, pot generar canvis en la flora intestinal normal. Fer servir un probi\u00f2tic pot mitigar aquest efecte secundari del omeprazol.<\/li>\n<\/ul>\n<p>Abans de prendre omeprazol o probi\u00f2tics (junts o separats) et recomanem que comentis el teu cas en la teva farm\u00e0cia de confian\u00e7a: all\u00ed sabran indicar-te si el omeprazol \u00e9s el millor per a tu (potser en el teu cas particular \u00e9s millor Almax\u00ae, Buscapina\u00ae, Iberogast\u00ae o algun altre medicament) i quins ceps de probi\u00f2tics poden ser-te de m\u00e9s utilitat.<\/p>\n<h2><span class=\"ez-toc-section\" id=\"que-cal-vigilar-si-es-combinen-probiotics-amb-omeprazol\"><\/span>Qu\u00e8 cal vigilar si es combinen probi\u00f2tics amb omeprazol?<span class=\"ez-toc-section-end\"><\/span><\/h2>\n<p>Algunes coses a vigilar s\u00f3n:<\/p>\n<ul>\n<li><strong>Moments de prendre&#8217;l. <\/strong>El omeprazol funciona millor si es pren en dej\u00fa (tamb\u00e9 funciona si es pren amb menjar, per\u00f2 l&#8217;ideal \u00e9s en dej\u00fa). En canvi, molts probi\u00f2tics funcionen millor si es prenen amb aliments.<\/li>\n<li><strong>Interaccions amb medicaments<\/strong>. Alguns ceps probi\u00f2tics funcionen millor amb l&#8217;acidesa pr\u00f2pia de l&#8217;est\u00f3mac, mentre que unes altres toleren b\u00e9 el canvi indu\u00eft pel omeprazol. Tamb\u00e9 hi ha probi\u00f2tics espec\u00edficament dissenyats per a funcionar amb tractaments que no aguantaria qualsevol cep de probi\u00f2tics, com el mal tractament d&#8217;<em>H.pylori<\/em>.<\/li>\n<\/ul>\n<p>Finalment, no hem d&#8217;oblidar que tant omeprazol com a probi\u00f2tics poden interferir amb altres medicaments. Enfront de qualsevol dubte respecte al teu tractament amb omeprazol i\/o probi\u00f2tics, pots consultar en la teva farm\u00e0cia de confian\u00e7a. Com a experts en el medicament que som, els farmac\u00e8utics podem resoldre molts dubtes, tamb\u00e9 les referides a l&#8217;\u00fas conjunt de probi\u00f2tics i omeprazol.<\/p>\n<h2><span class=\"ez-toc-section\" id=\"bibliografia\"><\/span>Bibliografia<span class=\"ez-toc-section-end\"><\/span><\/h2>\n<p>Ficha t\u00e9cnica omeprazol: <a href=\"https:\/\/cima.aemps.es\/cima\/dochtml\/ft\/63983\/FT_63983.html\">https:\/\/cima.aemps.es\/cima\/dochtml\/ft\/63983\/FT_63983.html<\/a><\/p>\n<p>Prospecte Omeprazol Healthkern: <a href=\"https:\/\/cima.aemps.es\/cima\/dochtml\/p\/79879\/P_79879.html\">https:\/\/cima.aemps.es\/cima\/dochtml\/p\/79879\/P_79879.html<\/a><\/p>\n<p><a href=\"https:\/\/www.ncbi.nlm.nih.gov\/pmc\/articles\/PMC5753903\/\">https:\/\/www.ncbi.nlm.nih.gov\/pmc\/articles\/PMC5753903\/<\/a><\/p>\n<p><a href=\"https:\/\/www.ncbi.nlm.nih.gov\/pmc\/articles\/PMC10159235\/\">https:\/\/www.ncbi.nlm.nih.gov\/pmc\/articles\/PMC10159235\/<\/a><\/p>\n","protected":false},"excerpt":{"rendered":"<p>Els medicaments a base de omeprazol, popularment (i err\u00f2niament) anomenats \u201cprotectors d&#8217;est\u00f3mac\u201d, s\u00f3n medicaments capa\u00e7os de reduir la secreci\u00f3 d&#8217;\u00e0cid estomacal. Els probi\u00f2tics\u00a0 s\u00f3n microorganismes que, en les quantitats adequades, confereix algun benefici de salut a la persona que els utilitza. Per qu\u00e8 podr\u00edem necessitar prendre&#8217;ls conjuntament? Com ho far\u00edem? Vegem\u2026 Qu\u00e8 \u00e9s exactament el [&hellip;]<\/p>\n","protected":false},"author":4,"featured_media":33294,"comment_status":"open","ping_status":"open","sticky":false,"template":"","format":"standard","meta":{"_acf_changed":false,"inline_featured_image":false,"_mbp_gutenberg_autopost":false,"footnotes":""},"categories":[4,1],"tags":[],"class_list":["post-32323","post","type-post","status-publish","format-standard","has-post-thumbnail","hentry","category-respostes-de-salut","category-salut"],"acf":[],"yoast_head":"<!-- This site is optimized with the Yoast SEO plugin v27.5 - https:\/\/yoast.com\/product\/yoast-seo-wordpress\/ -->\n<title>Es poden prendre junts el omeprazol i els probi\u00f2tics?<\/title>\n<meta name=\"description\" content=\"En aquest article, t&#039;expliquem si \u00e9s possible prendre omeprazol i probi\u00f2tics junts, i quins aspectes tenir en compte.\" \/>\n<meta name=\"robots\" content=\"index, follow, max-snippet:-1, max-image-preview:large, max-video-preview:-1\" \/>\n<link rel=\"canonical\" href=\"https:\/\/www.ecoceutics.com\/ca\/respostes-de-salut\/salut\/omeprazol-i-probiotics\/\" \/>\n<meta property=\"og:locale\" content=\"ca_ES\" \/>\n<meta property=\"og:type\" content=\"article\" \/>\n<meta property=\"og:title\" content=\"Es poden prendre junts el omeprazol i els probi\u00f2tics?\" \/>\n<meta property=\"og:description\" content=\"En aquest article, t&#039;expliquem si \u00e9s possible prendre omeprazol i probi\u00f2tics junts, i quins aspectes tenir en compte.\" \/>\n<meta property=\"og:url\" content=\"https:\/\/www.ecoceutics.com\/ca\/respostes-de-salut\/salut\/omeprazol-i-probiotics\/\" \/>\n<meta property=\"og:site_name\" content=\"ecoceutics\" \/>\n<meta property=\"article:published_time\" content=\"2024-02-05T15:05:34+00:00\" \/>\n<meta property=\"article:modified_time\" content=\"2024-08-09T09:08:00+00:00\" \/>\n<meta property=\"og:image\" content=\"https:\/\/www.ecoceutics.com\/wp-content\/uploads\/2024\/02\/omeprazol-y-probioticos.jpeg\" \/>\n\t<meta property=\"og:image:width\" content=\"900\" \/>\n\t<meta property=\"og:image:height\" content=\"500\" \/>\n\t<meta property=\"og:image:type\" content=\"image\/jpeg\" \/>\n<meta name=\"author\" content=\"Lorena Crosa\" \/>\n<meta name=\"twitter:card\" content=\"summary_large_image\" \/>\n<meta name=\"twitter:label1\" content=\"Escrit per\" \/>\n\t<meta name=\"twitter:data1\" content=\"Lorena Crosa\" \/>\n\t<meta name=\"twitter:label2\" content=\"Temps estimat de lectura\" \/>\n\t<meta name=\"twitter:data2\" content=\"4 minuts\" \/>\n<script type=\"application\/ld+json\" class=\"yoast-schema-graph\">{\"@context\":\"https:\\\/\\\/schema.org\",\"@graph\":[{\"@type\":\"Article\",\"@id\":\"https:\\\/\\\/www.ecoceutics.com\\\/ca\\\/respostes-de-salut\\\/salut\\\/omeprazol-i-probiotics\\\/#article\",\"isPartOf\":{\"@id\":\"https:\\\/\\\/www.ecoceutics.com\\\/ca\\\/respostes-de-salut\\\/salut\\\/omeprazol-i-probiotics\\\/\"},\"author\":{\"name\":\"Lorena Crosa\",\"@id\":\"https:\\\/\\\/www.ecoceutics.com\\\/ca\\\/#\\\/schema\\\/person\\\/1ea99343a86784e00a52c8744dfc7d83\"},\"headline\":\"Es pot prendre omeprazol i probi\u00f2tics junts?\",\"datePublished\":\"2024-02-05T15:05:34+00:00\",\"dateModified\":\"2024-08-09T09:08:00+00:00\",\"mainEntityOfPage\":{\"@id\":\"https:\\\/\\\/www.ecoceutics.com\\\/ca\\\/respostes-de-salut\\\/salut\\\/omeprazol-i-probiotics\\\/\"},\"wordCount\":892,\"commentCount\":0,\"publisher\":{\"@id\":\"https:\\\/\\\/www.ecoceutics.com\\\/ca\\\/#organization\"},\"image\":{\"@id\":\"https:\\\/\\\/www.ecoceutics.com\\\/ca\\\/respostes-de-salut\\\/salut\\\/omeprazol-i-probiotics\\\/#primaryimage\"},\"thumbnailUrl\":\"https:\\\/\\\/www.ecoceutics.com\\\/wp-content\\\/uploads\\\/2024\\\/02\\\/omeprazol-y-probioticos.jpeg\",\"articleSection\":[\"Respostes de salut\",\"Salut\"],\"inLanguage\":\"ca\",\"potentialAction\":[{\"@type\":\"CommentAction\",\"name\":\"Comment\",\"target\":[\"https:\\\/\\\/www.ecoceutics.com\\\/ca\\\/respostes-de-salut\\\/salut\\\/omeprazol-i-probiotics\\\/#respond\"]}]},{\"@type\":\"WebPage\",\"@id\":\"https:\\\/\\\/www.ecoceutics.com\\\/ca\\\/respostes-de-salut\\\/salut\\\/omeprazol-i-probiotics\\\/\",\"url\":\"https:\\\/\\\/www.ecoceutics.com\\\/ca\\\/respostes-de-salut\\\/salut\\\/omeprazol-i-probiotics\\\/\",\"name\":\"Es poden prendre junts el omeprazol i els probi\u00f2tics?\",\"isPartOf\":{\"@id\":\"https:\\\/\\\/www.ecoceutics.com\\\/ca\\\/#website\"},\"primaryImageOfPage\":{\"@id\":\"https:\\\/\\\/www.ecoceutics.com\\\/ca\\\/respostes-de-salut\\\/salut\\\/omeprazol-i-probiotics\\\/#primaryimage\"},\"image\":{\"@id\":\"https:\\\/\\\/www.ecoceutics.com\\\/ca\\\/respostes-de-salut\\\/salut\\\/omeprazol-i-probiotics\\\/#primaryimage\"},\"thumbnailUrl\":\"https:\\\/\\\/www.ecoceutics.com\\\/wp-content\\\/uploads\\\/2024\\\/02\\\/omeprazol-y-probioticos.jpeg\",\"datePublished\":\"2024-02-05T15:05:34+00:00\",\"dateModified\":\"2024-08-09T09:08:00+00:00\",\"description\":\"En aquest article, t'expliquem si \u00e9s possible prendre omeprazol i probi\u00f2tics junts, i quins aspectes tenir en compte.\",\"breadcrumb\":{\"@id\":\"https:\\\/\\\/www.ecoceutics.com\\\/ca\\\/respostes-de-salut\\\/salut\\\/omeprazol-i-probiotics\\\/#breadcrumb\"},\"inLanguage\":\"ca\",\"potentialAction\":[{\"@type\":\"ReadAction\",\"target\":[\"https:\\\/\\\/www.ecoceutics.com\\\/ca\\\/respostes-de-salut\\\/salut\\\/omeprazol-i-probiotics\\\/\"]}]},{\"@type\":\"ImageObject\",\"inLanguage\":\"ca\",\"@id\":\"https:\\\/\\\/www.ecoceutics.com\\\/ca\\\/respostes-de-salut\\\/salut\\\/omeprazol-i-probiotics\\\/#primaryimage\",\"url\":\"https:\\\/\\\/www.ecoceutics.com\\\/wp-content\\\/uploads\\\/2024\\\/02\\\/omeprazol-y-probioticos.jpeg\",\"contentUrl\":\"https:\\\/\\\/www.ecoceutics.com\\\/wp-content\\\/uploads\\\/2024\\\/02\\\/omeprazol-y-probioticos.jpeg\",\"width\":900,\"height\":500,\"caption\":\"\u00bfSe puede tomar omeprazol y probi\u00f3ticos juntos?\"},{\"@type\":\"BreadcrumbList\",\"@id\":\"https:\\\/\\\/www.ecoceutics.com\\\/ca\\\/respostes-de-salut\\\/salut\\\/omeprazol-i-probiotics\\\/#breadcrumb\",\"itemListElement\":[{\"@type\":\"ListItem\",\"position\":1,\"name\":\"Portada\",\"item\":\"https:\\\/\\\/www.ecoceutics.com\\\/ca\\\/\"},{\"@type\":\"ListItem\",\"position\":2,\"name\":\"Es pot prendre omeprazol i probi\u00f2tics junts?\"}]},{\"@type\":\"WebSite\",\"@id\":\"https:\\\/\\\/www.ecoceutics.com\\\/ca\\\/#website\",\"url\":\"https:\\\/\\\/www.ecoceutics.com\\\/ca\\\/\",\"name\":\"ecoceutics\",\"description\":\"Primera red de farmacias independientes bajo una marca\",\"publisher\":{\"@id\":\"https:\\\/\\\/www.ecoceutics.com\\\/ca\\\/#organization\"},\"potentialAction\":[{\"@type\":\"SearchAction\",\"target\":{\"@type\":\"EntryPoint\",\"urlTemplate\":\"https:\\\/\\\/www.ecoceutics.com\\\/ca\\\/?s={search_term_string}\"},\"query-input\":{\"@type\":\"PropertyValueSpecification\",\"valueRequired\":true,\"valueName\":\"search_term_string\"}}],\"inLanguage\":\"ca\"},{\"@type\":\"Organization\",\"@id\":\"https:\\\/\\\/www.ecoceutics.com\\\/ca\\\/#organization\",\"name\":\"Ecoceutics\",\"url\":\"https:\\\/\\\/www.ecoceutics.com\\\/ca\\\/\",\"logo\":{\"@type\":\"ImageObject\",\"inLanguage\":\"ca\",\"@id\":\"https:\\\/\\\/www.ecoceutics.com\\\/ca\\\/#\\\/schema\\\/logo\\\/image\\\/\",\"url\":\"https:\\\/\\\/www.ecoceutics.com\\\/wp-content\\\/uploads\\\/2022\\\/02\\\/Logo-Ecoceutics-SVG-01-1.svg\",\"contentUrl\":\"https:\\\/\\\/www.ecoceutics.com\\\/wp-content\\\/uploads\\\/2022\\\/02\\\/Logo-Ecoceutics-SVG-01-1.svg\",\"width\":232,\"height\":68,\"caption\":\"Ecoceutics\"},\"image\":{\"@id\":\"https:\\\/\\\/www.ecoceutics.com\\\/ca\\\/#\\\/schema\\\/logo\\\/image\\\/\"}},{\"@type\":\"Person\",\"@id\":\"https:\\\/\\\/www.ecoceutics.com\\\/ca\\\/#\\\/schema\\\/person\\\/1ea99343a86784e00a52c8744dfc7d83\",\"name\":\"Lorena Crosa\",\"image\":{\"@type\":\"ImageObject\",\"inLanguage\":\"ca\",\"@id\":\"https:\\\/\\\/www.ecoceutics.com\\\/wp-content\\\/uploads\\\/2024\\\/03\\\/Lorena-Crosa-100x100.jpg\",\"url\":\"https:\\\/\\\/www.ecoceutics.com\\\/wp-content\\\/uploads\\\/2024\\\/03\\\/Lorena-Crosa-100x100.jpg\",\"contentUrl\":\"https:\\\/\\\/www.ecoceutics.com\\\/wp-content\\\/uploads\\\/2024\\\/03\\\/Lorena-Crosa-100x100.jpg\",\"caption\":\"Lorena Crosa\"}}]}<\/script>\n<!-- \/ Yoast SEO plugin. -->","yoast_head_json":{"title":"Es poden prendre junts el omeprazol i els probi\u00f2tics?","description":"En aquest article, t'expliquem si \u00e9s possible prendre omeprazol i probi\u00f2tics junts, i quins aspectes tenir en compte.","robots":{"index":"index","follow":"follow","max-snippet":"max-snippet:-1","max-image-preview":"max-image-preview:large","max-video-preview":"max-video-preview:-1"},"canonical":"https:\/\/www.ecoceutics.com\/ca\/respostes-de-salut\/salut\/omeprazol-i-probiotics\/","og_locale":"ca_ES","og_type":"article","og_title":"Es poden prendre junts el omeprazol i els probi\u00f2tics?","og_description":"En aquest article, t'expliquem si \u00e9s possible prendre omeprazol i probi\u00f2tics junts, i quins aspectes tenir en compte.","og_url":"https:\/\/www.ecoceutics.com\/ca\/respostes-de-salut\/salut\/omeprazol-i-probiotics\/","og_site_name":"ecoceutics","article_published_time":"2024-02-05T15:05:34+00:00","article_modified_time":"2024-08-09T09:08:00+00:00","og_image":[{"width":900,"height":500,"url":"https:\/\/www.ecoceutics.com\/wp-content\/uploads\/2024\/02\/omeprazol-y-probioticos.jpeg","type":"image\/jpeg"}],"author":"Lorena Crosa","twitter_card":"summary_large_image","twitter_misc":{"Escrit per":"Lorena Crosa","Temps estimat de lectura":"4 minuts"},"schema":{"@context":"https:\/\/schema.org","@graph":[{"@type":"Article","@id":"https:\/\/www.ecoceutics.com\/ca\/respostes-de-salut\/salut\/omeprazol-i-probiotics\/#article","isPartOf":{"@id":"https:\/\/www.ecoceutics.com\/ca\/respostes-de-salut\/salut\/omeprazol-i-probiotics\/"},"author":{"name":"Lorena Crosa","@id":"https:\/\/www.ecoceutics.com\/ca\/#\/schema\/person\/1ea99343a86784e00a52c8744dfc7d83"},"headline":"Es pot prendre omeprazol i probi\u00f2tics junts?","datePublished":"2024-02-05T15:05:34+00:00","dateModified":"2024-08-09T09:08:00+00:00","mainEntityOfPage":{"@id":"https:\/\/www.ecoceutics.com\/ca\/respostes-de-salut\/salut\/omeprazol-i-probiotics\/"},"wordCount":892,"commentCount":0,"publisher":{"@id":"https:\/\/www.ecoceutics.com\/ca\/#organization"},"image":{"@id":"https:\/\/www.ecoceutics.com\/ca\/respostes-de-salut\/salut\/omeprazol-i-probiotics\/#primaryimage"},"thumbnailUrl":"https:\/\/www.ecoceutics.com\/wp-content\/uploads\/2024\/02\/omeprazol-y-probioticos.jpeg","articleSection":["Respostes de salut","Salut"],"inLanguage":"ca","potentialAction":[{"@type":"CommentAction","name":"Comment","target":["https:\/\/www.ecoceutics.com\/ca\/respostes-de-salut\/salut\/omeprazol-i-probiotics\/#respond"]}]},{"@type":"WebPage","@id":"https:\/\/www.ecoceutics.com\/ca\/respostes-de-salut\/salut\/omeprazol-i-probiotics\/","url":"https:\/\/www.ecoceutics.com\/ca\/respostes-de-salut\/salut\/omeprazol-i-probiotics\/","name":"Es poden prendre junts el omeprazol i els probi\u00f2tics?","isPartOf":{"@id":"https:\/\/www.ecoceutics.com\/ca\/#website"},"primaryImageOfPage":{"@id":"https:\/\/www.ecoceutics.com\/ca\/respostes-de-salut\/salut\/omeprazol-i-probiotics\/#primaryimage"},"image":{"@id":"https:\/\/www.ecoceutics.com\/ca\/respostes-de-salut\/salut\/omeprazol-i-probiotics\/#primaryimage"},"thumbnailUrl":"https:\/\/www.ecoceutics.com\/wp-content\/uploads\/2024\/02\/omeprazol-y-probioticos.jpeg","datePublished":"2024-02-05T15:05:34+00:00","dateModified":"2024-08-09T09:08:00+00:00","description":"En aquest article, t'expliquem si \u00e9s possible prendre omeprazol i probi\u00f2tics junts, i quins aspectes tenir en compte.","breadcrumb":{"@id":"https:\/\/www.ecoceutics.com\/ca\/respostes-de-salut\/salut\/omeprazol-i-probiotics\/#breadcrumb"},"inLanguage":"ca","potentialAction":[{"@type":"ReadAction","target":["https:\/\/www.ecoceutics.com\/ca\/respostes-de-salut\/salut\/omeprazol-i-probiotics\/"]}]},{"@type":"ImageObject","inLanguage":"ca","@id":"https:\/\/www.ecoceutics.com\/ca\/respostes-de-salut\/salut\/omeprazol-i-probiotics\/#primaryimage","url":"https:\/\/www.ecoceutics.com\/wp-content\/uploads\/2024\/02\/omeprazol-y-probioticos.jpeg","contentUrl":"https:\/\/www.ecoceutics.com\/wp-content\/uploads\/2024\/02\/omeprazol-y-probioticos.jpeg","width":900,"height":500,"caption":"\u00bfSe puede tomar omeprazol y probi\u00f3ticos juntos?"},{"@type":"BreadcrumbList","@id":"https:\/\/www.ecoceutics.com\/ca\/respostes-de-salut\/salut\/omeprazol-i-probiotics\/#breadcrumb","itemListElement":[{"@type":"ListItem","position":1,"name":"Portada","item":"https:\/\/www.ecoceutics.com\/ca\/"},{"@type":"ListItem","position":2,"name":"Es pot prendre omeprazol i probi\u00f2tics junts?"}]},{"@type":"WebSite","@id":"https:\/\/www.ecoceutics.com\/ca\/#website","url":"https:\/\/www.ecoceutics.com\/ca\/","name":"ecoceutics","description":"Primera red de farmacias independientes bajo una marca","publisher":{"@id":"https:\/\/www.ecoceutics.com\/ca\/#organization"},"potentialAction":[{"@type":"SearchAction","target":{"@type":"EntryPoint","urlTemplate":"https:\/\/www.ecoceutics.com\/ca\/?s={search_term_string}"},"query-input":{"@type":"PropertyValueSpecification","valueRequired":true,"valueName":"search_term_string"}}],"inLanguage":"ca"},{"@type":"Organization","@id":"https:\/\/www.ecoceutics.com\/ca\/#organization","name":"Ecoceutics","url":"https:\/\/www.ecoceutics.com\/ca\/","logo":{"@type":"ImageObject","inLanguage":"ca","@id":"https:\/\/www.ecoceutics.com\/ca\/#\/schema\/logo\/image\/","url":"https:\/\/www.ecoceutics.com\/wp-content\/uploads\/2022\/02\/Logo-Ecoceutics-SVG-01-1.svg","contentUrl":"https:\/\/www.ecoceutics.com\/wp-content\/uploads\/2022\/02\/Logo-Ecoceutics-SVG-01-1.svg","width":232,"height":68,"caption":"Ecoceutics"},"image":{"@id":"https:\/\/www.ecoceutics.com\/ca\/#\/schema\/logo\/image\/"}},{"@type":"Person","@id":"https:\/\/www.ecoceutics.com\/ca\/#\/schema\/person\/1ea99343a86784e00a52c8744dfc7d83","name":"Lorena Crosa","image":{"@type":"ImageObject","inLanguage":"ca","@id":"https:\/\/www.ecoceutics.com\/wp-content\/uploads\/2024\/03\/Lorena-Crosa-100x100.jpg","url":"https:\/\/www.ecoceutics.com\/wp-content\/uploads\/2024\/03\/Lorena-Crosa-100x100.jpg","contentUrl":"https:\/\/www.ecoceutics.com\/wp-content\/uploads\/2024\/03\/Lorena-Crosa-100x100.jpg","caption":"Lorena Crosa"}}]}},"_links":{"self":[{"href":"https:\/\/www.ecoceutics.com\/ca\/wp-json\/wp\/v2\/posts\/32323","targetHints":{"allow":["GET"]}}],"collection":[{"href":"https:\/\/www.ecoceutics.com\/ca\/wp-json\/wp\/v2\/posts"}],"about":[{"href":"https:\/\/www.ecoceutics.com\/ca\/wp-json\/wp\/v2\/types\/post"}],"author":[{"embeddable":true,"href":"https:\/\/www.ecoceutics.com\/ca\/wp-json\/wp\/v2\/users\/4"}],"replies":[{"embeddable":true,"href":"https:\/\/www.ecoceutics.com\/ca\/wp-json\/wp\/v2\/comments?post=32323"}],"version-history":[{"count":0,"href":"https:\/\/www.ecoceutics.com\/ca\/wp-json\/wp\/v2\/posts\/32323\/revisions"}],"wp:featuredmedia":[{"embeddable":true,"href":"https:\/\/www.ecoceutics.com\/ca\/wp-json\/wp\/v2\/media\/33294"}],"wp:attachment":[{"href":"https:\/\/www.ecoceutics.com\/ca\/wp-json\/wp\/v2\/media?parent=32323"}],"wp:term":[{"taxonomy":"category","embeddable":true,"href":"https:\/\/www.ecoceutics.com\/ca\/wp-json\/wp\/v2\/categories?post=32323"},{"taxonomy":"post_tag","embeddable":true,"href":"https:\/\/www.ecoceutics.com\/ca\/wp-json\/wp\/v2\/tags?post=32323"}],"curies":[{"name":"wp","href":"https:\/\/api.w.org\/{rel}","templated":true}]}}