{"id":33173,"date":"2024-03-13T16:40:30","date_gmt":"2024-03-13T15:40:30","guid":{"rendered":"https:\/\/www.ecoceutics.com\/?p=33173"},"modified":"2024-03-13T16:40:30","modified_gmt":"2024-03-13T15:40:30","slug":"ecoceutics-marta-bosch","status":"publish","type":"post","link":"https:\/\/www.ecoceutics.com\/ca\/per-professionals-de-la-salut\/comunicacio\/ecoceutics-marta-bosch\/","title":{"rendered":"Transformaci\u00f3 Total: Descobreix la Nova Era de Ecoceutics Marta Bosch"},"content":{"rendered":"<p>La Farm\u00e0cia Ecoceutics Marta Bosch, situada a Roses, municipi de la coneguda Costa Brava (Girona), ha implementat el Concepte Ecoceutics #LaSaludParaTodos. Un concepte basat en: #ConsejosyServicios, #Elecci\u00f3, #PreciosBajos i #Comunicaci\u00f3.<\/p>\n<p>La Farm\u00e0cia ha passat de\u00a0165m\u00a0d&#8217;exposici\u00f3 a m\u00e9s de\u00a0350m\u00a0i ha incorporat una cabina de serveis farmac\u00e8utics.<\/p>\n<p>Continuem fent realitat un nou concepte de farm\u00e0cia en el territori espanyol! Cada vegada som m\u00e9s!<\/p>\n<p><img loading=\"lazy\" decoding=\"async\" class=\"alignnone size-medium wp-image-31982\" src=\"https:\/\/www.ecoceutics.com\/wp-content\/uploads\/2024\/01\/Farmacia-ecoceutics-marta-bosch-2-720x400.jpeg\" alt=\"\" width=\"720\" height=\"400\" srcset=\"https:\/\/www.ecoceutics.com\/wp-content\/uploads\/2024\/01\/Farmacia-ecoceutics-marta-bosch-2-720x400.jpeg 720w, https:\/\/www.ecoceutics.com\/wp-content\/uploads\/2024\/01\/Farmacia-ecoceutics-marta-bosch-2-950x528.jpeg 950w, https:\/\/www.ecoceutics.com\/wp-content\/uploads\/2024\/01\/Farmacia-ecoceutics-marta-bosch-2-400x222.jpeg 400w\" sizes=\"(max-width: 720px) 100vw, 720px\" \/><\/p>\n<p><img loading=\"lazy\" decoding=\"async\" class=\"alignnone size-medium wp-image-31986\" src=\"https:\/\/www.ecoceutics.com\/wp-content\/uploads\/2024\/01\/WhatsApp-Image-2023-07-11-at-12.26.38-1-720x400.jpeg\" alt=\"\" width=\"720\" height=\"400\" srcset=\"https:\/\/www.ecoceutics.com\/wp-content\/uploads\/2024\/01\/WhatsApp-Image-2023-07-11-at-12.26.38-1-720x400.jpeg 720w, https:\/\/www.ecoceutics.com\/wp-content\/uploads\/2024\/01\/WhatsApp-Image-2023-07-11-at-12.26.38-1-950x528.jpeg 950w, https:\/\/www.ecoceutics.com\/wp-content\/uploads\/2024\/01\/WhatsApp-Image-2023-07-11-at-12.26.38-1-400x222.jpeg 400w\" sizes=\"(max-width: 720px) 100vw, 720px\" \/><\/p>\n<p><img loading=\"lazy\" decoding=\"async\" class=\"alignnone size-medium wp-image-31988\" src=\"https:\/\/www.ecoceutics.com\/wp-content\/uploads\/2024\/01\/farmacia-ecoceutics-marta-bosch-3-1-720x400.jpeg\" alt=\"\" width=\"720\" height=\"400\" srcset=\"https:\/\/www.ecoceutics.com\/wp-content\/uploads\/2024\/01\/farmacia-ecoceutics-marta-bosch-3-1-720x400.jpeg 720w, https:\/\/www.ecoceutics.com\/wp-content\/uploads\/2024\/01\/farmacia-ecoceutics-marta-bosch-3-1-950x528.jpeg 950w, https:\/\/www.ecoceutics.com\/wp-content\/uploads\/2024\/01\/farmacia-ecoceutics-marta-bosch-3-1-400x222.jpeg 400w\" sizes=\"(max-width: 720px) 100vw, 720px\" \/><\/p>\n","protected":false},"excerpt":{"rendered":"<p>La Farm\u00e0cia Ecoceutics Marta Bosch, situada a Roses, municipi de la coneguda Costa Brava (Girona), ha implementat el Concepte Ecoceutics #LaSaludParaTodos. Un concepte basat en: #ConsejosyServicios, #Elecci\u00f3, #PreciosBajos i #Comunicaci\u00f3. La Farm\u00e0cia ha passat de\u00a0165m\u00a0d&#8217;exposici\u00f3 a m\u00e9s de\u00a0350m\u00a0i ha incorporat una cabina de serveis farmac\u00e8utics. Continuem fent realitat un nou concepte de farm\u00e0cia en el [&hellip;]<\/p>\n","protected":false},"author":4,"featured_media":33175,"comment_status":"open","ping_status":"open","sticky":false,"template":"","format":"standard","meta":{"_acf_changed":false,"inline_featured_image":false,"_mbp_gutenberg_autopost":false,"footnotes":""},"categories":[20,71],"tags":[],"class_list":["post-33173","post","type-post","status-publish","format-standard","has-post-thumbnail","hentry","category-comunicacio","category-per-professionals-de-la-salut"],"acf":[],"yoast_head":"<!-- This site is optimized with the Yoast SEO plugin v27.4 - https:\/\/yoast.com\/product\/yoast-seo-wordpress\/ -->\n<title>Descobreix la Nova Era de Ecoceutics Marta Bosch<\/title>\n<meta name=\"description\" content=\"La Farm\u00e0cia Ecoceutics Marta Bosch, situada a Roses, municipi de la coneguda Costa Brava (Girona), ha implementat el Concepte Ecoceutics\" \/>\n<meta name=\"robots\" content=\"index, follow, max-snippet:-1, max-image-preview:large, max-video-preview:-1\" \/>\n<link rel=\"canonical\" href=\"https:\/\/www.ecoceutics.com\/ca\/per-professionals-de-la-salut\/comunicacio\/ecoceutics-marta-bosch\/\" \/>\n<meta property=\"og:locale\" content=\"ca_ES\" \/>\n<meta property=\"og:type\" content=\"article\" \/>\n<meta property=\"og:title\" content=\"Descobreix la Nova Era de Ecoceutics Marta Bosch\" \/>\n<meta property=\"og:description\" content=\"La Farm\u00e0cia Ecoceutics Marta Bosch, situada a Roses, municipi de la coneguda Costa Brava (Girona), ha implementat el Concepte Ecoceutics\" \/>\n<meta property=\"og:url\" content=\"https:\/\/www.ecoceutics.com\/ca\/per-professionals-de-la-salut\/comunicacio\/ecoceutics-marta-bosch\/\" \/>\n<meta property=\"og:site_name\" content=\"ecoceutics\" \/>\n<meta property=\"article:published_time\" content=\"2024-03-13T15:40:30+00:00\" \/>\n<meta property=\"og:image\" content=\"https:\/\/www.ecoceutics.com\/wp-content\/uploads\/2024\/03\/03.-Marta-Bosch_Exterior-Despues.jpeg\" \/>\n\t<meta property=\"og:image:width\" content=\"2048\" \/>\n\t<meta property=\"og:image:height\" content=\"1536\" \/>\n\t<meta property=\"og:image:type\" content=\"image\/jpeg\" \/>\n<meta name=\"author\" content=\"Lorena Crosa\" \/>\n<meta name=\"twitter:card\" content=\"summary_large_image\" \/>\n<meta name=\"twitter:label1\" content=\"Escrit per\" \/>\n\t<meta name=\"twitter:data1\" content=\"Lorena Crosa\" \/>\n<script type=\"application\/ld+json\" class=\"yoast-schema-graph\">{\"@context\":\"https:\\\/\\\/schema.org\",\"@graph\":[{\"@type\":\"Article\",\"@id\":\"https:\\\/\\\/www.ecoceutics.com\\\/ca\\\/per-professionals-de-la-salut\\\/comunicacio\\\/ecoceutics-marta-bosch\\\/#article\",\"isPartOf\":{\"@id\":\"https:\\\/\\\/www.ecoceutics.com\\\/ca\\\/per-professionals-de-la-salut\\\/comunicacio\\\/ecoceutics-marta-bosch\\\/\"},\"author\":{\"name\":\"Lorena Crosa\",\"@id\":\"https:\\\/\\\/www.ecoceutics.com\\\/ca\\\/#\\\/schema\\\/person\\\/1ea99343a86784e00a52c8744dfc7d83\"},\"headline\":\"Transformaci\u00f3 Total: Descobreix la Nova Era de Ecoceutics Marta Bosch\",\"datePublished\":\"2024-03-13T15:40:30+00:00\",\"mainEntityOfPage\":{\"@id\":\"https:\\\/\\\/www.ecoceutics.com\\\/ca\\\/per-professionals-de-la-salut\\\/comunicacio\\\/ecoceutics-marta-bosch\\\/\"},\"wordCount\":82,\"commentCount\":0,\"publisher\":{\"@id\":\"https:\\\/\\\/www.ecoceutics.com\\\/ca\\\/#organization\"},\"image\":{\"@id\":\"https:\\\/\\\/www.ecoceutics.com\\\/ca\\\/per-professionals-de-la-salut\\\/comunicacio\\\/ecoceutics-marta-bosch\\\/#primaryimage\"},\"thumbnailUrl\":\"https:\\\/\\\/www.ecoceutics.com\\\/wp-content\\\/uploads\\\/2024\\\/03\\\/03.-Marta-Bosch_Exterior-Despues.jpeg\",\"articleSection\":[\"Comunicaci\u00f3\",\"Per professionals de la salut\"],\"inLanguage\":\"ca\",\"potentialAction\":[{\"@type\":\"CommentAction\",\"name\":\"Comment\",\"target\":[\"https:\\\/\\\/www.ecoceutics.com\\\/ca\\\/per-professionals-de-la-salut\\\/comunicacio\\\/ecoceutics-marta-bosch\\\/#respond\"]}]},{\"@type\":\"WebPage\",\"@id\":\"https:\\\/\\\/www.ecoceutics.com\\\/ca\\\/per-professionals-de-la-salut\\\/comunicacio\\\/ecoceutics-marta-bosch\\\/\",\"url\":\"https:\\\/\\\/www.ecoceutics.com\\\/ca\\\/per-professionals-de-la-salut\\\/comunicacio\\\/ecoceutics-marta-bosch\\\/\",\"name\":\"Descobreix la Nova Era de Ecoceutics Marta Bosch\",\"isPartOf\":{\"@id\":\"https:\\\/\\\/www.ecoceutics.com\\\/ca\\\/#website\"},\"primaryImageOfPage\":{\"@id\":\"https:\\\/\\\/www.ecoceutics.com\\\/ca\\\/per-professionals-de-la-salut\\\/comunicacio\\\/ecoceutics-marta-bosch\\\/#primaryimage\"},\"image\":{\"@id\":\"https:\\\/\\\/www.ecoceutics.com\\\/ca\\\/per-professionals-de-la-salut\\\/comunicacio\\\/ecoceutics-marta-bosch\\\/#primaryimage\"},\"thumbnailUrl\":\"https:\\\/\\\/www.ecoceutics.com\\\/wp-content\\\/uploads\\\/2024\\\/03\\\/03.-Marta-Bosch_Exterior-Despues.jpeg\",\"datePublished\":\"2024-03-13T15:40:30+00:00\",\"description\":\"La Farm\u00e0cia Ecoceutics Marta Bosch, situada a Roses, municipi de la coneguda Costa Brava (Girona), ha implementat el Concepte Ecoceutics\",\"breadcrumb\":{\"@id\":\"https:\\\/\\\/www.ecoceutics.com\\\/ca\\\/per-professionals-de-la-salut\\\/comunicacio\\\/ecoceutics-marta-bosch\\\/#breadcrumb\"},\"inLanguage\":\"ca\",\"potentialAction\":[{\"@type\":\"ReadAction\",\"target\":[\"https:\\\/\\\/www.ecoceutics.com\\\/ca\\\/per-professionals-de-la-salut\\\/comunicacio\\\/ecoceutics-marta-bosch\\\/\"]}]},{\"@type\":\"ImageObject\",\"inLanguage\":\"ca\",\"@id\":\"https:\\\/\\\/www.ecoceutics.com\\\/ca\\\/per-professionals-de-la-salut\\\/comunicacio\\\/ecoceutics-marta-bosch\\\/#primaryimage\",\"url\":\"https:\\\/\\\/www.ecoceutics.com\\\/wp-content\\\/uploads\\\/2024\\\/03\\\/03.-Marta-Bosch_Exterior-Despues.jpeg\",\"contentUrl\":\"https:\\\/\\\/www.ecoceutics.com\\\/wp-content\\\/uploads\\\/2024\\\/03\\\/03.-Marta-Bosch_Exterior-Despues.jpeg\",\"width\":2048,\"height\":1536},{\"@type\":\"BreadcrumbList\",\"@id\":\"https:\\\/\\\/www.ecoceutics.com\\\/ca\\\/per-professionals-de-la-salut\\\/comunicacio\\\/ecoceutics-marta-bosch\\\/#breadcrumb\",\"itemListElement\":[{\"@type\":\"ListItem\",\"position\":1,\"name\":\"Portada\",\"item\":\"https:\\\/\\\/www.ecoceutics.com\\\/ca\\\/\"},{\"@type\":\"ListItem\",\"position\":2,\"name\":\"Transformaci\u00f3 Total: Descobreix la Nova Era de Ecoceutics Marta Bosch\"}]},{\"@type\":\"WebSite\",\"@id\":\"https:\\\/\\\/www.ecoceutics.com\\\/ca\\\/#website\",\"url\":\"https:\\\/\\\/www.ecoceutics.com\\\/ca\\\/\",\"name\":\"ecoceutics\",\"description\":\"Primera red de farmacias independientes bajo una marca\",\"publisher\":{\"@id\":\"https:\\\/\\\/www.ecoceutics.com\\\/ca\\\/#organization\"},\"potentialAction\":[{\"@type\":\"SearchAction\",\"target\":{\"@type\":\"EntryPoint\",\"urlTemplate\":\"https:\\\/\\\/www.ecoceutics.com\\\/ca\\\/?s={search_term_string}\"},\"query-input\":{\"@type\":\"PropertyValueSpecification\",\"valueRequired\":true,\"valueName\":\"search_term_string\"}}],\"inLanguage\":\"ca\"},{\"@type\":\"Organization\",\"@id\":\"https:\\\/\\\/www.ecoceutics.com\\\/ca\\\/#organization\",\"name\":\"Ecoceutics\",\"url\":\"https:\\\/\\\/www.ecoceutics.com\\\/ca\\\/\",\"logo\":{\"@type\":\"ImageObject\",\"inLanguage\":\"ca\",\"@id\":\"https:\\\/\\\/www.ecoceutics.com\\\/ca\\\/#\\\/schema\\\/logo\\\/image\\\/\",\"url\":\"https:\\\/\\\/www.ecoceutics.com\\\/wp-content\\\/uploads\\\/2022\\\/02\\\/Logo-Ecoceutics-SVG-01-1.svg\",\"contentUrl\":\"https:\\\/\\\/www.ecoceutics.com\\\/wp-content\\\/uploads\\\/2022\\\/02\\\/Logo-Ecoceutics-SVG-01-1.svg\",\"width\":232,\"height\":68,\"caption\":\"Ecoceutics\"},\"image\":{\"@id\":\"https:\\\/\\\/www.ecoceutics.com\\\/ca\\\/#\\\/schema\\\/logo\\\/image\\\/\"}},{\"@type\":\"Person\",\"@id\":\"https:\\\/\\\/www.ecoceutics.com\\\/ca\\\/#\\\/schema\\\/person\\\/1ea99343a86784e00a52c8744dfc7d83\",\"name\":\"Lorena Crosa\",\"image\":{\"@type\":\"ImageObject\",\"inLanguage\":\"ca\",\"@id\":\"https:\\\/\\\/www.ecoceutics.com\\\/wp-content\\\/uploads\\\/2024\\\/03\\\/Lorena-Crosa-100x100.jpg\",\"url\":\"https:\\\/\\\/www.ecoceutics.com\\\/wp-content\\\/uploads\\\/2024\\\/03\\\/Lorena-Crosa-100x100.jpg\",\"contentUrl\":\"https:\\\/\\\/www.ecoceutics.com\\\/wp-content\\\/uploads\\\/2024\\\/03\\\/Lorena-Crosa-100x100.jpg\",\"caption\":\"Lorena Crosa\"}}]}<\/script>\n<!-- \/ Yoast SEO plugin. -->","yoast_head_json":{"title":"Descobreix la Nova Era de Ecoceutics Marta Bosch","description":"La Farm\u00e0cia Ecoceutics Marta Bosch, situada a Roses, municipi de la coneguda Costa Brava (Girona), ha implementat el Concepte Ecoceutics","robots":{"index":"index","follow":"follow","max-snippet":"max-snippet:-1","max-image-preview":"max-image-preview:large","max-video-preview":"max-video-preview:-1"},"canonical":"https:\/\/www.ecoceutics.com\/ca\/per-professionals-de-la-salut\/comunicacio\/ecoceutics-marta-bosch\/","og_locale":"ca_ES","og_type":"article","og_title":"Descobreix la Nova Era de Ecoceutics Marta Bosch","og_description":"La Farm\u00e0cia Ecoceutics Marta Bosch, situada a Roses, municipi de la coneguda Costa Brava (Girona), ha implementat el Concepte Ecoceutics","og_url":"https:\/\/www.ecoceutics.com\/ca\/per-professionals-de-la-salut\/comunicacio\/ecoceutics-marta-bosch\/","og_site_name":"ecoceutics","article_published_time":"2024-03-13T15:40:30+00:00","og_image":[{"width":2048,"height":1536,"url":"https:\/\/www.ecoceutics.com\/wp-content\/uploads\/2024\/03\/03.-Marta-Bosch_Exterior-Despues.jpeg","type":"image\/jpeg"}],"author":"Lorena Crosa","twitter_card":"summary_large_image","twitter_misc":{"Escrit per":"Lorena Crosa"},"schema":{"@context":"https:\/\/schema.org","@graph":[{"@type":"Article","@id":"https:\/\/www.ecoceutics.com\/ca\/per-professionals-de-la-salut\/comunicacio\/ecoceutics-marta-bosch\/#article","isPartOf":{"@id":"https:\/\/www.ecoceutics.com\/ca\/per-professionals-de-la-salut\/comunicacio\/ecoceutics-marta-bosch\/"},"author":{"name":"Lorena Crosa","@id":"https:\/\/www.ecoceutics.com\/ca\/#\/schema\/person\/1ea99343a86784e00a52c8744dfc7d83"},"headline":"Transformaci\u00f3 Total: Descobreix la Nova Era de Ecoceutics Marta Bosch","datePublished":"2024-03-13T15:40:30+00:00","mainEntityOfPage":{"@id":"https:\/\/www.ecoceutics.com\/ca\/per-professionals-de-la-salut\/comunicacio\/ecoceutics-marta-bosch\/"},"wordCount":82,"commentCount":0,"publisher":{"@id":"https:\/\/www.ecoceutics.com\/ca\/#organization"},"image":{"@id":"https:\/\/www.ecoceutics.com\/ca\/per-professionals-de-la-salut\/comunicacio\/ecoceutics-marta-bosch\/#primaryimage"},"thumbnailUrl":"https:\/\/www.ecoceutics.com\/wp-content\/uploads\/2024\/03\/03.-Marta-Bosch_Exterior-Despues.jpeg","articleSection":["Comunicaci\u00f3","Per professionals de la salut"],"inLanguage":"ca","potentialAction":[{"@type":"CommentAction","name":"Comment","target":["https:\/\/www.ecoceutics.com\/ca\/per-professionals-de-la-salut\/comunicacio\/ecoceutics-marta-bosch\/#respond"]}]},{"@type":"WebPage","@id":"https:\/\/www.ecoceutics.com\/ca\/per-professionals-de-la-salut\/comunicacio\/ecoceutics-marta-bosch\/","url":"https:\/\/www.ecoceutics.com\/ca\/per-professionals-de-la-salut\/comunicacio\/ecoceutics-marta-bosch\/","name":"Descobreix la Nova Era de Ecoceutics Marta Bosch","isPartOf":{"@id":"https:\/\/www.ecoceutics.com\/ca\/#website"},"primaryImageOfPage":{"@id":"https:\/\/www.ecoceutics.com\/ca\/per-professionals-de-la-salut\/comunicacio\/ecoceutics-marta-bosch\/#primaryimage"},"image":{"@id":"https:\/\/www.ecoceutics.com\/ca\/per-professionals-de-la-salut\/comunicacio\/ecoceutics-marta-bosch\/#primaryimage"},"thumbnailUrl":"https:\/\/www.ecoceutics.com\/wp-content\/uploads\/2024\/03\/03.-Marta-Bosch_Exterior-Despues.jpeg","datePublished":"2024-03-13T15:40:30+00:00","description":"La Farm\u00e0cia Ecoceutics Marta Bosch, situada a Roses, municipi de la coneguda Costa Brava (Girona), ha implementat el Concepte Ecoceutics","breadcrumb":{"@id":"https:\/\/www.ecoceutics.com\/ca\/per-professionals-de-la-salut\/comunicacio\/ecoceutics-marta-bosch\/#breadcrumb"},"inLanguage":"ca","potentialAction":[{"@type":"ReadAction","target":["https:\/\/www.ecoceutics.com\/ca\/per-professionals-de-la-salut\/comunicacio\/ecoceutics-marta-bosch\/"]}]},{"@type":"ImageObject","inLanguage":"ca","@id":"https:\/\/www.ecoceutics.com\/ca\/per-professionals-de-la-salut\/comunicacio\/ecoceutics-marta-bosch\/#primaryimage","url":"https:\/\/www.ecoceutics.com\/wp-content\/uploads\/2024\/03\/03.-Marta-Bosch_Exterior-Despues.jpeg","contentUrl":"https:\/\/www.ecoceutics.com\/wp-content\/uploads\/2024\/03\/03.-Marta-Bosch_Exterior-Despues.jpeg","width":2048,"height":1536},{"@type":"BreadcrumbList","@id":"https:\/\/www.ecoceutics.com\/ca\/per-professionals-de-la-salut\/comunicacio\/ecoceutics-marta-bosch\/#breadcrumb","itemListElement":[{"@type":"ListItem","position":1,"name":"Portada","item":"https:\/\/www.ecoceutics.com\/ca\/"},{"@type":"ListItem","position":2,"name":"Transformaci\u00f3 Total: Descobreix la Nova Era de Ecoceutics Marta Bosch"}]},{"@type":"WebSite","@id":"https:\/\/www.ecoceutics.com\/ca\/#website","url":"https:\/\/www.ecoceutics.com\/ca\/","name":"ecoceutics","description":"Primera red de farmacias independientes bajo una marca","publisher":{"@id":"https:\/\/www.ecoceutics.com\/ca\/#organization"},"potentialAction":[{"@type":"SearchAction","target":{"@type":"EntryPoint","urlTemplate":"https:\/\/www.ecoceutics.com\/ca\/?s={search_term_string}"},"query-input":{"@type":"PropertyValueSpecification","valueRequired":true,"valueName":"search_term_string"}}],"inLanguage":"ca"},{"@type":"Organization","@id":"https:\/\/www.ecoceutics.com\/ca\/#organization","name":"Ecoceutics","url":"https:\/\/www.ecoceutics.com\/ca\/","logo":{"@type":"ImageObject","inLanguage":"ca","@id":"https:\/\/www.ecoceutics.com\/ca\/#\/schema\/logo\/image\/","url":"https:\/\/www.ecoceutics.com\/wp-content\/uploads\/2022\/02\/Logo-Ecoceutics-SVG-01-1.svg","contentUrl":"https:\/\/www.ecoceutics.com\/wp-content\/uploads\/2022\/02\/Logo-Ecoceutics-SVG-01-1.svg","width":232,"height":68,"caption":"Ecoceutics"},"image":{"@id":"https:\/\/www.ecoceutics.com\/ca\/#\/schema\/logo\/image\/"}},{"@type":"Person","@id":"https:\/\/www.ecoceutics.com\/ca\/#\/schema\/person\/1ea99343a86784e00a52c8744dfc7d83","name":"Lorena Crosa","image":{"@type":"ImageObject","inLanguage":"ca","@id":"https:\/\/www.ecoceutics.com\/wp-content\/uploads\/2024\/03\/Lorena-Crosa-100x100.jpg","url":"https:\/\/www.ecoceutics.com\/wp-content\/uploads\/2024\/03\/Lorena-Crosa-100x100.jpg","contentUrl":"https:\/\/www.ecoceutics.com\/wp-content\/uploads\/2024\/03\/Lorena-Crosa-100x100.jpg","caption":"Lorena Crosa"}}]}},"_links":{"self":[{"href":"https:\/\/www.ecoceutics.com\/ca\/wp-json\/wp\/v2\/posts\/33173","targetHints":{"allow":["GET"]}}],"collection":[{"href":"https:\/\/www.ecoceutics.com\/ca\/wp-json\/wp\/v2\/posts"}],"about":[{"href":"https:\/\/www.ecoceutics.com\/ca\/wp-json\/wp\/v2\/types\/post"}],"author":[{"embeddable":true,"href":"https:\/\/www.ecoceutics.com\/ca\/wp-json\/wp\/v2\/users\/4"}],"replies":[{"embeddable":true,"href":"https:\/\/www.ecoceutics.com\/ca\/wp-json\/wp\/v2\/comments?post=33173"}],"version-history":[{"count":0,"href":"https:\/\/www.ecoceutics.com\/ca\/wp-json\/wp\/v2\/posts\/33173\/revisions"}],"wp:featuredmedia":[{"embeddable":true,"href":"https:\/\/www.ecoceutics.com\/ca\/wp-json\/wp\/v2\/media\/33175"}],"wp:attachment":[{"href":"https:\/\/www.ecoceutics.com\/ca\/wp-json\/wp\/v2\/media?parent=33173"}],"wp:term":[{"taxonomy":"category","embeddable":true,"href":"https:\/\/www.ecoceutics.com\/ca\/wp-json\/wp\/v2\/categories?post=33173"},{"taxonomy":"post_tag","embeddable":true,"href":"https:\/\/www.ecoceutics.com\/ca\/wp-json\/wp\/v2\/tags?post=33173"}],"curies":[{"name":"wp","href":"https:\/\/api.w.org\/{rel}","templated":true}]}}