{"id":33258,"date":"2024-03-14T12:28:55","date_gmt":"2024-03-14T11:28:55","guid":{"rendered":"https:\/\/www.ecoceutics.com\/?p=33258"},"modified":"2024-03-18T10:55:29","modified_gmt":"2024-03-18T09:55:29","slug":"arribem-a-saragossa","status":"publish","type":"post","link":"https:\/\/www.ecoceutics.com\/ca\/per-professionals-de-la-salut\/arribem-a-saragossa\/","title":{"rendered":"Arribem a Saragossa!"},"content":{"rendered":"<p>Ens complau anunciar la incorporaci\u00f3 de Farm\u00e0cia Ros a la xarxa de farm\u00e0cies independents Ecoceutics, la primera de Saragossa a unir-se al grup. Aquesta uni\u00f3 marca un pas significatiu en el nostre comprom\u00eds d&#8217;oferir atenci\u00f3 farmac\u00e8utica de qualitat no sols a Catalunya, sin\u00f3 tamb\u00e9 en altres regions d&#8217;Espanya. \u00a0Estem encantats d&#8217;estendre la xarxa Ecoceutics a llocs com Zaragoza, enfortint la nostra missi\u00f3 de portar #LaSalutPerATots a cada rac\u00f3 del pa\u00eds.<\/p>\n<p>La Farm\u00e0cia Ros ha estat un pilar en la comunitat local, brindant atenci\u00f3 personalitzada i productes de qualitat a tots els seus clients. Ara, en unir-se a Farm\u00e0cies\u00a0Ecoceutics, podrem combinar l&#8217;experi\u00e8ncia i el comprom\u00eds de totes dues per a oferir un servei encara m\u00e9s excepcional i una gamma encara m\u00e9s \u00e0mplia de productes per al benestar dels nostres clients.<\/p>\n<p>Recordem que Ecoceutics abra\u00e7a amb entusiasme l&#8217;innovador concepte de #LaSalutPerATots. Aquest enfocament es fonamenta en quatre pilars estrat\u00e8gics: #Elecci\u00f3, oferint una \u00e0mplia varietat de productes per a satisfer diverses necessitats de salut; #Comunicaci\u00f3, promovent el di\u00e0leg obert i transparent amb la comunitat; #PreusBaixos, garantint accessibilitat a medicaments i productes de qualitat; i #ConsellsiServeis, brindant assessorament expert i serveis personalitzats.<\/p>\n<p>Et convidem a visitar la nostra nova ubicaci\u00f3 a Saragossa i descobrir tot el que Farm\u00e0cies\u00a0Ecoceutics\u00a0t\u00e9 per a oferir! Uneix-te a nosaltres en aquest emocionant viatge cap a una vida m\u00e9s saludable a l&#8217;abast de tots. Esperem veure&#8217;t aviat!<\/p>\n","protected":false},"excerpt":{"rendered":"<p>Ens complau anunciar la incorporaci\u00f3 de Farm\u00e0cia Ros a la xarxa de farm\u00e0cies independents Ecoceutics, la primera de Saragossa a unir-se al grup. Aquesta uni\u00f3 marca un pas significatiu en el nostre comprom\u00eds d&#8217;oferir atenci\u00f3 farmac\u00e8utica de qualitat no sols a Catalunya, sin\u00f3 tamb\u00e9 en altres regions d&#8217;Espanya. \u00a0Estem encantats d&#8217;estendre la xarxa Ecoceutics a [&hellip;]<\/p>\n","protected":false},"author":4,"featured_media":32516,"comment_status":"open","ping_status":"open","sticky":false,"template":"","format":"standard","meta":{"_acf_changed":false,"inline_featured_image":false,"_mbp_gutenberg_autopost":false,"footnotes":""},"categories":[20,71],"tags":[],"class_list":["post-33258","post","type-post","status-publish","format-standard","has-post-thumbnail","hentry","category-comunicacio","category-per-professionals-de-la-salut"],"acf":[],"yoast_head":"<!-- This site is optimized with the Yoast SEO plugin v27.5 - https:\/\/yoast.com\/product\/yoast-seo-wordpress\/ -->\n<title>Arribem a Saragossa! - ecoceutics<\/title>\n<meta name=\"description\" content=\"Ens complau anunciar la incorporaci\u00f3 de Farm\u00e0cia Ros a la xarxa de farm\u00e0cies independents Ecoceutics, la primera de Saragossa en\" \/>\n<meta name=\"robots\" content=\"index, follow, max-snippet:-1, max-image-preview:large, max-video-preview:-1\" \/>\n<link rel=\"canonical\" href=\"https:\/\/www.ecoceutics.com\/ca\/per-professionals-de-la-salut\/arribem-a-saragossa\/\" \/>\n<meta property=\"og:locale\" content=\"ca_ES\" \/>\n<meta property=\"og:type\" content=\"article\" \/>\n<meta property=\"og:title\" content=\"Arribem a Saragossa! - ecoceutics\" \/>\n<meta property=\"og:description\" content=\"Ens complau anunciar la incorporaci\u00f3 de Farm\u00e0cia Ros a la xarxa de farm\u00e0cies independents Ecoceutics, la primera de Saragossa en\" \/>\n<meta property=\"og:url\" content=\"https:\/\/www.ecoceutics.com\/ca\/per-professionals-de-la-salut\/arribem-a-saragossa\/\" \/>\n<meta property=\"og:site_name\" content=\"ecoceutics\" \/>\n<meta property=\"article:published_time\" content=\"2024-03-14T11:28:55+00:00\" \/>\n<meta property=\"article:modified_time\" content=\"2024-03-18T09:55:29+00:00\" \/>\n<meta property=\"og:image\" content=\"https:\/\/www.ecoceutics.com\/wp-content\/uploads\/2024\/02\/19.02.2024_Farmacia-Ros_Zaragoza.jpg\" \/>\n\t<meta property=\"og:image:width\" content=\"2040\" \/>\n\t<meta property=\"og:image:height\" content=\"1530\" \/>\n\t<meta property=\"og:image:type\" content=\"image\/jpeg\" \/>\n<meta name=\"author\" content=\"Lorena Crosa\" \/>\n<meta name=\"twitter:card\" content=\"summary_large_image\" \/>\n<meta name=\"twitter:label1\" content=\"Escrit per\" \/>\n\t<meta name=\"twitter:data1\" content=\"Lorena Crosa\" \/>\n\t<meta name=\"twitter:label2\" content=\"Temps estimat de lectura\" \/>\n\t<meta name=\"twitter:data2\" content=\"1 minut\" \/>\n<script type=\"application\/ld+json\" class=\"yoast-schema-graph\">{\"@context\":\"https:\\\/\\\/schema.org\",\"@graph\":[{\"@type\":\"Article\",\"@id\":\"https:\\\/\\\/www.ecoceutics.com\\\/ca\\\/per-professionals-de-la-salut\\\/arribem-a-saragossa\\\/#article\",\"isPartOf\":{\"@id\":\"https:\\\/\\\/www.ecoceutics.com\\\/ca\\\/per-professionals-de-la-salut\\\/arribem-a-saragossa\\\/\"},\"author\":{\"name\":\"Lorena Crosa\",\"@id\":\"https:\\\/\\\/www.ecoceutics.com\\\/ca\\\/#\\\/schema\\\/person\\\/1ea99343a86784e00a52c8744dfc7d83\"},\"headline\":\"Arribem a Saragossa!\",\"datePublished\":\"2024-03-14T11:28:55+00:00\",\"dateModified\":\"2024-03-18T09:55:29+00:00\",\"mainEntityOfPage\":{\"@id\":\"https:\\\/\\\/www.ecoceutics.com\\\/ca\\\/per-professionals-de-la-salut\\\/arribem-a-saragossa\\\/\"},\"wordCount\":256,\"commentCount\":0,\"publisher\":{\"@id\":\"https:\\\/\\\/www.ecoceutics.com\\\/ca\\\/#organization\"},\"image\":{\"@id\":\"https:\\\/\\\/www.ecoceutics.com\\\/ca\\\/per-professionals-de-la-salut\\\/arribem-a-saragossa\\\/#primaryimage\"},\"thumbnailUrl\":\"https:\\\/\\\/www.ecoceutics.com\\\/wp-content\\\/uploads\\\/2024\\\/02\\\/19.02.2024_Farmacia-Ros_Zaragoza.jpg\",\"articleSection\":[\"Comunicaci\u00f3\",\"Per professionals de la salut\"],\"inLanguage\":\"ca\",\"potentialAction\":[{\"@type\":\"CommentAction\",\"name\":\"Comment\",\"target\":[\"https:\\\/\\\/www.ecoceutics.com\\\/ca\\\/per-professionals-de-la-salut\\\/arribem-a-saragossa\\\/#respond\"]}]},{\"@type\":\"WebPage\",\"@id\":\"https:\\\/\\\/www.ecoceutics.com\\\/ca\\\/per-professionals-de-la-salut\\\/arribem-a-saragossa\\\/\",\"url\":\"https:\\\/\\\/www.ecoceutics.com\\\/ca\\\/per-professionals-de-la-salut\\\/arribem-a-saragossa\\\/\",\"name\":\"Arribem a Saragossa! - ecoceutics\",\"isPartOf\":{\"@id\":\"https:\\\/\\\/www.ecoceutics.com\\\/ca\\\/#website\"},\"primaryImageOfPage\":{\"@id\":\"https:\\\/\\\/www.ecoceutics.com\\\/ca\\\/per-professionals-de-la-salut\\\/arribem-a-saragossa\\\/#primaryimage\"},\"image\":{\"@id\":\"https:\\\/\\\/www.ecoceutics.com\\\/ca\\\/per-professionals-de-la-salut\\\/arribem-a-saragossa\\\/#primaryimage\"},\"thumbnailUrl\":\"https:\\\/\\\/www.ecoceutics.com\\\/wp-content\\\/uploads\\\/2024\\\/02\\\/19.02.2024_Farmacia-Ros_Zaragoza.jpg\",\"datePublished\":\"2024-03-14T11:28:55+00:00\",\"dateModified\":\"2024-03-18T09:55:29+00:00\",\"description\":\"Ens complau anunciar la incorporaci\u00f3 de Farm\u00e0cia Ros a la xarxa de farm\u00e0cies independents Ecoceutics, la primera de Saragossa en\",\"breadcrumb\":{\"@id\":\"https:\\\/\\\/www.ecoceutics.com\\\/ca\\\/per-professionals-de-la-salut\\\/arribem-a-saragossa\\\/#breadcrumb\"},\"inLanguage\":\"ca\",\"potentialAction\":[{\"@type\":\"ReadAction\",\"target\":[\"https:\\\/\\\/www.ecoceutics.com\\\/ca\\\/per-professionals-de-la-salut\\\/arribem-a-saragossa\\\/\"]}]},{\"@type\":\"ImageObject\",\"inLanguage\":\"ca\",\"@id\":\"https:\\\/\\\/www.ecoceutics.com\\\/ca\\\/per-professionals-de-la-salut\\\/arribem-a-saragossa\\\/#primaryimage\",\"url\":\"https:\\\/\\\/www.ecoceutics.com\\\/wp-content\\\/uploads\\\/2024\\\/02\\\/19.02.2024_Farmacia-Ros_Zaragoza.jpg\",\"contentUrl\":\"https:\\\/\\\/www.ecoceutics.com\\\/wp-content\\\/uploads\\\/2024\\\/02\\\/19.02.2024_Farmacia-Ros_Zaragoza.jpg\",\"width\":2040,\"height\":1530},{\"@type\":\"BreadcrumbList\",\"@id\":\"https:\\\/\\\/www.ecoceutics.com\\\/ca\\\/per-professionals-de-la-salut\\\/arribem-a-saragossa\\\/#breadcrumb\",\"itemListElement\":[{\"@type\":\"ListItem\",\"position\":1,\"name\":\"Portada\",\"item\":\"https:\\\/\\\/www.ecoceutics.com\\\/ca\\\/\"},{\"@type\":\"ListItem\",\"position\":2,\"name\":\"Arribem a Saragossa!\"}]},{\"@type\":\"WebSite\",\"@id\":\"https:\\\/\\\/www.ecoceutics.com\\\/ca\\\/#website\",\"url\":\"https:\\\/\\\/www.ecoceutics.com\\\/ca\\\/\",\"name\":\"ecoceutics\",\"description\":\"Primera red de farmacias independientes bajo una marca\",\"publisher\":{\"@id\":\"https:\\\/\\\/www.ecoceutics.com\\\/ca\\\/#organization\"},\"potentialAction\":[{\"@type\":\"SearchAction\",\"target\":{\"@type\":\"EntryPoint\",\"urlTemplate\":\"https:\\\/\\\/www.ecoceutics.com\\\/ca\\\/?s={search_term_string}\"},\"query-input\":{\"@type\":\"PropertyValueSpecification\",\"valueRequired\":true,\"valueName\":\"search_term_string\"}}],\"inLanguage\":\"ca\"},{\"@type\":\"Organization\",\"@id\":\"https:\\\/\\\/www.ecoceutics.com\\\/ca\\\/#organization\",\"name\":\"Ecoceutics\",\"url\":\"https:\\\/\\\/www.ecoceutics.com\\\/ca\\\/\",\"logo\":{\"@type\":\"ImageObject\",\"inLanguage\":\"ca\",\"@id\":\"https:\\\/\\\/www.ecoceutics.com\\\/ca\\\/#\\\/schema\\\/logo\\\/image\\\/\",\"url\":\"https:\\\/\\\/www.ecoceutics.com\\\/wp-content\\\/uploads\\\/2022\\\/02\\\/Logo-Ecoceutics-SVG-01-1.svg\",\"contentUrl\":\"https:\\\/\\\/www.ecoceutics.com\\\/wp-content\\\/uploads\\\/2022\\\/02\\\/Logo-Ecoceutics-SVG-01-1.svg\",\"width\":232,\"height\":68,\"caption\":\"Ecoceutics\"},\"image\":{\"@id\":\"https:\\\/\\\/www.ecoceutics.com\\\/ca\\\/#\\\/schema\\\/logo\\\/image\\\/\"}},{\"@type\":\"Person\",\"@id\":\"https:\\\/\\\/www.ecoceutics.com\\\/ca\\\/#\\\/schema\\\/person\\\/1ea99343a86784e00a52c8744dfc7d83\",\"name\":\"Lorena Crosa\",\"image\":{\"@type\":\"ImageObject\",\"inLanguage\":\"ca\",\"@id\":\"https:\\\/\\\/www.ecoceutics.com\\\/wp-content\\\/uploads\\\/2024\\\/03\\\/Lorena-Crosa-100x100.jpg\",\"url\":\"https:\\\/\\\/www.ecoceutics.com\\\/wp-content\\\/uploads\\\/2024\\\/03\\\/Lorena-Crosa-100x100.jpg\",\"contentUrl\":\"https:\\\/\\\/www.ecoceutics.com\\\/wp-content\\\/uploads\\\/2024\\\/03\\\/Lorena-Crosa-100x100.jpg\",\"caption\":\"Lorena Crosa\"}}]}<\/script>\n<!-- \/ Yoast SEO plugin. -->","yoast_head_json":{"title":"Arribem a Saragossa! - ecoceutics","description":"Ens complau anunciar la incorporaci\u00f3 de Farm\u00e0cia Ros a la xarxa de farm\u00e0cies independents Ecoceutics, la primera de Saragossa en","robots":{"index":"index","follow":"follow","max-snippet":"max-snippet:-1","max-image-preview":"max-image-preview:large","max-video-preview":"max-video-preview:-1"},"canonical":"https:\/\/www.ecoceutics.com\/ca\/per-professionals-de-la-salut\/arribem-a-saragossa\/","og_locale":"ca_ES","og_type":"article","og_title":"Arribem a Saragossa! - ecoceutics","og_description":"Ens complau anunciar la incorporaci\u00f3 de Farm\u00e0cia Ros a la xarxa de farm\u00e0cies independents Ecoceutics, la primera de Saragossa en","og_url":"https:\/\/www.ecoceutics.com\/ca\/per-professionals-de-la-salut\/arribem-a-saragossa\/","og_site_name":"ecoceutics","article_published_time":"2024-03-14T11:28:55+00:00","article_modified_time":"2024-03-18T09:55:29+00:00","og_image":[{"width":2040,"height":1530,"url":"https:\/\/www.ecoceutics.com\/wp-content\/uploads\/2024\/02\/19.02.2024_Farmacia-Ros_Zaragoza.jpg","type":"image\/jpeg"}],"author":"Lorena Crosa","twitter_card":"summary_large_image","twitter_misc":{"Escrit per":"Lorena Crosa","Temps estimat de lectura":"1 minut"},"schema":{"@context":"https:\/\/schema.org","@graph":[{"@type":"Article","@id":"https:\/\/www.ecoceutics.com\/ca\/per-professionals-de-la-salut\/arribem-a-saragossa\/#article","isPartOf":{"@id":"https:\/\/www.ecoceutics.com\/ca\/per-professionals-de-la-salut\/arribem-a-saragossa\/"},"author":{"name":"Lorena Crosa","@id":"https:\/\/www.ecoceutics.com\/ca\/#\/schema\/person\/1ea99343a86784e00a52c8744dfc7d83"},"headline":"Arribem a Saragossa!","datePublished":"2024-03-14T11:28:55+00:00","dateModified":"2024-03-18T09:55:29+00:00","mainEntityOfPage":{"@id":"https:\/\/www.ecoceutics.com\/ca\/per-professionals-de-la-salut\/arribem-a-saragossa\/"},"wordCount":256,"commentCount":0,"publisher":{"@id":"https:\/\/www.ecoceutics.com\/ca\/#organization"},"image":{"@id":"https:\/\/www.ecoceutics.com\/ca\/per-professionals-de-la-salut\/arribem-a-saragossa\/#primaryimage"},"thumbnailUrl":"https:\/\/www.ecoceutics.com\/wp-content\/uploads\/2024\/02\/19.02.2024_Farmacia-Ros_Zaragoza.jpg","articleSection":["Comunicaci\u00f3","Per professionals de la salut"],"inLanguage":"ca","potentialAction":[{"@type":"CommentAction","name":"Comment","target":["https:\/\/www.ecoceutics.com\/ca\/per-professionals-de-la-salut\/arribem-a-saragossa\/#respond"]}]},{"@type":"WebPage","@id":"https:\/\/www.ecoceutics.com\/ca\/per-professionals-de-la-salut\/arribem-a-saragossa\/","url":"https:\/\/www.ecoceutics.com\/ca\/per-professionals-de-la-salut\/arribem-a-saragossa\/","name":"Arribem a Saragossa! - ecoceutics","isPartOf":{"@id":"https:\/\/www.ecoceutics.com\/ca\/#website"},"primaryImageOfPage":{"@id":"https:\/\/www.ecoceutics.com\/ca\/per-professionals-de-la-salut\/arribem-a-saragossa\/#primaryimage"},"image":{"@id":"https:\/\/www.ecoceutics.com\/ca\/per-professionals-de-la-salut\/arribem-a-saragossa\/#primaryimage"},"thumbnailUrl":"https:\/\/www.ecoceutics.com\/wp-content\/uploads\/2024\/02\/19.02.2024_Farmacia-Ros_Zaragoza.jpg","datePublished":"2024-03-14T11:28:55+00:00","dateModified":"2024-03-18T09:55:29+00:00","description":"Ens complau anunciar la incorporaci\u00f3 de Farm\u00e0cia Ros a la xarxa de farm\u00e0cies independents Ecoceutics, la primera de Saragossa en","breadcrumb":{"@id":"https:\/\/www.ecoceutics.com\/ca\/per-professionals-de-la-salut\/arribem-a-saragossa\/#breadcrumb"},"inLanguage":"ca","potentialAction":[{"@type":"ReadAction","target":["https:\/\/www.ecoceutics.com\/ca\/per-professionals-de-la-salut\/arribem-a-saragossa\/"]}]},{"@type":"ImageObject","inLanguage":"ca","@id":"https:\/\/www.ecoceutics.com\/ca\/per-professionals-de-la-salut\/arribem-a-saragossa\/#primaryimage","url":"https:\/\/www.ecoceutics.com\/wp-content\/uploads\/2024\/02\/19.02.2024_Farmacia-Ros_Zaragoza.jpg","contentUrl":"https:\/\/www.ecoceutics.com\/wp-content\/uploads\/2024\/02\/19.02.2024_Farmacia-Ros_Zaragoza.jpg","width":2040,"height":1530},{"@type":"BreadcrumbList","@id":"https:\/\/www.ecoceutics.com\/ca\/per-professionals-de-la-salut\/arribem-a-saragossa\/#breadcrumb","itemListElement":[{"@type":"ListItem","position":1,"name":"Portada","item":"https:\/\/www.ecoceutics.com\/ca\/"},{"@type":"ListItem","position":2,"name":"Arribem a Saragossa!"}]},{"@type":"WebSite","@id":"https:\/\/www.ecoceutics.com\/ca\/#website","url":"https:\/\/www.ecoceutics.com\/ca\/","name":"ecoceutics","description":"Primera red de farmacias independientes bajo una marca","publisher":{"@id":"https:\/\/www.ecoceutics.com\/ca\/#organization"},"potentialAction":[{"@type":"SearchAction","target":{"@type":"EntryPoint","urlTemplate":"https:\/\/www.ecoceutics.com\/ca\/?s={search_term_string}"},"query-input":{"@type":"PropertyValueSpecification","valueRequired":true,"valueName":"search_term_string"}}],"inLanguage":"ca"},{"@type":"Organization","@id":"https:\/\/www.ecoceutics.com\/ca\/#organization","name":"Ecoceutics","url":"https:\/\/www.ecoceutics.com\/ca\/","logo":{"@type":"ImageObject","inLanguage":"ca","@id":"https:\/\/www.ecoceutics.com\/ca\/#\/schema\/logo\/image\/","url":"https:\/\/www.ecoceutics.com\/wp-content\/uploads\/2022\/02\/Logo-Ecoceutics-SVG-01-1.svg","contentUrl":"https:\/\/www.ecoceutics.com\/wp-content\/uploads\/2022\/02\/Logo-Ecoceutics-SVG-01-1.svg","width":232,"height":68,"caption":"Ecoceutics"},"image":{"@id":"https:\/\/www.ecoceutics.com\/ca\/#\/schema\/logo\/image\/"}},{"@type":"Person","@id":"https:\/\/www.ecoceutics.com\/ca\/#\/schema\/person\/1ea99343a86784e00a52c8744dfc7d83","name":"Lorena Crosa","image":{"@type":"ImageObject","inLanguage":"ca","@id":"https:\/\/www.ecoceutics.com\/wp-content\/uploads\/2024\/03\/Lorena-Crosa-100x100.jpg","url":"https:\/\/www.ecoceutics.com\/wp-content\/uploads\/2024\/03\/Lorena-Crosa-100x100.jpg","contentUrl":"https:\/\/www.ecoceutics.com\/wp-content\/uploads\/2024\/03\/Lorena-Crosa-100x100.jpg","caption":"Lorena Crosa"}}]}},"_links":{"self":[{"href":"https:\/\/www.ecoceutics.com\/ca\/wp-json\/wp\/v2\/posts\/33258","targetHints":{"allow":["GET"]}}],"collection":[{"href":"https:\/\/www.ecoceutics.com\/ca\/wp-json\/wp\/v2\/posts"}],"about":[{"href":"https:\/\/www.ecoceutics.com\/ca\/wp-json\/wp\/v2\/types\/post"}],"author":[{"embeddable":true,"href":"https:\/\/www.ecoceutics.com\/ca\/wp-json\/wp\/v2\/users\/4"}],"replies":[{"embeddable":true,"href":"https:\/\/www.ecoceutics.com\/ca\/wp-json\/wp\/v2\/comments?post=33258"}],"version-history":[{"count":0,"href":"https:\/\/www.ecoceutics.com\/ca\/wp-json\/wp\/v2\/posts\/33258\/revisions"}],"wp:featuredmedia":[{"embeddable":true,"href":"https:\/\/www.ecoceutics.com\/ca\/wp-json\/wp\/v2\/media\/32516"}],"wp:attachment":[{"href":"https:\/\/www.ecoceutics.com\/ca\/wp-json\/wp\/v2\/media?parent=33258"}],"wp:term":[{"taxonomy":"category","embeddable":true,"href":"https:\/\/www.ecoceutics.com\/ca\/wp-json\/wp\/v2\/categories?post=33258"},{"taxonomy":"post_tag","embeddable":true,"href":"https:\/\/www.ecoceutics.com\/ca\/wp-json\/wp\/v2\/tags?post=33258"}],"curies":[{"name":"wp","href":"https:\/\/api.w.org\/{rel}","templated":true}]}}