{"id":33341,"date":"2024-03-18T12:09:21","date_gmt":"2024-03-18T11:09:21","guid":{"rendered":"https:\/\/www.ecoceutics.com\/?p=33341"},"modified":"2024-04-16T16:07:05","modified_gmt":"2024-04-16T14:07:05","slug":"quant-temps-sha-dutilitzar-probiotics-per-a-candidiasis","status":"publish","type":"post","link":"https:\/\/www.ecoceutics.com\/ca\/respostes-de-salut\/salut\/quant-temps-sha-dutilitzar-probiotics-per-a-candidiasis\/","title":{"rendered":"Quant temps s&#8217;ha d&#8217;utilitzar probi\u00f2tics per a candidiasis?"},"content":{"rendered":"<p>Una candidiasi \u00e9s una infecci\u00f3 produ\u00efda per fongs del g\u00e8nere C\u00e0ndida. Parlem bastant de la candidiasi en el nostre post sobre <em><a href=\"https:\/\/www.ecoceutics.com\/ca\/respostes-de-salut\/salut\/candidiasi\/\">candidiasis<\/a><\/em>, aix\u00ed com dels <a href=\"https:\/\/www.ecoceutics.com\/ca\/respostes-de-salut\/salut\/beneficis-dels-probiotics\/\">beneficis dels probi\u00f2tics<\/a> en altres articles. Els probi\u00f2tics disposen d&#8217;una varietat important d&#8217;elements protectors: s\u00f3n capa\u00e7os de protegir per \u201cefecte barrera\u201d en existir en quantitat en una mucosa, secreten subst\u00e0ncies metab\u00f2liques amb activitat anti-C\u00e0ndida, i tamb\u00e9 poden estimular al nostre propi sistema immune perqu\u00e8 atac diferents varietats de C\u00e0ndida.\u00a0 Ara b\u00e9, com saber quins probi\u00f2tics ens poden servir en cada cas, i quant temps hem d&#8217;utilitzar-los? Vegem\u2026<\/p>\n<div id=\"ez-toc-container\" class=\"ez-toc-v2_0_82_2 counter-hierarchy ez-toc-counter ez-toc-custom ez-toc-container-direction\">\n<div class=\"ez-toc-title-container\">\n<p class=\"ez-toc-title\" style=\"cursor:inherit\">Contenido de la p\u00e1gina<\/p>\n<span class=\"ez-toc-title-toggle\"><a href=\"#\" class=\"ez-toc-pull-right ez-toc-btn ez-toc-btn-xs ez-toc-btn-default ez-toc-toggle\" aria-label=\"Toggle Table of Content\"><span class=\"ez-toc-js-icon-con\"><span class=\"\"><span class=\"eztoc-hide\" style=\"display:none;\">Toggle<\/span><span class=\"ez-toc-icon-toggle-span\"><svg style=\"fill: #333333;color:#333333\" xmlns=\"http:\/\/www.w3.org\/2000\/svg\" class=\"list-377408\" width=\"20px\" height=\"20px\" viewBox=\"0 0 24 24\" fill=\"none\"><path d=\"M6 6H4v2h2V6zm14 0H8v2h12V6zM4 11h2v2H4v-2zm16 0H8v2h12v-2zM4 16h2v2H4v-2zm16 0H8v2h12v-2z\" fill=\"currentColor\"><\/path><\/svg><svg style=\"fill: #333333;color:#333333\" class=\"arrow-unsorted-368013\" xmlns=\"http:\/\/www.w3.org\/2000\/svg\" width=\"10px\" height=\"10px\" viewBox=\"0 0 24 24\" version=\"1.2\" baseProfile=\"tiny\"><path d=\"M18.2 9.3l-6.2-6.3-6.2 6.3c-.2.2-.3.4-.3.7s.1.5.3.7c.2.2.4.3.7.3h11c.3 0 .5-.1.7-.3.2-.2.3-.5.3-.7s-.1-.5-.3-.7zM5.8 14.7l6.2 6.3 6.2-6.3c.2-.2.3-.5.3-.7s-.1-.5-.3-.7c-.2-.2-.4-.3-.7-.3h-11c-.3 0-.5.1-.7.3-.2.2-.3.5-.3.7s.1.5.3.7z\"\/><\/svg><\/span><\/span><\/span><\/a><\/span><\/div>\n<nav><ul class='ez-toc-list ez-toc-list-level-1 ' ><li class='ez-toc-page-1 ez-toc-heading-level-2'><a class=\"ez-toc-link ez-toc-heading-1\" href=\"https:\/\/www.ecoceutics.com\/ca\/respostes-de-salut\/salut\/quant-temps-sha-dutilitzar-probiotics-per-a-candidiasis\/#primer-punt-on-es-la-infeccio\" >Primer punt: on \u00e9s la infecci\u00f3?<\/a><\/li><li class='ez-toc-page-1 ez-toc-heading-level-2'><a class=\"ez-toc-link ez-toc-heading-2\" href=\"https:\/\/www.ecoceutics.com\/ca\/respostes-de-salut\/salut\/quant-temps-sha-dutilitzar-probiotics-per-a-candidiasis\/#quant-temps-cal-utilitzar-els-probiotics-per-a-candidiasis\" >Quant temps cal utilitzar els probi\u00f2tics per a candidiasis?<\/a><\/li><li class='ez-toc-page-1 ez-toc-heading-level-2'><a class=\"ez-toc-link ez-toc-heading-3\" href=\"https:\/\/www.ecoceutics.com\/ca\/respostes-de-salut\/salut\/quant-temps-sha-dutilitzar-probiotics-per-a-candidiasis\/#bibliografia\" >Bibliografia<\/a><\/li><\/ul><\/nav><\/div>\n<h2><span class=\"ez-toc-section\" id=\"primer-punt-on-es-la-infeccio\"><\/span>Primer punt: on \u00e9s la infecci\u00f3?<span class=\"ez-toc-section-end\"><\/span><\/h2>\n<p>Quan parlem de probi\u00f2tics per a candidiasis \u00e9s important com i on es produeix la infecci\u00f3, perqu\u00e8 aix\u00f2 influir\u00e0 en l&#8217;elecci\u00f3 del producte. Per exemple:<\/p>\n<ul>\n<li>Les candidiasis vaginals es poden tractar amb probi\u00f2tics vehiculades en \u00f2vuls vaginals o a trav\u00e9s de productes per via oral.<\/li>\n<li>Les candidiasis orals responen b\u00e9 a comprimits que es dissolen en la boca o s\u00f3n masticables.<\/li>\n<li>Les candidiasis de repetici\u00f3 poden estar indicant que hi ha un dip\u00f2sit intestinal de c\u00e0ndida, amb el que ser\u00e0 necessari utilitzar un probi\u00f2tic per via oral que resisteixi el tr\u00e0nsit per l&#8217;\u00e0cid estomacal.<\/li>\n<\/ul>\n<p>A m\u00e9s, no tots els ceps s\u00f3n adequades per a tots els usos. Per exemple, <em>Saccharomyces cerevisiae var boulardii<\/em> ha demostrat funcionar molt b\u00e9 per via oral per a protegir de candidiasi intestinal, per a la via vaginal es prefereixen ceps de <em>Lactobacillus<\/em> o <em>Bifidobacterium<\/em>, i per a la boca s&#8217;afegeixen diferents ceps de <em>Streptococcus<\/em>.<\/p>\n<p>Per tot aix\u00f2, quan demanis un probi\u00f2tic en la teva farm\u00e0cia de confian\u00e7a, \u00e9s probable que et facin diverses preguntes: qu\u00e8 t&#8217;ha passat? Quantes vegades has sofert candidiasis en l&#8217;\u00faltim any? Quins tractaments has provat ja? No preguntem per \u201ctafaners\u201d, sin\u00f3 per a triar el probi\u00f2tic que millor s&#8217;ajustar\u00e0 al teu cas.<\/p>\n<h2><span class=\"ez-toc-section\" id=\"quant-temps-cal-utilitzar-els-probiotics-per-a-candidiasis\"><\/span>Quant temps cal utilitzar els probi\u00f2tics per a candidiasis?<span class=\"ez-toc-section-end\"><\/span><\/h2>\n<p>Aquesta pregunta pot donar respostes molt variables segons el cas, per\u00f2 de manera orientativa podem comentar que s&#8217;han fet assajos cl\u00ednics en les quals les preses van des de temps tan curts com una setmana fins a tan extensos com 16 setmanes (4 mesos). Les pautes m\u00e9s curtes s&#8217;han utilitzat per a acompanyar la presa d&#8217;antibi\u00f2tics, mentre que les pautes m\u00e9s llargues s&#8217;utilitzen en la prevenci\u00f3 de candidiasis orals en gent gran o en beb\u00e8s nounats en els quals s&#8217;intenta evitar que alguna esp\u00e8cie de C\u00e0ndida colonitzi l&#8217;intest\u00ed.<\/p>\n<p>Ara b\u00e9, com triar en cada cas? Algunes pautes orientatives poden ser:<\/p>\n<ul>\n<li><em>Estem acompanyant a un tractament antibi\u00f2tic o antif\u00fangic?<\/em> Si \u00e9s aix\u00ed, els probi\u00f2tics solen prendre&#8217;s, com a m\u00ednim, mentre duri el tractament a considerar.<\/li>\n<li><em>Quant temps recomana utilitzar-los el laboratori fabricador?<\/em> Si la caixa en t\u00e9 prou per a set dies, \u00e9s que \u00e9s un probi\u00f2tic recomanat per a tractaments curts. Per\u00f2 si t\u00e9 30 o 60 comprimits, probablement es recomana durant temps m\u00e9s llargs.<\/li>\n<li><em>Quins assajos cl\u00ednics s&#8217;han publicat sobre els ceps i el cas a considerar?<\/em> Aqu\u00ed \u00e9s on entren les bones arts dels metges, farmac\u00e8utics, dentistes i altres professionals de la salut.<\/li>\n<\/ul>\n<p><strong>Per qu\u00e8 importa el temps d&#8217;\u00fas dels probi\u00f2tics?<\/strong> Perqu\u00e8 utilitzar els probi\u00f2tics durant el temps adequat influir\u00e0 en el bon resultat del tractament. Per\u00f2 tamb\u00e9 cal considerar factors com l&#8217;hora del dia, l&#8217;\u00fas de medicaci\u00f3 concomitant o els aliments per a optimitzar el resultat d&#8217;un tractament amb probi\u00f2tics. En la teva farm\u00e0cia de confian\u00e7a comptes amb professionals que poden facilitar-te el control d&#8217;aquests factors, traient aix\u00ed el millor rendiment al teu tractament amb probi\u00f2tics.<\/p>\n<h2><span class=\"ez-toc-section\" id=\"bibliografia\"><\/span>Bibliografia<span class=\"ez-toc-section-end\"><\/span><\/h2>\n<p><a href=\"https:\/\/www.ncbi.nlm.nih.gov\/pmc\/articles\/PMC7711718\/\">https:\/\/www.ncbi.nlm.nih.gov\/pmc\/articles\/PMC7711718\/<\/a><\/p>\n<p><a href=\"https:\/\/academic.oup.com\/cid\/article\/62\/9\/1143\/1745140\">https:\/\/academic.oup.com\/cid\/article\/62\/9\/1143\/1745140<\/a><\/p>\n","protected":false},"excerpt":{"rendered":"<p>Una candidiasi \u00e9s una infecci\u00f3 produ\u00efda per fongs del g\u00e8nere C\u00e0ndida. Parlem bastant de la candidiasi en el nostre post sobre candidiasis, aix\u00ed com dels beneficis dels probi\u00f2tics en altres articles. Els probi\u00f2tics disposen d&#8217;una varietat important d&#8217;elements protectors: s\u00f3n capa\u00e7os de protegir per \u201cefecte barrera\u201d en existir en quantitat en una mucosa, secreten subst\u00e0ncies [&hellip;]<\/p>\n","protected":false},"author":4,"featured_media":33337,"comment_status":"open","ping_status":"open","sticky":false,"template":"","format":"standard","meta":{"_acf_changed":false,"inline_featured_image":false,"_mbp_gutenberg_autopost":false,"footnotes":""},"categories":[4,1],"tags":[],"class_list":["post-33341","post","type-post","status-publish","format-standard","has-post-thumbnail","hentry","category-respostes-de-salut","category-salut"],"acf":[],"yoast_head":"<!-- This site is optimized with the Yoast SEO plugin v27.5 - https:\/\/yoast.com\/product\/yoast-seo-wordpress\/ -->\n<title>Quant temps prendre probi\u00f2tics per a candidiasis? | Ecoceutics<\/title>\n<meta name=\"description\" content=\"Com saber quins probi\u00f2tics ens poden servir en cada cas, i quant temps hem d&#039;utilitzar-los? T&#039;ho expliquem en el nostre article!\" \/>\n<meta name=\"robots\" content=\"index, follow, max-snippet:-1, max-image-preview:large, max-video-preview:-1\" \/>\n<link rel=\"canonical\" href=\"https:\/\/www.ecoceutics.com\/ca\/respostes-de-salut\/salut\/quant-temps-sha-dutilitzar-probiotics-per-a-candidiasis\/\" \/>\n<meta property=\"og:locale\" content=\"ca_ES\" \/>\n<meta property=\"og:type\" content=\"article\" \/>\n<meta property=\"og:title\" content=\"Quant temps prendre probi\u00f2tics per a candidiasis? | Ecoceutics\" \/>\n<meta property=\"og:description\" content=\"Com saber quins probi\u00f2tics ens poden servir en cada cas, i quant temps hem d&#039;utilitzar-los? T&#039;ho expliquem en el nostre article!\" \/>\n<meta property=\"og:url\" content=\"https:\/\/www.ecoceutics.com\/ca\/respostes-de-salut\/salut\/quant-temps-sha-dutilitzar-probiotics-per-a-candidiasis\/\" \/>\n<meta property=\"og:site_name\" content=\"ecoceutics\" \/>\n<meta property=\"article:published_time\" content=\"2024-03-18T11:09:21+00:00\" \/>\n<meta property=\"article:modified_time\" content=\"2024-04-16T14:07:05+00:00\" \/>\n<meta property=\"og:image\" content=\"https:\/\/www.ecoceutics.com\/wp-content\/uploads\/2024\/03\/male-grey-will-pills-glass-water.jpg\" \/>\n\t<meta property=\"og:image:width\" content=\"2600\" \/>\n\t<meta property=\"og:image:height\" content=\"1733\" \/>\n\t<meta property=\"og:image:type\" content=\"image\/jpeg\" \/>\n<meta name=\"author\" content=\"Lorena Crosa\" \/>\n<meta name=\"twitter:card\" content=\"summary_large_image\" \/>\n<meta name=\"twitter:label1\" content=\"Escrit per\" \/>\n\t<meta name=\"twitter:data1\" content=\"Lorena Crosa\" \/>\n\t<meta name=\"twitter:label2\" content=\"Temps estimat de lectura\" \/>\n\t<meta name=\"twitter:data2\" content=\"3 minuts\" \/>\n<script type=\"application\/ld+json\" class=\"yoast-schema-graph\">{\"@context\":\"https:\\\/\\\/schema.org\",\"@graph\":[{\"@type\":\"Article\",\"@id\":\"https:\\\/\\\/www.ecoceutics.com\\\/ca\\\/respostes-de-salut\\\/salut\\\/quant-temps-sha-dutilitzar-probiotics-per-a-candidiasis\\\/#article\",\"isPartOf\":{\"@id\":\"https:\\\/\\\/www.ecoceutics.com\\\/ca\\\/respostes-de-salut\\\/salut\\\/quant-temps-sha-dutilitzar-probiotics-per-a-candidiasis\\\/\"},\"author\":{\"name\":\"Lorena Crosa\",\"@id\":\"https:\\\/\\\/www.ecoceutics.com\\\/ca\\\/#\\\/schema\\\/person\\\/1ea99343a86784e00a52c8744dfc7d83\"},\"headline\":\"Quant temps s&#8217;ha d&#8217;utilitzar probi\u00f2tics per a candidiasis?\",\"datePublished\":\"2024-03-18T11:09:21+00:00\",\"dateModified\":\"2024-04-16T14:07:05+00:00\",\"mainEntityOfPage\":{\"@id\":\"https:\\\/\\\/www.ecoceutics.com\\\/ca\\\/respostes-de-salut\\\/salut\\\/quant-temps-sha-dutilitzar-probiotics-per-a-candidiasis\\\/\"},\"wordCount\":670,\"commentCount\":0,\"publisher\":{\"@id\":\"https:\\\/\\\/www.ecoceutics.com\\\/ca\\\/#organization\"},\"image\":{\"@id\":\"https:\\\/\\\/www.ecoceutics.com\\\/ca\\\/respostes-de-salut\\\/salut\\\/quant-temps-sha-dutilitzar-probiotics-per-a-candidiasis\\\/#primaryimage\"},\"thumbnailUrl\":\"https:\\\/\\\/www.ecoceutics.com\\\/wp-content\\\/uploads\\\/2024\\\/03\\\/male-grey-will-pills-glass-water.jpg\",\"articleSection\":[\"Respostes de salut\",\"Salut\"],\"inLanguage\":\"ca\",\"potentialAction\":[{\"@type\":\"CommentAction\",\"name\":\"Comment\",\"target\":[\"https:\\\/\\\/www.ecoceutics.com\\\/ca\\\/respostes-de-salut\\\/salut\\\/quant-temps-sha-dutilitzar-probiotics-per-a-candidiasis\\\/#respond\"]}]},{\"@type\":\"WebPage\",\"@id\":\"https:\\\/\\\/www.ecoceutics.com\\\/ca\\\/respostes-de-salut\\\/salut\\\/quant-temps-sha-dutilitzar-probiotics-per-a-candidiasis\\\/\",\"url\":\"https:\\\/\\\/www.ecoceutics.com\\\/ca\\\/respostes-de-salut\\\/salut\\\/quant-temps-sha-dutilitzar-probiotics-per-a-candidiasis\\\/\",\"name\":\"Quant temps prendre probi\u00f2tics per a candidiasis? | Ecoceutics\",\"isPartOf\":{\"@id\":\"https:\\\/\\\/www.ecoceutics.com\\\/ca\\\/#website\"},\"primaryImageOfPage\":{\"@id\":\"https:\\\/\\\/www.ecoceutics.com\\\/ca\\\/respostes-de-salut\\\/salut\\\/quant-temps-sha-dutilitzar-probiotics-per-a-candidiasis\\\/#primaryimage\"},\"image\":{\"@id\":\"https:\\\/\\\/www.ecoceutics.com\\\/ca\\\/respostes-de-salut\\\/salut\\\/quant-temps-sha-dutilitzar-probiotics-per-a-candidiasis\\\/#primaryimage\"},\"thumbnailUrl\":\"https:\\\/\\\/www.ecoceutics.com\\\/wp-content\\\/uploads\\\/2024\\\/03\\\/male-grey-will-pills-glass-water.jpg\",\"datePublished\":\"2024-03-18T11:09:21+00:00\",\"dateModified\":\"2024-04-16T14:07:05+00:00\",\"description\":\"Com saber quins probi\u00f2tics ens poden servir en cada cas, i quant temps hem d'utilitzar-los? T'ho expliquem en el nostre article!\",\"breadcrumb\":{\"@id\":\"https:\\\/\\\/www.ecoceutics.com\\\/ca\\\/respostes-de-salut\\\/salut\\\/quant-temps-sha-dutilitzar-probiotics-per-a-candidiasis\\\/#breadcrumb\"},\"inLanguage\":\"ca\",\"potentialAction\":[{\"@type\":\"ReadAction\",\"target\":[\"https:\\\/\\\/www.ecoceutics.com\\\/ca\\\/respostes-de-salut\\\/salut\\\/quant-temps-sha-dutilitzar-probiotics-per-a-candidiasis\\\/\"]}]},{\"@type\":\"ImageObject\",\"inLanguage\":\"ca\",\"@id\":\"https:\\\/\\\/www.ecoceutics.com\\\/ca\\\/respostes-de-salut\\\/salut\\\/quant-temps-sha-dutilitzar-probiotics-per-a-candidiasis\\\/#primaryimage\",\"url\":\"https:\\\/\\\/www.ecoceutics.com\\\/wp-content\\\/uploads\\\/2024\\\/03\\\/male-grey-will-pills-glass-water.jpg\",\"contentUrl\":\"https:\\\/\\\/www.ecoceutics.com\\\/wp-content\\\/uploads\\\/2024\\\/03\\\/male-grey-will-pills-glass-water.jpg\",\"width\":2600,\"height\":1733},{\"@type\":\"BreadcrumbList\",\"@id\":\"https:\\\/\\\/www.ecoceutics.com\\\/ca\\\/respostes-de-salut\\\/salut\\\/quant-temps-sha-dutilitzar-probiotics-per-a-candidiasis\\\/#breadcrumb\",\"itemListElement\":[{\"@type\":\"ListItem\",\"position\":1,\"name\":\"Portada\",\"item\":\"https:\\\/\\\/www.ecoceutics.com\\\/ca\\\/\"},{\"@type\":\"ListItem\",\"position\":2,\"name\":\"Quant temps s&#8217;ha d&#8217;utilitzar probi\u00f2tics per a candidiasis?\"}]},{\"@type\":\"WebSite\",\"@id\":\"https:\\\/\\\/www.ecoceutics.com\\\/ca\\\/#website\",\"url\":\"https:\\\/\\\/www.ecoceutics.com\\\/ca\\\/\",\"name\":\"ecoceutics\",\"description\":\"Primera red de farmacias independientes bajo una marca\",\"publisher\":{\"@id\":\"https:\\\/\\\/www.ecoceutics.com\\\/ca\\\/#organization\"},\"potentialAction\":[{\"@type\":\"SearchAction\",\"target\":{\"@type\":\"EntryPoint\",\"urlTemplate\":\"https:\\\/\\\/www.ecoceutics.com\\\/ca\\\/?s={search_term_string}\"},\"query-input\":{\"@type\":\"PropertyValueSpecification\",\"valueRequired\":true,\"valueName\":\"search_term_string\"}}],\"inLanguage\":\"ca\"},{\"@type\":\"Organization\",\"@id\":\"https:\\\/\\\/www.ecoceutics.com\\\/ca\\\/#organization\",\"name\":\"Ecoceutics\",\"url\":\"https:\\\/\\\/www.ecoceutics.com\\\/ca\\\/\",\"logo\":{\"@type\":\"ImageObject\",\"inLanguage\":\"ca\",\"@id\":\"https:\\\/\\\/www.ecoceutics.com\\\/ca\\\/#\\\/schema\\\/logo\\\/image\\\/\",\"url\":\"https:\\\/\\\/www.ecoceutics.com\\\/wp-content\\\/uploads\\\/2022\\\/02\\\/Logo-Ecoceutics-SVG-01-1.svg\",\"contentUrl\":\"https:\\\/\\\/www.ecoceutics.com\\\/wp-content\\\/uploads\\\/2022\\\/02\\\/Logo-Ecoceutics-SVG-01-1.svg\",\"width\":232,\"height\":68,\"caption\":\"Ecoceutics\"},\"image\":{\"@id\":\"https:\\\/\\\/www.ecoceutics.com\\\/ca\\\/#\\\/schema\\\/logo\\\/image\\\/\"}},{\"@type\":\"Person\",\"@id\":\"https:\\\/\\\/www.ecoceutics.com\\\/ca\\\/#\\\/schema\\\/person\\\/1ea99343a86784e00a52c8744dfc7d83\",\"name\":\"Lorena Crosa\",\"image\":{\"@type\":\"ImageObject\",\"inLanguage\":\"ca\",\"@id\":\"https:\\\/\\\/www.ecoceutics.com\\\/wp-content\\\/uploads\\\/2024\\\/03\\\/Lorena-Crosa-100x100.jpg\",\"url\":\"https:\\\/\\\/www.ecoceutics.com\\\/wp-content\\\/uploads\\\/2024\\\/03\\\/Lorena-Crosa-100x100.jpg\",\"contentUrl\":\"https:\\\/\\\/www.ecoceutics.com\\\/wp-content\\\/uploads\\\/2024\\\/03\\\/Lorena-Crosa-100x100.jpg\",\"caption\":\"Lorena Crosa\"}}]}<\/script>\n<!-- \/ Yoast SEO plugin. -->","yoast_head_json":{"title":"Quant temps prendre probi\u00f2tics per a candidiasis? | Ecoceutics","description":"Com saber quins probi\u00f2tics ens poden servir en cada cas, i quant temps hem d'utilitzar-los? T'ho expliquem en el nostre article!","robots":{"index":"index","follow":"follow","max-snippet":"max-snippet:-1","max-image-preview":"max-image-preview:large","max-video-preview":"max-video-preview:-1"},"canonical":"https:\/\/www.ecoceutics.com\/ca\/respostes-de-salut\/salut\/quant-temps-sha-dutilitzar-probiotics-per-a-candidiasis\/","og_locale":"ca_ES","og_type":"article","og_title":"Quant temps prendre probi\u00f2tics per a candidiasis? | Ecoceutics","og_description":"Com saber quins probi\u00f2tics ens poden servir en cada cas, i quant temps hem d'utilitzar-los? T'ho expliquem en el nostre article!","og_url":"https:\/\/www.ecoceutics.com\/ca\/respostes-de-salut\/salut\/quant-temps-sha-dutilitzar-probiotics-per-a-candidiasis\/","og_site_name":"ecoceutics","article_published_time":"2024-03-18T11:09:21+00:00","article_modified_time":"2024-04-16T14:07:05+00:00","og_image":[{"width":2600,"height":1733,"url":"https:\/\/www.ecoceutics.com\/wp-content\/uploads\/2024\/03\/male-grey-will-pills-glass-water.jpg","type":"image\/jpeg"}],"author":"Lorena Crosa","twitter_card":"summary_large_image","twitter_misc":{"Escrit per":"Lorena Crosa","Temps estimat de lectura":"3 minuts"},"schema":{"@context":"https:\/\/schema.org","@graph":[{"@type":"Article","@id":"https:\/\/www.ecoceutics.com\/ca\/respostes-de-salut\/salut\/quant-temps-sha-dutilitzar-probiotics-per-a-candidiasis\/#article","isPartOf":{"@id":"https:\/\/www.ecoceutics.com\/ca\/respostes-de-salut\/salut\/quant-temps-sha-dutilitzar-probiotics-per-a-candidiasis\/"},"author":{"name":"Lorena Crosa","@id":"https:\/\/www.ecoceutics.com\/ca\/#\/schema\/person\/1ea99343a86784e00a52c8744dfc7d83"},"headline":"Quant temps s&#8217;ha d&#8217;utilitzar probi\u00f2tics per a candidiasis?","datePublished":"2024-03-18T11:09:21+00:00","dateModified":"2024-04-16T14:07:05+00:00","mainEntityOfPage":{"@id":"https:\/\/www.ecoceutics.com\/ca\/respostes-de-salut\/salut\/quant-temps-sha-dutilitzar-probiotics-per-a-candidiasis\/"},"wordCount":670,"commentCount":0,"publisher":{"@id":"https:\/\/www.ecoceutics.com\/ca\/#organization"},"image":{"@id":"https:\/\/www.ecoceutics.com\/ca\/respostes-de-salut\/salut\/quant-temps-sha-dutilitzar-probiotics-per-a-candidiasis\/#primaryimage"},"thumbnailUrl":"https:\/\/www.ecoceutics.com\/wp-content\/uploads\/2024\/03\/male-grey-will-pills-glass-water.jpg","articleSection":["Respostes de salut","Salut"],"inLanguage":"ca","potentialAction":[{"@type":"CommentAction","name":"Comment","target":["https:\/\/www.ecoceutics.com\/ca\/respostes-de-salut\/salut\/quant-temps-sha-dutilitzar-probiotics-per-a-candidiasis\/#respond"]}]},{"@type":"WebPage","@id":"https:\/\/www.ecoceutics.com\/ca\/respostes-de-salut\/salut\/quant-temps-sha-dutilitzar-probiotics-per-a-candidiasis\/","url":"https:\/\/www.ecoceutics.com\/ca\/respostes-de-salut\/salut\/quant-temps-sha-dutilitzar-probiotics-per-a-candidiasis\/","name":"Quant temps prendre probi\u00f2tics per a candidiasis? | Ecoceutics","isPartOf":{"@id":"https:\/\/www.ecoceutics.com\/ca\/#website"},"primaryImageOfPage":{"@id":"https:\/\/www.ecoceutics.com\/ca\/respostes-de-salut\/salut\/quant-temps-sha-dutilitzar-probiotics-per-a-candidiasis\/#primaryimage"},"image":{"@id":"https:\/\/www.ecoceutics.com\/ca\/respostes-de-salut\/salut\/quant-temps-sha-dutilitzar-probiotics-per-a-candidiasis\/#primaryimage"},"thumbnailUrl":"https:\/\/www.ecoceutics.com\/wp-content\/uploads\/2024\/03\/male-grey-will-pills-glass-water.jpg","datePublished":"2024-03-18T11:09:21+00:00","dateModified":"2024-04-16T14:07:05+00:00","description":"Com saber quins probi\u00f2tics ens poden servir en cada cas, i quant temps hem d'utilitzar-los? T'ho expliquem en el nostre article!","breadcrumb":{"@id":"https:\/\/www.ecoceutics.com\/ca\/respostes-de-salut\/salut\/quant-temps-sha-dutilitzar-probiotics-per-a-candidiasis\/#breadcrumb"},"inLanguage":"ca","potentialAction":[{"@type":"ReadAction","target":["https:\/\/www.ecoceutics.com\/ca\/respostes-de-salut\/salut\/quant-temps-sha-dutilitzar-probiotics-per-a-candidiasis\/"]}]},{"@type":"ImageObject","inLanguage":"ca","@id":"https:\/\/www.ecoceutics.com\/ca\/respostes-de-salut\/salut\/quant-temps-sha-dutilitzar-probiotics-per-a-candidiasis\/#primaryimage","url":"https:\/\/www.ecoceutics.com\/wp-content\/uploads\/2024\/03\/male-grey-will-pills-glass-water.jpg","contentUrl":"https:\/\/www.ecoceutics.com\/wp-content\/uploads\/2024\/03\/male-grey-will-pills-glass-water.jpg","width":2600,"height":1733},{"@type":"BreadcrumbList","@id":"https:\/\/www.ecoceutics.com\/ca\/respostes-de-salut\/salut\/quant-temps-sha-dutilitzar-probiotics-per-a-candidiasis\/#breadcrumb","itemListElement":[{"@type":"ListItem","position":1,"name":"Portada","item":"https:\/\/www.ecoceutics.com\/ca\/"},{"@type":"ListItem","position":2,"name":"Quant temps s&#8217;ha d&#8217;utilitzar probi\u00f2tics per a candidiasis?"}]},{"@type":"WebSite","@id":"https:\/\/www.ecoceutics.com\/ca\/#website","url":"https:\/\/www.ecoceutics.com\/ca\/","name":"ecoceutics","description":"Primera red de farmacias independientes bajo una marca","publisher":{"@id":"https:\/\/www.ecoceutics.com\/ca\/#organization"},"potentialAction":[{"@type":"SearchAction","target":{"@type":"EntryPoint","urlTemplate":"https:\/\/www.ecoceutics.com\/ca\/?s={search_term_string}"},"query-input":{"@type":"PropertyValueSpecification","valueRequired":true,"valueName":"search_term_string"}}],"inLanguage":"ca"},{"@type":"Organization","@id":"https:\/\/www.ecoceutics.com\/ca\/#organization","name":"Ecoceutics","url":"https:\/\/www.ecoceutics.com\/ca\/","logo":{"@type":"ImageObject","inLanguage":"ca","@id":"https:\/\/www.ecoceutics.com\/ca\/#\/schema\/logo\/image\/","url":"https:\/\/www.ecoceutics.com\/wp-content\/uploads\/2022\/02\/Logo-Ecoceutics-SVG-01-1.svg","contentUrl":"https:\/\/www.ecoceutics.com\/wp-content\/uploads\/2022\/02\/Logo-Ecoceutics-SVG-01-1.svg","width":232,"height":68,"caption":"Ecoceutics"},"image":{"@id":"https:\/\/www.ecoceutics.com\/ca\/#\/schema\/logo\/image\/"}},{"@type":"Person","@id":"https:\/\/www.ecoceutics.com\/ca\/#\/schema\/person\/1ea99343a86784e00a52c8744dfc7d83","name":"Lorena Crosa","image":{"@type":"ImageObject","inLanguage":"ca","@id":"https:\/\/www.ecoceutics.com\/wp-content\/uploads\/2024\/03\/Lorena-Crosa-100x100.jpg","url":"https:\/\/www.ecoceutics.com\/wp-content\/uploads\/2024\/03\/Lorena-Crosa-100x100.jpg","contentUrl":"https:\/\/www.ecoceutics.com\/wp-content\/uploads\/2024\/03\/Lorena-Crosa-100x100.jpg","caption":"Lorena Crosa"}}]}},"_links":{"self":[{"href":"https:\/\/www.ecoceutics.com\/ca\/wp-json\/wp\/v2\/posts\/33341","targetHints":{"allow":["GET"]}}],"collection":[{"href":"https:\/\/www.ecoceutics.com\/ca\/wp-json\/wp\/v2\/posts"}],"about":[{"href":"https:\/\/www.ecoceutics.com\/ca\/wp-json\/wp\/v2\/types\/post"}],"author":[{"embeddable":true,"href":"https:\/\/www.ecoceutics.com\/ca\/wp-json\/wp\/v2\/users\/4"}],"replies":[{"embeddable":true,"href":"https:\/\/www.ecoceutics.com\/ca\/wp-json\/wp\/v2\/comments?post=33341"}],"version-history":[{"count":0,"href":"https:\/\/www.ecoceutics.com\/ca\/wp-json\/wp\/v2\/posts\/33341\/revisions"}],"wp:featuredmedia":[{"embeddable":true,"href":"https:\/\/www.ecoceutics.com\/ca\/wp-json\/wp\/v2\/media\/33337"}],"wp:attachment":[{"href":"https:\/\/www.ecoceutics.com\/ca\/wp-json\/wp\/v2\/media?parent=33341"}],"wp:term":[{"taxonomy":"category","embeddable":true,"href":"https:\/\/www.ecoceutics.com\/ca\/wp-json\/wp\/v2\/categories?post=33341"},{"taxonomy":"post_tag","embeddable":true,"href":"https:\/\/www.ecoceutics.com\/ca\/wp-json\/wp\/v2\/tags?post=33341"}],"curies":[{"name":"wp","href":"https:\/\/api.w.org\/{rel}","templated":true}]}}