{"id":33980,"date":"2024-05-21T18:25:41","date_gmt":"2024-05-21T16:25:41","guid":{"rendered":"https:\/\/www.ecoceutics.com\/?p=33980"},"modified":"2024-10-22T10:38:14","modified_gmt":"2024-10-22T08:38:14","slug":"per-que-em-pica-el-cap","status":"publish","type":"post","link":"https:\/\/www.ecoceutics.com\/ca\/respostes-de-salut\/bellesa-i-cura-personal\/per-que-em-pica-el-cap\/","title":{"rendered":"Per qu\u00e8 em pica el cap?"},"content":{"rendered":"<p>La picor \u00e9s aquesta sensaci\u00f3 desagradable que evoca la necessitat de gratar-se. La picor que apareix exclusivament en el cuir cabellut \u00e9s freq\u00fcent, havent-hi informes en la literatura m\u00e8dica que van des del 10% fins a gaireb\u00e9 el 45% en algunes poblacions.<\/p>\n<p>\u00c9s veritat que els <a href=\"https:\/\/www.ecoceutics.com\/ca\/respostes-de-salut\/salut\/polls\/\">polls<\/a> s\u00f3n una possible explicaci\u00f3 per a la picor del cuir cabellut, per\u00f2 no \u00e9s l&#8217;\u00fanica. El diagn\u00f2stic definitiu de la causa el fa un metge, per\u00f2, mentre esperes la consulta m\u00e8dica, pots informar-te quines s\u00f3n les possibles causes i rec\u00f3rrer a algun tractament disponible sense recepta m\u00e8dica per a calmar la picor de cap. Vegem quines opcions hi ha\u2026.<\/p>\n<div id=\"ez-toc-container\" class=\"ez-toc-v2_0_82_2 counter-hierarchy ez-toc-counter ez-toc-custom ez-toc-container-direction\">\n<div class=\"ez-toc-title-container\">\n<p class=\"ez-toc-title\" style=\"cursor:inherit\">Contenido de la p\u00e1gina<\/p>\n<span class=\"ez-toc-title-toggle\"><a href=\"#\" class=\"ez-toc-pull-right ez-toc-btn ez-toc-btn-xs ez-toc-btn-default ez-toc-toggle\" aria-label=\"Toggle Table of Content\"><span class=\"ez-toc-js-icon-con\"><span class=\"\"><span class=\"eztoc-hide\" style=\"display:none;\">Toggle<\/span><span class=\"ez-toc-icon-toggle-span\"><svg style=\"fill: #333333;color:#333333\" xmlns=\"http:\/\/www.w3.org\/2000\/svg\" class=\"list-377408\" width=\"20px\" height=\"20px\" viewBox=\"0 0 24 24\" fill=\"none\"><path d=\"M6 6H4v2h2V6zm14 0H8v2h12V6zM4 11h2v2H4v-2zm16 0H8v2h12v-2zM4 16h2v2H4v-2zm16 0H8v2h12v-2z\" fill=\"currentColor\"><\/path><\/svg><svg style=\"fill: #333333;color:#333333\" class=\"arrow-unsorted-368013\" xmlns=\"http:\/\/www.w3.org\/2000\/svg\" width=\"10px\" height=\"10px\" viewBox=\"0 0 24 24\" version=\"1.2\" baseProfile=\"tiny\"><path d=\"M18.2 9.3l-6.2-6.3-6.2 6.3c-.2.2-.3.4-.3.7s.1.5.3.7c.2.2.4.3.7.3h11c.3 0 .5-.1.7-.3.2-.2.3-.5.3-.7s-.1-.5-.3-.7zM5.8 14.7l6.2 6.3 6.2-6.3c.2-.2.3-.5.3-.7s-.1-.5-.3-.7c-.2-.2-.4-.3-.7-.3h-11c-.3 0-.5.1-.7.3-.2.2-.3.5-.3.7s.1.5.3.7z\"\/><\/svg><\/span><\/span><\/span><\/a><\/span><\/div>\n<nav><ul class='ez-toc-list ez-toc-list-level-1 ' ><li class='ez-toc-page-1 ez-toc-heading-level-2'><a class=\"ez-toc-link ez-toc-heading-1\" href=\"https:\/\/www.ecoceutics.com\/ca\/respostes-de-salut\/bellesa-i-cura-personal\/per-que-em-pica-el-cap\/#quina-causa-la-picor-del-cuir-cabellut\" >Quina causa la picor del cuir cabellut?<\/a><\/li><li class='ez-toc-page-1 ez-toc-heading-level-2'><a class=\"ez-toc-link ez-toc-heading-2\" href=\"https:\/\/www.ecoceutics.com\/ca\/respostes-de-salut\/bellesa-i-cura-personal\/per-que-em-pica-el-cap\/#quins-problemes-dermatologics-causen-picor-de-cuir-cabellut\" >Quins problemes dermatol\u00f2gics causen picor de cuir cabellut?<\/a><\/li><li class='ez-toc-page-1 ez-toc-heading-level-2'><a class=\"ez-toc-link ez-toc-heading-3\" href=\"https:\/\/www.ecoceutics.com\/ca\/respostes-de-salut\/bellesa-i-cura-personal\/per-que-em-pica-el-cap\/#em-pica-el-cuir-cabellut-que-puc-fer\" >Em pica el cuir cabellut, qu\u00e8 puc fer?<\/a><\/li><li class='ez-toc-page-1 ez-toc-heading-level-2'><a class=\"ez-toc-link ez-toc-heading-4\" href=\"https:\/\/www.ecoceutics.com\/ca\/respostes-de-salut\/bellesa-i-cura-personal\/per-que-em-pica-el-cap\/#quins-productes-hi-ha-per-a-la-picor-del-cuir-cabellut\" >Quins productes hi ha per a la picor del cuir cabellut?<\/a><\/li><li class='ez-toc-page-1 ez-toc-heading-level-2'><a class=\"ez-toc-link ez-toc-heading-5\" href=\"https:\/\/www.ecoceutics.com\/ca\/respostes-de-salut\/bellesa-i-cura-personal\/per-que-em-pica-el-cap\/#bibliografia\" >Bibliograf\u00eda<\/a><\/li><\/ul><\/nav><\/div>\n<h2><span class=\"ez-toc-section\" id=\"quina-causa-la-picor-del-cuir-cabellut\"><\/span>Quina causa la picor del cuir cabellut?<span class=\"ez-toc-section-end\"><\/span><\/h2>\n<p>Hi ha moltes causes que poden explicar la picor que apareix exclusivament en el cuir cabellut. Des del punt de vista del seu origen trobem quatre possibles classificacions:<\/p>\n<ul>\n<li><strong><em>Problemes dermatol\u00f2gics<\/em><\/strong>. En aquesta mena de picor hi ha una causa que afavoreix l&#8217;aparici\u00f3 d&#8217;inflamaci\u00f3 i picor. \u00c9s el m\u00e9s com\u00fa de tots els que esmentarem.<\/li>\n<li><strong><em>Problemes neurop\u00e0tics.<\/em><\/strong> En aquesta mena de picor hi ha alguna afectaci\u00f3 dels nervis de la zona, afectaci\u00f3 que es tradueix com a picor. Trobem aqu\u00ed des de neur\u00e0lgies fins a migranyes.<\/li>\n<li><strong><em>Problemes sist\u00e8mics.<\/em><\/strong> Problemes hep\u00e0tics, renals o <a href=\"https:\/\/www.ecoceutics.com\/ca\/respostes-de-salut\/salut\/diabetis-que-es-la-diabetis\/\">diabetis<\/a> (entre altres) entren en aquesta classificaci\u00f3.<\/li>\n<li><strong><em>Problemes d&#8217;origen psicol\u00f2gic<\/em><\/strong>. Estr\u00e8s, ansietat, depressi\u00f3, TOC\u2026 qualsevol d&#8217;ells (i altres m\u00e9s) poden generar l&#8217;impuls de gratar-se el cuir cabellut.<\/li>\n<li><strong><em>Origen no definit.<\/em><\/strong> Es classifica aqu\u00ed a la picor deguda a la pell sensible, sense altres factors que l&#8217;expliquin.<\/li>\n<\/ul>\n<p>Ens centrarem en <strong>la picor que s&#8217;origina per problemes dermatol\u00f2gics<\/strong>, que \u00e9s on els farmac\u00e8utics podem incidir.<\/p>\n<h2><span class=\"ez-toc-section\" id=\"quins-problemes-dermatologics-causen-picor-de-cuir-cabellut\"><\/span>Quins problemes dermatol\u00f2gics causen picor de cuir cabellut?<span class=\"ez-toc-section-end\"><\/span><\/h2>\n<p>Existeixen diversos problemes del cuir cabellut que cursen amb picor. Per exemple:<\/p>\n<ul>\n<li>Infeccions o infestacions: polls, sarna, etc.<\/li>\n<li>Alop\u00e8cia areata (l&#8217;alop\u00e8cia \u201cen clapes\u201d pot cursar amb picor)<\/li>\n<li>Dermatitis at\u00f2pica<\/li>\n<li>Dermatitis de contacte. Els dos causants m\u00e9s freq\u00fcents de dermatitis en el cuir cabellut s\u00f3n els tints de cabell i la\u00a0cocamidopropil\u00a0beta\u00edna\u00a0dels xamp\u00fas.<\/li>\n<li>Liquen pla.<\/li>\n<li>Xerosi (sequedat intensa)<\/li>\n<li>Caspa.<\/li>\n<li>Dermatitis seborreica.<\/li>\n<\/ul>\n<p>Els farmac\u00e8utics no podem diagnosticar, per\u00f2 en funci\u00f3 dels s\u00edmptomes que ens comptes i l&#8217;aspecte del cuir cabellut podem oferir consells i algun producte fins que vegis al metge.<\/p>\n<h2><span class=\"ez-toc-section\" id=\"em-pica-el-cuir-cabellut-que-puc-fer\"><\/span>Em pica el cuir cabellut, qu\u00e8 puc fer?<span class=\"ez-toc-section-end\"><\/span><\/h2>\n<p>Per a comen\u00e7ar, hi ha una s\u00e8rie de consells que poden ajudar amb la picor del cuir cabellut:<\/p>\n<ul>\n<li>Revisa la teva rutina de cures, com se sent el cuir cabellut despr\u00e9s del xamp\u00fa, del condicionador o de la crema de pentinar? Si algun producte et resulta particularment molest, canvia&#8217;l.<\/li>\n<li>Aclareix b\u00e9 els productes capil\u00b7lars. Moltes vegades els residus poden empitjorar la picor.<\/li>\n<li>Evita l&#8217;assecat amb calor intensa. La calor pot empitjorar la sensaci\u00f3 de picor.<\/li>\n<li>Si tens el cabell gras, evita rentar-lo tots els dies. Remoure cont\u00ednuament el greix del cuir cabellut pot, d&#8217;una banda, generar un \u201crebot\u201d. Per l&#8217;altre, pot irritar massa el cuir cabellut.<\/li>\n<li>Revisa el raspall de cabell. N\u00edquel, goma o pl\u00e0stic poden causar dermatitis de contacte.<\/li>\n<li>Tria pentinats poc tirant. Les trosses i els recollits \u201ctiren\u201d del cuir cabellut, empitjorant la picor.<\/li>\n<li>Pentina el teu cabell amb una llemenera. A vegades \u00e9s dif\u00edcil veure polls o llendres, per\u00f2 una bona llemenera els posar\u00e0 en evid\u00e8ncia.<\/li>\n<li>Evita tractaments agressius. Almenys mentre estiguis \u201cenmig d&#8217;un brot\u201d evita tints i descoloracions, perqu\u00e8 poden empitjorar la picor.<\/li>\n<li>Vigila l&#8217;estr\u00e8s.<\/li>\n<\/ul>\n<p>A m\u00e9s d&#8217;implementar aquests consells, pots utilitzar productes espec\u00edfics per a picor i problemes del cos cabellut.<\/p>\n<h2><span class=\"ez-toc-section\" id=\"quins-productes-hi-ha-per-a-la-picor-del-cuir-cabellut\"><\/span>Quins productes hi ha per a la picor del cuir cabellut?<span class=\"ez-toc-section-end\"><\/span><\/h2>\n<p>Existeixen diversos productes dissenyats per a calmar la picor del cuir cabellut. Es comercialitzen com a xamp\u00fas, gels o locions, ja que s\u00f3n les formes farmac\u00e8utiques que millor s&#8217;adapten al cuir cabellut. Algunes opcions disponibles sense recepta m\u00e8dica poden ser:<\/p>\n<ul>\n<li><em><strong>Xamp\u00fas calmants.<\/strong><\/em> Existeixen xamp\u00fas dissenyats per a un cuir cabellut amb picor. Actuen en entrar en contacte amb el cuir cabellut durant la dutxa i requereixen aclarit. Alguns exemples poden ser Klorane\u00ae a l&#8217;extracte de pe\u00f2nia, Ducray\u00ae Sensinol, o Vichy Dercos Ultra Calmant, per\u00f2 no s\u00f3n els \u00fanics.<\/li>\n<li><strong><em>Gels per al cuir cabellut<\/em><\/strong>. S\u00f3n gels fluids que s&#8217;apliquen en el cuir cabellut i no s&#8217;aclareixen. Phytoapaisant\u00ae de Phyto\u00ae o Emolienta\u00ae Scalp de Laboratoris Vi\u00f1as s\u00f3n dos exemples.<\/li>\n<\/ul>\n<p>Ara b\u00e9, aquests productes tracten la picor, per\u00f2 no tracten la causa que est\u00e0 darrere de la picor. L&#8217;ideal, si \u00e9s possible, \u00e9s tractar la causa. Per exemple:<\/p>\n<ul>\n<li><strong><em>Caspa<\/em><\/strong>: existeixen productes de venda lliure i de venda sota recepta per a tractar la caspa. Parlem d&#8217;ells i de les <a href=\"https:\/\/www.ecoceutics.com\/ca\/respostes-de-salut\/bellesa-i-cura-personal\/com-puc-eliminar-la-caspa\/\">causes de la caspa en el nostre article<\/a> sobre aquest tema.<\/li>\n<li><strong><em>Psoriasi<\/em><\/strong>: existeixen xamp\u00fas i locions per al tractament de la psoriasi, tant de venda lliure com amb recepta m\u00e8dica. Els productes de venda lliure solen portar actius que ajuden a remoure les plaques de psoriasis (urea, \u00e0cid salic\u00edlic) i actius calmants per a reduir la picor. Exemples s\u00f3n les l\u00ednies\u00a0Kertyol\u00a0PSO\u00a0de\u00a0Ducray\u00ae,\u00a0Uriage\u00ae\u00a0Xemose\u00a0PSO,\u00a0Psorisdin\u00a0Xamp\u00fa de\u00a0Isdin\u00ae\u00a0o\u00a0Dercos\u00ae\u00a0PSOlution. Els productes amb recepta m\u00e8dica solen portar corticoides i\/o\u00a0calcipotriol, tots dos molt efectius per a controlar les plaques i la picor de la psoriasi.<\/li>\n<li><strong><em>Dermatitis at\u00f2pica.<\/em> <\/strong>Hem parlat de la <a href=\"https:\/\/www.ecoceutics.com\/ca\/respostes-de-salut\/salut\/dermatitis-atopica\/\">dermatitis at\u00f2pica en aquest article<\/a>. Alguns exemples de xamp\u00fas espec\u00edfics per a aquests casos poden ser\u00a0Leti\u00ae\u00a0AT4 o\u00a0Repavar\u00ae\u00a0Atopic\u00a0Pell Xamp\u00fa. En casos m\u00e9s severs \u00e9s possible que es necessitin corticoides.<\/li>\n<li><strong><em>Sequedat<\/em><\/strong>: quan estiguem en pres\u00e8ncia de cuir cabellut buscarem xamp\u00fas amb mol\u00e8cules netejadores que respectin els greixos del cuir cabellut i actius que reforcin la hidrataci\u00f3 (urea, llard de karit\u00e9, pantenol, etc). Els xamp\u00fas de pell at\u00f2pica tamb\u00e9 solen funcionar b\u00e9 en aquests casos.<\/li>\n<\/ul>\n<p>Si <strong>sents picor en el cuir cabellut<\/strong> pots comentar el teu cas en la <a href=\"https:\/\/www.ecoceutics.com\/ca\/farmacies-ecoceutics\/\">teva farm\u00e0cia de confian\u00e7a<\/a>. Que et recomanin un producte, un altre, o una combinaci\u00f3 dependr\u00e0 dels s\u00edmptomes que acompanyin a la picor, de la intensitat dels s\u00edmptomes, que existeixi un diagn\u00f2stic previ fet per un dermat\u00f2leg i de la rutina d&#8217;higiene capil\u00b7lar que ja tinguis instaurada.<\/p>\n<h2><span class=\"ez-toc-section\" id=\"bibliografia\"><\/span><span style=\"font-weight: normal !msorm;\"><strong>Bibliograf\u00eda<\/strong><\/span><span class=\"ez-toc-section-end\"><\/span><\/h2>\n<p><a href=\"https:\/\/www.ncbi.nlm.nih.gov\/pmc\/articles\/PMC6350598\/\"><u>https:\/\/www.ncbi.nlm.nih.gov\/pmc\/articles\/PMC6350598\/<\/u><\/a><\/p>\n<p><a href=\"https:\/\/www.ncbi.nlm.nih.gov\/pmc\/articles\/PMC6120392\/\"><u>https:\/\/www.ncbi.nlm.nih.gov\/pmc\/articles\/PMC6120392\/<\/u><\/a><\/p>\n<p><a href=\"https:\/\/www.implantecapilarmalaga.com\/picor-en-el-cuero-cabelludo\/\"><u>https:\/\/www.implantecapilarmalaga.com\/picor-en-el-cuero-cabelludo\/<\/u><\/a><\/p>\n<p><a href=\"https:\/\/www.actasdermo.org\/es-tratamiento-psoriasis-del-cuero-cabelludo--articulo-S0001731010003807\"><u>https:\/\/www.actasdermo.org\/es-tratamiento-psoriasis-del-cuero-cabelludo&#8211;articulo-S0001731010003807<\/u><\/a><\/p>\n","protected":false},"excerpt":{"rendered":"<p>La picor \u00e9s aquesta sensaci\u00f3 desagradable que evoca la necessitat de gratar-se. La picor que apareix exclusivament en el cuir cabellut \u00e9s freq\u00fcent, havent-hi informes en la literatura m\u00e8dica que van des del 10% fins a gaireb\u00e9 el 45% en algunes poblacions. \u00c9s veritat que els polls s\u00f3n una possible explicaci\u00f3 per a la picor [&hellip;]<\/p>\n","protected":false},"author":4,"featured_media":33976,"comment_status":"open","ping_status":"open","sticky":false,"template":"","format":"standard","meta":{"_acf_changed":false,"inline_featured_image":false,"_mbp_gutenberg_autopost":false,"footnotes":""},"categories":[4,54],"tags":[],"class_list":["post-33980","post","type-post","status-publish","format-standard","has-post-thumbnail","hentry","category-respostes-de-salut","category-bellesa-i-cura-personal"],"acf":[],"yoast_head":"<!-- This site is optimized with the Yoast SEO plugin v27.5 - https:\/\/yoast.com\/product\/yoast-seo-wordpress\/ -->\n<title>Per qu\u00e8 em pica el cap? Causes i tractaments | Ecoceutics<\/title>\n<meta name=\"description\" content=\"Coneix quines s\u00f3n les causes de la picor de cap o cuir cabellut i possibles tractaments per a alleujar-lo. Descobreix-ho en l&#039;article\" \/>\n<meta name=\"robots\" content=\"index, follow, max-snippet:-1, max-image-preview:large, max-video-preview:-1\" \/>\n<link rel=\"canonical\" href=\"https:\/\/www.ecoceutics.com\/ca\/respostes-de-salut\/bellesa-i-cura-personal\/per-que-em-pica-el-cap\/\" \/>\n<meta property=\"og:locale\" content=\"ca_ES\" \/>\n<meta property=\"og:type\" content=\"article\" \/>\n<meta property=\"og:title\" content=\"Per qu\u00e8 em pica el cap? Causes i tractaments | Ecoceutics\" \/>\n<meta property=\"og:description\" content=\"Coneix quines s\u00f3n les causes de la picor de cap o cuir cabellut i possibles tractaments per a alleujar-lo. Descobreix-ho en l&#039;article\" \/>\n<meta property=\"og:url\" content=\"https:\/\/www.ecoceutics.com\/ca\/respostes-de-salut\/bellesa-i-cura-personal\/per-que-em-pica-el-cap\/\" \/>\n<meta property=\"og:site_name\" content=\"ecoceutics\" \/>\n<meta property=\"article:published_time\" content=\"2024-05-21T16:25:41+00:00\" \/>\n<meta property=\"article:modified_time\" content=\"2024-10-22T08:38:14+00:00\" \/>\n<meta property=\"og:image\" content=\"https:\/\/www.ecoceutics.com\/wp-content\/uploads\/2024\/05\/young-blonde-businessman-feeling-stressed-frustrated.jpg\" \/>\n\t<meta property=\"og:image:width\" content=\"2600\" \/>\n\t<meta property=\"og:image:height\" content=\"1733\" \/>\n\t<meta property=\"og:image:type\" content=\"image\/jpeg\" \/>\n<meta name=\"author\" content=\"Lorena Crosa\" \/>\n<meta name=\"twitter:card\" content=\"summary_large_image\" \/>\n<meta name=\"twitter:label1\" content=\"Escrit per\" \/>\n\t<meta name=\"twitter:data1\" content=\"Lorena Crosa\" \/>\n\t<meta name=\"twitter:label2\" content=\"Temps estimat de lectura\" \/>\n\t<meta name=\"twitter:data2\" content=\"5 minuts\" \/>\n<script type=\"application\/ld+json\" class=\"yoast-schema-graph\">{\"@context\":\"https:\\\/\\\/schema.org\",\"@graph\":[{\"@type\":\"Article\",\"@id\":\"https:\\\/\\\/www.ecoceutics.com\\\/ca\\\/respostes-de-salut\\\/bellesa-i-cura-personal\\\/per-que-em-pica-el-cap\\\/#article\",\"isPartOf\":{\"@id\":\"https:\\\/\\\/www.ecoceutics.com\\\/ca\\\/respostes-de-salut\\\/bellesa-i-cura-personal\\\/per-que-em-pica-el-cap\\\/\"},\"author\":{\"name\":\"Lorena Crosa\",\"@id\":\"https:\\\/\\\/www.ecoceutics.com\\\/ca\\\/#\\\/schema\\\/person\\\/1ea99343a86784e00a52c8744dfc7d83\"},\"headline\":\"Per qu\u00e8 em pica el cap?\",\"datePublished\":\"2024-05-21T16:25:41+00:00\",\"dateModified\":\"2024-10-22T08:38:14+00:00\",\"mainEntityOfPage\":{\"@id\":\"https:\\\/\\\/www.ecoceutics.com\\\/ca\\\/respostes-de-salut\\\/bellesa-i-cura-personal\\\/per-que-em-pica-el-cap\\\/\"},\"wordCount\":1125,\"commentCount\":0,\"publisher\":{\"@id\":\"https:\\\/\\\/www.ecoceutics.com\\\/ca\\\/#organization\"},\"image\":{\"@id\":\"https:\\\/\\\/www.ecoceutics.com\\\/ca\\\/respostes-de-salut\\\/bellesa-i-cura-personal\\\/per-que-em-pica-el-cap\\\/#primaryimage\"},\"thumbnailUrl\":\"https:\\\/\\\/www.ecoceutics.com\\\/wp-content\\\/uploads\\\/2024\\\/05\\\/young-blonde-businessman-feeling-stressed-frustrated.jpg\",\"articleSection\":[\"Respostes de salut\",\"Bellesa i cura personal\"],\"inLanguage\":\"ca\",\"potentialAction\":[{\"@type\":\"CommentAction\",\"name\":\"Comment\",\"target\":[\"https:\\\/\\\/www.ecoceutics.com\\\/ca\\\/respostes-de-salut\\\/bellesa-i-cura-personal\\\/per-que-em-pica-el-cap\\\/#respond\"]}]},{\"@type\":\"WebPage\",\"@id\":\"https:\\\/\\\/www.ecoceutics.com\\\/ca\\\/respostes-de-salut\\\/bellesa-i-cura-personal\\\/per-que-em-pica-el-cap\\\/\",\"url\":\"https:\\\/\\\/www.ecoceutics.com\\\/ca\\\/respostes-de-salut\\\/bellesa-i-cura-personal\\\/per-que-em-pica-el-cap\\\/\",\"name\":\"Per qu\u00e8 em pica el cap? Causes i tractaments | Ecoceutics\",\"isPartOf\":{\"@id\":\"https:\\\/\\\/www.ecoceutics.com\\\/ca\\\/#website\"},\"primaryImageOfPage\":{\"@id\":\"https:\\\/\\\/www.ecoceutics.com\\\/ca\\\/respostes-de-salut\\\/bellesa-i-cura-personal\\\/per-que-em-pica-el-cap\\\/#primaryimage\"},\"image\":{\"@id\":\"https:\\\/\\\/www.ecoceutics.com\\\/ca\\\/respostes-de-salut\\\/bellesa-i-cura-personal\\\/per-que-em-pica-el-cap\\\/#primaryimage\"},\"thumbnailUrl\":\"https:\\\/\\\/www.ecoceutics.com\\\/wp-content\\\/uploads\\\/2024\\\/05\\\/young-blonde-businessman-feeling-stressed-frustrated.jpg\",\"datePublished\":\"2024-05-21T16:25:41+00:00\",\"dateModified\":\"2024-10-22T08:38:14+00:00\",\"description\":\"Coneix quines s\u00f3n les causes de la picor de cap o cuir cabellut i possibles tractaments per a alleujar-lo. Descobreix-ho en l'article\",\"breadcrumb\":{\"@id\":\"https:\\\/\\\/www.ecoceutics.com\\\/ca\\\/respostes-de-salut\\\/bellesa-i-cura-personal\\\/per-que-em-pica-el-cap\\\/#breadcrumb\"},\"inLanguage\":\"ca\",\"potentialAction\":[{\"@type\":\"ReadAction\",\"target\":[\"https:\\\/\\\/www.ecoceutics.com\\\/ca\\\/respostes-de-salut\\\/bellesa-i-cura-personal\\\/per-que-em-pica-el-cap\\\/\"]}]},{\"@type\":\"ImageObject\",\"inLanguage\":\"ca\",\"@id\":\"https:\\\/\\\/www.ecoceutics.com\\\/ca\\\/respostes-de-salut\\\/bellesa-i-cura-personal\\\/per-que-em-pica-el-cap\\\/#primaryimage\",\"url\":\"https:\\\/\\\/www.ecoceutics.com\\\/wp-content\\\/uploads\\\/2024\\\/05\\\/young-blonde-businessman-feeling-stressed-frustrated.jpg\",\"contentUrl\":\"https:\\\/\\\/www.ecoceutics.com\\\/wp-content\\\/uploads\\\/2024\\\/05\\\/young-blonde-businessman-feeling-stressed-frustrated.jpg\",\"width\":2600,\"height\":1733,\"caption\":\"young blonde businessman feeling stressed and frustrated, raising hands to head, feeling tired, unhappy and with migraine\"},{\"@type\":\"BreadcrumbList\",\"@id\":\"https:\\\/\\\/www.ecoceutics.com\\\/ca\\\/respostes-de-salut\\\/bellesa-i-cura-personal\\\/per-que-em-pica-el-cap\\\/#breadcrumb\",\"itemListElement\":[{\"@type\":\"ListItem\",\"position\":1,\"name\":\"Portada\",\"item\":\"https:\\\/\\\/www.ecoceutics.com\\\/ca\\\/\"},{\"@type\":\"ListItem\",\"position\":2,\"name\":\"Per qu\u00e8 em pica el cap?\"}]},{\"@type\":\"WebSite\",\"@id\":\"https:\\\/\\\/www.ecoceutics.com\\\/ca\\\/#website\",\"url\":\"https:\\\/\\\/www.ecoceutics.com\\\/ca\\\/\",\"name\":\"ecoceutics\",\"description\":\"Primera red de farmacias independientes bajo una marca\",\"publisher\":{\"@id\":\"https:\\\/\\\/www.ecoceutics.com\\\/ca\\\/#organization\"},\"potentialAction\":[{\"@type\":\"SearchAction\",\"target\":{\"@type\":\"EntryPoint\",\"urlTemplate\":\"https:\\\/\\\/www.ecoceutics.com\\\/ca\\\/?s={search_term_string}\"},\"query-input\":{\"@type\":\"PropertyValueSpecification\",\"valueRequired\":true,\"valueName\":\"search_term_string\"}}],\"inLanguage\":\"ca\"},{\"@type\":\"Organization\",\"@id\":\"https:\\\/\\\/www.ecoceutics.com\\\/ca\\\/#organization\",\"name\":\"Ecoceutics\",\"url\":\"https:\\\/\\\/www.ecoceutics.com\\\/ca\\\/\",\"logo\":{\"@type\":\"ImageObject\",\"inLanguage\":\"ca\",\"@id\":\"https:\\\/\\\/www.ecoceutics.com\\\/ca\\\/#\\\/schema\\\/logo\\\/image\\\/\",\"url\":\"https:\\\/\\\/www.ecoceutics.com\\\/wp-content\\\/uploads\\\/2022\\\/02\\\/Logo-Ecoceutics-SVG-01-1.svg\",\"contentUrl\":\"https:\\\/\\\/www.ecoceutics.com\\\/wp-content\\\/uploads\\\/2022\\\/02\\\/Logo-Ecoceutics-SVG-01-1.svg\",\"width\":232,\"height\":68,\"caption\":\"Ecoceutics\"},\"image\":{\"@id\":\"https:\\\/\\\/www.ecoceutics.com\\\/ca\\\/#\\\/schema\\\/logo\\\/image\\\/\"}},{\"@type\":\"Person\",\"@id\":\"https:\\\/\\\/www.ecoceutics.com\\\/ca\\\/#\\\/schema\\\/person\\\/1ea99343a86784e00a52c8744dfc7d83\",\"name\":\"Lorena Crosa\",\"image\":{\"@type\":\"ImageObject\",\"inLanguage\":\"ca\",\"@id\":\"https:\\\/\\\/www.ecoceutics.com\\\/wp-content\\\/uploads\\\/2024\\\/03\\\/Lorena-Crosa-100x100.jpg\",\"url\":\"https:\\\/\\\/www.ecoceutics.com\\\/wp-content\\\/uploads\\\/2024\\\/03\\\/Lorena-Crosa-100x100.jpg\",\"contentUrl\":\"https:\\\/\\\/www.ecoceutics.com\\\/wp-content\\\/uploads\\\/2024\\\/03\\\/Lorena-Crosa-100x100.jpg\",\"caption\":\"Lorena Crosa\"}}]}<\/script>\n<!-- \/ Yoast SEO plugin. -->","yoast_head_json":{"title":"Per qu\u00e8 em pica el cap? Causes i tractaments | Ecoceutics","description":"Coneix quines s\u00f3n les causes de la picor de cap o cuir cabellut i possibles tractaments per a alleujar-lo. Descobreix-ho en l'article","robots":{"index":"index","follow":"follow","max-snippet":"max-snippet:-1","max-image-preview":"max-image-preview:large","max-video-preview":"max-video-preview:-1"},"canonical":"https:\/\/www.ecoceutics.com\/ca\/respostes-de-salut\/bellesa-i-cura-personal\/per-que-em-pica-el-cap\/","og_locale":"ca_ES","og_type":"article","og_title":"Per qu\u00e8 em pica el cap? Causes i tractaments | Ecoceutics","og_description":"Coneix quines s\u00f3n les causes de la picor de cap o cuir cabellut i possibles tractaments per a alleujar-lo. Descobreix-ho en l'article","og_url":"https:\/\/www.ecoceutics.com\/ca\/respostes-de-salut\/bellesa-i-cura-personal\/per-que-em-pica-el-cap\/","og_site_name":"ecoceutics","article_published_time":"2024-05-21T16:25:41+00:00","article_modified_time":"2024-10-22T08:38:14+00:00","og_image":[{"width":2600,"height":1733,"url":"https:\/\/www.ecoceutics.com\/wp-content\/uploads\/2024\/05\/young-blonde-businessman-feeling-stressed-frustrated.jpg","type":"image\/jpeg"}],"author":"Lorena Crosa","twitter_card":"summary_large_image","twitter_misc":{"Escrit per":"Lorena Crosa","Temps estimat de lectura":"5 minuts"},"schema":{"@context":"https:\/\/schema.org","@graph":[{"@type":"Article","@id":"https:\/\/www.ecoceutics.com\/ca\/respostes-de-salut\/bellesa-i-cura-personal\/per-que-em-pica-el-cap\/#article","isPartOf":{"@id":"https:\/\/www.ecoceutics.com\/ca\/respostes-de-salut\/bellesa-i-cura-personal\/per-que-em-pica-el-cap\/"},"author":{"name":"Lorena Crosa","@id":"https:\/\/www.ecoceutics.com\/ca\/#\/schema\/person\/1ea99343a86784e00a52c8744dfc7d83"},"headline":"Per qu\u00e8 em pica el cap?","datePublished":"2024-05-21T16:25:41+00:00","dateModified":"2024-10-22T08:38:14+00:00","mainEntityOfPage":{"@id":"https:\/\/www.ecoceutics.com\/ca\/respostes-de-salut\/bellesa-i-cura-personal\/per-que-em-pica-el-cap\/"},"wordCount":1125,"commentCount":0,"publisher":{"@id":"https:\/\/www.ecoceutics.com\/ca\/#organization"},"image":{"@id":"https:\/\/www.ecoceutics.com\/ca\/respostes-de-salut\/bellesa-i-cura-personal\/per-que-em-pica-el-cap\/#primaryimage"},"thumbnailUrl":"https:\/\/www.ecoceutics.com\/wp-content\/uploads\/2024\/05\/young-blonde-businessman-feeling-stressed-frustrated.jpg","articleSection":["Respostes de salut","Bellesa i cura personal"],"inLanguage":"ca","potentialAction":[{"@type":"CommentAction","name":"Comment","target":["https:\/\/www.ecoceutics.com\/ca\/respostes-de-salut\/bellesa-i-cura-personal\/per-que-em-pica-el-cap\/#respond"]}]},{"@type":"WebPage","@id":"https:\/\/www.ecoceutics.com\/ca\/respostes-de-salut\/bellesa-i-cura-personal\/per-que-em-pica-el-cap\/","url":"https:\/\/www.ecoceutics.com\/ca\/respostes-de-salut\/bellesa-i-cura-personal\/per-que-em-pica-el-cap\/","name":"Per qu\u00e8 em pica el cap? Causes i tractaments | Ecoceutics","isPartOf":{"@id":"https:\/\/www.ecoceutics.com\/ca\/#website"},"primaryImageOfPage":{"@id":"https:\/\/www.ecoceutics.com\/ca\/respostes-de-salut\/bellesa-i-cura-personal\/per-que-em-pica-el-cap\/#primaryimage"},"image":{"@id":"https:\/\/www.ecoceutics.com\/ca\/respostes-de-salut\/bellesa-i-cura-personal\/per-que-em-pica-el-cap\/#primaryimage"},"thumbnailUrl":"https:\/\/www.ecoceutics.com\/wp-content\/uploads\/2024\/05\/young-blonde-businessman-feeling-stressed-frustrated.jpg","datePublished":"2024-05-21T16:25:41+00:00","dateModified":"2024-10-22T08:38:14+00:00","description":"Coneix quines s\u00f3n les causes de la picor de cap o cuir cabellut i possibles tractaments per a alleujar-lo. Descobreix-ho en l'article","breadcrumb":{"@id":"https:\/\/www.ecoceutics.com\/ca\/respostes-de-salut\/bellesa-i-cura-personal\/per-que-em-pica-el-cap\/#breadcrumb"},"inLanguage":"ca","potentialAction":[{"@type":"ReadAction","target":["https:\/\/www.ecoceutics.com\/ca\/respostes-de-salut\/bellesa-i-cura-personal\/per-que-em-pica-el-cap\/"]}]},{"@type":"ImageObject","inLanguage":"ca","@id":"https:\/\/www.ecoceutics.com\/ca\/respostes-de-salut\/bellesa-i-cura-personal\/per-que-em-pica-el-cap\/#primaryimage","url":"https:\/\/www.ecoceutics.com\/wp-content\/uploads\/2024\/05\/young-blonde-businessman-feeling-stressed-frustrated.jpg","contentUrl":"https:\/\/www.ecoceutics.com\/wp-content\/uploads\/2024\/05\/young-blonde-businessman-feeling-stressed-frustrated.jpg","width":2600,"height":1733,"caption":"young blonde businessman feeling stressed and frustrated, raising hands to head, feeling tired, unhappy and with migraine"},{"@type":"BreadcrumbList","@id":"https:\/\/www.ecoceutics.com\/ca\/respostes-de-salut\/bellesa-i-cura-personal\/per-que-em-pica-el-cap\/#breadcrumb","itemListElement":[{"@type":"ListItem","position":1,"name":"Portada","item":"https:\/\/www.ecoceutics.com\/ca\/"},{"@type":"ListItem","position":2,"name":"Per qu\u00e8 em pica el cap?"}]},{"@type":"WebSite","@id":"https:\/\/www.ecoceutics.com\/ca\/#website","url":"https:\/\/www.ecoceutics.com\/ca\/","name":"ecoceutics","description":"Primera red de farmacias independientes bajo una marca","publisher":{"@id":"https:\/\/www.ecoceutics.com\/ca\/#organization"},"potentialAction":[{"@type":"SearchAction","target":{"@type":"EntryPoint","urlTemplate":"https:\/\/www.ecoceutics.com\/ca\/?s={search_term_string}"},"query-input":{"@type":"PropertyValueSpecification","valueRequired":true,"valueName":"search_term_string"}}],"inLanguage":"ca"},{"@type":"Organization","@id":"https:\/\/www.ecoceutics.com\/ca\/#organization","name":"Ecoceutics","url":"https:\/\/www.ecoceutics.com\/ca\/","logo":{"@type":"ImageObject","inLanguage":"ca","@id":"https:\/\/www.ecoceutics.com\/ca\/#\/schema\/logo\/image\/","url":"https:\/\/www.ecoceutics.com\/wp-content\/uploads\/2022\/02\/Logo-Ecoceutics-SVG-01-1.svg","contentUrl":"https:\/\/www.ecoceutics.com\/wp-content\/uploads\/2022\/02\/Logo-Ecoceutics-SVG-01-1.svg","width":232,"height":68,"caption":"Ecoceutics"},"image":{"@id":"https:\/\/www.ecoceutics.com\/ca\/#\/schema\/logo\/image\/"}},{"@type":"Person","@id":"https:\/\/www.ecoceutics.com\/ca\/#\/schema\/person\/1ea99343a86784e00a52c8744dfc7d83","name":"Lorena Crosa","image":{"@type":"ImageObject","inLanguage":"ca","@id":"https:\/\/www.ecoceutics.com\/wp-content\/uploads\/2024\/03\/Lorena-Crosa-100x100.jpg","url":"https:\/\/www.ecoceutics.com\/wp-content\/uploads\/2024\/03\/Lorena-Crosa-100x100.jpg","contentUrl":"https:\/\/www.ecoceutics.com\/wp-content\/uploads\/2024\/03\/Lorena-Crosa-100x100.jpg","caption":"Lorena Crosa"}}]}},"_links":{"self":[{"href":"https:\/\/www.ecoceutics.com\/ca\/wp-json\/wp\/v2\/posts\/33980","targetHints":{"allow":["GET"]}}],"collection":[{"href":"https:\/\/www.ecoceutics.com\/ca\/wp-json\/wp\/v2\/posts"}],"about":[{"href":"https:\/\/www.ecoceutics.com\/ca\/wp-json\/wp\/v2\/types\/post"}],"author":[{"embeddable":true,"href":"https:\/\/www.ecoceutics.com\/ca\/wp-json\/wp\/v2\/users\/4"}],"replies":[{"embeddable":true,"href":"https:\/\/www.ecoceutics.com\/ca\/wp-json\/wp\/v2\/comments?post=33980"}],"version-history":[{"count":0,"href":"https:\/\/www.ecoceutics.com\/ca\/wp-json\/wp\/v2\/posts\/33980\/revisions"}],"wp:featuredmedia":[{"embeddable":true,"href":"https:\/\/www.ecoceutics.com\/ca\/wp-json\/wp\/v2\/media\/33976"}],"wp:attachment":[{"href":"https:\/\/www.ecoceutics.com\/ca\/wp-json\/wp\/v2\/media?parent=33980"}],"wp:term":[{"taxonomy":"category","embeddable":true,"href":"https:\/\/www.ecoceutics.com\/ca\/wp-json\/wp\/v2\/categories?post=33980"},{"taxonomy":"post_tag","embeddable":true,"href":"https:\/\/www.ecoceutics.com\/ca\/wp-json\/wp\/v2\/tags?post=33980"}],"curies":[{"name":"wp","href":"https:\/\/api.w.org\/{rel}","templated":true}]}}