{"id":34443,"date":"2024-09-12T14:04:40","date_gmt":"2024-09-12T12:04:40","guid":{"rendered":"https:\/\/www.ecoceutics.com\/?p=34443"},"modified":"2024-10-28T16:35:16","modified_gmt":"2024-10-28T15:35:16","slug":"febre-en-nadons","status":"publish","type":"post","link":"https:\/\/www.ecoceutics.com\/ca\/respostes-de-salut\/embaras-i-nadons\/febre-en-nadons\/","title":{"rendered":"Febre en nadons"},"content":{"rendered":"<p>La febre \u00e9s l&#8217;augment de la temperatura corporal. \u00c9s un dels s\u00edmptomes m\u00e9s inespec\u00edfics que hi ha, ja que molts problemes de salut molt distints es presenten amb febre. La seva aparici\u00f3 sol estar relacionada amb una resposta natural de l&#8217;organisme a una infecci\u00f3. L&#8217;aparici\u00f3 de febre en els nadons sol ser causa de preocupaci\u00f3, per\u00f2 quan es considera que un nad\u00f3 t\u00e9 febre? Quan cal anar a urg\u00e8ncies per culpa de la febre? Vegem\u2026.<\/p>\n<div id=\"ez-toc-container\" class=\"ez-toc-v2_0_82_2 counter-hierarchy ez-toc-counter ez-toc-custom ez-toc-container-direction\">\n<div class=\"ez-toc-title-container\">\n<p class=\"ez-toc-title\" style=\"cursor:inherit\">Contenido de la p\u00e1gina<\/p>\n<span class=\"ez-toc-title-toggle\"><a href=\"#\" class=\"ez-toc-pull-right ez-toc-btn ez-toc-btn-xs ez-toc-btn-default ez-toc-toggle\" aria-label=\"Toggle Table of Content\"><span class=\"ez-toc-js-icon-con\"><span class=\"\"><span class=\"eztoc-hide\" style=\"display:none;\">Toggle<\/span><span class=\"ez-toc-icon-toggle-span\"><svg style=\"fill: #333333;color:#333333\" xmlns=\"http:\/\/www.w3.org\/2000\/svg\" class=\"list-377408\" width=\"20px\" height=\"20px\" viewBox=\"0 0 24 24\" fill=\"none\"><path d=\"M6 6H4v2h2V6zm14 0H8v2h12V6zM4 11h2v2H4v-2zm16 0H8v2h12v-2zM4 16h2v2H4v-2zm16 0H8v2h12v-2z\" fill=\"currentColor\"><\/path><\/svg><svg style=\"fill: #333333;color:#333333\" class=\"arrow-unsorted-368013\" xmlns=\"http:\/\/www.w3.org\/2000\/svg\" width=\"10px\" height=\"10px\" viewBox=\"0 0 24 24\" version=\"1.2\" baseProfile=\"tiny\"><path d=\"M18.2 9.3l-6.2-6.3-6.2 6.3c-.2.2-.3.4-.3.7s.1.5.3.7c.2.2.4.3.7.3h11c.3 0 .5-.1.7-.3.2-.2.3-.5.3-.7s-.1-.5-.3-.7zM5.8 14.7l6.2 6.3 6.2-6.3c.2-.2.3-.5.3-.7s-.1-.5-.3-.7c-.2-.2-.4-.3-.7-.3h-11c-.3 0-.5.1-.7.3-.2.2-.3.5-.3.7s.1.5.3.7z\"\/><\/svg><\/span><\/span><\/span><\/a><\/span><\/div>\n<nav><ul class='ez-toc-list ez-toc-list-level-1 ' ><li class='ez-toc-page-1 ez-toc-heading-level-2'><a class=\"ez-toc-link ez-toc-heading-1\" href=\"https:\/\/www.ecoceutics.com\/ca\/respostes-de-salut\/embaras-i-nadons\/febre-en-nadons\/#per-que-es-produeix-la-febre\" >Per qu\u00e8 es produeix la febre?<\/a><\/li><li class='ez-toc-page-1 ez-toc-heading-level-2'><a class=\"ez-toc-link ez-toc-heading-2\" href=\"https:\/\/www.ecoceutics.com\/ca\/respostes-de-salut\/embaras-i-nadons\/febre-en-nadons\/#quan-cal-veure-al-pediatre-per-una-febre\" >Quan cal veure al pediatre per una febre?<\/a><\/li><li class='ez-toc-page-1 ez-toc-heading-level-2'><a class=\"ez-toc-link ez-toc-heading-3\" href=\"https:\/\/www.ecoceutics.com\/ca\/respostes-de-salut\/embaras-i-nadons\/febre-en-nadons\/#el-nado-te-febre-que-no-fer\" >El nad\u00f3 t\u00e9 febre: qu\u00e8 NO fer?<\/a><\/li><\/ul><\/nav><\/div>\n<h2><span class=\"ez-toc-section\" id=\"per-que-es-produeix-la-febre\"><\/span>Per qu\u00e8 es produeix la febre?<span class=\"ez-toc-section-end\"><\/span><\/h2>\n<p>La febre t\u00e9 dues utilitats importants:<\/p>\n<ul>\n<li>Evita que els pat\u00f2gens es reprodueixin. Per a virus, bacteris o altres agents infecciosos, el nostre cos \u00e9s m\u00e9s acollidor a temperatura normal que quan el cos est\u00e0 febr\u00f3s.<\/li>\n<li>\u201cActiven\u201d processos del sistema immune que funcionen a una temperatura corporal major que la normal. Una mostra d&#8217;aix\u00f2 \u00e9s la febre o febr\u00edcula que apareix despr\u00e9s de vacunar als nadons.<\/li>\n<\/ul>\n<p>Encara que existeix la idea que a la febre \u201ccal baixar-la\u201d, en realitat avui sabem que la febre pot ser beneficiosa i no sempre \u00e9s necessari baixar-la: ser\u00e0 la febre la que optimitzi el treball del sistema immune. De fet, hi ha estudis que indiquen que baixar-li la febre als nens, pel solo fet de baixar-la, pot allargar alguns processos infecciosos. La febre s\u00ed que ha de ser controlada en aquells casos en els quals els nens tinguin problemes per a tolerar els canvis generats per la febre o quan la febre provoqui convulsions.<\/p>\n<h2><span class=\"ez-toc-section\" id=\"quan-cal-veure-al-pediatre-per-una-febre\"><\/span>Quan cal veure al pediatre per una febre?<span class=\"ez-toc-section-end\"><\/span><\/h2>\n<p>Considerarem que hi ha febre quan la temperatura corporal supera els 38 \u00b0C mesurats per via rectal (la temperatura rectal \u00e9s la forma preferida en els nadons). Per sota dels 38 graus es considera febr\u00edcula i no sol ser motiu de preocupaci\u00f3, particularment si no hi ha altres s\u00edmptomes que acompanyin la febre.<\/p>\n<p>Cal dirigir-se al pediatre de manera urgent en aquests casos:<\/p>\n<ul>\n<li>Febre que supera els 38 \u00b0C i el nad\u00f3 \u00e9s menor de tres mesos (nounats).<\/li>\n<li>Febre que supera els 40,5 \u00b0C en nadons majors de tres mesos.<\/li>\n<li>Febre entre els 39-40.5 \u00b0C amb un o diversos d&#8217;aquests s\u00edmptomes associats: v\u00f2mits o diarrees que duren m\u00e9s de 24\u00a0hs, problemes respiratoris, taques en la pell que no desapareixen en pressionar, marejos, poca for\u00e7a, canvi de car\u00e0cter.<br \/>\nSi t\u00e9 convulsions per primera vegada. Si el pediatre l&#8217;ha visitat anteriorment per convulsions febrils i ha dit qu\u00e8 fer i quant esperar, seguirem les instruccions del pediatre.<\/li>\n<\/ul>\n<p>Ara b\u00e9, hi ha episodis de febre en els quals es pot demanar cita pr\u00e8via amb el pediatre de cap\u00e7alera en comptes d&#8217;acudir a urg\u00e8ncies:<\/p>\n<ul>\n<li>febre que supera els 39 \u00b0C en nadons entre 3-24 mesos i que es presenta sense altres s\u00edmptomes d&#8217;alarma<\/li>\n<li>febre que supera els 38 \u00b0C en nadons majors de 3 mesos i que no remet en 5 dies.<\/li>\n<\/ul>\n<p>\u00c9s possible que un nad\u00f3 d&#8217;un any tingui 38 \u00b0C durant diversos dies i no necessiti atenci\u00f3 m\u00e8dica urgent? S\u00ed, \u00e9s possible, ja que la temperatura corporal dels nadons varia molt segons l&#8217;edat que tinguin i fins i tot segons l&#8217;hora del dia, podent arribar f\u00e0cilment a pics de 38 \u00b0C sense que el nen es vegi afectat.<\/p>\n<h2><span class=\"ez-toc-section\" id=\"el-nado-te-febre-que-no-fer\"><\/span>El nad\u00f3 t\u00e9 febre: qu\u00e8 NO fer?<span class=\"ez-toc-section-end\"><\/span><\/h2>\n<p>Algunes mesures que s\u00f3n \u201cde tota la vida\u201d per\u00f2 que ja han deixat de recomanar-se s\u00f3n:<\/p>\n<ul>\n<li>Compreses molt fredes o banys freds. Per la comoditat del nen i pel risc d&#8217;hipot\u00e8rmia, si ens \u201cpassem\u201d amb l&#8217;aigua freda, avui es recomana utilitzar aigua temperada o fresca per a mantenir al nen c\u00f2mode.<\/li>\n<li>Medicar al nen per a baixar la febre com a primera opci\u00f3 de tractament. Si el nen no es troba malament i no estem en una situaci\u00f3 que requereixi un pediatre d&#8217;urg\u00e8ncia, es pot deixar que la temperatura evolucioni per si sola. Aix\u00f2 s\u00ed, cal monitorar la seva evoluci\u00f3.<\/li>\n<li>Alternar paracetamol i ibuprofeno de manera indiscriminada. L&#8217;evid\u00e8ncia cient\u00edfica indica que no hi ha millors resultats per alternar dos medicaments, tractar amb un sol medicament. En canvi, s\u00ed que podr\u00edem sumar efectes adversos. Tamb\u00e9 \u00e9s m\u00e9s f\u00e0cil confondre la dosi, particularment si combinem els antipir\u00e8tics amb altres medicaments com a antibi\u00f2tics, xarops per a la tos, etc.<\/li>\n<\/ul>\n<p>Si el teu nen t\u00e9 febre i no tens clar com procedir, pots consultar el cas en la teva farm\u00e0cia de confian\u00e7a, d&#8217;aquesta manera evitem empitjorar la situaci\u00f3. All\u00ed sabran orientar-te, donant-te la seguretat que \u00e9s necessari cridar al pediatre o donant-te la confian\u00e7a per a esperar una mica m\u00e9s.<\/p>\n","protected":false},"excerpt":{"rendered":"<p>La febre \u00e9s l&#8217;augment de la temperatura corporal. \u00c9s un dels s\u00edmptomes m\u00e9s inespec\u00edfics que hi ha, ja que molts problemes de salut molt distints es presenten amb febre. La seva aparici\u00f3 sol estar relacionada amb una resposta natural de l&#8217;organisme a una infecci\u00f3. L&#8217;aparici\u00f3 de febre en els nadons sol ser causa de preocupaci\u00f3, [&hellip;]<\/p>\n","protected":false},"author":4,"featured_media":34439,"comment_status":"open","ping_status":"open","sticky":false,"template":"","format":"standard","meta":{"_acf_changed":false,"inline_featured_image":false,"_mbp_gutenberg_autopost":false,"footnotes":""},"categories":[4,58],"tags":[],"class_list":["post-34443","post","type-post","status-publish","format-standard","has-post-thumbnail","hentry","category-respostes-de-salut","category-embaras-i-nadons"],"acf":[],"yoast_head":"<!-- This site is optimized with the Yoast SEO plugin v27.5 - https:\/\/yoast.com\/product\/yoast-seo-wordpress\/ -->\n<title>Febre en nadons: qu\u00e8 fer i qu\u00e8 NO fer | Ecoceutics<\/title>\n<meta name=\"description\" content=\"L&#039;aparici\u00f3 de febre en els nadons sol ser causa de preocupaci\u00f3, per\u00f2 quan es considera que un nad\u00f3 t\u00e9 febre, i qu\u00e8 fer quan es presenta?\" \/>\n<meta name=\"robots\" content=\"index, follow, max-snippet:-1, max-image-preview:large, max-video-preview:-1\" \/>\n<link rel=\"canonical\" href=\"https:\/\/www.ecoceutics.com\/ca\/respostes-de-salut\/embaras-i-nadons\/febre-en-nadons\/\" \/>\n<meta property=\"og:locale\" content=\"ca_ES\" \/>\n<meta property=\"og:type\" content=\"article\" \/>\n<meta property=\"og:title\" content=\"Febre en nadons: qu\u00e8 fer i qu\u00e8 NO fer | Ecoceutics\" \/>\n<meta property=\"og:description\" content=\"L&#039;aparici\u00f3 de febre en els nadons sol ser causa de preocupaci\u00f3, per\u00f2 quan es considera que un nad\u00f3 t\u00e9 febre, i qu\u00e8 fer quan es presenta?\" \/>\n<meta property=\"og:url\" content=\"https:\/\/www.ecoceutics.com\/ca\/respostes-de-salut\/embaras-i-nadons\/febre-en-nadons\/\" \/>\n<meta property=\"og:site_name\" content=\"ecoceutics\" \/>\n<meta property=\"article:published_time\" content=\"2024-09-12T12:04:40+00:00\" \/>\n<meta property=\"article:modified_time\" content=\"2024-10-28T15:35:16+00:00\" \/>\n<meta property=\"og:image\" content=\"https:\/\/www.ecoceutics.com\/wp-content\/uploads\/2024\/09\/mother-s-hand-touches-nose-newborn-baby.jpg\" \/>\n\t<meta property=\"og:image:width\" content=\"2600\" \/>\n\t<meta property=\"og:image:height\" content=\"1730\" \/>\n\t<meta property=\"og:image:type\" content=\"image\/jpeg\" \/>\n<meta name=\"author\" content=\"Lorena Crosa\" \/>\n<meta name=\"twitter:card\" content=\"summary_large_image\" \/>\n<meta name=\"twitter:label1\" content=\"Escrit per\" \/>\n\t<meta name=\"twitter:data1\" content=\"Lorena Crosa\" \/>\n\t<meta name=\"twitter:label2\" content=\"Temps estimat de lectura\" \/>\n\t<meta name=\"twitter:data2\" content=\"4 minuts\" \/>\n<script type=\"application\/ld+json\" class=\"yoast-schema-graph\">{\"@context\":\"https:\\\/\\\/schema.org\",\"@graph\":[{\"@type\":\"Article\",\"@id\":\"https:\\\/\\\/www.ecoceutics.com\\\/ca\\\/respostes-de-salut\\\/embaras-i-nadons\\\/febre-en-nadons\\\/#article\",\"isPartOf\":{\"@id\":\"https:\\\/\\\/www.ecoceutics.com\\\/ca\\\/respostes-de-salut\\\/embaras-i-nadons\\\/febre-en-nadons\\\/\"},\"author\":{\"name\":\"Lorena Crosa\",\"@id\":\"https:\\\/\\\/www.ecoceutics.com\\\/ca\\\/#\\\/schema\\\/person\\\/1ea99343a86784e00a52c8744dfc7d83\"},\"headline\":\"Febre en nadons\",\"datePublished\":\"2024-09-12T12:04:40+00:00\",\"dateModified\":\"2024-10-28T15:35:16+00:00\",\"mainEntityOfPage\":{\"@id\":\"https:\\\/\\\/www.ecoceutics.com\\\/ca\\\/respostes-de-salut\\\/embaras-i-nadons\\\/febre-en-nadons\\\/\"},\"wordCount\":785,\"commentCount\":0,\"publisher\":{\"@id\":\"https:\\\/\\\/www.ecoceutics.com\\\/ca\\\/#organization\"},\"image\":{\"@id\":\"https:\\\/\\\/www.ecoceutics.com\\\/ca\\\/respostes-de-salut\\\/embaras-i-nadons\\\/febre-en-nadons\\\/#primaryimage\"},\"thumbnailUrl\":\"https:\\\/\\\/www.ecoceutics.com\\\/wp-content\\\/uploads\\\/2024\\\/09\\\/mother-s-hand-touches-nose-newborn-baby.jpg\",\"articleSection\":[\"Respostes de salut\",\"Embar\u00e0s i nadons\"],\"inLanguage\":\"ca\",\"potentialAction\":[{\"@type\":\"CommentAction\",\"name\":\"Comment\",\"target\":[\"https:\\\/\\\/www.ecoceutics.com\\\/ca\\\/respostes-de-salut\\\/embaras-i-nadons\\\/febre-en-nadons\\\/#respond\"]}]},{\"@type\":\"WebPage\",\"@id\":\"https:\\\/\\\/www.ecoceutics.com\\\/ca\\\/respostes-de-salut\\\/embaras-i-nadons\\\/febre-en-nadons\\\/\",\"url\":\"https:\\\/\\\/www.ecoceutics.com\\\/ca\\\/respostes-de-salut\\\/embaras-i-nadons\\\/febre-en-nadons\\\/\",\"name\":\"Febre en nadons: qu\u00e8 fer i qu\u00e8 NO fer | Ecoceutics\",\"isPartOf\":{\"@id\":\"https:\\\/\\\/www.ecoceutics.com\\\/ca\\\/#website\"},\"primaryImageOfPage\":{\"@id\":\"https:\\\/\\\/www.ecoceutics.com\\\/ca\\\/respostes-de-salut\\\/embaras-i-nadons\\\/febre-en-nadons\\\/#primaryimage\"},\"image\":{\"@id\":\"https:\\\/\\\/www.ecoceutics.com\\\/ca\\\/respostes-de-salut\\\/embaras-i-nadons\\\/febre-en-nadons\\\/#primaryimage\"},\"thumbnailUrl\":\"https:\\\/\\\/www.ecoceutics.com\\\/wp-content\\\/uploads\\\/2024\\\/09\\\/mother-s-hand-touches-nose-newborn-baby.jpg\",\"datePublished\":\"2024-09-12T12:04:40+00:00\",\"dateModified\":\"2024-10-28T15:35:16+00:00\",\"description\":\"L'aparici\u00f3 de febre en els nadons sol ser causa de preocupaci\u00f3, per\u00f2 quan es considera que un nad\u00f3 t\u00e9 febre, i qu\u00e8 fer quan es presenta?\",\"breadcrumb\":{\"@id\":\"https:\\\/\\\/www.ecoceutics.com\\\/ca\\\/respostes-de-salut\\\/embaras-i-nadons\\\/febre-en-nadons\\\/#breadcrumb\"},\"inLanguage\":\"ca\",\"potentialAction\":[{\"@type\":\"ReadAction\",\"target\":[\"https:\\\/\\\/www.ecoceutics.com\\\/ca\\\/respostes-de-salut\\\/embaras-i-nadons\\\/febre-en-nadons\\\/\"]}]},{\"@type\":\"ImageObject\",\"inLanguage\":\"ca\",\"@id\":\"https:\\\/\\\/www.ecoceutics.com\\\/ca\\\/respostes-de-salut\\\/embaras-i-nadons\\\/febre-en-nadons\\\/#primaryimage\",\"url\":\"https:\\\/\\\/www.ecoceutics.com\\\/wp-content\\\/uploads\\\/2024\\\/09\\\/mother-s-hand-touches-nose-newborn-baby.jpg\",\"contentUrl\":\"https:\\\/\\\/www.ecoceutics.com\\\/wp-content\\\/uploads\\\/2024\\\/09\\\/mother-s-hand-touches-nose-newborn-baby.jpg\",\"width\":2600,\"height\":1730,\"caption\":\"The mother's hand touches the nose of the newborn baby.\"},{\"@type\":\"BreadcrumbList\",\"@id\":\"https:\\\/\\\/www.ecoceutics.com\\\/ca\\\/respostes-de-salut\\\/embaras-i-nadons\\\/febre-en-nadons\\\/#breadcrumb\",\"itemListElement\":[{\"@type\":\"ListItem\",\"position\":1,\"name\":\"Portada\",\"item\":\"https:\\\/\\\/www.ecoceutics.com\\\/ca\\\/\"},{\"@type\":\"ListItem\",\"position\":2,\"name\":\"Febre en nadons\"}]},{\"@type\":\"WebSite\",\"@id\":\"https:\\\/\\\/www.ecoceutics.com\\\/ca\\\/#website\",\"url\":\"https:\\\/\\\/www.ecoceutics.com\\\/ca\\\/\",\"name\":\"ecoceutics\",\"description\":\"Primera red de farmacias independientes bajo una marca\",\"publisher\":{\"@id\":\"https:\\\/\\\/www.ecoceutics.com\\\/ca\\\/#organization\"},\"potentialAction\":[{\"@type\":\"SearchAction\",\"target\":{\"@type\":\"EntryPoint\",\"urlTemplate\":\"https:\\\/\\\/www.ecoceutics.com\\\/ca\\\/?s={search_term_string}\"},\"query-input\":{\"@type\":\"PropertyValueSpecification\",\"valueRequired\":true,\"valueName\":\"search_term_string\"}}],\"inLanguage\":\"ca\"},{\"@type\":\"Organization\",\"@id\":\"https:\\\/\\\/www.ecoceutics.com\\\/ca\\\/#organization\",\"name\":\"Ecoceutics\",\"url\":\"https:\\\/\\\/www.ecoceutics.com\\\/ca\\\/\",\"logo\":{\"@type\":\"ImageObject\",\"inLanguage\":\"ca\",\"@id\":\"https:\\\/\\\/www.ecoceutics.com\\\/ca\\\/#\\\/schema\\\/logo\\\/image\\\/\",\"url\":\"https:\\\/\\\/www.ecoceutics.com\\\/wp-content\\\/uploads\\\/2022\\\/02\\\/Logo-Ecoceutics-SVG-01-1.svg\",\"contentUrl\":\"https:\\\/\\\/www.ecoceutics.com\\\/wp-content\\\/uploads\\\/2022\\\/02\\\/Logo-Ecoceutics-SVG-01-1.svg\",\"width\":232,\"height\":68,\"caption\":\"Ecoceutics\"},\"image\":{\"@id\":\"https:\\\/\\\/www.ecoceutics.com\\\/ca\\\/#\\\/schema\\\/logo\\\/image\\\/\"}},{\"@type\":\"Person\",\"@id\":\"https:\\\/\\\/www.ecoceutics.com\\\/ca\\\/#\\\/schema\\\/person\\\/1ea99343a86784e00a52c8744dfc7d83\",\"name\":\"Lorena Crosa\",\"image\":{\"@type\":\"ImageObject\",\"inLanguage\":\"ca\",\"@id\":\"https:\\\/\\\/www.ecoceutics.com\\\/wp-content\\\/uploads\\\/2024\\\/03\\\/Lorena-Crosa-100x100.jpg\",\"url\":\"https:\\\/\\\/www.ecoceutics.com\\\/wp-content\\\/uploads\\\/2024\\\/03\\\/Lorena-Crosa-100x100.jpg\",\"contentUrl\":\"https:\\\/\\\/www.ecoceutics.com\\\/wp-content\\\/uploads\\\/2024\\\/03\\\/Lorena-Crosa-100x100.jpg\",\"caption\":\"Lorena Crosa\"}}]}<\/script>\n<!-- \/ Yoast SEO plugin. -->","yoast_head_json":{"title":"Febre en nadons: qu\u00e8 fer i qu\u00e8 NO fer | Ecoceutics","description":"L'aparici\u00f3 de febre en els nadons sol ser causa de preocupaci\u00f3, per\u00f2 quan es considera que un nad\u00f3 t\u00e9 febre, i qu\u00e8 fer quan es presenta?","robots":{"index":"index","follow":"follow","max-snippet":"max-snippet:-1","max-image-preview":"max-image-preview:large","max-video-preview":"max-video-preview:-1"},"canonical":"https:\/\/www.ecoceutics.com\/ca\/respostes-de-salut\/embaras-i-nadons\/febre-en-nadons\/","og_locale":"ca_ES","og_type":"article","og_title":"Febre en nadons: qu\u00e8 fer i qu\u00e8 NO fer | Ecoceutics","og_description":"L'aparici\u00f3 de febre en els nadons sol ser causa de preocupaci\u00f3, per\u00f2 quan es considera que un nad\u00f3 t\u00e9 febre, i qu\u00e8 fer quan es presenta?","og_url":"https:\/\/www.ecoceutics.com\/ca\/respostes-de-salut\/embaras-i-nadons\/febre-en-nadons\/","og_site_name":"ecoceutics","article_published_time":"2024-09-12T12:04:40+00:00","article_modified_time":"2024-10-28T15:35:16+00:00","og_image":[{"width":2600,"height":1730,"url":"https:\/\/www.ecoceutics.com\/wp-content\/uploads\/2024\/09\/mother-s-hand-touches-nose-newborn-baby.jpg","type":"image\/jpeg"}],"author":"Lorena Crosa","twitter_card":"summary_large_image","twitter_misc":{"Escrit per":"Lorena Crosa","Temps estimat de lectura":"4 minuts"},"schema":{"@context":"https:\/\/schema.org","@graph":[{"@type":"Article","@id":"https:\/\/www.ecoceutics.com\/ca\/respostes-de-salut\/embaras-i-nadons\/febre-en-nadons\/#article","isPartOf":{"@id":"https:\/\/www.ecoceutics.com\/ca\/respostes-de-salut\/embaras-i-nadons\/febre-en-nadons\/"},"author":{"name":"Lorena Crosa","@id":"https:\/\/www.ecoceutics.com\/ca\/#\/schema\/person\/1ea99343a86784e00a52c8744dfc7d83"},"headline":"Febre en nadons","datePublished":"2024-09-12T12:04:40+00:00","dateModified":"2024-10-28T15:35:16+00:00","mainEntityOfPage":{"@id":"https:\/\/www.ecoceutics.com\/ca\/respostes-de-salut\/embaras-i-nadons\/febre-en-nadons\/"},"wordCount":785,"commentCount":0,"publisher":{"@id":"https:\/\/www.ecoceutics.com\/ca\/#organization"},"image":{"@id":"https:\/\/www.ecoceutics.com\/ca\/respostes-de-salut\/embaras-i-nadons\/febre-en-nadons\/#primaryimage"},"thumbnailUrl":"https:\/\/www.ecoceutics.com\/wp-content\/uploads\/2024\/09\/mother-s-hand-touches-nose-newborn-baby.jpg","articleSection":["Respostes de salut","Embar\u00e0s i nadons"],"inLanguage":"ca","potentialAction":[{"@type":"CommentAction","name":"Comment","target":["https:\/\/www.ecoceutics.com\/ca\/respostes-de-salut\/embaras-i-nadons\/febre-en-nadons\/#respond"]}]},{"@type":"WebPage","@id":"https:\/\/www.ecoceutics.com\/ca\/respostes-de-salut\/embaras-i-nadons\/febre-en-nadons\/","url":"https:\/\/www.ecoceutics.com\/ca\/respostes-de-salut\/embaras-i-nadons\/febre-en-nadons\/","name":"Febre en nadons: qu\u00e8 fer i qu\u00e8 NO fer | Ecoceutics","isPartOf":{"@id":"https:\/\/www.ecoceutics.com\/ca\/#website"},"primaryImageOfPage":{"@id":"https:\/\/www.ecoceutics.com\/ca\/respostes-de-salut\/embaras-i-nadons\/febre-en-nadons\/#primaryimage"},"image":{"@id":"https:\/\/www.ecoceutics.com\/ca\/respostes-de-salut\/embaras-i-nadons\/febre-en-nadons\/#primaryimage"},"thumbnailUrl":"https:\/\/www.ecoceutics.com\/wp-content\/uploads\/2024\/09\/mother-s-hand-touches-nose-newborn-baby.jpg","datePublished":"2024-09-12T12:04:40+00:00","dateModified":"2024-10-28T15:35:16+00:00","description":"L'aparici\u00f3 de febre en els nadons sol ser causa de preocupaci\u00f3, per\u00f2 quan es considera que un nad\u00f3 t\u00e9 febre, i qu\u00e8 fer quan es presenta?","breadcrumb":{"@id":"https:\/\/www.ecoceutics.com\/ca\/respostes-de-salut\/embaras-i-nadons\/febre-en-nadons\/#breadcrumb"},"inLanguage":"ca","potentialAction":[{"@type":"ReadAction","target":["https:\/\/www.ecoceutics.com\/ca\/respostes-de-salut\/embaras-i-nadons\/febre-en-nadons\/"]}]},{"@type":"ImageObject","inLanguage":"ca","@id":"https:\/\/www.ecoceutics.com\/ca\/respostes-de-salut\/embaras-i-nadons\/febre-en-nadons\/#primaryimage","url":"https:\/\/www.ecoceutics.com\/wp-content\/uploads\/2024\/09\/mother-s-hand-touches-nose-newborn-baby.jpg","contentUrl":"https:\/\/www.ecoceutics.com\/wp-content\/uploads\/2024\/09\/mother-s-hand-touches-nose-newborn-baby.jpg","width":2600,"height":1730,"caption":"The mother's hand touches the nose of the newborn baby."},{"@type":"BreadcrumbList","@id":"https:\/\/www.ecoceutics.com\/ca\/respostes-de-salut\/embaras-i-nadons\/febre-en-nadons\/#breadcrumb","itemListElement":[{"@type":"ListItem","position":1,"name":"Portada","item":"https:\/\/www.ecoceutics.com\/ca\/"},{"@type":"ListItem","position":2,"name":"Febre en nadons"}]},{"@type":"WebSite","@id":"https:\/\/www.ecoceutics.com\/ca\/#website","url":"https:\/\/www.ecoceutics.com\/ca\/","name":"ecoceutics","description":"Primera red de farmacias independientes bajo una marca","publisher":{"@id":"https:\/\/www.ecoceutics.com\/ca\/#organization"},"potentialAction":[{"@type":"SearchAction","target":{"@type":"EntryPoint","urlTemplate":"https:\/\/www.ecoceutics.com\/ca\/?s={search_term_string}"},"query-input":{"@type":"PropertyValueSpecification","valueRequired":true,"valueName":"search_term_string"}}],"inLanguage":"ca"},{"@type":"Organization","@id":"https:\/\/www.ecoceutics.com\/ca\/#organization","name":"Ecoceutics","url":"https:\/\/www.ecoceutics.com\/ca\/","logo":{"@type":"ImageObject","inLanguage":"ca","@id":"https:\/\/www.ecoceutics.com\/ca\/#\/schema\/logo\/image\/","url":"https:\/\/www.ecoceutics.com\/wp-content\/uploads\/2022\/02\/Logo-Ecoceutics-SVG-01-1.svg","contentUrl":"https:\/\/www.ecoceutics.com\/wp-content\/uploads\/2022\/02\/Logo-Ecoceutics-SVG-01-1.svg","width":232,"height":68,"caption":"Ecoceutics"},"image":{"@id":"https:\/\/www.ecoceutics.com\/ca\/#\/schema\/logo\/image\/"}},{"@type":"Person","@id":"https:\/\/www.ecoceutics.com\/ca\/#\/schema\/person\/1ea99343a86784e00a52c8744dfc7d83","name":"Lorena Crosa","image":{"@type":"ImageObject","inLanguage":"ca","@id":"https:\/\/www.ecoceutics.com\/wp-content\/uploads\/2024\/03\/Lorena-Crosa-100x100.jpg","url":"https:\/\/www.ecoceutics.com\/wp-content\/uploads\/2024\/03\/Lorena-Crosa-100x100.jpg","contentUrl":"https:\/\/www.ecoceutics.com\/wp-content\/uploads\/2024\/03\/Lorena-Crosa-100x100.jpg","caption":"Lorena Crosa"}}]}},"_links":{"self":[{"href":"https:\/\/www.ecoceutics.com\/ca\/wp-json\/wp\/v2\/posts\/34443","targetHints":{"allow":["GET"]}}],"collection":[{"href":"https:\/\/www.ecoceutics.com\/ca\/wp-json\/wp\/v2\/posts"}],"about":[{"href":"https:\/\/www.ecoceutics.com\/ca\/wp-json\/wp\/v2\/types\/post"}],"author":[{"embeddable":true,"href":"https:\/\/www.ecoceutics.com\/ca\/wp-json\/wp\/v2\/users\/4"}],"replies":[{"embeddable":true,"href":"https:\/\/www.ecoceutics.com\/ca\/wp-json\/wp\/v2\/comments?post=34443"}],"version-history":[{"count":0,"href":"https:\/\/www.ecoceutics.com\/ca\/wp-json\/wp\/v2\/posts\/34443\/revisions"}],"wp:featuredmedia":[{"embeddable":true,"href":"https:\/\/www.ecoceutics.com\/ca\/wp-json\/wp\/v2\/media\/34439"}],"wp:attachment":[{"href":"https:\/\/www.ecoceutics.com\/ca\/wp-json\/wp\/v2\/media?parent=34443"}],"wp:term":[{"taxonomy":"category","embeddable":true,"href":"https:\/\/www.ecoceutics.com\/ca\/wp-json\/wp\/v2\/categories?post=34443"},{"taxonomy":"post_tag","embeddable":true,"href":"https:\/\/www.ecoceutics.com\/ca\/wp-json\/wp\/v2\/tags?post=34443"}],"curies":[{"name":"wp","href":"https:\/\/api.w.org\/{rel}","templated":true}]}}