{"id":142,"count":17,"description":"<img class=\"alignnone wp-image-32953\" src=\"https:\/\/www.ecoceutics.com\/wp-content\/uploads\/2024\/03\/LOGOS-SIN-ECOVITAL-14-720x400.jpg\" alt=\"\" width=\"187\" height=\"104\" \/>\n\nSens, \u00e9s la marca de productes d\u2019higiene personal i hidrataci\u00f3 de venda exclusiva a les <a href=\"https:\/\/www.ecoceutics.com\/ca\/farmacies-ecoceutics\/\">farm\u00e0cies Ecoceutics de Catalunya<\/a>.\n\nLa formulaci\u00f3 de la gamma ha estat dissenyada i acuradament analitzada per diferents farmac\u00e8utics Ecoceutics, apassionats per \u00e0rees farmac\u00e8utiques com la formulaci\u00f3 magistral i la gal\u00e8nica (\u00e0rea de la farm\u00e0cia que s'ocupa de donar una forma i textura a una soluci\u00f3 farmac\u00e8utica creada).\n\nEl resultat de mesos d'an\u00e0lisi ha concl\u00f2s amb un conjunt de productes farmac\u00e8utics pensats per a tota mena de pells i cabells amb necessitats exigents d'higiene i d'hidrataci\u00f3. Ecovital Sens presenta refer\u00e8ncies pensades concretament per a afeccions dermatol\u00f2giques com la caspa seca i seborreica o la caiguda capil\u00b7lar. Tamb\u00e9 presenta productes aptes per a altres afeccions com la pell at\u00f2pica o la pell extra seca.\n\n<h2>Sens: descobreix els productes de cura personal de la marca Ecoceutics\n<\/h2>\nLa base de la formulaci\u00f3 de tota la marca Sens \u00e9s ingredients d'origen natural, amb propietats molt beneficioses per a la cura i la hidrataci\u00f3 de la pell i la dels cabells. Els percentatges ajustats de la formulaci\u00f3, revisats cont\u00ednuament, permeten focalitzar l'acci\u00f3 aconseguint un resultat r\u00e0pid. Tamb\u00e9 respecta les exig\u00e8ncies de la societat com evitar ingredients no desitjats a la formulaci\u00f3. Parlar\u00edem de compostos qu\u00edmics i sint\u00e8tics addicionals que tindrien un efecte contraproduent a la pell.\n\nGr\u00e0cies a tots els <a href=\"https:\/\/www.ecoceutics.com\/ca\/farmaceutic\/concepte-de-farmacia-ecoceutics\/\">farmac\u00e8utics Ecoceutics<\/a> que tenen un contacte directe di\u00e0riament amb les persones, ens permeten adaptar i actualitzar cada refer\u00e8ncia segons les demandes actuals.\n\nEl packaging opac t\u00e9 la voluntat d'evocar la tradici\u00f3 farmac\u00e8utica. A principis de la farm\u00e0cia, s'envasava en formats opacs per evitar possibles problemes d'oxidaci\u00f3 a causa de la llum solar. A m\u00e9s, cada producte es pot identificar de forma r\u00e0pida gr\u00e0cies a la numeraci\u00f3 que incorpora i permet con\u00e8ixer-ne el tret diferencial gr\u00e0cies a la informaci\u00f3 que contempla l\u2019etiqueta frontal.\n","link":"https:\/\/www.ecoceutics.com\/ca\/higiene-i-hidratacio\/","name":"Productes d&#039;higiene personal i hidrataci\u00f3","slug":"higiene-i-hidratacio","taxonomy":"product_cat","parent":0,"meta":[],"menu_order":0,"acf":[],"yoast_head":"<!-- This site is optimized with the Yoast SEO plugin v27.5 - https:\/\/yoast.com\/product\/yoast-seo-wordpress\/ -->\n<title>Productes d&#039;higiene i hidrataci\u00f3 | Sens | Ecoceutics<\/title>\n<meta name=\"description\" content=\"Descobreix la nostra marca Sens amb productes d&#039;higiene i hidrataci\u00f3 per a cara i cos. Cuida de la teva pell amb els productes d&#039;ecoceutics.\" \/>\n<meta name=\"robots\" content=\"index, follow, max-snippet:-1, max-image-preview:large, max-video-preview:-1\" \/>\n<link rel=\"canonical\" href=\"https:\/\/www.ecoceutics.com\/ca\/higiene-i-hidratacio\/\" \/>\n<meta property=\"og:locale\" content=\"ca_ES\" \/>\n<meta property=\"og:type\" content=\"article\" \/>\n<meta property=\"og:title\" content=\"Productes d&#039;higiene i hidrataci\u00f3 | Sens | Ecoceutics\" \/>\n<meta property=\"og:description\" content=\"Descobreix la nostra marca Sens amb productes d&#039;higiene i hidrataci\u00f3 per a cara i cos. Cuida de la teva pell amb els productes d&#039;ecoceutics.\" \/>\n<meta property=\"og:url\" content=\"https:\/\/www.ecoceutics.com\/ca\/higiene-i-hidratacio\/\" \/>\n<meta property=\"og:site_name\" content=\"ecoceutics\" \/>\n<meta property=\"og:image\" content=\"https:\/\/www.ecoceutics.com\/wp-content\/uploads\/2024\/03\/LOGOS-SIN-ECOVITAL-14.jpg\" \/>\n\t<meta property=\"og:image:width\" content=\"1913\" \/>\n\t<meta property=\"og:image:height\" content=\"1913\" \/>\n\t<meta property=\"og:image:type\" content=\"image\/jpeg\" \/>\n<meta name=\"twitter:card\" content=\"summary_large_image\" \/>\n<script type=\"application\/ld+json\" class=\"yoast-schema-graph\">{\"@context\":\"https:\\\/\\\/schema.org\",\"@graph\":[{\"@type\":\"CollectionPage\",\"@id\":\"https:\\\/\\\/www.ecoceutics.com\\\/ca\\\/higiene-i-hidratacio\\\/\",\"url\":\"https:\\\/\\\/www.ecoceutics.com\\\/ca\\\/higiene-i-hidratacio\\\/\",\"name\":\"Productes d'higiene i hidrataci\u00f3 | Sens | Ecoceutics\",\"isPartOf\":{\"@id\":\"https:\\\/\\\/www.ecoceutics.com\\\/ca\\\/#website\"},\"description\":\"Descobreix la nostra marca Sens amb productes d'higiene i hidrataci\u00f3 per a cara i cos. Cuida de la teva pell amb els productes d'ecoceutics.\",\"breadcrumb\":{\"@id\":\"https:\\\/\\\/www.ecoceutics.com\\\/ca\\\/higiene-i-hidratacio\\\/#breadcrumb\"},\"inLanguage\":\"ca\"},{\"@type\":\"BreadcrumbList\",\"@id\":\"https:\\\/\\\/www.ecoceutics.com\\\/ca\\\/higiene-i-hidratacio\\\/#breadcrumb\",\"itemListElement\":[{\"@type\":\"ListItem\",\"position\":1,\"name\":\"Portada\",\"item\":\"https:\\\/\\\/www.ecoceutics.com\\\/ca\\\/\"},{\"@type\":\"ListItem\",\"position\":2,\"name\":\"Productes d&#039;higiene personal i hidrataci\u00f3\"}]},{\"@type\":\"WebSite\",\"@id\":\"https:\\\/\\\/www.ecoceutics.com\\\/ca\\\/#website\",\"url\":\"https:\\\/\\\/www.ecoceutics.com\\\/ca\\\/\",\"name\":\"ecoceutics\",\"description\":\"Primera red de farmacias independientes bajo una marca\",\"publisher\":{\"@id\":\"https:\\\/\\\/www.ecoceutics.com\\\/ca\\\/#organization\"},\"potentialAction\":[{\"@type\":\"SearchAction\",\"target\":{\"@type\":\"EntryPoint\",\"urlTemplate\":\"https:\\\/\\\/www.ecoceutics.com\\\/ca\\\/?s={search_term_string}\"},\"query-input\":{\"@type\":\"PropertyValueSpecification\",\"valueRequired\":true,\"valueName\":\"search_term_string\"}}],\"inLanguage\":\"ca\"},{\"@type\":\"Organization\",\"@id\":\"https:\\\/\\\/www.ecoceutics.com\\\/ca\\\/#organization\",\"name\":\"Ecoceutics\",\"url\":\"https:\\\/\\\/www.ecoceutics.com\\\/ca\\\/\",\"logo\":{\"@type\":\"ImageObject\",\"inLanguage\":\"ca\",\"@id\":\"https:\\\/\\\/www.ecoceutics.com\\\/ca\\\/#\\\/schema\\\/logo\\\/image\\\/\",\"url\":\"https:\\\/\\\/www.ecoceutics.com\\\/wp-content\\\/uploads\\\/2022\\\/02\\\/Logo-Ecoceutics-SVG-01-1.svg\",\"contentUrl\":\"https:\\\/\\\/www.ecoceutics.com\\\/wp-content\\\/uploads\\\/2022\\\/02\\\/Logo-Ecoceutics-SVG-01-1.svg\",\"width\":232,\"height\":68,\"caption\":\"Ecoceutics\"},\"image\":{\"@id\":\"https:\\\/\\\/www.ecoceutics.com\\\/ca\\\/#\\\/schema\\\/logo\\\/image\\\/\"}}]}<\/script>\n<!-- \/ Yoast SEO plugin. -->","yoast_head_json":{"title":"Productes d'higiene i hidrataci\u00f3 | Sens | Ecoceutics","description":"Descobreix la nostra marca Sens amb productes d'higiene i hidrataci\u00f3 per a cara i cos. Cuida de la teva pell amb els productes d'ecoceutics.","robots":{"index":"index","follow":"follow","max-snippet":"max-snippet:-1","max-image-preview":"max-image-preview:large","max-video-preview":"max-video-preview:-1"},"canonical":"https:\/\/www.ecoceutics.com\/ca\/higiene-i-hidratacio\/","og_locale":"ca_ES","og_type":"article","og_title":"Productes d'higiene i hidrataci\u00f3 | Sens | Ecoceutics","og_description":"Descobreix la nostra marca Sens amb productes d'higiene i hidrataci\u00f3 per a cara i cos. Cuida de la teva pell amb els productes d'ecoceutics.","og_url":"https:\/\/www.ecoceutics.com\/ca\/higiene-i-hidratacio\/","og_site_name":"ecoceutics","og_image":[{"width":1913,"height":1913,"url":"https:\/\/www.ecoceutics.com\/wp-content\/uploads\/2024\/03\/LOGOS-SIN-ECOVITAL-14.jpg","type":"image\/jpeg"}],"twitter_card":"summary_large_image","schema":{"@context":"https:\/\/schema.org","@graph":[{"@type":"CollectionPage","@id":"https:\/\/www.ecoceutics.com\/ca\/higiene-i-hidratacio\/","url":"https:\/\/www.ecoceutics.com\/ca\/higiene-i-hidratacio\/","name":"Productes d'higiene i hidrataci\u00f3 | Sens | Ecoceutics","isPartOf":{"@id":"https:\/\/www.ecoceutics.com\/ca\/#website"},"description":"Descobreix la nostra marca Sens amb productes d'higiene i hidrataci\u00f3 per a cara i cos. Cuida de la teva pell amb els productes d'ecoceutics.","breadcrumb":{"@id":"https:\/\/www.ecoceutics.com\/ca\/higiene-i-hidratacio\/#breadcrumb"},"inLanguage":"ca"},{"@type":"BreadcrumbList","@id":"https:\/\/www.ecoceutics.com\/ca\/higiene-i-hidratacio\/#breadcrumb","itemListElement":[{"@type":"ListItem","position":1,"name":"Portada","item":"https:\/\/www.ecoceutics.com\/ca\/"},{"@type":"ListItem","position":2,"name":"Productes d&#039;higiene personal i hidrataci\u00f3"}]},{"@type":"WebSite","@id":"https:\/\/www.ecoceutics.com\/ca\/#website","url":"https:\/\/www.ecoceutics.com\/ca\/","name":"ecoceutics","description":"Primera red de farmacias independientes bajo una marca","publisher":{"@id":"https:\/\/www.ecoceutics.com\/ca\/#organization"},"potentialAction":[{"@type":"SearchAction","target":{"@type":"EntryPoint","urlTemplate":"https:\/\/www.ecoceutics.com\/ca\/?s={search_term_string}"},"query-input":{"@type":"PropertyValueSpecification","valueRequired":true,"valueName":"search_term_string"}}],"inLanguage":"ca"},{"@type":"Organization","@id":"https:\/\/www.ecoceutics.com\/ca\/#organization","name":"Ecoceutics","url":"https:\/\/www.ecoceutics.com\/ca\/","logo":{"@type":"ImageObject","inLanguage":"ca","@id":"https:\/\/www.ecoceutics.com\/ca\/#\/schema\/logo\/image\/","url":"https:\/\/www.ecoceutics.com\/wp-content\/uploads\/2022\/02\/Logo-Ecoceutics-SVG-01-1.svg","contentUrl":"https:\/\/www.ecoceutics.com\/wp-content\/uploads\/2022\/02\/Logo-Ecoceutics-SVG-01-1.svg","width":232,"height":68,"caption":"Ecoceutics"},"image":{"@id":"https:\/\/www.ecoceutics.com\/ca\/#\/schema\/logo\/image\/"}}]}},"_links":{"self":[{"href":"https:\/\/www.ecoceutics.com\/ca\/wp-json\/wp\/v2\/product_cat\/142","targetHints":{"allow":["GET"]}}],"collection":[{"href":"https:\/\/www.ecoceutics.com\/ca\/wp-json\/wp\/v2\/product_cat"}],"about":[{"href":"https:\/\/www.ecoceutics.com\/ca\/wp-json\/wp\/v2\/taxonomies\/product_cat"}],"wp:post_type":[{"href":"https:\/\/www.ecoceutics.com\/ca\/wp-json\/wp\/v2\/product?product_cat=142"}],"curies":[{"name":"wp","href":"https:\/\/api.w.org\/{rel}","templated":true}]}}